{"id":209874,"date":"2024-03-24T06:56:26","date_gmt":"2024-03-24T10:56:26","guid":{"rendered":"https:\/\/www.eldiario.net\/portal\/?p=209874"},"modified":"2024-03-24T06:56:26","modified_gmt":"2024-03-24T10:56:26","slug":"un-policia-y-tres-personas-mueren-en-hechos-de-transito","status":"publish","type":"post","link":"https:\/\/www.eldiario.net\/portal\/2024\/03\/24\/un-policia-y-tres-personas-mueren-en-hechos-de-transito\/","title":{"rendered":"Un polic\u00eda y tres personas mueren en hechos de tr\u00e1nsito"},"content":{"rendered":"<p>Un efectivo policial perdi\u00f3 la vida ayer en horas de la ma\u00f1ana luego de que pierda el control de su motocicleta en la zona Pampa de la Isla de Santa Cruz, dejando a su esposa en estado cr\u00edtico. En otro accidente de tr\u00e1nsito ocurrido al norte de Potos\u00ed, tres personas perdieron la vida cuando regresaban a su comunidad a ser censados, seg\u00fan confirm\u00f3 ayer la Polic\u00eda.<br \/>\nEl sargento de Polic\u00eda, Jos\u00e9 Jes\u00fas Prado, perdi\u00f3 la vida ayer cuando se dirig\u00eda con su esposa a cumplir sus labores asignadas en la capital cruce\u00f1a a bordo de su motocicleta.<br \/>\nEl comandante departamental de la Polic\u00eda, Erick Holgu\u00edn, explic\u00f3 que el motorizado se encunet\u00f3 en la v\u00eda y el uniformado perdi\u00f3 la vida. La mujer result\u00f3 gravemente herida y fue trasladada a un centro de salud con diagn\u00f3stico reservado, pues su estado es cr\u00edtico, seg\u00fan un reporte de Unitel.<br \/>\nLa autoridad policial descart\u00f3 que el fallecido haya estado en ebriedad, ya que una prueba de alcohol result\u00f3 ser negativa.<br \/>\nEn otro hecho de tr\u00e1nsito, tres personas fallecieron y dos resultaron heridas en un accidente ocurrido al norte de Potos\u00ed, cuando una familia que regresaba a su comunidad en el municipio de Pocoata, para ser censada, se embarranc\u00f3 en la carretera.<br \/>\nDos de los fallecidos tendr\u00edan 61 y 65 a\u00f1os, mientras que el tercer fallecido ser\u00eda un joven adolescente de 15 a\u00f1os, de acuerdo con un reporte de la red Erbol.<br \/>\nEl hecho ocurri\u00f3 el viernes en horas de la tarde por un posible exceso de velocidad, inform\u00f3 el director de Tr\u00e1nsito de Potos\u00ed, Jos\u00e9 Luis Assaf.<br \/>\nLos dos familiares heridos fueron evacuados al hospital Bracamonte y su estado de salud era estable. La autoridad agreg\u00f3 que este hecho es investigado para conocer la causa exacta del accidente. (Agencias)<\/p>\n","protected":false},"excerpt":{"rendered":"<p>Un efectivo policial perdi\u00f3 la vida ayer en horas de la ma\u00f1ana luego de que pierda el control de su motocicleta en la zona Pampa de la Isla de Santa Cruz, dejando a su esposa en estado cr\u00edtico. En otro accidente de tr\u00e1nsito ocurrido al norte de Potos\u00ed, tres personas perdieron la vida cuando regresaban [&hellip;]<\/p>\n","protected":false},"author":1,"featured_media":209875,"comment_status":"open","ping_status":"open","sticky":false,"template":"","format":"standard","meta":{"_acf_changed":false,"footnotes":""},"categories":[39],"tags":[],"class_list":["post-209874","post","type-post","status-publish","format-standard","has-post-thumbnail","category-sociedad"],"acf":{"antetitulo":"Hechos de tr\u00e1nsito"},"yoast_head":"<!-- This site is optimized with the Yoast SEO plugin v28.3 - https:\/\/yoast.com\/product\/yoast-seo-wordpress\/ -->\n<title>Un polic\u00eda y tres personas mueren en hechos de tr\u00e1nsito - El Diario - Bolivia<\/title>\n<meta name=\"robots\" content=\"index, follow, max-snippet:-1, max-image-preview:large, max-video-preview:-1\" \/>\n<link rel=\"canonical\" href=\"https:\/\/www.eldiario.net\/portal\/2024\/03\/24\/un-policia-y-tres-personas-mueren-en-hechos-de-transito\/\" \/>\n<meta property=\"og:locale\" content=\"es_ES\" \/>\n<meta property=\"og:type\" content=\"article\" \/>\n<meta property=\"og:title\" content=\"Un polic\u00eda y tres personas mueren en hechos de tr\u00e1nsito - El Diario - Bolivia\" \/>\n<meta property=\"og:description\" content=\"Un efectivo policial perdi\u00f3 la vida ayer en horas de la ma\u00f1ana luego de que pierda el control de su motocicleta en la zona Pampa de la Isla de Santa Cruz, dejando a su esposa en estado cr\u00edtico. En otro accidente de tr\u00e1nsito ocurrido al norte de Potos\u00ed, tres personas perdieron la vida cuando regresaban [&hellip;]\" \/>\n<meta property=\"og:url\" content=\"https:\/\/www.eldiario.net\/portal\/2024\/03\/24\/un-policia-y-tres-personas-mueren-en-hechos-de-transito\/\" \/>\n<meta property=\"og:site_name\" content=\"El Diario - Bolivia\" \/>\n<meta property=\"article:publisher\" content=\"https:\/\/www.facebook.com\/eldiario.bolivia\/\" \/>\n<meta property=\"article:published_time\" content=\"2024-03-24T10:56:26+00:00\" \/>\n<meta property=\"og:image\" content=\"https:\/\/www.eldiario.net\/portal\/wp-content\/uploads\/2024\/03\/24-MUERTOS.jpg\" \/>\n\t<meta property=\"og:image:width\" content=\"1280\" \/>\n\t<meta property=\"og:image:height\" content=\"545\" \/>\n\t<meta property=\"og:image:type\" content=\"image\/jpeg\" \/>\n<meta name=\"author\" content=\"Jeanette\" \/>\n<meta name=\"twitter:card\" content=\"summary_large_image\" \/>\n<meta name=\"twitter:creator\" content=\"@eldiario_net\" \/>\n<meta name=\"twitter:site\" content=\"@eldiario_net\" \/>\n<meta name=\"twitter:label1\" content=\"Escrito por\" \/>\n\t<meta name=\"twitter:data1\" content=\"Jeanette\" \/>\n\t<meta name=\"twitter:label2\" content=\"Tiempo de lectura\" \/>\n\t<meta name=\"twitter:data2\" content=\"2 minutos\" \/>\n<script type=\"application\/ld+json\" class=\"yoast-schema-graph\">{\"@context\":\"https:\\\/\\\/schema.org\",\"@graph\":[{\"@type\":\"Article\",\"@id\":\"https:\\\/\\\/www.eldiario.net\\\/portal\\\/2024\\\/03\\\/24\\\/un-policia-y-tres-personas-mueren-en-hechos-de-transito\\\/#article\",\"isPartOf\":{\"@id\":\"https:\\\/\\\/www.eldiario.net\\\/portal\\\/2024\\\/03\\\/24\\\/un-policia-y-tres-personas-mueren-en-hechos-de-transito\\\/\"},\"author\":{\"name\":\"Jeanette\",\"@id\":\"https:\\\/\\\/www.eldiario.net\\\/portal\\\/#\\\/schema\\\/person\\\/f46445640444750d7d753ccd04ae01b7\"},\"headline\":\"Un polic\u00eda y tres personas mueren en hechos de tr\u00e1nsito\",\"datePublished\":\"2024-03-24T10:56:26+00:00\",\"mainEntityOfPage\":{\"@id\":\"https:\\\/\\\/www.eldiario.net\\\/portal\\\/2024\\\/03\\\/24\\\/un-policia-y-tres-personas-mueren-en-hechos-de-transito\\\/\"},\"wordCount\":325,\"commentCount\":0,\"publisher\":{\"@id\":\"https:\\\/\\\/www.eldiario.net\\\/portal\\\/#organization\"},\"image\":{\"@id\":\"https:\\\/\\\/www.eldiario.net\\\/portal\\\/2024\\\/03\\\/24\\\/un-policia-y-tres-personas-mueren-en-hechos-de-transito\\\/#primaryimage\"},\"thumbnailUrl\":\"https:\\\/\\\/www.eldiario.net\\\/portal\\\/wp-content\\\/uploads\\\/2024\\\/03\\\/24-MUERTOS.jpg\",\"articleSection\":[\"Sociedad - Seguridad\"],\"inLanguage\":\"es\",\"potentialAction\":[{\"@type\":\"CommentAction\",\"name\":\"Comment\",\"target\":[\"https:\\\/\\\/www.eldiario.net\\\/portal\\\/2024\\\/03\\\/24\\\/un-policia-y-tres-personas-mueren-en-hechos-de-transito\\\/#respond\"]}]},{\"@type\":\"WebPage\",\"@id\":\"https:\\\/\\\/www.eldiario.net\\\/portal\\\/2024\\\/03\\\/24\\\/un-policia-y-tres-personas-mueren-en-hechos-de-transito\\\/\",\"url\":\"https:\\\/\\\/www.eldiario.net\\\/portal\\\/2024\\\/03\\\/24\\\/un-policia-y-tres-personas-mueren-en-hechos-de-transito\\\/\",\"name\":\"Un polic\u00eda y tres personas mueren en hechos de tr\u00e1nsito - El Diario - Bolivia\",\"isPartOf\":{\"@id\":\"https:\\\/\\\/www.eldiario.net\\\/portal\\\/#website\"},\"primaryImageOfPage\":{\"@id\":\"https:\\\/\\\/www.eldiario.net\\\/portal\\\/2024\\\/03\\\/24\\\/un-policia-y-tres-personas-mueren-en-hechos-de-transito\\\/#primaryimage\"},\"image\":{\"@id\":\"https:\\\/\\\/www.eldiario.net\\\/portal\\\/2024\\\/03\\\/24\\\/un-policia-y-tres-personas-mueren-en-hechos-de-transito\\\/#primaryimage\"},\"thumbnailUrl\":\"https:\\\/\\\/www.eldiario.net\\\/portal\\\/wp-content\\\/uploads\\\/2024\\\/03\\\/24-MUERTOS.jpg\",\"datePublished\":\"2024-03-24T10:56:26+00:00\",\"breadcrumb\":{\"@id\":\"https:\\\/\\\/www.eldiario.net\\\/portal\\\/2024\\\/03\\\/24\\\/un-policia-y-tres-personas-mueren-en-hechos-de-transito\\\/#breadcrumb\"},\"inLanguage\":\"es\",\"potentialAction\":[{\"@type\":\"ReadAction\",\"target\":[\"https:\\\/\\\/www.eldiario.net\\\/portal\\\/2024\\\/03\\\/24\\\/un-policia-y-tres-personas-mueren-en-hechos-de-transito\\\/\"]}]},{\"@type\":\"ImageObject\",\"inLanguage\":\"es\",\"@id\":\"https:\\\/\\\/www.eldiario.net\\\/portal\\\/2024\\\/03\\\/24\\\/un-policia-y-tres-personas-mueren-en-hechos-de-transito\\\/#primaryimage\",\"url\":\"https:\\\/\\\/www.eldiario.net\\\/portal\\\/wp-content\\\/uploads\\\/2024\\\/03\\\/24-MUERTOS.jpg\",\"contentUrl\":\"https:\\\/\\\/www.eldiario.net\\\/portal\\\/wp-content\\\/uploads\\\/2024\\\/03\\\/24-MUERTOS.jpg\",\"width\":1280,\"height\":545,\"caption\":\"La esposa del polic\u00eda qued\u00f3 en estado cr\u00edtico; aguardan su recuperaci\u00f3n.\"},{\"@type\":\"BreadcrumbList\",\"@id\":\"https:\\\/\\\/www.eldiario.net\\\/portal\\\/2024\\\/03\\\/24\\\/un-policia-y-tres-personas-mueren-en-hechos-de-transito\\\/#breadcrumb\",\"itemListElement\":[{\"@type\":\"ListItem\",\"position\":1,\"name\":\"Portada\",\"item\":\"https:\\\/\\\/www.eldiario.net\\\/portal\\\/\"},{\"@type\":\"ListItem\",\"position\":2,\"name\":\"Un polic\u00eda y tres personas mueren en hechos de tr\u00e1nsito\"}]},{\"@type\":\"WebSite\",\"@id\":\"https:\\\/\\\/www.eldiario.net\\\/portal\\\/#website\",\"url\":\"https:\\\/\\\/www.eldiario.net\\\/portal\\\/\",\"name\":\"El Diario - Decano de la prensa nacional\",\"description\":\"El Diario - Decano de la prensa nacional\",\"publisher\":{\"@id\":\"https:\\\/\\\/www.eldiario.net\\\/portal\\\/#organization\"},\"potentialAction\":[{\"@type\":\"SearchAction\",\"target\":{\"@type\":\"EntryPoint\",\"urlTemplate\":\"https:\\\/\\\/www.eldiario.net\\\/portal\\\/?s={search_term_string}\"},\"query-input\":{\"@type\":\"PropertyValueSpecification\",\"valueRequired\":true,\"valueName\":\"search_term_string\"}}],\"inLanguage\":\"es\"},{\"@type\":\"Organization\",\"@id\":\"https:\\\/\\\/www.eldiario.net\\\/portal\\\/#organization\",\"name\":\"El Diario - Decano de la prensa nacional\",\"url\":\"https:\\\/\\\/www.eldiario.net\\\/portal\\\/\",\"logo\":{\"@type\":\"ImageObject\",\"inLanguage\":\"es\",\"@id\":\"https:\\\/\\\/www.eldiario.net\\\/portal\\\/#\\\/schema\\\/logo\\\/image\\\/\",\"url\":\"https:\\\/\\\/www.eldiario.net\\\/portal\\\/wp-content\\\/uploads\\\/2023\\\/07\\\/logo_ED.jpg\",\"contentUrl\":\"https:\\\/\\\/www.eldiario.net\\\/portal\\\/wp-content\\\/uploads\\\/2023\\\/07\\\/logo_ED.jpg\",\"width\":272,\"height\":52,\"caption\":\"El Diario - Decano de la prensa nacional\"},\"image\":{\"@id\":\"https:\\\/\\\/www.eldiario.net\\\/portal\\\/#\\\/schema\\\/logo\\\/image\\\/\"},\"sameAs\":[\"https:\\\/\\\/www.facebook.com\\\/eldiario.bolivia\\\/\",\"https:\\\/\\\/x.com\\\/eldiario_net\"]},{\"@type\":\"Person\",\"@id\":\"https:\\\/\\\/www.eldiario.net\\\/portal\\\/#\\\/schema\\\/person\\\/f46445640444750d7d753ccd04ae01b7\",\"name\":\"Jeanette\",\"image\":{\"@type\":\"ImageObject\",\"inLanguage\":\"es\",\"@id\":\"https:\\\/\\\/secure.gravatar.com\\\/avatar\\\/3ea2118a5f7dad2b7138b1187a6b7ee55f160b9968b66013c3a3ef39dd7e5798?s=96&d=mm&r=g\",\"url\":\"https:\\\/\\\/secure.gravatar.com\\\/avatar\\\/3ea2118a5f7dad2b7138b1187a6b7ee55f160b9968b66013c3a3ef39dd7e5798?s=96&d=mm&r=g\",\"contentUrl\":\"https:\\\/\\\/secure.gravatar.com\\\/avatar\\\/3ea2118a5f7dad2b7138b1187a6b7ee55f160b9968b66013c3a3ef39dd7e5798?s=96&d=mm&r=g\",\"caption\":\"Jeanette\"},\"sameAs\":[\"https:\\\/\\\/www.eldiario.net\\\/portal\"],\"url\":\"https:\\\/\\\/www.eldiario.net\\\/portal\\\/author\\\/jeanette\\\/\"}]}<\/script>\n<!-- \/ Yoast SEO plugin. -->","yoast_head_json":{"title":"Un polic\u00eda y tres personas mueren en hechos de tr\u00e1nsito - El Diario - Bolivia","robots":{"index":"index","follow":"follow","max-snippet":"max-snippet:-1","max-image-preview":"max-image-preview:large","max-video-preview":"max-video-preview:-1"},"canonical":"https:\/\/www.eldiario.net\/portal\/2024\/03\/24\/un-policia-y-tres-personas-mueren-en-hechos-de-transito\/","og_locale":"es_ES","og_type":"article","og_title":"Un polic\u00eda y tres personas mueren en hechos de tr\u00e1nsito - El Diario - Bolivia","og_description":"Un efectivo policial perdi\u00f3 la vida ayer en horas de la ma\u00f1ana luego de que pierda el control de su motocicleta en la zona Pampa de la Isla de Santa Cruz, dejando a su esposa en estado cr\u00edtico. En otro accidente de tr\u00e1nsito ocurrido al norte de Potos\u00ed, tres personas perdieron la vida cuando regresaban [&hellip;]","og_url":"https:\/\/www.eldiario.net\/portal\/2024\/03\/24\/un-policia-y-tres-personas-mueren-en-hechos-de-transito\/","og_site_name":"El Diario - Bolivia","article_publisher":"https:\/\/www.facebook.com\/eldiario.bolivia\/","article_published_time":"2024-03-24T10:56:26+00:00","og_image":[{"width":1280,"height":545,"url":"https:\/\/www.eldiario.net\/portal\/wp-content\/uploads\/2024\/03\/24-MUERTOS.jpg","type":"image\/jpeg"}],"author":"Jeanette","twitter_card":"summary_large_image","twitter_creator":"@eldiario_net","twitter_site":"@eldiario_net","twitter_misc":{"Escrito por":"Jeanette","Tiempo de lectura":"2 minutos"},"schema":{"@context":"https:\/\/schema.org","@graph":[{"@type":"Article","@id":"https:\/\/www.eldiario.net\/portal\/2024\/03\/24\/un-policia-y-tres-personas-mueren-en-hechos-de-transito\/#article","isPartOf":{"@id":"https:\/\/www.eldiario.net\/portal\/2024\/03\/24\/un-policia-y-tres-personas-mueren-en-hechos-de-transito\/"},"author":{"name":"Jeanette","@id":"https:\/\/www.eldiario.net\/portal\/#\/schema\/person\/f46445640444750d7d753ccd04ae01b7"},"headline":"Un polic\u00eda y tres personas mueren en hechos de tr\u00e1nsito","datePublished":"2024-03-24T10:56:26+00:00","mainEntityOfPage":{"@id":"https:\/\/www.eldiario.net\/portal\/2024\/03\/24\/un-policia-y-tres-personas-mueren-en-hechos-de-transito\/"},"wordCount":325,"commentCount":0,"publisher":{"@id":"https:\/\/www.eldiario.net\/portal\/#organization"},"image":{"@id":"https:\/\/www.eldiario.net\/portal\/2024\/03\/24\/un-policia-y-tres-personas-mueren-en-hechos-de-transito\/#primaryimage"},"thumbnailUrl":"https:\/\/www.eldiario.net\/portal\/wp-content\/uploads\/2024\/03\/24-MUERTOS.jpg","articleSection":["Sociedad - Seguridad"],"inLanguage":"es","potentialAction":[{"@type":"CommentAction","name":"Comment","target":["https:\/\/www.eldiario.net\/portal\/2024\/03\/24\/un-policia-y-tres-personas-mueren-en-hechos-de-transito\/#respond"]}]},{"@type":"WebPage","@id":"https:\/\/www.eldiario.net\/portal\/2024\/03\/24\/un-policia-y-tres-personas-mueren-en-hechos-de-transito\/","url":"https:\/\/www.eldiario.net\/portal\/2024\/03\/24\/un-policia-y-tres-personas-mueren-en-hechos-de-transito\/","name":"Un polic\u00eda y tres personas mueren en hechos de tr\u00e1nsito - El Diario - Bolivia","isPartOf":{"@id":"https:\/\/www.eldiario.net\/portal\/#website"},"primaryImageOfPage":{"@id":"https:\/\/www.eldiario.net\/portal\/2024\/03\/24\/un-policia-y-tres-personas-mueren-en-hechos-de-transito\/#primaryimage"},"image":{"@id":"https:\/\/www.eldiario.net\/portal\/2024\/03\/24\/un-policia-y-tres-personas-mueren-en-hechos-de-transito\/#primaryimage"},"thumbnailUrl":"https:\/\/www.eldiario.net\/portal\/wp-content\/uploads\/2024\/03\/24-MUERTOS.jpg","datePublished":"2024-03-24T10:56:26+00:00","breadcrumb":{"@id":"https:\/\/www.eldiario.net\/portal\/2024\/03\/24\/un-policia-y-tres-personas-mueren-en-hechos-de-transito\/#breadcrumb"},"inLanguage":"es","potentialAction":[{"@type":"ReadAction","target":["https:\/\/www.eldiario.net\/portal\/2024\/03\/24\/un-policia-y-tres-personas-mueren-en-hechos-de-transito\/"]}]},{"@type":"ImageObject","inLanguage":"es","@id":"https:\/\/www.eldiario.net\/portal\/2024\/03\/24\/un-policia-y-tres-personas-mueren-en-hechos-de-transito\/#primaryimage","url":"https:\/\/www.eldiario.net\/portal\/wp-content\/uploads\/2024\/03\/24-MUERTOS.jpg","contentUrl":"https:\/\/www.eldiario.net\/portal\/wp-content\/uploads\/2024\/03\/24-MUERTOS.jpg","width":1280,"height":545,"caption":"La esposa del polic\u00eda qued\u00f3 en estado cr\u00edtico; aguardan su recuperaci\u00f3n."},{"@type":"BreadcrumbList","@id":"https:\/\/www.eldiario.net\/portal\/2024\/03\/24\/un-policia-y-tres-personas-mueren-en-hechos-de-transito\/#breadcrumb","itemListElement":[{"@type":"ListItem","position":1,"name":"Portada","item":"https:\/\/www.eldiario.net\/portal\/"},{"@type":"ListItem","position":2,"name":"Un polic\u00eda y tres personas mueren en hechos de tr\u00e1nsito"}]},{"@type":"WebSite","@id":"https:\/\/www.eldiario.net\/portal\/#website","url":"https:\/\/www.eldiario.net\/portal\/","name":"El Diario - Decano de la prensa nacional","description":"El Diario - Decano de la prensa nacional","publisher":{"@id":"https:\/\/www.eldiario.net\/portal\/#organization"},"potentialAction":[{"@type":"SearchAction","target":{"@type":"EntryPoint","urlTemplate":"https:\/\/www.eldiario.net\/portal\/?s={search_term_string}"},"query-input":{"@type":"PropertyValueSpecification","valueRequired":true,"valueName":"search_term_string"}}],"inLanguage":"es"},{"@type":"Organization","@id":"https:\/\/www.eldiario.net\/portal\/#organization","name":"El Diario - Decano de la prensa nacional","url":"https:\/\/www.eldiario.net\/portal\/","logo":{"@type":"ImageObject","inLanguage":"es","@id":"https:\/\/www.eldiario.net\/portal\/#\/schema\/logo\/image\/","url":"https:\/\/www.eldiario.net\/portal\/wp-content\/uploads\/2023\/07\/logo_ED.jpg","contentUrl":"https:\/\/www.eldiario.net\/portal\/wp-content\/uploads\/2023\/07\/logo_ED.jpg","width":272,"height":52,"caption":"El Diario - Decano de la prensa nacional"},"image":{"@id":"https:\/\/www.eldiario.net\/portal\/#\/schema\/logo\/image\/"},"sameAs":["https:\/\/www.facebook.com\/eldiario.bolivia\/","https:\/\/x.com\/eldiario_net"]},{"@type":"Person","@id":"https:\/\/www.eldiario.net\/portal\/#\/schema\/person\/f46445640444750d7d753ccd04ae01b7","name":"Jeanette","image":{"@type":"ImageObject","inLanguage":"es","@id":"https:\/\/secure.gravatar.com\/avatar\/3ea2118a5f7dad2b7138b1187a6b7ee55f160b9968b66013c3a3ef39dd7e5798?s=96&d=mm&r=g","url":"https:\/\/secure.gravatar.com\/avatar\/3ea2118a5f7dad2b7138b1187a6b7ee55f160b9968b66013c3a3ef39dd7e5798?s=96&d=mm&r=g","contentUrl":"https:\/\/secure.gravatar.com\/avatar\/3ea2118a5f7dad2b7138b1187a6b7ee55f160b9968b66013c3a3ef39dd7e5798?s=96&d=mm&r=g","caption":"Jeanette"},"sameAs":["https:\/\/www.eldiario.net\/portal"],"url":"https:\/\/www.eldiario.net\/portal\/author\/jeanette\/"}]}},"_links":{"self":[{"href":"https:\/\/www.eldiario.net\/portal\/wp-json\/wp\/v2\/posts\/209874","targetHints":{"allow":["GET"]}}],"collection":[{"href":"https:\/\/www.eldiario.net\/portal\/wp-json\/wp\/v2\/posts"}],"about":[{"href":"https:\/\/www.eldiario.net\/portal\/wp-json\/wp\/v2\/types\/post"}],"author":[{"embeddable":true,"href":"https:\/\/www.eldiario.net\/portal\/wp-json\/wp\/v2\/users\/1"}],"replies":[{"embeddable":true,"href":"https:\/\/www.eldiario.net\/portal\/wp-json\/wp\/v2\/comments?post=209874"}],"version-history":[{"count":1,"href":"https:\/\/www.eldiario.net\/portal\/wp-json\/wp\/v2\/posts\/209874\/revisions"}],"predecessor-version":[{"id":209876,"href":"https:\/\/www.eldiario.net\/portal\/wp-json\/wp\/v2\/posts\/209874\/revisions\/209876"}],"wp:featuredmedia":[{"embeddable":true,"href":"https:\/\/www.eldiario.net\/portal\/wp-json\/wp\/v2\/media\/209875"}],"wp:attachment":[{"href":"https:\/\/www.eldiario.net\/portal\/wp-json\/wp\/v2\/media?parent=209874"}],"wp:term":[{"taxonomy":"category","embeddable":true,"href":"https:\/\/www.eldiario.net\/portal\/wp-json\/wp\/v2\/categories?post=209874"},{"taxonomy":"post_tag","embeddable":true,"href":"https:\/\/www.eldiario.net\/portal\/wp-json\/wp\/v2\/tags?post=209874"}],"curies":[{"name":"wp","href":"https:\/\/api.w.org\/{rel}","templated":true}]}}