{"id":209872,"date":"2024-03-24T06:55:37","date_gmt":"2024-03-24T10:55:37","guid":{"rendered":"https:\/\/www.eldiario.net\/portal\/?p=209872"},"modified":"2024-03-24T06:55:37","modified_gmt":"2024-03-24T10:55:37","slug":"privados-de-libertad-fueron-censados-sin-contratiempos-segun-limpias","status":"publish","type":"post","link":"https:\/\/www.eldiario.net\/portal\/2024\/03\/24\/privados-de-libertad-fueron-censados-sin-contratiempos-segun-limpias\/","title":{"rendered":"Privados de libertad fueron censados sin contratiempos, seg\u00fan Limpias"},"content":{"rendered":"<p>El Censo de reclusos y privados de libertad dentro de los 46 recintos penitenciarios existentes en el pa\u00eds se realiz\u00f3 \u201csin dificultades\u201d, seg\u00fan inform\u00f3 ayer el director de R\u00e9gimen Penitenciario, Juan Carlos Limpias.<br \/>\nLa autoridad penitenciaria pronostica un n\u00famero de 29.400 internos en las c\u00e1rceles de Bolivia, tanto en las 20 c\u00e1rceles de ciudades capitales como en los 26 centros provinciales al interior del pa\u00eds.<br \/>\nEn tal sentido, se\u00f1al\u00f3 que no se presentaron dificultades o personas que hayan negado ser censadas en ninguno de estos establecimientos. Hasta el mediod\u00eda de ayer, el titular de R\u00e9gimen se\u00f1al\u00f3 que el avance hab\u00eda llegado a un 40%.<br \/>\nLimpias agreg\u00f3 que casi 700 internos fueron capacitados como censistas, mientras que el personal de las penitenciar\u00edas fueron instruidos como empadronadores y supervisores.<br \/>\nPor otra parte, estim\u00f3 que el registro de poblaci\u00f3n en los principales recintos penitenciarios como Palmasola (Santa Cruz) y San Pedro (La Paz), concluir\u00e1n la jornada censal porque aglomeran una \u201cfuerte cantidad\u201d de poblaci\u00f3n carcelaria.<\/p>\n","protected":false},"excerpt":{"rendered":"<p>El Censo de reclusos y privados de libertad dentro de los 46 recintos penitenciarios existentes en el pa\u00eds se realiz\u00f3 \u201csin dificultades\u201d, seg\u00fan inform\u00f3 ayer el director de R\u00e9gimen Penitenciario, Juan Carlos Limpias. La autoridad penitenciaria pronostica un n\u00famero de 29.400 internos en las c\u00e1rceles de Bolivia, tanto en las 20 c\u00e1rceles de ciudades capitales [&hellip;]<\/p>\n","protected":false},"author":1,"featured_media":194738,"comment_status":"open","ping_status":"open","sticky":false,"template":"","format":"standard","meta":{"_acf_changed":false,"footnotes":""},"categories":[39],"tags":[],"class_list":["post-209872","post","type-post","status-publish","format-standard","has-post-thumbnail","category-sociedad"],"acf":{"antetitulo":""},"yoast_head":"<!-- This site is optimized with the Yoast SEO plugin v28.3 - https:\/\/yoast.com\/product\/yoast-seo-wordpress\/ -->\n<title>Privados de libertad fueron censados sin contratiempos, seg\u00fan Limpias - El Diario - Bolivia<\/title>\n<meta name=\"robots\" content=\"index, follow, max-snippet:-1, max-image-preview:large, max-video-preview:-1\" \/>\n<link rel=\"canonical\" href=\"https:\/\/www.eldiario.net\/portal\/2024\/03\/24\/privados-de-libertad-fueron-censados-sin-contratiempos-segun-limpias\/\" \/>\n<meta property=\"og:locale\" content=\"es_ES\" \/>\n<meta property=\"og:type\" content=\"article\" \/>\n<meta property=\"og:title\" content=\"Privados de libertad fueron censados sin contratiempos, seg\u00fan Limpias - El Diario - Bolivia\" \/>\n<meta property=\"og:description\" content=\"El Censo de reclusos y privados de libertad dentro de los 46 recintos penitenciarios existentes en el pa\u00eds se realiz\u00f3 \u201csin dificultades\u201d, seg\u00fan inform\u00f3 ayer el director de R\u00e9gimen Penitenciario, Juan Carlos Limpias. La autoridad penitenciaria pronostica un n\u00famero de 29.400 internos en las c\u00e1rceles de Bolivia, tanto en las 20 c\u00e1rceles de ciudades capitales [&hellip;]\" \/>\n<meta property=\"og:url\" content=\"https:\/\/www.eldiario.net\/portal\/2024\/03\/24\/privados-de-libertad-fueron-censados-sin-contratiempos-segun-limpias\/\" \/>\n<meta property=\"og:site_name\" content=\"El Diario - Bolivia\" \/>\n<meta property=\"article:publisher\" content=\"https:\/\/www.facebook.com\/eldiario.bolivia\/\" \/>\n<meta property=\"article:published_time\" content=\"2024-03-24T10:55:37+00:00\" \/>\n<meta property=\"og:image\" content=\"https:\/\/www.eldiario.net\/portal\/wp-content\/uploads\/2023\/12\/Seguridad.jpg\" \/>\n\t<meta property=\"og:image:width\" content=\"800\" \/>\n\t<meta property=\"og:image:height\" content=\"500\" \/>\n\t<meta property=\"og:image:type\" content=\"image\/jpeg\" \/>\n<meta name=\"author\" content=\"Jeanette\" \/>\n<meta name=\"twitter:card\" content=\"summary_large_image\" \/>\n<meta name=\"twitter:creator\" content=\"@eldiario_net\" \/>\n<meta name=\"twitter:site\" content=\"@eldiario_net\" \/>\n<meta name=\"twitter:label1\" content=\"Escrito por\" \/>\n\t<meta name=\"twitter:data1\" content=\"Jeanette\" \/>\n\t<meta name=\"twitter:label2\" content=\"Tiempo de lectura\" \/>\n\t<meta name=\"twitter:data2\" content=\"1 minuto\" \/>\n<script type=\"application\/ld+json\" class=\"yoast-schema-graph\">{\"@context\":\"https:\\\/\\\/schema.org\",\"@graph\":[{\"@type\":\"Article\",\"@id\":\"https:\\\/\\\/www.eldiario.net\\\/portal\\\/2024\\\/03\\\/24\\\/privados-de-libertad-fueron-censados-sin-contratiempos-segun-limpias\\\/#article\",\"isPartOf\":{\"@id\":\"https:\\\/\\\/www.eldiario.net\\\/portal\\\/2024\\\/03\\\/24\\\/privados-de-libertad-fueron-censados-sin-contratiempos-segun-limpias\\\/\"},\"author\":{\"name\":\"Jeanette\",\"@id\":\"https:\\\/\\\/www.eldiario.net\\\/portal\\\/#\\\/schema\\\/person\\\/f46445640444750d7d753ccd04ae01b7\"},\"headline\":\"Privados de libertad fueron censados sin contratiempos, seg\u00fan Limpias\",\"datePublished\":\"2024-03-24T10:55:37+00:00\",\"mainEntityOfPage\":{\"@id\":\"https:\\\/\\\/www.eldiario.net\\\/portal\\\/2024\\\/03\\\/24\\\/privados-de-libertad-fueron-censados-sin-contratiempos-segun-limpias\\\/\"},\"wordCount\":182,\"commentCount\":0,\"publisher\":{\"@id\":\"https:\\\/\\\/www.eldiario.net\\\/portal\\\/#organization\"},\"image\":{\"@id\":\"https:\\\/\\\/www.eldiario.net\\\/portal\\\/2024\\\/03\\\/24\\\/privados-de-libertad-fueron-censados-sin-contratiempos-segun-limpias\\\/#primaryimage\"},\"thumbnailUrl\":\"https:\\\/\\\/www.eldiario.net\\\/portal\\\/wp-content\\\/uploads\\\/2023\\\/12\\\/Seguridad.jpg\",\"articleSection\":[\"Sociedad - Seguridad\"],\"inLanguage\":\"es\",\"potentialAction\":[{\"@type\":\"CommentAction\",\"name\":\"Comment\",\"target\":[\"https:\\\/\\\/www.eldiario.net\\\/portal\\\/2024\\\/03\\\/24\\\/privados-de-libertad-fueron-censados-sin-contratiempos-segun-limpias\\\/#respond\"]}]},{\"@type\":\"WebPage\",\"@id\":\"https:\\\/\\\/www.eldiario.net\\\/portal\\\/2024\\\/03\\\/24\\\/privados-de-libertad-fueron-censados-sin-contratiempos-segun-limpias\\\/\",\"url\":\"https:\\\/\\\/www.eldiario.net\\\/portal\\\/2024\\\/03\\\/24\\\/privados-de-libertad-fueron-censados-sin-contratiempos-segun-limpias\\\/\",\"name\":\"Privados de libertad fueron censados sin contratiempos, seg\u00fan Limpias - El Diario - Bolivia\",\"isPartOf\":{\"@id\":\"https:\\\/\\\/www.eldiario.net\\\/portal\\\/#website\"},\"primaryImageOfPage\":{\"@id\":\"https:\\\/\\\/www.eldiario.net\\\/portal\\\/2024\\\/03\\\/24\\\/privados-de-libertad-fueron-censados-sin-contratiempos-segun-limpias\\\/#primaryimage\"},\"image\":{\"@id\":\"https:\\\/\\\/www.eldiario.net\\\/portal\\\/2024\\\/03\\\/24\\\/privados-de-libertad-fueron-censados-sin-contratiempos-segun-limpias\\\/#primaryimage\"},\"thumbnailUrl\":\"https:\\\/\\\/www.eldiario.net\\\/portal\\\/wp-content\\\/uploads\\\/2023\\\/12\\\/Seguridad.jpg\",\"datePublished\":\"2024-03-24T10:55:37+00:00\",\"breadcrumb\":{\"@id\":\"https:\\\/\\\/www.eldiario.net\\\/portal\\\/2024\\\/03\\\/24\\\/privados-de-libertad-fueron-censados-sin-contratiempos-segun-limpias\\\/#breadcrumb\"},\"inLanguage\":\"es\",\"potentialAction\":[{\"@type\":\"ReadAction\",\"target\":[\"https:\\\/\\\/www.eldiario.net\\\/portal\\\/2024\\\/03\\\/24\\\/privados-de-libertad-fueron-censados-sin-contratiempos-segun-limpias\\\/\"]}]},{\"@type\":\"ImageObject\",\"inLanguage\":\"es\",\"@id\":\"https:\\\/\\\/www.eldiario.net\\\/portal\\\/2024\\\/03\\\/24\\\/privados-de-libertad-fueron-censados-sin-contratiempos-segun-limpias\\\/#primaryimage\",\"url\":\"https:\\\/\\\/www.eldiario.net\\\/portal\\\/wp-content\\\/uploads\\\/2023\\\/12\\\/Seguridad.jpg\",\"contentUrl\":\"https:\\\/\\\/www.eldiario.net\\\/portal\\\/wp-content\\\/uploads\\\/2023\\\/12\\\/Seguridad.jpg\",\"width\":800,\"height\":500},{\"@type\":\"BreadcrumbList\",\"@id\":\"https:\\\/\\\/www.eldiario.net\\\/portal\\\/2024\\\/03\\\/24\\\/privados-de-libertad-fueron-censados-sin-contratiempos-segun-limpias\\\/#breadcrumb\",\"itemListElement\":[{\"@type\":\"ListItem\",\"position\":1,\"name\":\"Portada\",\"item\":\"https:\\\/\\\/www.eldiario.net\\\/portal\\\/\"},{\"@type\":\"ListItem\",\"position\":2,\"name\":\"Privados de libertad fueron censados sin contratiempos, seg\u00fan Limpias\"}]},{\"@type\":\"WebSite\",\"@id\":\"https:\\\/\\\/www.eldiario.net\\\/portal\\\/#website\",\"url\":\"https:\\\/\\\/www.eldiario.net\\\/portal\\\/\",\"name\":\"El Diario - Decano de la prensa nacional\",\"description\":\"El Diario - Decano de la prensa nacional\",\"publisher\":{\"@id\":\"https:\\\/\\\/www.eldiario.net\\\/portal\\\/#organization\"},\"potentialAction\":[{\"@type\":\"SearchAction\",\"target\":{\"@type\":\"EntryPoint\",\"urlTemplate\":\"https:\\\/\\\/www.eldiario.net\\\/portal\\\/?s={search_term_string}\"},\"query-input\":{\"@type\":\"PropertyValueSpecification\",\"valueRequired\":true,\"valueName\":\"search_term_string\"}}],\"inLanguage\":\"es\"},{\"@type\":\"Organization\",\"@id\":\"https:\\\/\\\/www.eldiario.net\\\/portal\\\/#organization\",\"name\":\"El Diario - Decano de la prensa nacional\",\"url\":\"https:\\\/\\\/www.eldiario.net\\\/portal\\\/\",\"logo\":{\"@type\":\"ImageObject\",\"inLanguage\":\"es\",\"@id\":\"https:\\\/\\\/www.eldiario.net\\\/portal\\\/#\\\/schema\\\/logo\\\/image\\\/\",\"url\":\"https:\\\/\\\/www.eldiario.net\\\/portal\\\/wp-content\\\/uploads\\\/2023\\\/07\\\/logo_ED.jpg\",\"contentUrl\":\"https:\\\/\\\/www.eldiario.net\\\/portal\\\/wp-content\\\/uploads\\\/2023\\\/07\\\/logo_ED.jpg\",\"width\":272,\"height\":52,\"caption\":\"El Diario - Decano de la prensa nacional\"},\"image\":{\"@id\":\"https:\\\/\\\/www.eldiario.net\\\/portal\\\/#\\\/schema\\\/logo\\\/image\\\/\"},\"sameAs\":[\"https:\\\/\\\/www.facebook.com\\\/eldiario.bolivia\\\/\",\"https:\\\/\\\/x.com\\\/eldiario_net\"]},{\"@type\":\"Person\",\"@id\":\"https:\\\/\\\/www.eldiario.net\\\/portal\\\/#\\\/schema\\\/person\\\/f46445640444750d7d753ccd04ae01b7\",\"name\":\"Jeanette\",\"image\":{\"@type\":\"ImageObject\",\"inLanguage\":\"es\",\"@id\":\"https:\\\/\\\/secure.gravatar.com\\\/avatar\\\/3ea2118a5f7dad2b7138b1187a6b7ee55f160b9968b66013c3a3ef39dd7e5798?s=96&d=mm&r=g\",\"url\":\"https:\\\/\\\/secure.gravatar.com\\\/avatar\\\/3ea2118a5f7dad2b7138b1187a6b7ee55f160b9968b66013c3a3ef39dd7e5798?s=96&d=mm&r=g\",\"contentUrl\":\"https:\\\/\\\/secure.gravatar.com\\\/avatar\\\/3ea2118a5f7dad2b7138b1187a6b7ee55f160b9968b66013c3a3ef39dd7e5798?s=96&d=mm&r=g\",\"caption\":\"Jeanette\"},\"sameAs\":[\"https:\\\/\\\/www.eldiario.net\\\/portal\"],\"url\":\"https:\\\/\\\/www.eldiario.net\\\/portal\\\/author\\\/jeanette\\\/\"}]}<\/script>\n<!-- \/ Yoast SEO plugin. -->","yoast_head_json":{"title":"Privados de libertad fueron censados sin contratiempos, seg\u00fan Limpias - El Diario - Bolivia","robots":{"index":"index","follow":"follow","max-snippet":"max-snippet:-1","max-image-preview":"max-image-preview:large","max-video-preview":"max-video-preview:-1"},"canonical":"https:\/\/www.eldiario.net\/portal\/2024\/03\/24\/privados-de-libertad-fueron-censados-sin-contratiempos-segun-limpias\/","og_locale":"es_ES","og_type":"article","og_title":"Privados de libertad fueron censados sin contratiempos, seg\u00fan Limpias - El Diario - Bolivia","og_description":"El Censo de reclusos y privados de libertad dentro de los 46 recintos penitenciarios existentes en el pa\u00eds se realiz\u00f3 \u201csin dificultades\u201d, seg\u00fan inform\u00f3 ayer el director de R\u00e9gimen Penitenciario, Juan Carlos Limpias. La autoridad penitenciaria pronostica un n\u00famero de 29.400 internos en las c\u00e1rceles de Bolivia, tanto en las 20 c\u00e1rceles de ciudades capitales [&hellip;]","og_url":"https:\/\/www.eldiario.net\/portal\/2024\/03\/24\/privados-de-libertad-fueron-censados-sin-contratiempos-segun-limpias\/","og_site_name":"El Diario - Bolivia","article_publisher":"https:\/\/www.facebook.com\/eldiario.bolivia\/","article_published_time":"2024-03-24T10:55:37+00:00","og_image":[{"width":800,"height":500,"url":"https:\/\/www.eldiario.net\/portal\/wp-content\/uploads\/2023\/12\/Seguridad.jpg","type":"image\/jpeg"}],"author":"Jeanette","twitter_card":"summary_large_image","twitter_creator":"@eldiario_net","twitter_site":"@eldiario_net","twitter_misc":{"Escrito por":"Jeanette","Tiempo de lectura":"1 minuto"},"schema":{"@context":"https:\/\/schema.org","@graph":[{"@type":"Article","@id":"https:\/\/www.eldiario.net\/portal\/2024\/03\/24\/privados-de-libertad-fueron-censados-sin-contratiempos-segun-limpias\/#article","isPartOf":{"@id":"https:\/\/www.eldiario.net\/portal\/2024\/03\/24\/privados-de-libertad-fueron-censados-sin-contratiempos-segun-limpias\/"},"author":{"name":"Jeanette","@id":"https:\/\/www.eldiario.net\/portal\/#\/schema\/person\/f46445640444750d7d753ccd04ae01b7"},"headline":"Privados de libertad fueron censados sin contratiempos, seg\u00fan Limpias","datePublished":"2024-03-24T10:55:37+00:00","mainEntityOfPage":{"@id":"https:\/\/www.eldiario.net\/portal\/2024\/03\/24\/privados-de-libertad-fueron-censados-sin-contratiempos-segun-limpias\/"},"wordCount":182,"commentCount":0,"publisher":{"@id":"https:\/\/www.eldiario.net\/portal\/#organization"},"image":{"@id":"https:\/\/www.eldiario.net\/portal\/2024\/03\/24\/privados-de-libertad-fueron-censados-sin-contratiempos-segun-limpias\/#primaryimage"},"thumbnailUrl":"https:\/\/www.eldiario.net\/portal\/wp-content\/uploads\/2023\/12\/Seguridad.jpg","articleSection":["Sociedad - Seguridad"],"inLanguage":"es","potentialAction":[{"@type":"CommentAction","name":"Comment","target":["https:\/\/www.eldiario.net\/portal\/2024\/03\/24\/privados-de-libertad-fueron-censados-sin-contratiempos-segun-limpias\/#respond"]}]},{"@type":"WebPage","@id":"https:\/\/www.eldiario.net\/portal\/2024\/03\/24\/privados-de-libertad-fueron-censados-sin-contratiempos-segun-limpias\/","url":"https:\/\/www.eldiario.net\/portal\/2024\/03\/24\/privados-de-libertad-fueron-censados-sin-contratiempos-segun-limpias\/","name":"Privados de libertad fueron censados sin contratiempos, seg\u00fan Limpias - El Diario - Bolivia","isPartOf":{"@id":"https:\/\/www.eldiario.net\/portal\/#website"},"primaryImageOfPage":{"@id":"https:\/\/www.eldiario.net\/portal\/2024\/03\/24\/privados-de-libertad-fueron-censados-sin-contratiempos-segun-limpias\/#primaryimage"},"image":{"@id":"https:\/\/www.eldiario.net\/portal\/2024\/03\/24\/privados-de-libertad-fueron-censados-sin-contratiempos-segun-limpias\/#primaryimage"},"thumbnailUrl":"https:\/\/www.eldiario.net\/portal\/wp-content\/uploads\/2023\/12\/Seguridad.jpg","datePublished":"2024-03-24T10:55:37+00:00","breadcrumb":{"@id":"https:\/\/www.eldiario.net\/portal\/2024\/03\/24\/privados-de-libertad-fueron-censados-sin-contratiempos-segun-limpias\/#breadcrumb"},"inLanguage":"es","potentialAction":[{"@type":"ReadAction","target":["https:\/\/www.eldiario.net\/portal\/2024\/03\/24\/privados-de-libertad-fueron-censados-sin-contratiempos-segun-limpias\/"]}]},{"@type":"ImageObject","inLanguage":"es","@id":"https:\/\/www.eldiario.net\/portal\/2024\/03\/24\/privados-de-libertad-fueron-censados-sin-contratiempos-segun-limpias\/#primaryimage","url":"https:\/\/www.eldiario.net\/portal\/wp-content\/uploads\/2023\/12\/Seguridad.jpg","contentUrl":"https:\/\/www.eldiario.net\/portal\/wp-content\/uploads\/2023\/12\/Seguridad.jpg","width":800,"height":500},{"@type":"BreadcrumbList","@id":"https:\/\/www.eldiario.net\/portal\/2024\/03\/24\/privados-de-libertad-fueron-censados-sin-contratiempos-segun-limpias\/#breadcrumb","itemListElement":[{"@type":"ListItem","position":1,"name":"Portada","item":"https:\/\/www.eldiario.net\/portal\/"},{"@type":"ListItem","position":2,"name":"Privados de libertad fueron censados sin contratiempos, seg\u00fan Limpias"}]},{"@type":"WebSite","@id":"https:\/\/www.eldiario.net\/portal\/#website","url":"https:\/\/www.eldiario.net\/portal\/","name":"El Diario - Decano de la prensa nacional","description":"El Diario - Decano de la prensa nacional","publisher":{"@id":"https:\/\/www.eldiario.net\/portal\/#organization"},"potentialAction":[{"@type":"SearchAction","target":{"@type":"EntryPoint","urlTemplate":"https:\/\/www.eldiario.net\/portal\/?s={search_term_string}"},"query-input":{"@type":"PropertyValueSpecification","valueRequired":true,"valueName":"search_term_string"}}],"inLanguage":"es"},{"@type":"Organization","@id":"https:\/\/www.eldiario.net\/portal\/#organization","name":"El Diario - Decano de la prensa nacional","url":"https:\/\/www.eldiario.net\/portal\/","logo":{"@type":"ImageObject","inLanguage":"es","@id":"https:\/\/www.eldiario.net\/portal\/#\/schema\/logo\/image\/","url":"https:\/\/www.eldiario.net\/portal\/wp-content\/uploads\/2023\/07\/logo_ED.jpg","contentUrl":"https:\/\/www.eldiario.net\/portal\/wp-content\/uploads\/2023\/07\/logo_ED.jpg","width":272,"height":52,"caption":"El Diario - Decano de la prensa nacional"},"image":{"@id":"https:\/\/www.eldiario.net\/portal\/#\/schema\/logo\/image\/"},"sameAs":["https:\/\/www.facebook.com\/eldiario.bolivia\/","https:\/\/x.com\/eldiario_net"]},{"@type":"Person","@id":"https:\/\/www.eldiario.net\/portal\/#\/schema\/person\/f46445640444750d7d753ccd04ae01b7","name":"Jeanette","image":{"@type":"ImageObject","inLanguage":"es","@id":"https:\/\/secure.gravatar.com\/avatar\/3ea2118a5f7dad2b7138b1187a6b7ee55f160b9968b66013c3a3ef39dd7e5798?s=96&d=mm&r=g","url":"https:\/\/secure.gravatar.com\/avatar\/3ea2118a5f7dad2b7138b1187a6b7ee55f160b9968b66013c3a3ef39dd7e5798?s=96&d=mm&r=g","contentUrl":"https:\/\/secure.gravatar.com\/avatar\/3ea2118a5f7dad2b7138b1187a6b7ee55f160b9968b66013c3a3ef39dd7e5798?s=96&d=mm&r=g","caption":"Jeanette"},"sameAs":["https:\/\/www.eldiario.net\/portal"],"url":"https:\/\/www.eldiario.net\/portal\/author\/jeanette\/"}]}},"_links":{"self":[{"href":"https:\/\/www.eldiario.net\/portal\/wp-json\/wp\/v2\/posts\/209872","targetHints":{"allow":["GET"]}}],"collection":[{"href":"https:\/\/www.eldiario.net\/portal\/wp-json\/wp\/v2\/posts"}],"about":[{"href":"https:\/\/www.eldiario.net\/portal\/wp-json\/wp\/v2\/types\/post"}],"author":[{"embeddable":true,"href":"https:\/\/www.eldiario.net\/portal\/wp-json\/wp\/v2\/users\/1"}],"replies":[{"embeddable":true,"href":"https:\/\/www.eldiario.net\/portal\/wp-json\/wp\/v2\/comments?post=209872"}],"version-history":[{"count":1,"href":"https:\/\/www.eldiario.net\/portal\/wp-json\/wp\/v2\/posts\/209872\/revisions"}],"predecessor-version":[{"id":209873,"href":"https:\/\/www.eldiario.net\/portal\/wp-json\/wp\/v2\/posts\/209872\/revisions\/209873"}],"wp:featuredmedia":[{"embeddable":true,"href":"https:\/\/www.eldiario.net\/portal\/wp-json\/wp\/v2\/media\/194738"}],"wp:attachment":[{"href":"https:\/\/www.eldiario.net\/portal\/wp-json\/wp\/v2\/media?parent=209872"}],"wp:term":[{"taxonomy":"category","embeddable":true,"href":"https:\/\/www.eldiario.net\/portal\/wp-json\/wp\/v2\/categories?post=209872"},{"taxonomy":"post_tag","embeddable":true,"href":"https:\/\/www.eldiario.net\/portal\/wp-json\/wp\/v2\/tags?post=209872"}],"curies":[{"name":"wp","href":"https:\/\/api.w.org\/{rel}","templated":true}]}}