{"id":20934,"date":"2021-08-02T06:36:11","date_gmt":"2021-08-02T10:36:11","guid":{"rendered":"https:\/\/www.eldiario.net\/portal\/?p=20934"},"modified":"2021-08-02T06:36:11","modified_gmt":"2021-08-02T10:36:11","slug":"parlamentarios-piden-que-oea-y-ue-defiendan-auditoria-a-comicios-2019","status":"publish","type":"post","link":"https:\/\/www.eldiario.net\/portal\/2021\/08\/02\/parlamentarios-piden-que-oea-y-ue-defiendan-auditoria-a-comicios-2019\/","title":{"rendered":"Parlamentarios piden que OEA y UE  defiendan auditor\u00eda a comicios 2019"},"content":{"rendered":"<p>Luego de los pedidos expresados por el expresidente Jorge Quiroga Ram\u00edrez para que representantes de la Uni\u00f3n Europea (UE) se pronuncien sobre los estudios realizados a las elecciones de 2019, parlamentarios de oposici\u00f3n anunciaron que iniciar\u00e1n gestiones para que organismos internacionales que elaboraron la auditor\u00eda a este proceso electoral emitan posiciones oficiales sobre su validez.<br \/>\nSostienen que es importante que estos organismos internacionales se pronuncien para defender los estudios y auditor\u00edas realizados a las elecciones anuladas por fraude y de esta forma se desestimen nuevos an\u00e1lisis que buscan cambiar la historia, se\u00f1alando que no existieron vulneraciones.<br \/>\nEl diputado por Comunidad Ciudadana Alejandro Reyes se\u00f1al\u00f3 que se espera que en los siguientes d\u00edas se emitan comunicados oficiales por parte de la Uni\u00f3n Europea, as\u00ed como de la Organizaci\u00f3n de Estados Americanos en los que se brinden detalles del trabajo realizado en 2019 y sobre las recientes pericias presentadas por encargo de la Fiscal\u00eda.<br \/>\n\u201cEsperamos a que se manifiesten, por supuesto mediante un comunicado oficial, nosotros creemos y vamos a hacer gestiones pidiendo que exista una manifestaci\u00f3n de la Organizaci\u00f3n de Estados Americanos en respaldo del informe que han emitido sobre el fraude electoral de 2019\u201d, afirm\u00f3 Reyes.<br \/>\nPor su parte, el diputado oficialista Juanito Angulo, sostuvo que las organizaciones internacionales que participaron en la elaboraci\u00f3n de la auditor\u00eda deben explicar su participaci\u00f3n en la interrupci\u00f3n del mandato constitucional.<br \/>\n\u201cLa Uni\u00f3n Europea tambi\u00e9n tiene que responder, y se advierte su participaci\u00f3n y de haber participado en estos hechos que van en contra de la soberan\u00eda del pa\u00eds, tiene que asumir estas instancias su responsabilidad tal como afirman su participaci\u00f3n\u201d, dijo.<br \/>\nEn conferencia de prensa el pasado viernes, el expresidente Quiroga exigi\u00f3 que representantes de la Uni\u00f3n Europea se pronuncien sobre los estudios realizados a las elecciones de 2019 y sobre todo para justificar y defender el informe presentado al Gobierno boliviano.<br \/>\n\u201cVoy a agradecer a la Uni\u00f3n Europea lo que hizo aunque voy a repudiar que ahora cobarde y de forma c\u00f3mplice se callen cuando son atacados todo el d\u00eda y desconozcan el trabajo que hicieron\u201d, expres\u00f3.<br \/>\nSostuvo que lo que se hizo en su momento fue lo correcto, pues el pa\u00eds necesitaba un Gobierno de transici\u00f3n que pacifique el pa\u00eds y convoque a nuevas elecciones en un tiempo breve.<\/p>\n","protected":false},"excerpt":{"rendered":"<p>Luego de los pedidos expresados por el expresidente Jorge Quiroga Ram\u00edrez para que representantes de la Uni\u00f3n Europea (UE) se pronuncien sobre los estudios realizados a las elecciones de 2019, parlamentarios de oposici\u00f3n anunciaron que iniciar\u00e1n gestiones para que organismos internacionales que elaboraron la auditor\u00eda a este proceso electoral emitan posiciones oficiales sobre su validez. [&hellip;]<\/p>\n","protected":false},"author":1,"featured_media":20935,"comment_status":"closed","ping_status":"closed","sticky":false,"template":"","format":"standard","meta":{"_acf_changed":false,"footnotes":""},"categories":[14],"tags":[],"class_list":["post-20934","post","type-post","status-publish","format-standard","has-post-thumbnail","category-politica"],"acf":{"antetitulo":""},"yoast_head":"<!-- This site is optimized with the Yoast SEO plugin v28.4 - https:\/\/yoast.com\/product\/yoast-seo-wordpress\/ -->\n<title>Parlamentarios piden que OEA y UE defiendan auditor\u00eda a comicios 2019 - El Diario - Bolivia<\/title>\n<meta name=\"robots\" content=\"index, follow, max-snippet:-1, max-image-preview:large, max-video-preview:-1\" \/>\n<link rel=\"canonical\" href=\"https:\/\/www.eldiario.net\/portal\/2021\/08\/02\/parlamentarios-piden-que-oea-y-ue-defiendan-auditoria-a-comicios-2019\/\" \/>\n<meta property=\"og:locale\" content=\"es_ES\" \/>\n<meta property=\"og:type\" content=\"article\" \/>\n<meta property=\"og:title\" content=\"Parlamentarios piden que OEA y UE defiendan auditor\u00eda a comicios 2019 - El Diario - Bolivia\" \/>\n<meta property=\"og:description\" content=\"Luego de los pedidos expresados por el expresidente Jorge Quiroga Ram\u00edrez para que representantes de la Uni\u00f3n Europea (UE) se pronuncien sobre los estudios realizados a las elecciones de 2019, parlamentarios de oposici\u00f3n anunciaron que iniciar\u00e1n gestiones para que organismos internacionales que elaboraron la auditor\u00eda a este proceso electoral emitan posiciones oficiales sobre su validez. [&hellip;]\" \/>\n<meta property=\"og:url\" content=\"https:\/\/www.eldiario.net\/portal\/2021\/08\/02\/parlamentarios-piden-que-oea-y-ue-defiendan-auditoria-a-comicios-2019\/\" \/>\n<meta property=\"og:site_name\" content=\"El Diario - Bolivia\" \/>\n<meta property=\"article:publisher\" content=\"https:\/\/www.facebook.com\/eldiario.bolivia\/\" \/>\n<meta property=\"article:published_time\" content=\"2021-08-02T10:36:11+00:00\" \/>\n<meta name=\"author\" content=\"Jeanette\" \/>\n<meta name=\"twitter:card\" content=\"summary_large_image\" \/>\n<meta name=\"twitter:creator\" content=\"@eldiario_net\" \/>\n<meta name=\"twitter:site\" content=\"@eldiario_net\" \/>\n<meta name=\"twitter:label1\" content=\"Escrito por\" \/>\n\t<meta name=\"twitter:data1\" content=\"Jeanette\" \/>\n\t<meta name=\"twitter:label2\" content=\"Tiempo de lectura\" \/>\n\t<meta name=\"twitter:data2\" content=\"2 minutos\" \/>\n<script type=\"application\/ld+json\" class=\"yoast-schema-graph\">{\"@context\":\"https:\\\/\\\/schema.org\",\"@graph\":[{\"@type\":\"Article\",\"@id\":\"https:\\\/\\\/www.eldiario.net\\\/portal\\\/2021\\\/08\\\/02\\\/parlamentarios-piden-que-oea-y-ue-defiendan-auditoria-a-comicios-2019\\\/#article\",\"isPartOf\":{\"@id\":\"https:\\\/\\\/www.eldiario.net\\\/portal\\\/2021\\\/08\\\/02\\\/parlamentarios-piden-que-oea-y-ue-defiendan-auditoria-a-comicios-2019\\\/\"},\"author\":{\"name\":\"Jeanette\",\"@id\":\"https:\\\/\\\/www.eldiario.net\\\/portal\\\/#\\\/schema\\\/person\\\/2c57cf2b7a7ae032e449e4c9b1019eac\"},\"headline\":\"Parlamentarios piden que OEA y UE defiendan auditor\u00eda a comicios 2019\",\"datePublished\":\"2021-08-02T10:36:11+00:00\",\"mainEntityOfPage\":{\"@id\":\"https:\\\/\\\/www.eldiario.net\\\/portal\\\/2021\\\/08\\\/02\\\/parlamentarios-piden-que-oea-y-ue-defiendan-auditoria-a-comicios-2019\\\/\"},\"wordCount\":417,\"publisher\":{\"@id\":\"https:\\\/\\\/www.eldiario.net\\\/portal\\\/#organization\"},\"image\":{\"@id\":\"https:\\\/\\\/www.eldiario.net\\\/portal\\\/2021\\\/08\\\/02\\\/parlamentarios-piden-que-oea-y-ue-defiendan-auditoria-a-comicios-2019\\\/#primaryimage\"},\"thumbnailUrl\":\"\",\"articleSection\":[\"Pol\u00edtica\"],\"inLanguage\":\"es\"},{\"@type\":\"WebPage\",\"@id\":\"https:\\\/\\\/www.eldiario.net\\\/portal\\\/2021\\\/08\\\/02\\\/parlamentarios-piden-que-oea-y-ue-defiendan-auditoria-a-comicios-2019\\\/\",\"url\":\"https:\\\/\\\/www.eldiario.net\\\/portal\\\/2021\\\/08\\\/02\\\/parlamentarios-piden-que-oea-y-ue-defiendan-auditoria-a-comicios-2019\\\/\",\"name\":\"Parlamentarios piden que OEA y UE defiendan auditor\u00eda a comicios 2019 - El Diario - Bolivia\",\"isPartOf\":{\"@id\":\"https:\\\/\\\/www.eldiario.net\\\/portal\\\/#website\"},\"primaryImageOfPage\":{\"@id\":\"https:\\\/\\\/www.eldiario.net\\\/portal\\\/2021\\\/08\\\/02\\\/parlamentarios-piden-que-oea-y-ue-defiendan-auditoria-a-comicios-2019\\\/#primaryimage\"},\"image\":{\"@id\":\"https:\\\/\\\/www.eldiario.net\\\/portal\\\/2021\\\/08\\\/02\\\/parlamentarios-piden-que-oea-y-ue-defiendan-auditoria-a-comicios-2019\\\/#primaryimage\"},\"thumbnailUrl\":\"\",\"datePublished\":\"2021-08-02T10:36:11+00:00\",\"breadcrumb\":{\"@id\":\"https:\\\/\\\/www.eldiario.net\\\/portal\\\/2021\\\/08\\\/02\\\/parlamentarios-piden-que-oea-y-ue-defiendan-auditoria-a-comicios-2019\\\/#breadcrumb\"},\"inLanguage\":\"es\",\"potentialAction\":[{\"@type\":\"ReadAction\",\"target\":[\"https:\\\/\\\/www.eldiario.net\\\/portal\\\/2021\\\/08\\\/02\\\/parlamentarios-piden-que-oea-y-ue-defiendan-auditoria-a-comicios-2019\\\/\"]}]},{\"@type\":\"ImageObject\",\"inLanguage\":\"es\",\"@id\":\"https:\\\/\\\/www.eldiario.net\\\/portal\\\/2021\\\/08\\\/02\\\/parlamentarios-piden-que-oea-y-ue-defiendan-auditoria-a-comicios-2019\\\/#primaryimage\",\"url\":\"\",\"contentUrl\":\"\"},{\"@type\":\"BreadcrumbList\",\"@id\":\"https:\\\/\\\/www.eldiario.net\\\/portal\\\/2021\\\/08\\\/02\\\/parlamentarios-piden-que-oea-y-ue-defiendan-auditoria-a-comicios-2019\\\/#breadcrumb\",\"itemListElement\":[{\"@type\":\"ListItem\",\"position\":1,\"name\":\"Portada\",\"item\":\"https:\\\/\\\/www.eldiario.net\\\/portal\\\/\"},{\"@type\":\"ListItem\",\"position\":2,\"name\":\"Parlamentarios piden que OEA y UE defiendan auditor\u00eda a comicios 2019\"}]},{\"@type\":\"WebSite\",\"@id\":\"https:\\\/\\\/www.eldiario.net\\\/portal\\\/#website\",\"url\":\"https:\\\/\\\/www.eldiario.net\\\/portal\\\/\",\"name\":\"El Diario - Decano de la prensa nacional\",\"description\":\"El Diario - Decano de la prensa nacional\",\"publisher\":{\"@id\":\"https:\\\/\\\/www.eldiario.net\\\/portal\\\/#organization\"},\"potentialAction\":[{\"@type\":\"SearchAction\",\"target\":{\"@type\":\"EntryPoint\",\"urlTemplate\":\"https:\\\/\\\/www.eldiario.net\\\/portal\\\/?s={search_term_string}\"},\"query-input\":{\"@type\":\"PropertyValueSpecification\",\"valueRequired\":true,\"valueName\":\"search_term_string\"}}],\"inLanguage\":\"es\"},{\"@type\":\"Organization\",\"@id\":\"https:\\\/\\\/www.eldiario.net\\\/portal\\\/#organization\",\"name\":\"El Diario - Decano de la prensa nacional\",\"url\":\"https:\\\/\\\/www.eldiario.net\\\/portal\\\/\",\"logo\":{\"@type\":\"ImageObject\",\"inLanguage\":\"es\",\"@id\":\"https:\\\/\\\/www.eldiario.net\\\/portal\\\/#\\\/schema\\\/logo\\\/image\\\/\",\"url\":\"https:\\\/\\\/www.eldiario.net\\\/portal\\\/wp-content\\\/uploads\\\/2023\\\/07\\\/logo_ED.jpg\",\"contentUrl\":\"https:\\\/\\\/www.eldiario.net\\\/portal\\\/wp-content\\\/uploads\\\/2023\\\/07\\\/logo_ED.jpg\",\"width\":272,\"height\":52,\"caption\":\"El Diario - Decano de la prensa nacional\"},\"image\":{\"@id\":\"https:\\\/\\\/www.eldiario.net\\\/portal\\\/#\\\/schema\\\/logo\\\/image\\\/\"},\"sameAs\":[\"https:\\\/\\\/www.facebook.com\\\/eldiario.bolivia\\\/\",\"https:\\\/\\\/x.com\\\/eldiario_net\"]},{\"@type\":\"Person\",\"@id\":\"https:\\\/\\\/www.eldiario.net\\\/portal\\\/#\\\/schema\\\/person\\\/2c57cf2b7a7ae032e449e4c9b1019eac\",\"name\":\"Jeanette\",\"image\":{\"@type\":\"ImageObject\",\"inLanguage\":\"es\",\"@id\":\"https:\\\/\\\/secure.gravatar.com\\\/avatar\\\/3ea2118a5f7dad2b7138b1187a6b7ee55f160b9968b66013c3a3ef39dd7e5798?s=96&d=mm&r=g\",\"url\":\"https:\\\/\\\/secure.gravatar.com\\\/avatar\\\/3ea2118a5f7dad2b7138b1187a6b7ee55f160b9968b66013c3a3ef39dd7e5798?s=96&d=mm&r=g\",\"contentUrl\":\"https:\\\/\\\/secure.gravatar.com\\\/avatar\\\/3ea2118a5f7dad2b7138b1187a6b7ee55f160b9968b66013c3a3ef39dd7e5798?s=96&d=mm&r=g\",\"caption\":\"Jeanette\"},\"sameAs\":[\"https:\\\/\\\/www.eldiario.net\\\/portal\"],\"url\":\"https:\\\/\\\/www.eldiario.net\\\/portal\\\/author\\\/jeanette\\\/\"}]}<\/script>\n<!-- \/ Yoast SEO plugin. -->","yoast_head_json":{"title":"Parlamentarios piden que OEA y UE defiendan auditor\u00eda a comicios 2019 - El Diario - Bolivia","robots":{"index":"index","follow":"follow","max-snippet":"max-snippet:-1","max-image-preview":"max-image-preview:large","max-video-preview":"max-video-preview:-1"},"canonical":"https:\/\/www.eldiario.net\/portal\/2021\/08\/02\/parlamentarios-piden-que-oea-y-ue-defiendan-auditoria-a-comicios-2019\/","og_locale":"es_ES","og_type":"article","og_title":"Parlamentarios piden que OEA y UE defiendan auditor\u00eda a comicios 2019 - El Diario - Bolivia","og_description":"Luego de los pedidos expresados por el expresidente Jorge Quiroga Ram\u00edrez para que representantes de la Uni\u00f3n Europea (UE) se pronuncien sobre los estudios realizados a las elecciones de 2019, parlamentarios de oposici\u00f3n anunciaron que iniciar\u00e1n gestiones para que organismos internacionales que elaboraron la auditor\u00eda a este proceso electoral emitan posiciones oficiales sobre su validez. [&hellip;]","og_url":"https:\/\/www.eldiario.net\/portal\/2021\/08\/02\/parlamentarios-piden-que-oea-y-ue-defiendan-auditoria-a-comicios-2019\/","og_site_name":"El Diario - Bolivia","article_publisher":"https:\/\/www.facebook.com\/eldiario.bolivia\/","article_published_time":"2021-08-02T10:36:11+00:00","author":"Jeanette","twitter_card":"summary_large_image","twitter_creator":"@eldiario_net","twitter_site":"@eldiario_net","twitter_misc":{"Escrito por":"Jeanette","Tiempo de lectura":"2 minutos"},"schema":{"@context":"https:\/\/schema.org","@graph":[{"@type":"Article","@id":"https:\/\/www.eldiario.net\/portal\/2021\/08\/02\/parlamentarios-piden-que-oea-y-ue-defiendan-auditoria-a-comicios-2019\/#article","isPartOf":{"@id":"https:\/\/www.eldiario.net\/portal\/2021\/08\/02\/parlamentarios-piden-que-oea-y-ue-defiendan-auditoria-a-comicios-2019\/"},"author":{"name":"Jeanette","@id":"https:\/\/www.eldiario.net\/portal\/#\/schema\/person\/2c57cf2b7a7ae032e449e4c9b1019eac"},"headline":"Parlamentarios piden que OEA y UE defiendan auditor\u00eda a comicios 2019","datePublished":"2021-08-02T10:36:11+00:00","mainEntityOfPage":{"@id":"https:\/\/www.eldiario.net\/portal\/2021\/08\/02\/parlamentarios-piden-que-oea-y-ue-defiendan-auditoria-a-comicios-2019\/"},"wordCount":417,"publisher":{"@id":"https:\/\/www.eldiario.net\/portal\/#organization"},"image":{"@id":"https:\/\/www.eldiario.net\/portal\/2021\/08\/02\/parlamentarios-piden-que-oea-y-ue-defiendan-auditoria-a-comicios-2019\/#primaryimage"},"thumbnailUrl":"","articleSection":["Pol\u00edtica"],"inLanguage":"es"},{"@type":"WebPage","@id":"https:\/\/www.eldiario.net\/portal\/2021\/08\/02\/parlamentarios-piden-que-oea-y-ue-defiendan-auditoria-a-comicios-2019\/","url":"https:\/\/www.eldiario.net\/portal\/2021\/08\/02\/parlamentarios-piden-que-oea-y-ue-defiendan-auditoria-a-comicios-2019\/","name":"Parlamentarios piden que OEA y UE defiendan auditor\u00eda a comicios 2019 - El Diario - Bolivia","isPartOf":{"@id":"https:\/\/www.eldiario.net\/portal\/#website"},"primaryImageOfPage":{"@id":"https:\/\/www.eldiario.net\/portal\/2021\/08\/02\/parlamentarios-piden-que-oea-y-ue-defiendan-auditoria-a-comicios-2019\/#primaryimage"},"image":{"@id":"https:\/\/www.eldiario.net\/portal\/2021\/08\/02\/parlamentarios-piden-que-oea-y-ue-defiendan-auditoria-a-comicios-2019\/#primaryimage"},"thumbnailUrl":"","datePublished":"2021-08-02T10:36:11+00:00","breadcrumb":{"@id":"https:\/\/www.eldiario.net\/portal\/2021\/08\/02\/parlamentarios-piden-que-oea-y-ue-defiendan-auditoria-a-comicios-2019\/#breadcrumb"},"inLanguage":"es","potentialAction":[{"@type":"ReadAction","target":["https:\/\/www.eldiario.net\/portal\/2021\/08\/02\/parlamentarios-piden-que-oea-y-ue-defiendan-auditoria-a-comicios-2019\/"]}]},{"@type":"ImageObject","inLanguage":"es","@id":"https:\/\/www.eldiario.net\/portal\/2021\/08\/02\/parlamentarios-piden-que-oea-y-ue-defiendan-auditoria-a-comicios-2019\/#primaryimage","url":"","contentUrl":""},{"@type":"BreadcrumbList","@id":"https:\/\/www.eldiario.net\/portal\/2021\/08\/02\/parlamentarios-piden-que-oea-y-ue-defiendan-auditoria-a-comicios-2019\/#breadcrumb","itemListElement":[{"@type":"ListItem","position":1,"name":"Portada","item":"https:\/\/www.eldiario.net\/portal\/"},{"@type":"ListItem","position":2,"name":"Parlamentarios piden que OEA y UE defiendan auditor\u00eda a comicios 2019"}]},{"@type":"WebSite","@id":"https:\/\/www.eldiario.net\/portal\/#website","url":"https:\/\/www.eldiario.net\/portal\/","name":"El Diario - Decano de la prensa nacional","description":"El Diario - Decano de la prensa nacional","publisher":{"@id":"https:\/\/www.eldiario.net\/portal\/#organization"},"potentialAction":[{"@type":"SearchAction","target":{"@type":"EntryPoint","urlTemplate":"https:\/\/www.eldiario.net\/portal\/?s={search_term_string}"},"query-input":{"@type":"PropertyValueSpecification","valueRequired":true,"valueName":"search_term_string"}}],"inLanguage":"es"},{"@type":"Organization","@id":"https:\/\/www.eldiario.net\/portal\/#organization","name":"El Diario - Decano de la prensa nacional","url":"https:\/\/www.eldiario.net\/portal\/","logo":{"@type":"ImageObject","inLanguage":"es","@id":"https:\/\/www.eldiario.net\/portal\/#\/schema\/logo\/image\/","url":"https:\/\/www.eldiario.net\/portal\/wp-content\/uploads\/2023\/07\/logo_ED.jpg","contentUrl":"https:\/\/www.eldiario.net\/portal\/wp-content\/uploads\/2023\/07\/logo_ED.jpg","width":272,"height":52,"caption":"El Diario - Decano de la prensa nacional"},"image":{"@id":"https:\/\/www.eldiario.net\/portal\/#\/schema\/logo\/image\/"},"sameAs":["https:\/\/www.facebook.com\/eldiario.bolivia\/","https:\/\/x.com\/eldiario_net"]},{"@type":"Person","@id":"https:\/\/www.eldiario.net\/portal\/#\/schema\/person\/2c57cf2b7a7ae032e449e4c9b1019eac","name":"Jeanette","image":{"@type":"ImageObject","inLanguage":"es","@id":"https:\/\/secure.gravatar.com\/avatar\/3ea2118a5f7dad2b7138b1187a6b7ee55f160b9968b66013c3a3ef39dd7e5798?s=96&d=mm&r=g","url":"https:\/\/secure.gravatar.com\/avatar\/3ea2118a5f7dad2b7138b1187a6b7ee55f160b9968b66013c3a3ef39dd7e5798?s=96&d=mm&r=g","contentUrl":"https:\/\/secure.gravatar.com\/avatar\/3ea2118a5f7dad2b7138b1187a6b7ee55f160b9968b66013c3a3ef39dd7e5798?s=96&d=mm&r=g","caption":"Jeanette"},"sameAs":["https:\/\/www.eldiario.net\/portal"],"url":"https:\/\/www.eldiario.net\/portal\/author\/jeanette\/"}]}},"_links":{"self":[{"href":"https:\/\/www.eldiario.net\/portal\/wp-json\/wp\/v2\/posts\/20934","targetHints":{"allow":["GET"]}}],"collection":[{"href":"https:\/\/www.eldiario.net\/portal\/wp-json\/wp\/v2\/posts"}],"about":[{"href":"https:\/\/www.eldiario.net\/portal\/wp-json\/wp\/v2\/types\/post"}],"author":[{"embeddable":true,"href":"https:\/\/www.eldiario.net\/portal\/wp-json\/wp\/v2\/users\/1"}],"replies":[{"embeddable":true,"href":"https:\/\/www.eldiario.net\/portal\/wp-json\/wp\/v2\/comments?post=20934"}],"version-history":[{"count":0,"href":"https:\/\/www.eldiario.net\/portal\/wp-json\/wp\/v2\/posts\/20934\/revisions"}],"wp:attachment":[{"href":"https:\/\/www.eldiario.net\/portal\/wp-json\/wp\/v2\/media?parent=20934"}],"wp:term":[{"taxonomy":"category","embeddable":true,"href":"https:\/\/www.eldiario.net\/portal\/wp-json\/wp\/v2\/categories?post=20934"},{"taxonomy":"post_tag","embeddable":true,"href":"https:\/\/www.eldiario.net\/portal\/wp-json\/wp\/v2\/tags?post=20934"}],"curies":[{"name":"wp","href":"https:\/\/api.w.org\/{rel}","templated":true}]}}