{"id":20931,"date":"2021-08-02T06:35:04","date_gmt":"2021-08-02T10:35:04","guid":{"rendered":"https:\/\/www.eldiario.net\/portal\/?p=20931"},"modified":"2021-08-02T06:35:04","modified_gmt":"2021-08-02T10:35:04","slug":"arce-debe-pedir-disculpas-por-no-cumplir-promesas","status":"publish","type":"post","link":"https:\/\/www.eldiario.net\/portal\/2021\/08\/02\/arce-debe-pedir-disculpas-por-no-cumplir-promesas\/","title":{"rendered":"Arce debe pedir disculpas por no cumplir promesas"},"content":{"rendered":"<p>A causa del incumplimiento de promesas sobre la dotaci\u00f3n de vacunas y ante la deficiente atenci\u00f3n a las necesidades de la poblaci\u00f3n en las \u00e1reas de salud, educaci\u00f3n y reactivaci\u00f3n econ\u00f3mica, los legisladores de oposici\u00f3n se\u00f1alan que el presidente Luis Arce Catacora debe pedir perd\u00f3n al pueblo boliviano durante su menaje a la naci\u00f3n, el pr\u00f3ximo 6 de agosto.<br \/>\nEl diputado por Comunidad Ciudadana, Alejandro Reyes, manifest\u00f3 que el primer mandatario deber\u00eda pedir perd\u00f3n a los bolivianos por no haber logrado cumplir con las promesas efectuadas antes de asumir el cargo.<br \/>\nReyes lament\u00f3 que pese a no cumplir con lo prometido en relaci\u00f3n a la crisis sanitaria, educativa y la anhelada reactivaci\u00f3n econ\u00f3mica, el gobierno de Arce insista en confrontar a la poblaci\u00f3n mediante la persecuci\u00f3n pol\u00edtica y la manipulaci\u00f3n de la justicia para atacar a la oposici\u00f3n, en momentos en que es necesario promover la paz social.<br \/>\n\u201cTendr\u00eda que pedir disculpas a toda la poblaci\u00f3n por incumplir absolutamente todas sus promesas, por jugar con la salud de los bolivianos, por no hacer nada por la reactivaci\u00f3n, y lo peor de todo, seguir confrontando a los bolivianos en un momento que necesitamos paz\u201d, manifest\u00f3 el legislador.<br \/>\nPara el diputado por el Movimiento al Socialismo, Juanito Angulo, en el mensaje que emita la primera autoridad del pa\u00eds, se informar\u00e1 sobre todas las pol\u00edticas aplicadas por el Gobierno para luchar contra la pandemia y sobre todo para revertir las desacertadas determinaciones del Gobierno transitorio.<br \/>\nAdelant\u00f3 que el mensaje de Arce estar\u00e1 caracterizado por enviar un mensaje de paz y unidad al pa\u00eds.<\/p>\n","protected":false},"excerpt":{"rendered":"<p>A causa del incumplimiento de promesas sobre la dotaci\u00f3n de vacunas y ante la deficiente atenci\u00f3n a las necesidades de la poblaci\u00f3n en las \u00e1reas de salud, educaci\u00f3n y reactivaci\u00f3n econ\u00f3mica, los legisladores de oposici\u00f3n se\u00f1alan que el presidente Luis Arce Catacora debe pedir perd\u00f3n al pueblo boliviano durante su menaje a la naci\u00f3n, el [&hellip;]<\/p>\n","protected":false},"author":1,"featured_media":20932,"comment_status":"closed","ping_status":"closed","sticky":false,"template":"","format":"standard","meta":{"_acf_changed":false,"footnotes":""},"categories":[15],"tags":[],"class_list":["post-20931","post","type-post","status-publish","format-standard","has-post-thumbnail","category-portada"],"acf":{"antetitulo":""},"yoast_head":"<!-- This site is optimized with the Yoast SEO plugin v28.4 - https:\/\/yoast.com\/product\/yoast-seo-wordpress\/ -->\n<title>Arce debe pedir disculpas por no cumplir promesas - El Diario - Bolivia<\/title>\n<meta name=\"robots\" content=\"index, follow, max-snippet:-1, max-image-preview:large, max-video-preview:-1\" \/>\n<link rel=\"canonical\" href=\"https:\/\/www.eldiario.net\/portal\/2021\/08\/02\/arce-debe-pedir-disculpas-por-no-cumplir-promesas\/\" \/>\n<meta property=\"og:locale\" content=\"es_ES\" \/>\n<meta property=\"og:type\" content=\"article\" \/>\n<meta property=\"og:title\" content=\"Arce debe pedir disculpas por no cumplir promesas - El Diario - Bolivia\" \/>\n<meta property=\"og:description\" content=\"A causa del incumplimiento de promesas sobre la dotaci\u00f3n de vacunas y ante la deficiente atenci\u00f3n a las necesidades de la poblaci\u00f3n en las \u00e1reas de salud, educaci\u00f3n y reactivaci\u00f3n econ\u00f3mica, los legisladores de oposici\u00f3n se\u00f1alan que el presidente Luis Arce Catacora debe pedir perd\u00f3n al pueblo boliviano durante su menaje a la naci\u00f3n, el [&hellip;]\" \/>\n<meta property=\"og:url\" content=\"https:\/\/www.eldiario.net\/portal\/2021\/08\/02\/arce-debe-pedir-disculpas-por-no-cumplir-promesas\/\" \/>\n<meta property=\"og:site_name\" content=\"El Diario - Bolivia\" \/>\n<meta property=\"article:publisher\" content=\"https:\/\/www.facebook.com\/eldiario.bolivia\/\" \/>\n<meta property=\"article:published_time\" content=\"2021-08-02T10:35:04+00:00\" \/>\n<meta name=\"author\" content=\"Jeanette\" \/>\n<meta name=\"twitter:card\" content=\"summary_large_image\" \/>\n<meta name=\"twitter:creator\" content=\"@eldiario_net\" \/>\n<meta name=\"twitter:site\" content=\"@eldiario_net\" \/>\n<meta name=\"twitter:label1\" content=\"Escrito por\" \/>\n\t<meta name=\"twitter:data1\" content=\"Jeanette\" \/>\n\t<meta name=\"twitter:label2\" content=\"Tiempo de lectura\" \/>\n\t<meta name=\"twitter:data2\" content=\"2 minutos\" \/>\n<script type=\"application\/ld+json\" class=\"yoast-schema-graph\">{\"@context\":\"https:\\\/\\\/schema.org\",\"@graph\":[{\"@type\":\"Article\",\"@id\":\"https:\\\/\\\/www.eldiario.net\\\/portal\\\/2021\\\/08\\\/02\\\/arce-debe-pedir-disculpas-por-no-cumplir-promesas\\\/#article\",\"isPartOf\":{\"@id\":\"https:\\\/\\\/www.eldiario.net\\\/portal\\\/2021\\\/08\\\/02\\\/arce-debe-pedir-disculpas-por-no-cumplir-promesas\\\/\"},\"author\":{\"name\":\"Jeanette\",\"@id\":\"https:\\\/\\\/www.eldiario.net\\\/portal\\\/#\\\/schema\\\/person\\\/2c57cf2b7a7ae032e449e4c9b1019eac\"},\"headline\":\"Arce debe pedir disculpas por no cumplir promesas\",\"datePublished\":\"2021-08-02T10:35:04+00:00\",\"mainEntityOfPage\":{\"@id\":\"https:\\\/\\\/www.eldiario.net\\\/portal\\\/2021\\\/08\\\/02\\\/arce-debe-pedir-disculpas-por-no-cumplir-promesas\\\/\"},\"wordCount\":294,\"publisher\":{\"@id\":\"https:\\\/\\\/www.eldiario.net\\\/portal\\\/#organization\"},\"image\":{\"@id\":\"https:\\\/\\\/www.eldiario.net\\\/portal\\\/2021\\\/08\\\/02\\\/arce-debe-pedir-disculpas-por-no-cumplir-promesas\\\/#primaryimage\"},\"thumbnailUrl\":\"\",\"articleSection\":[\"Portada\"],\"inLanguage\":\"es\"},{\"@type\":\"WebPage\",\"@id\":\"https:\\\/\\\/www.eldiario.net\\\/portal\\\/2021\\\/08\\\/02\\\/arce-debe-pedir-disculpas-por-no-cumplir-promesas\\\/\",\"url\":\"https:\\\/\\\/www.eldiario.net\\\/portal\\\/2021\\\/08\\\/02\\\/arce-debe-pedir-disculpas-por-no-cumplir-promesas\\\/\",\"name\":\"Arce debe pedir disculpas por no cumplir promesas - El Diario - Bolivia\",\"isPartOf\":{\"@id\":\"https:\\\/\\\/www.eldiario.net\\\/portal\\\/#website\"},\"primaryImageOfPage\":{\"@id\":\"https:\\\/\\\/www.eldiario.net\\\/portal\\\/2021\\\/08\\\/02\\\/arce-debe-pedir-disculpas-por-no-cumplir-promesas\\\/#primaryimage\"},\"image\":{\"@id\":\"https:\\\/\\\/www.eldiario.net\\\/portal\\\/2021\\\/08\\\/02\\\/arce-debe-pedir-disculpas-por-no-cumplir-promesas\\\/#primaryimage\"},\"thumbnailUrl\":\"\",\"datePublished\":\"2021-08-02T10:35:04+00:00\",\"breadcrumb\":{\"@id\":\"https:\\\/\\\/www.eldiario.net\\\/portal\\\/2021\\\/08\\\/02\\\/arce-debe-pedir-disculpas-por-no-cumplir-promesas\\\/#breadcrumb\"},\"inLanguage\":\"es\",\"potentialAction\":[{\"@type\":\"ReadAction\",\"target\":[\"https:\\\/\\\/www.eldiario.net\\\/portal\\\/2021\\\/08\\\/02\\\/arce-debe-pedir-disculpas-por-no-cumplir-promesas\\\/\"]}]},{\"@type\":\"ImageObject\",\"inLanguage\":\"es\",\"@id\":\"https:\\\/\\\/www.eldiario.net\\\/portal\\\/2021\\\/08\\\/02\\\/arce-debe-pedir-disculpas-por-no-cumplir-promesas\\\/#primaryimage\",\"url\":\"\",\"contentUrl\":\"\"},{\"@type\":\"BreadcrumbList\",\"@id\":\"https:\\\/\\\/www.eldiario.net\\\/portal\\\/2021\\\/08\\\/02\\\/arce-debe-pedir-disculpas-por-no-cumplir-promesas\\\/#breadcrumb\",\"itemListElement\":[{\"@type\":\"ListItem\",\"position\":1,\"name\":\"Portada\",\"item\":\"https:\\\/\\\/www.eldiario.net\\\/portal\\\/\"},{\"@type\":\"ListItem\",\"position\":2,\"name\":\"Arce debe pedir disculpas por no cumplir promesas\"}]},{\"@type\":\"WebSite\",\"@id\":\"https:\\\/\\\/www.eldiario.net\\\/portal\\\/#website\",\"url\":\"https:\\\/\\\/www.eldiario.net\\\/portal\\\/\",\"name\":\"El Diario - Decano de la prensa nacional\",\"description\":\"El Diario - Decano de la prensa nacional\",\"publisher\":{\"@id\":\"https:\\\/\\\/www.eldiario.net\\\/portal\\\/#organization\"},\"potentialAction\":[{\"@type\":\"SearchAction\",\"target\":{\"@type\":\"EntryPoint\",\"urlTemplate\":\"https:\\\/\\\/www.eldiario.net\\\/portal\\\/?s={search_term_string}\"},\"query-input\":{\"@type\":\"PropertyValueSpecification\",\"valueRequired\":true,\"valueName\":\"search_term_string\"}}],\"inLanguage\":\"es\"},{\"@type\":\"Organization\",\"@id\":\"https:\\\/\\\/www.eldiario.net\\\/portal\\\/#organization\",\"name\":\"El Diario - Decano de la prensa nacional\",\"url\":\"https:\\\/\\\/www.eldiario.net\\\/portal\\\/\",\"logo\":{\"@type\":\"ImageObject\",\"inLanguage\":\"es\",\"@id\":\"https:\\\/\\\/www.eldiario.net\\\/portal\\\/#\\\/schema\\\/logo\\\/image\\\/\",\"url\":\"https:\\\/\\\/www.eldiario.net\\\/portal\\\/wp-content\\\/uploads\\\/2023\\\/07\\\/logo_ED.jpg\",\"contentUrl\":\"https:\\\/\\\/www.eldiario.net\\\/portal\\\/wp-content\\\/uploads\\\/2023\\\/07\\\/logo_ED.jpg\",\"width\":272,\"height\":52,\"caption\":\"El Diario - Decano de la prensa nacional\"},\"image\":{\"@id\":\"https:\\\/\\\/www.eldiario.net\\\/portal\\\/#\\\/schema\\\/logo\\\/image\\\/\"},\"sameAs\":[\"https:\\\/\\\/www.facebook.com\\\/eldiario.bolivia\\\/\",\"https:\\\/\\\/x.com\\\/eldiario_net\"]},{\"@type\":\"Person\",\"@id\":\"https:\\\/\\\/www.eldiario.net\\\/portal\\\/#\\\/schema\\\/person\\\/2c57cf2b7a7ae032e449e4c9b1019eac\",\"name\":\"Jeanette\",\"image\":{\"@type\":\"ImageObject\",\"inLanguage\":\"es\",\"@id\":\"https:\\\/\\\/secure.gravatar.com\\\/avatar\\\/3ea2118a5f7dad2b7138b1187a6b7ee55f160b9968b66013c3a3ef39dd7e5798?s=96&d=mm&r=g\",\"url\":\"https:\\\/\\\/secure.gravatar.com\\\/avatar\\\/3ea2118a5f7dad2b7138b1187a6b7ee55f160b9968b66013c3a3ef39dd7e5798?s=96&d=mm&r=g\",\"contentUrl\":\"https:\\\/\\\/secure.gravatar.com\\\/avatar\\\/3ea2118a5f7dad2b7138b1187a6b7ee55f160b9968b66013c3a3ef39dd7e5798?s=96&d=mm&r=g\",\"caption\":\"Jeanette\"},\"sameAs\":[\"https:\\\/\\\/www.eldiario.net\\\/portal\"],\"url\":\"https:\\\/\\\/www.eldiario.net\\\/portal\\\/author\\\/jeanette\\\/\"}]}<\/script>\n<!-- \/ Yoast SEO plugin. -->","yoast_head_json":{"title":"Arce debe pedir disculpas por no cumplir promesas - El Diario - Bolivia","robots":{"index":"index","follow":"follow","max-snippet":"max-snippet:-1","max-image-preview":"max-image-preview:large","max-video-preview":"max-video-preview:-1"},"canonical":"https:\/\/www.eldiario.net\/portal\/2021\/08\/02\/arce-debe-pedir-disculpas-por-no-cumplir-promesas\/","og_locale":"es_ES","og_type":"article","og_title":"Arce debe pedir disculpas por no cumplir promesas - El Diario - Bolivia","og_description":"A causa del incumplimiento de promesas sobre la dotaci\u00f3n de vacunas y ante la deficiente atenci\u00f3n a las necesidades de la poblaci\u00f3n en las \u00e1reas de salud, educaci\u00f3n y reactivaci\u00f3n econ\u00f3mica, los legisladores de oposici\u00f3n se\u00f1alan que el presidente Luis Arce Catacora debe pedir perd\u00f3n al pueblo boliviano durante su menaje a la naci\u00f3n, el [&hellip;]","og_url":"https:\/\/www.eldiario.net\/portal\/2021\/08\/02\/arce-debe-pedir-disculpas-por-no-cumplir-promesas\/","og_site_name":"El Diario - Bolivia","article_publisher":"https:\/\/www.facebook.com\/eldiario.bolivia\/","article_published_time":"2021-08-02T10:35:04+00:00","author":"Jeanette","twitter_card":"summary_large_image","twitter_creator":"@eldiario_net","twitter_site":"@eldiario_net","twitter_misc":{"Escrito por":"Jeanette","Tiempo de lectura":"2 minutos"},"schema":{"@context":"https:\/\/schema.org","@graph":[{"@type":"Article","@id":"https:\/\/www.eldiario.net\/portal\/2021\/08\/02\/arce-debe-pedir-disculpas-por-no-cumplir-promesas\/#article","isPartOf":{"@id":"https:\/\/www.eldiario.net\/portal\/2021\/08\/02\/arce-debe-pedir-disculpas-por-no-cumplir-promesas\/"},"author":{"name":"Jeanette","@id":"https:\/\/www.eldiario.net\/portal\/#\/schema\/person\/2c57cf2b7a7ae032e449e4c9b1019eac"},"headline":"Arce debe pedir disculpas por no cumplir promesas","datePublished":"2021-08-02T10:35:04+00:00","mainEntityOfPage":{"@id":"https:\/\/www.eldiario.net\/portal\/2021\/08\/02\/arce-debe-pedir-disculpas-por-no-cumplir-promesas\/"},"wordCount":294,"publisher":{"@id":"https:\/\/www.eldiario.net\/portal\/#organization"},"image":{"@id":"https:\/\/www.eldiario.net\/portal\/2021\/08\/02\/arce-debe-pedir-disculpas-por-no-cumplir-promesas\/#primaryimage"},"thumbnailUrl":"","articleSection":["Portada"],"inLanguage":"es"},{"@type":"WebPage","@id":"https:\/\/www.eldiario.net\/portal\/2021\/08\/02\/arce-debe-pedir-disculpas-por-no-cumplir-promesas\/","url":"https:\/\/www.eldiario.net\/portal\/2021\/08\/02\/arce-debe-pedir-disculpas-por-no-cumplir-promesas\/","name":"Arce debe pedir disculpas por no cumplir promesas - El Diario - Bolivia","isPartOf":{"@id":"https:\/\/www.eldiario.net\/portal\/#website"},"primaryImageOfPage":{"@id":"https:\/\/www.eldiario.net\/portal\/2021\/08\/02\/arce-debe-pedir-disculpas-por-no-cumplir-promesas\/#primaryimage"},"image":{"@id":"https:\/\/www.eldiario.net\/portal\/2021\/08\/02\/arce-debe-pedir-disculpas-por-no-cumplir-promesas\/#primaryimage"},"thumbnailUrl":"","datePublished":"2021-08-02T10:35:04+00:00","breadcrumb":{"@id":"https:\/\/www.eldiario.net\/portal\/2021\/08\/02\/arce-debe-pedir-disculpas-por-no-cumplir-promesas\/#breadcrumb"},"inLanguage":"es","potentialAction":[{"@type":"ReadAction","target":["https:\/\/www.eldiario.net\/portal\/2021\/08\/02\/arce-debe-pedir-disculpas-por-no-cumplir-promesas\/"]}]},{"@type":"ImageObject","inLanguage":"es","@id":"https:\/\/www.eldiario.net\/portal\/2021\/08\/02\/arce-debe-pedir-disculpas-por-no-cumplir-promesas\/#primaryimage","url":"","contentUrl":""},{"@type":"BreadcrumbList","@id":"https:\/\/www.eldiario.net\/portal\/2021\/08\/02\/arce-debe-pedir-disculpas-por-no-cumplir-promesas\/#breadcrumb","itemListElement":[{"@type":"ListItem","position":1,"name":"Portada","item":"https:\/\/www.eldiario.net\/portal\/"},{"@type":"ListItem","position":2,"name":"Arce debe pedir disculpas por no cumplir promesas"}]},{"@type":"WebSite","@id":"https:\/\/www.eldiario.net\/portal\/#website","url":"https:\/\/www.eldiario.net\/portal\/","name":"El Diario - Decano de la prensa nacional","description":"El Diario - Decano de la prensa nacional","publisher":{"@id":"https:\/\/www.eldiario.net\/portal\/#organization"},"potentialAction":[{"@type":"SearchAction","target":{"@type":"EntryPoint","urlTemplate":"https:\/\/www.eldiario.net\/portal\/?s={search_term_string}"},"query-input":{"@type":"PropertyValueSpecification","valueRequired":true,"valueName":"search_term_string"}}],"inLanguage":"es"},{"@type":"Organization","@id":"https:\/\/www.eldiario.net\/portal\/#organization","name":"El Diario - Decano de la prensa nacional","url":"https:\/\/www.eldiario.net\/portal\/","logo":{"@type":"ImageObject","inLanguage":"es","@id":"https:\/\/www.eldiario.net\/portal\/#\/schema\/logo\/image\/","url":"https:\/\/www.eldiario.net\/portal\/wp-content\/uploads\/2023\/07\/logo_ED.jpg","contentUrl":"https:\/\/www.eldiario.net\/portal\/wp-content\/uploads\/2023\/07\/logo_ED.jpg","width":272,"height":52,"caption":"El Diario - Decano de la prensa nacional"},"image":{"@id":"https:\/\/www.eldiario.net\/portal\/#\/schema\/logo\/image\/"},"sameAs":["https:\/\/www.facebook.com\/eldiario.bolivia\/","https:\/\/x.com\/eldiario_net"]},{"@type":"Person","@id":"https:\/\/www.eldiario.net\/portal\/#\/schema\/person\/2c57cf2b7a7ae032e449e4c9b1019eac","name":"Jeanette","image":{"@type":"ImageObject","inLanguage":"es","@id":"https:\/\/secure.gravatar.com\/avatar\/3ea2118a5f7dad2b7138b1187a6b7ee55f160b9968b66013c3a3ef39dd7e5798?s=96&d=mm&r=g","url":"https:\/\/secure.gravatar.com\/avatar\/3ea2118a5f7dad2b7138b1187a6b7ee55f160b9968b66013c3a3ef39dd7e5798?s=96&d=mm&r=g","contentUrl":"https:\/\/secure.gravatar.com\/avatar\/3ea2118a5f7dad2b7138b1187a6b7ee55f160b9968b66013c3a3ef39dd7e5798?s=96&d=mm&r=g","caption":"Jeanette"},"sameAs":["https:\/\/www.eldiario.net\/portal"],"url":"https:\/\/www.eldiario.net\/portal\/author\/jeanette\/"}]}},"_links":{"self":[{"href":"https:\/\/www.eldiario.net\/portal\/wp-json\/wp\/v2\/posts\/20931","targetHints":{"allow":["GET"]}}],"collection":[{"href":"https:\/\/www.eldiario.net\/portal\/wp-json\/wp\/v2\/posts"}],"about":[{"href":"https:\/\/www.eldiario.net\/portal\/wp-json\/wp\/v2\/types\/post"}],"author":[{"embeddable":true,"href":"https:\/\/www.eldiario.net\/portal\/wp-json\/wp\/v2\/users\/1"}],"replies":[{"embeddable":true,"href":"https:\/\/www.eldiario.net\/portal\/wp-json\/wp\/v2\/comments?post=20931"}],"version-history":[{"count":0,"href":"https:\/\/www.eldiario.net\/portal\/wp-json\/wp\/v2\/posts\/20931\/revisions"}],"wp:attachment":[{"href":"https:\/\/www.eldiario.net\/portal\/wp-json\/wp\/v2\/media?parent=20931"}],"wp:term":[{"taxonomy":"category","embeddable":true,"href":"https:\/\/www.eldiario.net\/portal\/wp-json\/wp\/v2\/categories?post=20931"},{"taxonomy":"post_tag","embeddable":true,"href":"https:\/\/www.eldiario.net\/portal\/wp-json\/wp\/v2\/tags?post=20931"}],"curies":[{"name":"wp","href":"https:\/\/api.w.org\/{rel}","templated":true}]}}