{"id":20928,"date":"2021-08-02T06:34:02","date_gmt":"2021-08-02T10:34:02","guid":{"rendered":"https:\/\/www.eldiario.net\/portal\/?p=20928"},"modified":"2021-08-02T06:34:02","modified_gmt":"2021-08-02T10:34:02","slug":"continuan-cuestionamientos-ante-falta-de-vacunas-rusas","status":"publish","type":"post","link":"https:\/\/www.eldiario.net\/portal\/2021\/08\/02\/continuan-cuestionamientos-ante-falta-de-vacunas-rusas\/","title":{"rendered":"Contin\u00faan cuestionamientos  ante falta de vacunas rusas"},"content":{"rendered":"<p>Frente a la escasez de la segunda dosis de la vacuna rusa Sputnik-V para la inmunizaci\u00f3n de la poblaci\u00f3n que ya recibi\u00f3 este f\u00e1rmaco en su primera fase, el diputado por Comunidad Ciudadana (CC) Alejandro Reyes, cuestion\u00f3 la falta de capacidad de autoridades en salud del Gobierno para gestionar la compra de m\u00e1s inmunizantes.<br \/>\nReyes sostuvo que es una irresponsabilidad por parte de autoridades sanitarias el no haber tomado los recaudos suficientes antes de iniciar la vacunaci\u00f3n con las dosis de origen ruso, sin contar con la seguridad del suministro de las segundas dosis para la poblaci\u00f3n.<br \/>\n\u201cNo han sido capaces de garantizar c\u00f3mo van a comprar una primera dosis sin saber si se va poder traer la segunda dosis o si se va hacer en el lugar de origen, es una irresponsabilidad por parte del Gobierno\u201d, manifest\u00f3 el legislador.<br \/>\nSobre la producci\u00f3n de vacunas y su entrega a pa\u00edses del continente por parte del Gobierno ruso, Reyes se\u00f1al\u00f3 que desde el Gobierno se debe evitar que se especule con los tiempos de inmunizaci\u00f3n, pues los constantes comunicados sobre el tiempo de vacunaci\u00f3n y la inmunidad de solo una primera dosis hacen pensar que se est\u00e1n haciendo pruebas con la poblaci\u00f3n.<br \/>\n\u201cNo podemos seguir siendo el conejillo de indias de los pa\u00edses que est\u00e1n desarrollando las vacunas, en este caso, Rusia est\u00e1 desarrollando las vacunas y las est\u00e1 probando con nosotros\u201d, indic\u00f3 el parlamentario.<br \/>\nDesde el Gobierno, el ministro de Educaci\u00f3n Adri\u00e1n Quelca minimiz\u00f3 la falta de la segunda dosis y las cr\u00edticas al proceso de vacunaci\u00f3n, se\u00f1alando que durante la gesti\u00f3n del gobierno transitorio se produjeron errores mayores en la atenci\u00f3n de la salud y educaci\u00f3n.<\/p>\n","protected":false},"excerpt":{"rendered":"<p>Frente a la escasez de la segunda dosis de la vacuna rusa Sputnik-V para la inmunizaci\u00f3n de la poblaci\u00f3n que ya recibi\u00f3 este f\u00e1rmaco en su primera fase, el diputado por Comunidad Ciudadana (CC) Alejandro Reyes, cuestion\u00f3 la falta de capacidad de autoridades en salud del Gobierno para gestionar la compra de m\u00e1s inmunizantes. Reyes [&hellip;]<\/p>\n","protected":false},"author":1,"featured_media":20929,"comment_status":"closed","ping_status":"closed","sticky":false,"template":"","format":"standard","meta":{"_acf_changed":false,"footnotes":""},"categories":[14],"tags":[],"class_list":["post-20928","post","type-post","status-publish","format-standard","has-post-thumbnail","category-politica"],"acf":{"antetitulo":""},"yoast_head":"<!-- This site is optimized with the Yoast SEO plugin v28.4 - https:\/\/yoast.com\/product\/yoast-seo-wordpress\/ -->\n<title>Contin\u00faan cuestionamientos ante falta de vacunas rusas - El Diario - Bolivia<\/title>\n<meta name=\"robots\" content=\"index, follow, max-snippet:-1, max-image-preview:large, max-video-preview:-1\" \/>\n<link rel=\"canonical\" href=\"https:\/\/www.eldiario.net\/portal\/2021\/08\/02\/continuan-cuestionamientos-ante-falta-de-vacunas-rusas\/\" \/>\n<meta property=\"og:locale\" content=\"es_ES\" \/>\n<meta property=\"og:type\" content=\"article\" \/>\n<meta property=\"og:title\" content=\"Contin\u00faan cuestionamientos ante falta de vacunas rusas - El Diario - Bolivia\" \/>\n<meta property=\"og:description\" content=\"Frente a la escasez de la segunda dosis de la vacuna rusa Sputnik-V para la inmunizaci\u00f3n de la poblaci\u00f3n que ya recibi\u00f3 este f\u00e1rmaco en su primera fase, el diputado por Comunidad Ciudadana (CC) Alejandro Reyes, cuestion\u00f3 la falta de capacidad de autoridades en salud del Gobierno para gestionar la compra de m\u00e1s inmunizantes. Reyes [&hellip;]\" \/>\n<meta property=\"og:url\" content=\"https:\/\/www.eldiario.net\/portal\/2021\/08\/02\/continuan-cuestionamientos-ante-falta-de-vacunas-rusas\/\" \/>\n<meta property=\"og:site_name\" content=\"El Diario - Bolivia\" \/>\n<meta property=\"article:publisher\" content=\"https:\/\/www.facebook.com\/eldiario.bolivia\/\" \/>\n<meta property=\"article:published_time\" content=\"2021-08-02T10:34:02+00:00\" \/>\n<meta name=\"author\" content=\"Jeanette\" \/>\n<meta name=\"twitter:card\" content=\"summary_large_image\" \/>\n<meta name=\"twitter:creator\" content=\"@eldiario_net\" \/>\n<meta name=\"twitter:site\" content=\"@eldiario_net\" \/>\n<meta name=\"twitter:label1\" content=\"Escrito por\" \/>\n\t<meta name=\"twitter:data1\" content=\"Jeanette\" \/>\n\t<meta name=\"twitter:label2\" content=\"Tiempo de lectura\" \/>\n\t<meta name=\"twitter:data2\" content=\"2 minutos\" \/>\n<script type=\"application\/ld+json\" class=\"yoast-schema-graph\">{\"@context\":\"https:\\\/\\\/schema.org\",\"@graph\":[{\"@type\":\"Article\",\"@id\":\"https:\\\/\\\/www.eldiario.net\\\/portal\\\/2021\\\/08\\\/02\\\/continuan-cuestionamientos-ante-falta-de-vacunas-rusas\\\/#article\",\"isPartOf\":{\"@id\":\"https:\\\/\\\/www.eldiario.net\\\/portal\\\/2021\\\/08\\\/02\\\/continuan-cuestionamientos-ante-falta-de-vacunas-rusas\\\/\"},\"author\":{\"name\":\"Jeanette\",\"@id\":\"https:\\\/\\\/www.eldiario.net\\\/portal\\\/#\\\/schema\\\/person\\\/2c57cf2b7a7ae032e449e4c9b1019eac\"},\"headline\":\"Contin\u00faan cuestionamientos ante falta de vacunas rusas\",\"datePublished\":\"2021-08-02T10:34:02+00:00\",\"mainEntityOfPage\":{\"@id\":\"https:\\\/\\\/www.eldiario.net\\\/portal\\\/2021\\\/08\\\/02\\\/continuan-cuestionamientos-ante-falta-de-vacunas-rusas\\\/\"},\"wordCount\":309,\"publisher\":{\"@id\":\"https:\\\/\\\/www.eldiario.net\\\/portal\\\/#organization\"},\"image\":{\"@id\":\"https:\\\/\\\/www.eldiario.net\\\/portal\\\/2021\\\/08\\\/02\\\/continuan-cuestionamientos-ante-falta-de-vacunas-rusas\\\/#primaryimage\"},\"thumbnailUrl\":\"\",\"articleSection\":[\"Pol\u00edtica\"],\"inLanguage\":\"es\"},{\"@type\":\"WebPage\",\"@id\":\"https:\\\/\\\/www.eldiario.net\\\/portal\\\/2021\\\/08\\\/02\\\/continuan-cuestionamientos-ante-falta-de-vacunas-rusas\\\/\",\"url\":\"https:\\\/\\\/www.eldiario.net\\\/portal\\\/2021\\\/08\\\/02\\\/continuan-cuestionamientos-ante-falta-de-vacunas-rusas\\\/\",\"name\":\"Contin\u00faan cuestionamientos ante falta de vacunas rusas - El Diario - Bolivia\",\"isPartOf\":{\"@id\":\"https:\\\/\\\/www.eldiario.net\\\/portal\\\/#website\"},\"primaryImageOfPage\":{\"@id\":\"https:\\\/\\\/www.eldiario.net\\\/portal\\\/2021\\\/08\\\/02\\\/continuan-cuestionamientos-ante-falta-de-vacunas-rusas\\\/#primaryimage\"},\"image\":{\"@id\":\"https:\\\/\\\/www.eldiario.net\\\/portal\\\/2021\\\/08\\\/02\\\/continuan-cuestionamientos-ante-falta-de-vacunas-rusas\\\/#primaryimage\"},\"thumbnailUrl\":\"\",\"datePublished\":\"2021-08-02T10:34:02+00:00\",\"breadcrumb\":{\"@id\":\"https:\\\/\\\/www.eldiario.net\\\/portal\\\/2021\\\/08\\\/02\\\/continuan-cuestionamientos-ante-falta-de-vacunas-rusas\\\/#breadcrumb\"},\"inLanguage\":\"es\",\"potentialAction\":[{\"@type\":\"ReadAction\",\"target\":[\"https:\\\/\\\/www.eldiario.net\\\/portal\\\/2021\\\/08\\\/02\\\/continuan-cuestionamientos-ante-falta-de-vacunas-rusas\\\/\"]}]},{\"@type\":\"ImageObject\",\"inLanguage\":\"es\",\"@id\":\"https:\\\/\\\/www.eldiario.net\\\/portal\\\/2021\\\/08\\\/02\\\/continuan-cuestionamientos-ante-falta-de-vacunas-rusas\\\/#primaryimage\",\"url\":\"\",\"contentUrl\":\"\"},{\"@type\":\"BreadcrumbList\",\"@id\":\"https:\\\/\\\/www.eldiario.net\\\/portal\\\/2021\\\/08\\\/02\\\/continuan-cuestionamientos-ante-falta-de-vacunas-rusas\\\/#breadcrumb\",\"itemListElement\":[{\"@type\":\"ListItem\",\"position\":1,\"name\":\"Portada\",\"item\":\"https:\\\/\\\/www.eldiario.net\\\/portal\\\/\"},{\"@type\":\"ListItem\",\"position\":2,\"name\":\"Contin\u00faan cuestionamientos ante falta de vacunas rusas\"}]},{\"@type\":\"WebSite\",\"@id\":\"https:\\\/\\\/www.eldiario.net\\\/portal\\\/#website\",\"url\":\"https:\\\/\\\/www.eldiario.net\\\/portal\\\/\",\"name\":\"El Diario - Decano de la prensa nacional\",\"description\":\"El Diario - Decano de la prensa nacional\",\"publisher\":{\"@id\":\"https:\\\/\\\/www.eldiario.net\\\/portal\\\/#organization\"},\"potentialAction\":[{\"@type\":\"SearchAction\",\"target\":{\"@type\":\"EntryPoint\",\"urlTemplate\":\"https:\\\/\\\/www.eldiario.net\\\/portal\\\/?s={search_term_string}\"},\"query-input\":{\"@type\":\"PropertyValueSpecification\",\"valueRequired\":true,\"valueName\":\"search_term_string\"}}],\"inLanguage\":\"es\"},{\"@type\":\"Organization\",\"@id\":\"https:\\\/\\\/www.eldiario.net\\\/portal\\\/#organization\",\"name\":\"El Diario - Decano de la prensa nacional\",\"url\":\"https:\\\/\\\/www.eldiario.net\\\/portal\\\/\",\"logo\":{\"@type\":\"ImageObject\",\"inLanguage\":\"es\",\"@id\":\"https:\\\/\\\/www.eldiario.net\\\/portal\\\/#\\\/schema\\\/logo\\\/image\\\/\",\"url\":\"https:\\\/\\\/www.eldiario.net\\\/portal\\\/wp-content\\\/uploads\\\/2023\\\/07\\\/logo_ED.jpg\",\"contentUrl\":\"https:\\\/\\\/www.eldiario.net\\\/portal\\\/wp-content\\\/uploads\\\/2023\\\/07\\\/logo_ED.jpg\",\"width\":272,\"height\":52,\"caption\":\"El Diario - Decano de la prensa nacional\"},\"image\":{\"@id\":\"https:\\\/\\\/www.eldiario.net\\\/portal\\\/#\\\/schema\\\/logo\\\/image\\\/\"},\"sameAs\":[\"https:\\\/\\\/www.facebook.com\\\/eldiario.bolivia\\\/\",\"https:\\\/\\\/x.com\\\/eldiario_net\"]},{\"@type\":\"Person\",\"@id\":\"https:\\\/\\\/www.eldiario.net\\\/portal\\\/#\\\/schema\\\/person\\\/2c57cf2b7a7ae032e449e4c9b1019eac\",\"name\":\"Jeanette\",\"image\":{\"@type\":\"ImageObject\",\"inLanguage\":\"es\",\"@id\":\"https:\\\/\\\/secure.gravatar.com\\\/avatar\\\/3ea2118a5f7dad2b7138b1187a6b7ee55f160b9968b66013c3a3ef39dd7e5798?s=96&d=mm&r=g\",\"url\":\"https:\\\/\\\/secure.gravatar.com\\\/avatar\\\/3ea2118a5f7dad2b7138b1187a6b7ee55f160b9968b66013c3a3ef39dd7e5798?s=96&d=mm&r=g\",\"contentUrl\":\"https:\\\/\\\/secure.gravatar.com\\\/avatar\\\/3ea2118a5f7dad2b7138b1187a6b7ee55f160b9968b66013c3a3ef39dd7e5798?s=96&d=mm&r=g\",\"caption\":\"Jeanette\"},\"sameAs\":[\"https:\\\/\\\/www.eldiario.net\\\/portal\"],\"url\":\"https:\\\/\\\/www.eldiario.net\\\/portal\\\/author\\\/jeanette\\\/\"}]}<\/script>\n<!-- \/ Yoast SEO plugin. -->","yoast_head_json":{"title":"Contin\u00faan cuestionamientos ante falta de vacunas rusas - El Diario - Bolivia","robots":{"index":"index","follow":"follow","max-snippet":"max-snippet:-1","max-image-preview":"max-image-preview:large","max-video-preview":"max-video-preview:-1"},"canonical":"https:\/\/www.eldiario.net\/portal\/2021\/08\/02\/continuan-cuestionamientos-ante-falta-de-vacunas-rusas\/","og_locale":"es_ES","og_type":"article","og_title":"Contin\u00faan cuestionamientos ante falta de vacunas rusas - El Diario - Bolivia","og_description":"Frente a la escasez de la segunda dosis de la vacuna rusa Sputnik-V para la inmunizaci\u00f3n de la poblaci\u00f3n que ya recibi\u00f3 este f\u00e1rmaco en su primera fase, el diputado por Comunidad Ciudadana (CC) Alejandro Reyes, cuestion\u00f3 la falta de capacidad de autoridades en salud del Gobierno para gestionar la compra de m\u00e1s inmunizantes. Reyes [&hellip;]","og_url":"https:\/\/www.eldiario.net\/portal\/2021\/08\/02\/continuan-cuestionamientos-ante-falta-de-vacunas-rusas\/","og_site_name":"El Diario - Bolivia","article_publisher":"https:\/\/www.facebook.com\/eldiario.bolivia\/","article_published_time":"2021-08-02T10:34:02+00:00","author":"Jeanette","twitter_card":"summary_large_image","twitter_creator":"@eldiario_net","twitter_site":"@eldiario_net","twitter_misc":{"Escrito por":"Jeanette","Tiempo de lectura":"2 minutos"},"schema":{"@context":"https:\/\/schema.org","@graph":[{"@type":"Article","@id":"https:\/\/www.eldiario.net\/portal\/2021\/08\/02\/continuan-cuestionamientos-ante-falta-de-vacunas-rusas\/#article","isPartOf":{"@id":"https:\/\/www.eldiario.net\/portal\/2021\/08\/02\/continuan-cuestionamientos-ante-falta-de-vacunas-rusas\/"},"author":{"name":"Jeanette","@id":"https:\/\/www.eldiario.net\/portal\/#\/schema\/person\/2c57cf2b7a7ae032e449e4c9b1019eac"},"headline":"Contin\u00faan cuestionamientos ante falta de vacunas rusas","datePublished":"2021-08-02T10:34:02+00:00","mainEntityOfPage":{"@id":"https:\/\/www.eldiario.net\/portal\/2021\/08\/02\/continuan-cuestionamientos-ante-falta-de-vacunas-rusas\/"},"wordCount":309,"publisher":{"@id":"https:\/\/www.eldiario.net\/portal\/#organization"},"image":{"@id":"https:\/\/www.eldiario.net\/portal\/2021\/08\/02\/continuan-cuestionamientos-ante-falta-de-vacunas-rusas\/#primaryimage"},"thumbnailUrl":"","articleSection":["Pol\u00edtica"],"inLanguage":"es"},{"@type":"WebPage","@id":"https:\/\/www.eldiario.net\/portal\/2021\/08\/02\/continuan-cuestionamientos-ante-falta-de-vacunas-rusas\/","url":"https:\/\/www.eldiario.net\/portal\/2021\/08\/02\/continuan-cuestionamientos-ante-falta-de-vacunas-rusas\/","name":"Contin\u00faan cuestionamientos ante falta de vacunas rusas - El Diario - Bolivia","isPartOf":{"@id":"https:\/\/www.eldiario.net\/portal\/#website"},"primaryImageOfPage":{"@id":"https:\/\/www.eldiario.net\/portal\/2021\/08\/02\/continuan-cuestionamientos-ante-falta-de-vacunas-rusas\/#primaryimage"},"image":{"@id":"https:\/\/www.eldiario.net\/portal\/2021\/08\/02\/continuan-cuestionamientos-ante-falta-de-vacunas-rusas\/#primaryimage"},"thumbnailUrl":"","datePublished":"2021-08-02T10:34:02+00:00","breadcrumb":{"@id":"https:\/\/www.eldiario.net\/portal\/2021\/08\/02\/continuan-cuestionamientos-ante-falta-de-vacunas-rusas\/#breadcrumb"},"inLanguage":"es","potentialAction":[{"@type":"ReadAction","target":["https:\/\/www.eldiario.net\/portal\/2021\/08\/02\/continuan-cuestionamientos-ante-falta-de-vacunas-rusas\/"]}]},{"@type":"ImageObject","inLanguage":"es","@id":"https:\/\/www.eldiario.net\/portal\/2021\/08\/02\/continuan-cuestionamientos-ante-falta-de-vacunas-rusas\/#primaryimage","url":"","contentUrl":""},{"@type":"BreadcrumbList","@id":"https:\/\/www.eldiario.net\/portal\/2021\/08\/02\/continuan-cuestionamientos-ante-falta-de-vacunas-rusas\/#breadcrumb","itemListElement":[{"@type":"ListItem","position":1,"name":"Portada","item":"https:\/\/www.eldiario.net\/portal\/"},{"@type":"ListItem","position":2,"name":"Contin\u00faan cuestionamientos ante falta de vacunas rusas"}]},{"@type":"WebSite","@id":"https:\/\/www.eldiario.net\/portal\/#website","url":"https:\/\/www.eldiario.net\/portal\/","name":"El Diario - Decano de la prensa nacional","description":"El Diario - Decano de la prensa nacional","publisher":{"@id":"https:\/\/www.eldiario.net\/portal\/#organization"},"potentialAction":[{"@type":"SearchAction","target":{"@type":"EntryPoint","urlTemplate":"https:\/\/www.eldiario.net\/portal\/?s={search_term_string}"},"query-input":{"@type":"PropertyValueSpecification","valueRequired":true,"valueName":"search_term_string"}}],"inLanguage":"es"},{"@type":"Organization","@id":"https:\/\/www.eldiario.net\/portal\/#organization","name":"El Diario - Decano de la prensa nacional","url":"https:\/\/www.eldiario.net\/portal\/","logo":{"@type":"ImageObject","inLanguage":"es","@id":"https:\/\/www.eldiario.net\/portal\/#\/schema\/logo\/image\/","url":"https:\/\/www.eldiario.net\/portal\/wp-content\/uploads\/2023\/07\/logo_ED.jpg","contentUrl":"https:\/\/www.eldiario.net\/portal\/wp-content\/uploads\/2023\/07\/logo_ED.jpg","width":272,"height":52,"caption":"El Diario - Decano de la prensa nacional"},"image":{"@id":"https:\/\/www.eldiario.net\/portal\/#\/schema\/logo\/image\/"},"sameAs":["https:\/\/www.facebook.com\/eldiario.bolivia\/","https:\/\/x.com\/eldiario_net"]},{"@type":"Person","@id":"https:\/\/www.eldiario.net\/portal\/#\/schema\/person\/2c57cf2b7a7ae032e449e4c9b1019eac","name":"Jeanette","image":{"@type":"ImageObject","inLanguage":"es","@id":"https:\/\/secure.gravatar.com\/avatar\/3ea2118a5f7dad2b7138b1187a6b7ee55f160b9968b66013c3a3ef39dd7e5798?s=96&d=mm&r=g","url":"https:\/\/secure.gravatar.com\/avatar\/3ea2118a5f7dad2b7138b1187a6b7ee55f160b9968b66013c3a3ef39dd7e5798?s=96&d=mm&r=g","contentUrl":"https:\/\/secure.gravatar.com\/avatar\/3ea2118a5f7dad2b7138b1187a6b7ee55f160b9968b66013c3a3ef39dd7e5798?s=96&d=mm&r=g","caption":"Jeanette"},"sameAs":["https:\/\/www.eldiario.net\/portal"],"url":"https:\/\/www.eldiario.net\/portal\/author\/jeanette\/"}]}},"_links":{"self":[{"href":"https:\/\/www.eldiario.net\/portal\/wp-json\/wp\/v2\/posts\/20928","targetHints":{"allow":["GET"]}}],"collection":[{"href":"https:\/\/www.eldiario.net\/portal\/wp-json\/wp\/v2\/posts"}],"about":[{"href":"https:\/\/www.eldiario.net\/portal\/wp-json\/wp\/v2\/types\/post"}],"author":[{"embeddable":true,"href":"https:\/\/www.eldiario.net\/portal\/wp-json\/wp\/v2\/users\/1"}],"replies":[{"embeddable":true,"href":"https:\/\/www.eldiario.net\/portal\/wp-json\/wp\/v2\/comments?post=20928"}],"version-history":[{"count":0,"href":"https:\/\/www.eldiario.net\/portal\/wp-json\/wp\/v2\/posts\/20928\/revisions"}],"wp:attachment":[{"href":"https:\/\/www.eldiario.net\/portal\/wp-json\/wp\/v2\/media?parent=20928"}],"wp:term":[{"taxonomy":"category","embeddable":true,"href":"https:\/\/www.eldiario.net\/portal\/wp-json\/wp\/v2\/categories?post=20928"},{"taxonomy":"post_tag","embeddable":true,"href":"https:\/\/www.eldiario.net\/portal\/wp-json\/wp\/v2\/tags?post=20928"}],"curies":[{"name":"wp","href":"https:\/\/api.w.org\/{rel}","templated":true}]}}