{"id":20921,"date":"2021-08-02T06:31:27","date_gmt":"2021-08-02T10:31:27","guid":{"rendered":"https:\/\/www.eldiario.net\/portal\/?p=20921"},"modified":"2021-08-02T06:31:27","modified_gmt":"2021-08-02T10:31:27","slug":"fiscal-castro-rechazo-denuncia-de-violacion-contra-exdiputado-del-mas","status":"publish","type":"post","link":"https:\/\/www.eldiario.net\/portal\/2021\/08\/02\/fiscal-castro-rechazo-denuncia-de-violacion-contra-exdiputado-del-mas\/","title":{"rendered":"Fiscal Castro rechaz\u00f3 denuncia de  violaci\u00f3n contra exdiputado del MAS"},"content":{"rendered":"<p>La fiscal Natividad Castro de la ciudad de El Alto rechaz\u00f3 una denuncia de violaci\u00f3n contra un exdiputado del Movimiento al Socialismo (MAS). La v\u00edctima y su familia viven hostigadas, por lo que la menor intent\u00f3 quitarse la vida. La abogada Heidi Gil que patrocina a la v\u00edctima dijo que hab\u00eda suficiente prueba para imputar al denunciado. EL DIARIO busc\u00f3 la versi\u00f3n de la representante del Ministerio P\u00fablico, pero no obtuvo resultado.<br \/>\nGil explic\u00f3 que a inicios de 2021, el exlegislador Saturnino Javier Q. P. fue denunciado por su concubina ya que este viol\u00f3 a su hija menor cuando ella no estaba en casa, y fue alertada por sus vecinos, quienes tambi\u00e9n llamaron a la Polic\u00eda, \u201cpero ning\u00fan polic\u00eda le ha podido detener por ser del MAS\u201d, por lo que cifraron sus esperanzas en la Fiscal\u00eda.<br \/>\nLa jurista apunt\u00f3 que la madre de la v\u00edctima encontr\u00f3 a su expareja encima de su hija y otros hombres sujet\u00e1ndola, y ni eso fue tomado en cuenta por la fiscal Castro que dej\u00f3 en indefensi\u00f3n a la familia.<br \/>\n\u201cUna vez que el caso fue abierto en el Ministerio P\u00fablico se realiz\u00f3 un estudio forense, valoraci\u00f3n psicol\u00f3gica, declaraci\u00f3n de la madre, declaraci\u00f3n en c\u00e1mara gesell de la menor v\u00edctima, quien dijo que esa no era la primera vez que la abus\u00f3, o sea hab\u00eda todos los elementos para una imputaci\u00f3n formal\u201d, aclar\u00f3 la jurista en radio Deseo del movimiento feminista Mujeres Creando.<br \/>\nPese a la denuncia, el exlegislador que se dedica al negocio de bienes ra\u00edces, continu\u00f3 hostigando a la familia de la v\u00edctima. El pasado fin de semana, la mam\u00e1 de la joven fue golpeada por el sujeto que la dej\u00f3 con seis d\u00edas de impedimento.<br \/>\n\u201cEste hombre ha metido gente a la casa de la v\u00edctima, gente con carpa, la v\u00edctima quer\u00eda matarse porque estaba encerrada en su cuarto y la gente afuera ha hecho como un campamento. El victimario ha incumplido las medidas de protecci\u00f3n. El investigador ha verificado que hab\u00eda gente al interior de la casa de la v\u00edctima porque Saturnino los ha mandado, todo eso supo el juez pero lastimosamente no ha hecho nada\u201d, lament\u00f3 Gil.<br \/>\nLa madre de la v\u00edctima pidi\u00f3 justicia para su hija y asegur\u00f3 que est\u00e1 dispuesta a tomar medidas extremas para ser escuchada por las autoridades ya que la vida de la menor est\u00e1 en riesgo.<br \/>\n\u201cMi hija todos los d\u00edas no est\u00e1 en paz, lo \u00fanico que quiere es acabar con todo esto\u201d, dijo.<br \/>\nLa joven v\u00edctima asegur\u00f3 que todo lo que vive no es f\u00e1cil por ello no quer\u00eda salir de su casa.<br \/>\n\u201cLa historia que estamos pasando mi mam\u00e1, mi hermana y yo de seguro no es la primera, ni la \u00faltima, pero me siento mal porque no se hace justicia, muchas mujeres han perdido todo por culpa de tipos corruptos, cobardes como este se\u00f1or\u201d, dijo la menor llorando.<br \/>\nLa madre de la v\u00edctima asegura que el temor de que el sujeto les haga algo continua latente porque se lo vio en el Ministerio de Gobierno, donde presuntamente presta sus servicios.<\/p>\n<p>FEMINICIDIOS EN LA PAZ<br \/>\nEn los primeros siete meses de 2021, en Bolivia se registraron 68 feminicidios. De ellos, 24 ocurrieron en el departamento de La Paz, lo que significa que el 35 % de los casos se concentra en la sede de Gobierno y El Alto, de acuerdo a datos oficiales de la Fiscal\u00eda General del Estado.<br \/>\nSanta Cruz es el segundo departamento m\u00e1s violento con 12 casos; Cochabamba con 10; Oruro con 6; Potos\u00ed con 5; Chuquisaca con 5; Beni con 3; Tarija con 2 y Pando con 1.<br \/>\nLa \u00faltima mujer asesina en la ciudad de La Paz fue Jessica L. M. L., de 24 a\u00f1os de edad, con m\u00e1s de 20 pu\u00f1aladas que le asest\u00f3 su expareja a quien d\u00edas antes hab\u00eda denunciado. El feminicidio ocurri\u00f3 delante de sus hijos de ocho y seis a\u00f1os.<br \/>\nEl hecho fue presenciado adem\u00e1s por el primo de la v\u00edctima, de 17 a\u00f1os, quien fue amenazado por la expareja luego de haber cometido el feminicidio. El adolescente intent\u00f3 ayudar a su familiar, pero ella perdi\u00f3 la vida debido a las lesiones provocadas por el arma punzocortante.<br \/>\nTras un operativo, el sospechoso fue aprehendido por la Polic\u00eda, por inmediaciones del lugar del hecho y fue puesto a disposici\u00f3n de la Fiscal\u00eda.<\/p>\n<p>SUPLICANDO JUSTICIA<br \/>\nEl pasado 28 de julio, Emiliana Quispe Lima, madre y t\u00eda de dos v\u00edctimas de feminicidio, se encaden\u00f3 en puertas del Tribunal Supremo de Justicia (TSJ), pidiendo celeridad en los procesos para que se ejecutorien las condenas de los asesinos.<br \/>\nEmiliana, oriunda de Cochabamba, viaj\u00f3 hasta Sucre para pedir justicia para su hija Mar\u00eda Carvajal, que fue asesinada por su pareja Johnny V. A. y su c\u00f3mplice Benjam\u00edn R. A. en 2015. Tambi\u00e9n para su sobrina Martha Quispe, a quien le quit\u00f3 la vida su c\u00f3nyuge Javier V. M., quien es polic\u00eda, el 2017.<br \/>\nA seis a\u00f1os de los hechos, los asesinos a\u00fan no tienen una sentencia ejecutoriada, por lo que la madre y t\u00eda de las v\u00edctimas solicitan que se los sentencie, ante la posibilidad que salgan libres amparados en la Ley 1173.<br \/>\n\u201cHe venido hasta Sucre en busca de justicia. Los casos de violencia contra las mujeres y feminicidios deben ser tratados r\u00e1pido, seg\u00fan la Ley 348, pero en mi caso no ha sido as\u00ed. Hay retardaci\u00f3n. La apelaci\u00f3n en los casos de mi hija y mi sobrina ya est\u00e1 en Sucre, pero hasta ahora no pueden ejecutoriarlos. Por eso he venido a encadenarme, ya no puedo m\u00e1s\u201d, dijo Quispe.<\/p>\n<p><strong>APUNTES<\/strong><\/p>\n<p>En los 14 a\u00f1os de gobierno de Evo Morales, se registraron varios hechos de violencia contra la mujer cometido por legisladores del Movimiento al Socialismo (MAS), entre ellos los de los exdiputados Justino Lea\u00f1o, Jacinto Vega, Eugenio Quispe y del exc\u00f3nsul Ariel Iriarte, los tres primeros sentenciados por violaci\u00f3n a menores de edad, y el \u00faltimo con proceso en curso, hasta donde se supo. No se conoce de manera oficial que hayan sido expulsados por la dirigencia del MAS.<br \/>\nEstos casos tuvieron un com\u00fan denominador, la protecci\u00f3n de diferentes \u00f3rganos del Estado a autoridades del MAS. Las v\u00edctimas tuvieron que peregrinar durante varios a\u00f1os para lograr la sentencia de los agresores sexuales. A estos casos tambi\u00e9n se suman las denuncias de violencia contra la mujer que involucra a legisladores, concejales y alcaldes afines al partido de Evo Morales. En estos casos de violencia, ninguno de los acusados fue sancionado.<\/p>\n<p>CASO LEA\u00d1O<br \/>\nEl caso m\u00e1s llamativo es del exdiputado Justino Lea\u00f1o, acusado de violar a su hija menor de 8 a\u00f1os. La denuncia por ese delito fue presentada ante el Ministerio P\u00fablico de Potos\u00ed el 16 de agosto de 2012. Durante el proceso de investigaci\u00f3n, la menor de edad, en una entrevista con la psic\u00f3loga de la Defensor\u00eda de la Ni\u00f1ez y Adolescencia de Tupiza, inform\u00f3 que fue abusada sexualmente desde sus 8 a\u00f1os.<br \/>\nPero fue en enero de 2013, cuando aprehendieron a Lea\u00f1o, sin embargo, al ser legislador se benefici\u00f3 con detenci\u00f3n domiciliaria, amparado en el art\u00edculo 152 de la Constituci\u00f3n Pol\u00edtica del Estado. Siete meses despu\u00e9s, en agosto, fue condenado a 23 a\u00f1os de c\u00e1rcel por los delitos de violaci\u00f3n y abuso sexual cometidos contra su hija pero Lea\u00f1o hab\u00eda fugado del pa\u00eds.<br \/>\nInterpol emiti\u00f3 Sello Rojo para la captura de Lea\u00f1o, mas nunca se ejecut\u00f3. El exdiputado Am\u00edlcar Barral afirm\u00f3 en la oportunidad que \u201cahora Lea\u00f1o vive en Mendoza, Argentina, y dicha solicitud de captura internacional desapareci\u00f3 por obra y gracia de sus compa\u00f1eros del MAS\u201d.<\/p>\n<p>VEGA<br \/>\nEl segundo caso es del diputado del MAS, Jacinto Vega, quien fue denunciado en Villamontes, el 7 de diciembre de 2012, por violaci\u00f3n. El entonces fiscal Miguel \u00c1ngel Exeni acus\u00f3 formalmente a Vega de abusar sexualmente a una ni\u00f1a. Pero el caso se destap\u00f3 reci\u00e9n en abril de 2015, tras la detenci\u00f3n del presidente del Consejo de Capitanes Guaran\u00edes de Tarija, Abraham Espinoza, por presunta extorsi\u00f3n.<br \/>\nEl abogado Juan Carlos Escalante inform\u00f3 que el entonces diputado Vega cit\u00f3 a Espinoza a un restaurante de la avenida Illimani y le ofreci\u00f3 mil bolivianos supuestamente para vi\u00e1ticos, pero fue rechazado. El legislador insisti\u00f3 y ante la rotunda negativa dej\u00f3 el dinero sobre la mesa y de repente apareci\u00f3 la Polic\u00eda y aprehendi\u00f3 a Espinoza. Luego de ese hecho se revel\u00f3 que sobre Vega pesaba una imputaci\u00f3n por el delito de violaci\u00f3n.<br \/>\nFue reci\u00e9n en 2018 que el Tribunal de Sentencia \u00danico de Villa Montes dict\u00f3 sentencia condenatoria de 20 a\u00f1os de privaci\u00f3n de libertad para el suspendido diputado guaran\u00ed del MAS, por la comisi\u00f3n del delito de violaci\u00f3n a una menor de nueve a\u00f1os. Actualmente, Vega cumple su condena, desde el 17 de enero del 2018, en el Recinto Penitenciario de Villa Montes.<\/p>\n<p>CASO QUISPE<br \/>\nUn tercer caso data de 2018, cuando Eugenio Quispe Melgarejo, diputado del MAS, fue acusado y sentenciado por violar a su sobrina de 14 a\u00f1os en dos oportunidades; a pesar de que los suplentes no pueden tener licencia, sus compa\u00f1eros del MAS le dieron ese beneficio. En su defensa, el legislador indic\u00f3 que la muchacha no es su familiar y que la denuncia es parte de un complot para da\u00f1arlo.<br \/>\nHasta el a\u00f1o pasado, Choque se encontraba con detenci\u00f3n preventiva en el Recinto Penitenciario de San Sebasti\u00e1n varones, desde el 3 de marzo del 2018, por el delito de violaci\u00f3n con agravante.<\/p>\n<p>CASO IRIARTE<br \/>\nUn cuarto hecho de violaci\u00f3n a un menor que salpica al MAS se registr\u00f3 en octubre de 2019. Es el caso de Ariel Iriarte, exprefecto de Chuquisaca (2007- 2008) y c\u00f3nsul en Argentina, acusado de abuso sexual perpetrado contra un ni\u00f1o de dos a\u00f1os.<br \/>\nEn medio del clamor de la madre del ni\u00f1o por justicia, el 20 de agosto el Tribunal Primero de Sentencia en lo Penal de Chuquisaca, presidido por Alex Rengel, resolvi\u00f3 cesar la detenci\u00f3n preventiva y otorgar a Iriarte detenci\u00f3n domiciliaria con escolta policial.<br \/>\nEsta determinaci\u00f3n caus\u00f3 zozobra en la madre del ni\u00f1o, quien afirm\u00f3 que se siente desamparada y teme que Iriarte huya del pa\u00eds o atente contra su integridad o la de su hijo. \u201cMi persona se ve desconcertada con las leyes. No entiendo por qu\u00e9 las autoridades no velan por los menores de edad, por las mujeres que somos un sector vulnerable y dan preferencia a agresores y violadores\u201d, reclam\u00f3 entre l\u00e1grimas.<\/p>\n<p>AUTORIDADES DEL MAS CON DENUNCIAS DE VIOLENCIA<br \/>\nEn el MAS tambi\u00e9n se registran al menos seis casos de senadores, asamble\u00edstas departamentales y concejales con denuncias de violencia intrafamiliar. En ninguno de los casos existe sentencia contra los responsables. En el MAS se calificaron estos hechos como de \u00edndole \u201cpersonal y privado\u201d.<br \/>\nEl 14 de septiembre de 2013, Fabiola Sandoval denunci\u00f3 al senador del MAS, Adolfo Mendoza, de agresi\u00f3n f\u00edsica y verbal, en total estado et\u00edlico, ocasion\u00e1ndole da\u00f1os a su integridad. Ante ello, el extinto Eugenio Rojas, jefe de bancada de ese partido, dijo que estos hechos son de orden \u201cprivado\u201d.<br \/>\nUn a\u00f1o despu\u00e9s, el 3 noviembre de 2014, fue denunciado el diputado Wilfredo Calani. La denuncia ante la Fuerza Especial de Lucha Contra la Violencia (Felcv) da cuenta que el parlamentario, en estado de ebriedad, golpe\u00f3 a su esposa de 29 a\u00f1os de edad, como prueba la v\u00edctima present\u00f3 un certificado m\u00e9dico forense que se\u00f1ala tres d\u00edas de impedimento por la agresi\u00f3n que hab\u00eda recibido.<br \/>\nEse caso qued\u00f3 en el archivo. En la Felcv qued\u00f3 el certificado m\u00e9dico policial forense y la denuncia en la Fiscal\u00eda. Entonces, Calani presid\u00eda el Comit\u00e9 del Ministerio P\u00fablico de la Comisi\u00f3n de Justicia Plural de la C\u00e1mara de Diputados, que dirigi\u00f3 un proceso contra tres miembros del Tribunal Constitucional Plurinacional.<br \/>\nEn 2015 se registr\u00f3 el caso de violencia contra la mujer donde se vio involucrado el asamble\u00edsta departamental de La Paz, Mar\u00edn Sandoval. El 24 de diciembre, la jueza Anticorrupci\u00f3n y de Lucha contra la Violencia, Cinthia Delgadillo, dict\u00f3 la detenci\u00f3n preventiva de Sandoval en la C\u00e1rcel de San Pedro de La Paz. Dos meses despu\u00e9s, febrero de 2016, el Juez Tercero de Instrucci\u00f3n en lo Penal de La Paz determin\u00f3 la libertad.<br \/>\nEn junio de 2017, el concejal de Punata, Ariel Guzm\u00e1n, fue aprehendido por la Polic\u00eda, cuando fue sorprendido en flagrancia golpeando a su esposa, seg\u00fan un informe de la Fuerza Especial de Lucha Contra la Violencia (Felcv). El caso no avanz\u00f3.<br \/>\nEn octubre de 2018, Cris Karen D.Z., con fotograf\u00edas en mano, denunci\u00f3 al diputado Henry Cabrera de violencia f\u00edsica y psicol\u00f3gica. \u201cMuchas veces me agred\u00eda solo por celos. El se\u00f1or es una persona celosa y manipuladora\u201d, dijo la denunciante, quien asegur\u00f3 que mantuvo una relaci\u00f3n con Cabrera por m\u00e1s de tres a\u00f1os. El legislador neg\u00f3 el hecho.<br \/>\nEse mismo a\u00f1o, la concejala Mary Carmen de la Cruz Mamani denunci\u00f3 que el alcalde de Achocalla, D\u00e1maso Ninaja Huanca (MAS), en estado de ebriedad, la agredi\u00f3 propin\u00e1ndole un golpe en su rostro. \u201cYo me ca\u00ed al piso. \u00c9l quiso aprovechar aquello para agredirme nuevamente, pero lo agarraron y se escap\u00f3\u201d, relat\u00f3 Cruz. El caso tampoco tuvo avances. (ANF)<\/p>\n<p>&nbsp;<\/p>\n<p><a href=\"https:\/\/www.eldiario.net\/portal\/wp-content\/uploads\/2021\/08\/VIO03.jpeg\"><img loading=\"lazy\" decoding=\"async\" class=\"alignleft wp-image-20923 size-medium\" src=\"https:\/\/www.eldiario.net\/portal\/wp-content\/uploads\/2021\/08\/VIO03-300x169.jpeg\" alt=\"\" width=\"300\" height=\"169\" \/><\/a><\/p>\n","protected":false},"excerpt":{"rendered":"<p>La fiscal Natividad Castro de la ciudad de El Alto rechaz\u00f3 una denuncia de violaci\u00f3n contra un exdiputado del Movimiento al Socialismo (MAS). La v\u00edctima y su familia viven hostigadas, por lo que la menor intent\u00f3 quitarse la vida. La abogada Heidi Gil que patrocina a la v\u00edctima dijo que hab\u00eda suficiente prueba para imputar [&hellip;]<\/p>\n","protected":false},"author":1,"featured_media":20922,"comment_status":"closed","ping_status":"closed","sticky":false,"template":"","format":"standard","meta":{"_acf_changed":false,"footnotes":""},"categories":[39],"tags":[],"class_list":["post-20921","post","type-post","status-publish","format-standard","has-post-thumbnail","category-sociedad"],"acf":{"antetitulo":""},"yoast_head":"<!-- This site is optimized with the Yoast SEO plugin v28.4 - https:\/\/yoast.com\/product\/yoast-seo-wordpress\/ -->\n<title>Fiscal Castro rechaz\u00f3 denuncia de violaci\u00f3n contra exdiputado del MAS - El Diario - Bolivia<\/title>\n<meta name=\"robots\" content=\"index, follow, max-snippet:-1, max-image-preview:large, max-video-preview:-1\" \/>\n<link rel=\"canonical\" href=\"https:\/\/www.eldiario.net\/portal\/2021\/08\/02\/fiscal-castro-rechazo-denuncia-de-violacion-contra-exdiputado-del-mas\/\" \/>\n<meta property=\"og:locale\" content=\"es_ES\" \/>\n<meta property=\"og:type\" content=\"article\" \/>\n<meta property=\"og:title\" content=\"Fiscal Castro rechaz\u00f3 denuncia de violaci\u00f3n contra exdiputado del MAS - El Diario - Bolivia\" \/>\n<meta property=\"og:description\" content=\"La fiscal Natividad Castro de la ciudad de El Alto rechaz\u00f3 una denuncia de violaci\u00f3n contra un exdiputado del Movimiento al Socialismo (MAS). La v\u00edctima y su familia viven hostigadas, por lo que la menor intent\u00f3 quitarse la vida. La abogada Heidi Gil que patrocina a la v\u00edctima dijo que hab\u00eda suficiente prueba para imputar [&hellip;]\" \/>\n<meta property=\"og:url\" content=\"https:\/\/www.eldiario.net\/portal\/2021\/08\/02\/fiscal-castro-rechazo-denuncia-de-violacion-contra-exdiputado-del-mas\/\" \/>\n<meta property=\"og:site_name\" content=\"El Diario - Bolivia\" \/>\n<meta property=\"article:publisher\" content=\"https:\/\/www.facebook.com\/eldiario.bolivia\/\" \/>\n<meta property=\"article:published_time\" content=\"2021-08-02T10:31:27+00:00\" \/>\n<meta property=\"og:image\" content=\"https:\/\/www.eldiario.net\/portal\/wp-content\/uploads\/2021\/08\/VIO-1.jpg\" \/>\n\t<meta property=\"og:image:width\" content=\"1440\" \/>\n\t<meta property=\"og:image:height\" content=\"1003\" \/>\n\t<meta property=\"og:image:type\" content=\"image\/jpeg\" \/>\n<meta name=\"author\" content=\"Jeanette\" \/>\n<meta name=\"twitter:card\" content=\"summary_large_image\" \/>\n<meta name=\"twitter:creator\" content=\"@eldiario_net\" \/>\n<meta name=\"twitter:site\" content=\"@eldiario_net\" \/>\n<meta name=\"twitter:label1\" content=\"Escrito por\" \/>\n\t<meta name=\"twitter:data1\" content=\"Jeanette\" \/>\n\t<meta name=\"twitter:label2\" content=\"Tiempo de lectura\" \/>\n\t<meta name=\"twitter:data2\" content=\"10 minutos\" \/>\n<script type=\"application\/ld+json\" class=\"yoast-schema-graph\">{\"@context\":\"https:\\\/\\\/schema.org\",\"@graph\":[{\"@type\":\"Article\",\"@id\":\"https:\\\/\\\/www.eldiario.net\\\/portal\\\/2021\\\/08\\\/02\\\/fiscal-castro-rechazo-denuncia-de-violacion-contra-exdiputado-del-mas\\\/#article\",\"isPartOf\":{\"@id\":\"https:\\\/\\\/www.eldiario.net\\\/portal\\\/2021\\\/08\\\/02\\\/fiscal-castro-rechazo-denuncia-de-violacion-contra-exdiputado-del-mas\\\/\"},\"author\":{\"name\":\"Jeanette\",\"@id\":\"https:\\\/\\\/www.eldiario.net\\\/portal\\\/#\\\/schema\\\/person\\\/f46445640444750d7d753ccd04ae01b7\"},\"headline\":\"Fiscal Castro rechaz\u00f3 denuncia de violaci\u00f3n contra exdiputado del MAS\",\"datePublished\":\"2021-08-02T10:31:27+00:00\",\"mainEntityOfPage\":{\"@id\":\"https:\\\/\\\/www.eldiario.net\\\/portal\\\/2021\\\/08\\\/02\\\/fiscal-castro-rechazo-denuncia-de-violacion-contra-exdiputado-del-mas\\\/\"},\"wordCount\":2306,\"publisher\":{\"@id\":\"https:\\\/\\\/www.eldiario.net\\\/portal\\\/#organization\"},\"image\":{\"@id\":\"https:\\\/\\\/www.eldiario.net\\\/portal\\\/2021\\\/08\\\/02\\\/fiscal-castro-rechazo-denuncia-de-violacion-contra-exdiputado-del-mas\\\/#primaryimage\"},\"thumbnailUrl\":\"https:\\\/\\\/www.eldiario.net\\\/portal\\\/wp-content\\\/uploads\\\/2021\\\/08\\\/VIO-1.jpg\",\"articleSection\":[\"Sociedad - Seguridad\"],\"inLanguage\":\"es\"},{\"@type\":\"WebPage\",\"@id\":\"https:\\\/\\\/www.eldiario.net\\\/portal\\\/2021\\\/08\\\/02\\\/fiscal-castro-rechazo-denuncia-de-violacion-contra-exdiputado-del-mas\\\/\",\"url\":\"https:\\\/\\\/www.eldiario.net\\\/portal\\\/2021\\\/08\\\/02\\\/fiscal-castro-rechazo-denuncia-de-violacion-contra-exdiputado-del-mas\\\/\",\"name\":\"Fiscal Castro rechaz\u00f3 denuncia de violaci\u00f3n contra exdiputado del MAS - El Diario - Bolivia\",\"isPartOf\":{\"@id\":\"https:\\\/\\\/www.eldiario.net\\\/portal\\\/#website\"},\"primaryImageOfPage\":{\"@id\":\"https:\\\/\\\/www.eldiario.net\\\/portal\\\/2021\\\/08\\\/02\\\/fiscal-castro-rechazo-denuncia-de-violacion-contra-exdiputado-del-mas\\\/#primaryimage\"},\"image\":{\"@id\":\"https:\\\/\\\/www.eldiario.net\\\/portal\\\/2021\\\/08\\\/02\\\/fiscal-castro-rechazo-denuncia-de-violacion-contra-exdiputado-del-mas\\\/#primaryimage\"},\"thumbnailUrl\":\"https:\\\/\\\/www.eldiario.net\\\/portal\\\/wp-content\\\/uploads\\\/2021\\\/08\\\/VIO-1.jpg\",\"datePublished\":\"2021-08-02T10:31:27+00:00\",\"breadcrumb\":{\"@id\":\"https:\\\/\\\/www.eldiario.net\\\/portal\\\/2021\\\/08\\\/02\\\/fiscal-castro-rechazo-denuncia-de-violacion-contra-exdiputado-del-mas\\\/#breadcrumb\"},\"inLanguage\":\"es\",\"potentialAction\":[{\"@type\":\"ReadAction\",\"target\":[\"https:\\\/\\\/www.eldiario.net\\\/portal\\\/2021\\\/08\\\/02\\\/fiscal-castro-rechazo-denuncia-de-violacion-contra-exdiputado-del-mas\\\/\"]}]},{\"@type\":\"ImageObject\",\"inLanguage\":\"es\",\"@id\":\"https:\\\/\\\/www.eldiario.net\\\/portal\\\/2021\\\/08\\\/02\\\/fiscal-castro-rechazo-denuncia-de-violacion-contra-exdiputado-del-mas\\\/#primaryimage\",\"url\":\"https:\\\/\\\/www.eldiario.net\\\/portal\\\/wp-content\\\/uploads\\\/2021\\\/08\\\/VIO-1.jpg\",\"contentUrl\":\"https:\\\/\\\/www.eldiario.net\\\/portal\\\/wp-content\\\/uploads\\\/2021\\\/08\\\/VIO-1.jpg\",\"width\":1440,\"height\":1003},{\"@type\":\"BreadcrumbList\",\"@id\":\"https:\\\/\\\/www.eldiario.net\\\/portal\\\/2021\\\/08\\\/02\\\/fiscal-castro-rechazo-denuncia-de-violacion-contra-exdiputado-del-mas\\\/#breadcrumb\",\"itemListElement\":[{\"@type\":\"ListItem\",\"position\":1,\"name\":\"Portada\",\"item\":\"https:\\\/\\\/www.eldiario.net\\\/portal\\\/\"},{\"@type\":\"ListItem\",\"position\":2,\"name\":\"Fiscal Castro rechaz\u00f3 denuncia de violaci\u00f3n contra exdiputado del MAS\"}]},{\"@type\":\"WebSite\",\"@id\":\"https:\\\/\\\/www.eldiario.net\\\/portal\\\/#website\",\"url\":\"https:\\\/\\\/www.eldiario.net\\\/portal\\\/\",\"name\":\"El Diario - Decano de la prensa nacional\",\"description\":\"El Diario - Decano de la prensa nacional\",\"publisher\":{\"@id\":\"https:\\\/\\\/www.eldiario.net\\\/portal\\\/#organization\"},\"potentialAction\":[{\"@type\":\"SearchAction\",\"target\":{\"@type\":\"EntryPoint\",\"urlTemplate\":\"https:\\\/\\\/www.eldiario.net\\\/portal\\\/?s={search_term_string}\"},\"query-input\":{\"@type\":\"PropertyValueSpecification\",\"valueRequired\":true,\"valueName\":\"search_term_string\"}}],\"inLanguage\":\"es\"},{\"@type\":\"Organization\",\"@id\":\"https:\\\/\\\/www.eldiario.net\\\/portal\\\/#organization\",\"name\":\"El Diario - Decano de la prensa nacional\",\"url\":\"https:\\\/\\\/www.eldiario.net\\\/portal\\\/\",\"logo\":{\"@type\":\"ImageObject\",\"inLanguage\":\"es\",\"@id\":\"https:\\\/\\\/www.eldiario.net\\\/portal\\\/#\\\/schema\\\/logo\\\/image\\\/\",\"url\":\"https:\\\/\\\/www.eldiario.net\\\/portal\\\/wp-content\\\/uploads\\\/2023\\\/07\\\/logo_ED.jpg\",\"contentUrl\":\"https:\\\/\\\/www.eldiario.net\\\/portal\\\/wp-content\\\/uploads\\\/2023\\\/07\\\/logo_ED.jpg\",\"width\":272,\"height\":52,\"caption\":\"El Diario - Decano de la prensa nacional\"},\"image\":{\"@id\":\"https:\\\/\\\/www.eldiario.net\\\/portal\\\/#\\\/schema\\\/logo\\\/image\\\/\"},\"sameAs\":[\"https:\\\/\\\/www.facebook.com\\\/eldiario.bolivia\\\/\",\"https:\\\/\\\/x.com\\\/eldiario_net\"]},{\"@type\":\"Person\",\"@id\":\"https:\\\/\\\/www.eldiario.net\\\/portal\\\/#\\\/schema\\\/person\\\/f46445640444750d7d753ccd04ae01b7\",\"name\":\"Jeanette\",\"image\":{\"@type\":\"ImageObject\",\"inLanguage\":\"es\",\"@id\":\"https:\\\/\\\/secure.gravatar.com\\\/avatar\\\/3ea2118a5f7dad2b7138b1187a6b7ee55f160b9968b66013c3a3ef39dd7e5798?s=96&d=mm&r=g\",\"url\":\"https:\\\/\\\/secure.gravatar.com\\\/avatar\\\/3ea2118a5f7dad2b7138b1187a6b7ee55f160b9968b66013c3a3ef39dd7e5798?s=96&d=mm&r=g\",\"contentUrl\":\"https:\\\/\\\/secure.gravatar.com\\\/avatar\\\/3ea2118a5f7dad2b7138b1187a6b7ee55f160b9968b66013c3a3ef39dd7e5798?s=96&d=mm&r=g\",\"caption\":\"Jeanette\"},\"sameAs\":[\"https:\\\/\\\/www.eldiario.net\\\/portal\"],\"url\":\"https:\\\/\\\/www.eldiario.net\\\/portal\\\/author\\\/jeanette\\\/\"}]}<\/script>\n<!-- \/ Yoast SEO plugin. -->","yoast_head_json":{"title":"Fiscal Castro rechaz\u00f3 denuncia de violaci\u00f3n contra exdiputado del MAS - El Diario - Bolivia","robots":{"index":"index","follow":"follow","max-snippet":"max-snippet:-1","max-image-preview":"max-image-preview:large","max-video-preview":"max-video-preview:-1"},"canonical":"https:\/\/www.eldiario.net\/portal\/2021\/08\/02\/fiscal-castro-rechazo-denuncia-de-violacion-contra-exdiputado-del-mas\/","og_locale":"es_ES","og_type":"article","og_title":"Fiscal Castro rechaz\u00f3 denuncia de violaci\u00f3n contra exdiputado del MAS - El Diario - Bolivia","og_description":"La fiscal Natividad Castro de la ciudad de El Alto rechaz\u00f3 una denuncia de violaci\u00f3n contra un exdiputado del Movimiento al Socialismo (MAS). La v\u00edctima y su familia viven hostigadas, por lo que la menor intent\u00f3 quitarse la vida. La abogada Heidi Gil que patrocina a la v\u00edctima dijo que hab\u00eda suficiente prueba para imputar [&hellip;]","og_url":"https:\/\/www.eldiario.net\/portal\/2021\/08\/02\/fiscal-castro-rechazo-denuncia-de-violacion-contra-exdiputado-del-mas\/","og_site_name":"El Diario - Bolivia","article_publisher":"https:\/\/www.facebook.com\/eldiario.bolivia\/","article_published_time":"2021-08-02T10:31:27+00:00","og_image":[{"width":1440,"height":1003,"url":"https:\/\/www.eldiario.net\/portal\/wp-content\/uploads\/2021\/08\/VIO-1.jpg","type":"image\/jpeg"}],"author":"Jeanette","twitter_card":"summary_large_image","twitter_creator":"@eldiario_net","twitter_site":"@eldiario_net","twitter_misc":{"Escrito por":"Jeanette","Tiempo de lectura":"10 minutos"},"schema":{"@context":"https:\/\/schema.org","@graph":[{"@type":"Article","@id":"https:\/\/www.eldiario.net\/portal\/2021\/08\/02\/fiscal-castro-rechazo-denuncia-de-violacion-contra-exdiputado-del-mas\/#article","isPartOf":{"@id":"https:\/\/www.eldiario.net\/portal\/2021\/08\/02\/fiscal-castro-rechazo-denuncia-de-violacion-contra-exdiputado-del-mas\/"},"author":{"name":"Jeanette","@id":"https:\/\/www.eldiario.net\/portal\/#\/schema\/person\/f46445640444750d7d753ccd04ae01b7"},"headline":"Fiscal Castro rechaz\u00f3 denuncia de violaci\u00f3n contra exdiputado del MAS","datePublished":"2021-08-02T10:31:27+00:00","mainEntityOfPage":{"@id":"https:\/\/www.eldiario.net\/portal\/2021\/08\/02\/fiscal-castro-rechazo-denuncia-de-violacion-contra-exdiputado-del-mas\/"},"wordCount":2306,"publisher":{"@id":"https:\/\/www.eldiario.net\/portal\/#organization"},"image":{"@id":"https:\/\/www.eldiario.net\/portal\/2021\/08\/02\/fiscal-castro-rechazo-denuncia-de-violacion-contra-exdiputado-del-mas\/#primaryimage"},"thumbnailUrl":"https:\/\/www.eldiario.net\/portal\/wp-content\/uploads\/2021\/08\/VIO-1.jpg","articleSection":["Sociedad - Seguridad"],"inLanguage":"es"},{"@type":"WebPage","@id":"https:\/\/www.eldiario.net\/portal\/2021\/08\/02\/fiscal-castro-rechazo-denuncia-de-violacion-contra-exdiputado-del-mas\/","url":"https:\/\/www.eldiario.net\/portal\/2021\/08\/02\/fiscal-castro-rechazo-denuncia-de-violacion-contra-exdiputado-del-mas\/","name":"Fiscal Castro rechaz\u00f3 denuncia de violaci\u00f3n contra exdiputado del MAS - El Diario - Bolivia","isPartOf":{"@id":"https:\/\/www.eldiario.net\/portal\/#website"},"primaryImageOfPage":{"@id":"https:\/\/www.eldiario.net\/portal\/2021\/08\/02\/fiscal-castro-rechazo-denuncia-de-violacion-contra-exdiputado-del-mas\/#primaryimage"},"image":{"@id":"https:\/\/www.eldiario.net\/portal\/2021\/08\/02\/fiscal-castro-rechazo-denuncia-de-violacion-contra-exdiputado-del-mas\/#primaryimage"},"thumbnailUrl":"https:\/\/www.eldiario.net\/portal\/wp-content\/uploads\/2021\/08\/VIO-1.jpg","datePublished":"2021-08-02T10:31:27+00:00","breadcrumb":{"@id":"https:\/\/www.eldiario.net\/portal\/2021\/08\/02\/fiscal-castro-rechazo-denuncia-de-violacion-contra-exdiputado-del-mas\/#breadcrumb"},"inLanguage":"es","potentialAction":[{"@type":"ReadAction","target":["https:\/\/www.eldiario.net\/portal\/2021\/08\/02\/fiscal-castro-rechazo-denuncia-de-violacion-contra-exdiputado-del-mas\/"]}]},{"@type":"ImageObject","inLanguage":"es","@id":"https:\/\/www.eldiario.net\/portal\/2021\/08\/02\/fiscal-castro-rechazo-denuncia-de-violacion-contra-exdiputado-del-mas\/#primaryimage","url":"https:\/\/www.eldiario.net\/portal\/wp-content\/uploads\/2021\/08\/VIO-1.jpg","contentUrl":"https:\/\/www.eldiario.net\/portal\/wp-content\/uploads\/2021\/08\/VIO-1.jpg","width":1440,"height":1003},{"@type":"BreadcrumbList","@id":"https:\/\/www.eldiario.net\/portal\/2021\/08\/02\/fiscal-castro-rechazo-denuncia-de-violacion-contra-exdiputado-del-mas\/#breadcrumb","itemListElement":[{"@type":"ListItem","position":1,"name":"Portada","item":"https:\/\/www.eldiario.net\/portal\/"},{"@type":"ListItem","position":2,"name":"Fiscal Castro rechaz\u00f3 denuncia de violaci\u00f3n contra exdiputado del MAS"}]},{"@type":"WebSite","@id":"https:\/\/www.eldiario.net\/portal\/#website","url":"https:\/\/www.eldiario.net\/portal\/","name":"El Diario - Decano de la prensa nacional","description":"El Diario - Decano de la prensa nacional","publisher":{"@id":"https:\/\/www.eldiario.net\/portal\/#organization"},"potentialAction":[{"@type":"SearchAction","target":{"@type":"EntryPoint","urlTemplate":"https:\/\/www.eldiario.net\/portal\/?s={search_term_string}"},"query-input":{"@type":"PropertyValueSpecification","valueRequired":true,"valueName":"search_term_string"}}],"inLanguage":"es"},{"@type":"Organization","@id":"https:\/\/www.eldiario.net\/portal\/#organization","name":"El Diario - Decano de la prensa nacional","url":"https:\/\/www.eldiario.net\/portal\/","logo":{"@type":"ImageObject","inLanguage":"es","@id":"https:\/\/www.eldiario.net\/portal\/#\/schema\/logo\/image\/","url":"https:\/\/www.eldiario.net\/portal\/wp-content\/uploads\/2023\/07\/logo_ED.jpg","contentUrl":"https:\/\/www.eldiario.net\/portal\/wp-content\/uploads\/2023\/07\/logo_ED.jpg","width":272,"height":52,"caption":"El Diario - Decano de la prensa nacional"},"image":{"@id":"https:\/\/www.eldiario.net\/portal\/#\/schema\/logo\/image\/"},"sameAs":["https:\/\/www.facebook.com\/eldiario.bolivia\/","https:\/\/x.com\/eldiario_net"]},{"@type":"Person","@id":"https:\/\/www.eldiario.net\/portal\/#\/schema\/person\/f46445640444750d7d753ccd04ae01b7","name":"Jeanette","image":{"@type":"ImageObject","inLanguage":"es","@id":"https:\/\/secure.gravatar.com\/avatar\/3ea2118a5f7dad2b7138b1187a6b7ee55f160b9968b66013c3a3ef39dd7e5798?s=96&d=mm&r=g","url":"https:\/\/secure.gravatar.com\/avatar\/3ea2118a5f7dad2b7138b1187a6b7ee55f160b9968b66013c3a3ef39dd7e5798?s=96&d=mm&r=g","contentUrl":"https:\/\/secure.gravatar.com\/avatar\/3ea2118a5f7dad2b7138b1187a6b7ee55f160b9968b66013c3a3ef39dd7e5798?s=96&d=mm&r=g","caption":"Jeanette"},"sameAs":["https:\/\/www.eldiario.net\/portal"],"url":"https:\/\/www.eldiario.net\/portal\/author\/jeanette\/"}]}},"_links":{"self":[{"href":"https:\/\/www.eldiario.net\/portal\/wp-json\/wp\/v2\/posts\/20921","targetHints":{"allow":["GET"]}}],"collection":[{"href":"https:\/\/www.eldiario.net\/portal\/wp-json\/wp\/v2\/posts"}],"about":[{"href":"https:\/\/www.eldiario.net\/portal\/wp-json\/wp\/v2\/types\/post"}],"author":[{"embeddable":true,"href":"https:\/\/www.eldiario.net\/portal\/wp-json\/wp\/v2\/users\/1"}],"replies":[{"embeddable":true,"href":"https:\/\/www.eldiario.net\/portal\/wp-json\/wp\/v2\/comments?post=20921"}],"version-history":[{"count":0,"href":"https:\/\/www.eldiario.net\/portal\/wp-json\/wp\/v2\/posts\/20921\/revisions"}],"wp:featuredmedia":[{"embeddable":true,"href":"https:\/\/www.eldiario.net\/portal\/wp-json\/wp\/v2\/media\/20922"}],"wp:attachment":[{"href":"https:\/\/www.eldiario.net\/portal\/wp-json\/wp\/v2\/media?parent=20921"}],"wp:term":[{"taxonomy":"category","embeddable":true,"href":"https:\/\/www.eldiario.net\/portal\/wp-json\/wp\/v2\/categories?post=20921"},{"taxonomy":"post_tag","embeddable":true,"href":"https:\/\/www.eldiario.net\/portal\/wp-json\/wp\/v2\/tags?post=20921"}],"curies":[{"name":"wp","href":"https:\/\/api.w.org\/{rel}","templated":true}]}}