{"id":208859,"date":"2024-03-18T07:07:47","date_gmt":"2024-03-18T11:07:47","guid":{"rendered":"https:\/\/www.eldiario.net\/portal\/?p=208859"},"modified":"2024-03-18T07:07:47","modified_gmt":"2024-03-18T11:07:47","slug":"legalidad-territorial-es-fundamental-para-la-estabilidad-del-estado","status":"publish","type":"post","link":"https:\/\/www.eldiario.net\/portal\/2024\/03\/18\/legalidad-territorial-es-fundamental-para-la-estabilidad-del-estado\/","title":{"rendered":"\u00a1Legalidad territorial es fundamental para la estabilidad del Estado!"},"content":{"rendered":"<p>En medio de la aparente calma de las decisiones burocr\u00e1ticas, a menudo se ocultan acciones que pueden socavar los cimientos de la democracia y la estabilidad nacional. Tal es el caso reciente, que merece una mirada detenida y cr\u00edtica por parte de todos los ciudadanos preocupados por el respeto a la Ley y los derechos territoriales.<br \/>\nLos hechos son claros y preocupantes: En un encuentro suscitado en la Casa Grande del Pueblo, convocado por el Viceministerio de Autonom\u00edas y el Instituto Nacional de Estad\u00edstica (INE), donde se elabor\u00f3 un Acta a pedido manifiesto de algunos comunarios mal intencionados de Piso Firme y representantes de la Gobernaci\u00f3n de Santa Cruz, se tom\u00f3 la decisi\u00f3n de censar a dicha comunidad perteneciente al Departamento del Beni, como parte del Departamento de Santa Cruz en el pr\u00f3ximo Censo de Poblaci\u00f3n y Vivienda 2024. Es una determinaci\u00f3n tomada, sin respetar el marco legal de delimitaci\u00f3n territorial y las leyes vigentes, que se constituye en un acto de incumplimiento, que vulnera gravemente los derechos territoriales del Beni. Esta medida aparentemente inofensiva, pone en tela de juicio el principio mismo de legalidad y el respeto a la Constituci\u00f3n.<br \/>\nEs imperativo que las instituciones estatales encargadas de velar por el cumplimiento de la Ley y la protecci\u00f3n de los derechos de todos los ciudadanos act\u00faen con responsabilidad y respeto a las normas, sin omitir sus deberes legales y\/o administrativos, resaltando que un acta o convenio no puede estar por encima de la Constituci\u00f3n Pol\u00edtica del Estado (CPE) y las leyes.<br \/>\nAnte esta situaci\u00f3n, en la que no se ha considerado v\u00edas administrativas o judiciales para su eficaz protecci\u00f3n, una Acci\u00f3n de Incumplimiento, para que la justicia act\u00fae con celeridad y firmeza, ser\u00eda un paso crucial para respetar los derechos del Beni, esperando que el Tribunal Constitucional Plurinacional (TCP), emita una Resoluci\u00f3n que restablezca el orden legal y garantice el respeto a los l\u00edmites territoriales establecidos por la normativa vigente. Es fundamental que se detenga cualquier acci\u00f3n relacionada con el censo a la comunidad de Piso Firme, hasta que se resuelva legalmente la disputa territorial entre los departamentos de Beni y Santa Cruz. Solo as\u00ed podremos asegurar el pleno ejercicio de los derechos territoriales del Departamento del Beni y preservar la integridad de nuestro Estado.<br \/>\nLa Acci\u00f3n de Incumplimiento, prevista en la Constituci\u00f3n Pol\u00edtica y en el ordenamiento Procesal Constitucional, es un mecanismo que garantiza el respeto a la legalidad y a los derechos constitucionales, como un principio fundamental de justicia y equidad que debe prevalecer en Bolivia.<br \/>\nNo podemos permitir que decisiones arbitrarias menoscaben la legalidad y la justicia en nuestra sociedad. Es hora de reafirmar nuestro compromiso con el Estado de Derecho y con el respeto a los derechos fundamentales de todos los bolivianos.<\/p>\n<p>El autor es abogado beniano, M.Sc. DAEN y Director del Centro de Investigaci\u00f3n CINDEPRO.<\/p>\n","protected":false},"excerpt":{"rendered":"<p>En medio de la aparente calma de las decisiones burocr\u00e1ticas, a menudo se ocultan acciones que pueden socavar los cimientos de la democracia y la estabilidad nacional. Tal es el caso reciente, que merece una mirada detenida y cr\u00edtica por parte de todos los ciudadanos preocupados por el respeto a la Ley y los derechos [&hellip;]<\/p>\n","protected":false},"author":1,"featured_media":169888,"comment_status":"open","ping_status":"open","sticky":false,"template":"","format":"standard","meta":{"_acf_changed":false,"footnotes":""},"categories":[9],"tags":[],"class_list":["post-208859","post","type-post","status-publish","format-standard","has-post-thumbnail","category-opinion"],"acf":{"antetitulo":""},"yoast_head":"<!-- This site is optimized with the Yoast SEO plugin v28.4 - https:\/\/yoast.com\/product\/yoast-seo-wordpress\/ -->\n<title>\u00a1Legalidad territorial es fundamental para la estabilidad del Estado! - El Diario - Bolivia<\/title>\n<meta name=\"robots\" content=\"index, follow, max-snippet:-1, max-image-preview:large, max-video-preview:-1\" \/>\n<link rel=\"canonical\" href=\"https:\/\/www.eldiario.net\/portal\/2024\/03\/18\/legalidad-territorial-es-fundamental-para-la-estabilidad-del-estado\/\" \/>\n<meta property=\"og:locale\" content=\"es_ES\" \/>\n<meta property=\"og:type\" content=\"article\" \/>\n<meta property=\"og:title\" content=\"\u00a1Legalidad territorial es fundamental para la estabilidad del Estado! - El Diario - Bolivia\" \/>\n<meta property=\"og:description\" content=\"En medio de la aparente calma de las decisiones burocr\u00e1ticas, a menudo se ocultan acciones que pueden socavar los cimientos de la democracia y la estabilidad nacional. Tal es el caso reciente, que merece una mirada detenida y cr\u00edtica por parte de todos los ciudadanos preocupados por el respeto a la Ley y los derechos [&hellip;]\" \/>\n<meta property=\"og:url\" content=\"https:\/\/www.eldiario.net\/portal\/2024\/03\/18\/legalidad-territorial-es-fundamental-para-la-estabilidad-del-estado\/\" \/>\n<meta property=\"og:site_name\" content=\"El Diario - Bolivia\" \/>\n<meta property=\"article:publisher\" content=\"https:\/\/www.facebook.com\/eldiario.bolivia\/\" \/>\n<meta property=\"article:published_time\" content=\"2024-03-18T11:07:47+00:00\" \/>\n<meta property=\"og:image\" content=\"https:\/\/www.eldiario.net\/portal\/wp-content\/uploads\/2023\/08\/Raul-Ruiz-Roca.jpg\" \/>\n\t<meta property=\"og:image:width\" content=\"1200\" \/>\n\t<meta property=\"og:image:height\" content=\"628\" \/>\n\t<meta property=\"og:image:type\" content=\"image\/jpeg\" \/>\n<meta name=\"author\" content=\"Jeanette\" \/>\n<meta name=\"twitter:card\" content=\"summary_large_image\" \/>\n<meta name=\"twitter:creator\" content=\"@eldiario_net\" \/>\n<meta name=\"twitter:site\" content=\"@eldiario_net\" \/>\n<meta name=\"twitter:label1\" content=\"Escrito por\" \/>\n\t<meta name=\"twitter:data1\" content=\"Jeanette\" \/>\n\t<meta name=\"twitter:label2\" content=\"Tiempo de lectura\" \/>\n\t<meta name=\"twitter:data2\" content=\"3 minutos\" \/>\n<script type=\"application\/ld+json\" class=\"yoast-schema-graph\">{\"@context\":\"https:\\\/\\\/schema.org\",\"@graph\":[{\"@type\":\"Article\",\"@id\":\"https:\\\/\\\/www.eldiario.net\\\/portal\\\/2024\\\/03\\\/18\\\/legalidad-territorial-es-fundamental-para-la-estabilidad-del-estado\\\/#article\",\"isPartOf\":{\"@id\":\"https:\\\/\\\/www.eldiario.net\\\/portal\\\/2024\\\/03\\\/18\\\/legalidad-territorial-es-fundamental-para-la-estabilidad-del-estado\\\/\"},\"author\":{\"name\":\"Jeanette\",\"@id\":\"https:\\\/\\\/www.eldiario.net\\\/portal\\\/#\\\/schema\\\/person\\\/2c57cf2b7a7ae032e449e4c9b1019eac\"},\"headline\":\"\u00a1Legalidad territorial es fundamental para la estabilidad del Estado!\",\"datePublished\":\"2024-03-18T11:07:47+00:00\",\"mainEntityOfPage\":{\"@id\":\"https:\\\/\\\/www.eldiario.net\\\/portal\\\/2024\\\/03\\\/18\\\/legalidad-territorial-es-fundamental-para-la-estabilidad-del-estado\\\/\"},\"wordCount\":509,\"commentCount\":0,\"publisher\":{\"@id\":\"https:\\\/\\\/www.eldiario.net\\\/portal\\\/#organization\"},\"image\":{\"@id\":\"https:\\\/\\\/www.eldiario.net\\\/portal\\\/2024\\\/03\\\/18\\\/legalidad-territorial-es-fundamental-para-la-estabilidad-del-estado\\\/#primaryimage\"},\"thumbnailUrl\":\"https:\\\/\\\/www.eldiario.net\\\/portal\\\/wp-content\\\/uploads\\\/2023\\\/08\\\/Raul-Ruiz-Roca.jpg\",\"articleSection\":[\"Opini\u00f3n\"],\"inLanguage\":\"es\",\"potentialAction\":[{\"@type\":\"CommentAction\",\"name\":\"Comment\",\"target\":[\"https:\\\/\\\/www.eldiario.net\\\/portal\\\/2024\\\/03\\\/18\\\/legalidad-territorial-es-fundamental-para-la-estabilidad-del-estado\\\/#respond\"]}]},{\"@type\":\"WebPage\",\"@id\":\"https:\\\/\\\/www.eldiario.net\\\/portal\\\/2024\\\/03\\\/18\\\/legalidad-territorial-es-fundamental-para-la-estabilidad-del-estado\\\/\",\"url\":\"https:\\\/\\\/www.eldiario.net\\\/portal\\\/2024\\\/03\\\/18\\\/legalidad-territorial-es-fundamental-para-la-estabilidad-del-estado\\\/\",\"name\":\"\u00a1Legalidad territorial es fundamental para la estabilidad del Estado! - El Diario - Bolivia\",\"isPartOf\":{\"@id\":\"https:\\\/\\\/www.eldiario.net\\\/portal\\\/#website\"},\"primaryImageOfPage\":{\"@id\":\"https:\\\/\\\/www.eldiario.net\\\/portal\\\/2024\\\/03\\\/18\\\/legalidad-territorial-es-fundamental-para-la-estabilidad-del-estado\\\/#primaryimage\"},\"image\":{\"@id\":\"https:\\\/\\\/www.eldiario.net\\\/portal\\\/2024\\\/03\\\/18\\\/legalidad-territorial-es-fundamental-para-la-estabilidad-del-estado\\\/#primaryimage\"},\"thumbnailUrl\":\"https:\\\/\\\/www.eldiario.net\\\/portal\\\/wp-content\\\/uploads\\\/2023\\\/08\\\/Raul-Ruiz-Roca.jpg\",\"datePublished\":\"2024-03-18T11:07:47+00:00\",\"breadcrumb\":{\"@id\":\"https:\\\/\\\/www.eldiario.net\\\/portal\\\/2024\\\/03\\\/18\\\/legalidad-territorial-es-fundamental-para-la-estabilidad-del-estado\\\/#breadcrumb\"},\"inLanguage\":\"es\",\"potentialAction\":[{\"@type\":\"ReadAction\",\"target\":[\"https:\\\/\\\/www.eldiario.net\\\/portal\\\/2024\\\/03\\\/18\\\/legalidad-territorial-es-fundamental-para-la-estabilidad-del-estado\\\/\"]}]},{\"@type\":\"ImageObject\",\"inLanguage\":\"es\",\"@id\":\"https:\\\/\\\/www.eldiario.net\\\/portal\\\/2024\\\/03\\\/18\\\/legalidad-territorial-es-fundamental-para-la-estabilidad-del-estado\\\/#primaryimage\",\"url\":\"https:\\\/\\\/www.eldiario.net\\\/portal\\\/wp-content\\\/uploads\\\/2023\\\/08\\\/Raul-Ruiz-Roca.jpg\",\"contentUrl\":\"https:\\\/\\\/www.eldiario.net\\\/portal\\\/wp-content\\\/uploads\\\/2023\\\/08\\\/Raul-Ruiz-Roca.jpg\",\"width\":1200,\"height\":628},{\"@type\":\"BreadcrumbList\",\"@id\":\"https:\\\/\\\/www.eldiario.net\\\/portal\\\/2024\\\/03\\\/18\\\/legalidad-territorial-es-fundamental-para-la-estabilidad-del-estado\\\/#breadcrumb\",\"itemListElement\":[{\"@type\":\"ListItem\",\"position\":1,\"name\":\"Portada\",\"item\":\"https:\\\/\\\/www.eldiario.net\\\/portal\\\/\"},{\"@type\":\"ListItem\",\"position\":2,\"name\":\"\u00a1Legalidad territorial es fundamental para la estabilidad del Estado!\"}]},{\"@type\":\"WebSite\",\"@id\":\"https:\\\/\\\/www.eldiario.net\\\/portal\\\/#website\",\"url\":\"https:\\\/\\\/www.eldiario.net\\\/portal\\\/\",\"name\":\"El Diario - Decano de la prensa nacional\",\"description\":\"El Diario - Decano de la prensa nacional\",\"publisher\":{\"@id\":\"https:\\\/\\\/www.eldiario.net\\\/portal\\\/#organization\"},\"potentialAction\":[{\"@type\":\"SearchAction\",\"target\":{\"@type\":\"EntryPoint\",\"urlTemplate\":\"https:\\\/\\\/www.eldiario.net\\\/portal\\\/?s={search_term_string}\"},\"query-input\":{\"@type\":\"PropertyValueSpecification\",\"valueRequired\":true,\"valueName\":\"search_term_string\"}}],\"inLanguage\":\"es\"},{\"@type\":\"Organization\",\"@id\":\"https:\\\/\\\/www.eldiario.net\\\/portal\\\/#organization\",\"name\":\"El Diario - Decano de la prensa nacional\",\"url\":\"https:\\\/\\\/www.eldiario.net\\\/portal\\\/\",\"logo\":{\"@type\":\"ImageObject\",\"inLanguage\":\"es\",\"@id\":\"https:\\\/\\\/www.eldiario.net\\\/portal\\\/#\\\/schema\\\/logo\\\/image\\\/\",\"url\":\"https:\\\/\\\/www.eldiario.net\\\/portal\\\/wp-content\\\/uploads\\\/2023\\\/07\\\/logo_ED.jpg\",\"contentUrl\":\"https:\\\/\\\/www.eldiario.net\\\/portal\\\/wp-content\\\/uploads\\\/2023\\\/07\\\/logo_ED.jpg\",\"width\":272,\"height\":52,\"caption\":\"El Diario - Decano de la prensa nacional\"},\"image\":{\"@id\":\"https:\\\/\\\/www.eldiario.net\\\/portal\\\/#\\\/schema\\\/logo\\\/image\\\/\"},\"sameAs\":[\"https:\\\/\\\/www.facebook.com\\\/eldiario.bolivia\\\/\",\"https:\\\/\\\/x.com\\\/eldiario_net\"]},{\"@type\":\"Person\",\"@id\":\"https:\\\/\\\/www.eldiario.net\\\/portal\\\/#\\\/schema\\\/person\\\/2c57cf2b7a7ae032e449e4c9b1019eac\",\"name\":\"Jeanette\",\"image\":{\"@type\":\"ImageObject\",\"inLanguage\":\"es\",\"@id\":\"https:\\\/\\\/secure.gravatar.com\\\/avatar\\\/3ea2118a5f7dad2b7138b1187a6b7ee55f160b9968b66013c3a3ef39dd7e5798?s=96&d=mm&r=g\",\"url\":\"https:\\\/\\\/secure.gravatar.com\\\/avatar\\\/3ea2118a5f7dad2b7138b1187a6b7ee55f160b9968b66013c3a3ef39dd7e5798?s=96&d=mm&r=g\",\"contentUrl\":\"https:\\\/\\\/secure.gravatar.com\\\/avatar\\\/3ea2118a5f7dad2b7138b1187a6b7ee55f160b9968b66013c3a3ef39dd7e5798?s=96&d=mm&r=g\",\"caption\":\"Jeanette\"},\"sameAs\":[\"https:\\\/\\\/www.eldiario.net\\\/portal\"],\"url\":\"https:\\\/\\\/www.eldiario.net\\\/portal\\\/author\\\/jeanette\\\/\"}]}<\/script>\n<!-- \/ Yoast SEO plugin. -->","yoast_head_json":{"title":"\u00a1Legalidad territorial es fundamental para la estabilidad del Estado! - El Diario - Bolivia","robots":{"index":"index","follow":"follow","max-snippet":"max-snippet:-1","max-image-preview":"max-image-preview:large","max-video-preview":"max-video-preview:-1"},"canonical":"https:\/\/www.eldiario.net\/portal\/2024\/03\/18\/legalidad-territorial-es-fundamental-para-la-estabilidad-del-estado\/","og_locale":"es_ES","og_type":"article","og_title":"\u00a1Legalidad territorial es fundamental para la estabilidad del Estado! - El Diario - Bolivia","og_description":"En medio de la aparente calma de las decisiones burocr\u00e1ticas, a menudo se ocultan acciones que pueden socavar los cimientos de la democracia y la estabilidad nacional. Tal es el caso reciente, que merece una mirada detenida y cr\u00edtica por parte de todos los ciudadanos preocupados por el respeto a la Ley y los derechos [&hellip;]","og_url":"https:\/\/www.eldiario.net\/portal\/2024\/03\/18\/legalidad-territorial-es-fundamental-para-la-estabilidad-del-estado\/","og_site_name":"El Diario - Bolivia","article_publisher":"https:\/\/www.facebook.com\/eldiario.bolivia\/","article_published_time":"2024-03-18T11:07:47+00:00","og_image":[{"width":1200,"height":628,"url":"https:\/\/www.eldiario.net\/portal\/wp-content\/uploads\/2023\/08\/Raul-Ruiz-Roca.jpg","type":"image\/jpeg"}],"author":"Jeanette","twitter_card":"summary_large_image","twitter_creator":"@eldiario_net","twitter_site":"@eldiario_net","twitter_misc":{"Escrito por":"Jeanette","Tiempo de lectura":"3 minutos"},"schema":{"@context":"https:\/\/schema.org","@graph":[{"@type":"Article","@id":"https:\/\/www.eldiario.net\/portal\/2024\/03\/18\/legalidad-territorial-es-fundamental-para-la-estabilidad-del-estado\/#article","isPartOf":{"@id":"https:\/\/www.eldiario.net\/portal\/2024\/03\/18\/legalidad-territorial-es-fundamental-para-la-estabilidad-del-estado\/"},"author":{"name":"Jeanette","@id":"https:\/\/www.eldiario.net\/portal\/#\/schema\/person\/2c57cf2b7a7ae032e449e4c9b1019eac"},"headline":"\u00a1Legalidad territorial es fundamental para la estabilidad del Estado!","datePublished":"2024-03-18T11:07:47+00:00","mainEntityOfPage":{"@id":"https:\/\/www.eldiario.net\/portal\/2024\/03\/18\/legalidad-territorial-es-fundamental-para-la-estabilidad-del-estado\/"},"wordCount":509,"commentCount":0,"publisher":{"@id":"https:\/\/www.eldiario.net\/portal\/#organization"},"image":{"@id":"https:\/\/www.eldiario.net\/portal\/2024\/03\/18\/legalidad-territorial-es-fundamental-para-la-estabilidad-del-estado\/#primaryimage"},"thumbnailUrl":"https:\/\/www.eldiario.net\/portal\/wp-content\/uploads\/2023\/08\/Raul-Ruiz-Roca.jpg","articleSection":["Opini\u00f3n"],"inLanguage":"es","potentialAction":[{"@type":"CommentAction","name":"Comment","target":["https:\/\/www.eldiario.net\/portal\/2024\/03\/18\/legalidad-territorial-es-fundamental-para-la-estabilidad-del-estado\/#respond"]}]},{"@type":"WebPage","@id":"https:\/\/www.eldiario.net\/portal\/2024\/03\/18\/legalidad-territorial-es-fundamental-para-la-estabilidad-del-estado\/","url":"https:\/\/www.eldiario.net\/portal\/2024\/03\/18\/legalidad-territorial-es-fundamental-para-la-estabilidad-del-estado\/","name":"\u00a1Legalidad territorial es fundamental para la estabilidad del Estado! - El Diario - Bolivia","isPartOf":{"@id":"https:\/\/www.eldiario.net\/portal\/#website"},"primaryImageOfPage":{"@id":"https:\/\/www.eldiario.net\/portal\/2024\/03\/18\/legalidad-territorial-es-fundamental-para-la-estabilidad-del-estado\/#primaryimage"},"image":{"@id":"https:\/\/www.eldiario.net\/portal\/2024\/03\/18\/legalidad-territorial-es-fundamental-para-la-estabilidad-del-estado\/#primaryimage"},"thumbnailUrl":"https:\/\/www.eldiario.net\/portal\/wp-content\/uploads\/2023\/08\/Raul-Ruiz-Roca.jpg","datePublished":"2024-03-18T11:07:47+00:00","breadcrumb":{"@id":"https:\/\/www.eldiario.net\/portal\/2024\/03\/18\/legalidad-territorial-es-fundamental-para-la-estabilidad-del-estado\/#breadcrumb"},"inLanguage":"es","potentialAction":[{"@type":"ReadAction","target":["https:\/\/www.eldiario.net\/portal\/2024\/03\/18\/legalidad-territorial-es-fundamental-para-la-estabilidad-del-estado\/"]}]},{"@type":"ImageObject","inLanguage":"es","@id":"https:\/\/www.eldiario.net\/portal\/2024\/03\/18\/legalidad-territorial-es-fundamental-para-la-estabilidad-del-estado\/#primaryimage","url":"https:\/\/www.eldiario.net\/portal\/wp-content\/uploads\/2023\/08\/Raul-Ruiz-Roca.jpg","contentUrl":"https:\/\/www.eldiario.net\/portal\/wp-content\/uploads\/2023\/08\/Raul-Ruiz-Roca.jpg","width":1200,"height":628},{"@type":"BreadcrumbList","@id":"https:\/\/www.eldiario.net\/portal\/2024\/03\/18\/legalidad-territorial-es-fundamental-para-la-estabilidad-del-estado\/#breadcrumb","itemListElement":[{"@type":"ListItem","position":1,"name":"Portada","item":"https:\/\/www.eldiario.net\/portal\/"},{"@type":"ListItem","position":2,"name":"\u00a1Legalidad territorial es fundamental para la estabilidad del Estado!"}]},{"@type":"WebSite","@id":"https:\/\/www.eldiario.net\/portal\/#website","url":"https:\/\/www.eldiario.net\/portal\/","name":"El Diario - Decano de la prensa nacional","description":"El Diario - Decano de la prensa nacional","publisher":{"@id":"https:\/\/www.eldiario.net\/portal\/#organization"},"potentialAction":[{"@type":"SearchAction","target":{"@type":"EntryPoint","urlTemplate":"https:\/\/www.eldiario.net\/portal\/?s={search_term_string}"},"query-input":{"@type":"PropertyValueSpecification","valueRequired":true,"valueName":"search_term_string"}}],"inLanguage":"es"},{"@type":"Organization","@id":"https:\/\/www.eldiario.net\/portal\/#organization","name":"El Diario - Decano de la prensa nacional","url":"https:\/\/www.eldiario.net\/portal\/","logo":{"@type":"ImageObject","inLanguage":"es","@id":"https:\/\/www.eldiario.net\/portal\/#\/schema\/logo\/image\/","url":"https:\/\/www.eldiario.net\/portal\/wp-content\/uploads\/2023\/07\/logo_ED.jpg","contentUrl":"https:\/\/www.eldiario.net\/portal\/wp-content\/uploads\/2023\/07\/logo_ED.jpg","width":272,"height":52,"caption":"El Diario - Decano de la prensa nacional"},"image":{"@id":"https:\/\/www.eldiario.net\/portal\/#\/schema\/logo\/image\/"},"sameAs":["https:\/\/www.facebook.com\/eldiario.bolivia\/","https:\/\/x.com\/eldiario_net"]},{"@type":"Person","@id":"https:\/\/www.eldiario.net\/portal\/#\/schema\/person\/2c57cf2b7a7ae032e449e4c9b1019eac","name":"Jeanette","image":{"@type":"ImageObject","inLanguage":"es","@id":"https:\/\/secure.gravatar.com\/avatar\/3ea2118a5f7dad2b7138b1187a6b7ee55f160b9968b66013c3a3ef39dd7e5798?s=96&d=mm&r=g","url":"https:\/\/secure.gravatar.com\/avatar\/3ea2118a5f7dad2b7138b1187a6b7ee55f160b9968b66013c3a3ef39dd7e5798?s=96&d=mm&r=g","contentUrl":"https:\/\/secure.gravatar.com\/avatar\/3ea2118a5f7dad2b7138b1187a6b7ee55f160b9968b66013c3a3ef39dd7e5798?s=96&d=mm&r=g","caption":"Jeanette"},"sameAs":["https:\/\/www.eldiario.net\/portal"],"url":"https:\/\/www.eldiario.net\/portal\/author\/jeanette\/"}]}},"_links":{"self":[{"href":"https:\/\/www.eldiario.net\/portal\/wp-json\/wp\/v2\/posts\/208859","targetHints":{"allow":["GET"]}}],"collection":[{"href":"https:\/\/www.eldiario.net\/portal\/wp-json\/wp\/v2\/posts"}],"about":[{"href":"https:\/\/www.eldiario.net\/portal\/wp-json\/wp\/v2\/types\/post"}],"author":[{"embeddable":true,"href":"https:\/\/www.eldiario.net\/portal\/wp-json\/wp\/v2\/users\/1"}],"replies":[{"embeddable":true,"href":"https:\/\/www.eldiario.net\/portal\/wp-json\/wp\/v2\/comments?post=208859"}],"version-history":[{"count":1,"href":"https:\/\/www.eldiario.net\/portal\/wp-json\/wp\/v2\/posts\/208859\/revisions"}],"predecessor-version":[{"id":208860,"href":"https:\/\/www.eldiario.net\/portal\/wp-json\/wp\/v2\/posts\/208859\/revisions\/208860"}],"wp:featuredmedia":[{"embeddable":true,"href":"https:\/\/www.eldiario.net\/portal\/wp-json\/wp\/v2\/media\/169888"}],"wp:attachment":[{"href":"https:\/\/www.eldiario.net\/portal\/wp-json\/wp\/v2\/media?parent=208859"}],"wp:term":[{"taxonomy":"category","embeddable":true,"href":"https:\/\/www.eldiario.net\/portal\/wp-json\/wp\/v2\/categories?post=208859"},{"taxonomy":"post_tag","embeddable":true,"href":"https:\/\/www.eldiario.net\/portal\/wp-json\/wp\/v2\/tags?post=208859"}],"curies":[{"name":"wp","href":"https:\/\/api.w.org\/{rel}","templated":true}]}}