{"id":208835,"date":"2024-03-18T07:00:32","date_gmt":"2024-03-18T11:00:32","guid":{"rendered":"https:\/\/www.eldiario.net\/portal\/?p=208835"},"modified":"2024-03-18T11:14:08","modified_gmt":"2024-03-18T15:14:08","slug":"entre-paginas-y-memorias-nace-libro-sobre-la-casa-nacional-de-moneda","status":"publish","type":"post","link":"https:\/\/www.eldiario.net\/portal\/2024\/03\/18\/entre-paginas-y-memorias-nace-libro-sobre-la-casa-nacional-de-moneda\/","title":{"rendered":"Entre p\u00e1ginas y memorias nace libro sobre la Casa Nacional de Moneda"},"content":{"rendered":"<p>\u201cLa Casa Nacional de Moneda: Administraci\u00f3n de la Sociedad Geogr\u00e1fica y de Historia Potos\u00ed (1940 \u2013 1969)\u201d es el t\u00edtulo de la obra presentada por la Casa Nacional de Moneda (CNM). Se trata de una investigaci\u00f3n realizada por el Archivo Hist\u00f3rico de la CNM. El libro profundiza en la transformaci\u00f3n de la antigua f\u00e1brica de monedas colonial a un repositorio, gracias al papel fundamental que desempe\u00f1\u00f3 la Sociedad Geogr\u00e1fica y de Historia \u201cPotos\u00ed\u201d (SGHP).<br \/>\nPara este proyecto, Mauricio Pe\u00f1aranda Funes, catalogador e historiador de la CNM, fue encomendado por el repositorio con la tarea de investigar y visibilizar los fondos documentales a\u00fan no explorados o poco trabajados cient\u00edficamente, relacionados con la administraci\u00f3n de la Casa Nacional de Moneda por parte de la Sociedad Geogr\u00e1fica y de Historia &#8211; Potos\u00ed.<br \/>\nLa investigaci\u00f3n enfatiza la preservaci\u00f3n y difusi\u00f3n del patrimonio hist\u00f3rico y cultural, en la creaci\u00f3n del Museo de la Casa Nacional de Moneda, el Archivo hist\u00f3rico y la Editorial Potos\u00ed, subrayando las gestiones realizadas de la SGHP para proporcionar apoyo y conocimiento, contribuyendo significativamente a la memoria hist\u00f3rica del pa\u00eds. La obra tambi\u00e9n refleja el esfuerzo continuo por conservar y promover el legado cultural de un centro econ\u00f3mico global durante la colonia y rep\u00fablica en la historia de Bolivia.<br \/>\n\u201cEste libro captura la determinaci\u00f3n de los potosinos, el valor de nuestros ancestros que en 1936 comenzaron a gestionar ante el Estado la restauraci\u00f3n de nuestra querida casona. Desde entonces, la SGHP se comprometi\u00f3 a impulsar significativamente este proyecto\u201d, coment\u00f3 Luis M. Arancibia Fern\u00e1ndez, director de la Casa Nacional de Moneda.<br \/>\nAsimismo, Arancibia manifest\u00f3 que el 5 de octubre de 1940, gracias a las gestiones de la sociedad, el presidente Gral. Enrique Pe\u00f1aranda promulg\u00f3 una Ley que otorgaba a esta organizaci\u00f3n civil potosina, la administraci\u00f3n de la Casa Nacional de Moneda, permiti\u00e9ndoles usar sus espacios como sede oficial de sus actividades.<br \/>\nLa entrega de la obra se realiz\u00f3 en el sal\u00f3n \u201cSociedad Geogr\u00e1fica y de Historia Potos\u00ed\u201d de la Casa Nacional de Moneda, contando con una masiva asistencia del p\u00fablico. Adem\u00e1s, los asistentes presentes tuvieron la oportunidad de adquirir el libro; de igual manera, el evento se transmiti\u00f3 en vivo por las redes sociales del repositorio.<\/p>\n","protected":false},"excerpt":{"rendered":"<p>\u201cLa Casa Nacional de Moneda: Administraci\u00f3n de la Sociedad Geogr\u00e1fica y de Historia Potos\u00ed (1940 \u2013 1969)\u201d es el t\u00edtulo de la obra presentada por la Casa Nacional de Moneda (CNM). Se trata de una investigaci\u00f3n realizada por el Archivo Hist\u00f3rico de la CNM. El libro profundiza en la transformaci\u00f3n de la antigua f\u00e1brica de [&hellip;]<\/p>\n","protected":false},"author":1,"featured_media":208965,"comment_status":"open","ping_status":"open","sticky":false,"template":"","format":"standard","meta":{"_acf_changed":false,"footnotes":""},"categories":[8],"tags":[],"class_list":["post-208835","post","type-post","status-publish","format-standard","has-post-thumbnail","category-cultural"],"acf":{"antetitulo":"Potos\u00ed"},"yoast_head":"<!-- This site is optimized with the Yoast SEO plugin v28.4 - https:\/\/yoast.com\/product\/yoast-seo-wordpress\/ -->\n<title>Entre p\u00e1ginas y memorias nace libro sobre la Casa Nacional de Moneda - El Diario - Bolivia<\/title>\n<meta name=\"robots\" content=\"index, follow, max-snippet:-1, max-image-preview:large, max-video-preview:-1\" \/>\n<link rel=\"canonical\" href=\"https:\/\/www.eldiario.net\/portal\/2024\/03\/18\/entre-paginas-y-memorias-nace-libro-sobre-la-casa-nacional-de-moneda\/\" \/>\n<meta property=\"og:locale\" content=\"es_ES\" \/>\n<meta property=\"og:type\" content=\"article\" \/>\n<meta property=\"og:title\" content=\"Entre p\u00e1ginas y memorias nace libro sobre la Casa Nacional de Moneda - El Diario - Bolivia\" \/>\n<meta property=\"og:description\" content=\"\u201cLa Casa Nacional de Moneda: Administraci\u00f3n de la Sociedad Geogr\u00e1fica y de Historia Potos\u00ed (1940 \u2013 1969)\u201d es el t\u00edtulo de la obra presentada por la Casa Nacional de Moneda (CNM). Se trata de una investigaci\u00f3n realizada por el Archivo Hist\u00f3rico de la CNM. El libro profundiza en la transformaci\u00f3n de la antigua f\u00e1brica de [&hellip;]\" \/>\n<meta property=\"og:url\" content=\"https:\/\/www.eldiario.net\/portal\/2024\/03\/18\/entre-paginas-y-memorias-nace-libro-sobre-la-casa-nacional-de-moneda\/\" \/>\n<meta property=\"og:site_name\" content=\"El Diario - Bolivia\" \/>\n<meta property=\"article:publisher\" content=\"https:\/\/www.facebook.com\/eldiario.bolivia\/\" \/>\n<meta property=\"article:published_time\" content=\"2024-03-18T11:00:32+00:00\" \/>\n<meta property=\"article:modified_time\" content=\"2024-03-18T15:14:08+00:00\" \/>\n<meta property=\"og:image\" content=\"https:\/\/www.eldiario.net\/portal\/wp-content\/uploads\/2024\/03\/LIBRO-1.jpg\" \/>\n\t<meta property=\"og:image:width\" content=\"1280\" \/>\n\t<meta property=\"og:image:height\" content=\"853\" \/>\n\t<meta property=\"og:image:type\" content=\"image\/jpeg\" \/>\n<meta name=\"author\" content=\"Jeanette\" \/>\n<meta name=\"twitter:card\" content=\"summary_large_image\" \/>\n<meta name=\"twitter:creator\" content=\"@eldiario_net\" \/>\n<meta name=\"twitter:site\" content=\"@eldiario_net\" \/>\n<meta name=\"twitter:label1\" content=\"Escrito por\" \/>\n\t<meta name=\"twitter:data1\" content=\"Jeanette\" \/>\n\t<meta name=\"twitter:label2\" content=\"Tiempo de lectura\" \/>\n\t<meta name=\"twitter:data2\" content=\"2 minutos\" \/>\n<script type=\"application\/ld+json\" class=\"yoast-schema-graph\">{\"@context\":\"https:\\\/\\\/schema.org\",\"@graph\":[{\"@type\":\"Article\",\"@id\":\"https:\\\/\\\/www.eldiario.net\\\/portal\\\/2024\\\/03\\\/18\\\/entre-paginas-y-memorias-nace-libro-sobre-la-casa-nacional-de-moneda\\\/#article\",\"isPartOf\":{\"@id\":\"https:\\\/\\\/www.eldiario.net\\\/portal\\\/2024\\\/03\\\/18\\\/entre-paginas-y-memorias-nace-libro-sobre-la-casa-nacional-de-moneda\\\/\"},\"author\":{\"name\":\"Jeanette\",\"@id\":\"https:\\\/\\\/www.eldiario.net\\\/portal\\\/#\\\/schema\\\/person\\\/2c57cf2b7a7ae032e449e4c9b1019eac\"},\"headline\":\"Entre p\u00e1ginas y memorias nace libro sobre la Casa Nacional de Moneda\",\"datePublished\":\"2024-03-18T11:00:32+00:00\",\"dateModified\":\"2024-03-18T15:14:08+00:00\",\"mainEntityOfPage\":{\"@id\":\"https:\\\/\\\/www.eldiario.net\\\/portal\\\/2024\\\/03\\\/18\\\/entre-paginas-y-memorias-nace-libro-sobre-la-casa-nacional-de-moneda\\\/\"},\"wordCount\":406,\"commentCount\":0,\"publisher\":{\"@id\":\"https:\\\/\\\/www.eldiario.net\\\/portal\\\/#organization\"},\"image\":{\"@id\":\"https:\\\/\\\/www.eldiario.net\\\/portal\\\/2024\\\/03\\\/18\\\/entre-paginas-y-memorias-nace-libro-sobre-la-casa-nacional-de-moneda\\\/#primaryimage\"},\"thumbnailUrl\":\"https:\\\/\\\/www.eldiario.net\\\/portal\\\/wp-content\\\/uploads\\\/2024\\\/03\\\/LIBRO-1.jpg\",\"articleSection\":[\"Cultural\"],\"inLanguage\":\"es\",\"potentialAction\":[{\"@type\":\"CommentAction\",\"name\":\"Comment\",\"target\":[\"https:\\\/\\\/www.eldiario.net\\\/portal\\\/2024\\\/03\\\/18\\\/entre-paginas-y-memorias-nace-libro-sobre-la-casa-nacional-de-moneda\\\/#respond\"]}]},{\"@type\":\"WebPage\",\"@id\":\"https:\\\/\\\/www.eldiario.net\\\/portal\\\/2024\\\/03\\\/18\\\/entre-paginas-y-memorias-nace-libro-sobre-la-casa-nacional-de-moneda\\\/\",\"url\":\"https:\\\/\\\/www.eldiario.net\\\/portal\\\/2024\\\/03\\\/18\\\/entre-paginas-y-memorias-nace-libro-sobre-la-casa-nacional-de-moneda\\\/\",\"name\":\"Entre p\u00e1ginas y memorias nace libro sobre la Casa Nacional de Moneda - El Diario - Bolivia\",\"isPartOf\":{\"@id\":\"https:\\\/\\\/www.eldiario.net\\\/portal\\\/#website\"},\"primaryImageOfPage\":{\"@id\":\"https:\\\/\\\/www.eldiario.net\\\/portal\\\/2024\\\/03\\\/18\\\/entre-paginas-y-memorias-nace-libro-sobre-la-casa-nacional-de-moneda\\\/#primaryimage\"},\"image\":{\"@id\":\"https:\\\/\\\/www.eldiario.net\\\/portal\\\/2024\\\/03\\\/18\\\/entre-paginas-y-memorias-nace-libro-sobre-la-casa-nacional-de-moneda\\\/#primaryimage\"},\"thumbnailUrl\":\"https:\\\/\\\/www.eldiario.net\\\/portal\\\/wp-content\\\/uploads\\\/2024\\\/03\\\/LIBRO-1.jpg\",\"datePublished\":\"2024-03-18T11:00:32+00:00\",\"dateModified\":\"2024-03-18T15:14:08+00:00\",\"breadcrumb\":{\"@id\":\"https:\\\/\\\/www.eldiario.net\\\/portal\\\/2024\\\/03\\\/18\\\/entre-paginas-y-memorias-nace-libro-sobre-la-casa-nacional-de-moneda\\\/#breadcrumb\"},\"inLanguage\":\"es\",\"potentialAction\":[{\"@type\":\"ReadAction\",\"target\":[\"https:\\\/\\\/www.eldiario.net\\\/portal\\\/2024\\\/03\\\/18\\\/entre-paginas-y-memorias-nace-libro-sobre-la-casa-nacional-de-moneda\\\/\"]}]},{\"@type\":\"ImageObject\",\"inLanguage\":\"es\",\"@id\":\"https:\\\/\\\/www.eldiario.net\\\/portal\\\/2024\\\/03\\\/18\\\/entre-paginas-y-memorias-nace-libro-sobre-la-casa-nacional-de-moneda\\\/#primaryimage\",\"url\":\"https:\\\/\\\/www.eldiario.net\\\/portal\\\/wp-content\\\/uploads\\\/2024\\\/03\\\/LIBRO-1.jpg\",\"contentUrl\":\"https:\\\/\\\/www.eldiario.net\\\/portal\\\/wp-content\\\/uploads\\\/2024\\\/03\\\/LIBRO-1.jpg\",\"width\":1280,\"height\":853,\"caption\":\"EN EL ACTO DE PRESENTACI\u00d3N DEL LIBRO LUIS ARANCIBIA FERN\u00c1NDEZ, DIRECTOR DE LA CNM (DERECHA) Y MAURICIO PE\u00d1ARANDA, CATALOGADOR E HISTORIADOR DE LA CNM (IZQUIERDA).\"},{\"@type\":\"BreadcrumbList\",\"@id\":\"https:\\\/\\\/www.eldiario.net\\\/portal\\\/2024\\\/03\\\/18\\\/entre-paginas-y-memorias-nace-libro-sobre-la-casa-nacional-de-moneda\\\/#breadcrumb\",\"itemListElement\":[{\"@type\":\"ListItem\",\"position\":1,\"name\":\"Portada\",\"item\":\"https:\\\/\\\/www.eldiario.net\\\/portal\\\/\"},{\"@type\":\"ListItem\",\"position\":2,\"name\":\"Entre p\u00e1ginas y memorias nace libro sobre la Casa Nacional de Moneda\"}]},{\"@type\":\"WebSite\",\"@id\":\"https:\\\/\\\/www.eldiario.net\\\/portal\\\/#website\",\"url\":\"https:\\\/\\\/www.eldiario.net\\\/portal\\\/\",\"name\":\"El Diario - Decano de la prensa nacional\",\"description\":\"El Diario - Decano de la prensa nacional\",\"publisher\":{\"@id\":\"https:\\\/\\\/www.eldiario.net\\\/portal\\\/#organization\"},\"potentialAction\":[{\"@type\":\"SearchAction\",\"target\":{\"@type\":\"EntryPoint\",\"urlTemplate\":\"https:\\\/\\\/www.eldiario.net\\\/portal\\\/?s={search_term_string}\"},\"query-input\":{\"@type\":\"PropertyValueSpecification\",\"valueRequired\":true,\"valueName\":\"search_term_string\"}}],\"inLanguage\":\"es\"},{\"@type\":\"Organization\",\"@id\":\"https:\\\/\\\/www.eldiario.net\\\/portal\\\/#organization\",\"name\":\"El Diario - Decano de la prensa nacional\",\"url\":\"https:\\\/\\\/www.eldiario.net\\\/portal\\\/\",\"logo\":{\"@type\":\"ImageObject\",\"inLanguage\":\"es\",\"@id\":\"https:\\\/\\\/www.eldiario.net\\\/portal\\\/#\\\/schema\\\/logo\\\/image\\\/\",\"url\":\"https:\\\/\\\/www.eldiario.net\\\/portal\\\/wp-content\\\/uploads\\\/2023\\\/07\\\/logo_ED.jpg\",\"contentUrl\":\"https:\\\/\\\/www.eldiario.net\\\/portal\\\/wp-content\\\/uploads\\\/2023\\\/07\\\/logo_ED.jpg\",\"width\":272,\"height\":52,\"caption\":\"El Diario - Decano de la prensa nacional\"},\"image\":{\"@id\":\"https:\\\/\\\/www.eldiario.net\\\/portal\\\/#\\\/schema\\\/logo\\\/image\\\/\"},\"sameAs\":[\"https:\\\/\\\/www.facebook.com\\\/eldiario.bolivia\\\/\",\"https:\\\/\\\/x.com\\\/eldiario_net\"]},{\"@type\":\"Person\",\"@id\":\"https:\\\/\\\/www.eldiario.net\\\/portal\\\/#\\\/schema\\\/person\\\/2c57cf2b7a7ae032e449e4c9b1019eac\",\"name\":\"Jeanette\",\"image\":{\"@type\":\"ImageObject\",\"inLanguage\":\"es\",\"@id\":\"https:\\\/\\\/secure.gravatar.com\\\/avatar\\\/3ea2118a5f7dad2b7138b1187a6b7ee55f160b9968b66013c3a3ef39dd7e5798?s=96&d=mm&r=g\",\"url\":\"https:\\\/\\\/secure.gravatar.com\\\/avatar\\\/3ea2118a5f7dad2b7138b1187a6b7ee55f160b9968b66013c3a3ef39dd7e5798?s=96&d=mm&r=g\",\"contentUrl\":\"https:\\\/\\\/secure.gravatar.com\\\/avatar\\\/3ea2118a5f7dad2b7138b1187a6b7ee55f160b9968b66013c3a3ef39dd7e5798?s=96&d=mm&r=g\",\"caption\":\"Jeanette\"},\"sameAs\":[\"https:\\\/\\\/www.eldiario.net\\\/portal\"],\"url\":\"https:\\\/\\\/www.eldiario.net\\\/portal\\\/author\\\/jeanette\\\/\"}]}<\/script>\n<!-- \/ Yoast SEO plugin. -->","yoast_head_json":{"title":"Entre p\u00e1ginas y memorias nace libro sobre la Casa Nacional de Moneda - El Diario - Bolivia","robots":{"index":"index","follow":"follow","max-snippet":"max-snippet:-1","max-image-preview":"max-image-preview:large","max-video-preview":"max-video-preview:-1"},"canonical":"https:\/\/www.eldiario.net\/portal\/2024\/03\/18\/entre-paginas-y-memorias-nace-libro-sobre-la-casa-nacional-de-moneda\/","og_locale":"es_ES","og_type":"article","og_title":"Entre p\u00e1ginas y memorias nace libro sobre la Casa Nacional de Moneda - El Diario - Bolivia","og_description":"\u201cLa Casa Nacional de Moneda: Administraci\u00f3n de la Sociedad Geogr\u00e1fica y de Historia Potos\u00ed (1940 \u2013 1969)\u201d es el t\u00edtulo de la obra presentada por la Casa Nacional de Moneda (CNM). Se trata de una investigaci\u00f3n realizada por el Archivo Hist\u00f3rico de la CNM. El libro profundiza en la transformaci\u00f3n de la antigua f\u00e1brica de [&hellip;]","og_url":"https:\/\/www.eldiario.net\/portal\/2024\/03\/18\/entre-paginas-y-memorias-nace-libro-sobre-la-casa-nacional-de-moneda\/","og_site_name":"El Diario - Bolivia","article_publisher":"https:\/\/www.facebook.com\/eldiario.bolivia\/","article_published_time":"2024-03-18T11:00:32+00:00","article_modified_time":"2024-03-18T15:14:08+00:00","og_image":[{"width":1280,"height":853,"url":"https:\/\/www.eldiario.net\/portal\/wp-content\/uploads\/2024\/03\/LIBRO-1.jpg","type":"image\/jpeg"}],"author":"Jeanette","twitter_card":"summary_large_image","twitter_creator":"@eldiario_net","twitter_site":"@eldiario_net","twitter_misc":{"Escrito por":"Jeanette","Tiempo de lectura":"2 minutos"},"schema":{"@context":"https:\/\/schema.org","@graph":[{"@type":"Article","@id":"https:\/\/www.eldiario.net\/portal\/2024\/03\/18\/entre-paginas-y-memorias-nace-libro-sobre-la-casa-nacional-de-moneda\/#article","isPartOf":{"@id":"https:\/\/www.eldiario.net\/portal\/2024\/03\/18\/entre-paginas-y-memorias-nace-libro-sobre-la-casa-nacional-de-moneda\/"},"author":{"name":"Jeanette","@id":"https:\/\/www.eldiario.net\/portal\/#\/schema\/person\/2c57cf2b7a7ae032e449e4c9b1019eac"},"headline":"Entre p\u00e1ginas y memorias nace libro sobre la Casa Nacional de Moneda","datePublished":"2024-03-18T11:00:32+00:00","dateModified":"2024-03-18T15:14:08+00:00","mainEntityOfPage":{"@id":"https:\/\/www.eldiario.net\/portal\/2024\/03\/18\/entre-paginas-y-memorias-nace-libro-sobre-la-casa-nacional-de-moneda\/"},"wordCount":406,"commentCount":0,"publisher":{"@id":"https:\/\/www.eldiario.net\/portal\/#organization"},"image":{"@id":"https:\/\/www.eldiario.net\/portal\/2024\/03\/18\/entre-paginas-y-memorias-nace-libro-sobre-la-casa-nacional-de-moneda\/#primaryimage"},"thumbnailUrl":"https:\/\/www.eldiario.net\/portal\/wp-content\/uploads\/2024\/03\/LIBRO-1.jpg","articleSection":["Cultural"],"inLanguage":"es","potentialAction":[{"@type":"CommentAction","name":"Comment","target":["https:\/\/www.eldiario.net\/portal\/2024\/03\/18\/entre-paginas-y-memorias-nace-libro-sobre-la-casa-nacional-de-moneda\/#respond"]}]},{"@type":"WebPage","@id":"https:\/\/www.eldiario.net\/portal\/2024\/03\/18\/entre-paginas-y-memorias-nace-libro-sobre-la-casa-nacional-de-moneda\/","url":"https:\/\/www.eldiario.net\/portal\/2024\/03\/18\/entre-paginas-y-memorias-nace-libro-sobre-la-casa-nacional-de-moneda\/","name":"Entre p\u00e1ginas y memorias nace libro sobre la Casa Nacional de Moneda - El Diario - Bolivia","isPartOf":{"@id":"https:\/\/www.eldiario.net\/portal\/#website"},"primaryImageOfPage":{"@id":"https:\/\/www.eldiario.net\/portal\/2024\/03\/18\/entre-paginas-y-memorias-nace-libro-sobre-la-casa-nacional-de-moneda\/#primaryimage"},"image":{"@id":"https:\/\/www.eldiario.net\/portal\/2024\/03\/18\/entre-paginas-y-memorias-nace-libro-sobre-la-casa-nacional-de-moneda\/#primaryimage"},"thumbnailUrl":"https:\/\/www.eldiario.net\/portal\/wp-content\/uploads\/2024\/03\/LIBRO-1.jpg","datePublished":"2024-03-18T11:00:32+00:00","dateModified":"2024-03-18T15:14:08+00:00","breadcrumb":{"@id":"https:\/\/www.eldiario.net\/portal\/2024\/03\/18\/entre-paginas-y-memorias-nace-libro-sobre-la-casa-nacional-de-moneda\/#breadcrumb"},"inLanguage":"es","potentialAction":[{"@type":"ReadAction","target":["https:\/\/www.eldiario.net\/portal\/2024\/03\/18\/entre-paginas-y-memorias-nace-libro-sobre-la-casa-nacional-de-moneda\/"]}]},{"@type":"ImageObject","inLanguage":"es","@id":"https:\/\/www.eldiario.net\/portal\/2024\/03\/18\/entre-paginas-y-memorias-nace-libro-sobre-la-casa-nacional-de-moneda\/#primaryimage","url":"https:\/\/www.eldiario.net\/portal\/wp-content\/uploads\/2024\/03\/LIBRO-1.jpg","contentUrl":"https:\/\/www.eldiario.net\/portal\/wp-content\/uploads\/2024\/03\/LIBRO-1.jpg","width":1280,"height":853,"caption":"EN EL ACTO DE PRESENTACI\u00d3N DEL LIBRO LUIS ARANCIBIA FERN\u00c1NDEZ, DIRECTOR DE LA CNM (DERECHA) Y MAURICIO PE\u00d1ARANDA, CATALOGADOR E HISTORIADOR DE LA CNM (IZQUIERDA)."},{"@type":"BreadcrumbList","@id":"https:\/\/www.eldiario.net\/portal\/2024\/03\/18\/entre-paginas-y-memorias-nace-libro-sobre-la-casa-nacional-de-moneda\/#breadcrumb","itemListElement":[{"@type":"ListItem","position":1,"name":"Portada","item":"https:\/\/www.eldiario.net\/portal\/"},{"@type":"ListItem","position":2,"name":"Entre p\u00e1ginas y memorias nace libro sobre la Casa Nacional de Moneda"}]},{"@type":"WebSite","@id":"https:\/\/www.eldiario.net\/portal\/#website","url":"https:\/\/www.eldiario.net\/portal\/","name":"El Diario - Decano de la prensa nacional","description":"El Diario - Decano de la prensa nacional","publisher":{"@id":"https:\/\/www.eldiario.net\/portal\/#organization"},"potentialAction":[{"@type":"SearchAction","target":{"@type":"EntryPoint","urlTemplate":"https:\/\/www.eldiario.net\/portal\/?s={search_term_string}"},"query-input":{"@type":"PropertyValueSpecification","valueRequired":true,"valueName":"search_term_string"}}],"inLanguage":"es"},{"@type":"Organization","@id":"https:\/\/www.eldiario.net\/portal\/#organization","name":"El Diario - Decano de la prensa nacional","url":"https:\/\/www.eldiario.net\/portal\/","logo":{"@type":"ImageObject","inLanguage":"es","@id":"https:\/\/www.eldiario.net\/portal\/#\/schema\/logo\/image\/","url":"https:\/\/www.eldiario.net\/portal\/wp-content\/uploads\/2023\/07\/logo_ED.jpg","contentUrl":"https:\/\/www.eldiario.net\/portal\/wp-content\/uploads\/2023\/07\/logo_ED.jpg","width":272,"height":52,"caption":"El Diario - Decano de la prensa nacional"},"image":{"@id":"https:\/\/www.eldiario.net\/portal\/#\/schema\/logo\/image\/"},"sameAs":["https:\/\/www.facebook.com\/eldiario.bolivia\/","https:\/\/x.com\/eldiario_net"]},{"@type":"Person","@id":"https:\/\/www.eldiario.net\/portal\/#\/schema\/person\/2c57cf2b7a7ae032e449e4c9b1019eac","name":"Jeanette","image":{"@type":"ImageObject","inLanguage":"es","@id":"https:\/\/secure.gravatar.com\/avatar\/3ea2118a5f7dad2b7138b1187a6b7ee55f160b9968b66013c3a3ef39dd7e5798?s=96&d=mm&r=g","url":"https:\/\/secure.gravatar.com\/avatar\/3ea2118a5f7dad2b7138b1187a6b7ee55f160b9968b66013c3a3ef39dd7e5798?s=96&d=mm&r=g","contentUrl":"https:\/\/secure.gravatar.com\/avatar\/3ea2118a5f7dad2b7138b1187a6b7ee55f160b9968b66013c3a3ef39dd7e5798?s=96&d=mm&r=g","caption":"Jeanette"},"sameAs":["https:\/\/www.eldiario.net\/portal"],"url":"https:\/\/www.eldiario.net\/portal\/author\/jeanette\/"}]}},"_links":{"self":[{"href":"https:\/\/www.eldiario.net\/portal\/wp-json\/wp\/v2\/posts\/208835","targetHints":{"allow":["GET"]}}],"collection":[{"href":"https:\/\/www.eldiario.net\/portal\/wp-json\/wp\/v2\/posts"}],"about":[{"href":"https:\/\/www.eldiario.net\/portal\/wp-json\/wp\/v2\/types\/post"}],"author":[{"embeddable":true,"href":"https:\/\/www.eldiario.net\/portal\/wp-json\/wp\/v2\/users\/1"}],"replies":[{"embeddable":true,"href":"https:\/\/www.eldiario.net\/portal\/wp-json\/wp\/v2\/comments?post=208835"}],"version-history":[{"count":1,"href":"https:\/\/www.eldiario.net\/portal\/wp-json\/wp\/v2\/posts\/208835\/revisions"}],"predecessor-version":[{"id":208836,"href":"https:\/\/www.eldiario.net\/portal\/wp-json\/wp\/v2\/posts\/208835\/revisions\/208836"}],"wp:featuredmedia":[{"embeddable":true,"href":"https:\/\/www.eldiario.net\/portal\/wp-json\/wp\/v2\/media\/208965"}],"wp:attachment":[{"href":"https:\/\/www.eldiario.net\/portal\/wp-json\/wp\/v2\/media?parent=208835"}],"wp:term":[{"taxonomy":"category","embeddable":true,"href":"https:\/\/www.eldiario.net\/portal\/wp-json\/wp\/v2\/categories?post=208835"},{"taxonomy":"post_tag","embeddable":true,"href":"https:\/\/www.eldiario.net\/portal\/wp-json\/wp\/v2\/tags?post=208835"}],"curies":[{"name":"wp","href":"https:\/\/api.w.org\/{rel}","templated":true}]}}