{"id":208829,"date":"2024-03-18T06:57:46","date_gmt":"2024-03-18T10:57:46","guid":{"rendered":"https:\/\/www.eldiario.net\/portal\/?p=208829"},"modified":"2024-03-18T06:57:46","modified_gmt":"2024-03-18T10:57:46","slug":"crece-insatisfaccion-por-democracia-y-percepcion-de-gobierno-autoritario","status":"publish","type":"post","link":"https:\/\/www.eldiario.net\/portal\/2024\/03\/18\/crece-insatisfaccion-por-democracia-y-percepcion-de-gobierno-autoritario\/","title":{"rendered":"Crece insatisfacci\u00f3n por democracia y percepci\u00f3n de Gobierno autoritario"},"content":{"rendered":"<p>El Gobierno del presidente, Luis Arce Catacora, es percibido como autoritario por las clases medias opositoras y los sectores afines a \u00e9l sienten mayor insatisfacci\u00f3n hacia el sistema democr\u00e1tico, lo cual advierte un clima de mayor conflicto social en el futuro, seg\u00fan una \u00faltima encuesta realizada por Diagnosis.<br \/>\nDe acuerdo con el estudio, la insatisfacci\u00f3n con el sistema democr\u00e1tico aument\u00f3 de 38% a 51% desde mediados del a\u00f1o pasado, un \u00edndice que es reflejado mayormente en los sectores de oposici\u00f3n del gobierno de Arce y el Movimiento al Socialismo (MAS).<br \/>\nEl estudio concluye que los sectores de oposici\u00f3n anhelar\u00edan tener una democracia liberal y un gobierno conciliador en la que los partidos pol\u00edticos puedan canalizar las demandas de la sociedad.<br \/>\nPor otra parte, las clases bajas de la regi\u00f3n aymara (occidente del pa\u00eds) que son afines al Gobierno, prefieren a un gobierno \u201cfuerte\u201d que imponga sus decisiones con un l\u00edder que dialogue directamente con su pueblo, es decir, sin la mediaci\u00f3n de partidos pol\u00edticos.<br \/>\nEn estos sectores favorables al oficialismo, la disminuci\u00f3n de la satisfacci\u00f3n con la democracia, desde junio de 2023 a marzo de 2024, puede que se deba tambi\u00e9n \u201ca la creciente inestabilidad econ\u00f3mica percibida por ellos en los \u00faltimos meses\u201d, agrega Diagnosis.<\/p>\n<p>\u00bfFUNCIONA LA DEMOCRACIA?<br \/>\nLos datos muestran que, desde junio de 2023, la percepci\u00f3n positiva hacia el funcionamiento de la democracia en Bolivia ha ido disminuyendo notoriamente.<br \/>\nEn junio del a\u00f1o pasado, un 39% consideraba que la democracia no funcionaba, mientras que un 38% cre\u00eda lo contrario, lo cual podr\u00eda suponer un equilibrio de opiniones. Hoy, las cifras son de 51% y 30% respectivamente, lo cual quiere decir que actualmente un 8% menos conf\u00eda en la democracia respecto a mediados del a\u00f1o pasado.<br \/>\nLa primera pregunta del estudio fue: \u00bfUsted dir\u00eda que la democracia en Bolivia funciona bien o que tiene muchos problemas? Al respecto, un 51% respondi\u00f3 que \u201cfunciona muy mal\u201d (29%) o que \u201ces una dictadura con fachada democr\u00e1tica\u201d (22%).<br \/>\nMientras, el porcentaje de opiniones afirmativas a esta pregunta solo alcanz\u00f3 el 30%, con un 23% que considera que la democracia \u201ctiene problemas, pero funciona\u201d y un 7% que lo afirma categ\u00f3ricamente.<br \/>\nPor otra parte, el resto de encuestados (un 19%) respondi\u00f3 que la democracia funciona \u201cm\u00e1s o menos\u201d. Si se suma y extrapola a los opuestos, los que defienden que existe democracia son un 30%, mientras que los que admiten que no funciona o que funciona a medias llegan a un 70%.<br \/>\nSeg\u00fan la clase social, los resultados muestran que la clase media baja es la que m\u00e1s positivamente ve la democracia, con un 36%, mientras que un 50% del mismo sector cree que la democracia no funciona. La clase media t\u00edpica, por su parte, es contundente en su malestar hacia la democracia, pues un 73% expres\u00f3 no creer que funcione, dejando un 19% que lo afirma.<br \/>\nRegionalmente, Santa Cruz present\u00f3 el mayor n\u00famero de opiniones negativas hacia la democracia, con un 61%. Potos\u00ed present\u00f3 el nivel m\u00e1s bajo con un 27%. Adem\u00e1s, el departamento potosino mostr\u00f3 la mayor cantidad de incertidumbre, con un 63% que expres\u00f3 que el sistema de gobierno funciona \u201cm\u00e1s o menos\u201d.<br \/>\nClasificando los datos por \u00e1rea de residencia, Diagnosis revel\u00f3 que, en ciudades capitales y El Alto, el 60% de la poblaci\u00f3n no cree en la democracia actual, mientras que el 30% cree que s\u00ed. En ciudades intermedias ambos polos oscilan el 43%, reafirmando una polarizaci\u00f3n.<br \/>\nCuriosamente, en el \u00e1rea rural, apenas un 24% conf\u00eda en la democracia de Arce, mientras que el 43% expres\u00f3 lo contrario. En los pueblos, un 34% cree en la democracia mientras que un 40% no lo hace.<br \/>\nPor ecorregi\u00f3n, los datos muestran que las tierras bajas expresaron mayor confianza en la democracia, con un 35%, mientras que un 60% sostuvo su incredulidad en este territorio. En el altiplano, en cambio, un 26% cree que la democracia funciona, mientras que un 46% descarta esta idea.<br \/>\nElectoralmente, el estudio muestra que un 41% de personas que votaron por Arce Catacora afirman que la democracia funciona, mientras que un 40% cree lo contrario. Esto quiere decir que solo cuatro de cada diez personas que apoyan a Arce a\u00fan creen en la democracia del pa\u00eds.<br \/>\n\u00bfGOBIERNO R\u00cdGIDO O CONCILIADOR?<br \/>\nLa segunda pregunta del estudio fue: \u00bfQu\u00e9 tipo de Gobierno necesita la democracia en Bolivia? En t\u00e9rminos generales, un 34% respondi\u00f3 que el pa\u00eds necesita un Gobierno fuerte y que imponga orden, pero un 55% respondi\u00f3 que desean un Gobierno conciliador.<br \/>\nAnalizando los datos por departamento, los encuestados de Pando mostraron mayor inclinaci\u00f3n por un Gobierno autoritario con un 60%, frente al 26% que desear\u00eda un Gobierno que promueva el di\u00e1logo.<br \/>\nContrariamente, en Santa Cruz, un 82% expres\u00f3 su inclinaci\u00f3n por un Gobierno conciliador y solo un 13% desear\u00eda un Gobierno que imponga orden. En departamentos del valle como Cochabamba, Tarija y Chuquisaca, alrededor de un 56% desea un gobierno que llegue a acuerdos, mientras que, en Oruro, Beni y La Paz, entre un 41% y la mitad de encuestados prefieren un gobierno fuerte.<br \/>\nElectoralmente, las cifras tambi\u00e9n muestran tendencias interesantes. De los votantes de Arce, el 51% desea un gobierno conciliador y un 39% lo contrario. Los simpatizantes de Carlos Mesa, por su parte, est\u00e1n m\u00e1s inclinados a un gobierno que llegue a acuerdos (66%) que a un gobierno fuerte (30%).<br \/>\nSin embargo, entre los votantes de Camacho, un contundente 84% expres\u00f3 que quiere un gobierno que llegue a acuerdos, pero solo el 7% quiere un gobierno que imponga sus ideas.<br \/>\nSeg\u00fan la clase social, los que quieren un gobierno mediador son; un 74% de la clase media t\u00edpica, un 63% de la clase media baja, un 54% de la clase baja y un 36% en la clase pobre. Mientras, los que anhelan un gobierno r\u00edgido son: 23% en la clase media t\u00edpica, un 30% de la clase media baja, un 35% de la clase baja y un 39% de la clase pobre.<br \/>\nPor ecorregi\u00f3n, se observ\u00f3 que el 40% del occidente boliviano prefiere un gobierno r\u00edgido, frente a un 31% de los valles y un 28% de las tierras bajas. Respecto a los que respondieron que Bolivia necesita un gobierno pacificador, el oriente expres\u00f3 mayor inclinaci\u00f3n (66%) frente a un 57% en los valles y un 45% en el altiplano.<\/p>\n<p>\u00bfL\u00cdDERES O PARTIDOS?<br \/>\nLa tercera y \u00faltima pregunta de la encuesta se refiri\u00f3 a si el encuestado cree que la democracia necesita partidos pol\u00edticos fuertes que representen las necesidades de la sociedad, o un l\u00edder sensible que escuche sus demandas.<br \/>\nEl resultado de Diagnosis mostr\u00f3 que un 46% de encuestados prefiere \u201cun l\u00edder sensible que escuche al pueblo\u201d, mientras que un 36% prefiere que existan partidos pol\u00edticos que transmitan demandas. El restante 18% no tuvo respuesta.<br \/>\nEsto puede corroborar la idea de que la tendencia al autoritarismo se ha incrementado en la regi\u00f3n latinoamericana en los \u00faltimos tiempos, adem\u00e1s de reafirmar la idea a la que concluye Diagnosis, en que hay una mayor desconfianza de la poblaci\u00f3n boliviana en la democracia boliviana, la cual hist\u00f3ricamente ha consistido en un sistema partidario y de representaci\u00f3n parlamentaria.<\/p>\n<p>FICHA T\u00c9CNICA<br \/>\nEl trabajo de campo de la encuesta fue realizado del 2 al 3 de marzo de 2024 con una muestra de 1.800 personas, entre hombres y mujeres de 18 a 65 a\u00f1os, en el \u00e1rea urbana y rural de los nueve departamentos del pa\u00eds.<br \/>\nEl m\u00e9todo empleado fueron encuestas presenciales en hogares a trav\u00e9s de un soporte digital, con una selecci\u00f3n aleatoria de zonas censales y de segmentos, y una selecci\u00f3n sistem\u00e1tica de hogares y de entrevistados.<\/p>\n\r\n                <style type=\"text\/css\">\r\n                    \r\n                    #tdi_1  .td-doubleSlider-2 .td-item1 {\r\n                        background: url(https:\/\/www.eldiario.net\/portal\/wp-content\/uploads\/2024\/03\/18-ENC_2.jpeg) 0 0 no-repeat;\r\n                    }\r\n                    #tdi_1  .td-doubleSlider-2 .td-item2 {\r\n                        background: url(https:\/\/www.eldiario.net\/portal\/wp-content\/uploads\/2024\/03\/18-ENC_1.jpeg) 0 0 no-repeat;\r\n                    }\r\n                <\/style>\r\n\r\n                <div id=\"tdi_1\" class=\"td-gallery td-slide-on-2-columns\">\r\n                    <div class=\"post_td_gallery\">\r\n                        <div class=\"td-gallery-slide-top\">\r\n                           <div class=\"td-gallery-title\"><\/div>\r\n\r\n                            <div class=\"td-gallery-controls-wrapper\">\r\n                                <div class=\"td-gallery-slide-count\"><span class=\"td-gallery-slide-item-focus\">1<\/span> de 2<\/div>\r\n                                <div class=\"td-gallery-slide-prev-next-but\">\r\n                                    <i class = \"td-icon-left doubleSliderPrevButton\"><\/i>\r\n                                    <i class = \"td-icon-right doubleSliderNextButton\"><\/i>\r\n                                <\/div>\r\n                            <\/div>\r\n                        <\/div>\r\n\r\n                        <div class = \"td-doubleSlider-1 \">\r\n                            <div class = \"td-slider\">\r\n                                \r\n                    <div class = \"td-slide-item td-item1\">\r\n                        <figure class=\"td-slide-galery-figure td-slide-popup-gallery\">\r\n                            <a class=\"slide-gallery-image-link\" href=\"https:\/\/www.eldiario.net\/portal\/wp-content\/uploads\/2024\/03\/18-ENC_2.jpeg\" title=\"18-ENC_2\"  data-caption=\"La confianza en la democracia disminuy\u00f3 desde el a\u00f1o pasado.\"  data-description=\"\">\r\n                                <img decoding=\"async\" src=\"https:\/\/www.eldiario.net\/portal\/wp-content\/uploads\/2024\/03\/18-ENC_2.jpeg\" srcset=\"https:\/\/www.eldiario.net\/portal\/wp-content\/uploads\/2024\/03\/18-ENC_2.jpeg 464w, https:\/\/www.eldiario.net\/portal\/wp-content\/uploads\/2024\/03\/18-ENC_2-168x300.jpeg 168w\" sizes=\"(max-width: 235px) 100vw, 235px\" alt=\"\">\r\n                            <\/a>\r\n                            <figcaption class = \"td-slide-caption td-gallery-slide-content\"><div class = \"td-gallery-slide-copywrite\">La confianza en la democracia disminuy\u00f3 desde el a\u00f1o pasado.<\/div><\/figcaption>\r\n                        <\/figure>\r\n                    <\/div>\r\n                    <div class = \"td-slide-item td-item2\">\r\n                        <figure class=\"td-slide-galery-figure td-slide-popup-gallery\">\r\n                            <a class=\"slide-gallery-image-link\" href=\"https:\/\/www.eldiario.net\/portal\/wp-content\/uploads\/2024\/03\/18-ENC_1.jpeg\" title=\"18-ENC_1\"  data-caption=\"Resultados muestran que la poblaci\u00f3n prefiere un gobierno conciliador.\"  data-description=\"\">\r\n                                <img decoding=\"async\" src=\"https:\/\/www.eldiario.net\/portal\/wp-content\/uploads\/2024\/03\/18-ENC_1.jpeg\" srcset=\"https:\/\/www.eldiario.net\/portal\/wp-content\/uploads\/2024\/03\/18-ENC_1.jpeg 502w, https:\/\/www.eldiario.net\/portal\/wp-content\/uploads\/2024\/03\/18-ENC_1-182x300.jpeg 182w\" sizes=\"(max-width: 255px) 100vw, 255px\" alt=\"\">\r\n                            <\/a>\r\n                            <figcaption class = \"td-slide-caption td-gallery-slide-content\"><div class = \"td-gallery-slide-copywrite\">Resultados muestran que la poblaci\u00f3n prefiere un gobierno conciliador.<\/div><\/figcaption>\r\n                        <\/figure>\r\n                    <\/div>\r\n                            <\/div>\r\n                        <\/div>\r\n\r\n                        <div class = \"td-doubleSlider-2\">\r\n                            <div class = \"td-slider\">\r\n                                \r\n                    <div class = \"td-button td-item1\">\r\n                        <div class = \"td-border\"><\/div>\r\n                    <\/div>\r\n                    <div class = \"td-button td-item2\">\r\n                        <div class = \"td-border\"><\/div>\r\n                    <\/div>\r\n                            <\/div>\r\n                        <\/div>\r\n\r\n                    <\/div>\r\n\r\n                <\/div>\r\n                \n","protected":false},"excerpt":{"rendered":"<p>El Gobierno del presidente, Luis Arce Catacora, es percibido como autoritario por las clases medias opositoras y los sectores afines a \u00e9l sienten mayor insatisfacci\u00f3n hacia el sistema democr\u00e1tico, lo cual advierte un clima de mayor conflicto social en el futuro, seg\u00fan una \u00faltima encuesta realizada por Diagnosis. De acuerdo con el estudio, la insatisfacci\u00f3n [&hellip;]<\/p>\n","protected":false},"author":1,"featured_media":208830,"comment_status":"open","ping_status":"open","sticky":false,"template":"","format":"standard","meta":{"_acf_changed":false,"footnotes":""},"categories":[14],"tags":[],"class_list":["post-208829","post","type-post","status-publish","format-standard","has-post-thumbnail","category-politica"],"acf":{"antetitulo":"Seg\u00fan encuesta de Diagnosis"},"yoast_head":"<!-- This site is optimized with the Yoast SEO plugin v28.4 - https:\/\/yoast.com\/product\/yoast-seo-wordpress\/ -->\n<title>Crece insatisfacci\u00f3n por democracia y percepci\u00f3n de Gobierno autoritario - El Diario - Bolivia<\/title>\n<meta name=\"robots\" content=\"index, follow, max-snippet:-1, max-image-preview:large, max-video-preview:-1\" \/>\n<link rel=\"canonical\" href=\"https:\/\/www.eldiario.net\/portal\/2024\/03\/18\/crece-insatisfaccion-por-democracia-y-percepcion-de-gobierno-autoritario\/\" \/>\n<meta property=\"og:locale\" content=\"es_ES\" \/>\n<meta property=\"og:type\" content=\"article\" \/>\n<meta property=\"og:title\" content=\"Crece insatisfacci\u00f3n por democracia y percepci\u00f3n de Gobierno autoritario - El Diario - Bolivia\" \/>\n<meta property=\"og:description\" content=\"El Gobierno del presidente, Luis Arce Catacora, es percibido como autoritario por las clases medias opositoras y los sectores afines a \u00e9l sienten mayor insatisfacci\u00f3n hacia el sistema democr\u00e1tico, lo cual advierte un clima de mayor conflicto social en el futuro, seg\u00fan una \u00faltima encuesta realizada por Diagnosis. De acuerdo con el estudio, la insatisfacci\u00f3n [&hellip;]\" \/>\n<meta property=\"og:url\" content=\"https:\/\/www.eldiario.net\/portal\/2024\/03\/18\/crece-insatisfaccion-por-democracia-y-percepcion-de-gobierno-autoritario\/\" \/>\n<meta property=\"og:site_name\" content=\"El Diario - Bolivia\" \/>\n<meta property=\"article:publisher\" content=\"https:\/\/www.facebook.com\/eldiario.bolivia\/\" \/>\n<meta property=\"article:published_time\" content=\"2024-03-18T10:57:46+00:00\" \/>\n<meta property=\"og:image\" content=\"https:\/\/www.eldiario.net\/portal\/wp-content\/uploads\/2024\/03\/18-ENC_2.jpeg\" \/>\n\t<meta property=\"og:image:width\" content=\"464\" \/>\n\t<meta property=\"og:image:height\" content=\"830\" \/>\n\t<meta property=\"og:image:type\" content=\"image\/jpeg\" \/>\n<meta name=\"author\" content=\"Jeanette\" \/>\n<meta name=\"twitter:card\" content=\"summary_large_image\" \/>\n<meta name=\"twitter:creator\" content=\"@eldiario_net\" \/>\n<meta name=\"twitter:site\" content=\"@eldiario_net\" \/>\n<meta name=\"twitter:label1\" content=\"Escrito por\" \/>\n\t<meta name=\"twitter:data1\" content=\"Jeanette\" \/>\n\t<meta name=\"twitter:label2\" content=\"Tiempo de lectura\" \/>\n\t<meta name=\"twitter:data2\" content=\"6 minutos\" \/>\n<script type=\"application\/ld+json\" class=\"yoast-schema-graph\">{\"@context\":\"https:\\\/\\\/schema.org\",\"@graph\":[{\"@type\":\"Article\",\"@id\":\"https:\\\/\\\/www.eldiario.net\\\/portal\\\/2024\\\/03\\\/18\\\/crece-insatisfaccion-por-democracia-y-percepcion-de-gobierno-autoritario\\\/#article\",\"isPartOf\":{\"@id\":\"https:\\\/\\\/www.eldiario.net\\\/portal\\\/2024\\\/03\\\/18\\\/crece-insatisfaccion-por-democracia-y-percepcion-de-gobierno-autoritario\\\/\"},\"author\":{\"name\":\"Jeanette\",\"@id\":\"https:\\\/\\\/www.eldiario.net\\\/portal\\\/#\\\/schema\\\/person\\\/2c57cf2b7a7ae032e449e4c9b1019eac\"},\"headline\":\"Crece insatisfacci\u00f3n por democracia y percepci\u00f3n de Gobierno autoritario\",\"datePublished\":\"2024-03-18T10:57:46+00:00\",\"mainEntityOfPage\":{\"@id\":\"https:\\\/\\\/www.eldiario.net\\\/portal\\\/2024\\\/03\\\/18\\\/crece-insatisfaccion-por-democracia-y-percepcion-de-gobierno-autoritario\\\/\"},\"wordCount\":1281,\"commentCount\":0,\"publisher\":{\"@id\":\"https:\\\/\\\/www.eldiario.net\\\/portal\\\/#organization\"},\"image\":{\"@id\":\"https:\\\/\\\/www.eldiario.net\\\/portal\\\/2024\\\/03\\\/18\\\/crece-insatisfaccion-por-democracia-y-percepcion-de-gobierno-autoritario\\\/#primaryimage\"},\"thumbnailUrl\":\"https:\\\/\\\/www.eldiario.net\\\/portal\\\/wp-content\\\/uploads\\\/2024\\\/03\\\/18-ENC_2.jpeg\",\"articleSection\":[\"Pol\u00edtica\"],\"inLanguage\":\"es\",\"potentialAction\":[{\"@type\":\"CommentAction\",\"name\":\"Comment\",\"target\":[\"https:\\\/\\\/www.eldiario.net\\\/portal\\\/2024\\\/03\\\/18\\\/crece-insatisfaccion-por-democracia-y-percepcion-de-gobierno-autoritario\\\/#respond\"]}]},{\"@type\":\"WebPage\",\"@id\":\"https:\\\/\\\/www.eldiario.net\\\/portal\\\/2024\\\/03\\\/18\\\/crece-insatisfaccion-por-democracia-y-percepcion-de-gobierno-autoritario\\\/\",\"url\":\"https:\\\/\\\/www.eldiario.net\\\/portal\\\/2024\\\/03\\\/18\\\/crece-insatisfaccion-por-democracia-y-percepcion-de-gobierno-autoritario\\\/\",\"name\":\"Crece insatisfacci\u00f3n por democracia y percepci\u00f3n de Gobierno autoritario - El Diario - Bolivia\",\"isPartOf\":{\"@id\":\"https:\\\/\\\/www.eldiario.net\\\/portal\\\/#website\"},\"primaryImageOfPage\":{\"@id\":\"https:\\\/\\\/www.eldiario.net\\\/portal\\\/2024\\\/03\\\/18\\\/crece-insatisfaccion-por-democracia-y-percepcion-de-gobierno-autoritario\\\/#primaryimage\"},\"image\":{\"@id\":\"https:\\\/\\\/www.eldiario.net\\\/portal\\\/2024\\\/03\\\/18\\\/crece-insatisfaccion-por-democracia-y-percepcion-de-gobierno-autoritario\\\/#primaryimage\"},\"thumbnailUrl\":\"https:\\\/\\\/www.eldiario.net\\\/portal\\\/wp-content\\\/uploads\\\/2024\\\/03\\\/18-ENC_2.jpeg\",\"datePublished\":\"2024-03-18T10:57:46+00:00\",\"breadcrumb\":{\"@id\":\"https:\\\/\\\/www.eldiario.net\\\/portal\\\/2024\\\/03\\\/18\\\/crece-insatisfaccion-por-democracia-y-percepcion-de-gobierno-autoritario\\\/#breadcrumb\"},\"inLanguage\":\"es\",\"potentialAction\":[{\"@type\":\"ReadAction\",\"target\":[\"https:\\\/\\\/www.eldiario.net\\\/portal\\\/2024\\\/03\\\/18\\\/crece-insatisfaccion-por-democracia-y-percepcion-de-gobierno-autoritario\\\/\"]}]},{\"@type\":\"ImageObject\",\"inLanguage\":\"es\",\"@id\":\"https:\\\/\\\/www.eldiario.net\\\/portal\\\/2024\\\/03\\\/18\\\/crece-insatisfaccion-por-democracia-y-percepcion-de-gobierno-autoritario\\\/#primaryimage\",\"url\":\"https:\\\/\\\/www.eldiario.net\\\/portal\\\/wp-content\\\/uploads\\\/2024\\\/03\\\/18-ENC_2.jpeg\",\"contentUrl\":\"https:\\\/\\\/www.eldiario.net\\\/portal\\\/wp-content\\\/uploads\\\/2024\\\/03\\\/18-ENC_2.jpeg\",\"width\":464,\"height\":830,\"caption\":\"La confianza en la democracia disminuy\u00f3 desde el a\u00f1o pasado.\"},{\"@type\":\"BreadcrumbList\",\"@id\":\"https:\\\/\\\/www.eldiario.net\\\/portal\\\/2024\\\/03\\\/18\\\/crece-insatisfaccion-por-democracia-y-percepcion-de-gobierno-autoritario\\\/#breadcrumb\",\"itemListElement\":[{\"@type\":\"ListItem\",\"position\":1,\"name\":\"Portada\",\"item\":\"https:\\\/\\\/www.eldiario.net\\\/portal\\\/\"},{\"@type\":\"ListItem\",\"position\":2,\"name\":\"Crece insatisfacci\u00f3n por democracia y percepci\u00f3n de Gobierno autoritario\"}]},{\"@type\":\"WebSite\",\"@id\":\"https:\\\/\\\/www.eldiario.net\\\/portal\\\/#website\",\"url\":\"https:\\\/\\\/www.eldiario.net\\\/portal\\\/\",\"name\":\"El Diario - Decano de la prensa nacional\",\"description\":\"El Diario - Decano de la prensa nacional\",\"publisher\":{\"@id\":\"https:\\\/\\\/www.eldiario.net\\\/portal\\\/#organization\"},\"potentialAction\":[{\"@type\":\"SearchAction\",\"target\":{\"@type\":\"EntryPoint\",\"urlTemplate\":\"https:\\\/\\\/www.eldiario.net\\\/portal\\\/?s={search_term_string}\"},\"query-input\":{\"@type\":\"PropertyValueSpecification\",\"valueRequired\":true,\"valueName\":\"search_term_string\"}}],\"inLanguage\":\"es\"},{\"@type\":\"Organization\",\"@id\":\"https:\\\/\\\/www.eldiario.net\\\/portal\\\/#organization\",\"name\":\"El Diario - Decano de la prensa nacional\",\"url\":\"https:\\\/\\\/www.eldiario.net\\\/portal\\\/\",\"logo\":{\"@type\":\"ImageObject\",\"inLanguage\":\"es\",\"@id\":\"https:\\\/\\\/www.eldiario.net\\\/portal\\\/#\\\/schema\\\/logo\\\/image\\\/\",\"url\":\"https:\\\/\\\/www.eldiario.net\\\/portal\\\/wp-content\\\/uploads\\\/2023\\\/07\\\/logo_ED.jpg\",\"contentUrl\":\"https:\\\/\\\/www.eldiario.net\\\/portal\\\/wp-content\\\/uploads\\\/2023\\\/07\\\/logo_ED.jpg\",\"width\":272,\"height\":52,\"caption\":\"El Diario - Decano de la prensa nacional\"},\"image\":{\"@id\":\"https:\\\/\\\/www.eldiario.net\\\/portal\\\/#\\\/schema\\\/logo\\\/image\\\/\"},\"sameAs\":[\"https:\\\/\\\/www.facebook.com\\\/eldiario.bolivia\\\/\",\"https:\\\/\\\/x.com\\\/eldiario_net\"]},{\"@type\":\"Person\",\"@id\":\"https:\\\/\\\/www.eldiario.net\\\/portal\\\/#\\\/schema\\\/person\\\/2c57cf2b7a7ae032e449e4c9b1019eac\",\"name\":\"Jeanette\",\"image\":{\"@type\":\"ImageObject\",\"inLanguage\":\"es\",\"@id\":\"https:\\\/\\\/secure.gravatar.com\\\/avatar\\\/3ea2118a5f7dad2b7138b1187a6b7ee55f160b9968b66013c3a3ef39dd7e5798?s=96&d=mm&r=g\",\"url\":\"https:\\\/\\\/secure.gravatar.com\\\/avatar\\\/3ea2118a5f7dad2b7138b1187a6b7ee55f160b9968b66013c3a3ef39dd7e5798?s=96&d=mm&r=g\",\"contentUrl\":\"https:\\\/\\\/secure.gravatar.com\\\/avatar\\\/3ea2118a5f7dad2b7138b1187a6b7ee55f160b9968b66013c3a3ef39dd7e5798?s=96&d=mm&r=g\",\"caption\":\"Jeanette\"},\"sameAs\":[\"https:\\\/\\\/www.eldiario.net\\\/portal\"],\"url\":\"https:\\\/\\\/www.eldiario.net\\\/portal\\\/author\\\/jeanette\\\/\"}]}<\/script>\n<!-- \/ Yoast SEO plugin. -->","yoast_head_json":{"title":"Crece insatisfacci\u00f3n por democracia y percepci\u00f3n de Gobierno autoritario - El Diario - Bolivia","robots":{"index":"index","follow":"follow","max-snippet":"max-snippet:-1","max-image-preview":"max-image-preview:large","max-video-preview":"max-video-preview:-1"},"canonical":"https:\/\/www.eldiario.net\/portal\/2024\/03\/18\/crece-insatisfaccion-por-democracia-y-percepcion-de-gobierno-autoritario\/","og_locale":"es_ES","og_type":"article","og_title":"Crece insatisfacci\u00f3n por democracia y percepci\u00f3n de Gobierno autoritario - El Diario - Bolivia","og_description":"El Gobierno del presidente, Luis Arce Catacora, es percibido como autoritario por las clases medias opositoras y los sectores afines a \u00e9l sienten mayor insatisfacci\u00f3n hacia el sistema democr\u00e1tico, lo cual advierte un clima de mayor conflicto social en el futuro, seg\u00fan una \u00faltima encuesta realizada por Diagnosis. De acuerdo con el estudio, la insatisfacci\u00f3n [&hellip;]","og_url":"https:\/\/www.eldiario.net\/portal\/2024\/03\/18\/crece-insatisfaccion-por-democracia-y-percepcion-de-gobierno-autoritario\/","og_site_name":"El Diario - Bolivia","article_publisher":"https:\/\/www.facebook.com\/eldiario.bolivia\/","article_published_time":"2024-03-18T10:57:46+00:00","og_image":[{"width":464,"height":830,"url":"https:\/\/www.eldiario.net\/portal\/wp-content\/uploads\/2024\/03\/18-ENC_2.jpeg","type":"image\/jpeg"}],"author":"Jeanette","twitter_card":"summary_large_image","twitter_creator":"@eldiario_net","twitter_site":"@eldiario_net","twitter_misc":{"Escrito por":"Jeanette","Tiempo de lectura":"6 minutos"},"schema":{"@context":"https:\/\/schema.org","@graph":[{"@type":"Article","@id":"https:\/\/www.eldiario.net\/portal\/2024\/03\/18\/crece-insatisfaccion-por-democracia-y-percepcion-de-gobierno-autoritario\/#article","isPartOf":{"@id":"https:\/\/www.eldiario.net\/portal\/2024\/03\/18\/crece-insatisfaccion-por-democracia-y-percepcion-de-gobierno-autoritario\/"},"author":{"name":"Jeanette","@id":"https:\/\/www.eldiario.net\/portal\/#\/schema\/person\/2c57cf2b7a7ae032e449e4c9b1019eac"},"headline":"Crece insatisfacci\u00f3n por democracia y percepci\u00f3n de Gobierno autoritario","datePublished":"2024-03-18T10:57:46+00:00","mainEntityOfPage":{"@id":"https:\/\/www.eldiario.net\/portal\/2024\/03\/18\/crece-insatisfaccion-por-democracia-y-percepcion-de-gobierno-autoritario\/"},"wordCount":1281,"commentCount":0,"publisher":{"@id":"https:\/\/www.eldiario.net\/portal\/#organization"},"image":{"@id":"https:\/\/www.eldiario.net\/portal\/2024\/03\/18\/crece-insatisfaccion-por-democracia-y-percepcion-de-gobierno-autoritario\/#primaryimage"},"thumbnailUrl":"https:\/\/www.eldiario.net\/portal\/wp-content\/uploads\/2024\/03\/18-ENC_2.jpeg","articleSection":["Pol\u00edtica"],"inLanguage":"es","potentialAction":[{"@type":"CommentAction","name":"Comment","target":["https:\/\/www.eldiario.net\/portal\/2024\/03\/18\/crece-insatisfaccion-por-democracia-y-percepcion-de-gobierno-autoritario\/#respond"]}]},{"@type":"WebPage","@id":"https:\/\/www.eldiario.net\/portal\/2024\/03\/18\/crece-insatisfaccion-por-democracia-y-percepcion-de-gobierno-autoritario\/","url":"https:\/\/www.eldiario.net\/portal\/2024\/03\/18\/crece-insatisfaccion-por-democracia-y-percepcion-de-gobierno-autoritario\/","name":"Crece insatisfacci\u00f3n por democracia y percepci\u00f3n de Gobierno autoritario - El Diario - Bolivia","isPartOf":{"@id":"https:\/\/www.eldiario.net\/portal\/#website"},"primaryImageOfPage":{"@id":"https:\/\/www.eldiario.net\/portal\/2024\/03\/18\/crece-insatisfaccion-por-democracia-y-percepcion-de-gobierno-autoritario\/#primaryimage"},"image":{"@id":"https:\/\/www.eldiario.net\/portal\/2024\/03\/18\/crece-insatisfaccion-por-democracia-y-percepcion-de-gobierno-autoritario\/#primaryimage"},"thumbnailUrl":"https:\/\/www.eldiario.net\/portal\/wp-content\/uploads\/2024\/03\/18-ENC_2.jpeg","datePublished":"2024-03-18T10:57:46+00:00","breadcrumb":{"@id":"https:\/\/www.eldiario.net\/portal\/2024\/03\/18\/crece-insatisfaccion-por-democracia-y-percepcion-de-gobierno-autoritario\/#breadcrumb"},"inLanguage":"es","potentialAction":[{"@type":"ReadAction","target":["https:\/\/www.eldiario.net\/portal\/2024\/03\/18\/crece-insatisfaccion-por-democracia-y-percepcion-de-gobierno-autoritario\/"]}]},{"@type":"ImageObject","inLanguage":"es","@id":"https:\/\/www.eldiario.net\/portal\/2024\/03\/18\/crece-insatisfaccion-por-democracia-y-percepcion-de-gobierno-autoritario\/#primaryimage","url":"https:\/\/www.eldiario.net\/portal\/wp-content\/uploads\/2024\/03\/18-ENC_2.jpeg","contentUrl":"https:\/\/www.eldiario.net\/portal\/wp-content\/uploads\/2024\/03\/18-ENC_2.jpeg","width":464,"height":830,"caption":"La confianza en la democracia disminuy\u00f3 desde el a\u00f1o pasado."},{"@type":"BreadcrumbList","@id":"https:\/\/www.eldiario.net\/portal\/2024\/03\/18\/crece-insatisfaccion-por-democracia-y-percepcion-de-gobierno-autoritario\/#breadcrumb","itemListElement":[{"@type":"ListItem","position":1,"name":"Portada","item":"https:\/\/www.eldiario.net\/portal\/"},{"@type":"ListItem","position":2,"name":"Crece insatisfacci\u00f3n por democracia y percepci\u00f3n de Gobierno autoritario"}]},{"@type":"WebSite","@id":"https:\/\/www.eldiario.net\/portal\/#website","url":"https:\/\/www.eldiario.net\/portal\/","name":"El Diario - Decano de la prensa nacional","description":"El Diario - Decano de la prensa nacional","publisher":{"@id":"https:\/\/www.eldiario.net\/portal\/#organization"},"potentialAction":[{"@type":"SearchAction","target":{"@type":"EntryPoint","urlTemplate":"https:\/\/www.eldiario.net\/portal\/?s={search_term_string}"},"query-input":{"@type":"PropertyValueSpecification","valueRequired":true,"valueName":"search_term_string"}}],"inLanguage":"es"},{"@type":"Organization","@id":"https:\/\/www.eldiario.net\/portal\/#organization","name":"El Diario - Decano de la prensa nacional","url":"https:\/\/www.eldiario.net\/portal\/","logo":{"@type":"ImageObject","inLanguage":"es","@id":"https:\/\/www.eldiario.net\/portal\/#\/schema\/logo\/image\/","url":"https:\/\/www.eldiario.net\/portal\/wp-content\/uploads\/2023\/07\/logo_ED.jpg","contentUrl":"https:\/\/www.eldiario.net\/portal\/wp-content\/uploads\/2023\/07\/logo_ED.jpg","width":272,"height":52,"caption":"El Diario - Decano de la prensa nacional"},"image":{"@id":"https:\/\/www.eldiario.net\/portal\/#\/schema\/logo\/image\/"},"sameAs":["https:\/\/www.facebook.com\/eldiario.bolivia\/","https:\/\/x.com\/eldiario_net"]},{"@type":"Person","@id":"https:\/\/www.eldiario.net\/portal\/#\/schema\/person\/2c57cf2b7a7ae032e449e4c9b1019eac","name":"Jeanette","image":{"@type":"ImageObject","inLanguage":"es","@id":"https:\/\/secure.gravatar.com\/avatar\/3ea2118a5f7dad2b7138b1187a6b7ee55f160b9968b66013c3a3ef39dd7e5798?s=96&d=mm&r=g","url":"https:\/\/secure.gravatar.com\/avatar\/3ea2118a5f7dad2b7138b1187a6b7ee55f160b9968b66013c3a3ef39dd7e5798?s=96&d=mm&r=g","contentUrl":"https:\/\/secure.gravatar.com\/avatar\/3ea2118a5f7dad2b7138b1187a6b7ee55f160b9968b66013c3a3ef39dd7e5798?s=96&d=mm&r=g","caption":"Jeanette"},"sameAs":["https:\/\/www.eldiario.net\/portal"],"url":"https:\/\/www.eldiario.net\/portal\/author\/jeanette\/"}]}},"_links":{"self":[{"href":"https:\/\/www.eldiario.net\/portal\/wp-json\/wp\/v2\/posts\/208829","targetHints":{"allow":["GET"]}}],"collection":[{"href":"https:\/\/www.eldiario.net\/portal\/wp-json\/wp\/v2\/posts"}],"about":[{"href":"https:\/\/www.eldiario.net\/portal\/wp-json\/wp\/v2\/types\/post"}],"author":[{"embeddable":true,"href":"https:\/\/www.eldiario.net\/portal\/wp-json\/wp\/v2\/users\/1"}],"replies":[{"embeddable":true,"href":"https:\/\/www.eldiario.net\/portal\/wp-json\/wp\/v2\/comments?post=208829"}],"version-history":[{"count":1,"href":"https:\/\/www.eldiario.net\/portal\/wp-json\/wp\/v2\/posts\/208829\/revisions"}],"predecessor-version":[{"id":208832,"href":"https:\/\/www.eldiario.net\/portal\/wp-json\/wp\/v2\/posts\/208829\/revisions\/208832"}],"wp:featuredmedia":[{"embeddable":true,"href":"https:\/\/www.eldiario.net\/portal\/wp-json\/wp\/v2\/media\/208830"}],"wp:attachment":[{"href":"https:\/\/www.eldiario.net\/portal\/wp-json\/wp\/v2\/media?parent=208829"}],"wp:term":[{"taxonomy":"category","embeddable":true,"href":"https:\/\/www.eldiario.net\/portal\/wp-json\/wp\/v2\/categories?post=208829"},{"taxonomy":"post_tag","embeddable":true,"href":"https:\/\/www.eldiario.net\/portal\/wp-json\/wp\/v2\/tags?post=208829"}],"curies":[{"name":"wp","href":"https:\/\/api.w.org\/{rel}","templated":true}]}}