{"id":208826,"date":"2024-03-18T06:55:56","date_gmt":"2024-03-18T10:55:56","guid":{"rendered":"https:\/\/www.eldiario.net\/portal\/?p=208826"},"modified":"2024-03-18T06:55:56","modified_gmt":"2024-03-18T10:55:56","slug":"ministro-ivan-lima-lanza-torpedos-y-kamikazes-para-sabotear-judiciales","status":"publish","type":"post","link":"https:\/\/www.eldiario.net\/portal\/2024\/03\/18\/ministro-ivan-lima-lanza-torpedos-y-kamikazes-para-sabotear-judiciales\/","title":{"rendered":"Ministro Iv\u00e1n Lima lanza \u201ctorpedos\u201d y \u201ckamikazes\u201d para sabotear judiciales"},"content":{"rendered":"<p>Los seis magistrados autoprorrogrados que se postularon para las elecciones judiciales son \u201ckamikazes\u201d y \u201csuicidas electorales\u201d enviados por el ministro de Justicia, Iv\u00e1n Lima, para boicotear y hacer fracasar las elecciones judiciales, seg\u00fan afirm\u00f3 el diputado de Comunidad Ciudadana (CC), Carlos Alarc\u00f3n.<br \/>\n\u201cLima los ha metido a estos kamikazes para enlodar y deslegitimar la elecci\u00f3n judicial como una bomba de tiempo para hacer fracasar el proceso\u201d, se\u00f1al\u00f3 el parlamentario a radio Panamericana, durante una intervenci\u00f3n en el programa de di\u00e1logo de fin de semana.<br \/>\nEl diputado de oposici\u00f3n critic\u00f3 de esta manera las acciones de los magistrados que se postularon para los altos cargos del \u00d3rgano Judicial, argumentando que, en el fondo, al Gobierno no le interesan las elecciones judiciales ni la reforma constitucional al sistema de justicia, acciones recomendadas recientemente por la Corte Interamericana de Derechos Humanos.<br \/>\nAsimismo, advirti\u00f3 que, de ahora en adelante, el presidente Luis Arce \u201cva a hacer y deshacer lo que le venga en gana en temas electorales, econ\u00f3micos pol\u00edticos e institucionales\u201d en contubernio con \u201csus usurpadores judiciales\u201d.<br \/>\nAlarc\u00f3n afirm\u00f3 que el Gobierno buscar\u00e1 eliminar a todo candidato opositor a Arce, a trav\u00e9s del Tribunal Supremo de Justicia (TSJ) y el Tribunal Constitucional Plurinacional (TCP), que se habr\u00edan convertido en un \u201csupra-poder\u201d del Estado.<br \/>\nAlarc\u00f3n calific\u00f3 la actitud de Lima como la de un \u201cmonaguillo\u201d que constantemente lanza \u201ctorpedos teledirigidos\u201d para entorpecer y sabotear las elecciones judiciales.<br \/>\nAlarc\u00f3n afirm\u00f3 que Lima no tiene nada que ver con la ALP y que se ha convertido en un \u201cvocero entrometido\u201d sobre el tema de las elecciones judiciales.<br \/>\nEn contraparte, Lima responsabiliz\u00f3 a la Asamblea por bloquear varios proyectos de ley que, seg\u00fan \u00e9l, est\u00e1n destinados a mejorar estructuralmente la administraci\u00f3n de justicia en el marco de una reforma judicial.<br \/>\n\u201cTenemos una Asamblea que, adem\u00e1s de bloquear cr\u00e9ditos, est\u00e1 bloqueando la reforma judicial. No tenemos resultados en la protecci\u00f3n de ni\u00f1os y mujeres porque rechazaron el proyecto de Ley de Imprescriptibilidad. No han tratado el C\u00f3digo Procesal Agroambiental, no han tratado el proyecto de Ley de Asistencia Familiar, ni el proyecto de ley de adecuaci\u00f3n de tipos penales\u201d, declar\u00f3.<\/p>\n","protected":false},"excerpt":{"rendered":"<p>Los seis magistrados autoprorrogrados que se postularon para las elecciones judiciales son \u201ckamikazes\u201d y \u201csuicidas electorales\u201d enviados por el ministro de Justicia, Iv\u00e1n Lima, para boicotear y hacer fracasar las elecciones judiciales, seg\u00fan afirm\u00f3 el diputado de Comunidad Ciudadana (CC), Carlos Alarc\u00f3n. \u201cLima los ha metido a estos kamikazes para enlodar y deslegitimar la elecci\u00f3n [&hellip;]<\/p>\n","protected":false},"author":1,"featured_media":208827,"comment_status":"open","ping_status":"open","sticky":false,"template":"","format":"standard","meta":{"_acf_changed":false,"footnotes":""},"categories":[14],"tags":[],"class_list":["post-208826","post","type-post","status-publish","format-standard","has-post-thumbnail","category-politica"],"acf":{"antetitulo":"Afirma diputado Carlos Alarc\u00f3n"},"yoast_head":"<!-- This site is optimized with the Yoast SEO plugin v28.4 - https:\/\/yoast.com\/product\/yoast-seo-wordpress\/ -->\n<title>Ministro Iv\u00e1n Lima lanza \u201ctorpedos\u201d y \u201ckamikazes\u201d para sabotear judiciales - El Diario - Bolivia<\/title>\n<meta name=\"robots\" content=\"index, follow, max-snippet:-1, max-image-preview:large, max-video-preview:-1\" \/>\n<link rel=\"canonical\" href=\"https:\/\/www.eldiario.net\/portal\/2024\/03\/18\/ministro-ivan-lima-lanza-torpedos-y-kamikazes-para-sabotear-judiciales\/\" \/>\n<meta property=\"og:locale\" content=\"es_ES\" \/>\n<meta property=\"og:type\" content=\"article\" \/>\n<meta property=\"og:title\" content=\"Ministro Iv\u00e1n Lima lanza \u201ctorpedos\u201d y \u201ckamikazes\u201d para sabotear judiciales - El Diario - Bolivia\" \/>\n<meta property=\"og:description\" content=\"Los seis magistrados autoprorrogrados que se postularon para las elecciones judiciales son \u201ckamikazes\u201d y \u201csuicidas electorales\u201d enviados por el ministro de Justicia, Iv\u00e1n Lima, para boicotear y hacer fracasar las elecciones judiciales, seg\u00fan afirm\u00f3 el diputado de Comunidad Ciudadana (CC), Carlos Alarc\u00f3n. \u201cLima los ha metido a estos kamikazes para enlodar y deslegitimar la elecci\u00f3n [&hellip;]\" \/>\n<meta property=\"og:url\" content=\"https:\/\/www.eldiario.net\/portal\/2024\/03\/18\/ministro-ivan-lima-lanza-torpedos-y-kamikazes-para-sabotear-judiciales\/\" \/>\n<meta property=\"og:site_name\" content=\"El Diario - Bolivia\" \/>\n<meta property=\"article:publisher\" content=\"https:\/\/www.facebook.com\/eldiario.bolivia\/\" \/>\n<meta property=\"article:published_time\" content=\"2024-03-18T10:55:56+00:00\" \/>\n<meta property=\"og:image\" content=\"https:\/\/www.eldiario.net\/portal\/wp-content\/uploads\/2024\/03\/18-KAMIKAZE-scaled.jpeg\" \/>\n\t<meta property=\"og:image:width\" content=\"2560\" \/>\n\t<meta property=\"og:image:height\" content=\"1535\" \/>\n\t<meta property=\"og:image:type\" content=\"image\/jpeg\" \/>\n<meta name=\"author\" content=\"Jeanette\" \/>\n<meta name=\"twitter:card\" content=\"summary_large_image\" \/>\n<meta name=\"twitter:creator\" content=\"@eldiario_net\" \/>\n<meta name=\"twitter:site\" content=\"@eldiario_net\" \/>\n<meta name=\"twitter:label1\" content=\"Escrito por\" \/>\n\t<meta name=\"twitter:data1\" content=\"Jeanette\" \/>\n\t<meta name=\"twitter:label2\" content=\"Tiempo de lectura\" \/>\n\t<meta name=\"twitter:data2\" content=\"2 minutos\" \/>\n<script type=\"application\/ld+json\" class=\"yoast-schema-graph\">{\"@context\":\"https:\\\/\\\/schema.org\",\"@graph\":[{\"@type\":\"Article\",\"@id\":\"https:\\\/\\\/www.eldiario.net\\\/portal\\\/2024\\\/03\\\/18\\\/ministro-ivan-lima-lanza-torpedos-y-kamikazes-para-sabotear-judiciales\\\/#article\",\"isPartOf\":{\"@id\":\"https:\\\/\\\/www.eldiario.net\\\/portal\\\/2024\\\/03\\\/18\\\/ministro-ivan-lima-lanza-torpedos-y-kamikazes-para-sabotear-judiciales\\\/\"},\"author\":{\"name\":\"Jeanette\",\"@id\":\"https:\\\/\\\/www.eldiario.net\\\/portal\\\/#\\\/schema\\\/person\\\/2c57cf2b7a7ae032e449e4c9b1019eac\"},\"headline\":\"Ministro Iv\u00e1n Lima lanza \u201ctorpedos\u201d y \u201ckamikazes\u201d para sabotear judiciales\",\"datePublished\":\"2024-03-18T10:55:56+00:00\",\"mainEntityOfPage\":{\"@id\":\"https:\\\/\\\/www.eldiario.net\\\/portal\\\/2024\\\/03\\\/18\\\/ministro-ivan-lima-lanza-torpedos-y-kamikazes-para-sabotear-judiciales\\\/\"},\"wordCount\":386,\"commentCount\":0,\"publisher\":{\"@id\":\"https:\\\/\\\/www.eldiario.net\\\/portal\\\/#organization\"},\"image\":{\"@id\":\"https:\\\/\\\/www.eldiario.net\\\/portal\\\/2024\\\/03\\\/18\\\/ministro-ivan-lima-lanza-torpedos-y-kamikazes-para-sabotear-judiciales\\\/#primaryimage\"},\"thumbnailUrl\":\"https:\\\/\\\/www.eldiario.net\\\/portal\\\/wp-content\\\/uploads\\\/2024\\\/03\\\/18-KAMIKAZE-scaled.jpeg\",\"articleSection\":[\"Pol\u00edtica\"],\"inLanguage\":\"es\",\"potentialAction\":[{\"@type\":\"CommentAction\",\"name\":\"Comment\",\"target\":[\"https:\\\/\\\/www.eldiario.net\\\/portal\\\/2024\\\/03\\\/18\\\/ministro-ivan-lima-lanza-torpedos-y-kamikazes-para-sabotear-judiciales\\\/#respond\"]}]},{\"@type\":\"WebPage\",\"@id\":\"https:\\\/\\\/www.eldiario.net\\\/portal\\\/2024\\\/03\\\/18\\\/ministro-ivan-lima-lanza-torpedos-y-kamikazes-para-sabotear-judiciales\\\/\",\"url\":\"https:\\\/\\\/www.eldiario.net\\\/portal\\\/2024\\\/03\\\/18\\\/ministro-ivan-lima-lanza-torpedos-y-kamikazes-para-sabotear-judiciales\\\/\",\"name\":\"Ministro Iv\u00e1n Lima lanza \u201ctorpedos\u201d y \u201ckamikazes\u201d para sabotear judiciales - El Diario - Bolivia\",\"isPartOf\":{\"@id\":\"https:\\\/\\\/www.eldiario.net\\\/portal\\\/#website\"},\"primaryImageOfPage\":{\"@id\":\"https:\\\/\\\/www.eldiario.net\\\/portal\\\/2024\\\/03\\\/18\\\/ministro-ivan-lima-lanza-torpedos-y-kamikazes-para-sabotear-judiciales\\\/#primaryimage\"},\"image\":{\"@id\":\"https:\\\/\\\/www.eldiario.net\\\/portal\\\/2024\\\/03\\\/18\\\/ministro-ivan-lima-lanza-torpedos-y-kamikazes-para-sabotear-judiciales\\\/#primaryimage\"},\"thumbnailUrl\":\"https:\\\/\\\/www.eldiario.net\\\/portal\\\/wp-content\\\/uploads\\\/2024\\\/03\\\/18-KAMIKAZE-scaled.jpeg\",\"datePublished\":\"2024-03-18T10:55:56+00:00\",\"breadcrumb\":{\"@id\":\"https:\\\/\\\/www.eldiario.net\\\/portal\\\/2024\\\/03\\\/18\\\/ministro-ivan-lima-lanza-torpedos-y-kamikazes-para-sabotear-judiciales\\\/#breadcrumb\"},\"inLanguage\":\"es\",\"potentialAction\":[{\"@type\":\"ReadAction\",\"target\":[\"https:\\\/\\\/www.eldiario.net\\\/portal\\\/2024\\\/03\\\/18\\\/ministro-ivan-lima-lanza-torpedos-y-kamikazes-para-sabotear-judiciales\\\/\"]}]},{\"@type\":\"ImageObject\",\"inLanguage\":\"es\",\"@id\":\"https:\\\/\\\/www.eldiario.net\\\/portal\\\/2024\\\/03\\\/18\\\/ministro-ivan-lima-lanza-torpedos-y-kamikazes-para-sabotear-judiciales\\\/#primaryimage\",\"url\":\"https:\\\/\\\/www.eldiario.net\\\/portal\\\/wp-content\\\/uploads\\\/2024\\\/03\\\/18-KAMIKAZE-scaled.jpeg\",\"contentUrl\":\"https:\\\/\\\/www.eldiario.net\\\/portal\\\/wp-content\\\/uploads\\\/2024\\\/03\\\/18-KAMIKAZE-scaled.jpeg\",\"width\":2560,\"height\":1535,\"caption\":\"Lima responsabiliz\u00f3 a la Asamblea por bloquear proyectos de ley que, seg\u00fan \u00e9l, responden a mejorar el sistema judicial.\"},{\"@type\":\"BreadcrumbList\",\"@id\":\"https:\\\/\\\/www.eldiario.net\\\/portal\\\/2024\\\/03\\\/18\\\/ministro-ivan-lima-lanza-torpedos-y-kamikazes-para-sabotear-judiciales\\\/#breadcrumb\",\"itemListElement\":[{\"@type\":\"ListItem\",\"position\":1,\"name\":\"Portada\",\"item\":\"https:\\\/\\\/www.eldiario.net\\\/portal\\\/\"},{\"@type\":\"ListItem\",\"position\":2,\"name\":\"Ministro Iv\u00e1n Lima lanza \u201ctorpedos\u201d y \u201ckamikazes\u201d para sabotear judiciales\"}]},{\"@type\":\"WebSite\",\"@id\":\"https:\\\/\\\/www.eldiario.net\\\/portal\\\/#website\",\"url\":\"https:\\\/\\\/www.eldiario.net\\\/portal\\\/\",\"name\":\"El Diario - Decano de la prensa nacional\",\"description\":\"El Diario - Decano de la prensa nacional\",\"publisher\":{\"@id\":\"https:\\\/\\\/www.eldiario.net\\\/portal\\\/#organization\"},\"potentialAction\":[{\"@type\":\"SearchAction\",\"target\":{\"@type\":\"EntryPoint\",\"urlTemplate\":\"https:\\\/\\\/www.eldiario.net\\\/portal\\\/?s={search_term_string}\"},\"query-input\":{\"@type\":\"PropertyValueSpecification\",\"valueRequired\":true,\"valueName\":\"search_term_string\"}}],\"inLanguage\":\"es\"},{\"@type\":\"Organization\",\"@id\":\"https:\\\/\\\/www.eldiario.net\\\/portal\\\/#organization\",\"name\":\"El Diario - Decano de la prensa nacional\",\"url\":\"https:\\\/\\\/www.eldiario.net\\\/portal\\\/\",\"logo\":{\"@type\":\"ImageObject\",\"inLanguage\":\"es\",\"@id\":\"https:\\\/\\\/www.eldiario.net\\\/portal\\\/#\\\/schema\\\/logo\\\/image\\\/\",\"url\":\"https:\\\/\\\/www.eldiario.net\\\/portal\\\/wp-content\\\/uploads\\\/2023\\\/07\\\/logo_ED.jpg\",\"contentUrl\":\"https:\\\/\\\/www.eldiario.net\\\/portal\\\/wp-content\\\/uploads\\\/2023\\\/07\\\/logo_ED.jpg\",\"width\":272,\"height\":52,\"caption\":\"El Diario - Decano de la prensa nacional\"},\"image\":{\"@id\":\"https:\\\/\\\/www.eldiario.net\\\/portal\\\/#\\\/schema\\\/logo\\\/image\\\/\"},\"sameAs\":[\"https:\\\/\\\/www.facebook.com\\\/eldiario.bolivia\\\/\",\"https:\\\/\\\/x.com\\\/eldiario_net\"]},{\"@type\":\"Person\",\"@id\":\"https:\\\/\\\/www.eldiario.net\\\/portal\\\/#\\\/schema\\\/person\\\/2c57cf2b7a7ae032e449e4c9b1019eac\",\"name\":\"Jeanette\",\"image\":{\"@type\":\"ImageObject\",\"inLanguage\":\"es\",\"@id\":\"https:\\\/\\\/secure.gravatar.com\\\/avatar\\\/3ea2118a5f7dad2b7138b1187a6b7ee55f160b9968b66013c3a3ef39dd7e5798?s=96&d=mm&r=g\",\"url\":\"https:\\\/\\\/secure.gravatar.com\\\/avatar\\\/3ea2118a5f7dad2b7138b1187a6b7ee55f160b9968b66013c3a3ef39dd7e5798?s=96&d=mm&r=g\",\"contentUrl\":\"https:\\\/\\\/secure.gravatar.com\\\/avatar\\\/3ea2118a5f7dad2b7138b1187a6b7ee55f160b9968b66013c3a3ef39dd7e5798?s=96&d=mm&r=g\",\"caption\":\"Jeanette\"},\"sameAs\":[\"https:\\\/\\\/www.eldiario.net\\\/portal\"],\"url\":\"https:\\\/\\\/www.eldiario.net\\\/portal\\\/author\\\/jeanette\\\/\"}]}<\/script>\n<!-- \/ Yoast SEO plugin. -->","yoast_head_json":{"title":"Ministro Iv\u00e1n Lima lanza \u201ctorpedos\u201d y \u201ckamikazes\u201d para sabotear judiciales - El Diario - Bolivia","robots":{"index":"index","follow":"follow","max-snippet":"max-snippet:-1","max-image-preview":"max-image-preview:large","max-video-preview":"max-video-preview:-1"},"canonical":"https:\/\/www.eldiario.net\/portal\/2024\/03\/18\/ministro-ivan-lima-lanza-torpedos-y-kamikazes-para-sabotear-judiciales\/","og_locale":"es_ES","og_type":"article","og_title":"Ministro Iv\u00e1n Lima lanza \u201ctorpedos\u201d y \u201ckamikazes\u201d para sabotear judiciales - El Diario - Bolivia","og_description":"Los seis magistrados autoprorrogrados que se postularon para las elecciones judiciales son \u201ckamikazes\u201d y \u201csuicidas electorales\u201d enviados por el ministro de Justicia, Iv\u00e1n Lima, para boicotear y hacer fracasar las elecciones judiciales, seg\u00fan afirm\u00f3 el diputado de Comunidad Ciudadana (CC), Carlos Alarc\u00f3n. \u201cLima los ha metido a estos kamikazes para enlodar y deslegitimar la elecci\u00f3n [&hellip;]","og_url":"https:\/\/www.eldiario.net\/portal\/2024\/03\/18\/ministro-ivan-lima-lanza-torpedos-y-kamikazes-para-sabotear-judiciales\/","og_site_name":"El Diario - Bolivia","article_publisher":"https:\/\/www.facebook.com\/eldiario.bolivia\/","article_published_time":"2024-03-18T10:55:56+00:00","og_image":[{"width":2560,"height":1535,"url":"https:\/\/www.eldiario.net\/portal\/wp-content\/uploads\/2024\/03\/18-KAMIKAZE-scaled.jpeg","type":"image\/jpeg"}],"author":"Jeanette","twitter_card":"summary_large_image","twitter_creator":"@eldiario_net","twitter_site":"@eldiario_net","twitter_misc":{"Escrito por":"Jeanette","Tiempo de lectura":"2 minutos"},"schema":{"@context":"https:\/\/schema.org","@graph":[{"@type":"Article","@id":"https:\/\/www.eldiario.net\/portal\/2024\/03\/18\/ministro-ivan-lima-lanza-torpedos-y-kamikazes-para-sabotear-judiciales\/#article","isPartOf":{"@id":"https:\/\/www.eldiario.net\/portal\/2024\/03\/18\/ministro-ivan-lima-lanza-torpedos-y-kamikazes-para-sabotear-judiciales\/"},"author":{"name":"Jeanette","@id":"https:\/\/www.eldiario.net\/portal\/#\/schema\/person\/2c57cf2b7a7ae032e449e4c9b1019eac"},"headline":"Ministro Iv\u00e1n Lima lanza \u201ctorpedos\u201d y \u201ckamikazes\u201d para sabotear judiciales","datePublished":"2024-03-18T10:55:56+00:00","mainEntityOfPage":{"@id":"https:\/\/www.eldiario.net\/portal\/2024\/03\/18\/ministro-ivan-lima-lanza-torpedos-y-kamikazes-para-sabotear-judiciales\/"},"wordCount":386,"commentCount":0,"publisher":{"@id":"https:\/\/www.eldiario.net\/portal\/#organization"},"image":{"@id":"https:\/\/www.eldiario.net\/portal\/2024\/03\/18\/ministro-ivan-lima-lanza-torpedos-y-kamikazes-para-sabotear-judiciales\/#primaryimage"},"thumbnailUrl":"https:\/\/www.eldiario.net\/portal\/wp-content\/uploads\/2024\/03\/18-KAMIKAZE-scaled.jpeg","articleSection":["Pol\u00edtica"],"inLanguage":"es","potentialAction":[{"@type":"CommentAction","name":"Comment","target":["https:\/\/www.eldiario.net\/portal\/2024\/03\/18\/ministro-ivan-lima-lanza-torpedos-y-kamikazes-para-sabotear-judiciales\/#respond"]}]},{"@type":"WebPage","@id":"https:\/\/www.eldiario.net\/portal\/2024\/03\/18\/ministro-ivan-lima-lanza-torpedos-y-kamikazes-para-sabotear-judiciales\/","url":"https:\/\/www.eldiario.net\/portal\/2024\/03\/18\/ministro-ivan-lima-lanza-torpedos-y-kamikazes-para-sabotear-judiciales\/","name":"Ministro Iv\u00e1n Lima lanza \u201ctorpedos\u201d y \u201ckamikazes\u201d para sabotear judiciales - El Diario - Bolivia","isPartOf":{"@id":"https:\/\/www.eldiario.net\/portal\/#website"},"primaryImageOfPage":{"@id":"https:\/\/www.eldiario.net\/portal\/2024\/03\/18\/ministro-ivan-lima-lanza-torpedos-y-kamikazes-para-sabotear-judiciales\/#primaryimage"},"image":{"@id":"https:\/\/www.eldiario.net\/portal\/2024\/03\/18\/ministro-ivan-lima-lanza-torpedos-y-kamikazes-para-sabotear-judiciales\/#primaryimage"},"thumbnailUrl":"https:\/\/www.eldiario.net\/portal\/wp-content\/uploads\/2024\/03\/18-KAMIKAZE-scaled.jpeg","datePublished":"2024-03-18T10:55:56+00:00","breadcrumb":{"@id":"https:\/\/www.eldiario.net\/portal\/2024\/03\/18\/ministro-ivan-lima-lanza-torpedos-y-kamikazes-para-sabotear-judiciales\/#breadcrumb"},"inLanguage":"es","potentialAction":[{"@type":"ReadAction","target":["https:\/\/www.eldiario.net\/portal\/2024\/03\/18\/ministro-ivan-lima-lanza-torpedos-y-kamikazes-para-sabotear-judiciales\/"]}]},{"@type":"ImageObject","inLanguage":"es","@id":"https:\/\/www.eldiario.net\/portal\/2024\/03\/18\/ministro-ivan-lima-lanza-torpedos-y-kamikazes-para-sabotear-judiciales\/#primaryimage","url":"https:\/\/www.eldiario.net\/portal\/wp-content\/uploads\/2024\/03\/18-KAMIKAZE-scaled.jpeg","contentUrl":"https:\/\/www.eldiario.net\/portal\/wp-content\/uploads\/2024\/03\/18-KAMIKAZE-scaled.jpeg","width":2560,"height":1535,"caption":"Lima responsabiliz\u00f3 a la Asamblea por bloquear proyectos de ley que, seg\u00fan \u00e9l, responden a mejorar el sistema judicial."},{"@type":"BreadcrumbList","@id":"https:\/\/www.eldiario.net\/portal\/2024\/03\/18\/ministro-ivan-lima-lanza-torpedos-y-kamikazes-para-sabotear-judiciales\/#breadcrumb","itemListElement":[{"@type":"ListItem","position":1,"name":"Portada","item":"https:\/\/www.eldiario.net\/portal\/"},{"@type":"ListItem","position":2,"name":"Ministro Iv\u00e1n Lima lanza \u201ctorpedos\u201d y \u201ckamikazes\u201d para sabotear judiciales"}]},{"@type":"WebSite","@id":"https:\/\/www.eldiario.net\/portal\/#website","url":"https:\/\/www.eldiario.net\/portal\/","name":"El Diario - Decano de la prensa nacional","description":"El Diario - Decano de la prensa nacional","publisher":{"@id":"https:\/\/www.eldiario.net\/portal\/#organization"},"potentialAction":[{"@type":"SearchAction","target":{"@type":"EntryPoint","urlTemplate":"https:\/\/www.eldiario.net\/portal\/?s={search_term_string}"},"query-input":{"@type":"PropertyValueSpecification","valueRequired":true,"valueName":"search_term_string"}}],"inLanguage":"es"},{"@type":"Organization","@id":"https:\/\/www.eldiario.net\/portal\/#organization","name":"El Diario - Decano de la prensa nacional","url":"https:\/\/www.eldiario.net\/portal\/","logo":{"@type":"ImageObject","inLanguage":"es","@id":"https:\/\/www.eldiario.net\/portal\/#\/schema\/logo\/image\/","url":"https:\/\/www.eldiario.net\/portal\/wp-content\/uploads\/2023\/07\/logo_ED.jpg","contentUrl":"https:\/\/www.eldiario.net\/portal\/wp-content\/uploads\/2023\/07\/logo_ED.jpg","width":272,"height":52,"caption":"El Diario - Decano de la prensa nacional"},"image":{"@id":"https:\/\/www.eldiario.net\/portal\/#\/schema\/logo\/image\/"},"sameAs":["https:\/\/www.facebook.com\/eldiario.bolivia\/","https:\/\/x.com\/eldiario_net"]},{"@type":"Person","@id":"https:\/\/www.eldiario.net\/portal\/#\/schema\/person\/2c57cf2b7a7ae032e449e4c9b1019eac","name":"Jeanette","image":{"@type":"ImageObject","inLanguage":"es","@id":"https:\/\/secure.gravatar.com\/avatar\/3ea2118a5f7dad2b7138b1187a6b7ee55f160b9968b66013c3a3ef39dd7e5798?s=96&d=mm&r=g","url":"https:\/\/secure.gravatar.com\/avatar\/3ea2118a5f7dad2b7138b1187a6b7ee55f160b9968b66013c3a3ef39dd7e5798?s=96&d=mm&r=g","contentUrl":"https:\/\/secure.gravatar.com\/avatar\/3ea2118a5f7dad2b7138b1187a6b7ee55f160b9968b66013c3a3ef39dd7e5798?s=96&d=mm&r=g","caption":"Jeanette"},"sameAs":["https:\/\/www.eldiario.net\/portal"],"url":"https:\/\/www.eldiario.net\/portal\/author\/jeanette\/"}]}},"_links":{"self":[{"href":"https:\/\/www.eldiario.net\/portal\/wp-json\/wp\/v2\/posts\/208826","targetHints":{"allow":["GET"]}}],"collection":[{"href":"https:\/\/www.eldiario.net\/portal\/wp-json\/wp\/v2\/posts"}],"about":[{"href":"https:\/\/www.eldiario.net\/portal\/wp-json\/wp\/v2\/types\/post"}],"author":[{"embeddable":true,"href":"https:\/\/www.eldiario.net\/portal\/wp-json\/wp\/v2\/users\/1"}],"replies":[{"embeddable":true,"href":"https:\/\/www.eldiario.net\/portal\/wp-json\/wp\/v2\/comments?post=208826"}],"version-history":[{"count":1,"href":"https:\/\/www.eldiario.net\/portal\/wp-json\/wp\/v2\/posts\/208826\/revisions"}],"predecessor-version":[{"id":208828,"href":"https:\/\/www.eldiario.net\/portal\/wp-json\/wp\/v2\/posts\/208826\/revisions\/208828"}],"wp:featuredmedia":[{"embeddable":true,"href":"https:\/\/www.eldiario.net\/portal\/wp-json\/wp\/v2\/media\/208827"}],"wp:attachment":[{"href":"https:\/\/www.eldiario.net\/portal\/wp-json\/wp\/v2\/media?parent=208826"}],"wp:term":[{"taxonomy":"category","embeddable":true,"href":"https:\/\/www.eldiario.net\/portal\/wp-json\/wp\/v2\/categories?post=208826"},{"taxonomy":"post_tag","embeddable":true,"href":"https:\/\/www.eldiario.net\/portal\/wp-json\/wp\/v2\/tags?post=208826"}],"curies":[{"name":"wp","href":"https:\/\/api.w.org\/{rel}","templated":true}]}}