{"id":208817,"date":"2024-03-18T06:21:46","date_gmt":"2024-03-18T10:21:46","guid":{"rendered":"https:\/\/www.eldiario.net\/portal\/?p=208817"},"modified":"2024-03-18T06:21:46","modified_gmt":"2024-03-18T10:21:46","slug":"ciudadanos-rusos-homenajean-a-navalny-en-centros-de-votacion","status":"publish","type":"post","link":"https:\/\/www.eldiario.net\/portal\/2024\/03\/18\/ciudadanos-rusos-homenajean-a-navalny-en-centros-de-votacion\/","title":{"rendered":"Ciudadanos rusos homenajean a  Navalny en centros de votaci\u00f3n"},"content":{"rendered":"<p>Votantes se congregaron ayer frente a algunos colegios electorales en Mosc\u00fa, la capital rusa, a ra\u00edz de un llamado de la oposici\u00f3n para homenajear al fallecido disidente Alexei Navalny y denunciar unas elecciones dise\u00f1adas para mantener a Vladimir Putin en el poder.<br \/>\nReporteros de la AFP observaron en dos colegios electorales una mayor afluencia de votantes al mediod\u00eda (0900 GMT) que a primera hora del d\u00eda, tras la convocatoria de la protesta \u201cMediod\u00eda contra Putin\u201d.<br \/>\nMosc\u00fa y San Petersburgo fueron las ciudades donde m\u00e1s personas respondieron al llamado a concentrarse, fijado por Yulia Navalnaya, la viuda de Navalny. Aunque la afluencia fue muy dispar dependiendo de los lugares.<br \/>\nDesde el comienzo de la ofensiva a gran escala de Rusia en Ucrania en 2022, la disidencia p\u00fablica en Rusia fue sofocada y los cr\u00edticos con el gobierno fueron encarcelados u obligados a huir.<br \/>\nTras depositar su voto en un colegio electoral en el que sol\u00eda votar Navalny, el trabajador inform\u00e1tico Alexander dijo que hab\u00eda acudido porque era una de las pocas formas que ten\u00eda de protestar.<br \/>\nACCI\u00d3N SIMB\u00d3LICA<br \/>\nIm\u00e1genes compartidas en las redes sociales por el equipo de Navalny mostraban mayores colas de votantes en otros colegios electorales de Mosc\u00fa y otros lugares de Rusia.<br \/>\nEn otro colegio electoral del suroeste de Mosc\u00fa, Leonid, un estudiante de 18 a\u00f1os, dijo que no hab\u00edan muchas personas participando en la protesta, pero que estaba contento de que hubiera venido gente.<br \/>\nEl colegio electoral fue el lugar donde Navalny obtuvo su mejor resultado, un 70%, en su fallido intento de convertirse en alcalde de Mosc\u00fa en 2013.<br \/>\nNavalny intent\u00f3 posteriormente presentarse contra Putin en las elecciones presidenciales de 2018, pero su candidatura fue rechazada.<br \/>\nSu viuda, Navalnaya, ahora en el exilio, hab\u00eda instado a los rusos a protestar contra Putin durante el tercer d\u00eda de las elecciones.<br \/>\nEl domingo, deposit\u00f3 su voto en la embajada rusa en Berl\u00edn, donde recibi\u00f3 flores de sus partidarios y charl\u00f3 con otros votantes en la larga cola frente a la sede diplom\u00e1tica rusa en la capital alemana. (Infobae\/Afp)<\/p>\n","protected":false},"excerpt":{"rendered":"<p>Votantes se congregaron ayer frente a algunos colegios electorales en Mosc\u00fa, la capital rusa, a ra\u00edz de un llamado de la oposici\u00f3n para homenajear al fallecido disidente Alexei Navalny y denunciar unas elecciones dise\u00f1adas para mantener a Vladimir Putin en el poder. Reporteros de la AFP observaron en dos colegios electorales una mayor afluencia de [&hellip;]<\/p>\n","protected":false},"author":1,"featured_media":208818,"comment_status":"open","ping_status":"open","sticky":false,"template":"","format":"standard","meta":{"_acf_changed":false,"footnotes":""},"categories":[3],"tags":[],"class_list":["post-208817","post","type-post","status-publish","format-standard","has-post-thumbnail","category-internacional"],"acf":{"antetitulo":""},"yoast_head":"<!-- This site is optimized with the Yoast SEO plugin v28.4 - https:\/\/yoast.com\/product\/yoast-seo-wordpress\/ -->\n<title>Ciudadanos rusos homenajean a Navalny en centros de votaci\u00f3n - El Diario - Bolivia<\/title>\n<meta name=\"robots\" content=\"index, follow, max-snippet:-1, max-image-preview:large, max-video-preview:-1\" \/>\n<link rel=\"canonical\" href=\"https:\/\/www.eldiario.net\/portal\/2024\/03\/18\/ciudadanos-rusos-homenajean-a-navalny-en-centros-de-votacion\/\" \/>\n<meta property=\"og:locale\" content=\"es_ES\" \/>\n<meta property=\"og:type\" content=\"article\" \/>\n<meta property=\"og:title\" content=\"Ciudadanos rusos homenajean a Navalny en centros de votaci\u00f3n - El Diario - Bolivia\" \/>\n<meta property=\"og:description\" content=\"Votantes se congregaron ayer frente a algunos colegios electorales en Mosc\u00fa, la capital rusa, a ra\u00edz de un llamado de la oposici\u00f3n para homenajear al fallecido disidente Alexei Navalny y denunciar unas elecciones dise\u00f1adas para mantener a Vladimir Putin en el poder. Reporteros de la AFP observaron en dos colegios electorales una mayor afluencia de [&hellip;]\" \/>\n<meta property=\"og:url\" content=\"https:\/\/www.eldiario.net\/portal\/2024\/03\/18\/ciudadanos-rusos-homenajean-a-navalny-en-centros-de-votacion\/\" \/>\n<meta property=\"og:site_name\" content=\"El Diario - Bolivia\" \/>\n<meta property=\"article:publisher\" content=\"https:\/\/www.facebook.com\/eldiario.bolivia\/\" \/>\n<meta property=\"article:published_time\" content=\"2024-03-18T10:21:46+00:00\" \/>\n<meta property=\"og:image\" content=\"https:\/\/www.eldiario.net\/portal\/wp-content\/uploads\/2024\/03\/TUMBA.jpg\" \/>\n\t<meta property=\"og:image:width\" content=\"768\" \/>\n\t<meta property=\"og:image:height\" content=\"432\" \/>\n\t<meta property=\"og:image:type\" content=\"image\/jpeg\" \/>\n<meta name=\"author\" content=\"Jeanette\" \/>\n<meta name=\"twitter:card\" content=\"summary_large_image\" \/>\n<meta name=\"twitter:creator\" content=\"@eldiario_net\" \/>\n<meta name=\"twitter:site\" content=\"@eldiario_net\" \/>\n<meta name=\"twitter:label1\" content=\"Escrito por\" \/>\n\t<meta name=\"twitter:data1\" content=\"Jeanette\" \/>\n\t<meta name=\"twitter:label2\" content=\"Tiempo de lectura\" \/>\n\t<meta name=\"twitter:data2\" content=\"2 minutos\" \/>\n<script type=\"application\/ld+json\" class=\"yoast-schema-graph\">{\"@context\":\"https:\\\/\\\/schema.org\",\"@graph\":[{\"@type\":\"Article\",\"@id\":\"https:\\\/\\\/www.eldiario.net\\\/portal\\\/2024\\\/03\\\/18\\\/ciudadanos-rusos-homenajean-a-navalny-en-centros-de-votacion\\\/#article\",\"isPartOf\":{\"@id\":\"https:\\\/\\\/www.eldiario.net\\\/portal\\\/2024\\\/03\\\/18\\\/ciudadanos-rusos-homenajean-a-navalny-en-centros-de-votacion\\\/\"},\"author\":{\"name\":\"Jeanette\",\"@id\":\"https:\\\/\\\/www.eldiario.net\\\/portal\\\/#\\\/schema\\\/person\\\/2c57cf2b7a7ae032e449e4c9b1019eac\"},\"headline\":\"Ciudadanos rusos homenajean a Navalny en centros de votaci\u00f3n\",\"datePublished\":\"2024-03-18T10:21:46+00:00\",\"mainEntityOfPage\":{\"@id\":\"https:\\\/\\\/www.eldiario.net\\\/portal\\\/2024\\\/03\\\/18\\\/ciudadanos-rusos-homenajean-a-navalny-en-centros-de-votacion\\\/\"},\"wordCount\":367,\"commentCount\":0,\"publisher\":{\"@id\":\"https:\\\/\\\/www.eldiario.net\\\/portal\\\/#organization\"},\"image\":{\"@id\":\"https:\\\/\\\/www.eldiario.net\\\/portal\\\/2024\\\/03\\\/18\\\/ciudadanos-rusos-homenajean-a-navalny-en-centros-de-votacion\\\/#primaryimage\"},\"thumbnailUrl\":\"https:\\\/\\\/www.eldiario.net\\\/portal\\\/wp-content\\\/uploads\\\/2024\\\/03\\\/TUMBA.jpg\",\"articleSection\":[\"Internacional\"],\"inLanguage\":\"es\",\"potentialAction\":[{\"@type\":\"CommentAction\",\"name\":\"Comment\",\"target\":[\"https:\\\/\\\/www.eldiario.net\\\/portal\\\/2024\\\/03\\\/18\\\/ciudadanos-rusos-homenajean-a-navalny-en-centros-de-votacion\\\/#respond\"]}]},{\"@type\":\"WebPage\",\"@id\":\"https:\\\/\\\/www.eldiario.net\\\/portal\\\/2024\\\/03\\\/18\\\/ciudadanos-rusos-homenajean-a-navalny-en-centros-de-votacion\\\/\",\"url\":\"https:\\\/\\\/www.eldiario.net\\\/portal\\\/2024\\\/03\\\/18\\\/ciudadanos-rusos-homenajean-a-navalny-en-centros-de-votacion\\\/\",\"name\":\"Ciudadanos rusos homenajean a Navalny en centros de votaci\u00f3n - El Diario - Bolivia\",\"isPartOf\":{\"@id\":\"https:\\\/\\\/www.eldiario.net\\\/portal\\\/#website\"},\"primaryImageOfPage\":{\"@id\":\"https:\\\/\\\/www.eldiario.net\\\/portal\\\/2024\\\/03\\\/18\\\/ciudadanos-rusos-homenajean-a-navalny-en-centros-de-votacion\\\/#primaryimage\"},\"image\":{\"@id\":\"https:\\\/\\\/www.eldiario.net\\\/portal\\\/2024\\\/03\\\/18\\\/ciudadanos-rusos-homenajean-a-navalny-en-centros-de-votacion\\\/#primaryimage\"},\"thumbnailUrl\":\"https:\\\/\\\/www.eldiario.net\\\/portal\\\/wp-content\\\/uploads\\\/2024\\\/03\\\/TUMBA.jpg\",\"datePublished\":\"2024-03-18T10:21:46+00:00\",\"breadcrumb\":{\"@id\":\"https:\\\/\\\/www.eldiario.net\\\/portal\\\/2024\\\/03\\\/18\\\/ciudadanos-rusos-homenajean-a-navalny-en-centros-de-votacion\\\/#breadcrumb\"},\"inLanguage\":\"es\",\"potentialAction\":[{\"@type\":\"ReadAction\",\"target\":[\"https:\\\/\\\/www.eldiario.net\\\/portal\\\/2024\\\/03\\\/18\\\/ciudadanos-rusos-homenajean-a-navalny-en-centros-de-votacion\\\/\"]}]},{\"@type\":\"ImageObject\",\"inLanguage\":\"es\",\"@id\":\"https:\\\/\\\/www.eldiario.net\\\/portal\\\/2024\\\/03\\\/18\\\/ciudadanos-rusos-homenajean-a-navalny-en-centros-de-votacion\\\/#primaryimage\",\"url\":\"https:\\\/\\\/www.eldiario.net\\\/portal\\\/wp-content\\\/uploads\\\/2024\\\/03\\\/TUMBA.jpg\",\"contentUrl\":\"https:\\\/\\\/www.eldiario.net\\\/portal\\\/wp-content\\\/uploads\\\/2024\\\/03\\\/TUMBA.jpg\",\"width\":768,\"height\":432,\"caption\":\"EN MEDIO DE REPRESIONES LOS HOMENAJES A NALVANY NO PARARON. Infobae\"},{\"@type\":\"BreadcrumbList\",\"@id\":\"https:\\\/\\\/www.eldiario.net\\\/portal\\\/2024\\\/03\\\/18\\\/ciudadanos-rusos-homenajean-a-navalny-en-centros-de-votacion\\\/#breadcrumb\",\"itemListElement\":[{\"@type\":\"ListItem\",\"position\":1,\"name\":\"Portada\",\"item\":\"https:\\\/\\\/www.eldiario.net\\\/portal\\\/\"},{\"@type\":\"ListItem\",\"position\":2,\"name\":\"Ciudadanos rusos homenajean a Navalny en centros de votaci\u00f3n\"}]},{\"@type\":\"WebSite\",\"@id\":\"https:\\\/\\\/www.eldiario.net\\\/portal\\\/#website\",\"url\":\"https:\\\/\\\/www.eldiario.net\\\/portal\\\/\",\"name\":\"El Diario - Decano de la prensa nacional\",\"description\":\"El Diario - Decano de la prensa nacional\",\"publisher\":{\"@id\":\"https:\\\/\\\/www.eldiario.net\\\/portal\\\/#organization\"},\"potentialAction\":[{\"@type\":\"SearchAction\",\"target\":{\"@type\":\"EntryPoint\",\"urlTemplate\":\"https:\\\/\\\/www.eldiario.net\\\/portal\\\/?s={search_term_string}\"},\"query-input\":{\"@type\":\"PropertyValueSpecification\",\"valueRequired\":true,\"valueName\":\"search_term_string\"}}],\"inLanguage\":\"es\"},{\"@type\":\"Organization\",\"@id\":\"https:\\\/\\\/www.eldiario.net\\\/portal\\\/#organization\",\"name\":\"El Diario - Decano de la prensa nacional\",\"url\":\"https:\\\/\\\/www.eldiario.net\\\/portal\\\/\",\"logo\":{\"@type\":\"ImageObject\",\"inLanguage\":\"es\",\"@id\":\"https:\\\/\\\/www.eldiario.net\\\/portal\\\/#\\\/schema\\\/logo\\\/image\\\/\",\"url\":\"https:\\\/\\\/www.eldiario.net\\\/portal\\\/wp-content\\\/uploads\\\/2023\\\/07\\\/logo_ED.jpg\",\"contentUrl\":\"https:\\\/\\\/www.eldiario.net\\\/portal\\\/wp-content\\\/uploads\\\/2023\\\/07\\\/logo_ED.jpg\",\"width\":272,\"height\":52,\"caption\":\"El Diario - Decano de la prensa nacional\"},\"image\":{\"@id\":\"https:\\\/\\\/www.eldiario.net\\\/portal\\\/#\\\/schema\\\/logo\\\/image\\\/\"},\"sameAs\":[\"https:\\\/\\\/www.facebook.com\\\/eldiario.bolivia\\\/\",\"https:\\\/\\\/x.com\\\/eldiario_net\"]},{\"@type\":\"Person\",\"@id\":\"https:\\\/\\\/www.eldiario.net\\\/portal\\\/#\\\/schema\\\/person\\\/2c57cf2b7a7ae032e449e4c9b1019eac\",\"name\":\"Jeanette\",\"image\":{\"@type\":\"ImageObject\",\"inLanguage\":\"es\",\"@id\":\"https:\\\/\\\/secure.gravatar.com\\\/avatar\\\/3ea2118a5f7dad2b7138b1187a6b7ee55f160b9968b66013c3a3ef39dd7e5798?s=96&d=mm&r=g\",\"url\":\"https:\\\/\\\/secure.gravatar.com\\\/avatar\\\/3ea2118a5f7dad2b7138b1187a6b7ee55f160b9968b66013c3a3ef39dd7e5798?s=96&d=mm&r=g\",\"contentUrl\":\"https:\\\/\\\/secure.gravatar.com\\\/avatar\\\/3ea2118a5f7dad2b7138b1187a6b7ee55f160b9968b66013c3a3ef39dd7e5798?s=96&d=mm&r=g\",\"caption\":\"Jeanette\"},\"sameAs\":[\"https:\\\/\\\/www.eldiario.net\\\/portal\"],\"url\":\"https:\\\/\\\/www.eldiario.net\\\/portal\\\/author\\\/jeanette\\\/\"}]}<\/script>\n<!-- \/ Yoast SEO plugin. -->","yoast_head_json":{"title":"Ciudadanos rusos homenajean a Navalny en centros de votaci\u00f3n - El Diario - Bolivia","robots":{"index":"index","follow":"follow","max-snippet":"max-snippet:-1","max-image-preview":"max-image-preview:large","max-video-preview":"max-video-preview:-1"},"canonical":"https:\/\/www.eldiario.net\/portal\/2024\/03\/18\/ciudadanos-rusos-homenajean-a-navalny-en-centros-de-votacion\/","og_locale":"es_ES","og_type":"article","og_title":"Ciudadanos rusos homenajean a Navalny en centros de votaci\u00f3n - El Diario - Bolivia","og_description":"Votantes se congregaron ayer frente a algunos colegios electorales en Mosc\u00fa, la capital rusa, a ra\u00edz de un llamado de la oposici\u00f3n para homenajear al fallecido disidente Alexei Navalny y denunciar unas elecciones dise\u00f1adas para mantener a Vladimir Putin en el poder. Reporteros de la AFP observaron en dos colegios electorales una mayor afluencia de [&hellip;]","og_url":"https:\/\/www.eldiario.net\/portal\/2024\/03\/18\/ciudadanos-rusos-homenajean-a-navalny-en-centros-de-votacion\/","og_site_name":"El Diario - Bolivia","article_publisher":"https:\/\/www.facebook.com\/eldiario.bolivia\/","article_published_time":"2024-03-18T10:21:46+00:00","og_image":[{"width":768,"height":432,"url":"https:\/\/www.eldiario.net\/portal\/wp-content\/uploads\/2024\/03\/TUMBA.jpg","type":"image\/jpeg"}],"author":"Jeanette","twitter_card":"summary_large_image","twitter_creator":"@eldiario_net","twitter_site":"@eldiario_net","twitter_misc":{"Escrito por":"Jeanette","Tiempo de lectura":"2 minutos"},"schema":{"@context":"https:\/\/schema.org","@graph":[{"@type":"Article","@id":"https:\/\/www.eldiario.net\/portal\/2024\/03\/18\/ciudadanos-rusos-homenajean-a-navalny-en-centros-de-votacion\/#article","isPartOf":{"@id":"https:\/\/www.eldiario.net\/portal\/2024\/03\/18\/ciudadanos-rusos-homenajean-a-navalny-en-centros-de-votacion\/"},"author":{"name":"Jeanette","@id":"https:\/\/www.eldiario.net\/portal\/#\/schema\/person\/2c57cf2b7a7ae032e449e4c9b1019eac"},"headline":"Ciudadanos rusos homenajean a Navalny en centros de votaci\u00f3n","datePublished":"2024-03-18T10:21:46+00:00","mainEntityOfPage":{"@id":"https:\/\/www.eldiario.net\/portal\/2024\/03\/18\/ciudadanos-rusos-homenajean-a-navalny-en-centros-de-votacion\/"},"wordCount":367,"commentCount":0,"publisher":{"@id":"https:\/\/www.eldiario.net\/portal\/#organization"},"image":{"@id":"https:\/\/www.eldiario.net\/portal\/2024\/03\/18\/ciudadanos-rusos-homenajean-a-navalny-en-centros-de-votacion\/#primaryimage"},"thumbnailUrl":"https:\/\/www.eldiario.net\/portal\/wp-content\/uploads\/2024\/03\/TUMBA.jpg","articleSection":["Internacional"],"inLanguage":"es","potentialAction":[{"@type":"CommentAction","name":"Comment","target":["https:\/\/www.eldiario.net\/portal\/2024\/03\/18\/ciudadanos-rusos-homenajean-a-navalny-en-centros-de-votacion\/#respond"]}]},{"@type":"WebPage","@id":"https:\/\/www.eldiario.net\/portal\/2024\/03\/18\/ciudadanos-rusos-homenajean-a-navalny-en-centros-de-votacion\/","url":"https:\/\/www.eldiario.net\/portal\/2024\/03\/18\/ciudadanos-rusos-homenajean-a-navalny-en-centros-de-votacion\/","name":"Ciudadanos rusos homenajean a Navalny en centros de votaci\u00f3n - El Diario - Bolivia","isPartOf":{"@id":"https:\/\/www.eldiario.net\/portal\/#website"},"primaryImageOfPage":{"@id":"https:\/\/www.eldiario.net\/portal\/2024\/03\/18\/ciudadanos-rusos-homenajean-a-navalny-en-centros-de-votacion\/#primaryimage"},"image":{"@id":"https:\/\/www.eldiario.net\/portal\/2024\/03\/18\/ciudadanos-rusos-homenajean-a-navalny-en-centros-de-votacion\/#primaryimage"},"thumbnailUrl":"https:\/\/www.eldiario.net\/portal\/wp-content\/uploads\/2024\/03\/TUMBA.jpg","datePublished":"2024-03-18T10:21:46+00:00","breadcrumb":{"@id":"https:\/\/www.eldiario.net\/portal\/2024\/03\/18\/ciudadanos-rusos-homenajean-a-navalny-en-centros-de-votacion\/#breadcrumb"},"inLanguage":"es","potentialAction":[{"@type":"ReadAction","target":["https:\/\/www.eldiario.net\/portal\/2024\/03\/18\/ciudadanos-rusos-homenajean-a-navalny-en-centros-de-votacion\/"]}]},{"@type":"ImageObject","inLanguage":"es","@id":"https:\/\/www.eldiario.net\/portal\/2024\/03\/18\/ciudadanos-rusos-homenajean-a-navalny-en-centros-de-votacion\/#primaryimage","url":"https:\/\/www.eldiario.net\/portal\/wp-content\/uploads\/2024\/03\/TUMBA.jpg","contentUrl":"https:\/\/www.eldiario.net\/portal\/wp-content\/uploads\/2024\/03\/TUMBA.jpg","width":768,"height":432,"caption":"EN MEDIO DE REPRESIONES LOS HOMENAJES A NALVANY NO PARARON. Infobae"},{"@type":"BreadcrumbList","@id":"https:\/\/www.eldiario.net\/portal\/2024\/03\/18\/ciudadanos-rusos-homenajean-a-navalny-en-centros-de-votacion\/#breadcrumb","itemListElement":[{"@type":"ListItem","position":1,"name":"Portada","item":"https:\/\/www.eldiario.net\/portal\/"},{"@type":"ListItem","position":2,"name":"Ciudadanos rusos homenajean a Navalny en centros de votaci\u00f3n"}]},{"@type":"WebSite","@id":"https:\/\/www.eldiario.net\/portal\/#website","url":"https:\/\/www.eldiario.net\/portal\/","name":"El Diario - Decano de la prensa nacional","description":"El Diario - Decano de la prensa nacional","publisher":{"@id":"https:\/\/www.eldiario.net\/portal\/#organization"},"potentialAction":[{"@type":"SearchAction","target":{"@type":"EntryPoint","urlTemplate":"https:\/\/www.eldiario.net\/portal\/?s={search_term_string}"},"query-input":{"@type":"PropertyValueSpecification","valueRequired":true,"valueName":"search_term_string"}}],"inLanguage":"es"},{"@type":"Organization","@id":"https:\/\/www.eldiario.net\/portal\/#organization","name":"El Diario - Decano de la prensa nacional","url":"https:\/\/www.eldiario.net\/portal\/","logo":{"@type":"ImageObject","inLanguage":"es","@id":"https:\/\/www.eldiario.net\/portal\/#\/schema\/logo\/image\/","url":"https:\/\/www.eldiario.net\/portal\/wp-content\/uploads\/2023\/07\/logo_ED.jpg","contentUrl":"https:\/\/www.eldiario.net\/portal\/wp-content\/uploads\/2023\/07\/logo_ED.jpg","width":272,"height":52,"caption":"El Diario - Decano de la prensa nacional"},"image":{"@id":"https:\/\/www.eldiario.net\/portal\/#\/schema\/logo\/image\/"},"sameAs":["https:\/\/www.facebook.com\/eldiario.bolivia\/","https:\/\/x.com\/eldiario_net"]},{"@type":"Person","@id":"https:\/\/www.eldiario.net\/portal\/#\/schema\/person\/2c57cf2b7a7ae032e449e4c9b1019eac","name":"Jeanette","image":{"@type":"ImageObject","inLanguage":"es","@id":"https:\/\/secure.gravatar.com\/avatar\/3ea2118a5f7dad2b7138b1187a6b7ee55f160b9968b66013c3a3ef39dd7e5798?s=96&d=mm&r=g","url":"https:\/\/secure.gravatar.com\/avatar\/3ea2118a5f7dad2b7138b1187a6b7ee55f160b9968b66013c3a3ef39dd7e5798?s=96&d=mm&r=g","contentUrl":"https:\/\/secure.gravatar.com\/avatar\/3ea2118a5f7dad2b7138b1187a6b7ee55f160b9968b66013c3a3ef39dd7e5798?s=96&d=mm&r=g","caption":"Jeanette"},"sameAs":["https:\/\/www.eldiario.net\/portal"],"url":"https:\/\/www.eldiario.net\/portal\/author\/jeanette\/"}]}},"_links":{"self":[{"href":"https:\/\/www.eldiario.net\/portal\/wp-json\/wp\/v2\/posts\/208817","targetHints":{"allow":["GET"]}}],"collection":[{"href":"https:\/\/www.eldiario.net\/portal\/wp-json\/wp\/v2\/posts"}],"about":[{"href":"https:\/\/www.eldiario.net\/portal\/wp-json\/wp\/v2\/types\/post"}],"author":[{"embeddable":true,"href":"https:\/\/www.eldiario.net\/portal\/wp-json\/wp\/v2\/users\/1"}],"replies":[{"embeddable":true,"href":"https:\/\/www.eldiario.net\/portal\/wp-json\/wp\/v2\/comments?post=208817"}],"version-history":[{"count":1,"href":"https:\/\/www.eldiario.net\/portal\/wp-json\/wp\/v2\/posts\/208817\/revisions"}],"predecessor-version":[{"id":208819,"href":"https:\/\/www.eldiario.net\/portal\/wp-json\/wp\/v2\/posts\/208817\/revisions\/208819"}],"wp:featuredmedia":[{"embeddable":true,"href":"https:\/\/www.eldiario.net\/portal\/wp-json\/wp\/v2\/media\/208818"}],"wp:attachment":[{"href":"https:\/\/www.eldiario.net\/portal\/wp-json\/wp\/v2\/media?parent=208817"}],"wp:term":[{"taxonomy":"category","embeddable":true,"href":"https:\/\/www.eldiario.net\/portal\/wp-json\/wp\/v2\/categories?post=208817"},{"taxonomy":"post_tag","embeddable":true,"href":"https:\/\/www.eldiario.net\/portal\/wp-json\/wp\/v2\/tags?post=208817"}],"curies":[{"name":"wp","href":"https:\/\/api.w.org\/{rel}","templated":true}]}}