{"id":208812,"date":"2024-03-18T06:20:45","date_gmt":"2024-03-18T10:20:45","guid":{"rendered":"https:\/\/www.eldiario.net\/portal\/?p=208812"},"modified":"2024-03-18T06:20:45","modified_gmt":"2024-03-18T10:20:45","slug":"eeuu-anuncia-plan-para-evacuar-a-sus-ciudadanos-atrapados-en-haiti","status":"publish","type":"post","link":"https:\/\/www.eldiario.net\/portal\/2024\/03\/18\/eeuu-anuncia-plan-para-evacuar-a-sus-ciudadanos-atrapados-en-haiti\/","title":{"rendered":"EEUU anuncia plan para evacuar a  sus ciudadanos atrapados en Hait\u00ed"},"content":{"rendered":"<p>Estados Unidos organizar\u00e1 un vuelo ch\u00e1rter para evacuar a sus ciudadanos de Hait\u00ed, inform\u00f3 la embajada de Washington tras semanas de violencia de bandas criminales en el pa\u00eds caribe\u00f1o.<br \/>\nEl vuelo saldr\u00e1 de Cabo Haitiano, la segunda mayor ciudad de Hait\u00ed, ya que el aeropuerto de la capital, Puerto Pr\u00edncipe, permanece cerrado.<br \/>\n\u201cEstamos organizando un vuelo ch\u00e1rter para ciudadanos estadounidenses desde Cabo Haitiano a Estados Unidos, suponiendo que la situaci\u00f3n de seguridad en Cabo Haitiano se mantenga estable\u201d, inform\u00f3 la embajada.<br \/>\nLa delegaci\u00f3n diplom\u00e1tica no precis\u00f3 la fecha de la evacuaci\u00f3n y no estaba claro cu\u00e1ntos estadounidenses podr\u00e1n salir.<br \/>\nLa embajada advirti\u00f3 que el viaje por tierra desde Puerto Pr\u00edncipe a Cabo Haitiano es peligroso y aconsej\u00f3 a sus ciudadanos que consideren el vuelo solo si creen que pueden llegar con seguridad al aeropuerto de Cabo Haitiano.<br \/>\nAmbas ciudades est\u00e1n a 200 kil\u00f3metros.<br \/>\nESTALLIDO DE<br \/>\nVIOLENCIA<br \/>\nHait\u00ed es escenario de un estallido de violencia por parte de bandas criminales, que se aliaron para pedir la salida del primer ministro Ariel Henry, un dirigente impopular que no fue elegido por elecciones.<br \/>\nEl dirigente, en el poder desde el asesinato del presidente Jovenel Mo\u00efse en 2021, anunci\u00f3 su dimisi\u00f3n en la madrugada del \u00faltimo martes tras d\u00edas de presi\u00f3n internacional y local.<br \/>\nLa peque\u00f1a naci\u00f3n caribe\u00f1a aguarda ahora el nombramiento de un consejo presidencial de transici\u00f3n hasta que se celebren nuevas elecciones.<br \/>\nSeg\u00fan una propuesta supervisada por la Comunidad del Caribe (Caricom), un consejo presidencial de transici\u00f3n va a tomar las riendas del pa\u00eds hasta que se celebren nuevas elecciones.<br \/>\nEl grupo tendr\u00e1 siete miembros con derecho a voto, que representar\u00e1n a las principales fuerzas pol\u00edticas del pa\u00eds y al sector privado. Una vez formado tendr\u00e1 que elegir a un primer ministro interino y nombrar un gobierno \u201cinclusivo\u201d.<br \/>\nVarios de los partidos elegidos presentaron el nombre de su representante a la Caricom, indicaron varias fuentes a la AFP.<br \/>\nEn un primer momento, los miembros del Colectivo 21 de diciembre, el grupo de Ariel Henry, no se pusieron de acuerdo sobre un \u00fanico representante y designaron a tres. Pero mantienen conversaciones para un candidato de consenso, seg\u00fan fuentes cercanas a las negociaciones.<br \/>\nEl jefe de la diplomacia estadounidense, Antony Blinken, dijo que confiaba en que el Consejo viera la luz \u201cen los pr\u00f3ximos d\u00edas\u201d.<br \/>\nCAT\u00c1STROFE HUMANITARIA<br \/>\nA la espera de que avance la transici\u00f3n pol\u00edtica, Hait\u00ed sufre una inseguridad permanente. Y la misi\u00f3n internacional supervisada por la ONU, con polic\u00edas kenianos, suspendi\u00f3 su intervenci\u00f3n hasta la formaci\u00f3n de las nuevas autoridades.<br \/>\nLa poblaci\u00f3n, mientras tanto, paga las consecuencias de la violencia desatada. (Infobae\/Afp)<\/p>\n","protected":false},"excerpt":{"rendered":"<p>Estados Unidos organizar\u00e1 un vuelo ch\u00e1rter para evacuar a sus ciudadanos de Hait\u00ed, inform\u00f3 la embajada de Washington tras semanas de violencia de bandas criminales en el pa\u00eds caribe\u00f1o. El vuelo saldr\u00e1 de Cabo Haitiano, la segunda mayor ciudad de Hait\u00ed, ya que el aeropuerto de la capital, Puerto Pr\u00edncipe, permanece cerrado. \u201cEstamos organizando un [&hellip;]<\/p>\n","protected":false},"author":1,"featured_media":208813,"comment_status":"open","ping_status":"open","sticky":false,"template":"","format":"standard","meta":{"_acf_changed":false,"footnotes":""},"categories":[3],"tags":[],"class_list":["post-208812","post","type-post","status-publish","format-standard","has-post-thumbnail","category-internacional"],"acf":{"antetitulo":"El vuelo saldr\u00e1 de Cabo Haitiano"},"yoast_head":"<!-- This site is optimized with the Yoast SEO plugin v28.4 - https:\/\/yoast.com\/product\/yoast-seo-wordpress\/ -->\n<title>EEUU anuncia plan para evacuar a sus ciudadanos atrapados en Hait\u00ed - El Diario - Bolivia<\/title>\n<meta name=\"robots\" content=\"index, follow, max-snippet:-1, max-image-preview:large, max-video-preview:-1\" \/>\n<link rel=\"canonical\" href=\"https:\/\/www.eldiario.net\/portal\/2024\/03\/18\/eeuu-anuncia-plan-para-evacuar-a-sus-ciudadanos-atrapados-en-haiti\/\" \/>\n<meta property=\"og:locale\" content=\"es_ES\" \/>\n<meta property=\"og:type\" content=\"article\" \/>\n<meta property=\"og:title\" content=\"EEUU anuncia plan para evacuar a sus ciudadanos atrapados en Hait\u00ed - El Diario - Bolivia\" \/>\n<meta property=\"og:description\" content=\"Estados Unidos organizar\u00e1 un vuelo ch\u00e1rter para evacuar a sus ciudadanos de Hait\u00ed, inform\u00f3 la embajada de Washington tras semanas de violencia de bandas criminales en el pa\u00eds caribe\u00f1o. El vuelo saldr\u00e1 de Cabo Haitiano, la segunda mayor ciudad de Hait\u00ed, ya que el aeropuerto de la capital, Puerto Pr\u00edncipe, permanece cerrado. \u201cEstamos organizando un [&hellip;]\" \/>\n<meta property=\"og:url\" content=\"https:\/\/www.eldiario.net\/portal\/2024\/03\/18\/eeuu-anuncia-plan-para-evacuar-a-sus-ciudadanos-atrapados-en-haiti\/\" \/>\n<meta property=\"og:site_name\" content=\"El Diario - Bolivia\" \/>\n<meta property=\"article:publisher\" content=\"https:\/\/www.facebook.com\/eldiario.bolivia\/\" \/>\n<meta property=\"article:published_time\" content=\"2024-03-18T10:20:45+00:00\" \/>\n<meta property=\"og:image\" content=\"https:\/\/www.eldiario.net\/portal\/wp-content\/uploads\/2024\/03\/PLAN-scaled.jpg\" \/>\n\t<meta property=\"og:image:width\" content=\"2560\" \/>\n\t<meta property=\"og:image:height\" content=\"1706\" \/>\n\t<meta property=\"og:image:type\" content=\"image\/jpeg\" \/>\n<meta name=\"author\" content=\"Jeanette\" \/>\n<meta name=\"twitter:card\" content=\"summary_large_image\" \/>\n<meta name=\"twitter:creator\" content=\"@eldiario_net\" \/>\n<meta name=\"twitter:site\" content=\"@eldiario_net\" \/>\n<meta name=\"twitter:label1\" content=\"Escrito por\" \/>\n\t<meta name=\"twitter:data1\" content=\"Jeanette\" \/>\n\t<meta name=\"twitter:label2\" content=\"Tiempo de lectura\" \/>\n\t<meta name=\"twitter:data2\" content=\"2 minutos\" \/>\n<script type=\"application\/ld+json\" class=\"yoast-schema-graph\">{\"@context\":\"https:\\\/\\\/schema.org\",\"@graph\":[{\"@type\":\"Article\",\"@id\":\"https:\\\/\\\/www.eldiario.net\\\/portal\\\/2024\\\/03\\\/18\\\/eeuu-anuncia-plan-para-evacuar-a-sus-ciudadanos-atrapados-en-haiti\\\/#article\",\"isPartOf\":{\"@id\":\"https:\\\/\\\/www.eldiario.net\\\/portal\\\/2024\\\/03\\\/18\\\/eeuu-anuncia-plan-para-evacuar-a-sus-ciudadanos-atrapados-en-haiti\\\/\"},\"author\":{\"name\":\"Jeanette\",\"@id\":\"https:\\\/\\\/www.eldiario.net\\\/portal\\\/#\\\/schema\\\/person\\\/2c57cf2b7a7ae032e449e4c9b1019eac\"},\"headline\":\"EEUU anuncia plan para evacuar a sus ciudadanos atrapados en Hait\u00ed\",\"datePublished\":\"2024-03-18T10:20:45+00:00\",\"mainEntityOfPage\":{\"@id\":\"https:\\\/\\\/www.eldiario.net\\\/portal\\\/2024\\\/03\\\/18\\\/eeuu-anuncia-plan-para-evacuar-a-sus-ciudadanos-atrapados-en-haiti\\\/\"},\"wordCount\":478,\"commentCount\":0,\"publisher\":{\"@id\":\"https:\\\/\\\/www.eldiario.net\\\/portal\\\/#organization\"},\"image\":{\"@id\":\"https:\\\/\\\/www.eldiario.net\\\/portal\\\/2024\\\/03\\\/18\\\/eeuu-anuncia-plan-para-evacuar-a-sus-ciudadanos-atrapados-en-haiti\\\/#primaryimage\"},\"thumbnailUrl\":\"https:\\\/\\\/www.eldiario.net\\\/portal\\\/wp-content\\\/uploads\\\/2024\\\/03\\\/PLAN-scaled.jpg\",\"articleSection\":[\"Internacional\"],\"inLanguage\":\"es\",\"potentialAction\":[{\"@type\":\"CommentAction\",\"name\":\"Comment\",\"target\":[\"https:\\\/\\\/www.eldiario.net\\\/portal\\\/2024\\\/03\\\/18\\\/eeuu-anuncia-plan-para-evacuar-a-sus-ciudadanos-atrapados-en-haiti\\\/#respond\"]}]},{\"@type\":\"WebPage\",\"@id\":\"https:\\\/\\\/www.eldiario.net\\\/portal\\\/2024\\\/03\\\/18\\\/eeuu-anuncia-plan-para-evacuar-a-sus-ciudadanos-atrapados-en-haiti\\\/\",\"url\":\"https:\\\/\\\/www.eldiario.net\\\/portal\\\/2024\\\/03\\\/18\\\/eeuu-anuncia-plan-para-evacuar-a-sus-ciudadanos-atrapados-en-haiti\\\/\",\"name\":\"EEUU anuncia plan para evacuar a sus ciudadanos atrapados en Hait\u00ed - El Diario - Bolivia\",\"isPartOf\":{\"@id\":\"https:\\\/\\\/www.eldiario.net\\\/portal\\\/#website\"},\"primaryImageOfPage\":{\"@id\":\"https:\\\/\\\/www.eldiario.net\\\/portal\\\/2024\\\/03\\\/18\\\/eeuu-anuncia-plan-para-evacuar-a-sus-ciudadanos-atrapados-en-haiti\\\/#primaryimage\"},\"image\":{\"@id\":\"https:\\\/\\\/www.eldiario.net\\\/portal\\\/2024\\\/03\\\/18\\\/eeuu-anuncia-plan-para-evacuar-a-sus-ciudadanos-atrapados-en-haiti\\\/#primaryimage\"},\"thumbnailUrl\":\"https:\\\/\\\/www.eldiario.net\\\/portal\\\/wp-content\\\/uploads\\\/2024\\\/03\\\/PLAN-scaled.jpg\",\"datePublished\":\"2024-03-18T10:20:45+00:00\",\"breadcrumb\":{\"@id\":\"https:\\\/\\\/www.eldiario.net\\\/portal\\\/2024\\\/03\\\/18\\\/eeuu-anuncia-plan-para-evacuar-a-sus-ciudadanos-atrapados-en-haiti\\\/#breadcrumb\"},\"inLanguage\":\"es\",\"potentialAction\":[{\"@type\":\"ReadAction\",\"target\":[\"https:\\\/\\\/www.eldiario.net\\\/portal\\\/2024\\\/03\\\/18\\\/eeuu-anuncia-plan-para-evacuar-a-sus-ciudadanos-atrapados-en-haiti\\\/\"]}]},{\"@type\":\"ImageObject\",\"inLanguage\":\"es\",\"@id\":\"https:\\\/\\\/www.eldiario.net\\\/portal\\\/2024\\\/03\\\/18\\\/eeuu-anuncia-plan-para-evacuar-a-sus-ciudadanos-atrapados-en-haiti\\\/#primaryimage\",\"url\":\"https:\\\/\\\/www.eldiario.net\\\/portal\\\/wp-content\\\/uploads\\\/2024\\\/03\\\/PLAN-scaled.jpg\",\"contentUrl\":\"https:\\\/\\\/www.eldiario.net\\\/portal\\\/wp-content\\\/uploads\\\/2024\\\/03\\\/PLAN-scaled.jpg\",\"width\":2560,\"height\":1706,\"caption\":\"AUTORIDADES ASIGNADAS NO PRECISARON LA FECHA DE LA EVACUACI\u00d3N.\"},{\"@type\":\"BreadcrumbList\",\"@id\":\"https:\\\/\\\/www.eldiario.net\\\/portal\\\/2024\\\/03\\\/18\\\/eeuu-anuncia-plan-para-evacuar-a-sus-ciudadanos-atrapados-en-haiti\\\/#breadcrumb\",\"itemListElement\":[{\"@type\":\"ListItem\",\"position\":1,\"name\":\"Portada\",\"item\":\"https:\\\/\\\/www.eldiario.net\\\/portal\\\/\"},{\"@type\":\"ListItem\",\"position\":2,\"name\":\"EEUU anuncia plan para evacuar a sus ciudadanos atrapados en Hait\u00ed\"}]},{\"@type\":\"WebSite\",\"@id\":\"https:\\\/\\\/www.eldiario.net\\\/portal\\\/#website\",\"url\":\"https:\\\/\\\/www.eldiario.net\\\/portal\\\/\",\"name\":\"El Diario - Decano de la prensa nacional\",\"description\":\"El Diario - Decano de la prensa nacional\",\"publisher\":{\"@id\":\"https:\\\/\\\/www.eldiario.net\\\/portal\\\/#organization\"},\"potentialAction\":[{\"@type\":\"SearchAction\",\"target\":{\"@type\":\"EntryPoint\",\"urlTemplate\":\"https:\\\/\\\/www.eldiario.net\\\/portal\\\/?s={search_term_string}\"},\"query-input\":{\"@type\":\"PropertyValueSpecification\",\"valueRequired\":true,\"valueName\":\"search_term_string\"}}],\"inLanguage\":\"es\"},{\"@type\":\"Organization\",\"@id\":\"https:\\\/\\\/www.eldiario.net\\\/portal\\\/#organization\",\"name\":\"El Diario - Decano de la prensa nacional\",\"url\":\"https:\\\/\\\/www.eldiario.net\\\/portal\\\/\",\"logo\":{\"@type\":\"ImageObject\",\"inLanguage\":\"es\",\"@id\":\"https:\\\/\\\/www.eldiario.net\\\/portal\\\/#\\\/schema\\\/logo\\\/image\\\/\",\"url\":\"https:\\\/\\\/www.eldiario.net\\\/portal\\\/wp-content\\\/uploads\\\/2023\\\/07\\\/logo_ED.jpg\",\"contentUrl\":\"https:\\\/\\\/www.eldiario.net\\\/portal\\\/wp-content\\\/uploads\\\/2023\\\/07\\\/logo_ED.jpg\",\"width\":272,\"height\":52,\"caption\":\"El Diario - Decano de la prensa nacional\"},\"image\":{\"@id\":\"https:\\\/\\\/www.eldiario.net\\\/portal\\\/#\\\/schema\\\/logo\\\/image\\\/\"},\"sameAs\":[\"https:\\\/\\\/www.facebook.com\\\/eldiario.bolivia\\\/\",\"https:\\\/\\\/x.com\\\/eldiario_net\"]},{\"@type\":\"Person\",\"@id\":\"https:\\\/\\\/www.eldiario.net\\\/portal\\\/#\\\/schema\\\/person\\\/2c57cf2b7a7ae032e449e4c9b1019eac\",\"name\":\"Jeanette\",\"image\":{\"@type\":\"ImageObject\",\"inLanguage\":\"es\",\"@id\":\"https:\\\/\\\/secure.gravatar.com\\\/avatar\\\/3ea2118a5f7dad2b7138b1187a6b7ee55f160b9968b66013c3a3ef39dd7e5798?s=96&d=mm&r=g\",\"url\":\"https:\\\/\\\/secure.gravatar.com\\\/avatar\\\/3ea2118a5f7dad2b7138b1187a6b7ee55f160b9968b66013c3a3ef39dd7e5798?s=96&d=mm&r=g\",\"contentUrl\":\"https:\\\/\\\/secure.gravatar.com\\\/avatar\\\/3ea2118a5f7dad2b7138b1187a6b7ee55f160b9968b66013c3a3ef39dd7e5798?s=96&d=mm&r=g\",\"caption\":\"Jeanette\"},\"sameAs\":[\"https:\\\/\\\/www.eldiario.net\\\/portal\"],\"url\":\"https:\\\/\\\/www.eldiario.net\\\/portal\\\/author\\\/jeanette\\\/\"}]}<\/script>\n<!-- \/ Yoast SEO plugin. -->","yoast_head_json":{"title":"EEUU anuncia plan para evacuar a sus ciudadanos atrapados en Hait\u00ed - El Diario - Bolivia","robots":{"index":"index","follow":"follow","max-snippet":"max-snippet:-1","max-image-preview":"max-image-preview:large","max-video-preview":"max-video-preview:-1"},"canonical":"https:\/\/www.eldiario.net\/portal\/2024\/03\/18\/eeuu-anuncia-plan-para-evacuar-a-sus-ciudadanos-atrapados-en-haiti\/","og_locale":"es_ES","og_type":"article","og_title":"EEUU anuncia plan para evacuar a sus ciudadanos atrapados en Hait\u00ed - El Diario - Bolivia","og_description":"Estados Unidos organizar\u00e1 un vuelo ch\u00e1rter para evacuar a sus ciudadanos de Hait\u00ed, inform\u00f3 la embajada de Washington tras semanas de violencia de bandas criminales en el pa\u00eds caribe\u00f1o. El vuelo saldr\u00e1 de Cabo Haitiano, la segunda mayor ciudad de Hait\u00ed, ya que el aeropuerto de la capital, Puerto Pr\u00edncipe, permanece cerrado. \u201cEstamos organizando un [&hellip;]","og_url":"https:\/\/www.eldiario.net\/portal\/2024\/03\/18\/eeuu-anuncia-plan-para-evacuar-a-sus-ciudadanos-atrapados-en-haiti\/","og_site_name":"El Diario - Bolivia","article_publisher":"https:\/\/www.facebook.com\/eldiario.bolivia\/","article_published_time":"2024-03-18T10:20:45+00:00","og_image":[{"width":2560,"height":1706,"url":"https:\/\/www.eldiario.net\/portal\/wp-content\/uploads\/2024\/03\/PLAN-scaled.jpg","type":"image\/jpeg"}],"author":"Jeanette","twitter_card":"summary_large_image","twitter_creator":"@eldiario_net","twitter_site":"@eldiario_net","twitter_misc":{"Escrito por":"Jeanette","Tiempo de lectura":"2 minutos"},"schema":{"@context":"https:\/\/schema.org","@graph":[{"@type":"Article","@id":"https:\/\/www.eldiario.net\/portal\/2024\/03\/18\/eeuu-anuncia-plan-para-evacuar-a-sus-ciudadanos-atrapados-en-haiti\/#article","isPartOf":{"@id":"https:\/\/www.eldiario.net\/portal\/2024\/03\/18\/eeuu-anuncia-plan-para-evacuar-a-sus-ciudadanos-atrapados-en-haiti\/"},"author":{"name":"Jeanette","@id":"https:\/\/www.eldiario.net\/portal\/#\/schema\/person\/2c57cf2b7a7ae032e449e4c9b1019eac"},"headline":"EEUU anuncia plan para evacuar a sus ciudadanos atrapados en Hait\u00ed","datePublished":"2024-03-18T10:20:45+00:00","mainEntityOfPage":{"@id":"https:\/\/www.eldiario.net\/portal\/2024\/03\/18\/eeuu-anuncia-plan-para-evacuar-a-sus-ciudadanos-atrapados-en-haiti\/"},"wordCount":478,"commentCount":0,"publisher":{"@id":"https:\/\/www.eldiario.net\/portal\/#organization"},"image":{"@id":"https:\/\/www.eldiario.net\/portal\/2024\/03\/18\/eeuu-anuncia-plan-para-evacuar-a-sus-ciudadanos-atrapados-en-haiti\/#primaryimage"},"thumbnailUrl":"https:\/\/www.eldiario.net\/portal\/wp-content\/uploads\/2024\/03\/PLAN-scaled.jpg","articleSection":["Internacional"],"inLanguage":"es","potentialAction":[{"@type":"CommentAction","name":"Comment","target":["https:\/\/www.eldiario.net\/portal\/2024\/03\/18\/eeuu-anuncia-plan-para-evacuar-a-sus-ciudadanos-atrapados-en-haiti\/#respond"]}]},{"@type":"WebPage","@id":"https:\/\/www.eldiario.net\/portal\/2024\/03\/18\/eeuu-anuncia-plan-para-evacuar-a-sus-ciudadanos-atrapados-en-haiti\/","url":"https:\/\/www.eldiario.net\/portal\/2024\/03\/18\/eeuu-anuncia-plan-para-evacuar-a-sus-ciudadanos-atrapados-en-haiti\/","name":"EEUU anuncia plan para evacuar a sus ciudadanos atrapados en Hait\u00ed - El Diario - Bolivia","isPartOf":{"@id":"https:\/\/www.eldiario.net\/portal\/#website"},"primaryImageOfPage":{"@id":"https:\/\/www.eldiario.net\/portal\/2024\/03\/18\/eeuu-anuncia-plan-para-evacuar-a-sus-ciudadanos-atrapados-en-haiti\/#primaryimage"},"image":{"@id":"https:\/\/www.eldiario.net\/portal\/2024\/03\/18\/eeuu-anuncia-plan-para-evacuar-a-sus-ciudadanos-atrapados-en-haiti\/#primaryimage"},"thumbnailUrl":"https:\/\/www.eldiario.net\/portal\/wp-content\/uploads\/2024\/03\/PLAN-scaled.jpg","datePublished":"2024-03-18T10:20:45+00:00","breadcrumb":{"@id":"https:\/\/www.eldiario.net\/portal\/2024\/03\/18\/eeuu-anuncia-plan-para-evacuar-a-sus-ciudadanos-atrapados-en-haiti\/#breadcrumb"},"inLanguage":"es","potentialAction":[{"@type":"ReadAction","target":["https:\/\/www.eldiario.net\/portal\/2024\/03\/18\/eeuu-anuncia-plan-para-evacuar-a-sus-ciudadanos-atrapados-en-haiti\/"]}]},{"@type":"ImageObject","inLanguage":"es","@id":"https:\/\/www.eldiario.net\/portal\/2024\/03\/18\/eeuu-anuncia-plan-para-evacuar-a-sus-ciudadanos-atrapados-en-haiti\/#primaryimage","url":"https:\/\/www.eldiario.net\/portal\/wp-content\/uploads\/2024\/03\/PLAN-scaled.jpg","contentUrl":"https:\/\/www.eldiario.net\/portal\/wp-content\/uploads\/2024\/03\/PLAN-scaled.jpg","width":2560,"height":1706,"caption":"AUTORIDADES ASIGNADAS NO PRECISARON LA FECHA DE LA EVACUACI\u00d3N."},{"@type":"BreadcrumbList","@id":"https:\/\/www.eldiario.net\/portal\/2024\/03\/18\/eeuu-anuncia-plan-para-evacuar-a-sus-ciudadanos-atrapados-en-haiti\/#breadcrumb","itemListElement":[{"@type":"ListItem","position":1,"name":"Portada","item":"https:\/\/www.eldiario.net\/portal\/"},{"@type":"ListItem","position":2,"name":"EEUU anuncia plan para evacuar a sus ciudadanos atrapados en Hait\u00ed"}]},{"@type":"WebSite","@id":"https:\/\/www.eldiario.net\/portal\/#website","url":"https:\/\/www.eldiario.net\/portal\/","name":"El Diario - Decano de la prensa nacional","description":"El Diario - Decano de la prensa nacional","publisher":{"@id":"https:\/\/www.eldiario.net\/portal\/#organization"},"potentialAction":[{"@type":"SearchAction","target":{"@type":"EntryPoint","urlTemplate":"https:\/\/www.eldiario.net\/portal\/?s={search_term_string}"},"query-input":{"@type":"PropertyValueSpecification","valueRequired":true,"valueName":"search_term_string"}}],"inLanguage":"es"},{"@type":"Organization","@id":"https:\/\/www.eldiario.net\/portal\/#organization","name":"El Diario - Decano de la prensa nacional","url":"https:\/\/www.eldiario.net\/portal\/","logo":{"@type":"ImageObject","inLanguage":"es","@id":"https:\/\/www.eldiario.net\/portal\/#\/schema\/logo\/image\/","url":"https:\/\/www.eldiario.net\/portal\/wp-content\/uploads\/2023\/07\/logo_ED.jpg","contentUrl":"https:\/\/www.eldiario.net\/portal\/wp-content\/uploads\/2023\/07\/logo_ED.jpg","width":272,"height":52,"caption":"El Diario - Decano de la prensa nacional"},"image":{"@id":"https:\/\/www.eldiario.net\/portal\/#\/schema\/logo\/image\/"},"sameAs":["https:\/\/www.facebook.com\/eldiario.bolivia\/","https:\/\/x.com\/eldiario_net"]},{"@type":"Person","@id":"https:\/\/www.eldiario.net\/portal\/#\/schema\/person\/2c57cf2b7a7ae032e449e4c9b1019eac","name":"Jeanette","image":{"@type":"ImageObject","inLanguage":"es","@id":"https:\/\/secure.gravatar.com\/avatar\/3ea2118a5f7dad2b7138b1187a6b7ee55f160b9968b66013c3a3ef39dd7e5798?s=96&d=mm&r=g","url":"https:\/\/secure.gravatar.com\/avatar\/3ea2118a5f7dad2b7138b1187a6b7ee55f160b9968b66013c3a3ef39dd7e5798?s=96&d=mm&r=g","contentUrl":"https:\/\/secure.gravatar.com\/avatar\/3ea2118a5f7dad2b7138b1187a6b7ee55f160b9968b66013c3a3ef39dd7e5798?s=96&d=mm&r=g","caption":"Jeanette"},"sameAs":["https:\/\/www.eldiario.net\/portal"],"url":"https:\/\/www.eldiario.net\/portal\/author\/jeanette\/"}]}},"_links":{"self":[{"href":"https:\/\/www.eldiario.net\/portal\/wp-json\/wp\/v2\/posts\/208812","targetHints":{"allow":["GET"]}}],"collection":[{"href":"https:\/\/www.eldiario.net\/portal\/wp-json\/wp\/v2\/posts"}],"about":[{"href":"https:\/\/www.eldiario.net\/portal\/wp-json\/wp\/v2\/types\/post"}],"author":[{"embeddable":true,"href":"https:\/\/www.eldiario.net\/portal\/wp-json\/wp\/v2\/users\/1"}],"replies":[{"embeddable":true,"href":"https:\/\/www.eldiario.net\/portal\/wp-json\/wp\/v2\/comments?post=208812"}],"version-history":[{"count":1,"href":"https:\/\/www.eldiario.net\/portal\/wp-json\/wp\/v2\/posts\/208812\/revisions"}],"predecessor-version":[{"id":208814,"href":"https:\/\/www.eldiario.net\/portal\/wp-json\/wp\/v2\/posts\/208812\/revisions\/208814"}],"wp:featuredmedia":[{"embeddable":true,"href":"https:\/\/www.eldiario.net\/portal\/wp-json\/wp\/v2\/media\/208813"}],"wp:attachment":[{"href":"https:\/\/www.eldiario.net\/portal\/wp-json\/wp\/v2\/media?parent=208812"}],"wp:term":[{"taxonomy":"category","embeddable":true,"href":"https:\/\/www.eldiario.net\/portal\/wp-json\/wp\/v2\/categories?post=208812"},{"taxonomy":"post_tag","embeddable":true,"href":"https:\/\/www.eldiario.net\/portal\/wp-json\/wp\/v2\/tags?post=208812"}],"curies":[{"name":"wp","href":"https:\/\/api.w.org\/{rel}","templated":true}]}}