{"id":208634,"date":"2024-03-17T06:56:47","date_gmt":"2024-03-17T10:56:47","guid":{"rendered":"https:\/\/www.eldiario.net\/portal\/?p=208634"},"modified":"2024-03-17T06:56:47","modified_gmt":"2024-03-17T10:56:47","slug":"instalacion-de-colector-tiene-un-avance-del-30","status":"publish","type":"post","link":"https:\/\/www.eldiario.net\/portal\/2024\/03\/17\/instalacion-de-colector-tiene-un-avance-del-30\/","title":{"rendered":"Instalaci\u00f3n de colector tiene un avance del 30%"},"content":{"rendered":"<p>La instalaci\u00f3n del colector de la avenida 6 de Agosto tiene un avance del 30%, inform\u00f3 el jefe de la Unidad de Gesti\u00f3n de Riesgos (UGR) de la comuna cochabambina, Dennis Rosales.<br \/>\nEl trabajo consiste en la instalaci\u00f3n de doble tuber\u00eda de 1.5 kil\u00f3metros de longitud y sumados tres, el cual se extender\u00e1 desde la avenida Cabildo hasta el r\u00edo Rocha. Manifest\u00f3 que de acuerdo al cronograma se prev\u00e9n culminar las labores en un plazo de 30 d\u00edas.<br \/>\n\u201cLa instalaci\u00f3n permitir\u00e1 captar el agua que llegue a la Av. 6 de Agosto, evitando que baje a la OTB Jaihuayco o Base A\u00e9rea que han sufrido mucho por las inundaciones. El colector llevar\u00e1 el agua al r\u00edo Rocha, evitando anegamiento de calles o viviendas\u201d, expres\u00f3 Rosales.<br \/>\nAsimismo, asegur\u00f3 que se intensific\u00f3 el trabajo para concluirlo en el plazo establecido y as\u00ed habilitar el carril norte. \u201cEstamos con 50 personas, excavadoras, retroexcavadoras y volquetas de d\u00eda y noche, s\u00e1bados y domingos para culminar pronto el trabajo y liberar esta v\u00eda que es tan importante\u201d, agreg\u00f3. (Cochabamba, agencias)<\/p>\n","protected":false},"excerpt":{"rendered":"<p>La instalaci\u00f3n del colector de la avenida 6 de Agosto tiene un avance del 30%, inform\u00f3 el jefe de la Unidad de Gesti\u00f3n de Riesgos (UGR) de la comuna cochabambina, Dennis Rosales. El trabajo consiste en la instalaci\u00f3n de doble tuber\u00eda de 1.5 kil\u00f3metros de longitud y sumados tres, el cual se extender\u00e1 desde la [&hellip;]<\/p>\n","protected":false},"author":1,"featured_media":194726,"comment_status":"open","ping_status":"open","sticky":false,"template":"","format":"standard","meta":{"_acf_changed":false,"footnotes":""},"categories":[12],"tags":[],"class_list":["post-208634","post","type-post","status-publish","format-standard","has-post-thumbnail","category-nacional"],"acf":{"antetitulo":"Cochabamba"},"yoast_head":"<!-- This site is optimized with the Yoast SEO plugin v28.4 - https:\/\/yoast.com\/product\/yoast-seo-wordpress\/ -->\n<title>Instalaci\u00f3n de colector tiene un avance del 30% - El Diario - Bolivia<\/title>\n<meta name=\"robots\" content=\"index, follow, max-snippet:-1, max-image-preview:large, max-video-preview:-1\" \/>\n<link rel=\"canonical\" href=\"https:\/\/www.eldiario.net\/portal\/2024\/03\/17\/instalacion-de-colector-tiene-un-avance-del-30\/\" \/>\n<meta property=\"og:locale\" content=\"es_ES\" \/>\n<meta property=\"og:type\" content=\"article\" \/>\n<meta property=\"og:title\" content=\"Instalaci\u00f3n de colector tiene un avance del 30% - El Diario - Bolivia\" \/>\n<meta property=\"og:description\" content=\"La instalaci\u00f3n del colector de la avenida 6 de Agosto tiene un avance del 30%, inform\u00f3 el jefe de la Unidad de Gesti\u00f3n de Riesgos (UGR) de la comuna cochabambina, Dennis Rosales. El trabajo consiste en la instalaci\u00f3n de doble tuber\u00eda de 1.5 kil\u00f3metros de longitud y sumados tres, el cual se extender\u00e1 desde la [&hellip;]\" \/>\n<meta property=\"og:url\" content=\"https:\/\/www.eldiario.net\/portal\/2024\/03\/17\/instalacion-de-colector-tiene-un-avance-del-30\/\" \/>\n<meta property=\"og:site_name\" content=\"El Diario - Bolivia\" \/>\n<meta property=\"article:publisher\" content=\"https:\/\/www.facebook.com\/eldiario.bolivia\/\" \/>\n<meta property=\"article:published_time\" content=\"2024-03-17T10:56:47+00:00\" \/>\n<meta property=\"og:image\" content=\"https:\/\/www.eldiario.net\/portal\/wp-content\/uploads\/2023\/12\/Nacional.jpg\" \/>\n\t<meta property=\"og:image:width\" content=\"800\" \/>\n\t<meta property=\"og:image:height\" content=\"500\" \/>\n\t<meta property=\"og:image:type\" content=\"image\/jpeg\" \/>\n<meta name=\"author\" content=\"Jeanette\" \/>\n<meta name=\"twitter:card\" content=\"summary_large_image\" \/>\n<meta name=\"twitter:creator\" content=\"@eldiario_net\" \/>\n<meta name=\"twitter:site\" content=\"@eldiario_net\" \/>\n<meta name=\"twitter:label1\" content=\"Escrito por\" \/>\n\t<meta name=\"twitter:data1\" content=\"Jeanette\" \/>\n\t<meta name=\"twitter:label2\" content=\"Tiempo de lectura\" \/>\n\t<meta name=\"twitter:data2\" content=\"2 minutos\" \/>\n<script type=\"application\/ld+json\" class=\"yoast-schema-graph\">{\"@context\":\"https:\\\/\\\/schema.org\",\"@graph\":[{\"@type\":\"Article\",\"@id\":\"https:\\\/\\\/www.eldiario.net\\\/portal\\\/2024\\\/03\\\/17\\\/instalacion-de-colector-tiene-un-avance-del-30\\\/#article\",\"isPartOf\":{\"@id\":\"https:\\\/\\\/www.eldiario.net\\\/portal\\\/2024\\\/03\\\/17\\\/instalacion-de-colector-tiene-un-avance-del-30\\\/\"},\"author\":{\"name\":\"Jeanette\",\"@id\":\"https:\\\/\\\/www.eldiario.net\\\/portal\\\/#\\\/schema\\\/person\\\/2c57cf2b7a7ae032e449e4c9b1019eac\"},\"headline\":\"Instalaci\u00f3n de colector tiene un avance del 30%\",\"datePublished\":\"2024-03-17T10:56:47+00:00\",\"mainEntityOfPage\":{\"@id\":\"https:\\\/\\\/www.eldiario.net\\\/portal\\\/2024\\\/03\\\/17\\\/instalacion-de-colector-tiene-un-avance-del-30\\\/\"},\"wordCount\":191,\"commentCount\":0,\"publisher\":{\"@id\":\"https:\\\/\\\/www.eldiario.net\\\/portal\\\/#organization\"},\"image\":{\"@id\":\"https:\\\/\\\/www.eldiario.net\\\/portal\\\/2024\\\/03\\\/17\\\/instalacion-de-colector-tiene-un-avance-del-30\\\/#primaryimage\"},\"thumbnailUrl\":\"https:\\\/\\\/www.eldiario.net\\\/portal\\\/wp-content\\\/uploads\\\/2023\\\/12\\\/Nacional.jpg\",\"articleSection\":[\"Nacional\"],\"inLanguage\":\"es\",\"potentialAction\":[{\"@type\":\"CommentAction\",\"name\":\"Comment\",\"target\":[\"https:\\\/\\\/www.eldiario.net\\\/portal\\\/2024\\\/03\\\/17\\\/instalacion-de-colector-tiene-un-avance-del-30\\\/#respond\"]}]},{\"@type\":\"WebPage\",\"@id\":\"https:\\\/\\\/www.eldiario.net\\\/portal\\\/2024\\\/03\\\/17\\\/instalacion-de-colector-tiene-un-avance-del-30\\\/\",\"url\":\"https:\\\/\\\/www.eldiario.net\\\/portal\\\/2024\\\/03\\\/17\\\/instalacion-de-colector-tiene-un-avance-del-30\\\/\",\"name\":\"Instalaci\u00f3n de colector tiene un avance del 30% - El Diario - Bolivia\",\"isPartOf\":{\"@id\":\"https:\\\/\\\/www.eldiario.net\\\/portal\\\/#website\"},\"primaryImageOfPage\":{\"@id\":\"https:\\\/\\\/www.eldiario.net\\\/portal\\\/2024\\\/03\\\/17\\\/instalacion-de-colector-tiene-un-avance-del-30\\\/#primaryimage\"},\"image\":{\"@id\":\"https:\\\/\\\/www.eldiario.net\\\/portal\\\/2024\\\/03\\\/17\\\/instalacion-de-colector-tiene-un-avance-del-30\\\/#primaryimage\"},\"thumbnailUrl\":\"https:\\\/\\\/www.eldiario.net\\\/portal\\\/wp-content\\\/uploads\\\/2023\\\/12\\\/Nacional.jpg\",\"datePublished\":\"2024-03-17T10:56:47+00:00\",\"breadcrumb\":{\"@id\":\"https:\\\/\\\/www.eldiario.net\\\/portal\\\/2024\\\/03\\\/17\\\/instalacion-de-colector-tiene-un-avance-del-30\\\/#breadcrumb\"},\"inLanguage\":\"es\",\"potentialAction\":[{\"@type\":\"ReadAction\",\"target\":[\"https:\\\/\\\/www.eldiario.net\\\/portal\\\/2024\\\/03\\\/17\\\/instalacion-de-colector-tiene-un-avance-del-30\\\/\"]}]},{\"@type\":\"ImageObject\",\"inLanguage\":\"es\",\"@id\":\"https:\\\/\\\/www.eldiario.net\\\/portal\\\/2024\\\/03\\\/17\\\/instalacion-de-colector-tiene-un-avance-del-30\\\/#primaryimage\",\"url\":\"https:\\\/\\\/www.eldiario.net\\\/portal\\\/wp-content\\\/uploads\\\/2023\\\/12\\\/Nacional.jpg\",\"contentUrl\":\"https:\\\/\\\/www.eldiario.net\\\/portal\\\/wp-content\\\/uploads\\\/2023\\\/12\\\/Nacional.jpg\",\"width\":800,\"height\":500},{\"@type\":\"BreadcrumbList\",\"@id\":\"https:\\\/\\\/www.eldiario.net\\\/portal\\\/2024\\\/03\\\/17\\\/instalacion-de-colector-tiene-un-avance-del-30\\\/#breadcrumb\",\"itemListElement\":[{\"@type\":\"ListItem\",\"position\":1,\"name\":\"Portada\",\"item\":\"https:\\\/\\\/www.eldiario.net\\\/portal\\\/\"},{\"@type\":\"ListItem\",\"position\":2,\"name\":\"Instalaci\u00f3n de colector tiene un avance del 30%\"}]},{\"@type\":\"WebSite\",\"@id\":\"https:\\\/\\\/www.eldiario.net\\\/portal\\\/#website\",\"url\":\"https:\\\/\\\/www.eldiario.net\\\/portal\\\/\",\"name\":\"El Diario - Decano de la prensa nacional\",\"description\":\"El Diario - Decano de la prensa nacional\",\"publisher\":{\"@id\":\"https:\\\/\\\/www.eldiario.net\\\/portal\\\/#organization\"},\"potentialAction\":[{\"@type\":\"SearchAction\",\"target\":{\"@type\":\"EntryPoint\",\"urlTemplate\":\"https:\\\/\\\/www.eldiario.net\\\/portal\\\/?s={search_term_string}\"},\"query-input\":{\"@type\":\"PropertyValueSpecification\",\"valueRequired\":true,\"valueName\":\"search_term_string\"}}],\"inLanguage\":\"es\"},{\"@type\":\"Organization\",\"@id\":\"https:\\\/\\\/www.eldiario.net\\\/portal\\\/#organization\",\"name\":\"El Diario - Decano de la prensa nacional\",\"url\":\"https:\\\/\\\/www.eldiario.net\\\/portal\\\/\",\"logo\":{\"@type\":\"ImageObject\",\"inLanguage\":\"es\",\"@id\":\"https:\\\/\\\/www.eldiario.net\\\/portal\\\/#\\\/schema\\\/logo\\\/image\\\/\",\"url\":\"https:\\\/\\\/www.eldiario.net\\\/portal\\\/wp-content\\\/uploads\\\/2023\\\/07\\\/logo_ED.jpg\",\"contentUrl\":\"https:\\\/\\\/www.eldiario.net\\\/portal\\\/wp-content\\\/uploads\\\/2023\\\/07\\\/logo_ED.jpg\",\"width\":272,\"height\":52,\"caption\":\"El Diario - Decano de la prensa nacional\"},\"image\":{\"@id\":\"https:\\\/\\\/www.eldiario.net\\\/portal\\\/#\\\/schema\\\/logo\\\/image\\\/\"},\"sameAs\":[\"https:\\\/\\\/www.facebook.com\\\/eldiario.bolivia\\\/\",\"https:\\\/\\\/x.com\\\/eldiario_net\"]},{\"@type\":\"Person\",\"@id\":\"https:\\\/\\\/www.eldiario.net\\\/portal\\\/#\\\/schema\\\/person\\\/2c57cf2b7a7ae032e449e4c9b1019eac\",\"name\":\"Jeanette\",\"image\":{\"@type\":\"ImageObject\",\"inLanguage\":\"es\",\"@id\":\"https:\\\/\\\/secure.gravatar.com\\\/avatar\\\/3ea2118a5f7dad2b7138b1187a6b7ee55f160b9968b66013c3a3ef39dd7e5798?s=96&d=mm&r=g\",\"url\":\"https:\\\/\\\/secure.gravatar.com\\\/avatar\\\/3ea2118a5f7dad2b7138b1187a6b7ee55f160b9968b66013c3a3ef39dd7e5798?s=96&d=mm&r=g\",\"contentUrl\":\"https:\\\/\\\/secure.gravatar.com\\\/avatar\\\/3ea2118a5f7dad2b7138b1187a6b7ee55f160b9968b66013c3a3ef39dd7e5798?s=96&d=mm&r=g\",\"caption\":\"Jeanette\"},\"sameAs\":[\"https:\\\/\\\/www.eldiario.net\\\/portal\"],\"url\":\"https:\\\/\\\/www.eldiario.net\\\/portal\\\/author\\\/jeanette\\\/\"}]}<\/script>\n<!-- \/ Yoast SEO plugin. -->","yoast_head_json":{"title":"Instalaci\u00f3n de colector tiene un avance del 30% - El Diario - Bolivia","robots":{"index":"index","follow":"follow","max-snippet":"max-snippet:-1","max-image-preview":"max-image-preview:large","max-video-preview":"max-video-preview:-1"},"canonical":"https:\/\/www.eldiario.net\/portal\/2024\/03\/17\/instalacion-de-colector-tiene-un-avance-del-30\/","og_locale":"es_ES","og_type":"article","og_title":"Instalaci\u00f3n de colector tiene un avance del 30% - El Diario - Bolivia","og_description":"La instalaci\u00f3n del colector de la avenida 6 de Agosto tiene un avance del 30%, inform\u00f3 el jefe de la Unidad de Gesti\u00f3n de Riesgos (UGR) de la comuna cochabambina, Dennis Rosales. El trabajo consiste en la instalaci\u00f3n de doble tuber\u00eda de 1.5 kil\u00f3metros de longitud y sumados tres, el cual se extender\u00e1 desde la [&hellip;]","og_url":"https:\/\/www.eldiario.net\/portal\/2024\/03\/17\/instalacion-de-colector-tiene-un-avance-del-30\/","og_site_name":"El Diario - Bolivia","article_publisher":"https:\/\/www.facebook.com\/eldiario.bolivia\/","article_published_time":"2024-03-17T10:56:47+00:00","og_image":[{"width":800,"height":500,"url":"https:\/\/www.eldiario.net\/portal\/wp-content\/uploads\/2023\/12\/Nacional.jpg","type":"image\/jpeg"}],"author":"Jeanette","twitter_card":"summary_large_image","twitter_creator":"@eldiario_net","twitter_site":"@eldiario_net","twitter_misc":{"Escrito por":"Jeanette","Tiempo de lectura":"2 minutos"},"schema":{"@context":"https:\/\/schema.org","@graph":[{"@type":"Article","@id":"https:\/\/www.eldiario.net\/portal\/2024\/03\/17\/instalacion-de-colector-tiene-un-avance-del-30\/#article","isPartOf":{"@id":"https:\/\/www.eldiario.net\/portal\/2024\/03\/17\/instalacion-de-colector-tiene-un-avance-del-30\/"},"author":{"name":"Jeanette","@id":"https:\/\/www.eldiario.net\/portal\/#\/schema\/person\/2c57cf2b7a7ae032e449e4c9b1019eac"},"headline":"Instalaci\u00f3n de colector tiene un avance del 30%","datePublished":"2024-03-17T10:56:47+00:00","mainEntityOfPage":{"@id":"https:\/\/www.eldiario.net\/portal\/2024\/03\/17\/instalacion-de-colector-tiene-un-avance-del-30\/"},"wordCount":191,"commentCount":0,"publisher":{"@id":"https:\/\/www.eldiario.net\/portal\/#organization"},"image":{"@id":"https:\/\/www.eldiario.net\/portal\/2024\/03\/17\/instalacion-de-colector-tiene-un-avance-del-30\/#primaryimage"},"thumbnailUrl":"https:\/\/www.eldiario.net\/portal\/wp-content\/uploads\/2023\/12\/Nacional.jpg","articleSection":["Nacional"],"inLanguage":"es","potentialAction":[{"@type":"CommentAction","name":"Comment","target":["https:\/\/www.eldiario.net\/portal\/2024\/03\/17\/instalacion-de-colector-tiene-un-avance-del-30\/#respond"]}]},{"@type":"WebPage","@id":"https:\/\/www.eldiario.net\/portal\/2024\/03\/17\/instalacion-de-colector-tiene-un-avance-del-30\/","url":"https:\/\/www.eldiario.net\/portal\/2024\/03\/17\/instalacion-de-colector-tiene-un-avance-del-30\/","name":"Instalaci\u00f3n de colector tiene un avance del 30% - El Diario - Bolivia","isPartOf":{"@id":"https:\/\/www.eldiario.net\/portal\/#website"},"primaryImageOfPage":{"@id":"https:\/\/www.eldiario.net\/portal\/2024\/03\/17\/instalacion-de-colector-tiene-un-avance-del-30\/#primaryimage"},"image":{"@id":"https:\/\/www.eldiario.net\/portal\/2024\/03\/17\/instalacion-de-colector-tiene-un-avance-del-30\/#primaryimage"},"thumbnailUrl":"https:\/\/www.eldiario.net\/portal\/wp-content\/uploads\/2023\/12\/Nacional.jpg","datePublished":"2024-03-17T10:56:47+00:00","breadcrumb":{"@id":"https:\/\/www.eldiario.net\/portal\/2024\/03\/17\/instalacion-de-colector-tiene-un-avance-del-30\/#breadcrumb"},"inLanguage":"es","potentialAction":[{"@type":"ReadAction","target":["https:\/\/www.eldiario.net\/portal\/2024\/03\/17\/instalacion-de-colector-tiene-un-avance-del-30\/"]}]},{"@type":"ImageObject","inLanguage":"es","@id":"https:\/\/www.eldiario.net\/portal\/2024\/03\/17\/instalacion-de-colector-tiene-un-avance-del-30\/#primaryimage","url":"https:\/\/www.eldiario.net\/portal\/wp-content\/uploads\/2023\/12\/Nacional.jpg","contentUrl":"https:\/\/www.eldiario.net\/portal\/wp-content\/uploads\/2023\/12\/Nacional.jpg","width":800,"height":500},{"@type":"BreadcrumbList","@id":"https:\/\/www.eldiario.net\/portal\/2024\/03\/17\/instalacion-de-colector-tiene-un-avance-del-30\/#breadcrumb","itemListElement":[{"@type":"ListItem","position":1,"name":"Portada","item":"https:\/\/www.eldiario.net\/portal\/"},{"@type":"ListItem","position":2,"name":"Instalaci\u00f3n de colector tiene un avance del 30%"}]},{"@type":"WebSite","@id":"https:\/\/www.eldiario.net\/portal\/#website","url":"https:\/\/www.eldiario.net\/portal\/","name":"El Diario - Decano de la prensa nacional","description":"El Diario - Decano de la prensa nacional","publisher":{"@id":"https:\/\/www.eldiario.net\/portal\/#organization"},"potentialAction":[{"@type":"SearchAction","target":{"@type":"EntryPoint","urlTemplate":"https:\/\/www.eldiario.net\/portal\/?s={search_term_string}"},"query-input":{"@type":"PropertyValueSpecification","valueRequired":true,"valueName":"search_term_string"}}],"inLanguage":"es"},{"@type":"Organization","@id":"https:\/\/www.eldiario.net\/portal\/#organization","name":"El Diario - Decano de la prensa nacional","url":"https:\/\/www.eldiario.net\/portal\/","logo":{"@type":"ImageObject","inLanguage":"es","@id":"https:\/\/www.eldiario.net\/portal\/#\/schema\/logo\/image\/","url":"https:\/\/www.eldiario.net\/portal\/wp-content\/uploads\/2023\/07\/logo_ED.jpg","contentUrl":"https:\/\/www.eldiario.net\/portal\/wp-content\/uploads\/2023\/07\/logo_ED.jpg","width":272,"height":52,"caption":"El Diario - Decano de la prensa nacional"},"image":{"@id":"https:\/\/www.eldiario.net\/portal\/#\/schema\/logo\/image\/"},"sameAs":["https:\/\/www.facebook.com\/eldiario.bolivia\/","https:\/\/x.com\/eldiario_net"]},{"@type":"Person","@id":"https:\/\/www.eldiario.net\/portal\/#\/schema\/person\/2c57cf2b7a7ae032e449e4c9b1019eac","name":"Jeanette","image":{"@type":"ImageObject","inLanguage":"es","@id":"https:\/\/secure.gravatar.com\/avatar\/3ea2118a5f7dad2b7138b1187a6b7ee55f160b9968b66013c3a3ef39dd7e5798?s=96&d=mm&r=g","url":"https:\/\/secure.gravatar.com\/avatar\/3ea2118a5f7dad2b7138b1187a6b7ee55f160b9968b66013c3a3ef39dd7e5798?s=96&d=mm&r=g","contentUrl":"https:\/\/secure.gravatar.com\/avatar\/3ea2118a5f7dad2b7138b1187a6b7ee55f160b9968b66013c3a3ef39dd7e5798?s=96&d=mm&r=g","caption":"Jeanette"},"sameAs":["https:\/\/www.eldiario.net\/portal"],"url":"https:\/\/www.eldiario.net\/portal\/author\/jeanette\/"}]}},"_links":{"self":[{"href":"https:\/\/www.eldiario.net\/portal\/wp-json\/wp\/v2\/posts\/208634","targetHints":{"allow":["GET"]}}],"collection":[{"href":"https:\/\/www.eldiario.net\/portal\/wp-json\/wp\/v2\/posts"}],"about":[{"href":"https:\/\/www.eldiario.net\/portal\/wp-json\/wp\/v2\/types\/post"}],"author":[{"embeddable":true,"href":"https:\/\/www.eldiario.net\/portal\/wp-json\/wp\/v2\/users\/1"}],"replies":[{"embeddable":true,"href":"https:\/\/www.eldiario.net\/portal\/wp-json\/wp\/v2\/comments?post=208634"}],"version-history":[{"count":1,"href":"https:\/\/www.eldiario.net\/portal\/wp-json\/wp\/v2\/posts\/208634\/revisions"}],"predecessor-version":[{"id":208635,"href":"https:\/\/www.eldiario.net\/portal\/wp-json\/wp\/v2\/posts\/208634\/revisions\/208635"}],"wp:featuredmedia":[{"embeddable":true,"href":"https:\/\/www.eldiario.net\/portal\/wp-json\/wp\/v2\/media\/194726"}],"wp:attachment":[{"href":"https:\/\/www.eldiario.net\/portal\/wp-json\/wp\/v2\/media?parent=208634"}],"wp:term":[{"taxonomy":"category","embeddable":true,"href":"https:\/\/www.eldiario.net\/portal\/wp-json\/wp\/v2\/categories?post=208634"},{"taxonomy":"post_tag","embeddable":true,"href":"https:\/\/www.eldiario.net\/portal\/wp-json\/wp\/v2\/tags?post=208634"}],"curies":[{"name":"wp","href":"https:\/\/api.w.org\/{rel}","templated":true}]}}