{"id":208632,"date":"2024-03-17T06:56:08","date_gmt":"2024-03-17T10:56:08","guid":{"rendered":"https:\/\/www.eldiario.net\/portal\/?p=208632"},"modified":"2024-03-17T06:56:08","modified_gmt":"2024-03-17T10:56:08","slug":"el-alto-de-pie-nunca-de-rodillas-homenaje-critico-a-una-urbe","status":"publish","type":"post","link":"https:\/\/www.eldiario.net\/portal\/2024\/03\/17\/el-alto-de-pie-nunca-de-rodillas-homenaje-critico-a-una-urbe\/","title":{"rendered":"\u201cEl Alto de pie, nunca de rodillas\u201d: Homenaje (cr\u00edtico) a una urbe"},"content":{"rendered":"<p>Estoy convencido de que no existe mejor homenaje que una bienintencionada y sana cr\u00edtica. Por ejemplo, cuando se quiere homenajear a un escritor, pr\u00f3cer o artista, es m\u00e1s provechoso hacerlo diseccion\u00e1ndolo, estudi\u00e1ndolo, analiz\u00e1ndolo en profundidad, y mencionando, por consecuencia, a la par que sus virtudes, sus incoherencias y traspi\u00e9s. Lo contrario es la mojigater\u00eda: repetir lo ya sabido, plegarse al coro de quienes solo alaban y repiten convencionalismos por dem\u00e1s conocidos. Esto \u00faltimo es lo que hacen, por ejemplo, los empresarios que tienen cierta resonancia p\u00fablica o, m\u00e1s todav\u00eda, los pol\u00edticos, pues de otra manera no captar\u00edan la simpat\u00eda del electorado. Sin embargo, aquello es lo \u00faltimo que deber\u00eda hacer el pensador cr\u00edtico o el escritor, \u201cfrancotirador solitario y marginal\u201d (Octavio Paz), cuya meta en la sociedad debe ser remar contra la corriente, se\u00f1alar la paja en el ojo ajeno, poner los puntos sobre las \u00edes y decir las cosas como (cree que) son, sin escamotear conceptos ni maquillar realidades.<br \/>\nHace un par de d\u00edas hice un peque\u00f1o ejercicio psicol\u00f3gico o social en las aulas de la universidad, preguntando a los estudiantes cu\u00e1les eran sus opiniones sobre la ciudad de El Alto. Les dije, por supuesto, que pod\u00edan responder con total honestidad y libertad y que, al menos en una universidad, nunca deber\u00eda haber censura ante las opiniones poco convencionales, siempre y cuando se las exprese con tolerancia y argumentos. Solo se animaron a hablar unos cinco j\u00f3venes, pero todos dijeron pr\u00e1cticamente lo mismo: que El Alto no les generaba confianza, que era una ciudad carente de \u00e1rboles y que lo mejor que podr\u00eda hacer ser\u00eda dejar de lado el chovinismo y unirse, en una convivencia fraternal, con el despliegue metropolitano de La Paz, su ciudad aleda\u00f1a. Ahora bien, estas opiniones pueden ser juicios harto subjetivos y prejuiciosos y, por tanto, errados. Pero lo que nos pareci\u00f3 m\u00e1s interesante del ejercicio fue darnos cuenta de que hay una distancia grande entre lo que la gente generalmente piensa en sus fueros \u00edntimos sobre determinadas realidades o cosas, por un lado, y lo que expresa p\u00fablicamente sobre esas realidades o cosas, por el otro.<br \/>\nTemo que lo mismo sucede en torno a otros fen\u00f3menos, como, por ejemplo, el 8 de marzo. En el D\u00eda Internacional de la Mujer, legiones de personas, tanto famosas como an\u00f3nimas, colman sus redes sociales de adhesiones y protestas por la hist\u00f3rica marginaci\u00f3n de la mujer en la vida, pero sospecho que son realmente pocas las que est\u00e1n enteradas de lo que se recuerda ese d\u00eda y por qu\u00e9, de lo que es el feminismo desde la teor\u00eda o la historia, de lo que constituye la igualdad de los seres humanos en funci\u00f3n no solo de los sexos, sino tambi\u00e9n de las etnias o las clases. Peor a\u00fan: temo que muchos de los que se rasgan las vestiduras son machistas o violentos dentro de los muros de sus casas. Y temo que muchas de estas personas inconsecuentes entre lo que predican y lo que hacen, son figuras p\u00fablicas y pol\u00edticos. Pero volvamos al asunto principal de este art\u00edculo: El Alto.<br \/>\nQuiero homenajear a El Alto, mas no repitiendo adjetivos desgastados que quiz\u00e1 no describen a cabalidad esta notable urbe: diciendo, verbigracia, que es un \u201cpueblo\u201d (palabra ya de por s\u00ed vaga e imprecisa que, por lo tanto, genera adhesi\u00f3n instintiva) \u201cvaleroso\u201d, \u201cdemocr\u00e1tico\u201d, \u201cplural\u201d u \u201chonesto\u201d. Estas expresiones son humo; dicen mucho, pero, por decir mucho, dicen poco. Est\u00e1n bien para los pol\u00edticos, pero no para los pensadores.<br \/>\nY es que, al lado de maravillosos fen\u00f3menos alte\u00f1os \u2014como la Feria 16 de Julio o el mestizaje cultural representado en los cholets, creaciones que conjugan la arquitectura o los motivos occidentales con lo aut\u00f3ctono o nativo\u2014, hay ciertas caracter\u00edsticas que hay que mejorar, como la aridez de la metr\u00f3poli, la cual podr\u00eda atenuarse con relativa facilidad plantando arbustos o \u00e1rboles (el eucalipto, la kewi\u00f1a o el pino crecen en altura y no requieren demasiado cuidado). Habr\u00eda que combatir la criminalidad, para que el forastero se sienta menos inseguro, e implementar campa\u00f1as de concienciaci\u00f3n sobre la importancia de colocar la basura en su lugar, para que los alte\u00f1os disfruten de lugares de esparcimiento m\u00e1s limpios. Habr\u00eda que promover una mejor fiscalizaci\u00f3n a las autoridades, ya que varias de \u00e9stas, como los concejales o la misma alcaldesa, al parecer viven la dolce vita a costa de los contribuyentes.<br \/>\n\u00a1Jallalla El Alto!<\/p>\n<p>Ignacio Vera de Rada es profesor universitario.<\/p>\n","protected":false},"excerpt":{"rendered":"<p>Estoy convencido de que no existe mejor homenaje que una bienintencionada y sana cr\u00edtica. Por ejemplo, cuando se quiere homenajear a un escritor, pr\u00f3cer o artista, es m\u00e1s provechoso hacerlo diseccion\u00e1ndolo, estudi\u00e1ndolo, analiz\u00e1ndolo en profundidad, y mencionando, por consecuencia, a la par que sus virtudes, sus incoherencias y traspi\u00e9s. Lo contrario es la mojigater\u00eda: repetir [&hellip;]<\/p>\n","protected":false},"author":1,"featured_media":158964,"comment_status":"open","ping_status":"open","sticky":false,"template":"","format":"standard","meta":{"_acf_changed":false,"footnotes":""},"categories":[9],"tags":[],"class_list":["post-208632","post","type-post","status-publish","format-standard","has-post-thumbnail","category-opinion"],"acf":{"antetitulo":"La espada en la palabra"},"yoast_head":"<!-- This site is optimized with the Yoast SEO plugin v28.4 - https:\/\/yoast.com\/product\/yoast-seo-wordpress\/ -->\n<title>\u201cEl Alto de pie, nunca de rodillas\u201d: Homenaje (cr\u00edtico) a una urbe - El Diario - Bolivia<\/title>\n<meta name=\"robots\" content=\"index, follow, max-snippet:-1, max-image-preview:large, max-video-preview:-1\" \/>\n<link rel=\"canonical\" href=\"https:\/\/www.eldiario.net\/portal\/2024\/03\/17\/el-alto-de-pie-nunca-de-rodillas-homenaje-critico-a-una-urbe\/\" \/>\n<meta property=\"og:locale\" content=\"es_ES\" \/>\n<meta property=\"og:type\" content=\"article\" \/>\n<meta property=\"og:title\" content=\"\u201cEl Alto de pie, nunca de rodillas\u201d: Homenaje (cr\u00edtico) a una urbe - El Diario - Bolivia\" \/>\n<meta property=\"og:description\" content=\"Estoy convencido de que no existe mejor homenaje que una bienintencionada y sana cr\u00edtica. Por ejemplo, cuando se quiere homenajear a un escritor, pr\u00f3cer o artista, es m\u00e1s provechoso hacerlo diseccion\u00e1ndolo, estudi\u00e1ndolo, analiz\u00e1ndolo en profundidad, y mencionando, por consecuencia, a la par que sus virtudes, sus incoherencias y traspi\u00e9s. Lo contrario es la mojigater\u00eda: repetir [&hellip;]\" \/>\n<meta property=\"og:url\" content=\"https:\/\/www.eldiario.net\/portal\/2024\/03\/17\/el-alto-de-pie-nunca-de-rodillas-homenaje-critico-a-una-urbe\/\" \/>\n<meta property=\"og:site_name\" content=\"El Diario - Bolivia\" \/>\n<meta property=\"article:publisher\" content=\"https:\/\/www.facebook.com\/eldiario.bolivia\/\" \/>\n<meta property=\"article:published_time\" content=\"2024-03-17T10:56:08+00:00\" \/>\n<meta property=\"og:image\" content=\"https:\/\/www.eldiario.net\/portal\/wp-content\/uploads\/2023\/06\/Ignacio-Vera-de-Rada-1.jpg\" \/>\n\t<meta property=\"og:image:width\" content=\"1200\" \/>\n\t<meta property=\"og:image:height\" content=\"628\" \/>\n\t<meta property=\"og:image:type\" content=\"image\/jpeg\" \/>\n<meta name=\"author\" content=\"Jeanette\" \/>\n<meta name=\"twitter:card\" content=\"summary_large_image\" \/>\n<meta name=\"twitter:creator\" content=\"@eldiario_net\" \/>\n<meta name=\"twitter:site\" content=\"@eldiario_net\" \/>\n<meta name=\"twitter:label1\" content=\"Escrito por\" \/>\n\t<meta name=\"twitter:data1\" content=\"Jeanette\" \/>\n\t<meta name=\"twitter:label2\" content=\"Tiempo de lectura\" \/>\n\t<meta name=\"twitter:data2\" content=\"4 minutos\" \/>\n<script type=\"application\/ld+json\" class=\"yoast-schema-graph\">{\"@context\":\"https:\\\/\\\/schema.org\",\"@graph\":[{\"@type\":\"Article\",\"@id\":\"https:\\\/\\\/www.eldiario.net\\\/portal\\\/2024\\\/03\\\/17\\\/el-alto-de-pie-nunca-de-rodillas-homenaje-critico-a-una-urbe\\\/#article\",\"isPartOf\":{\"@id\":\"https:\\\/\\\/www.eldiario.net\\\/portal\\\/2024\\\/03\\\/17\\\/el-alto-de-pie-nunca-de-rodillas-homenaje-critico-a-una-urbe\\\/\"},\"author\":{\"name\":\"Jeanette\",\"@id\":\"https:\\\/\\\/www.eldiario.net\\\/portal\\\/#\\\/schema\\\/person\\\/2c57cf2b7a7ae032e449e4c9b1019eac\"},\"headline\":\"\u201cEl Alto de pie, nunca de rodillas\u201d: Homenaje (cr\u00edtico) a una urbe\",\"datePublished\":\"2024-03-17T10:56:08+00:00\",\"mainEntityOfPage\":{\"@id\":\"https:\\\/\\\/www.eldiario.net\\\/portal\\\/2024\\\/03\\\/17\\\/el-alto-de-pie-nunca-de-rodillas-homenaje-critico-a-una-urbe\\\/\"},\"wordCount\":810,\"commentCount\":0,\"publisher\":{\"@id\":\"https:\\\/\\\/www.eldiario.net\\\/portal\\\/#organization\"},\"image\":{\"@id\":\"https:\\\/\\\/www.eldiario.net\\\/portal\\\/2024\\\/03\\\/17\\\/el-alto-de-pie-nunca-de-rodillas-homenaje-critico-a-una-urbe\\\/#primaryimage\"},\"thumbnailUrl\":\"https:\\\/\\\/www.eldiario.net\\\/portal\\\/wp-content\\\/uploads\\\/2023\\\/06\\\/Ignacio-Vera-de-Rada-1.jpg\",\"articleSection\":[\"Opini\u00f3n\"],\"inLanguage\":\"es\",\"potentialAction\":[{\"@type\":\"CommentAction\",\"name\":\"Comment\",\"target\":[\"https:\\\/\\\/www.eldiario.net\\\/portal\\\/2024\\\/03\\\/17\\\/el-alto-de-pie-nunca-de-rodillas-homenaje-critico-a-una-urbe\\\/#respond\"]}]},{\"@type\":\"WebPage\",\"@id\":\"https:\\\/\\\/www.eldiario.net\\\/portal\\\/2024\\\/03\\\/17\\\/el-alto-de-pie-nunca-de-rodillas-homenaje-critico-a-una-urbe\\\/\",\"url\":\"https:\\\/\\\/www.eldiario.net\\\/portal\\\/2024\\\/03\\\/17\\\/el-alto-de-pie-nunca-de-rodillas-homenaje-critico-a-una-urbe\\\/\",\"name\":\"\u201cEl Alto de pie, nunca de rodillas\u201d: Homenaje (cr\u00edtico) a una urbe - El Diario - Bolivia\",\"isPartOf\":{\"@id\":\"https:\\\/\\\/www.eldiario.net\\\/portal\\\/#website\"},\"primaryImageOfPage\":{\"@id\":\"https:\\\/\\\/www.eldiario.net\\\/portal\\\/2024\\\/03\\\/17\\\/el-alto-de-pie-nunca-de-rodillas-homenaje-critico-a-una-urbe\\\/#primaryimage\"},\"image\":{\"@id\":\"https:\\\/\\\/www.eldiario.net\\\/portal\\\/2024\\\/03\\\/17\\\/el-alto-de-pie-nunca-de-rodillas-homenaje-critico-a-una-urbe\\\/#primaryimage\"},\"thumbnailUrl\":\"https:\\\/\\\/www.eldiario.net\\\/portal\\\/wp-content\\\/uploads\\\/2023\\\/06\\\/Ignacio-Vera-de-Rada-1.jpg\",\"datePublished\":\"2024-03-17T10:56:08+00:00\",\"breadcrumb\":{\"@id\":\"https:\\\/\\\/www.eldiario.net\\\/portal\\\/2024\\\/03\\\/17\\\/el-alto-de-pie-nunca-de-rodillas-homenaje-critico-a-una-urbe\\\/#breadcrumb\"},\"inLanguage\":\"es\",\"potentialAction\":[{\"@type\":\"ReadAction\",\"target\":[\"https:\\\/\\\/www.eldiario.net\\\/portal\\\/2024\\\/03\\\/17\\\/el-alto-de-pie-nunca-de-rodillas-homenaje-critico-a-una-urbe\\\/\"]}]},{\"@type\":\"ImageObject\",\"inLanguage\":\"es\",\"@id\":\"https:\\\/\\\/www.eldiario.net\\\/portal\\\/2024\\\/03\\\/17\\\/el-alto-de-pie-nunca-de-rodillas-homenaje-critico-a-una-urbe\\\/#primaryimage\",\"url\":\"https:\\\/\\\/www.eldiario.net\\\/portal\\\/wp-content\\\/uploads\\\/2023\\\/06\\\/Ignacio-Vera-de-Rada-1.jpg\",\"contentUrl\":\"https:\\\/\\\/www.eldiario.net\\\/portal\\\/wp-content\\\/uploads\\\/2023\\\/06\\\/Ignacio-Vera-de-Rada-1.jpg\",\"width\":1200,\"height\":628,\"caption\":\"Ignacio Vera de Rada\"},{\"@type\":\"BreadcrumbList\",\"@id\":\"https:\\\/\\\/www.eldiario.net\\\/portal\\\/2024\\\/03\\\/17\\\/el-alto-de-pie-nunca-de-rodillas-homenaje-critico-a-una-urbe\\\/#breadcrumb\",\"itemListElement\":[{\"@type\":\"ListItem\",\"position\":1,\"name\":\"Portada\",\"item\":\"https:\\\/\\\/www.eldiario.net\\\/portal\\\/\"},{\"@type\":\"ListItem\",\"position\":2,\"name\":\"\u201cEl Alto de pie, nunca de rodillas\u201d: Homenaje (cr\u00edtico) a una urbe\"}]},{\"@type\":\"WebSite\",\"@id\":\"https:\\\/\\\/www.eldiario.net\\\/portal\\\/#website\",\"url\":\"https:\\\/\\\/www.eldiario.net\\\/portal\\\/\",\"name\":\"El Diario - Decano de la prensa nacional\",\"description\":\"El Diario - Decano de la prensa nacional\",\"publisher\":{\"@id\":\"https:\\\/\\\/www.eldiario.net\\\/portal\\\/#organization\"},\"potentialAction\":[{\"@type\":\"SearchAction\",\"target\":{\"@type\":\"EntryPoint\",\"urlTemplate\":\"https:\\\/\\\/www.eldiario.net\\\/portal\\\/?s={search_term_string}\"},\"query-input\":{\"@type\":\"PropertyValueSpecification\",\"valueRequired\":true,\"valueName\":\"search_term_string\"}}],\"inLanguage\":\"es\"},{\"@type\":\"Organization\",\"@id\":\"https:\\\/\\\/www.eldiario.net\\\/portal\\\/#organization\",\"name\":\"El Diario - Decano de la prensa nacional\",\"url\":\"https:\\\/\\\/www.eldiario.net\\\/portal\\\/\",\"logo\":{\"@type\":\"ImageObject\",\"inLanguage\":\"es\",\"@id\":\"https:\\\/\\\/www.eldiario.net\\\/portal\\\/#\\\/schema\\\/logo\\\/image\\\/\",\"url\":\"https:\\\/\\\/www.eldiario.net\\\/portal\\\/wp-content\\\/uploads\\\/2023\\\/07\\\/logo_ED.jpg\",\"contentUrl\":\"https:\\\/\\\/www.eldiario.net\\\/portal\\\/wp-content\\\/uploads\\\/2023\\\/07\\\/logo_ED.jpg\",\"width\":272,\"height\":52,\"caption\":\"El Diario - Decano de la prensa nacional\"},\"image\":{\"@id\":\"https:\\\/\\\/www.eldiario.net\\\/portal\\\/#\\\/schema\\\/logo\\\/image\\\/\"},\"sameAs\":[\"https:\\\/\\\/www.facebook.com\\\/eldiario.bolivia\\\/\",\"https:\\\/\\\/x.com\\\/eldiario_net\"]},{\"@type\":\"Person\",\"@id\":\"https:\\\/\\\/www.eldiario.net\\\/portal\\\/#\\\/schema\\\/person\\\/2c57cf2b7a7ae032e449e4c9b1019eac\",\"name\":\"Jeanette\",\"image\":{\"@type\":\"ImageObject\",\"inLanguage\":\"es\",\"@id\":\"https:\\\/\\\/secure.gravatar.com\\\/avatar\\\/3ea2118a5f7dad2b7138b1187a6b7ee55f160b9968b66013c3a3ef39dd7e5798?s=96&d=mm&r=g\",\"url\":\"https:\\\/\\\/secure.gravatar.com\\\/avatar\\\/3ea2118a5f7dad2b7138b1187a6b7ee55f160b9968b66013c3a3ef39dd7e5798?s=96&d=mm&r=g\",\"contentUrl\":\"https:\\\/\\\/secure.gravatar.com\\\/avatar\\\/3ea2118a5f7dad2b7138b1187a6b7ee55f160b9968b66013c3a3ef39dd7e5798?s=96&d=mm&r=g\",\"caption\":\"Jeanette\"},\"sameAs\":[\"https:\\\/\\\/www.eldiario.net\\\/portal\"],\"url\":\"https:\\\/\\\/www.eldiario.net\\\/portal\\\/author\\\/jeanette\\\/\"}]}<\/script>\n<!-- \/ Yoast SEO plugin. -->","yoast_head_json":{"title":"\u201cEl Alto de pie, nunca de rodillas\u201d: Homenaje (cr\u00edtico) a una urbe - El Diario - Bolivia","robots":{"index":"index","follow":"follow","max-snippet":"max-snippet:-1","max-image-preview":"max-image-preview:large","max-video-preview":"max-video-preview:-1"},"canonical":"https:\/\/www.eldiario.net\/portal\/2024\/03\/17\/el-alto-de-pie-nunca-de-rodillas-homenaje-critico-a-una-urbe\/","og_locale":"es_ES","og_type":"article","og_title":"\u201cEl Alto de pie, nunca de rodillas\u201d: Homenaje (cr\u00edtico) a una urbe - El Diario - Bolivia","og_description":"Estoy convencido de que no existe mejor homenaje que una bienintencionada y sana cr\u00edtica. Por ejemplo, cuando se quiere homenajear a un escritor, pr\u00f3cer o artista, es m\u00e1s provechoso hacerlo diseccion\u00e1ndolo, estudi\u00e1ndolo, analiz\u00e1ndolo en profundidad, y mencionando, por consecuencia, a la par que sus virtudes, sus incoherencias y traspi\u00e9s. Lo contrario es la mojigater\u00eda: repetir [&hellip;]","og_url":"https:\/\/www.eldiario.net\/portal\/2024\/03\/17\/el-alto-de-pie-nunca-de-rodillas-homenaje-critico-a-una-urbe\/","og_site_name":"El Diario - Bolivia","article_publisher":"https:\/\/www.facebook.com\/eldiario.bolivia\/","article_published_time":"2024-03-17T10:56:08+00:00","og_image":[{"width":1200,"height":628,"url":"https:\/\/www.eldiario.net\/portal\/wp-content\/uploads\/2023\/06\/Ignacio-Vera-de-Rada-1.jpg","type":"image\/jpeg"}],"author":"Jeanette","twitter_card":"summary_large_image","twitter_creator":"@eldiario_net","twitter_site":"@eldiario_net","twitter_misc":{"Escrito por":"Jeanette","Tiempo de lectura":"4 minutos"},"schema":{"@context":"https:\/\/schema.org","@graph":[{"@type":"Article","@id":"https:\/\/www.eldiario.net\/portal\/2024\/03\/17\/el-alto-de-pie-nunca-de-rodillas-homenaje-critico-a-una-urbe\/#article","isPartOf":{"@id":"https:\/\/www.eldiario.net\/portal\/2024\/03\/17\/el-alto-de-pie-nunca-de-rodillas-homenaje-critico-a-una-urbe\/"},"author":{"name":"Jeanette","@id":"https:\/\/www.eldiario.net\/portal\/#\/schema\/person\/2c57cf2b7a7ae032e449e4c9b1019eac"},"headline":"\u201cEl Alto de pie, nunca de rodillas\u201d: Homenaje (cr\u00edtico) a una urbe","datePublished":"2024-03-17T10:56:08+00:00","mainEntityOfPage":{"@id":"https:\/\/www.eldiario.net\/portal\/2024\/03\/17\/el-alto-de-pie-nunca-de-rodillas-homenaje-critico-a-una-urbe\/"},"wordCount":810,"commentCount":0,"publisher":{"@id":"https:\/\/www.eldiario.net\/portal\/#organization"},"image":{"@id":"https:\/\/www.eldiario.net\/portal\/2024\/03\/17\/el-alto-de-pie-nunca-de-rodillas-homenaje-critico-a-una-urbe\/#primaryimage"},"thumbnailUrl":"https:\/\/www.eldiario.net\/portal\/wp-content\/uploads\/2023\/06\/Ignacio-Vera-de-Rada-1.jpg","articleSection":["Opini\u00f3n"],"inLanguage":"es","potentialAction":[{"@type":"CommentAction","name":"Comment","target":["https:\/\/www.eldiario.net\/portal\/2024\/03\/17\/el-alto-de-pie-nunca-de-rodillas-homenaje-critico-a-una-urbe\/#respond"]}]},{"@type":"WebPage","@id":"https:\/\/www.eldiario.net\/portal\/2024\/03\/17\/el-alto-de-pie-nunca-de-rodillas-homenaje-critico-a-una-urbe\/","url":"https:\/\/www.eldiario.net\/portal\/2024\/03\/17\/el-alto-de-pie-nunca-de-rodillas-homenaje-critico-a-una-urbe\/","name":"\u201cEl Alto de pie, nunca de rodillas\u201d: Homenaje (cr\u00edtico) a una urbe - El Diario - Bolivia","isPartOf":{"@id":"https:\/\/www.eldiario.net\/portal\/#website"},"primaryImageOfPage":{"@id":"https:\/\/www.eldiario.net\/portal\/2024\/03\/17\/el-alto-de-pie-nunca-de-rodillas-homenaje-critico-a-una-urbe\/#primaryimage"},"image":{"@id":"https:\/\/www.eldiario.net\/portal\/2024\/03\/17\/el-alto-de-pie-nunca-de-rodillas-homenaje-critico-a-una-urbe\/#primaryimage"},"thumbnailUrl":"https:\/\/www.eldiario.net\/portal\/wp-content\/uploads\/2023\/06\/Ignacio-Vera-de-Rada-1.jpg","datePublished":"2024-03-17T10:56:08+00:00","breadcrumb":{"@id":"https:\/\/www.eldiario.net\/portal\/2024\/03\/17\/el-alto-de-pie-nunca-de-rodillas-homenaje-critico-a-una-urbe\/#breadcrumb"},"inLanguage":"es","potentialAction":[{"@type":"ReadAction","target":["https:\/\/www.eldiario.net\/portal\/2024\/03\/17\/el-alto-de-pie-nunca-de-rodillas-homenaje-critico-a-una-urbe\/"]}]},{"@type":"ImageObject","inLanguage":"es","@id":"https:\/\/www.eldiario.net\/portal\/2024\/03\/17\/el-alto-de-pie-nunca-de-rodillas-homenaje-critico-a-una-urbe\/#primaryimage","url":"https:\/\/www.eldiario.net\/portal\/wp-content\/uploads\/2023\/06\/Ignacio-Vera-de-Rada-1.jpg","contentUrl":"https:\/\/www.eldiario.net\/portal\/wp-content\/uploads\/2023\/06\/Ignacio-Vera-de-Rada-1.jpg","width":1200,"height":628,"caption":"Ignacio Vera de Rada"},{"@type":"BreadcrumbList","@id":"https:\/\/www.eldiario.net\/portal\/2024\/03\/17\/el-alto-de-pie-nunca-de-rodillas-homenaje-critico-a-una-urbe\/#breadcrumb","itemListElement":[{"@type":"ListItem","position":1,"name":"Portada","item":"https:\/\/www.eldiario.net\/portal\/"},{"@type":"ListItem","position":2,"name":"\u201cEl Alto de pie, nunca de rodillas\u201d: Homenaje (cr\u00edtico) a una urbe"}]},{"@type":"WebSite","@id":"https:\/\/www.eldiario.net\/portal\/#website","url":"https:\/\/www.eldiario.net\/portal\/","name":"El Diario - Decano de la prensa nacional","description":"El Diario - Decano de la prensa nacional","publisher":{"@id":"https:\/\/www.eldiario.net\/portal\/#organization"},"potentialAction":[{"@type":"SearchAction","target":{"@type":"EntryPoint","urlTemplate":"https:\/\/www.eldiario.net\/portal\/?s={search_term_string}"},"query-input":{"@type":"PropertyValueSpecification","valueRequired":true,"valueName":"search_term_string"}}],"inLanguage":"es"},{"@type":"Organization","@id":"https:\/\/www.eldiario.net\/portal\/#organization","name":"El Diario - Decano de la prensa nacional","url":"https:\/\/www.eldiario.net\/portal\/","logo":{"@type":"ImageObject","inLanguage":"es","@id":"https:\/\/www.eldiario.net\/portal\/#\/schema\/logo\/image\/","url":"https:\/\/www.eldiario.net\/portal\/wp-content\/uploads\/2023\/07\/logo_ED.jpg","contentUrl":"https:\/\/www.eldiario.net\/portal\/wp-content\/uploads\/2023\/07\/logo_ED.jpg","width":272,"height":52,"caption":"El Diario - Decano de la prensa nacional"},"image":{"@id":"https:\/\/www.eldiario.net\/portal\/#\/schema\/logo\/image\/"},"sameAs":["https:\/\/www.facebook.com\/eldiario.bolivia\/","https:\/\/x.com\/eldiario_net"]},{"@type":"Person","@id":"https:\/\/www.eldiario.net\/portal\/#\/schema\/person\/2c57cf2b7a7ae032e449e4c9b1019eac","name":"Jeanette","image":{"@type":"ImageObject","inLanguage":"es","@id":"https:\/\/secure.gravatar.com\/avatar\/3ea2118a5f7dad2b7138b1187a6b7ee55f160b9968b66013c3a3ef39dd7e5798?s=96&d=mm&r=g","url":"https:\/\/secure.gravatar.com\/avatar\/3ea2118a5f7dad2b7138b1187a6b7ee55f160b9968b66013c3a3ef39dd7e5798?s=96&d=mm&r=g","contentUrl":"https:\/\/secure.gravatar.com\/avatar\/3ea2118a5f7dad2b7138b1187a6b7ee55f160b9968b66013c3a3ef39dd7e5798?s=96&d=mm&r=g","caption":"Jeanette"},"sameAs":["https:\/\/www.eldiario.net\/portal"],"url":"https:\/\/www.eldiario.net\/portal\/author\/jeanette\/"}]}},"_links":{"self":[{"href":"https:\/\/www.eldiario.net\/portal\/wp-json\/wp\/v2\/posts\/208632","targetHints":{"allow":["GET"]}}],"collection":[{"href":"https:\/\/www.eldiario.net\/portal\/wp-json\/wp\/v2\/posts"}],"about":[{"href":"https:\/\/www.eldiario.net\/portal\/wp-json\/wp\/v2\/types\/post"}],"author":[{"embeddable":true,"href":"https:\/\/www.eldiario.net\/portal\/wp-json\/wp\/v2\/users\/1"}],"replies":[{"embeddable":true,"href":"https:\/\/www.eldiario.net\/portal\/wp-json\/wp\/v2\/comments?post=208632"}],"version-history":[{"count":1,"href":"https:\/\/www.eldiario.net\/portal\/wp-json\/wp\/v2\/posts\/208632\/revisions"}],"predecessor-version":[{"id":208633,"href":"https:\/\/www.eldiario.net\/portal\/wp-json\/wp\/v2\/posts\/208632\/revisions\/208633"}],"wp:featuredmedia":[{"embeddable":true,"href":"https:\/\/www.eldiario.net\/portal\/wp-json\/wp\/v2\/media\/158964"}],"wp:attachment":[{"href":"https:\/\/www.eldiario.net\/portal\/wp-json\/wp\/v2\/media?parent=208632"}],"wp:term":[{"taxonomy":"category","embeddable":true,"href":"https:\/\/www.eldiario.net\/portal\/wp-json\/wp\/v2\/categories?post=208632"},{"taxonomy":"post_tag","embeddable":true,"href":"https:\/\/www.eldiario.net\/portal\/wp-json\/wp\/v2\/tags?post=208632"}],"curies":[{"name":"wp","href":"https:\/\/api.w.org\/{rel}","templated":true}]}}