{"id":208628,"date":"2024-03-17T06:55:01","date_gmt":"2024-03-17T10:55:01","guid":{"rendered":"https:\/\/www.eldiario.net\/portal\/?p=208628"},"modified":"2024-03-17T06:55:01","modified_gmt":"2024-03-17T10:55:01","slug":"descolonizacion-linguistica-cultural-en-educacion","status":"publish","type":"post","link":"https:\/\/www.eldiario.net\/portal\/2024\/03\/17\/descolonizacion-linguistica-cultural-en-educacion\/","title":{"rendered":"Descolonizaci\u00f3n ling\u00fc\u00edstica, cultural en educaci\u00f3n"},"content":{"rendered":"<p>En Bolivia las culturas y las lenguas ind\u00edgenas, a lo largo de su historia, fueron dominadas y sometidas como consecuencia de la cruel colonizaci\u00f3n. Debido al desconocimiento de los colonizadores, las lenguas ind\u00edgenas han sido consideradas como \u00e1grafas, sin gram\u00e1tica, poco funcionales y con otros apelativos peyorativos. Hist\u00f3ricamente, desde la colonizaci\u00f3n hemos aprendido el castellano por un proceso de imposici\u00f3n, con la idea falsa de integrar a los ind\u00edgenas a la sociedad. Esta ideolog\u00eda, al parecer, no ha cambiado, ya que el castellano sigue siendo considerado como lengua superior sobre los idiomas ind\u00edgenas. Tanto en las \u00e1reas rurales urbanas y periurbanas.<br \/>\nTradicionalmente, coexistieron dos sociedades asim\u00e9tricamente diferentes entre s\u00ed: la sociedad occidental y la sociedad ind\u00edgena. La sociedad occidental se interesaba s\u00f3lo en los aspectos materiales y la acumulaci\u00f3n de riquezas, basada en la superioridad, mientras que la sociedad ind\u00edgena se interesaba tanto por los elementos materiales como por los espirituales, practicando la coexistencia y la reciprocidad entre lo humano, animal y lo espiritual. Por tanto, existen dos matrices civilizatorias, lo occidental y lo andino, que por sus diferencias no pueden llegar a la pr\u00e1ctica intercultural. Asimismo, se concibe la coexistencia de dos identidades: la efectiva que se construye en el interior de la cultura y la asignada que nos imponen los que tienen derecho a nombrar a las culturas y pueblos ind\u00edgenas, seg\u00fan la concepci\u00f3n occidental.<br \/>\nEn esta relaci\u00f3n de coexistencia asim\u00e9trica entre la globalizaci\u00f3n, la diversidad y las necesidades comunicativas de los pueblos ind\u00edgenas con el mundo moderno, no podemos negar el aprendizaje de las lenguas extranjeras. Sin embargo, es necesario reflexionar y pensar: en qu\u00e9 momento admitimos el biling\u00fcismo o el pluriling\u00fcismo que incluye las lenguas extranjeras y cu\u00e1les son los objetivos de esa multiplicidad aparente de vocabularios, que refleja realidades diferentes a la cosmovisi\u00f3n de los pueblos ind\u00edgenas.<br \/>\nEn consecuencia, las diferencias ling\u00fc\u00edsticas y culturales fueron transformadas por los europeos en las relaciones de superioridad y de inferioridad, donde se instala el proyecto social del amo y el siervo. A partir de ah\u00ed se establecen antinomias, como lenguas dominantes y lenguas dominadas; lenguas est\u00e1ndar y lenguas criollas; lenguas modernas y lenguas arcaicas, etc.<br \/>\nEn el pasado, el \u00fanico derecho ling\u00fc\u00edstico que se reconoci\u00f3 a la poblaci\u00f3n ind\u00edgena fue el idioma hablado por la minor\u00eda de estratos sociales dominantes, es decir, el castellano que vino junto con los conquistadores. Mientras que el uso de las lenguas ind\u00edgenas fue considerado como sin\u00f3nimo de atraso nacional por los detractores de los pueblos originarios.<br \/>\nLa educaci\u00f3n es un espacio privilegiado para discutir los conceptos y las acciones de la descolonizaci\u00f3n. Asimismo, el maestro desempe\u00f1a un rol fundamental en la implementaci\u00f3n conceptual de t\u00e9rminos como intraculturalidad, interculturalidad y descolonizaci\u00f3n, para llevarlos a la pr\u00e1ctica real de la descolonizaci\u00f3n emergente de las necesidades socioculturales, hist\u00f3ricas y pol\u00edticas. As\u00ed referimos una experiencia educativa en una escuela anexa perteneciente al \u00e1rea rural, de cultura y lengua aymara, donde muchos de los maestros eran oriundos del lugar y un 20% proven\u00eda del \u00e1rea urbana a prestar sus servicios. El director, subordinaba, exigiendo a todos los docentes la ense\u00f1anza en el idioma castellano y no en su idioma originario, que era catalogado como un retroceso en la educaci\u00f3n y su desarrollo.<\/p>\n<p>El autor es docente investigador.<\/p>\n","protected":false},"excerpt":{"rendered":"<p>En Bolivia las culturas y las lenguas ind\u00edgenas, a lo largo de su historia, fueron dominadas y sometidas como consecuencia de la cruel colonizaci\u00f3n. Debido al desconocimiento de los colonizadores, las lenguas ind\u00edgenas han sido consideradas como \u00e1grafas, sin gram\u00e1tica, poco funcionales y con otros apelativos peyorativos. Hist\u00f3ricamente, desde la colonizaci\u00f3n hemos aprendido el castellano [&hellip;]<\/p>\n","protected":false},"author":1,"featured_media":194790,"comment_status":"open","ping_status":"open","sticky":false,"template":"","format":"standard","meta":{"_acf_changed":false,"footnotes":""},"categories":[9],"tags":[],"class_list":["post-208628","post","type-post","status-publish","format-standard","has-post-thumbnail","category-opinion"],"acf":{"antetitulo":""},"yoast_head":"<!-- This site is optimized with the Yoast SEO plugin v28.4 - https:\/\/yoast.com\/product\/yoast-seo-wordpress\/ -->\n<title>Descolonizaci\u00f3n ling\u00fc\u00edstica, cultural en educaci\u00f3n - El Diario - Bolivia<\/title>\n<meta name=\"robots\" content=\"index, follow, max-snippet:-1, max-image-preview:large, max-video-preview:-1\" \/>\n<link rel=\"canonical\" href=\"https:\/\/www.eldiario.net\/portal\/2024\/03\/17\/descolonizacion-linguistica-cultural-en-educacion\/\" \/>\n<meta property=\"og:locale\" content=\"es_ES\" \/>\n<meta property=\"og:type\" content=\"article\" \/>\n<meta property=\"og:title\" content=\"Descolonizaci\u00f3n ling\u00fc\u00edstica, cultural en educaci\u00f3n - El Diario - Bolivia\" \/>\n<meta property=\"og:description\" content=\"En Bolivia las culturas y las lenguas ind\u00edgenas, a lo largo de su historia, fueron dominadas y sometidas como consecuencia de la cruel colonizaci\u00f3n. Debido al desconocimiento de los colonizadores, las lenguas ind\u00edgenas han sido consideradas como \u00e1grafas, sin gram\u00e1tica, poco funcionales y con otros apelativos peyorativos. Hist\u00f3ricamente, desde la colonizaci\u00f3n hemos aprendido el castellano [&hellip;]\" \/>\n<meta property=\"og:url\" content=\"https:\/\/www.eldiario.net\/portal\/2024\/03\/17\/descolonizacion-linguistica-cultural-en-educacion\/\" \/>\n<meta property=\"og:site_name\" content=\"El Diario - Bolivia\" \/>\n<meta property=\"article:publisher\" content=\"https:\/\/www.facebook.com\/eldiario.bolivia\/\" \/>\n<meta property=\"article:published_time\" content=\"2024-03-17T10:55:01+00:00\" \/>\n<meta property=\"og:image\" content=\"https:\/\/www.eldiario.net\/portal\/wp-content\/uploads\/2023\/12\/Opinion.jpg\" \/>\n\t<meta property=\"og:image:width\" content=\"800\" \/>\n\t<meta property=\"og:image:height\" content=\"500\" \/>\n\t<meta property=\"og:image:type\" content=\"image\/jpeg\" \/>\n<meta name=\"author\" content=\"Jeanette\" \/>\n<meta name=\"twitter:card\" content=\"summary_large_image\" \/>\n<meta name=\"twitter:creator\" content=\"@eldiario_net\" \/>\n<meta name=\"twitter:site\" content=\"@eldiario_net\" \/>\n<meta name=\"twitter:label1\" content=\"Escrito por\" \/>\n\t<meta name=\"twitter:data1\" content=\"Jeanette\" \/>\n\t<meta name=\"twitter:label2\" content=\"Tiempo de lectura\" \/>\n\t<meta name=\"twitter:data2\" content=\"3 minutos\" \/>\n<script type=\"application\/ld+json\" class=\"yoast-schema-graph\">{\"@context\":\"https:\\\/\\\/schema.org\",\"@graph\":[{\"@type\":\"Article\",\"@id\":\"https:\\\/\\\/www.eldiario.net\\\/portal\\\/2024\\\/03\\\/17\\\/descolonizacion-linguistica-cultural-en-educacion\\\/#article\",\"isPartOf\":{\"@id\":\"https:\\\/\\\/www.eldiario.net\\\/portal\\\/2024\\\/03\\\/17\\\/descolonizacion-linguistica-cultural-en-educacion\\\/\"},\"author\":{\"name\":\"Jeanette\",\"@id\":\"https:\\\/\\\/www.eldiario.net\\\/portal\\\/#\\\/schema\\\/person\\\/2c57cf2b7a7ae032e449e4c9b1019eac\"},\"headline\":\"Descolonizaci\u00f3n ling\u00fc\u00edstica, cultural en educaci\u00f3n\",\"datePublished\":\"2024-03-17T10:55:01+00:00\",\"mainEntityOfPage\":{\"@id\":\"https:\\\/\\\/www.eldiario.net\\\/portal\\\/2024\\\/03\\\/17\\\/descolonizacion-linguistica-cultural-en-educacion\\\/\"},\"wordCount\":596,\"commentCount\":0,\"publisher\":{\"@id\":\"https:\\\/\\\/www.eldiario.net\\\/portal\\\/#organization\"},\"image\":{\"@id\":\"https:\\\/\\\/www.eldiario.net\\\/portal\\\/2024\\\/03\\\/17\\\/descolonizacion-linguistica-cultural-en-educacion\\\/#primaryimage\"},\"thumbnailUrl\":\"https:\\\/\\\/www.eldiario.net\\\/portal\\\/wp-content\\\/uploads\\\/2023\\\/12\\\/Opinion.jpg\",\"articleSection\":[\"Opini\u00f3n\"],\"inLanguage\":\"es\",\"potentialAction\":[{\"@type\":\"CommentAction\",\"name\":\"Comment\",\"target\":[\"https:\\\/\\\/www.eldiario.net\\\/portal\\\/2024\\\/03\\\/17\\\/descolonizacion-linguistica-cultural-en-educacion\\\/#respond\"]}]},{\"@type\":\"WebPage\",\"@id\":\"https:\\\/\\\/www.eldiario.net\\\/portal\\\/2024\\\/03\\\/17\\\/descolonizacion-linguistica-cultural-en-educacion\\\/\",\"url\":\"https:\\\/\\\/www.eldiario.net\\\/portal\\\/2024\\\/03\\\/17\\\/descolonizacion-linguistica-cultural-en-educacion\\\/\",\"name\":\"Descolonizaci\u00f3n ling\u00fc\u00edstica, cultural en educaci\u00f3n - El Diario - Bolivia\",\"isPartOf\":{\"@id\":\"https:\\\/\\\/www.eldiario.net\\\/portal\\\/#website\"},\"primaryImageOfPage\":{\"@id\":\"https:\\\/\\\/www.eldiario.net\\\/portal\\\/2024\\\/03\\\/17\\\/descolonizacion-linguistica-cultural-en-educacion\\\/#primaryimage\"},\"image\":{\"@id\":\"https:\\\/\\\/www.eldiario.net\\\/portal\\\/2024\\\/03\\\/17\\\/descolonizacion-linguistica-cultural-en-educacion\\\/#primaryimage\"},\"thumbnailUrl\":\"https:\\\/\\\/www.eldiario.net\\\/portal\\\/wp-content\\\/uploads\\\/2023\\\/12\\\/Opinion.jpg\",\"datePublished\":\"2024-03-17T10:55:01+00:00\",\"breadcrumb\":{\"@id\":\"https:\\\/\\\/www.eldiario.net\\\/portal\\\/2024\\\/03\\\/17\\\/descolonizacion-linguistica-cultural-en-educacion\\\/#breadcrumb\"},\"inLanguage\":\"es\",\"potentialAction\":[{\"@type\":\"ReadAction\",\"target\":[\"https:\\\/\\\/www.eldiario.net\\\/portal\\\/2024\\\/03\\\/17\\\/descolonizacion-linguistica-cultural-en-educacion\\\/\"]}]},{\"@type\":\"ImageObject\",\"inLanguage\":\"es\",\"@id\":\"https:\\\/\\\/www.eldiario.net\\\/portal\\\/2024\\\/03\\\/17\\\/descolonizacion-linguistica-cultural-en-educacion\\\/#primaryimage\",\"url\":\"https:\\\/\\\/www.eldiario.net\\\/portal\\\/wp-content\\\/uploads\\\/2023\\\/12\\\/Opinion.jpg\",\"contentUrl\":\"https:\\\/\\\/www.eldiario.net\\\/portal\\\/wp-content\\\/uploads\\\/2023\\\/12\\\/Opinion.jpg\",\"width\":800,\"height\":500},{\"@type\":\"BreadcrumbList\",\"@id\":\"https:\\\/\\\/www.eldiario.net\\\/portal\\\/2024\\\/03\\\/17\\\/descolonizacion-linguistica-cultural-en-educacion\\\/#breadcrumb\",\"itemListElement\":[{\"@type\":\"ListItem\",\"position\":1,\"name\":\"Portada\",\"item\":\"https:\\\/\\\/www.eldiario.net\\\/portal\\\/\"},{\"@type\":\"ListItem\",\"position\":2,\"name\":\"Descolonizaci\u00f3n ling\u00fc\u00edstica, cultural en educaci\u00f3n\"}]},{\"@type\":\"WebSite\",\"@id\":\"https:\\\/\\\/www.eldiario.net\\\/portal\\\/#website\",\"url\":\"https:\\\/\\\/www.eldiario.net\\\/portal\\\/\",\"name\":\"El Diario - Decano de la prensa nacional\",\"description\":\"El Diario - Decano de la prensa nacional\",\"publisher\":{\"@id\":\"https:\\\/\\\/www.eldiario.net\\\/portal\\\/#organization\"},\"potentialAction\":[{\"@type\":\"SearchAction\",\"target\":{\"@type\":\"EntryPoint\",\"urlTemplate\":\"https:\\\/\\\/www.eldiario.net\\\/portal\\\/?s={search_term_string}\"},\"query-input\":{\"@type\":\"PropertyValueSpecification\",\"valueRequired\":true,\"valueName\":\"search_term_string\"}}],\"inLanguage\":\"es\"},{\"@type\":\"Organization\",\"@id\":\"https:\\\/\\\/www.eldiario.net\\\/portal\\\/#organization\",\"name\":\"El Diario - Decano de la prensa nacional\",\"url\":\"https:\\\/\\\/www.eldiario.net\\\/portal\\\/\",\"logo\":{\"@type\":\"ImageObject\",\"inLanguage\":\"es\",\"@id\":\"https:\\\/\\\/www.eldiario.net\\\/portal\\\/#\\\/schema\\\/logo\\\/image\\\/\",\"url\":\"https:\\\/\\\/www.eldiario.net\\\/portal\\\/wp-content\\\/uploads\\\/2023\\\/07\\\/logo_ED.jpg\",\"contentUrl\":\"https:\\\/\\\/www.eldiario.net\\\/portal\\\/wp-content\\\/uploads\\\/2023\\\/07\\\/logo_ED.jpg\",\"width\":272,\"height\":52,\"caption\":\"El Diario - Decano de la prensa nacional\"},\"image\":{\"@id\":\"https:\\\/\\\/www.eldiario.net\\\/portal\\\/#\\\/schema\\\/logo\\\/image\\\/\"},\"sameAs\":[\"https:\\\/\\\/www.facebook.com\\\/eldiario.bolivia\\\/\",\"https:\\\/\\\/x.com\\\/eldiario_net\"]},{\"@type\":\"Person\",\"@id\":\"https:\\\/\\\/www.eldiario.net\\\/portal\\\/#\\\/schema\\\/person\\\/2c57cf2b7a7ae032e449e4c9b1019eac\",\"name\":\"Jeanette\",\"image\":{\"@type\":\"ImageObject\",\"inLanguage\":\"es\",\"@id\":\"https:\\\/\\\/secure.gravatar.com\\\/avatar\\\/3ea2118a5f7dad2b7138b1187a6b7ee55f160b9968b66013c3a3ef39dd7e5798?s=96&d=mm&r=g\",\"url\":\"https:\\\/\\\/secure.gravatar.com\\\/avatar\\\/3ea2118a5f7dad2b7138b1187a6b7ee55f160b9968b66013c3a3ef39dd7e5798?s=96&d=mm&r=g\",\"contentUrl\":\"https:\\\/\\\/secure.gravatar.com\\\/avatar\\\/3ea2118a5f7dad2b7138b1187a6b7ee55f160b9968b66013c3a3ef39dd7e5798?s=96&d=mm&r=g\",\"caption\":\"Jeanette\"},\"sameAs\":[\"https:\\\/\\\/www.eldiario.net\\\/portal\"],\"url\":\"https:\\\/\\\/www.eldiario.net\\\/portal\\\/author\\\/jeanette\\\/\"}]}<\/script>\n<!-- \/ Yoast SEO plugin. -->","yoast_head_json":{"title":"Descolonizaci\u00f3n ling\u00fc\u00edstica, cultural en educaci\u00f3n - El Diario - Bolivia","robots":{"index":"index","follow":"follow","max-snippet":"max-snippet:-1","max-image-preview":"max-image-preview:large","max-video-preview":"max-video-preview:-1"},"canonical":"https:\/\/www.eldiario.net\/portal\/2024\/03\/17\/descolonizacion-linguistica-cultural-en-educacion\/","og_locale":"es_ES","og_type":"article","og_title":"Descolonizaci\u00f3n ling\u00fc\u00edstica, cultural en educaci\u00f3n - El Diario - Bolivia","og_description":"En Bolivia las culturas y las lenguas ind\u00edgenas, a lo largo de su historia, fueron dominadas y sometidas como consecuencia de la cruel colonizaci\u00f3n. Debido al desconocimiento de los colonizadores, las lenguas ind\u00edgenas han sido consideradas como \u00e1grafas, sin gram\u00e1tica, poco funcionales y con otros apelativos peyorativos. Hist\u00f3ricamente, desde la colonizaci\u00f3n hemos aprendido el castellano [&hellip;]","og_url":"https:\/\/www.eldiario.net\/portal\/2024\/03\/17\/descolonizacion-linguistica-cultural-en-educacion\/","og_site_name":"El Diario - Bolivia","article_publisher":"https:\/\/www.facebook.com\/eldiario.bolivia\/","article_published_time":"2024-03-17T10:55:01+00:00","og_image":[{"width":800,"height":500,"url":"https:\/\/www.eldiario.net\/portal\/wp-content\/uploads\/2023\/12\/Opinion.jpg","type":"image\/jpeg"}],"author":"Jeanette","twitter_card":"summary_large_image","twitter_creator":"@eldiario_net","twitter_site":"@eldiario_net","twitter_misc":{"Escrito por":"Jeanette","Tiempo de lectura":"3 minutos"},"schema":{"@context":"https:\/\/schema.org","@graph":[{"@type":"Article","@id":"https:\/\/www.eldiario.net\/portal\/2024\/03\/17\/descolonizacion-linguistica-cultural-en-educacion\/#article","isPartOf":{"@id":"https:\/\/www.eldiario.net\/portal\/2024\/03\/17\/descolonizacion-linguistica-cultural-en-educacion\/"},"author":{"name":"Jeanette","@id":"https:\/\/www.eldiario.net\/portal\/#\/schema\/person\/2c57cf2b7a7ae032e449e4c9b1019eac"},"headline":"Descolonizaci\u00f3n ling\u00fc\u00edstica, cultural en educaci\u00f3n","datePublished":"2024-03-17T10:55:01+00:00","mainEntityOfPage":{"@id":"https:\/\/www.eldiario.net\/portal\/2024\/03\/17\/descolonizacion-linguistica-cultural-en-educacion\/"},"wordCount":596,"commentCount":0,"publisher":{"@id":"https:\/\/www.eldiario.net\/portal\/#organization"},"image":{"@id":"https:\/\/www.eldiario.net\/portal\/2024\/03\/17\/descolonizacion-linguistica-cultural-en-educacion\/#primaryimage"},"thumbnailUrl":"https:\/\/www.eldiario.net\/portal\/wp-content\/uploads\/2023\/12\/Opinion.jpg","articleSection":["Opini\u00f3n"],"inLanguage":"es","potentialAction":[{"@type":"CommentAction","name":"Comment","target":["https:\/\/www.eldiario.net\/portal\/2024\/03\/17\/descolonizacion-linguistica-cultural-en-educacion\/#respond"]}]},{"@type":"WebPage","@id":"https:\/\/www.eldiario.net\/portal\/2024\/03\/17\/descolonizacion-linguistica-cultural-en-educacion\/","url":"https:\/\/www.eldiario.net\/portal\/2024\/03\/17\/descolonizacion-linguistica-cultural-en-educacion\/","name":"Descolonizaci\u00f3n ling\u00fc\u00edstica, cultural en educaci\u00f3n - El Diario - Bolivia","isPartOf":{"@id":"https:\/\/www.eldiario.net\/portal\/#website"},"primaryImageOfPage":{"@id":"https:\/\/www.eldiario.net\/portal\/2024\/03\/17\/descolonizacion-linguistica-cultural-en-educacion\/#primaryimage"},"image":{"@id":"https:\/\/www.eldiario.net\/portal\/2024\/03\/17\/descolonizacion-linguistica-cultural-en-educacion\/#primaryimage"},"thumbnailUrl":"https:\/\/www.eldiario.net\/portal\/wp-content\/uploads\/2023\/12\/Opinion.jpg","datePublished":"2024-03-17T10:55:01+00:00","breadcrumb":{"@id":"https:\/\/www.eldiario.net\/portal\/2024\/03\/17\/descolonizacion-linguistica-cultural-en-educacion\/#breadcrumb"},"inLanguage":"es","potentialAction":[{"@type":"ReadAction","target":["https:\/\/www.eldiario.net\/portal\/2024\/03\/17\/descolonizacion-linguistica-cultural-en-educacion\/"]}]},{"@type":"ImageObject","inLanguage":"es","@id":"https:\/\/www.eldiario.net\/portal\/2024\/03\/17\/descolonizacion-linguistica-cultural-en-educacion\/#primaryimage","url":"https:\/\/www.eldiario.net\/portal\/wp-content\/uploads\/2023\/12\/Opinion.jpg","contentUrl":"https:\/\/www.eldiario.net\/portal\/wp-content\/uploads\/2023\/12\/Opinion.jpg","width":800,"height":500},{"@type":"BreadcrumbList","@id":"https:\/\/www.eldiario.net\/portal\/2024\/03\/17\/descolonizacion-linguistica-cultural-en-educacion\/#breadcrumb","itemListElement":[{"@type":"ListItem","position":1,"name":"Portada","item":"https:\/\/www.eldiario.net\/portal\/"},{"@type":"ListItem","position":2,"name":"Descolonizaci\u00f3n ling\u00fc\u00edstica, cultural en educaci\u00f3n"}]},{"@type":"WebSite","@id":"https:\/\/www.eldiario.net\/portal\/#website","url":"https:\/\/www.eldiario.net\/portal\/","name":"El Diario - Decano de la prensa nacional","description":"El Diario - Decano de la prensa nacional","publisher":{"@id":"https:\/\/www.eldiario.net\/portal\/#organization"},"potentialAction":[{"@type":"SearchAction","target":{"@type":"EntryPoint","urlTemplate":"https:\/\/www.eldiario.net\/portal\/?s={search_term_string}"},"query-input":{"@type":"PropertyValueSpecification","valueRequired":true,"valueName":"search_term_string"}}],"inLanguage":"es"},{"@type":"Organization","@id":"https:\/\/www.eldiario.net\/portal\/#organization","name":"El Diario - Decano de la prensa nacional","url":"https:\/\/www.eldiario.net\/portal\/","logo":{"@type":"ImageObject","inLanguage":"es","@id":"https:\/\/www.eldiario.net\/portal\/#\/schema\/logo\/image\/","url":"https:\/\/www.eldiario.net\/portal\/wp-content\/uploads\/2023\/07\/logo_ED.jpg","contentUrl":"https:\/\/www.eldiario.net\/portal\/wp-content\/uploads\/2023\/07\/logo_ED.jpg","width":272,"height":52,"caption":"El Diario - Decano de la prensa nacional"},"image":{"@id":"https:\/\/www.eldiario.net\/portal\/#\/schema\/logo\/image\/"},"sameAs":["https:\/\/www.facebook.com\/eldiario.bolivia\/","https:\/\/x.com\/eldiario_net"]},{"@type":"Person","@id":"https:\/\/www.eldiario.net\/portal\/#\/schema\/person\/2c57cf2b7a7ae032e449e4c9b1019eac","name":"Jeanette","image":{"@type":"ImageObject","inLanguage":"es","@id":"https:\/\/secure.gravatar.com\/avatar\/3ea2118a5f7dad2b7138b1187a6b7ee55f160b9968b66013c3a3ef39dd7e5798?s=96&d=mm&r=g","url":"https:\/\/secure.gravatar.com\/avatar\/3ea2118a5f7dad2b7138b1187a6b7ee55f160b9968b66013c3a3ef39dd7e5798?s=96&d=mm&r=g","contentUrl":"https:\/\/secure.gravatar.com\/avatar\/3ea2118a5f7dad2b7138b1187a6b7ee55f160b9968b66013c3a3ef39dd7e5798?s=96&d=mm&r=g","caption":"Jeanette"},"sameAs":["https:\/\/www.eldiario.net\/portal"],"url":"https:\/\/www.eldiario.net\/portal\/author\/jeanette\/"}]}},"_links":{"self":[{"href":"https:\/\/www.eldiario.net\/portal\/wp-json\/wp\/v2\/posts\/208628","targetHints":{"allow":["GET"]}}],"collection":[{"href":"https:\/\/www.eldiario.net\/portal\/wp-json\/wp\/v2\/posts"}],"about":[{"href":"https:\/\/www.eldiario.net\/portal\/wp-json\/wp\/v2\/types\/post"}],"author":[{"embeddable":true,"href":"https:\/\/www.eldiario.net\/portal\/wp-json\/wp\/v2\/users\/1"}],"replies":[{"embeddable":true,"href":"https:\/\/www.eldiario.net\/portal\/wp-json\/wp\/v2\/comments?post=208628"}],"version-history":[{"count":1,"href":"https:\/\/www.eldiario.net\/portal\/wp-json\/wp\/v2\/posts\/208628\/revisions"}],"predecessor-version":[{"id":208629,"href":"https:\/\/www.eldiario.net\/portal\/wp-json\/wp\/v2\/posts\/208628\/revisions\/208629"}],"wp:featuredmedia":[{"embeddable":true,"href":"https:\/\/www.eldiario.net\/portal\/wp-json\/wp\/v2\/media\/194790"}],"wp:attachment":[{"href":"https:\/\/www.eldiario.net\/portal\/wp-json\/wp\/v2\/media?parent=208628"}],"wp:term":[{"taxonomy":"category","embeddable":true,"href":"https:\/\/www.eldiario.net\/portal\/wp-json\/wp\/v2\/categories?post=208628"},{"taxonomy":"post_tag","embeddable":true,"href":"https:\/\/www.eldiario.net\/portal\/wp-json\/wp\/v2\/tags?post=208628"}],"curies":[{"name":"wp","href":"https:\/\/api.w.org\/{rel}","templated":true}]}}