{"id":208621,"date":"2024-03-17T06:53:26","date_gmt":"2024-03-17T10:53:26","guid":{"rendered":"https:\/\/www.eldiario.net\/portal\/?p=208621"},"modified":"2024-03-17T06:53:26","modified_gmt":"2024-03-17T10:53:26","slug":"programa-de-empleo-temporal-cuenta-con-presupuesto-de-bs-5765-millones","status":"publish","type":"post","link":"https:\/\/www.eldiario.net\/portal\/2024\/03\/17\/programa-de-empleo-temporal-cuenta-con-presupuesto-de-bs-5765-millones\/","title":{"rendered":"Programa de empleo temporal cuenta  con presupuesto de Bs 576,5 millones"},"content":{"rendered":"<p>La generaci\u00f3n de empleo temporal a trav\u00e9s del Programa Nacional de Emergencia para la Generaci\u00f3n de Empleo Bol \u2013 34, tiene un presupuesto de 576,5 millones de bolivianos para la ejecuci\u00f3n de 283 proyectos.<br \/>\nA trav\u00e9s del Fondo Nacional de Inversi\u00f3n Productiva y Social (FPS), se destinan recursos para mejorar condiciones de zonas y barrios con el enlosetado de calles, por ejemplo, a requerimiento de gobiernos municipales, aut\u00f3nomos e ind\u00edgena originario campesinos, adem\u00e1s de juntas vecinales u otras organizaciones sociales.<br \/>\nEl gerente de Programas y Proyectos del FPS, Freddy Colque, inform\u00f3 que el Programa Nacional de Emergencia para la Generaci\u00f3n de Empleo prioriza 283 proyectos, distribuidos en las diferentes regiones de Bolivia.<br \/>\nSon \u201c576,5 millones de bolivianos que estar\u00edan ya destinados a estos 283 proyectos\u201d, explic\u00f3 Colque en contacto con Vos Tv en L\u00ednea.<br \/>\nLos proyectos se desarrollan en 228 municipios, de los cuales en Beni est\u00e1n 11, en Chuquisaca 15, en Cochabamba 37, en La Paz 67, en Oruro 33, en Pando 9, en Potos\u00ed 25, en Santa Cruz 22 y en Tarija 9.<br \/>\nDel presupuesto total, a la fecha se alcanz\u00f3 a ejecutar 317 millones de bolivianos con una cobertura de beneficiarios de al menos el 67%.<br \/>\nDe los 283 proyectos, est\u00e1n en licitaci\u00f3n 53, en ejecuci\u00f3n 119 y concluidos 11, entre los que est\u00e1n obras con el acta de entrega provisional y otros con el documento de entrega definitiva.<br \/>\nEl Programa Nacional de Emergencia para la Generaci\u00f3n de Empleo Bol \u2013 34 es una iniciativa del Gobierno, del presidente Luis Arce, para promover la reactivaci\u00f3n econ\u00f3mica del pa\u00eds y generar fuentes de trabajo.<br \/>\nEst\u00e1 dirigido a gobiernos municipales, aut\u00f3nomos e ind\u00edgena originario campesinos, adem\u00e1s de juntas vecinales u otras organizaciones sociales debidamente constituidas y reconocidas en el ordenamiento jur\u00eddico vigente, quienes podr\u00e1n presentar sus proyectos para contar con este financiamiento.<br \/>\nEn la \u00e9poca de los gobiernos de Gonzalo S\u00e1nchez de Lozada se aplicaron similares medidas para generar empleos, con obras barriales, y con el que se pretend\u00eda alcanzar una cifra de 600 mil nuevas fuentes de trabajo temporales. (EL DIARIO y Abi)<\/p>\n","protected":false},"excerpt":{"rendered":"<p>La generaci\u00f3n de empleo temporal a trav\u00e9s del Programa Nacional de Emergencia para la Generaci\u00f3n de Empleo Bol \u2013 34, tiene un presupuesto de 576,5 millones de bolivianos para la ejecuci\u00f3n de 283 proyectos. A trav\u00e9s del Fondo Nacional de Inversi\u00f3n Productiva y Social (FPS), se destinan recursos para mejorar condiciones de zonas y barrios [&hellip;]<\/p>\n","protected":false},"author":1,"featured_media":208622,"comment_status":"open","ping_status":"open","sticky":false,"template":"","format":"standard","meta":{"_acf_changed":false,"footnotes":""},"categories":[7],"tags":[],"class_list":["post-208621","post","type-post","status-publish","format-standard","has-post-thumbnail","category-economia"],"acf":{"antetitulo":""},"yoast_head":"<!-- This site is optimized with the Yoast SEO plugin v28.4 - https:\/\/yoast.com\/product\/yoast-seo-wordpress\/ -->\n<title>Programa de empleo temporal cuenta con presupuesto de Bs 576,5 millones - El Diario - Bolivia<\/title>\n<meta name=\"robots\" content=\"index, follow, max-snippet:-1, max-image-preview:large, max-video-preview:-1\" \/>\n<link rel=\"canonical\" href=\"https:\/\/www.eldiario.net\/portal\/2024\/03\/17\/programa-de-empleo-temporal-cuenta-con-presupuesto-de-bs-5765-millones\/\" \/>\n<meta property=\"og:locale\" content=\"es_ES\" \/>\n<meta property=\"og:type\" content=\"article\" \/>\n<meta property=\"og:title\" content=\"Programa de empleo temporal cuenta con presupuesto de Bs 576,5 millones - El Diario - Bolivia\" \/>\n<meta property=\"og:description\" content=\"La generaci\u00f3n de empleo temporal a trav\u00e9s del Programa Nacional de Emergencia para la Generaci\u00f3n de Empleo Bol \u2013 34, tiene un presupuesto de 576,5 millones de bolivianos para la ejecuci\u00f3n de 283 proyectos. A trav\u00e9s del Fondo Nacional de Inversi\u00f3n Productiva y Social (FPS), se destinan recursos para mejorar condiciones de zonas y barrios [&hellip;]\" \/>\n<meta property=\"og:url\" content=\"https:\/\/www.eldiario.net\/portal\/2024\/03\/17\/programa-de-empleo-temporal-cuenta-con-presupuesto-de-bs-5765-millones\/\" \/>\n<meta property=\"og:site_name\" content=\"El Diario - Bolivia\" \/>\n<meta property=\"article:publisher\" content=\"https:\/\/www.facebook.com\/eldiario.bolivia\/\" \/>\n<meta property=\"article:published_time\" content=\"2024-03-17T10:53:26+00:00\" \/>\n<meta property=\"og:image\" content=\"https:\/\/www.eldiario.net\/portal\/wp-content\/uploads\/2024\/03\/obra.jpg\" \/>\n\t<meta property=\"og:image:width\" content=\"900\" \/>\n\t<meta property=\"og:image:height\" content=\"675\" \/>\n\t<meta property=\"og:image:type\" content=\"image\/jpeg\" \/>\n<meta name=\"author\" content=\"Jeanette\" \/>\n<meta name=\"twitter:card\" content=\"summary_large_image\" \/>\n<meta name=\"twitter:creator\" content=\"@eldiario_net\" \/>\n<meta name=\"twitter:site\" content=\"@eldiario_net\" \/>\n<meta name=\"twitter:label1\" content=\"Escrito por\" \/>\n\t<meta name=\"twitter:data1\" content=\"Jeanette\" \/>\n\t<meta name=\"twitter:label2\" content=\"Tiempo de lectura\" \/>\n\t<meta name=\"twitter:data2\" content=\"2 minutos\" \/>\n<script type=\"application\/ld+json\" class=\"yoast-schema-graph\">{\"@context\":\"https:\\\/\\\/schema.org\",\"@graph\":[{\"@type\":\"Article\",\"@id\":\"https:\\\/\\\/www.eldiario.net\\\/portal\\\/2024\\\/03\\\/17\\\/programa-de-empleo-temporal-cuenta-con-presupuesto-de-bs-5765-millones\\\/#article\",\"isPartOf\":{\"@id\":\"https:\\\/\\\/www.eldiario.net\\\/portal\\\/2024\\\/03\\\/17\\\/programa-de-empleo-temporal-cuenta-con-presupuesto-de-bs-5765-millones\\\/\"},\"author\":{\"name\":\"Jeanette\",\"@id\":\"https:\\\/\\\/www.eldiario.net\\\/portal\\\/#\\\/schema\\\/person\\\/2c57cf2b7a7ae032e449e4c9b1019eac\"},\"headline\":\"Programa de empleo temporal cuenta con presupuesto de Bs 576,5 millones\",\"datePublished\":\"2024-03-17T10:53:26+00:00\",\"mainEntityOfPage\":{\"@id\":\"https:\\\/\\\/www.eldiario.net\\\/portal\\\/2024\\\/03\\\/17\\\/programa-de-empleo-temporal-cuenta-con-presupuesto-de-bs-5765-millones\\\/\"},\"wordCount\":357,\"commentCount\":0,\"publisher\":{\"@id\":\"https:\\\/\\\/www.eldiario.net\\\/portal\\\/#organization\"},\"image\":{\"@id\":\"https:\\\/\\\/www.eldiario.net\\\/portal\\\/2024\\\/03\\\/17\\\/programa-de-empleo-temporal-cuenta-con-presupuesto-de-bs-5765-millones\\\/#primaryimage\"},\"thumbnailUrl\":\"https:\\\/\\\/www.eldiario.net\\\/portal\\\/wp-content\\\/uploads\\\/2024\\\/03\\\/obra.jpg\",\"articleSection\":[\"Econom\u00eda\"],\"inLanguage\":\"es\",\"potentialAction\":[{\"@type\":\"CommentAction\",\"name\":\"Comment\",\"target\":[\"https:\\\/\\\/www.eldiario.net\\\/portal\\\/2024\\\/03\\\/17\\\/programa-de-empleo-temporal-cuenta-con-presupuesto-de-bs-5765-millones\\\/#respond\"]}]},{\"@type\":\"WebPage\",\"@id\":\"https:\\\/\\\/www.eldiario.net\\\/portal\\\/2024\\\/03\\\/17\\\/programa-de-empleo-temporal-cuenta-con-presupuesto-de-bs-5765-millones\\\/\",\"url\":\"https:\\\/\\\/www.eldiario.net\\\/portal\\\/2024\\\/03\\\/17\\\/programa-de-empleo-temporal-cuenta-con-presupuesto-de-bs-5765-millones\\\/\",\"name\":\"Programa de empleo temporal cuenta con presupuesto de Bs 576,5 millones - El Diario - Bolivia\",\"isPartOf\":{\"@id\":\"https:\\\/\\\/www.eldiario.net\\\/portal\\\/#website\"},\"primaryImageOfPage\":{\"@id\":\"https:\\\/\\\/www.eldiario.net\\\/portal\\\/2024\\\/03\\\/17\\\/programa-de-empleo-temporal-cuenta-con-presupuesto-de-bs-5765-millones\\\/#primaryimage\"},\"image\":{\"@id\":\"https:\\\/\\\/www.eldiario.net\\\/portal\\\/2024\\\/03\\\/17\\\/programa-de-empleo-temporal-cuenta-con-presupuesto-de-bs-5765-millones\\\/#primaryimage\"},\"thumbnailUrl\":\"https:\\\/\\\/www.eldiario.net\\\/portal\\\/wp-content\\\/uploads\\\/2024\\\/03\\\/obra.jpg\",\"datePublished\":\"2024-03-17T10:53:26+00:00\",\"breadcrumb\":{\"@id\":\"https:\\\/\\\/www.eldiario.net\\\/portal\\\/2024\\\/03\\\/17\\\/programa-de-empleo-temporal-cuenta-con-presupuesto-de-bs-5765-millones\\\/#breadcrumb\"},\"inLanguage\":\"es\",\"potentialAction\":[{\"@type\":\"ReadAction\",\"target\":[\"https:\\\/\\\/www.eldiario.net\\\/portal\\\/2024\\\/03\\\/17\\\/programa-de-empleo-temporal-cuenta-con-presupuesto-de-bs-5765-millones\\\/\"]}]},{\"@type\":\"ImageObject\",\"inLanguage\":\"es\",\"@id\":\"https:\\\/\\\/www.eldiario.net\\\/portal\\\/2024\\\/03\\\/17\\\/programa-de-empleo-temporal-cuenta-con-presupuesto-de-bs-5765-millones\\\/#primaryimage\",\"url\":\"https:\\\/\\\/www.eldiario.net\\\/portal\\\/wp-content\\\/uploads\\\/2024\\\/03\\\/obra.jpg\",\"contentUrl\":\"https:\\\/\\\/www.eldiario.net\\\/portal\\\/wp-content\\\/uploads\\\/2024\\\/03\\\/obra.jpg\",\"width\":900,\"height\":675,\"caption\":\"Enlosetado de una calle.\"},{\"@type\":\"BreadcrumbList\",\"@id\":\"https:\\\/\\\/www.eldiario.net\\\/portal\\\/2024\\\/03\\\/17\\\/programa-de-empleo-temporal-cuenta-con-presupuesto-de-bs-5765-millones\\\/#breadcrumb\",\"itemListElement\":[{\"@type\":\"ListItem\",\"position\":1,\"name\":\"Portada\",\"item\":\"https:\\\/\\\/www.eldiario.net\\\/portal\\\/\"},{\"@type\":\"ListItem\",\"position\":2,\"name\":\"Programa de empleo temporal cuenta con presupuesto de Bs 576,5 millones\"}]},{\"@type\":\"WebSite\",\"@id\":\"https:\\\/\\\/www.eldiario.net\\\/portal\\\/#website\",\"url\":\"https:\\\/\\\/www.eldiario.net\\\/portal\\\/\",\"name\":\"El Diario - Decano de la prensa nacional\",\"description\":\"El Diario - Decano de la prensa nacional\",\"publisher\":{\"@id\":\"https:\\\/\\\/www.eldiario.net\\\/portal\\\/#organization\"},\"potentialAction\":[{\"@type\":\"SearchAction\",\"target\":{\"@type\":\"EntryPoint\",\"urlTemplate\":\"https:\\\/\\\/www.eldiario.net\\\/portal\\\/?s={search_term_string}\"},\"query-input\":{\"@type\":\"PropertyValueSpecification\",\"valueRequired\":true,\"valueName\":\"search_term_string\"}}],\"inLanguage\":\"es\"},{\"@type\":\"Organization\",\"@id\":\"https:\\\/\\\/www.eldiario.net\\\/portal\\\/#organization\",\"name\":\"El Diario - Decano de la prensa nacional\",\"url\":\"https:\\\/\\\/www.eldiario.net\\\/portal\\\/\",\"logo\":{\"@type\":\"ImageObject\",\"inLanguage\":\"es\",\"@id\":\"https:\\\/\\\/www.eldiario.net\\\/portal\\\/#\\\/schema\\\/logo\\\/image\\\/\",\"url\":\"https:\\\/\\\/www.eldiario.net\\\/portal\\\/wp-content\\\/uploads\\\/2023\\\/07\\\/logo_ED.jpg\",\"contentUrl\":\"https:\\\/\\\/www.eldiario.net\\\/portal\\\/wp-content\\\/uploads\\\/2023\\\/07\\\/logo_ED.jpg\",\"width\":272,\"height\":52,\"caption\":\"El Diario - Decano de la prensa nacional\"},\"image\":{\"@id\":\"https:\\\/\\\/www.eldiario.net\\\/portal\\\/#\\\/schema\\\/logo\\\/image\\\/\"},\"sameAs\":[\"https:\\\/\\\/www.facebook.com\\\/eldiario.bolivia\\\/\",\"https:\\\/\\\/x.com\\\/eldiario_net\"]},{\"@type\":\"Person\",\"@id\":\"https:\\\/\\\/www.eldiario.net\\\/portal\\\/#\\\/schema\\\/person\\\/2c57cf2b7a7ae032e449e4c9b1019eac\",\"name\":\"Jeanette\",\"image\":{\"@type\":\"ImageObject\",\"inLanguage\":\"es\",\"@id\":\"https:\\\/\\\/secure.gravatar.com\\\/avatar\\\/3ea2118a5f7dad2b7138b1187a6b7ee55f160b9968b66013c3a3ef39dd7e5798?s=96&d=mm&r=g\",\"url\":\"https:\\\/\\\/secure.gravatar.com\\\/avatar\\\/3ea2118a5f7dad2b7138b1187a6b7ee55f160b9968b66013c3a3ef39dd7e5798?s=96&d=mm&r=g\",\"contentUrl\":\"https:\\\/\\\/secure.gravatar.com\\\/avatar\\\/3ea2118a5f7dad2b7138b1187a6b7ee55f160b9968b66013c3a3ef39dd7e5798?s=96&d=mm&r=g\",\"caption\":\"Jeanette\"},\"sameAs\":[\"https:\\\/\\\/www.eldiario.net\\\/portal\"],\"url\":\"https:\\\/\\\/www.eldiario.net\\\/portal\\\/author\\\/jeanette\\\/\"}]}<\/script>\n<!-- \/ Yoast SEO plugin. -->","yoast_head_json":{"title":"Programa de empleo temporal cuenta con presupuesto de Bs 576,5 millones - El Diario - Bolivia","robots":{"index":"index","follow":"follow","max-snippet":"max-snippet:-1","max-image-preview":"max-image-preview:large","max-video-preview":"max-video-preview:-1"},"canonical":"https:\/\/www.eldiario.net\/portal\/2024\/03\/17\/programa-de-empleo-temporal-cuenta-con-presupuesto-de-bs-5765-millones\/","og_locale":"es_ES","og_type":"article","og_title":"Programa de empleo temporal cuenta con presupuesto de Bs 576,5 millones - El Diario - Bolivia","og_description":"La generaci\u00f3n de empleo temporal a trav\u00e9s del Programa Nacional de Emergencia para la Generaci\u00f3n de Empleo Bol \u2013 34, tiene un presupuesto de 576,5 millones de bolivianos para la ejecuci\u00f3n de 283 proyectos. A trav\u00e9s del Fondo Nacional de Inversi\u00f3n Productiva y Social (FPS), se destinan recursos para mejorar condiciones de zonas y barrios [&hellip;]","og_url":"https:\/\/www.eldiario.net\/portal\/2024\/03\/17\/programa-de-empleo-temporal-cuenta-con-presupuesto-de-bs-5765-millones\/","og_site_name":"El Diario - Bolivia","article_publisher":"https:\/\/www.facebook.com\/eldiario.bolivia\/","article_published_time":"2024-03-17T10:53:26+00:00","og_image":[{"width":900,"height":675,"url":"https:\/\/www.eldiario.net\/portal\/wp-content\/uploads\/2024\/03\/obra.jpg","type":"image\/jpeg"}],"author":"Jeanette","twitter_card":"summary_large_image","twitter_creator":"@eldiario_net","twitter_site":"@eldiario_net","twitter_misc":{"Escrito por":"Jeanette","Tiempo de lectura":"2 minutos"},"schema":{"@context":"https:\/\/schema.org","@graph":[{"@type":"Article","@id":"https:\/\/www.eldiario.net\/portal\/2024\/03\/17\/programa-de-empleo-temporal-cuenta-con-presupuesto-de-bs-5765-millones\/#article","isPartOf":{"@id":"https:\/\/www.eldiario.net\/portal\/2024\/03\/17\/programa-de-empleo-temporal-cuenta-con-presupuesto-de-bs-5765-millones\/"},"author":{"name":"Jeanette","@id":"https:\/\/www.eldiario.net\/portal\/#\/schema\/person\/2c57cf2b7a7ae032e449e4c9b1019eac"},"headline":"Programa de empleo temporal cuenta con presupuesto de Bs 576,5 millones","datePublished":"2024-03-17T10:53:26+00:00","mainEntityOfPage":{"@id":"https:\/\/www.eldiario.net\/portal\/2024\/03\/17\/programa-de-empleo-temporal-cuenta-con-presupuesto-de-bs-5765-millones\/"},"wordCount":357,"commentCount":0,"publisher":{"@id":"https:\/\/www.eldiario.net\/portal\/#organization"},"image":{"@id":"https:\/\/www.eldiario.net\/portal\/2024\/03\/17\/programa-de-empleo-temporal-cuenta-con-presupuesto-de-bs-5765-millones\/#primaryimage"},"thumbnailUrl":"https:\/\/www.eldiario.net\/portal\/wp-content\/uploads\/2024\/03\/obra.jpg","articleSection":["Econom\u00eda"],"inLanguage":"es","potentialAction":[{"@type":"CommentAction","name":"Comment","target":["https:\/\/www.eldiario.net\/portal\/2024\/03\/17\/programa-de-empleo-temporal-cuenta-con-presupuesto-de-bs-5765-millones\/#respond"]}]},{"@type":"WebPage","@id":"https:\/\/www.eldiario.net\/portal\/2024\/03\/17\/programa-de-empleo-temporal-cuenta-con-presupuesto-de-bs-5765-millones\/","url":"https:\/\/www.eldiario.net\/portal\/2024\/03\/17\/programa-de-empleo-temporal-cuenta-con-presupuesto-de-bs-5765-millones\/","name":"Programa de empleo temporal cuenta con presupuesto de Bs 576,5 millones - El Diario - Bolivia","isPartOf":{"@id":"https:\/\/www.eldiario.net\/portal\/#website"},"primaryImageOfPage":{"@id":"https:\/\/www.eldiario.net\/portal\/2024\/03\/17\/programa-de-empleo-temporal-cuenta-con-presupuesto-de-bs-5765-millones\/#primaryimage"},"image":{"@id":"https:\/\/www.eldiario.net\/portal\/2024\/03\/17\/programa-de-empleo-temporal-cuenta-con-presupuesto-de-bs-5765-millones\/#primaryimage"},"thumbnailUrl":"https:\/\/www.eldiario.net\/portal\/wp-content\/uploads\/2024\/03\/obra.jpg","datePublished":"2024-03-17T10:53:26+00:00","breadcrumb":{"@id":"https:\/\/www.eldiario.net\/portal\/2024\/03\/17\/programa-de-empleo-temporal-cuenta-con-presupuesto-de-bs-5765-millones\/#breadcrumb"},"inLanguage":"es","potentialAction":[{"@type":"ReadAction","target":["https:\/\/www.eldiario.net\/portal\/2024\/03\/17\/programa-de-empleo-temporal-cuenta-con-presupuesto-de-bs-5765-millones\/"]}]},{"@type":"ImageObject","inLanguage":"es","@id":"https:\/\/www.eldiario.net\/portal\/2024\/03\/17\/programa-de-empleo-temporal-cuenta-con-presupuesto-de-bs-5765-millones\/#primaryimage","url":"https:\/\/www.eldiario.net\/portal\/wp-content\/uploads\/2024\/03\/obra.jpg","contentUrl":"https:\/\/www.eldiario.net\/portal\/wp-content\/uploads\/2024\/03\/obra.jpg","width":900,"height":675,"caption":"Enlosetado de una calle."},{"@type":"BreadcrumbList","@id":"https:\/\/www.eldiario.net\/portal\/2024\/03\/17\/programa-de-empleo-temporal-cuenta-con-presupuesto-de-bs-5765-millones\/#breadcrumb","itemListElement":[{"@type":"ListItem","position":1,"name":"Portada","item":"https:\/\/www.eldiario.net\/portal\/"},{"@type":"ListItem","position":2,"name":"Programa de empleo temporal cuenta con presupuesto de Bs 576,5 millones"}]},{"@type":"WebSite","@id":"https:\/\/www.eldiario.net\/portal\/#website","url":"https:\/\/www.eldiario.net\/portal\/","name":"El Diario - Decano de la prensa nacional","description":"El Diario - Decano de la prensa nacional","publisher":{"@id":"https:\/\/www.eldiario.net\/portal\/#organization"},"potentialAction":[{"@type":"SearchAction","target":{"@type":"EntryPoint","urlTemplate":"https:\/\/www.eldiario.net\/portal\/?s={search_term_string}"},"query-input":{"@type":"PropertyValueSpecification","valueRequired":true,"valueName":"search_term_string"}}],"inLanguage":"es"},{"@type":"Organization","@id":"https:\/\/www.eldiario.net\/portal\/#organization","name":"El Diario - Decano de la prensa nacional","url":"https:\/\/www.eldiario.net\/portal\/","logo":{"@type":"ImageObject","inLanguage":"es","@id":"https:\/\/www.eldiario.net\/portal\/#\/schema\/logo\/image\/","url":"https:\/\/www.eldiario.net\/portal\/wp-content\/uploads\/2023\/07\/logo_ED.jpg","contentUrl":"https:\/\/www.eldiario.net\/portal\/wp-content\/uploads\/2023\/07\/logo_ED.jpg","width":272,"height":52,"caption":"El Diario - Decano de la prensa nacional"},"image":{"@id":"https:\/\/www.eldiario.net\/portal\/#\/schema\/logo\/image\/"},"sameAs":["https:\/\/www.facebook.com\/eldiario.bolivia\/","https:\/\/x.com\/eldiario_net"]},{"@type":"Person","@id":"https:\/\/www.eldiario.net\/portal\/#\/schema\/person\/2c57cf2b7a7ae032e449e4c9b1019eac","name":"Jeanette","image":{"@type":"ImageObject","inLanguage":"es","@id":"https:\/\/secure.gravatar.com\/avatar\/3ea2118a5f7dad2b7138b1187a6b7ee55f160b9968b66013c3a3ef39dd7e5798?s=96&d=mm&r=g","url":"https:\/\/secure.gravatar.com\/avatar\/3ea2118a5f7dad2b7138b1187a6b7ee55f160b9968b66013c3a3ef39dd7e5798?s=96&d=mm&r=g","contentUrl":"https:\/\/secure.gravatar.com\/avatar\/3ea2118a5f7dad2b7138b1187a6b7ee55f160b9968b66013c3a3ef39dd7e5798?s=96&d=mm&r=g","caption":"Jeanette"},"sameAs":["https:\/\/www.eldiario.net\/portal"],"url":"https:\/\/www.eldiario.net\/portal\/author\/jeanette\/"}]}},"_links":{"self":[{"href":"https:\/\/www.eldiario.net\/portal\/wp-json\/wp\/v2\/posts\/208621","targetHints":{"allow":["GET"]}}],"collection":[{"href":"https:\/\/www.eldiario.net\/portal\/wp-json\/wp\/v2\/posts"}],"about":[{"href":"https:\/\/www.eldiario.net\/portal\/wp-json\/wp\/v2\/types\/post"}],"author":[{"embeddable":true,"href":"https:\/\/www.eldiario.net\/portal\/wp-json\/wp\/v2\/users\/1"}],"replies":[{"embeddable":true,"href":"https:\/\/www.eldiario.net\/portal\/wp-json\/wp\/v2\/comments?post=208621"}],"version-history":[{"count":1,"href":"https:\/\/www.eldiario.net\/portal\/wp-json\/wp\/v2\/posts\/208621\/revisions"}],"predecessor-version":[{"id":208623,"href":"https:\/\/www.eldiario.net\/portal\/wp-json\/wp\/v2\/posts\/208621\/revisions\/208623"}],"wp:featuredmedia":[{"embeddable":true,"href":"https:\/\/www.eldiario.net\/portal\/wp-json\/wp\/v2\/media\/208622"}],"wp:attachment":[{"href":"https:\/\/www.eldiario.net\/portal\/wp-json\/wp\/v2\/media?parent=208621"}],"wp:term":[{"taxonomy":"category","embeddable":true,"href":"https:\/\/www.eldiario.net\/portal\/wp-json\/wp\/v2\/categories?post=208621"},{"taxonomy":"post_tag","embeddable":true,"href":"https:\/\/www.eldiario.net\/portal\/wp-json\/wp\/v2\/tags?post=208621"}],"curies":[{"name":"wp","href":"https:\/\/api.w.org\/{rel}","templated":true}]}}