{"id":208590,"date":"2024-03-17T06:44:53","date_gmt":"2024-03-17T10:44:53","guid":{"rendered":"https:\/\/www.eldiario.net\/portal\/?p=208590"},"modified":"2024-03-17T06:44:53","modified_gmt":"2024-03-17T10:44:53","slug":"autoridades-dejan-indefensa-a-la-poblacion-ante-desastres","status":"publish","type":"post","link":"https:\/\/www.eldiario.net\/portal\/2024\/03\/17\/autoridades-dejan-indefensa-a-la-poblacion-ante-desastres\/","title":{"rendered":"Autoridades dejan indefensa  a la poblaci\u00f3n ante desastres"},"content":{"rendered":"<p>Lamentando que nuevamente la poblaci\u00f3n deba sufrir por los efectos del cambio clim\u00e1tico, situaci\u00f3n que se repite cada a\u00f1o, la diputada por Comunidad Ciudadana (CC), Alejandra Camargo, cuestion\u00f3 que autoridades prioricen los actos proselitistas antes que la ejecuci\u00f3n de medidas preventivas para enfrentar desastres naturales.<br \/>\nDesde sus redes sociales, la legisladora representante de Cochabamba cuestion\u00f3 que, a\u00f1o tras a\u00f1o, autoridades nacionales y departamentales enfoquen sus esfuerzos y recursos en proselitismo, discursos, fiestas, adem\u00e1s de \u201ceternas y rid\u00edculas\u201d pugnas internas, antes que coordinar, prevenir y enfrentar emergencias.<br \/>\n\u201cEs triste que una vez ocurrido la desgracia, sigan gastando recursos y tiempo en culparse entre s\u00ed como si nada, en lugar de brindar apoyo inmediato a los muchos damnificados\u201d, expres\u00f3.<br \/>\nA tiempo de expresar condolencias y respaldo a las v\u00edctimas y afectados por desastres ocurridos en las \u00faltimas semanas, Camargo reproch\u00f3 que nuevamente el pa\u00eds deba vivir un panorama desolador a causa de lluvias, deslizamientos y desbordes de r\u00edos, esta vez con mayor fuerza que en gestiones pasadas, sin la atenci\u00f3n oportuna de gobernantes.<br \/>\n\u201cEstamos en un momento en el cual los bolivianos sufrimos de un contundente abandono de las autoridades en todos los niveles. El jefe de Estado vive escondido y no se pronuncia, los jefes del poder legislativo se la pasan en peleas infantiles que llegan hasta los golpes, y las autoridades departamentales levantan los hombros y echan la culpa a la naturaleza\u201d, lament\u00f3.<br \/>\nEn ese sentido, cuestion\u00f3 que estos mismos personajes sean los que en siguiente a\u00f1o, salgan a pedir el voto de la ciudadan\u00eda a la que hoy dejan de lado y en total indefensi\u00f3n.<br \/>\n\u201cLa \u2018sinverg\u00fcenzura\u2019 de la clase pol\u00edtica no tiene l\u00edmites, y somos todos los bolivianos, los que debemos pagar su falta de compromiso con los votantes\u201d, sostuvo.<br \/>\nAfirmando que es necesaria una reestructuraci\u00f3n del poder para dar una soluci\u00f3n integral a un problema que se repite cada a\u00f1o, Camargo llam\u00f3 a evaluar y reflexionar a qu\u00e9 personajes se pone en el poder como autoridades, pues el pa\u00eds necesita l\u00edderes con compromiso real, agenda de gesti\u00f3n y sobre todo predisposici\u00f3n para sacar a Bolivia adelante.<\/p>\n","protected":false},"excerpt":{"rendered":"<p>Lamentando que nuevamente la poblaci\u00f3n deba sufrir por los efectos del cambio clim\u00e1tico, situaci\u00f3n que se repite cada a\u00f1o, la diputada por Comunidad Ciudadana (CC), Alejandra Camargo, cuestion\u00f3 que autoridades prioricen los actos proselitistas antes que la ejecuci\u00f3n de medidas preventivas para enfrentar desastres naturales. Desde sus redes sociales, la legisladora representante de Cochabamba cuestion\u00f3 [&hellip;]<\/p>\n","protected":false},"author":1,"featured_media":208591,"comment_status":"open","ping_status":"open","sticky":false,"template":"","format":"standard","meta":{"_acf_changed":false,"footnotes":""},"categories":[14],"tags":[],"class_list":["post-208590","post","type-post","status-publish","format-standard","has-post-thumbnail","category-politica"],"acf":{"antetitulo":""},"yoast_head":"<!-- This site is optimized with the Yoast SEO plugin v28.3 - https:\/\/yoast.com\/product\/yoast-seo-wordpress\/ -->\n<title>Autoridades dejan indefensa a la poblaci\u00f3n ante desastres - El Diario - Bolivia<\/title>\n<meta name=\"robots\" content=\"index, follow, max-snippet:-1, max-image-preview:large, max-video-preview:-1\" \/>\n<link rel=\"canonical\" href=\"https:\/\/www.eldiario.net\/portal\/2024\/03\/17\/autoridades-dejan-indefensa-a-la-poblacion-ante-desastres\/\" \/>\n<meta property=\"og:locale\" content=\"es_ES\" \/>\n<meta property=\"og:type\" content=\"article\" \/>\n<meta property=\"og:title\" content=\"Autoridades dejan indefensa a la poblaci\u00f3n ante desastres - El Diario - Bolivia\" \/>\n<meta property=\"og:description\" content=\"Lamentando que nuevamente la poblaci\u00f3n deba sufrir por los efectos del cambio clim\u00e1tico, situaci\u00f3n que se repite cada a\u00f1o, la diputada por Comunidad Ciudadana (CC), Alejandra Camargo, cuestion\u00f3 que autoridades prioricen los actos proselitistas antes que la ejecuci\u00f3n de medidas preventivas para enfrentar desastres naturales. Desde sus redes sociales, la legisladora representante de Cochabamba cuestion\u00f3 [&hellip;]\" \/>\n<meta property=\"og:url\" content=\"https:\/\/www.eldiario.net\/portal\/2024\/03\/17\/autoridades-dejan-indefensa-a-la-poblacion-ante-desastres\/\" \/>\n<meta property=\"og:site_name\" content=\"El Diario - Bolivia\" \/>\n<meta property=\"article:publisher\" content=\"https:\/\/www.facebook.com\/eldiario.bolivia\/\" \/>\n<meta property=\"article:published_time\" content=\"2024-03-17T10:44:53+00:00\" \/>\n<meta property=\"og:image\" content=\"https:\/\/www.eldiario.net\/portal\/wp-content\/uploads\/2024\/03\/41-POL-6.jpg\" \/>\n\t<meta property=\"og:image:width\" content=\"800\" \/>\n\t<meta property=\"og:image:height\" content=\"491\" \/>\n\t<meta property=\"og:image:type\" content=\"image\/jpeg\" \/>\n<meta name=\"author\" content=\"Jeanette\" \/>\n<meta name=\"twitter:card\" content=\"summary_large_image\" \/>\n<meta name=\"twitter:creator\" content=\"@eldiario_net\" \/>\n<meta name=\"twitter:site\" content=\"@eldiario_net\" \/>\n<meta name=\"twitter:label1\" content=\"Escrito por\" \/>\n\t<meta name=\"twitter:data1\" content=\"Jeanette\" \/>\n\t<meta name=\"twitter:label2\" content=\"Tiempo de lectura\" \/>\n\t<meta name=\"twitter:data2\" content=\"2 minutos\" \/>\n<script type=\"application\/ld+json\" class=\"yoast-schema-graph\">{\"@context\":\"https:\\\/\\\/schema.org\",\"@graph\":[{\"@type\":\"Article\",\"@id\":\"https:\\\/\\\/www.eldiario.net\\\/portal\\\/2024\\\/03\\\/17\\\/autoridades-dejan-indefensa-a-la-poblacion-ante-desastres\\\/#article\",\"isPartOf\":{\"@id\":\"https:\\\/\\\/www.eldiario.net\\\/portal\\\/2024\\\/03\\\/17\\\/autoridades-dejan-indefensa-a-la-poblacion-ante-desastres\\\/\"},\"author\":{\"name\":\"Jeanette\",\"@id\":\"https:\\\/\\\/www.eldiario.net\\\/portal\\\/#\\\/schema\\\/person\\\/f46445640444750d7d753ccd04ae01b7\"},\"headline\":\"Autoridades dejan indefensa a la poblaci\u00f3n ante desastres\",\"datePublished\":\"2024-03-17T10:44:53+00:00\",\"mainEntityOfPage\":{\"@id\":\"https:\\\/\\\/www.eldiario.net\\\/portal\\\/2024\\\/03\\\/17\\\/autoridades-dejan-indefensa-a-la-poblacion-ante-desastres\\\/\"},\"wordCount\":384,\"commentCount\":0,\"publisher\":{\"@id\":\"https:\\\/\\\/www.eldiario.net\\\/portal\\\/#organization\"},\"image\":{\"@id\":\"https:\\\/\\\/www.eldiario.net\\\/portal\\\/2024\\\/03\\\/17\\\/autoridades-dejan-indefensa-a-la-poblacion-ante-desastres\\\/#primaryimage\"},\"thumbnailUrl\":\"https:\\\/\\\/www.eldiario.net\\\/portal\\\/wp-content\\\/uploads\\\/2024\\\/03\\\/41-POL-6.jpg\",\"articleSection\":[\"Pol\u00edtica\"],\"inLanguage\":\"es\",\"potentialAction\":[{\"@type\":\"CommentAction\",\"name\":\"Comment\",\"target\":[\"https:\\\/\\\/www.eldiario.net\\\/portal\\\/2024\\\/03\\\/17\\\/autoridades-dejan-indefensa-a-la-poblacion-ante-desastres\\\/#respond\"]}]},{\"@type\":\"WebPage\",\"@id\":\"https:\\\/\\\/www.eldiario.net\\\/portal\\\/2024\\\/03\\\/17\\\/autoridades-dejan-indefensa-a-la-poblacion-ante-desastres\\\/\",\"url\":\"https:\\\/\\\/www.eldiario.net\\\/portal\\\/2024\\\/03\\\/17\\\/autoridades-dejan-indefensa-a-la-poblacion-ante-desastres\\\/\",\"name\":\"Autoridades dejan indefensa a la poblaci\u00f3n ante desastres - El Diario - Bolivia\",\"isPartOf\":{\"@id\":\"https:\\\/\\\/www.eldiario.net\\\/portal\\\/#website\"},\"primaryImageOfPage\":{\"@id\":\"https:\\\/\\\/www.eldiario.net\\\/portal\\\/2024\\\/03\\\/17\\\/autoridades-dejan-indefensa-a-la-poblacion-ante-desastres\\\/#primaryimage\"},\"image\":{\"@id\":\"https:\\\/\\\/www.eldiario.net\\\/portal\\\/2024\\\/03\\\/17\\\/autoridades-dejan-indefensa-a-la-poblacion-ante-desastres\\\/#primaryimage\"},\"thumbnailUrl\":\"https:\\\/\\\/www.eldiario.net\\\/portal\\\/wp-content\\\/uploads\\\/2024\\\/03\\\/41-POL-6.jpg\",\"datePublished\":\"2024-03-17T10:44:53+00:00\",\"breadcrumb\":{\"@id\":\"https:\\\/\\\/www.eldiario.net\\\/portal\\\/2024\\\/03\\\/17\\\/autoridades-dejan-indefensa-a-la-poblacion-ante-desastres\\\/#breadcrumb\"},\"inLanguage\":\"es\",\"potentialAction\":[{\"@type\":\"ReadAction\",\"target\":[\"https:\\\/\\\/www.eldiario.net\\\/portal\\\/2024\\\/03\\\/17\\\/autoridades-dejan-indefensa-a-la-poblacion-ante-desastres\\\/\"]}]},{\"@type\":\"ImageObject\",\"inLanguage\":\"es\",\"@id\":\"https:\\\/\\\/www.eldiario.net\\\/portal\\\/2024\\\/03\\\/17\\\/autoridades-dejan-indefensa-a-la-poblacion-ante-desastres\\\/#primaryimage\",\"url\":\"https:\\\/\\\/www.eldiario.net\\\/portal\\\/wp-content\\\/uploads\\\/2024\\\/03\\\/41-POL-6.jpg\",\"contentUrl\":\"https:\\\/\\\/www.eldiario.net\\\/portal\\\/wp-content\\\/uploads\\\/2024\\\/03\\\/41-POL-6.jpg\",\"width\":800,\"height\":491,\"caption\":\"Diputada Alejandra Camargo (CC).\"},{\"@type\":\"BreadcrumbList\",\"@id\":\"https:\\\/\\\/www.eldiario.net\\\/portal\\\/2024\\\/03\\\/17\\\/autoridades-dejan-indefensa-a-la-poblacion-ante-desastres\\\/#breadcrumb\",\"itemListElement\":[{\"@type\":\"ListItem\",\"position\":1,\"name\":\"Portada\",\"item\":\"https:\\\/\\\/www.eldiario.net\\\/portal\\\/\"},{\"@type\":\"ListItem\",\"position\":2,\"name\":\"Autoridades dejan indefensa a la poblaci\u00f3n ante desastres\"}]},{\"@type\":\"WebSite\",\"@id\":\"https:\\\/\\\/www.eldiario.net\\\/portal\\\/#website\",\"url\":\"https:\\\/\\\/www.eldiario.net\\\/portal\\\/\",\"name\":\"El Diario - Decano de la prensa nacional\",\"description\":\"El Diario - Decano de la prensa nacional\",\"publisher\":{\"@id\":\"https:\\\/\\\/www.eldiario.net\\\/portal\\\/#organization\"},\"potentialAction\":[{\"@type\":\"SearchAction\",\"target\":{\"@type\":\"EntryPoint\",\"urlTemplate\":\"https:\\\/\\\/www.eldiario.net\\\/portal\\\/?s={search_term_string}\"},\"query-input\":{\"@type\":\"PropertyValueSpecification\",\"valueRequired\":true,\"valueName\":\"search_term_string\"}}],\"inLanguage\":\"es\"},{\"@type\":\"Organization\",\"@id\":\"https:\\\/\\\/www.eldiario.net\\\/portal\\\/#organization\",\"name\":\"El Diario - Decano de la prensa nacional\",\"url\":\"https:\\\/\\\/www.eldiario.net\\\/portal\\\/\",\"logo\":{\"@type\":\"ImageObject\",\"inLanguage\":\"es\",\"@id\":\"https:\\\/\\\/www.eldiario.net\\\/portal\\\/#\\\/schema\\\/logo\\\/image\\\/\",\"url\":\"https:\\\/\\\/www.eldiario.net\\\/portal\\\/wp-content\\\/uploads\\\/2023\\\/07\\\/logo_ED.jpg\",\"contentUrl\":\"https:\\\/\\\/www.eldiario.net\\\/portal\\\/wp-content\\\/uploads\\\/2023\\\/07\\\/logo_ED.jpg\",\"width\":272,\"height\":52,\"caption\":\"El Diario - Decano de la prensa nacional\"},\"image\":{\"@id\":\"https:\\\/\\\/www.eldiario.net\\\/portal\\\/#\\\/schema\\\/logo\\\/image\\\/\"},\"sameAs\":[\"https:\\\/\\\/www.facebook.com\\\/eldiario.bolivia\\\/\",\"https:\\\/\\\/x.com\\\/eldiario_net\"]},{\"@type\":\"Person\",\"@id\":\"https:\\\/\\\/www.eldiario.net\\\/portal\\\/#\\\/schema\\\/person\\\/f46445640444750d7d753ccd04ae01b7\",\"name\":\"Jeanette\",\"image\":{\"@type\":\"ImageObject\",\"inLanguage\":\"es\",\"@id\":\"https:\\\/\\\/secure.gravatar.com\\\/avatar\\\/3ea2118a5f7dad2b7138b1187a6b7ee55f160b9968b66013c3a3ef39dd7e5798?s=96&d=mm&r=g\",\"url\":\"https:\\\/\\\/secure.gravatar.com\\\/avatar\\\/3ea2118a5f7dad2b7138b1187a6b7ee55f160b9968b66013c3a3ef39dd7e5798?s=96&d=mm&r=g\",\"contentUrl\":\"https:\\\/\\\/secure.gravatar.com\\\/avatar\\\/3ea2118a5f7dad2b7138b1187a6b7ee55f160b9968b66013c3a3ef39dd7e5798?s=96&d=mm&r=g\",\"caption\":\"Jeanette\"},\"sameAs\":[\"https:\\\/\\\/www.eldiario.net\\\/portal\"],\"url\":\"https:\\\/\\\/www.eldiario.net\\\/portal\\\/author\\\/jeanette\\\/\"}]}<\/script>\n<!-- \/ Yoast SEO plugin. -->","yoast_head_json":{"title":"Autoridades dejan indefensa a la poblaci\u00f3n ante desastres - El Diario - Bolivia","robots":{"index":"index","follow":"follow","max-snippet":"max-snippet:-1","max-image-preview":"max-image-preview:large","max-video-preview":"max-video-preview:-1"},"canonical":"https:\/\/www.eldiario.net\/portal\/2024\/03\/17\/autoridades-dejan-indefensa-a-la-poblacion-ante-desastres\/","og_locale":"es_ES","og_type":"article","og_title":"Autoridades dejan indefensa a la poblaci\u00f3n ante desastres - El Diario - Bolivia","og_description":"Lamentando que nuevamente la poblaci\u00f3n deba sufrir por los efectos del cambio clim\u00e1tico, situaci\u00f3n que se repite cada a\u00f1o, la diputada por Comunidad Ciudadana (CC), Alejandra Camargo, cuestion\u00f3 que autoridades prioricen los actos proselitistas antes que la ejecuci\u00f3n de medidas preventivas para enfrentar desastres naturales. Desde sus redes sociales, la legisladora representante de Cochabamba cuestion\u00f3 [&hellip;]","og_url":"https:\/\/www.eldiario.net\/portal\/2024\/03\/17\/autoridades-dejan-indefensa-a-la-poblacion-ante-desastres\/","og_site_name":"El Diario - Bolivia","article_publisher":"https:\/\/www.facebook.com\/eldiario.bolivia\/","article_published_time":"2024-03-17T10:44:53+00:00","og_image":[{"width":800,"height":491,"url":"https:\/\/www.eldiario.net\/portal\/wp-content\/uploads\/2024\/03\/41-POL-6.jpg","type":"image\/jpeg"}],"author":"Jeanette","twitter_card":"summary_large_image","twitter_creator":"@eldiario_net","twitter_site":"@eldiario_net","twitter_misc":{"Escrito por":"Jeanette","Tiempo de lectura":"2 minutos"},"schema":{"@context":"https:\/\/schema.org","@graph":[{"@type":"Article","@id":"https:\/\/www.eldiario.net\/portal\/2024\/03\/17\/autoridades-dejan-indefensa-a-la-poblacion-ante-desastres\/#article","isPartOf":{"@id":"https:\/\/www.eldiario.net\/portal\/2024\/03\/17\/autoridades-dejan-indefensa-a-la-poblacion-ante-desastres\/"},"author":{"name":"Jeanette","@id":"https:\/\/www.eldiario.net\/portal\/#\/schema\/person\/f46445640444750d7d753ccd04ae01b7"},"headline":"Autoridades dejan indefensa a la poblaci\u00f3n ante desastres","datePublished":"2024-03-17T10:44:53+00:00","mainEntityOfPage":{"@id":"https:\/\/www.eldiario.net\/portal\/2024\/03\/17\/autoridades-dejan-indefensa-a-la-poblacion-ante-desastres\/"},"wordCount":384,"commentCount":0,"publisher":{"@id":"https:\/\/www.eldiario.net\/portal\/#organization"},"image":{"@id":"https:\/\/www.eldiario.net\/portal\/2024\/03\/17\/autoridades-dejan-indefensa-a-la-poblacion-ante-desastres\/#primaryimage"},"thumbnailUrl":"https:\/\/www.eldiario.net\/portal\/wp-content\/uploads\/2024\/03\/41-POL-6.jpg","articleSection":["Pol\u00edtica"],"inLanguage":"es","potentialAction":[{"@type":"CommentAction","name":"Comment","target":["https:\/\/www.eldiario.net\/portal\/2024\/03\/17\/autoridades-dejan-indefensa-a-la-poblacion-ante-desastres\/#respond"]}]},{"@type":"WebPage","@id":"https:\/\/www.eldiario.net\/portal\/2024\/03\/17\/autoridades-dejan-indefensa-a-la-poblacion-ante-desastres\/","url":"https:\/\/www.eldiario.net\/portal\/2024\/03\/17\/autoridades-dejan-indefensa-a-la-poblacion-ante-desastres\/","name":"Autoridades dejan indefensa a la poblaci\u00f3n ante desastres - El Diario - Bolivia","isPartOf":{"@id":"https:\/\/www.eldiario.net\/portal\/#website"},"primaryImageOfPage":{"@id":"https:\/\/www.eldiario.net\/portal\/2024\/03\/17\/autoridades-dejan-indefensa-a-la-poblacion-ante-desastres\/#primaryimage"},"image":{"@id":"https:\/\/www.eldiario.net\/portal\/2024\/03\/17\/autoridades-dejan-indefensa-a-la-poblacion-ante-desastres\/#primaryimage"},"thumbnailUrl":"https:\/\/www.eldiario.net\/portal\/wp-content\/uploads\/2024\/03\/41-POL-6.jpg","datePublished":"2024-03-17T10:44:53+00:00","breadcrumb":{"@id":"https:\/\/www.eldiario.net\/portal\/2024\/03\/17\/autoridades-dejan-indefensa-a-la-poblacion-ante-desastres\/#breadcrumb"},"inLanguage":"es","potentialAction":[{"@type":"ReadAction","target":["https:\/\/www.eldiario.net\/portal\/2024\/03\/17\/autoridades-dejan-indefensa-a-la-poblacion-ante-desastres\/"]}]},{"@type":"ImageObject","inLanguage":"es","@id":"https:\/\/www.eldiario.net\/portal\/2024\/03\/17\/autoridades-dejan-indefensa-a-la-poblacion-ante-desastres\/#primaryimage","url":"https:\/\/www.eldiario.net\/portal\/wp-content\/uploads\/2024\/03\/41-POL-6.jpg","contentUrl":"https:\/\/www.eldiario.net\/portal\/wp-content\/uploads\/2024\/03\/41-POL-6.jpg","width":800,"height":491,"caption":"Diputada Alejandra Camargo (CC)."},{"@type":"BreadcrumbList","@id":"https:\/\/www.eldiario.net\/portal\/2024\/03\/17\/autoridades-dejan-indefensa-a-la-poblacion-ante-desastres\/#breadcrumb","itemListElement":[{"@type":"ListItem","position":1,"name":"Portada","item":"https:\/\/www.eldiario.net\/portal\/"},{"@type":"ListItem","position":2,"name":"Autoridades dejan indefensa a la poblaci\u00f3n ante desastres"}]},{"@type":"WebSite","@id":"https:\/\/www.eldiario.net\/portal\/#website","url":"https:\/\/www.eldiario.net\/portal\/","name":"El Diario - Decano de la prensa nacional","description":"El Diario - Decano de la prensa nacional","publisher":{"@id":"https:\/\/www.eldiario.net\/portal\/#organization"},"potentialAction":[{"@type":"SearchAction","target":{"@type":"EntryPoint","urlTemplate":"https:\/\/www.eldiario.net\/portal\/?s={search_term_string}"},"query-input":{"@type":"PropertyValueSpecification","valueRequired":true,"valueName":"search_term_string"}}],"inLanguage":"es"},{"@type":"Organization","@id":"https:\/\/www.eldiario.net\/portal\/#organization","name":"El Diario - Decano de la prensa nacional","url":"https:\/\/www.eldiario.net\/portal\/","logo":{"@type":"ImageObject","inLanguage":"es","@id":"https:\/\/www.eldiario.net\/portal\/#\/schema\/logo\/image\/","url":"https:\/\/www.eldiario.net\/portal\/wp-content\/uploads\/2023\/07\/logo_ED.jpg","contentUrl":"https:\/\/www.eldiario.net\/portal\/wp-content\/uploads\/2023\/07\/logo_ED.jpg","width":272,"height":52,"caption":"El Diario - Decano de la prensa nacional"},"image":{"@id":"https:\/\/www.eldiario.net\/portal\/#\/schema\/logo\/image\/"},"sameAs":["https:\/\/www.facebook.com\/eldiario.bolivia\/","https:\/\/x.com\/eldiario_net"]},{"@type":"Person","@id":"https:\/\/www.eldiario.net\/portal\/#\/schema\/person\/f46445640444750d7d753ccd04ae01b7","name":"Jeanette","image":{"@type":"ImageObject","inLanguage":"es","@id":"https:\/\/secure.gravatar.com\/avatar\/3ea2118a5f7dad2b7138b1187a6b7ee55f160b9968b66013c3a3ef39dd7e5798?s=96&d=mm&r=g","url":"https:\/\/secure.gravatar.com\/avatar\/3ea2118a5f7dad2b7138b1187a6b7ee55f160b9968b66013c3a3ef39dd7e5798?s=96&d=mm&r=g","contentUrl":"https:\/\/secure.gravatar.com\/avatar\/3ea2118a5f7dad2b7138b1187a6b7ee55f160b9968b66013c3a3ef39dd7e5798?s=96&d=mm&r=g","caption":"Jeanette"},"sameAs":["https:\/\/www.eldiario.net\/portal"],"url":"https:\/\/www.eldiario.net\/portal\/author\/jeanette\/"}]}},"_links":{"self":[{"href":"https:\/\/www.eldiario.net\/portal\/wp-json\/wp\/v2\/posts\/208590","targetHints":{"allow":["GET"]}}],"collection":[{"href":"https:\/\/www.eldiario.net\/portal\/wp-json\/wp\/v2\/posts"}],"about":[{"href":"https:\/\/www.eldiario.net\/portal\/wp-json\/wp\/v2\/types\/post"}],"author":[{"embeddable":true,"href":"https:\/\/www.eldiario.net\/portal\/wp-json\/wp\/v2\/users\/1"}],"replies":[{"embeddable":true,"href":"https:\/\/www.eldiario.net\/portal\/wp-json\/wp\/v2\/comments?post=208590"}],"version-history":[{"count":1,"href":"https:\/\/www.eldiario.net\/portal\/wp-json\/wp\/v2\/posts\/208590\/revisions"}],"predecessor-version":[{"id":208592,"href":"https:\/\/www.eldiario.net\/portal\/wp-json\/wp\/v2\/posts\/208590\/revisions\/208592"}],"wp:featuredmedia":[{"embeddable":true,"href":"https:\/\/www.eldiario.net\/portal\/wp-json\/wp\/v2\/media\/208591"}],"wp:attachment":[{"href":"https:\/\/www.eldiario.net\/portal\/wp-json\/wp\/v2\/media?parent=208590"}],"wp:term":[{"taxonomy":"category","embeddable":true,"href":"https:\/\/www.eldiario.net\/portal\/wp-json\/wp\/v2\/categories?post=208590"},{"taxonomy":"post_tag","embeddable":true,"href":"https:\/\/www.eldiario.net\/portal\/wp-json\/wp\/v2\/tags?post=208590"}],"curies":[{"name":"wp","href":"https:\/\/api.w.org\/{rel}","templated":true}]}}