{"id":208588,"date":"2024-03-17T06:43:55","date_gmt":"2024-03-17T10:43:55","guid":{"rendered":"https:\/\/www.eldiario.net\/portal\/?p=208588"},"modified":"2024-03-17T06:44:20","modified_gmt":"2024-03-17T10:44:20","slug":"conade-se-solidariza-con-jovenes-de-la-rjc-y-exige-detener-injusticia","status":"publish","type":"post","link":"https:\/\/www.eldiario.net\/portal\/2024\/03\/17\/conade-se-solidariza-con-jovenes-de-la-rjc-y-exige-detener-injusticia\/","title":{"rendered":"Conade se solidariza con j\u00f3venes  de la RJC y exige detener injusticia"},"content":{"rendered":"<p>Recuerdan que, en 2019, la instrucci\u00f3n de Morales para que grupos cocaleros inicien una convulsi\u00f3n, buscaba que esta acci\u00f3n le permita volver a la presidencia como pacificador.<br \/>\nSe\u00f1alando que la reinstalaci\u00f3n del juicio oral contra miembros de la Resistencia Juvenil Cochala (RJC) se trata de una \u201cvenganza\u201d contra j\u00f3venes que en 2019 defendieron Cochabamba de grupos violentos que responden al Movimiento al Socialismo (MAS), desde el Comit\u00e9 Nacional de Defensa de la Democracia (Conade), se exigi\u00f3 al Gobierno detener esta injusticia sin descartar acudir ante organismos internacionales para denunciar esta vulneraci\u00f3n.<br \/>\nMediante un comunicado emitido por el ente defensor de la democracia, se reiter\u00f3 que el proceso se sustenta en acusaciones inventadas, testigos mentirosos, investigadores y jueces parcializados apoyados por ministerios y todo el aparato del Gobierno.<br \/>\n\u201cSe trata de un verdadero sicariato judicial contra un grupo de j\u00f3venes que se organiz\u00f3, en respuesta a las agresiones de las milicias cocaleras que, marchando desde el Chapare amenazaban con asaltar la ciudad de Cochabamba que se hab\u00eda plegado mediante el bloqueo de \u2018pititas y llantitas\u2019 al levantamiento popular en rechazo del fraude electoral de Evo Morales en 2019\u201d, se\u00f1ala la nota.<br \/>\nPuntualizando que la instrucci\u00f3n de Morales para que grupos cocaleros inicien una convulsi\u00f3n que le permita volver a la presidencia como pacificador, se record\u00f3 que este extremo no lleg\u00f3 a suceder, porque l\u00edderes del levantamiento popular y los parlamentarios masitas decidieron proceder a la sucesi\u00f3n constitucional y pacificar el pa\u00eds.<br \/>\n\u201cLa poblaci\u00f3n cochabambina organiz\u00f3 su autodefensa resaltando en este esfuerzo el grupo de j\u00f3venes de la Resistencia Juvenil Cochabambina que en acciones de contenci\u00f3n a las milicias cocaleras, las disuadieron de sus prop\u00f3sitos de asaltar la ciudad, evitando la convulsi\u00f3n y confrontaci\u00f3n que hab\u00eda instruido Evo Morales desde el exterior\u201d.<br \/>\nPara el Conade, este fue el motivo por el que el masismo se ha ensa\u00f1ado contra la RJC y, en un acto injusto e ilegal, pretende escarmentar al pueblo cochabambino por haberse defendido.<br \/>\nAsimismo, se se\u00f1ala que la acusaci\u00f3n por supuesta destrucci\u00f3n de bienes del Estado, solo busca mantener a este grupo de j\u00f3venes en la c\u00e1rcel, torturados, maltratados y sin el debido proceso.<br \/>\n\u201cConade eleva su voz de solidaridad con los j\u00f3venes de la RJC y exige al Gobierno detener esta injusticia, sin perjuicio de recurrir ante organismos internacionales si no somos escuchados\u201d, finaliza la nota.<br \/>\nEsta semana, se reinstal\u00f3 la audiencia de juicio oral contra Yassir Molina Lozada, los hermanos Mario y Favio Bascop\u00e9 Revuelta, Milena Soto L\u00f3pez, Jaime Maldonado M\u00e9ndez y Luis Antonio Ter\u00e1n Cadima, quienes enfrentan un proceso por al menos siete delitos, supuestamente cometidos durante los conflictos sociales de 2019 y 2020.<br \/>\nEl martes, el exdefensor del pueblo, Nelson Cox, y la exdiputada del MAS, Juana Quispe, quienes se constituyeron como parte querellante del proceso, fueron las primeras de un centenar de personas convocadas a testificar en el juicio oral.<\/p>\n","protected":false},"excerpt":{"rendered":"<p>Recuerdan que, en 2019, la instrucci\u00f3n de Morales para que grupos cocaleros inicien una convulsi\u00f3n, buscaba que esta acci\u00f3n le permita volver a la presidencia como pacificador. Se\u00f1alando que la reinstalaci\u00f3n del juicio oral contra miembros de la Resistencia Juvenil Cochala (RJC) se trata de una \u201cvenganza\u201d contra j\u00f3venes que en 2019 defendieron Cochabamba de [&hellip;]<\/p>\n","protected":false},"author":1,"featured_media":194754,"comment_status":"open","ping_status":"open","sticky":false,"template":"","format":"standard","meta":{"_acf_changed":false,"footnotes":""},"categories":[14],"tags":[],"class_list":["post-208588","post","type-post","status-publish","format-standard","has-post-thumbnail","category-politica"],"acf":{"antetitulo":"Advierten con denuncia internacional"},"yoast_head":"<!-- This site is optimized with the Yoast SEO plugin v28.3 - https:\/\/yoast.com\/product\/yoast-seo-wordpress\/ -->\n<title>Conade se solidariza con j\u00f3venes de la RJC y exige detener injusticia - El Diario - Bolivia<\/title>\n<meta name=\"robots\" content=\"index, follow, max-snippet:-1, max-image-preview:large, max-video-preview:-1\" \/>\n<link rel=\"canonical\" href=\"https:\/\/www.eldiario.net\/portal\/2024\/03\/17\/conade-se-solidariza-con-jovenes-de-la-rjc-y-exige-detener-injusticia\/\" \/>\n<meta property=\"og:locale\" content=\"es_ES\" \/>\n<meta property=\"og:type\" content=\"article\" \/>\n<meta property=\"og:title\" content=\"Conade se solidariza con j\u00f3venes de la RJC y exige detener injusticia - El Diario - Bolivia\" \/>\n<meta property=\"og:description\" content=\"Recuerdan que, en 2019, la instrucci\u00f3n de Morales para que grupos cocaleros inicien una convulsi\u00f3n, buscaba que esta acci\u00f3n le permita volver a la presidencia como pacificador. Se\u00f1alando que la reinstalaci\u00f3n del juicio oral contra miembros de la Resistencia Juvenil Cochala (RJC) se trata de una \u201cvenganza\u201d contra j\u00f3venes que en 2019 defendieron Cochabamba de [&hellip;]\" \/>\n<meta property=\"og:url\" content=\"https:\/\/www.eldiario.net\/portal\/2024\/03\/17\/conade-se-solidariza-con-jovenes-de-la-rjc-y-exige-detener-injusticia\/\" \/>\n<meta property=\"og:site_name\" content=\"El Diario - Bolivia\" \/>\n<meta property=\"article:publisher\" content=\"https:\/\/www.facebook.com\/eldiario.bolivia\/\" \/>\n<meta property=\"article:published_time\" content=\"2024-03-17T10:43:55+00:00\" \/>\n<meta property=\"article:modified_time\" content=\"2024-03-17T10:44:20+00:00\" \/>\n<meta property=\"og:image\" content=\"https:\/\/www.eldiario.net\/portal\/wp-content\/uploads\/2023\/12\/Politica.jpg\" \/>\n\t<meta property=\"og:image:width\" content=\"800\" \/>\n\t<meta property=\"og:image:height\" content=\"500\" \/>\n\t<meta property=\"og:image:type\" content=\"image\/jpeg\" \/>\n<meta name=\"author\" content=\"Jeanette\" \/>\n<meta name=\"twitter:card\" content=\"summary_large_image\" \/>\n<meta name=\"twitter:creator\" content=\"@eldiario_net\" \/>\n<meta name=\"twitter:site\" content=\"@eldiario_net\" \/>\n<meta name=\"twitter:label1\" content=\"Escrito por\" \/>\n\t<meta name=\"twitter:data1\" content=\"Jeanette\" \/>\n\t<meta name=\"twitter:label2\" content=\"Tiempo de lectura\" \/>\n\t<meta name=\"twitter:data2\" content=\"3 minutos\" \/>\n<script type=\"application\/ld+json\" class=\"yoast-schema-graph\">{\"@context\":\"https:\\\/\\\/schema.org\",\"@graph\":[{\"@type\":\"Article\",\"@id\":\"https:\\\/\\\/www.eldiario.net\\\/portal\\\/2024\\\/03\\\/17\\\/conade-se-solidariza-con-jovenes-de-la-rjc-y-exige-detener-injusticia\\\/#article\",\"isPartOf\":{\"@id\":\"https:\\\/\\\/www.eldiario.net\\\/portal\\\/2024\\\/03\\\/17\\\/conade-se-solidariza-con-jovenes-de-la-rjc-y-exige-detener-injusticia\\\/\"},\"author\":{\"name\":\"Jeanette\",\"@id\":\"https:\\\/\\\/www.eldiario.net\\\/portal\\\/#\\\/schema\\\/person\\\/f46445640444750d7d753ccd04ae01b7\"},\"headline\":\"Conade se solidariza con j\u00f3venes de la RJC y exige detener injusticia\",\"datePublished\":\"2024-03-17T10:43:55+00:00\",\"dateModified\":\"2024-03-17T10:44:20+00:00\",\"mainEntityOfPage\":{\"@id\":\"https:\\\/\\\/www.eldiario.net\\\/portal\\\/2024\\\/03\\\/17\\\/conade-se-solidariza-con-jovenes-de-la-rjc-y-exige-detener-injusticia\\\/\"},\"wordCount\":515,\"commentCount\":0,\"publisher\":{\"@id\":\"https:\\\/\\\/www.eldiario.net\\\/portal\\\/#organization\"},\"image\":{\"@id\":\"https:\\\/\\\/www.eldiario.net\\\/portal\\\/2024\\\/03\\\/17\\\/conade-se-solidariza-con-jovenes-de-la-rjc-y-exige-detener-injusticia\\\/#primaryimage\"},\"thumbnailUrl\":\"https:\\\/\\\/www.eldiario.net\\\/portal\\\/wp-content\\\/uploads\\\/2023\\\/12\\\/Politica.jpg\",\"articleSection\":[\"Pol\u00edtica\"],\"inLanguage\":\"es\",\"potentialAction\":[{\"@type\":\"CommentAction\",\"name\":\"Comment\",\"target\":[\"https:\\\/\\\/www.eldiario.net\\\/portal\\\/2024\\\/03\\\/17\\\/conade-se-solidariza-con-jovenes-de-la-rjc-y-exige-detener-injusticia\\\/#respond\"]}]},{\"@type\":\"WebPage\",\"@id\":\"https:\\\/\\\/www.eldiario.net\\\/portal\\\/2024\\\/03\\\/17\\\/conade-se-solidariza-con-jovenes-de-la-rjc-y-exige-detener-injusticia\\\/\",\"url\":\"https:\\\/\\\/www.eldiario.net\\\/portal\\\/2024\\\/03\\\/17\\\/conade-se-solidariza-con-jovenes-de-la-rjc-y-exige-detener-injusticia\\\/\",\"name\":\"Conade se solidariza con j\u00f3venes de la RJC y exige detener injusticia - El Diario - Bolivia\",\"isPartOf\":{\"@id\":\"https:\\\/\\\/www.eldiario.net\\\/portal\\\/#website\"},\"primaryImageOfPage\":{\"@id\":\"https:\\\/\\\/www.eldiario.net\\\/portal\\\/2024\\\/03\\\/17\\\/conade-se-solidariza-con-jovenes-de-la-rjc-y-exige-detener-injusticia\\\/#primaryimage\"},\"image\":{\"@id\":\"https:\\\/\\\/www.eldiario.net\\\/portal\\\/2024\\\/03\\\/17\\\/conade-se-solidariza-con-jovenes-de-la-rjc-y-exige-detener-injusticia\\\/#primaryimage\"},\"thumbnailUrl\":\"https:\\\/\\\/www.eldiario.net\\\/portal\\\/wp-content\\\/uploads\\\/2023\\\/12\\\/Politica.jpg\",\"datePublished\":\"2024-03-17T10:43:55+00:00\",\"dateModified\":\"2024-03-17T10:44:20+00:00\",\"breadcrumb\":{\"@id\":\"https:\\\/\\\/www.eldiario.net\\\/portal\\\/2024\\\/03\\\/17\\\/conade-se-solidariza-con-jovenes-de-la-rjc-y-exige-detener-injusticia\\\/#breadcrumb\"},\"inLanguage\":\"es\",\"potentialAction\":[{\"@type\":\"ReadAction\",\"target\":[\"https:\\\/\\\/www.eldiario.net\\\/portal\\\/2024\\\/03\\\/17\\\/conade-se-solidariza-con-jovenes-de-la-rjc-y-exige-detener-injusticia\\\/\"]}]},{\"@type\":\"ImageObject\",\"inLanguage\":\"es\",\"@id\":\"https:\\\/\\\/www.eldiario.net\\\/portal\\\/2024\\\/03\\\/17\\\/conade-se-solidariza-con-jovenes-de-la-rjc-y-exige-detener-injusticia\\\/#primaryimage\",\"url\":\"https:\\\/\\\/www.eldiario.net\\\/portal\\\/wp-content\\\/uploads\\\/2023\\\/12\\\/Politica.jpg\",\"contentUrl\":\"https:\\\/\\\/www.eldiario.net\\\/portal\\\/wp-content\\\/uploads\\\/2023\\\/12\\\/Politica.jpg\",\"width\":800,\"height\":500},{\"@type\":\"BreadcrumbList\",\"@id\":\"https:\\\/\\\/www.eldiario.net\\\/portal\\\/2024\\\/03\\\/17\\\/conade-se-solidariza-con-jovenes-de-la-rjc-y-exige-detener-injusticia\\\/#breadcrumb\",\"itemListElement\":[{\"@type\":\"ListItem\",\"position\":1,\"name\":\"Portada\",\"item\":\"https:\\\/\\\/www.eldiario.net\\\/portal\\\/\"},{\"@type\":\"ListItem\",\"position\":2,\"name\":\"Conade se solidariza con j\u00f3venes de la RJC y exige detener injusticia\"}]},{\"@type\":\"WebSite\",\"@id\":\"https:\\\/\\\/www.eldiario.net\\\/portal\\\/#website\",\"url\":\"https:\\\/\\\/www.eldiario.net\\\/portal\\\/\",\"name\":\"El Diario - Decano de la prensa nacional\",\"description\":\"El Diario - Decano de la prensa nacional\",\"publisher\":{\"@id\":\"https:\\\/\\\/www.eldiario.net\\\/portal\\\/#organization\"},\"potentialAction\":[{\"@type\":\"SearchAction\",\"target\":{\"@type\":\"EntryPoint\",\"urlTemplate\":\"https:\\\/\\\/www.eldiario.net\\\/portal\\\/?s={search_term_string}\"},\"query-input\":{\"@type\":\"PropertyValueSpecification\",\"valueRequired\":true,\"valueName\":\"search_term_string\"}}],\"inLanguage\":\"es\"},{\"@type\":\"Organization\",\"@id\":\"https:\\\/\\\/www.eldiario.net\\\/portal\\\/#organization\",\"name\":\"El Diario - Decano de la prensa nacional\",\"url\":\"https:\\\/\\\/www.eldiario.net\\\/portal\\\/\",\"logo\":{\"@type\":\"ImageObject\",\"inLanguage\":\"es\",\"@id\":\"https:\\\/\\\/www.eldiario.net\\\/portal\\\/#\\\/schema\\\/logo\\\/image\\\/\",\"url\":\"https:\\\/\\\/www.eldiario.net\\\/portal\\\/wp-content\\\/uploads\\\/2023\\\/07\\\/logo_ED.jpg\",\"contentUrl\":\"https:\\\/\\\/www.eldiario.net\\\/portal\\\/wp-content\\\/uploads\\\/2023\\\/07\\\/logo_ED.jpg\",\"width\":272,\"height\":52,\"caption\":\"El Diario - Decano de la prensa nacional\"},\"image\":{\"@id\":\"https:\\\/\\\/www.eldiario.net\\\/portal\\\/#\\\/schema\\\/logo\\\/image\\\/\"},\"sameAs\":[\"https:\\\/\\\/www.facebook.com\\\/eldiario.bolivia\\\/\",\"https:\\\/\\\/x.com\\\/eldiario_net\"]},{\"@type\":\"Person\",\"@id\":\"https:\\\/\\\/www.eldiario.net\\\/portal\\\/#\\\/schema\\\/person\\\/f46445640444750d7d753ccd04ae01b7\",\"name\":\"Jeanette\",\"image\":{\"@type\":\"ImageObject\",\"inLanguage\":\"es\",\"@id\":\"https:\\\/\\\/secure.gravatar.com\\\/avatar\\\/3ea2118a5f7dad2b7138b1187a6b7ee55f160b9968b66013c3a3ef39dd7e5798?s=96&d=mm&r=g\",\"url\":\"https:\\\/\\\/secure.gravatar.com\\\/avatar\\\/3ea2118a5f7dad2b7138b1187a6b7ee55f160b9968b66013c3a3ef39dd7e5798?s=96&d=mm&r=g\",\"contentUrl\":\"https:\\\/\\\/secure.gravatar.com\\\/avatar\\\/3ea2118a5f7dad2b7138b1187a6b7ee55f160b9968b66013c3a3ef39dd7e5798?s=96&d=mm&r=g\",\"caption\":\"Jeanette\"},\"sameAs\":[\"https:\\\/\\\/www.eldiario.net\\\/portal\"],\"url\":\"https:\\\/\\\/www.eldiario.net\\\/portal\\\/author\\\/jeanette\\\/\"}]}<\/script>\n<!-- \/ Yoast SEO plugin. -->","yoast_head_json":{"title":"Conade se solidariza con j\u00f3venes de la RJC y exige detener injusticia - El Diario - Bolivia","robots":{"index":"index","follow":"follow","max-snippet":"max-snippet:-1","max-image-preview":"max-image-preview:large","max-video-preview":"max-video-preview:-1"},"canonical":"https:\/\/www.eldiario.net\/portal\/2024\/03\/17\/conade-se-solidariza-con-jovenes-de-la-rjc-y-exige-detener-injusticia\/","og_locale":"es_ES","og_type":"article","og_title":"Conade se solidariza con j\u00f3venes de la RJC y exige detener injusticia - El Diario - Bolivia","og_description":"Recuerdan que, en 2019, la instrucci\u00f3n de Morales para que grupos cocaleros inicien una convulsi\u00f3n, buscaba que esta acci\u00f3n le permita volver a la presidencia como pacificador. Se\u00f1alando que la reinstalaci\u00f3n del juicio oral contra miembros de la Resistencia Juvenil Cochala (RJC) se trata de una \u201cvenganza\u201d contra j\u00f3venes que en 2019 defendieron Cochabamba de [&hellip;]","og_url":"https:\/\/www.eldiario.net\/portal\/2024\/03\/17\/conade-se-solidariza-con-jovenes-de-la-rjc-y-exige-detener-injusticia\/","og_site_name":"El Diario - Bolivia","article_publisher":"https:\/\/www.facebook.com\/eldiario.bolivia\/","article_published_time":"2024-03-17T10:43:55+00:00","article_modified_time":"2024-03-17T10:44:20+00:00","og_image":[{"width":800,"height":500,"url":"https:\/\/www.eldiario.net\/portal\/wp-content\/uploads\/2023\/12\/Politica.jpg","type":"image\/jpeg"}],"author":"Jeanette","twitter_card":"summary_large_image","twitter_creator":"@eldiario_net","twitter_site":"@eldiario_net","twitter_misc":{"Escrito por":"Jeanette","Tiempo de lectura":"3 minutos"},"schema":{"@context":"https:\/\/schema.org","@graph":[{"@type":"Article","@id":"https:\/\/www.eldiario.net\/portal\/2024\/03\/17\/conade-se-solidariza-con-jovenes-de-la-rjc-y-exige-detener-injusticia\/#article","isPartOf":{"@id":"https:\/\/www.eldiario.net\/portal\/2024\/03\/17\/conade-se-solidariza-con-jovenes-de-la-rjc-y-exige-detener-injusticia\/"},"author":{"name":"Jeanette","@id":"https:\/\/www.eldiario.net\/portal\/#\/schema\/person\/f46445640444750d7d753ccd04ae01b7"},"headline":"Conade se solidariza con j\u00f3venes de la RJC y exige detener injusticia","datePublished":"2024-03-17T10:43:55+00:00","dateModified":"2024-03-17T10:44:20+00:00","mainEntityOfPage":{"@id":"https:\/\/www.eldiario.net\/portal\/2024\/03\/17\/conade-se-solidariza-con-jovenes-de-la-rjc-y-exige-detener-injusticia\/"},"wordCount":515,"commentCount":0,"publisher":{"@id":"https:\/\/www.eldiario.net\/portal\/#organization"},"image":{"@id":"https:\/\/www.eldiario.net\/portal\/2024\/03\/17\/conade-se-solidariza-con-jovenes-de-la-rjc-y-exige-detener-injusticia\/#primaryimage"},"thumbnailUrl":"https:\/\/www.eldiario.net\/portal\/wp-content\/uploads\/2023\/12\/Politica.jpg","articleSection":["Pol\u00edtica"],"inLanguage":"es","potentialAction":[{"@type":"CommentAction","name":"Comment","target":["https:\/\/www.eldiario.net\/portal\/2024\/03\/17\/conade-se-solidariza-con-jovenes-de-la-rjc-y-exige-detener-injusticia\/#respond"]}]},{"@type":"WebPage","@id":"https:\/\/www.eldiario.net\/portal\/2024\/03\/17\/conade-se-solidariza-con-jovenes-de-la-rjc-y-exige-detener-injusticia\/","url":"https:\/\/www.eldiario.net\/portal\/2024\/03\/17\/conade-se-solidariza-con-jovenes-de-la-rjc-y-exige-detener-injusticia\/","name":"Conade se solidariza con j\u00f3venes de la RJC y exige detener injusticia - El Diario - Bolivia","isPartOf":{"@id":"https:\/\/www.eldiario.net\/portal\/#website"},"primaryImageOfPage":{"@id":"https:\/\/www.eldiario.net\/portal\/2024\/03\/17\/conade-se-solidariza-con-jovenes-de-la-rjc-y-exige-detener-injusticia\/#primaryimage"},"image":{"@id":"https:\/\/www.eldiario.net\/portal\/2024\/03\/17\/conade-se-solidariza-con-jovenes-de-la-rjc-y-exige-detener-injusticia\/#primaryimage"},"thumbnailUrl":"https:\/\/www.eldiario.net\/portal\/wp-content\/uploads\/2023\/12\/Politica.jpg","datePublished":"2024-03-17T10:43:55+00:00","dateModified":"2024-03-17T10:44:20+00:00","breadcrumb":{"@id":"https:\/\/www.eldiario.net\/portal\/2024\/03\/17\/conade-se-solidariza-con-jovenes-de-la-rjc-y-exige-detener-injusticia\/#breadcrumb"},"inLanguage":"es","potentialAction":[{"@type":"ReadAction","target":["https:\/\/www.eldiario.net\/portal\/2024\/03\/17\/conade-se-solidariza-con-jovenes-de-la-rjc-y-exige-detener-injusticia\/"]}]},{"@type":"ImageObject","inLanguage":"es","@id":"https:\/\/www.eldiario.net\/portal\/2024\/03\/17\/conade-se-solidariza-con-jovenes-de-la-rjc-y-exige-detener-injusticia\/#primaryimage","url":"https:\/\/www.eldiario.net\/portal\/wp-content\/uploads\/2023\/12\/Politica.jpg","contentUrl":"https:\/\/www.eldiario.net\/portal\/wp-content\/uploads\/2023\/12\/Politica.jpg","width":800,"height":500},{"@type":"BreadcrumbList","@id":"https:\/\/www.eldiario.net\/portal\/2024\/03\/17\/conade-se-solidariza-con-jovenes-de-la-rjc-y-exige-detener-injusticia\/#breadcrumb","itemListElement":[{"@type":"ListItem","position":1,"name":"Portada","item":"https:\/\/www.eldiario.net\/portal\/"},{"@type":"ListItem","position":2,"name":"Conade se solidariza con j\u00f3venes de la RJC y exige detener injusticia"}]},{"@type":"WebSite","@id":"https:\/\/www.eldiario.net\/portal\/#website","url":"https:\/\/www.eldiario.net\/portal\/","name":"El Diario - Decano de la prensa nacional","description":"El Diario - Decano de la prensa nacional","publisher":{"@id":"https:\/\/www.eldiario.net\/portal\/#organization"},"potentialAction":[{"@type":"SearchAction","target":{"@type":"EntryPoint","urlTemplate":"https:\/\/www.eldiario.net\/portal\/?s={search_term_string}"},"query-input":{"@type":"PropertyValueSpecification","valueRequired":true,"valueName":"search_term_string"}}],"inLanguage":"es"},{"@type":"Organization","@id":"https:\/\/www.eldiario.net\/portal\/#organization","name":"El Diario - Decano de la prensa nacional","url":"https:\/\/www.eldiario.net\/portal\/","logo":{"@type":"ImageObject","inLanguage":"es","@id":"https:\/\/www.eldiario.net\/portal\/#\/schema\/logo\/image\/","url":"https:\/\/www.eldiario.net\/portal\/wp-content\/uploads\/2023\/07\/logo_ED.jpg","contentUrl":"https:\/\/www.eldiario.net\/portal\/wp-content\/uploads\/2023\/07\/logo_ED.jpg","width":272,"height":52,"caption":"El Diario - Decano de la prensa nacional"},"image":{"@id":"https:\/\/www.eldiario.net\/portal\/#\/schema\/logo\/image\/"},"sameAs":["https:\/\/www.facebook.com\/eldiario.bolivia\/","https:\/\/x.com\/eldiario_net"]},{"@type":"Person","@id":"https:\/\/www.eldiario.net\/portal\/#\/schema\/person\/f46445640444750d7d753ccd04ae01b7","name":"Jeanette","image":{"@type":"ImageObject","inLanguage":"es","@id":"https:\/\/secure.gravatar.com\/avatar\/3ea2118a5f7dad2b7138b1187a6b7ee55f160b9968b66013c3a3ef39dd7e5798?s=96&d=mm&r=g","url":"https:\/\/secure.gravatar.com\/avatar\/3ea2118a5f7dad2b7138b1187a6b7ee55f160b9968b66013c3a3ef39dd7e5798?s=96&d=mm&r=g","contentUrl":"https:\/\/secure.gravatar.com\/avatar\/3ea2118a5f7dad2b7138b1187a6b7ee55f160b9968b66013c3a3ef39dd7e5798?s=96&d=mm&r=g","caption":"Jeanette"},"sameAs":["https:\/\/www.eldiario.net\/portal"],"url":"https:\/\/www.eldiario.net\/portal\/author\/jeanette\/"}]}},"_links":{"self":[{"href":"https:\/\/www.eldiario.net\/portal\/wp-json\/wp\/v2\/posts\/208588","targetHints":{"allow":["GET"]}}],"collection":[{"href":"https:\/\/www.eldiario.net\/portal\/wp-json\/wp\/v2\/posts"}],"about":[{"href":"https:\/\/www.eldiario.net\/portal\/wp-json\/wp\/v2\/types\/post"}],"author":[{"embeddable":true,"href":"https:\/\/www.eldiario.net\/portal\/wp-json\/wp\/v2\/users\/1"}],"replies":[{"embeddable":true,"href":"https:\/\/www.eldiario.net\/portal\/wp-json\/wp\/v2\/comments?post=208588"}],"version-history":[{"count":1,"href":"https:\/\/www.eldiario.net\/portal\/wp-json\/wp\/v2\/posts\/208588\/revisions"}],"predecessor-version":[{"id":208589,"href":"https:\/\/www.eldiario.net\/portal\/wp-json\/wp\/v2\/posts\/208588\/revisions\/208589"}],"wp:featuredmedia":[{"embeddable":true,"href":"https:\/\/www.eldiario.net\/portal\/wp-json\/wp\/v2\/media\/194754"}],"wp:attachment":[{"href":"https:\/\/www.eldiario.net\/portal\/wp-json\/wp\/v2\/media?parent=208588"}],"wp:term":[{"taxonomy":"category","embeddable":true,"href":"https:\/\/www.eldiario.net\/portal\/wp-json\/wp\/v2\/categories?post=208588"},{"taxonomy":"post_tag","embeddable":true,"href":"https:\/\/www.eldiario.net\/portal\/wp-json\/wp\/v2\/tags?post=208588"}],"curies":[{"name":"wp","href":"https:\/\/api.w.org\/{rel}","templated":true}]}}