{"id":208585,"date":"2024-03-17T06:43:08","date_gmt":"2024-03-17T10:43:08","guid":{"rendered":"https:\/\/www.eldiario.net\/portal\/?p=208585"},"modified":"2024-03-17T06:43:08","modified_gmt":"2024-03-17T10:43:08","slug":"narcotraficante-el-peruano-admite-que-lleva-droga-con-escala-en-bolivia","status":"publish","type":"post","link":"https:\/\/www.eldiario.net\/portal\/2024\/03\/17\/narcotraficante-el-peruano-admite-que-lleva-droga-con-escala-en-bolivia\/","title":{"rendered":"Narcotraficante \u201cEl Peruano\u201d admite que lleva droga con escala en Bolivia"},"content":{"rendered":"<p>Uno de los principales narcotraficantes de Argentina y capo de la ciudad de Rosario, Julio \u201cEl Peruano\u201d Rodr\u00edguez Granthon, admiti\u00f3 que la coca\u00edna que transporta desde Per\u00fa a este pa\u00eds hace escala en Bolivia.<br \/>\n\u201cLa coca\u00edna se trae justamente del pa\u00eds de donde provengo por medio de una avioneta. De Per\u00fa, hacen escala en Bolivia y de Bolivia hacen escala en Paraguay\u201d, narr\u00f3 Rodr\u00edguez al diario argentino Clar\u00edn.<br \/>\nAgreg\u00f3 adem\u00e1s que transporta la droga en avioneta y que no la exporta. \u201cNunca hice eso. Casi toda quedaba en Rosario y una parte pod\u00eda ir a San Luis o un poco m\u00e1s al norte\u201d.<br \/>\n\u201cEl Peruano\u201d tiene 30 a\u00f1os y lleg\u00f3 a Argentina en 2017 con la idea de ser piloto comercial. Pese a estar preso en Buenos Aires desde 2019 por homicidio y tr\u00e1fico il\u00edcito de drogas, sigue liderando el narcotr\u00e1fico en la regi\u00f3n.<br \/>\nDentro del centro penitenciario donde cumple una condena de 21 a\u00f1os, el capo nacido en El Callao habr\u00eda montado todo un centro de operaciones para no detener sus ingresos, los cuales ascienden a los 400.000 d\u00f3lares al mes, de acuerdo con Infobae, que cita al Clar\u00edn.<br \/>\n\u00daltimamente, la ciudad de Rosario se ha convertido en la m\u00e1s peligrosa de Argentina debido a ejecuciones aleatorias de ciudadanos por parte del crimen organizado, como represalia a las medidas del gobernador de Santa Fe para instaurar el \u201cestilo Bukele\u201d en los recintos carcelarios de la ciudad.<\/p>\n","protected":false},"excerpt":{"rendered":"<p>Uno de los principales narcotraficantes de Argentina y capo de la ciudad de Rosario, Julio \u201cEl Peruano\u201d Rodr\u00edguez Granthon, admiti\u00f3 que la coca\u00edna que transporta desde Per\u00fa a este pa\u00eds hace escala en Bolivia. \u201cLa coca\u00edna se trae justamente del pa\u00eds de donde provengo por medio de una avioneta. De Per\u00fa, hacen escala en Bolivia [&hellip;]<\/p>\n","protected":false},"author":1,"featured_media":208586,"comment_status":"open","ping_status":"open","sticky":false,"template":"","format":"standard","meta":{"_acf_changed":false,"footnotes":""},"categories":[39],"tags":[],"class_list":["post-208585","post","type-post","status-publish","format-standard","has-post-thumbnail","category-sociedad"],"acf":{"antetitulo":""},"yoast_head":"<!-- This site is optimized with the Yoast SEO plugin v28.3 - https:\/\/yoast.com\/product\/yoast-seo-wordpress\/ -->\n<title>Narcotraficante \u201cEl Peruano\u201d admite que lleva droga con escala en Bolivia - El Diario - Bolivia<\/title>\n<meta name=\"robots\" content=\"index, follow, max-snippet:-1, max-image-preview:large, max-video-preview:-1\" \/>\n<link rel=\"canonical\" href=\"https:\/\/www.eldiario.net\/portal\/2024\/03\/17\/narcotraficante-el-peruano-admite-que-lleva-droga-con-escala-en-bolivia\/\" \/>\n<meta property=\"og:locale\" content=\"es_ES\" \/>\n<meta property=\"og:type\" content=\"article\" \/>\n<meta property=\"og:title\" content=\"Narcotraficante \u201cEl Peruano\u201d admite que lleva droga con escala en Bolivia - El Diario - Bolivia\" \/>\n<meta property=\"og:description\" content=\"Uno de los principales narcotraficantes de Argentina y capo de la ciudad de Rosario, Julio \u201cEl Peruano\u201d Rodr\u00edguez Granthon, admiti\u00f3 que la coca\u00edna que transporta desde Per\u00fa a este pa\u00eds hace escala en Bolivia. \u201cLa coca\u00edna se trae justamente del pa\u00eds de donde provengo por medio de una avioneta. De Per\u00fa, hacen escala en Bolivia [&hellip;]\" \/>\n<meta property=\"og:url\" content=\"https:\/\/www.eldiario.net\/portal\/2024\/03\/17\/narcotraficante-el-peruano-admite-que-lleva-droga-con-escala-en-bolivia\/\" \/>\n<meta property=\"og:site_name\" content=\"El Diario - Bolivia\" \/>\n<meta property=\"article:publisher\" content=\"https:\/\/www.facebook.com\/eldiario.bolivia\/\" \/>\n<meta property=\"article:published_time\" content=\"2024-03-17T10:43:08+00:00\" \/>\n<meta property=\"og:image\" content=\"https:\/\/www.eldiario.net\/portal\/wp-content\/uploads\/2024\/03\/17-NARCO.jpg\" \/>\n\t<meta property=\"og:image:width\" content=\"720\" \/>\n\t<meta property=\"og:image:height\" content=\"400\" \/>\n\t<meta property=\"og:image:type\" content=\"image\/jpeg\" \/>\n<meta name=\"author\" content=\"Jeanette\" \/>\n<meta name=\"twitter:card\" content=\"summary_large_image\" \/>\n<meta name=\"twitter:creator\" content=\"@eldiario_net\" \/>\n<meta name=\"twitter:site\" content=\"@eldiario_net\" \/>\n<meta name=\"twitter:label1\" content=\"Escrito por\" \/>\n\t<meta name=\"twitter:data1\" content=\"Jeanette\" \/>\n\t<meta name=\"twitter:label2\" content=\"Tiempo de lectura\" \/>\n\t<meta name=\"twitter:data2\" content=\"2 minutos\" \/>\n<script type=\"application\/ld+json\" class=\"yoast-schema-graph\">{\"@context\":\"https:\\\/\\\/schema.org\",\"@graph\":[{\"@type\":\"Article\",\"@id\":\"https:\\\/\\\/www.eldiario.net\\\/portal\\\/2024\\\/03\\\/17\\\/narcotraficante-el-peruano-admite-que-lleva-droga-con-escala-en-bolivia\\\/#article\",\"isPartOf\":{\"@id\":\"https:\\\/\\\/www.eldiario.net\\\/portal\\\/2024\\\/03\\\/17\\\/narcotraficante-el-peruano-admite-que-lleva-droga-con-escala-en-bolivia\\\/\"},\"author\":{\"name\":\"Jeanette\",\"@id\":\"https:\\\/\\\/www.eldiario.net\\\/portal\\\/#\\\/schema\\\/person\\\/f46445640444750d7d753ccd04ae01b7\"},\"headline\":\"Narcotraficante \u201cEl Peruano\u201d admite que lleva droga con escala en Bolivia\",\"datePublished\":\"2024-03-17T10:43:08+00:00\",\"mainEntityOfPage\":{\"@id\":\"https:\\\/\\\/www.eldiario.net\\\/portal\\\/2024\\\/03\\\/17\\\/narcotraficante-el-peruano-admite-que-lleva-droga-con-escala-en-bolivia\\\/\"},\"wordCount\":263,\"commentCount\":0,\"publisher\":{\"@id\":\"https:\\\/\\\/www.eldiario.net\\\/portal\\\/#organization\"},\"image\":{\"@id\":\"https:\\\/\\\/www.eldiario.net\\\/portal\\\/2024\\\/03\\\/17\\\/narcotraficante-el-peruano-admite-que-lleva-droga-con-escala-en-bolivia\\\/#primaryimage\"},\"thumbnailUrl\":\"https:\\\/\\\/www.eldiario.net\\\/portal\\\/wp-content\\\/uploads\\\/2024\\\/03\\\/17-NARCO.jpg\",\"articleSection\":[\"Sociedad - Seguridad\"],\"inLanguage\":\"es\",\"potentialAction\":[{\"@type\":\"CommentAction\",\"name\":\"Comment\",\"target\":[\"https:\\\/\\\/www.eldiario.net\\\/portal\\\/2024\\\/03\\\/17\\\/narcotraficante-el-peruano-admite-que-lleva-droga-con-escala-en-bolivia\\\/#respond\"]}]},{\"@type\":\"WebPage\",\"@id\":\"https:\\\/\\\/www.eldiario.net\\\/portal\\\/2024\\\/03\\\/17\\\/narcotraficante-el-peruano-admite-que-lleva-droga-con-escala-en-bolivia\\\/\",\"url\":\"https:\\\/\\\/www.eldiario.net\\\/portal\\\/2024\\\/03\\\/17\\\/narcotraficante-el-peruano-admite-que-lleva-droga-con-escala-en-bolivia\\\/\",\"name\":\"Narcotraficante \u201cEl Peruano\u201d admite que lleva droga con escala en Bolivia - El Diario - Bolivia\",\"isPartOf\":{\"@id\":\"https:\\\/\\\/www.eldiario.net\\\/portal\\\/#website\"},\"primaryImageOfPage\":{\"@id\":\"https:\\\/\\\/www.eldiario.net\\\/portal\\\/2024\\\/03\\\/17\\\/narcotraficante-el-peruano-admite-que-lleva-droga-con-escala-en-bolivia\\\/#primaryimage\"},\"image\":{\"@id\":\"https:\\\/\\\/www.eldiario.net\\\/portal\\\/2024\\\/03\\\/17\\\/narcotraficante-el-peruano-admite-que-lleva-droga-con-escala-en-bolivia\\\/#primaryimage\"},\"thumbnailUrl\":\"https:\\\/\\\/www.eldiario.net\\\/portal\\\/wp-content\\\/uploads\\\/2024\\\/03\\\/17-NARCO.jpg\",\"datePublished\":\"2024-03-17T10:43:08+00:00\",\"breadcrumb\":{\"@id\":\"https:\\\/\\\/www.eldiario.net\\\/portal\\\/2024\\\/03\\\/17\\\/narcotraficante-el-peruano-admite-que-lleva-droga-con-escala-en-bolivia\\\/#breadcrumb\"},\"inLanguage\":\"es\",\"potentialAction\":[{\"@type\":\"ReadAction\",\"target\":[\"https:\\\/\\\/www.eldiario.net\\\/portal\\\/2024\\\/03\\\/17\\\/narcotraficante-el-peruano-admite-que-lleva-droga-con-escala-en-bolivia\\\/\"]}]},{\"@type\":\"ImageObject\",\"inLanguage\":\"es\",\"@id\":\"https:\\\/\\\/www.eldiario.net\\\/portal\\\/2024\\\/03\\\/17\\\/narcotraficante-el-peruano-admite-que-lleva-droga-con-escala-en-bolivia\\\/#primaryimage\",\"url\":\"https:\\\/\\\/www.eldiario.net\\\/portal\\\/wp-content\\\/uploads\\\/2024\\\/03\\\/17-NARCO.jpg\",\"contentUrl\":\"https:\\\/\\\/www.eldiario.net\\\/portal\\\/wp-content\\\/uploads\\\/2024\\\/03\\\/17-NARCO.jpg\",\"width\":720,\"height\":400,\"caption\":\"El narco conocido como \u201cEl Peruano\u201d es tambi\u00e9n piloto. Infobae\"},{\"@type\":\"BreadcrumbList\",\"@id\":\"https:\\\/\\\/www.eldiario.net\\\/portal\\\/2024\\\/03\\\/17\\\/narcotraficante-el-peruano-admite-que-lleva-droga-con-escala-en-bolivia\\\/#breadcrumb\",\"itemListElement\":[{\"@type\":\"ListItem\",\"position\":1,\"name\":\"Portada\",\"item\":\"https:\\\/\\\/www.eldiario.net\\\/portal\\\/\"},{\"@type\":\"ListItem\",\"position\":2,\"name\":\"Narcotraficante \u201cEl Peruano\u201d admite que lleva droga con escala en Bolivia\"}]},{\"@type\":\"WebSite\",\"@id\":\"https:\\\/\\\/www.eldiario.net\\\/portal\\\/#website\",\"url\":\"https:\\\/\\\/www.eldiario.net\\\/portal\\\/\",\"name\":\"El Diario - Decano de la prensa nacional\",\"description\":\"El Diario - Decano de la prensa nacional\",\"publisher\":{\"@id\":\"https:\\\/\\\/www.eldiario.net\\\/portal\\\/#organization\"},\"potentialAction\":[{\"@type\":\"SearchAction\",\"target\":{\"@type\":\"EntryPoint\",\"urlTemplate\":\"https:\\\/\\\/www.eldiario.net\\\/portal\\\/?s={search_term_string}\"},\"query-input\":{\"@type\":\"PropertyValueSpecification\",\"valueRequired\":true,\"valueName\":\"search_term_string\"}}],\"inLanguage\":\"es\"},{\"@type\":\"Organization\",\"@id\":\"https:\\\/\\\/www.eldiario.net\\\/portal\\\/#organization\",\"name\":\"El Diario - Decano de la prensa nacional\",\"url\":\"https:\\\/\\\/www.eldiario.net\\\/portal\\\/\",\"logo\":{\"@type\":\"ImageObject\",\"inLanguage\":\"es\",\"@id\":\"https:\\\/\\\/www.eldiario.net\\\/portal\\\/#\\\/schema\\\/logo\\\/image\\\/\",\"url\":\"https:\\\/\\\/www.eldiario.net\\\/portal\\\/wp-content\\\/uploads\\\/2023\\\/07\\\/logo_ED.jpg\",\"contentUrl\":\"https:\\\/\\\/www.eldiario.net\\\/portal\\\/wp-content\\\/uploads\\\/2023\\\/07\\\/logo_ED.jpg\",\"width\":272,\"height\":52,\"caption\":\"El Diario - Decano de la prensa nacional\"},\"image\":{\"@id\":\"https:\\\/\\\/www.eldiario.net\\\/portal\\\/#\\\/schema\\\/logo\\\/image\\\/\"},\"sameAs\":[\"https:\\\/\\\/www.facebook.com\\\/eldiario.bolivia\\\/\",\"https:\\\/\\\/x.com\\\/eldiario_net\"]},{\"@type\":\"Person\",\"@id\":\"https:\\\/\\\/www.eldiario.net\\\/portal\\\/#\\\/schema\\\/person\\\/f46445640444750d7d753ccd04ae01b7\",\"name\":\"Jeanette\",\"image\":{\"@type\":\"ImageObject\",\"inLanguage\":\"es\",\"@id\":\"https:\\\/\\\/secure.gravatar.com\\\/avatar\\\/3ea2118a5f7dad2b7138b1187a6b7ee55f160b9968b66013c3a3ef39dd7e5798?s=96&d=mm&r=g\",\"url\":\"https:\\\/\\\/secure.gravatar.com\\\/avatar\\\/3ea2118a5f7dad2b7138b1187a6b7ee55f160b9968b66013c3a3ef39dd7e5798?s=96&d=mm&r=g\",\"contentUrl\":\"https:\\\/\\\/secure.gravatar.com\\\/avatar\\\/3ea2118a5f7dad2b7138b1187a6b7ee55f160b9968b66013c3a3ef39dd7e5798?s=96&d=mm&r=g\",\"caption\":\"Jeanette\"},\"sameAs\":[\"https:\\\/\\\/www.eldiario.net\\\/portal\"],\"url\":\"https:\\\/\\\/www.eldiario.net\\\/portal\\\/author\\\/jeanette\\\/\"}]}<\/script>\n<!-- \/ Yoast SEO plugin. -->","yoast_head_json":{"title":"Narcotraficante \u201cEl Peruano\u201d admite que lleva droga con escala en Bolivia - El Diario - Bolivia","robots":{"index":"index","follow":"follow","max-snippet":"max-snippet:-1","max-image-preview":"max-image-preview:large","max-video-preview":"max-video-preview:-1"},"canonical":"https:\/\/www.eldiario.net\/portal\/2024\/03\/17\/narcotraficante-el-peruano-admite-que-lleva-droga-con-escala-en-bolivia\/","og_locale":"es_ES","og_type":"article","og_title":"Narcotraficante \u201cEl Peruano\u201d admite que lleva droga con escala en Bolivia - El Diario - Bolivia","og_description":"Uno de los principales narcotraficantes de Argentina y capo de la ciudad de Rosario, Julio \u201cEl Peruano\u201d Rodr\u00edguez Granthon, admiti\u00f3 que la coca\u00edna que transporta desde Per\u00fa a este pa\u00eds hace escala en Bolivia. \u201cLa coca\u00edna se trae justamente del pa\u00eds de donde provengo por medio de una avioneta. De Per\u00fa, hacen escala en Bolivia [&hellip;]","og_url":"https:\/\/www.eldiario.net\/portal\/2024\/03\/17\/narcotraficante-el-peruano-admite-que-lleva-droga-con-escala-en-bolivia\/","og_site_name":"El Diario - Bolivia","article_publisher":"https:\/\/www.facebook.com\/eldiario.bolivia\/","article_published_time":"2024-03-17T10:43:08+00:00","og_image":[{"width":720,"height":400,"url":"https:\/\/www.eldiario.net\/portal\/wp-content\/uploads\/2024\/03\/17-NARCO.jpg","type":"image\/jpeg"}],"author":"Jeanette","twitter_card":"summary_large_image","twitter_creator":"@eldiario_net","twitter_site":"@eldiario_net","twitter_misc":{"Escrito por":"Jeanette","Tiempo de lectura":"2 minutos"},"schema":{"@context":"https:\/\/schema.org","@graph":[{"@type":"Article","@id":"https:\/\/www.eldiario.net\/portal\/2024\/03\/17\/narcotraficante-el-peruano-admite-que-lleva-droga-con-escala-en-bolivia\/#article","isPartOf":{"@id":"https:\/\/www.eldiario.net\/portal\/2024\/03\/17\/narcotraficante-el-peruano-admite-que-lleva-droga-con-escala-en-bolivia\/"},"author":{"name":"Jeanette","@id":"https:\/\/www.eldiario.net\/portal\/#\/schema\/person\/f46445640444750d7d753ccd04ae01b7"},"headline":"Narcotraficante \u201cEl Peruano\u201d admite que lleva droga con escala en Bolivia","datePublished":"2024-03-17T10:43:08+00:00","mainEntityOfPage":{"@id":"https:\/\/www.eldiario.net\/portal\/2024\/03\/17\/narcotraficante-el-peruano-admite-que-lleva-droga-con-escala-en-bolivia\/"},"wordCount":263,"commentCount":0,"publisher":{"@id":"https:\/\/www.eldiario.net\/portal\/#organization"},"image":{"@id":"https:\/\/www.eldiario.net\/portal\/2024\/03\/17\/narcotraficante-el-peruano-admite-que-lleva-droga-con-escala-en-bolivia\/#primaryimage"},"thumbnailUrl":"https:\/\/www.eldiario.net\/portal\/wp-content\/uploads\/2024\/03\/17-NARCO.jpg","articleSection":["Sociedad - Seguridad"],"inLanguage":"es","potentialAction":[{"@type":"CommentAction","name":"Comment","target":["https:\/\/www.eldiario.net\/portal\/2024\/03\/17\/narcotraficante-el-peruano-admite-que-lleva-droga-con-escala-en-bolivia\/#respond"]}]},{"@type":"WebPage","@id":"https:\/\/www.eldiario.net\/portal\/2024\/03\/17\/narcotraficante-el-peruano-admite-que-lleva-droga-con-escala-en-bolivia\/","url":"https:\/\/www.eldiario.net\/portal\/2024\/03\/17\/narcotraficante-el-peruano-admite-que-lleva-droga-con-escala-en-bolivia\/","name":"Narcotraficante \u201cEl Peruano\u201d admite que lleva droga con escala en Bolivia - El Diario - Bolivia","isPartOf":{"@id":"https:\/\/www.eldiario.net\/portal\/#website"},"primaryImageOfPage":{"@id":"https:\/\/www.eldiario.net\/portal\/2024\/03\/17\/narcotraficante-el-peruano-admite-que-lleva-droga-con-escala-en-bolivia\/#primaryimage"},"image":{"@id":"https:\/\/www.eldiario.net\/portal\/2024\/03\/17\/narcotraficante-el-peruano-admite-que-lleva-droga-con-escala-en-bolivia\/#primaryimage"},"thumbnailUrl":"https:\/\/www.eldiario.net\/portal\/wp-content\/uploads\/2024\/03\/17-NARCO.jpg","datePublished":"2024-03-17T10:43:08+00:00","breadcrumb":{"@id":"https:\/\/www.eldiario.net\/portal\/2024\/03\/17\/narcotraficante-el-peruano-admite-que-lleva-droga-con-escala-en-bolivia\/#breadcrumb"},"inLanguage":"es","potentialAction":[{"@type":"ReadAction","target":["https:\/\/www.eldiario.net\/portal\/2024\/03\/17\/narcotraficante-el-peruano-admite-que-lleva-droga-con-escala-en-bolivia\/"]}]},{"@type":"ImageObject","inLanguage":"es","@id":"https:\/\/www.eldiario.net\/portal\/2024\/03\/17\/narcotraficante-el-peruano-admite-que-lleva-droga-con-escala-en-bolivia\/#primaryimage","url":"https:\/\/www.eldiario.net\/portal\/wp-content\/uploads\/2024\/03\/17-NARCO.jpg","contentUrl":"https:\/\/www.eldiario.net\/portal\/wp-content\/uploads\/2024\/03\/17-NARCO.jpg","width":720,"height":400,"caption":"El narco conocido como \u201cEl Peruano\u201d es tambi\u00e9n piloto. Infobae"},{"@type":"BreadcrumbList","@id":"https:\/\/www.eldiario.net\/portal\/2024\/03\/17\/narcotraficante-el-peruano-admite-que-lleva-droga-con-escala-en-bolivia\/#breadcrumb","itemListElement":[{"@type":"ListItem","position":1,"name":"Portada","item":"https:\/\/www.eldiario.net\/portal\/"},{"@type":"ListItem","position":2,"name":"Narcotraficante \u201cEl Peruano\u201d admite que lleva droga con escala en Bolivia"}]},{"@type":"WebSite","@id":"https:\/\/www.eldiario.net\/portal\/#website","url":"https:\/\/www.eldiario.net\/portal\/","name":"El Diario - Decano de la prensa nacional","description":"El Diario - Decano de la prensa nacional","publisher":{"@id":"https:\/\/www.eldiario.net\/portal\/#organization"},"potentialAction":[{"@type":"SearchAction","target":{"@type":"EntryPoint","urlTemplate":"https:\/\/www.eldiario.net\/portal\/?s={search_term_string}"},"query-input":{"@type":"PropertyValueSpecification","valueRequired":true,"valueName":"search_term_string"}}],"inLanguage":"es"},{"@type":"Organization","@id":"https:\/\/www.eldiario.net\/portal\/#organization","name":"El Diario - Decano de la prensa nacional","url":"https:\/\/www.eldiario.net\/portal\/","logo":{"@type":"ImageObject","inLanguage":"es","@id":"https:\/\/www.eldiario.net\/portal\/#\/schema\/logo\/image\/","url":"https:\/\/www.eldiario.net\/portal\/wp-content\/uploads\/2023\/07\/logo_ED.jpg","contentUrl":"https:\/\/www.eldiario.net\/portal\/wp-content\/uploads\/2023\/07\/logo_ED.jpg","width":272,"height":52,"caption":"El Diario - Decano de la prensa nacional"},"image":{"@id":"https:\/\/www.eldiario.net\/portal\/#\/schema\/logo\/image\/"},"sameAs":["https:\/\/www.facebook.com\/eldiario.bolivia\/","https:\/\/x.com\/eldiario_net"]},{"@type":"Person","@id":"https:\/\/www.eldiario.net\/portal\/#\/schema\/person\/f46445640444750d7d753ccd04ae01b7","name":"Jeanette","image":{"@type":"ImageObject","inLanguage":"es","@id":"https:\/\/secure.gravatar.com\/avatar\/3ea2118a5f7dad2b7138b1187a6b7ee55f160b9968b66013c3a3ef39dd7e5798?s=96&d=mm&r=g","url":"https:\/\/secure.gravatar.com\/avatar\/3ea2118a5f7dad2b7138b1187a6b7ee55f160b9968b66013c3a3ef39dd7e5798?s=96&d=mm&r=g","contentUrl":"https:\/\/secure.gravatar.com\/avatar\/3ea2118a5f7dad2b7138b1187a6b7ee55f160b9968b66013c3a3ef39dd7e5798?s=96&d=mm&r=g","caption":"Jeanette"},"sameAs":["https:\/\/www.eldiario.net\/portal"],"url":"https:\/\/www.eldiario.net\/portal\/author\/jeanette\/"}]}},"_links":{"self":[{"href":"https:\/\/www.eldiario.net\/portal\/wp-json\/wp\/v2\/posts\/208585","targetHints":{"allow":["GET"]}}],"collection":[{"href":"https:\/\/www.eldiario.net\/portal\/wp-json\/wp\/v2\/posts"}],"about":[{"href":"https:\/\/www.eldiario.net\/portal\/wp-json\/wp\/v2\/types\/post"}],"author":[{"embeddable":true,"href":"https:\/\/www.eldiario.net\/portal\/wp-json\/wp\/v2\/users\/1"}],"replies":[{"embeddable":true,"href":"https:\/\/www.eldiario.net\/portal\/wp-json\/wp\/v2\/comments?post=208585"}],"version-history":[{"count":1,"href":"https:\/\/www.eldiario.net\/portal\/wp-json\/wp\/v2\/posts\/208585\/revisions"}],"predecessor-version":[{"id":208587,"href":"https:\/\/www.eldiario.net\/portal\/wp-json\/wp\/v2\/posts\/208585\/revisions\/208587"}],"wp:featuredmedia":[{"embeddable":true,"href":"https:\/\/www.eldiario.net\/portal\/wp-json\/wp\/v2\/media\/208586"}],"wp:attachment":[{"href":"https:\/\/www.eldiario.net\/portal\/wp-json\/wp\/v2\/media?parent=208585"}],"wp:term":[{"taxonomy":"category","embeddable":true,"href":"https:\/\/www.eldiario.net\/portal\/wp-json\/wp\/v2\/categories?post=208585"},{"taxonomy":"post_tag","embeddable":true,"href":"https:\/\/www.eldiario.net\/portal\/wp-json\/wp\/v2\/tags?post=208585"}],"curies":[{"name":"wp","href":"https:\/\/api.w.org\/{rel}","templated":true}]}}