{"id":208582,"date":"2024-03-17T06:42:19","date_gmt":"2024-03-17T10:42:19","guid":{"rendered":"https:\/\/www.eldiario.net\/portal\/?p=208582"},"modified":"2024-03-17T06:42:19","modified_gmt":"2024-03-17T10:42:19","slug":"exjefe-de-la-felcc-desea-revelar-su-verdad-sobre-hechos-de-2019","status":"publish","type":"post","link":"https:\/\/www.eldiario.net\/portal\/2024\/03\/17\/exjefe-de-la-felcc-desea-revelar-su-verdad-sobre-hechos-de-2019\/","title":{"rendered":"Exjefe de la Felcc desea revelar su verdad sobre hechos de 2019"},"content":{"rendered":"<p>Desde su exilio en Chile, el exdirector de la fuerza anticrimen de El Alto, Iv\u00e1n Rojas, revel\u00f3 que decidi\u00f3 someterse a la justicia para contar su verdad sobre los hechos ocurridos en la denominada \u201cmasacre de Senkata\u201d de 2019, tras ser declarado rebelde por el Gobierno.<br \/>\n\u201cDecid\u00ed hablar, decid\u00ed contar mi verdad, mirar de frente a la gente y decir lo que conozco\u201d, manifest\u00f3 el expolic\u00eda, quien fue dado de baja definitiva hace exactamente tres a\u00f1os.<br \/>\nRojas se\u00f1al\u00f3 que su abogado present\u00f3 un memorial de apersonamiento ante un tribunal, pues pretende exponer su versi\u00f3n de los hechos, purgar la declaratoria de rebeld\u00eda y comprobar su inocencia, de acuerdo con un reporte de Erbol.<br \/>\nSin revelar mayores detalles, Rojas habr\u00eda anticipado que no se rompi\u00f3 la cadena de mando y que recibi\u00f3 \u00f3rdenes de escalones superiores.<br \/>\nRojas era el jefe de la Fuerza Especial de Lucha Contra el Crimen (Felcc) de El Alto durante el gobierno de Jeanine A\u00f1ez. Luego del cambio de mando sali\u00f3 a Chile, donde ahora radica y espera una respuesta a su pedido de refugio pol\u00edtico. En 2021, su baja definitiva fue efectuada por el Tribunal Disciplinario Departamental de la Polic\u00eda por \u201cdeserci\u00f3n\u201d.<\/p>\n","protected":false},"excerpt":{"rendered":"<p>Desde su exilio en Chile, el exdirector de la fuerza anticrimen de El Alto, Iv\u00e1n Rojas, revel\u00f3 que decidi\u00f3 someterse a la justicia para contar su verdad sobre los hechos ocurridos en la denominada \u201cmasacre de Senkata\u201d de 2019, tras ser declarado rebelde por el Gobierno. \u201cDecid\u00ed hablar, decid\u00ed contar mi verdad, mirar de frente [&hellip;]<\/p>\n","protected":false},"author":1,"featured_media":208583,"comment_status":"open","ping_status":"open","sticky":false,"template":"","format":"standard","meta":{"_acf_changed":false,"footnotes":""},"categories":[39],"tags":[],"class_list":["post-208582","post","type-post","status-publish","format-standard","has-post-thumbnail","category-sociedad"],"acf":{"antetitulo":"Caso Senkata"},"yoast_head":"<!-- This site is optimized with the Yoast SEO plugin v28.3 - https:\/\/yoast.com\/product\/yoast-seo-wordpress\/ -->\n<title>Exjefe de la Felcc desea revelar su verdad sobre hechos de 2019 - El Diario - Bolivia<\/title>\n<meta name=\"robots\" content=\"index, follow, max-snippet:-1, max-image-preview:large, max-video-preview:-1\" \/>\n<link rel=\"canonical\" href=\"https:\/\/www.eldiario.net\/portal\/2024\/03\/17\/exjefe-de-la-felcc-desea-revelar-su-verdad-sobre-hechos-de-2019\/\" \/>\n<meta property=\"og:locale\" content=\"es_ES\" \/>\n<meta property=\"og:type\" content=\"article\" \/>\n<meta property=\"og:title\" content=\"Exjefe de la Felcc desea revelar su verdad sobre hechos de 2019 - El Diario - Bolivia\" \/>\n<meta property=\"og:description\" content=\"Desde su exilio en Chile, el exdirector de la fuerza anticrimen de El Alto, Iv\u00e1n Rojas, revel\u00f3 que decidi\u00f3 someterse a la justicia para contar su verdad sobre los hechos ocurridos en la denominada \u201cmasacre de Senkata\u201d de 2019, tras ser declarado rebelde por el Gobierno. \u201cDecid\u00ed hablar, decid\u00ed contar mi verdad, mirar de frente [&hellip;]\" \/>\n<meta property=\"og:url\" content=\"https:\/\/www.eldiario.net\/portal\/2024\/03\/17\/exjefe-de-la-felcc-desea-revelar-su-verdad-sobre-hechos-de-2019\/\" \/>\n<meta property=\"og:site_name\" content=\"El Diario - Bolivia\" \/>\n<meta property=\"article:publisher\" content=\"https:\/\/www.facebook.com\/eldiario.bolivia\/\" \/>\n<meta property=\"article:published_time\" content=\"2024-03-17T10:42:19+00:00\" \/>\n<meta property=\"og:image\" content=\"https:\/\/www.eldiario.net\/portal\/wp-content\/uploads\/2024\/03\/17-SENKATA.jpg\" \/>\n\t<meta property=\"og:image:width\" content=\"981\" \/>\n\t<meta property=\"og:image:height\" content=\"558\" \/>\n\t<meta property=\"og:image:type\" content=\"image\/jpeg\" \/>\n<meta name=\"author\" content=\"Jeanette\" \/>\n<meta name=\"twitter:card\" content=\"summary_large_image\" \/>\n<meta name=\"twitter:creator\" content=\"@eldiario_net\" \/>\n<meta name=\"twitter:site\" content=\"@eldiario_net\" \/>\n<meta name=\"twitter:label1\" content=\"Escrito por\" \/>\n\t<meta name=\"twitter:data1\" content=\"Jeanette\" \/>\n\t<meta name=\"twitter:label2\" content=\"Tiempo de lectura\" \/>\n\t<meta name=\"twitter:data2\" content=\"2 minutos\" \/>\n<script type=\"application\/ld+json\" class=\"yoast-schema-graph\">{\"@context\":\"https:\\\/\\\/schema.org\",\"@graph\":[{\"@type\":\"Article\",\"@id\":\"https:\\\/\\\/www.eldiario.net\\\/portal\\\/2024\\\/03\\\/17\\\/exjefe-de-la-felcc-desea-revelar-su-verdad-sobre-hechos-de-2019\\\/#article\",\"isPartOf\":{\"@id\":\"https:\\\/\\\/www.eldiario.net\\\/portal\\\/2024\\\/03\\\/17\\\/exjefe-de-la-felcc-desea-revelar-su-verdad-sobre-hechos-de-2019\\\/\"},\"author\":{\"name\":\"Jeanette\",\"@id\":\"https:\\\/\\\/www.eldiario.net\\\/portal\\\/#\\\/schema\\\/person\\\/f46445640444750d7d753ccd04ae01b7\"},\"headline\":\"Exjefe de la Felcc desea revelar su verdad sobre hechos de 2019\",\"datePublished\":\"2024-03-17T10:42:19+00:00\",\"mainEntityOfPage\":{\"@id\":\"https:\\\/\\\/www.eldiario.net\\\/portal\\\/2024\\\/03\\\/17\\\/exjefe-de-la-felcc-desea-revelar-su-verdad-sobre-hechos-de-2019\\\/\"},\"wordCount\":216,\"commentCount\":0,\"publisher\":{\"@id\":\"https:\\\/\\\/www.eldiario.net\\\/portal\\\/#organization\"},\"image\":{\"@id\":\"https:\\\/\\\/www.eldiario.net\\\/portal\\\/2024\\\/03\\\/17\\\/exjefe-de-la-felcc-desea-revelar-su-verdad-sobre-hechos-de-2019\\\/#primaryimage\"},\"thumbnailUrl\":\"https:\\\/\\\/www.eldiario.net\\\/portal\\\/wp-content\\\/uploads\\\/2024\\\/03\\\/17-SENKATA.jpg\",\"articleSection\":[\"Sociedad - Seguridad\"],\"inLanguage\":\"es\",\"potentialAction\":[{\"@type\":\"CommentAction\",\"name\":\"Comment\",\"target\":[\"https:\\\/\\\/www.eldiario.net\\\/portal\\\/2024\\\/03\\\/17\\\/exjefe-de-la-felcc-desea-revelar-su-verdad-sobre-hechos-de-2019\\\/#respond\"]}]},{\"@type\":\"WebPage\",\"@id\":\"https:\\\/\\\/www.eldiario.net\\\/portal\\\/2024\\\/03\\\/17\\\/exjefe-de-la-felcc-desea-revelar-su-verdad-sobre-hechos-de-2019\\\/\",\"url\":\"https:\\\/\\\/www.eldiario.net\\\/portal\\\/2024\\\/03\\\/17\\\/exjefe-de-la-felcc-desea-revelar-su-verdad-sobre-hechos-de-2019\\\/\",\"name\":\"Exjefe de la Felcc desea revelar su verdad sobre hechos de 2019 - El Diario - Bolivia\",\"isPartOf\":{\"@id\":\"https:\\\/\\\/www.eldiario.net\\\/portal\\\/#website\"},\"primaryImageOfPage\":{\"@id\":\"https:\\\/\\\/www.eldiario.net\\\/portal\\\/2024\\\/03\\\/17\\\/exjefe-de-la-felcc-desea-revelar-su-verdad-sobre-hechos-de-2019\\\/#primaryimage\"},\"image\":{\"@id\":\"https:\\\/\\\/www.eldiario.net\\\/portal\\\/2024\\\/03\\\/17\\\/exjefe-de-la-felcc-desea-revelar-su-verdad-sobre-hechos-de-2019\\\/#primaryimage\"},\"thumbnailUrl\":\"https:\\\/\\\/www.eldiario.net\\\/portal\\\/wp-content\\\/uploads\\\/2024\\\/03\\\/17-SENKATA.jpg\",\"datePublished\":\"2024-03-17T10:42:19+00:00\",\"breadcrumb\":{\"@id\":\"https:\\\/\\\/www.eldiario.net\\\/portal\\\/2024\\\/03\\\/17\\\/exjefe-de-la-felcc-desea-revelar-su-verdad-sobre-hechos-de-2019\\\/#breadcrumb\"},\"inLanguage\":\"es\",\"potentialAction\":[{\"@type\":\"ReadAction\",\"target\":[\"https:\\\/\\\/www.eldiario.net\\\/portal\\\/2024\\\/03\\\/17\\\/exjefe-de-la-felcc-desea-revelar-su-verdad-sobre-hechos-de-2019\\\/\"]}]},{\"@type\":\"ImageObject\",\"inLanguage\":\"es\",\"@id\":\"https:\\\/\\\/www.eldiario.net\\\/portal\\\/2024\\\/03\\\/17\\\/exjefe-de-la-felcc-desea-revelar-su-verdad-sobre-hechos-de-2019\\\/#primaryimage\",\"url\":\"https:\\\/\\\/www.eldiario.net\\\/portal\\\/wp-content\\\/uploads\\\/2024\\\/03\\\/17-SENKATA.jpg\",\"contentUrl\":\"https:\\\/\\\/www.eldiario.net\\\/portal\\\/wp-content\\\/uploads\\\/2024\\\/03\\\/17-SENKATA.jpg\",\"width\":981,\"height\":558,\"caption\":\"El exjefe de la fuerza anticrimen, Iv\u00e1n Rojas.\"},{\"@type\":\"BreadcrumbList\",\"@id\":\"https:\\\/\\\/www.eldiario.net\\\/portal\\\/2024\\\/03\\\/17\\\/exjefe-de-la-felcc-desea-revelar-su-verdad-sobre-hechos-de-2019\\\/#breadcrumb\",\"itemListElement\":[{\"@type\":\"ListItem\",\"position\":1,\"name\":\"Portada\",\"item\":\"https:\\\/\\\/www.eldiario.net\\\/portal\\\/\"},{\"@type\":\"ListItem\",\"position\":2,\"name\":\"Exjefe de la Felcc desea revelar su verdad sobre hechos de 2019\"}]},{\"@type\":\"WebSite\",\"@id\":\"https:\\\/\\\/www.eldiario.net\\\/portal\\\/#website\",\"url\":\"https:\\\/\\\/www.eldiario.net\\\/portal\\\/\",\"name\":\"El Diario - Decano de la prensa nacional\",\"description\":\"El Diario - Decano de la prensa nacional\",\"publisher\":{\"@id\":\"https:\\\/\\\/www.eldiario.net\\\/portal\\\/#organization\"},\"potentialAction\":[{\"@type\":\"SearchAction\",\"target\":{\"@type\":\"EntryPoint\",\"urlTemplate\":\"https:\\\/\\\/www.eldiario.net\\\/portal\\\/?s={search_term_string}\"},\"query-input\":{\"@type\":\"PropertyValueSpecification\",\"valueRequired\":true,\"valueName\":\"search_term_string\"}}],\"inLanguage\":\"es\"},{\"@type\":\"Organization\",\"@id\":\"https:\\\/\\\/www.eldiario.net\\\/portal\\\/#organization\",\"name\":\"El Diario - Decano de la prensa nacional\",\"url\":\"https:\\\/\\\/www.eldiario.net\\\/portal\\\/\",\"logo\":{\"@type\":\"ImageObject\",\"inLanguage\":\"es\",\"@id\":\"https:\\\/\\\/www.eldiario.net\\\/portal\\\/#\\\/schema\\\/logo\\\/image\\\/\",\"url\":\"https:\\\/\\\/www.eldiario.net\\\/portal\\\/wp-content\\\/uploads\\\/2023\\\/07\\\/logo_ED.jpg\",\"contentUrl\":\"https:\\\/\\\/www.eldiario.net\\\/portal\\\/wp-content\\\/uploads\\\/2023\\\/07\\\/logo_ED.jpg\",\"width\":272,\"height\":52,\"caption\":\"El Diario - Decano de la prensa nacional\"},\"image\":{\"@id\":\"https:\\\/\\\/www.eldiario.net\\\/portal\\\/#\\\/schema\\\/logo\\\/image\\\/\"},\"sameAs\":[\"https:\\\/\\\/www.facebook.com\\\/eldiario.bolivia\\\/\",\"https:\\\/\\\/x.com\\\/eldiario_net\"]},{\"@type\":\"Person\",\"@id\":\"https:\\\/\\\/www.eldiario.net\\\/portal\\\/#\\\/schema\\\/person\\\/f46445640444750d7d753ccd04ae01b7\",\"name\":\"Jeanette\",\"image\":{\"@type\":\"ImageObject\",\"inLanguage\":\"es\",\"@id\":\"https:\\\/\\\/secure.gravatar.com\\\/avatar\\\/3ea2118a5f7dad2b7138b1187a6b7ee55f160b9968b66013c3a3ef39dd7e5798?s=96&d=mm&r=g\",\"url\":\"https:\\\/\\\/secure.gravatar.com\\\/avatar\\\/3ea2118a5f7dad2b7138b1187a6b7ee55f160b9968b66013c3a3ef39dd7e5798?s=96&d=mm&r=g\",\"contentUrl\":\"https:\\\/\\\/secure.gravatar.com\\\/avatar\\\/3ea2118a5f7dad2b7138b1187a6b7ee55f160b9968b66013c3a3ef39dd7e5798?s=96&d=mm&r=g\",\"caption\":\"Jeanette\"},\"sameAs\":[\"https:\\\/\\\/www.eldiario.net\\\/portal\"],\"url\":\"https:\\\/\\\/www.eldiario.net\\\/portal\\\/author\\\/jeanette\\\/\"}]}<\/script>\n<!-- \/ Yoast SEO plugin. -->","yoast_head_json":{"title":"Exjefe de la Felcc desea revelar su verdad sobre hechos de 2019 - El Diario - Bolivia","robots":{"index":"index","follow":"follow","max-snippet":"max-snippet:-1","max-image-preview":"max-image-preview:large","max-video-preview":"max-video-preview:-1"},"canonical":"https:\/\/www.eldiario.net\/portal\/2024\/03\/17\/exjefe-de-la-felcc-desea-revelar-su-verdad-sobre-hechos-de-2019\/","og_locale":"es_ES","og_type":"article","og_title":"Exjefe de la Felcc desea revelar su verdad sobre hechos de 2019 - El Diario - Bolivia","og_description":"Desde su exilio en Chile, el exdirector de la fuerza anticrimen de El Alto, Iv\u00e1n Rojas, revel\u00f3 que decidi\u00f3 someterse a la justicia para contar su verdad sobre los hechos ocurridos en la denominada \u201cmasacre de Senkata\u201d de 2019, tras ser declarado rebelde por el Gobierno. \u201cDecid\u00ed hablar, decid\u00ed contar mi verdad, mirar de frente [&hellip;]","og_url":"https:\/\/www.eldiario.net\/portal\/2024\/03\/17\/exjefe-de-la-felcc-desea-revelar-su-verdad-sobre-hechos-de-2019\/","og_site_name":"El Diario - Bolivia","article_publisher":"https:\/\/www.facebook.com\/eldiario.bolivia\/","article_published_time":"2024-03-17T10:42:19+00:00","og_image":[{"width":981,"height":558,"url":"https:\/\/www.eldiario.net\/portal\/wp-content\/uploads\/2024\/03\/17-SENKATA.jpg","type":"image\/jpeg"}],"author":"Jeanette","twitter_card":"summary_large_image","twitter_creator":"@eldiario_net","twitter_site":"@eldiario_net","twitter_misc":{"Escrito por":"Jeanette","Tiempo de lectura":"2 minutos"},"schema":{"@context":"https:\/\/schema.org","@graph":[{"@type":"Article","@id":"https:\/\/www.eldiario.net\/portal\/2024\/03\/17\/exjefe-de-la-felcc-desea-revelar-su-verdad-sobre-hechos-de-2019\/#article","isPartOf":{"@id":"https:\/\/www.eldiario.net\/portal\/2024\/03\/17\/exjefe-de-la-felcc-desea-revelar-su-verdad-sobre-hechos-de-2019\/"},"author":{"name":"Jeanette","@id":"https:\/\/www.eldiario.net\/portal\/#\/schema\/person\/f46445640444750d7d753ccd04ae01b7"},"headline":"Exjefe de la Felcc desea revelar su verdad sobre hechos de 2019","datePublished":"2024-03-17T10:42:19+00:00","mainEntityOfPage":{"@id":"https:\/\/www.eldiario.net\/portal\/2024\/03\/17\/exjefe-de-la-felcc-desea-revelar-su-verdad-sobre-hechos-de-2019\/"},"wordCount":216,"commentCount":0,"publisher":{"@id":"https:\/\/www.eldiario.net\/portal\/#organization"},"image":{"@id":"https:\/\/www.eldiario.net\/portal\/2024\/03\/17\/exjefe-de-la-felcc-desea-revelar-su-verdad-sobre-hechos-de-2019\/#primaryimage"},"thumbnailUrl":"https:\/\/www.eldiario.net\/portal\/wp-content\/uploads\/2024\/03\/17-SENKATA.jpg","articleSection":["Sociedad - Seguridad"],"inLanguage":"es","potentialAction":[{"@type":"CommentAction","name":"Comment","target":["https:\/\/www.eldiario.net\/portal\/2024\/03\/17\/exjefe-de-la-felcc-desea-revelar-su-verdad-sobre-hechos-de-2019\/#respond"]}]},{"@type":"WebPage","@id":"https:\/\/www.eldiario.net\/portal\/2024\/03\/17\/exjefe-de-la-felcc-desea-revelar-su-verdad-sobre-hechos-de-2019\/","url":"https:\/\/www.eldiario.net\/portal\/2024\/03\/17\/exjefe-de-la-felcc-desea-revelar-su-verdad-sobre-hechos-de-2019\/","name":"Exjefe de la Felcc desea revelar su verdad sobre hechos de 2019 - El Diario - Bolivia","isPartOf":{"@id":"https:\/\/www.eldiario.net\/portal\/#website"},"primaryImageOfPage":{"@id":"https:\/\/www.eldiario.net\/portal\/2024\/03\/17\/exjefe-de-la-felcc-desea-revelar-su-verdad-sobre-hechos-de-2019\/#primaryimage"},"image":{"@id":"https:\/\/www.eldiario.net\/portal\/2024\/03\/17\/exjefe-de-la-felcc-desea-revelar-su-verdad-sobre-hechos-de-2019\/#primaryimage"},"thumbnailUrl":"https:\/\/www.eldiario.net\/portal\/wp-content\/uploads\/2024\/03\/17-SENKATA.jpg","datePublished":"2024-03-17T10:42:19+00:00","breadcrumb":{"@id":"https:\/\/www.eldiario.net\/portal\/2024\/03\/17\/exjefe-de-la-felcc-desea-revelar-su-verdad-sobre-hechos-de-2019\/#breadcrumb"},"inLanguage":"es","potentialAction":[{"@type":"ReadAction","target":["https:\/\/www.eldiario.net\/portal\/2024\/03\/17\/exjefe-de-la-felcc-desea-revelar-su-verdad-sobre-hechos-de-2019\/"]}]},{"@type":"ImageObject","inLanguage":"es","@id":"https:\/\/www.eldiario.net\/portal\/2024\/03\/17\/exjefe-de-la-felcc-desea-revelar-su-verdad-sobre-hechos-de-2019\/#primaryimage","url":"https:\/\/www.eldiario.net\/portal\/wp-content\/uploads\/2024\/03\/17-SENKATA.jpg","contentUrl":"https:\/\/www.eldiario.net\/portal\/wp-content\/uploads\/2024\/03\/17-SENKATA.jpg","width":981,"height":558,"caption":"El exjefe de la fuerza anticrimen, Iv\u00e1n Rojas."},{"@type":"BreadcrumbList","@id":"https:\/\/www.eldiario.net\/portal\/2024\/03\/17\/exjefe-de-la-felcc-desea-revelar-su-verdad-sobre-hechos-de-2019\/#breadcrumb","itemListElement":[{"@type":"ListItem","position":1,"name":"Portada","item":"https:\/\/www.eldiario.net\/portal\/"},{"@type":"ListItem","position":2,"name":"Exjefe de la Felcc desea revelar su verdad sobre hechos de 2019"}]},{"@type":"WebSite","@id":"https:\/\/www.eldiario.net\/portal\/#website","url":"https:\/\/www.eldiario.net\/portal\/","name":"El Diario - Decano de la prensa nacional","description":"El Diario - Decano de la prensa nacional","publisher":{"@id":"https:\/\/www.eldiario.net\/portal\/#organization"},"potentialAction":[{"@type":"SearchAction","target":{"@type":"EntryPoint","urlTemplate":"https:\/\/www.eldiario.net\/portal\/?s={search_term_string}"},"query-input":{"@type":"PropertyValueSpecification","valueRequired":true,"valueName":"search_term_string"}}],"inLanguage":"es"},{"@type":"Organization","@id":"https:\/\/www.eldiario.net\/portal\/#organization","name":"El Diario - Decano de la prensa nacional","url":"https:\/\/www.eldiario.net\/portal\/","logo":{"@type":"ImageObject","inLanguage":"es","@id":"https:\/\/www.eldiario.net\/portal\/#\/schema\/logo\/image\/","url":"https:\/\/www.eldiario.net\/portal\/wp-content\/uploads\/2023\/07\/logo_ED.jpg","contentUrl":"https:\/\/www.eldiario.net\/portal\/wp-content\/uploads\/2023\/07\/logo_ED.jpg","width":272,"height":52,"caption":"El Diario - Decano de la prensa nacional"},"image":{"@id":"https:\/\/www.eldiario.net\/portal\/#\/schema\/logo\/image\/"},"sameAs":["https:\/\/www.facebook.com\/eldiario.bolivia\/","https:\/\/x.com\/eldiario_net"]},{"@type":"Person","@id":"https:\/\/www.eldiario.net\/portal\/#\/schema\/person\/f46445640444750d7d753ccd04ae01b7","name":"Jeanette","image":{"@type":"ImageObject","inLanguage":"es","@id":"https:\/\/secure.gravatar.com\/avatar\/3ea2118a5f7dad2b7138b1187a6b7ee55f160b9968b66013c3a3ef39dd7e5798?s=96&d=mm&r=g","url":"https:\/\/secure.gravatar.com\/avatar\/3ea2118a5f7dad2b7138b1187a6b7ee55f160b9968b66013c3a3ef39dd7e5798?s=96&d=mm&r=g","contentUrl":"https:\/\/secure.gravatar.com\/avatar\/3ea2118a5f7dad2b7138b1187a6b7ee55f160b9968b66013c3a3ef39dd7e5798?s=96&d=mm&r=g","caption":"Jeanette"},"sameAs":["https:\/\/www.eldiario.net\/portal"],"url":"https:\/\/www.eldiario.net\/portal\/author\/jeanette\/"}]}},"_links":{"self":[{"href":"https:\/\/www.eldiario.net\/portal\/wp-json\/wp\/v2\/posts\/208582","targetHints":{"allow":["GET"]}}],"collection":[{"href":"https:\/\/www.eldiario.net\/portal\/wp-json\/wp\/v2\/posts"}],"about":[{"href":"https:\/\/www.eldiario.net\/portal\/wp-json\/wp\/v2\/types\/post"}],"author":[{"embeddable":true,"href":"https:\/\/www.eldiario.net\/portal\/wp-json\/wp\/v2\/users\/1"}],"replies":[{"embeddable":true,"href":"https:\/\/www.eldiario.net\/portal\/wp-json\/wp\/v2\/comments?post=208582"}],"version-history":[{"count":1,"href":"https:\/\/www.eldiario.net\/portal\/wp-json\/wp\/v2\/posts\/208582\/revisions"}],"predecessor-version":[{"id":208584,"href":"https:\/\/www.eldiario.net\/portal\/wp-json\/wp\/v2\/posts\/208582\/revisions\/208584"}],"wp:featuredmedia":[{"embeddable":true,"href":"https:\/\/www.eldiario.net\/portal\/wp-json\/wp\/v2\/media\/208583"}],"wp:attachment":[{"href":"https:\/\/www.eldiario.net\/portal\/wp-json\/wp\/v2\/media?parent=208582"}],"wp:term":[{"taxonomy":"category","embeddable":true,"href":"https:\/\/www.eldiario.net\/portal\/wp-json\/wp\/v2\/categories?post=208582"},{"taxonomy":"post_tag","embeddable":true,"href":"https:\/\/www.eldiario.net\/portal\/wp-json\/wp\/v2\/tags?post=208582"}],"curies":[{"name":"wp","href":"https:\/\/api.w.org\/{rel}","templated":true}]}}