{"id":208567,"date":"2024-03-17T06:34:58","date_gmt":"2024-03-17T10:34:58","guid":{"rendered":"https:\/\/www.eldiario.net\/portal\/?p=208567"},"modified":"2024-03-17T06:34:58","modified_gmt":"2024-03-17T10:34:58","slug":"el-lustra-28","status":"publish","type":"post","link":"https:\/\/www.eldiario.net\/portal\/2024\/03\/17\/el-lustra-28\/","title":{"rendered":"EL LUSTRA"},"content":{"rendered":"<p>P\u00e1gina 1<\/p>\n<p><img loading=\"lazy\" decoding=\"async\" class=\"aligncenter size-full wp-image-208568\" src=\"https:\/\/www.eldiario.net\/portal\/wp-content\/uploads\/2024\/03\/PG1-2-scaled.jpg\" alt=\"\" width=\"2560\" height=\"1463\" srcset=\"https:\/\/www.eldiario.net\/portal\/wp-content\/uploads\/2024\/03\/PG1-2-scaled.jpg 2560w, https:\/\/www.eldiario.net\/portal\/wp-content\/uploads\/2024\/03\/PG1-2-300x171.jpg 300w, https:\/\/www.eldiario.net\/portal\/wp-content\/uploads\/2024\/03\/PG1-2-1024x585.jpg 1024w, https:\/\/www.eldiario.net\/portal\/wp-content\/uploads\/2024\/03\/PG1-2-768x439.jpg 768w, https:\/\/www.eldiario.net\/portal\/wp-content\/uploads\/2024\/03\/PG1-2-1536x878.jpg 1536w, https:\/\/www.eldiario.net\/portal\/wp-content\/uploads\/2024\/03\/PG1-2-2048x1171.jpg 2048w, https:\/\/www.eldiario.net\/portal\/wp-content\/uploads\/2024\/03\/PG1-2-696x398.jpg 696w, https:\/\/www.eldiario.net\/portal\/wp-content\/uploads\/2024\/03\/PG1-2-1068x610.jpg 1068w, https:\/\/www.eldiario.net\/portal\/wp-content\/uploads\/2024\/03\/PG1-2-1920x1097.jpg 1920w\" sizes=\"auto, (max-width: 2560px) 100vw, 2560px\" \/><\/p>\n<p>P\u00e1gina 2<\/p>\n<p><img loading=\"lazy\" decoding=\"async\" class=\"aligncenter size-full wp-image-208569\" src=\"https:\/\/www.eldiario.net\/portal\/wp-content\/uploads\/2024\/03\/PG2-2-scaled.jpg\" alt=\"\" width=\"2560\" height=\"1388\" srcset=\"https:\/\/www.eldiario.net\/portal\/wp-content\/uploads\/2024\/03\/PG2-2-scaled.jpg 2560w, https:\/\/www.eldiario.net\/portal\/wp-content\/uploads\/2024\/03\/PG2-2-300x163.jpg 300w, https:\/\/www.eldiario.net\/portal\/wp-content\/uploads\/2024\/03\/PG2-2-1024x555.jpg 1024w, https:\/\/www.eldiario.net\/portal\/wp-content\/uploads\/2024\/03\/PG2-2-768x417.jpg 768w, https:\/\/www.eldiario.net\/portal\/wp-content\/uploads\/2024\/03\/PG2-2-1536x833.jpg 1536w, https:\/\/www.eldiario.net\/portal\/wp-content\/uploads\/2024\/03\/PG2-2-2048x1111.jpg 2048w, https:\/\/www.eldiario.net\/portal\/wp-content\/uploads\/2024\/03\/PG2-2-696x377.jpg 696w, https:\/\/www.eldiario.net\/portal\/wp-content\/uploads\/2024\/03\/PG2-2-1068x579.jpg 1068w, https:\/\/www.eldiario.net\/portal\/wp-content\/uploads\/2024\/03\/PG2-2-1920x1041.jpg 1920w\" sizes=\"auto, (max-width: 2560px) 100vw, 2560px\" \/><\/p>\n<p>P\u00e1gina 3<\/p>\n<p><img loading=\"lazy\" decoding=\"async\" class=\"aligncenter size-full wp-image-208570\" src=\"https:\/\/www.eldiario.net\/portal\/wp-content\/uploads\/2024\/03\/PG3-2-scaled.jpg\" alt=\"\" width=\"2560\" height=\"1391\" srcset=\"https:\/\/www.eldiario.net\/portal\/wp-content\/uploads\/2024\/03\/PG3-2-scaled.jpg 2560w, https:\/\/www.eldiario.net\/portal\/wp-content\/uploads\/2024\/03\/PG3-2-300x163.jpg 300w, https:\/\/www.eldiario.net\/portal\/wp-content\/uploads\/2024\/03\/PG3-2-1024x556.jpg 1024w, https:\/\/www.eldiario.net\/portal\/wp-content\/uploads\/2024\/03\/PG3-2-768x417.jpg 768w, https:\/\/www.eldiario.net\/portal\/wp-content\/uploads\/2024\/03\/PG3-2-1536x835.jpg 1536w, https:\/\/www.eldiario.net\/portal\/wp-content\/uploads\/2024\/03\/PG3-2-2048x1113.jpg 2048w, https:\/\/www.eldiario.net\/portal\/wp-content\/uploads\/2024\/03\/PG3-2-696x378.jpg 696w, https:\/\/www.eldiario.net\/portal\/wp-content\/uploads\/2024\/03\/PG3-2-1068x580.jpg 1068w, https:\/\/www.eldiario.net\/portal\/wp-content\/uploads\/2024\/03\/PG3-2-1920x1043.jpg 1920w\" sizes=\"auto, (max-width: 2560px) 100vw, 2560px\" \/><\/p>\n<p>P\u00e1gina 4 y 5<\/p>\n<p><img loading=\"lazy\" decoding=\"async\" class=\"aligncenter size-full wp-image-208571\" src=\"https:\/\/www.eldiario.net\/portal\/wp-content\/uploads\/2024\/03\/PG4-5-2-scaled.jpg\" alt=\"\" width=\"2560\" height=\"722\" srcset=\"https:\/\/www.eldiario.net\/portal\/wp-content\/uploads\/2024\/03\/PG4-5-2-scaled.jpg 2560w, https:\/\/www.eldiario.net\/portal\/wp-content\/uploads\/2024\/03\/PG4-5-2-300x85.jpg 300w, https:\/\/www.eldiario.net\/portal\/wp-content\/uploads\/2024\/03\/PG4-5-2-1024x289.jpg 1024w, https:\/\/www.eldiario.net\/portal\/wp-content\/uploads\/2024\/03\/PG4-5-2-768x217.jpg 768w, https:\/\/www.eldiario.net\/portal\/wp-content\/uploads\/2024\/03\/PG4-5-2-1536x433.jpg 1536w, https:\/\/www.eldiario.net\/portal\/wp-content\/uploads\/2024\/03\/PG4-5-2-2048x578.jpg 2048w, https:\/\/www.eldiario.net\/portal\/wp-content\/uploads\/2024\/03\/PG4-5-2-696x196.jpg 696w, https:\/\/www.eldiario.net\/portal\/wp-content\/uploads\/2024\/03\/PG4-5-2-1068x301.jpg 1068w, https:\/\/www.eldiario.net\/portal\/wp-content\/uploads\/2024\/03\/PG4-5-2-1920x541.jpg 1920w\" sizes=\"auto, (max-width: 2560px) 100vw, 2560px\" \/><\/p>\n<p>P\u00e1gina 6<\/p>\n<p><img loading=\"lazy\" decoding=\"async\" class=\"aligncenter size-full wp-image-208572\" src=\"https:\/\/www.eldiario.net\/portal\/wp-content\/uploads\/2024\/03\/PG6-2-scaled.jpg\" alt=\"\" width=\"2560\" height=\"1378\" srcset=\"https:\/\/www.eldiario.net\/portal\/wp-content\/uploads\/2024\/03\/PG6-2-scaled.jpg 2560w, https:\/\/www.eldiario.net\/portal\/wp-content\/uploads\/2024\/03\/PG6-2-300x162.jpg 300w, https:\/\/www.eldiario.net\/portal\/wp-content\/uploads\/2024\/03\/PG6-2-1024x551.jpg 1024w, https:\/\/www.eldiario.net\/portal\/wp-content\/uploads\/2024\/03\/PG6-2-768x413.jpg 768w, https:\/\/www.eldiario.net\/portal\/wp-content\/uploads\/2024\/03\/PG6-2-1536x827.jpg 1536w, https:\/\/www.eldiario.net\/portal\/wp-content\/uploads\/2024\/03\/PG6-2-2048x1103.jpg 2048w, https:\/\/www.eldiario.net\/portal\/wp-content\/uploads\/2024\/03\/PG6-2-696x375.jpg 696w, https:\/\/www.eldiario.net\/portal\/wp-content\/uploads\/2024\/03\/PG6-2-1068x575.jpg 1068w, https:\/\/www.eldiario.net\/portal\/wp-content\/uploads\/2024\/03\/PG6-2-1920x1034.jpg 1920w\" sizes=\"auto, (max-width: 2560px) 100vw, 2560px\" \/><\/p>\n<p>P\u00e1gina 7<\/p>\n<p><img loading=\"lazy\" decoding=\"async\" class=\"aligncenter size-full wp-image-208573\" src=\"https:\/\/www.eldiario.net\/portal\/wp-content\/uploads\/2024\/03\/PG7-2-scaled.jpg\" alt=\"\" width=\"2560\" height=\"1393\" srcset=\"https:\/\/www.eldiario.net\/portal\/wp-content\/uploads\/2024\/03\/PG7-2-scaled.jpg 2560w, https:\/\/www.eldiario.net\/portal\/wp-content\/uploads\/2024\/03\/PG7-2-300x163.jpg 300w, https:\/\/www.eldiario.net\/portal\/wp-content\/uploads\/2024\/03\/PG7-2-1024x557.jpg 1024w, https:\/\/www.eldiario.net\/portal\/wp-content\/uploads\/2024\/03\/PG7-2-768x418.jpg 768w, https:\/\/www.eldiario.net\/portal\/wp-content\/uploads\/2024\/03\/PG7-2-1536x836.jpg 1536w, https:\/\/www.eldiario.net\/portal\/wp-content\/uploads\/2024\/03\/PG7-2-2048x1114.jpg 2048w, https:\/\/www.eldiario.net\/portal\/wp-content\/uploads\/2024\/03\/PG7-2-696x379.jpg 696w, https:\/\/www.eldiario.net\/portal\/wp-content\/uploads\/2024\/03\/PG7-2-1068x581.jpg 1068w, https:\/\/www.eldiario.net\/portal\/wp-content\/uploads\/2024\/03\/PG7-2-1920x1044.jpg 1920w\" sizes=\"auto, (max-width: 2560px) 100vw, 2560px\" \/><\/p>\n<p>P\u00e1gina 8<\/p>\n<p><img loading=\"lazy\" decoding=\"async\" class=\"aligncenter size-full wp-image-208574\" src=\"https:\/\/www.eldiario.net\/portal\/wp-content\/uploads\/2024\/03\/PG8-2-scaled.jpg\" alt=\"\" width=\"2560\" height=\"1434\" srcset=\"https:\/\/www.eldiario.net\/portal\/wp-content\/uploads\/2024\/03\/PG8-2-scaled.jpg 2560w, https:\/\/www.eldiario.net\/portal\/wp-content\/uploads\/2024\/03\/PG8-2-300x168.jpg 300w, https:\/\/www.eldiario.net\/portal\/wp-content\/uploads\/2024\/03\/PG8-2-1024x574.jpg 1024w, https:\/\/www.eldiario.net\/portal\/wp-content\/uploads\/2024\/03\/PG8-2-768x430.jpg 768w, https:\/\/www.eldiario.net\/portal\/wp-content\/uploads\/2024\/03\/PG8-2-1536x860.jpg 1536w, https:\/\/www.eldiario.net\/portal\/wp-content\/uploads\/2024\/03\/PG8-2-2048x1147.jpg 2048w, https:\/\/www.eldiario.net\/portal\/wp-content\/uploads\/2024\/03\/PG8-2-696x390.jpg 696w, https:\/\/www.eldiario.net\/portal\/wp-content\/uploads\/2024\/03\/PG8-2-1068x598.jpg 1068w, https:\/\/www.eldiario.net\/portal\/wp-content\/uploads\/2024\/03\/PG8-2-1920x1075.jpg 1920w\" sizes=\"auto, (max-width: 2560px) 100vw, 2560px\" \/><\/p>\n","protected":false},"excerpt":{"rendered":"<p>P\u00e1gina 1 P\u00e1gina 2 P\u00e1gina 3 P\u00e1gina 4 y 5 P\u00e1gina 6 P\u00e1gina 7 P\u00e1gina 8<\/p>\n","protected":false},"author":1,"featured_media":208568,"comment_status":"open","ping_status":"open","sticky":false,"template":"","format":"standard","meta":{"_acf_changed":false,"footnotes":""},"categories":[44],"tags":[],"class_list":["post-208567","post","type-post","status-publish","format-standard","has-post-thumbnail","category-el-lustra"],"acf":{"antetitulo":""},"yoast_head":"<!-- This site is optimized with the Yoast SEO plugin v28.3 - https:\/\/yoast.com\/product\/yoast-seo-wordpress\/ -->\n<title>EL LUSTRA - El Diario - Bolivia<\/title>\n<meta name=\"robots\" content=\"index, follow, max-snippet:-1, max-image-preview:large, max-video-preview:-1\" \/>\n<link rel=\"canonical\" href=\"https:\/\/www.eldiario.net\/portal\/2024\/03\/17\/el-lustra-28\/\" \/>\n<meta property=\"og:locale\" content=\"es_ES\" \/>\n<meta property=\"og:type\" content=\"article\" \/>\n<meta property=\"og:title\" content=\"EL LUSTRA - El Diario - Bolivia\" \/>\n<meta property=\"og:description\" content=\"P\u00e1gina 1 P\u00e1gina 2 P\u00e1gina 3 P\u00e1gina 4 y 5 P\u00e1gina 6 P\u00e1gina 7 P\u00e1gina 8\" \/>\n<meta property=\"og:url\" content=\"https:\/\/www.eldiario.net\/portal\/2024\/03\/17\/el-lustra-28\/\" \/>\n<meta property=\"og:site_name\" content=\"El Diario - Bolivia\" \/>\n<meta property=\"article:publisher\" content=\"https:\/\/www.facebook.com\/eldiario.bolivia\/\" \/>\n<meta property=\"article:published_time\" content=\"2024-03-17T10:34:58+00:00\" \/>\n<meta property=\"og:image\" content=\"https:\/\/www.eldiario.net\/portal\/wp-content\/uploads\/2024\/03\/PG1-2-scaled.jpg\" \/>\n\t<meta property=\"og:image:width\" content=\"2560\" \/>\n\t<meta property=\"og:image:height\" content=\"1463\" \/>\n\t<meta property=\"og:image:type\" content=\"image\/jpeg\" \/>\n<meta name=\"author\" content=\"Jeanette\" \/>\n<meta name=\"twitter:card\" content=\"summary_large_image\" \/>\n<meta name=\"twitter:creator\" content=\"@eldiario_net\" \/>\n<meta name=\"twitter:site\" content=\"@eldiario_net\" \/>\n<meta name=\"twitter:label1\" content=\"Escrito por\" \/>\n\t<meta name=\"twitter:data1\" content=\"Jeanette\" \/>\n\t<meta name=\"twitter:label2\" content=\"Tiempo de lectura\" \/>\n\t<meta name=\"twitter:data2\" content=\"2 minutos\" \/>\n<script type=\"application\/ld+json\" class=\"yoast-schema-graph\">{\"@context\":\"https:\\\/\\\/schema.org\",\"@graph\":[{\"@type\":\"Article\",\"@id\":\"https:\\\/\\\/www.eldiario.net\\\/portal\\\/2024\\\/03\\\/17\\\/el-lustra-28\\\/#article\",\"isPartOf\":{\"@id\":\"https:\\\/\\\/www.eldiario.net\\\/portal\\\/2024\\\/03\\\/17\\\/el-lustra-28\\\/\"},\"author\":{\"name\":\"Jeanette\",\"@id\":\"https:\\\/\\\/www.eldiario.net\\\/portal\\\/#\\\/schema\\\/person\\\/f46445640444750d7d753ccd04ae01b7\"},\"headline\":\"EL LUSTRA\",\"datePublished\":\"2024-03-17T10:34:58+00:00\",\"mainEntityOfPage\":{\"@id\":\"https:\\\/\\\/www.eldiario.net\\\/portal\\\/2024\\\/03\\\/17\\\/el-lustra-28\\\/\"},\"wordCount\":17,\"commentCount\":0,\"publisher\":{\"@id\":\"https:\\\/\\\/www.eldiario.net\\\/portal\\\/#organization\"},\"image\":{\"@id\":\"https:\\\/\\\/www.eldiario.net\\\/portal\\\/2024\\\/03\\\/17\\\/el-lustra-28\\\/#primaryimage\"},\"thumbnailUrl\":\"https:\\\/\\\/www.eldiario.net\\\/portal\\\/wp-content\\\/uploads\\\/2024\\\/03\\\/PG1-2-scaled.jpg\",\"articleSection\":[\"El Lustra\"],\"inLanguage\":\"es\",\"potentialAction\":[{\"@type\":\"CommentAction\",\"name\":\"Comment\",\"target\":[\"https:\\\/\\\/www.eldiario.net\\\/portal\\\/2024\\\/03\\\/17\\\/el-lustra-28\\\/#respond\"]}]},{\"@type\":\"WebPage\",\"@id\":\"https:\\\/\\\/www.eldiario.net\\\/portal\\\/2024\\\/03\\\/17\\\/el-lustra-28\\\/\",\"url\":\"https:\\\/\\\/www.eldiario.net\\\/portal\\\/2024\\\/03\\\/17\\\/el-lustra-28\\\/\",\"name\":\"EL LUSTRA - El Diario - Bolivia\",\"isPartOf\":{\"@id\":\"https:\\\/\\\/www.eldiario.net\\\/portal\\\/#website\"},\"primaryImageOfPage\":{\"@id\":\"https:\\\/\\\/www.eldiario.net\\\/portal\\\/2024\\\/03\\\/17\\\/el-lustra-28\\\/#primaryimage\"},\"image\":{\"@id\":\"https:\\\/\\\/www.eldiario.net\\\/portal\\\/2024\\\/03\\\/17\\\/el-lustra-28\\\/#primaryimage\"},\"thumbnailUrl\":\"https:\\\/\\\/www.eldiario.net\\\/portal\\\/wp-content\\\/uploads\\\/2024\\\/03\\\/PG1-2-scaled.jpg\",\"datePublished\":\"2024-03-17T10:34:58+00:00\",\"breadcrumb\":{\"@id\":\"https:\\\/\\\/www.eldiario.net\\\/portal\\\/2024\\\/03\\\/17\\\/el-lustra-28\\\/#breadcrumb\"},\"inLanguage\":\"es\",\"potentialAction\":[{\"@type\":\"ReadAction\",\"target\":[\"https:\\\/\\\/www.eldiario.net\\\/portal\\\/2024\\\/03\\\/17\\\/el-lustra-28\\\/\"]}]},{\"@type\":\"ImageObject\",\"inLanguage\":\"es\",\"@id\":\"https:\\\/\\\/www.eldiario.net\\\/portal\\\/2024\\\/03\\\/17\\\/el-lustra-28\\\/#primaryimage\",\"url\":\"https:\\\/\\\/www.eldiario.net\\\/portal\\\/wp-content\\\/uploads\\\/2024\\\/03\\\/PG1-2-scaled.jpg\",\"contentUrl\":\"https:\\\/\\\/www.eldiario.net\\\/portal\\\/wp-content\\\/uploads\\\/2024\\\/03\\\/PG1-2-scaled.jpg\",\"width\":2560,\"height\":1463},{\"@type\":\"BreadcrumbList\",\"@id\":\"https:\\\/\\\/www.eldiario.net\\\/portal\\\/2024\\\/03\\\/17\\\/el-lustra-28\\\/#breadcrumb\",\"itemListElement\":[{\"@type\":\"ListItem\",\"position\":1,\"name\":\"Portada\",\"item\":\"https:\\\/\\\/www.eldiario.net\\\/portal\\\/\"},{\"@type\":\"ListItem\",\"position\":2,\"name\":\"EL LUSTRA\"}]},{\"@type\":\"WebSite\",\"@id\":\"https:\\\/\\\/www.eldiario.net\\\/portal\\\/#website\",\"url\":\"https:\\\/\\\/www.eldiario.net\\\/portal\\\/\",\"name\":\"El Diario - Decano de la prensa nacional\",\"description\":\"El Diario - Decano de la prensa nacional\",\"publisher\":{\"@id\":\"https:\\\/\\\/www.eldiario.net\\\/portal\\\/#organization\"},\"potentialAction\":[{\"@type\":\"SearchAction\",\"target\":{\"@type\":\"EntryPoint\",\"urlTemplate\":\"https:\\\/\\\/www.eldiario.net\\\/portal\\\/?s={search_term_string}\"},\"query-input\":{\"@type\":\"PropertyValueSpecification\",\"valueRequired\":true,\"valueName\":\"search_term_string\"}}],\"inLanguage\":\"es\"},{\"@type\":\"Organization\",\"@id\":\"https:\\\/\\\/www.eldiario.net\\\/portal\\\/#organization\",\"name\":\"El Diario - Decano de la prensa nacional\",\"url\":\"https:\\\/\\\/www.eldiario.net\\\/portal\\\/\",\"logo\":{\"@type\":\"ImageObject\",\"inLanguage\":\"es\",\"@id\":\"https:\\\/\\\/www.eldiario.net\\\/portal\\\/#\\\/schema\\\/logo\\\/image\\\/\",\"url\":\"https:\\\/\\\/www.eldiario.net\\\/portal\\\/wp-content\\\/uploads\\\/2023\\\/07\\\/logo_ED.jpg\",\"contentUrl\":\"https:\\\/\\\/www.eldiario.net\\\/portal\\\/wp-content\\\/uploads\\\/2023\\\/07\\\/logo_ED.jpg\",\"width\":272,\"height\":52,\"caption\":\"El Diario - Decano de la prensa nacional\"},\"image\":{\"@id\":\"https:\\\/\\\/www.eldiario.net\\\/portal\\\/#\\\/schema\\\/logo\\\/image\\\/\"},\"sameAs\":[\"https:\\\/\\\/www.facebook.com\\\/eldiario.bolivia\\\/\",\"https:\\\/\\\/x.com\\\/eldiario_net\"]},{\"@type\":\"Person\",\"@id\":\"https:\\\/\\\/www.eldiario.net\\\/portal\\\/#\\\/schema\\\/person\\\/f46445640444750d7d753ccd04ae01b7\",\"name\":\"Jeanette\",\"image\":{\"@type\":\"ImageObject\",\"inLanguage\":\"es\",\"@id\":\"https:\\\/\\\/secure.gravatar.com\\\/avatar\\\/3ea2118a5f7dad2b7138b1187a6b7ee55f160b9968b66013c3a3ef39dd7e5798?s=96&d=mm&r=g\",\"url\":\"https:\\\/\\\/secure.gravatar.com\\\/avatar\\\/3ea2118a5f7dad2b7138b1187a6b7ee55f160b9968b66013c3a3ef39dd7e5798?s=96&d=mm&r=g\",\"contentUrl\":\"https:\\\/\\\/secure.gravatar.com\\\/avatar\\\/3ea2118a5f7dad2b7138b1187a6b7ee55f160b9968b66013c3a3ef39dd7e5798?s=96&d=mm&r=g\",\"caption\":\"Jeanette\"},\"sameAs\":[\"https:\\\/\\\/www.eldiario.net\\\/portal\"],\"url\":\"https:\\\/\\\/www.eldiario.net\\\/portal\\\/author\\\/jeanette\\\/\"}]}<\/script>\n<!-- \/ Yoast SEO plugin. -->","yoast_head_json":{"title":"EL LUSTRA - El Diario - Bolivia","robots":{"index":"index","follow":"follow","max-snippet":"max-snippet:-1","max-image-preview":"max-image-preview:large","max-video-preview":"max-video-preview:-1"},"canonical":"https:\/\/www.eldiario.net\/portal\/2024\/03\/17\/el-lustra-28\/","og_locale":"es_ES","og_type":"article","og_title":"EL LUSTRA - El Diario - Bolivia","og_description":"P\u00e1gina 1 P\u00e1gina 2 P\u00e1gina 3 P\u00e1gina 4 y 5 P\u00e1gina 6 P\u00e1gina 7 P\u00e1gina 8","og_url":"https:\/\/www.eldiario.net\/portal\/2024\/03\/17\/el-lustra-28\/","og_site_name":"El Diario - Bolivia","article_publisher":"https:\/\/www.facebook.com\/eldiario.bolivia\/","article_published_time":"2024-03-17T10:34:58+00:00","og_image":[{"width":2560,"height":1463,"url":"https:\/\/www.eldiario.net\/portal\/wp-content\/uploads\/2024\/03\/PG1-2-scaled.jpg","type":"image\/jpeg"}],"author":"Jeanette","twitter_card":"summary_large_image","twitter_creator":"@eldiario_net","twitter_site":"@eldiario_net","twitter_misc":{"Escrito por":"Jeanette","Tiempo de lectura":"2 minutos"},"schema":{"@context":"https:\/\/schema.org","@graph":[{"@type":"Article","@id":"https:\/\/www.eldiario.net\/portal\/2024\/03\/17\/el-lustra-28\/#article","isPartOf":{"@id":"https:\/\/www.eldiario.net\/portal\/2024\/03\/17\/el-lustra-28\/"},"author":{"name":"Jeanette","@id":"https:\/\/www.eldiario.net\/portal\/#\/schema\/person\/f46445640444750d7d753ccd04ae01b7"},"headline":"EL LUSTRA","datePublished":"2024-03-17T10:34:58+00:00","mainEntityOfPage":{"@id":"https:\/\/www.eldiario.net\/portal\/2024\/03\/17\/el-lustra-28\/"},"wordCount":17,"commentCount":0,"publisher":{"@id":"https:\/\/www.eldiario.net\/portal\/#organization"},"image":{"@id":"https:\/\/www.eldiario.net\/portal\/2024\/03\/17\/el-lustra-28\/#primaryimage"},"thumbnailUrl":"https:\/\/www.eldiario.net\/portal\/wp-content\/uploads\/2024\/03\/PG1-2-scaled.jpg","articleSection":["El Lustra"],"inLanguage":"es","potentialAction":[{"@type":"CommentAction","name":"Comment","target":["https:\/\/www.eldiario.net\/portal\/2024\/03\/17\/el-lustra-28\/#respond"]}]},{"@type":"WebPage","@id":"https:\/\/www.eldiario.net\/portal\/2024\/03\/17\/el-lustra-28\/","url":"https:\/\/www.eldiario.net\/portal\/2024\/03\/17\/el-lustra-28\/","name":"EL LUSTRA - El Diario - Bolivia","isPartOf":{"@id":"https:\/\/www.eldiario.net\/portal\/#website"},"primaryImageOfPage":{"@id":"https:\/\/www.eldiario.net\/portal\/2024\/03\/17\/el-lustra-28\/#primaryimage"},"image":{"@id":"https:\/\/www.eldiario.net\/portal\/2024\/03\/17\/el-lustra-28\/#primaryimage"},"thumbnailUrl":"https:\/\/www.eldiario.net\/portal\/wp-content\/uploads\/2024\/03\/PG1-2-scaled.jpg","datePublished":"2024-03-17T10:34:58+00:00","breadcrumb":{"@id":"https:\/\/www.eldiario.net\/portal\/2024\/03\/17\/el-lustra-28\/#breadcrumb"},"inLanguage":"es","potentialAction":[{"@type":"ReadAction","target":["https:\/\/www.eldiario.net\/portal\/2024\/03\/17\/el-lustra-28\/"]}]},{"@type":"ImageObject","inLanguage":"es","@id":"https:\/\/www.eldiario.net\/portal\/2024\/03\/17\/el-lustra-28\/#primaryimage","url":"https:\/\/www.eldiario.net\/portal\/wp-content\/uploads\/2024\/03\/PG1-2-scaled.jpg","contentUrl":"https:\/\/www.eldiario.net\/portal\/wp-content\/uploads\/2024\/03\/PG1-2-scaled.jpg","width":2560,"height":1463},{"@type":"BreadcrumbList","@id":"https:\/\/www.eldiario.net\/portal\/2024\/03\/17\/el-lustra-28\/#breadcrumb","itemListElement":[{"@type":"ListItem","position":1,"name":"Portada","item":"https:\/\/www.eldiario.net\/portal\/"},{"@type":"ListItem","position":2,"name":"EL LUSTRA"}]},{"@type":"WebSite","@id":"https:\/\/www.eldiario.net\/portal\/#website","url":"https:\/\/www.eldiario.net\/portal\/","name":"El Diario - Decano de la prensa nacional","description":"El Diario - Decano de la prensa nacional","publisher":{"@id":"https:\/\/www.eldiario.net\/portal\/#organization"},"potentialAction":[{"@type":"SearchAction","target":{"@type":"EntryPoint","urlTemplate":"https:\/\/www.eldiario.net\/portal\/?s={search_term_string}"},"query-input":{"@type":"PropertyValueSpecification","valueRequired":true,"valueName":"search_term_string"}}],"inLanguage":"es"},{"@type":"Organization","@id":"https:\/\/www.eldiario.net\/portal\/#organization","name":"El Diario - Decano de la prensa nacional","url":"https:\/\/www.eldiario.net\/portal\/","logo":{"@type":"ImageObject","inLanguage":"es","@id":"https:\/\/www.eldiario.net\/portal\/#\/schema\/logo\/image\/","url":"https:\/\/www.eldiario.net\/portal\/wp-content\/uploads\/2023\/07\/logo_ED.jpg","contentUrl":"https:\/\/www.eldiario.net\/portal\/wp-content\/uploads\/2023\/07\/logo_ED.jpg","width":272,"height":52,"caption":"El Diario - Decano de la prensa nacional"},"image":{"@id":"https:\/\/www.eldiario.net\/portal\/#\/schema\/logo\/image\/"},"sameAs":["https:\/\/www.facebook.com\/eldiario.bolivia\/","https:\/\/x.com\/eldiario_net"]},{"@type":"Person","@id":"https:\/\/www.eldiario.net\/portal\/#\/schema\/person\/f46445640444750d7d753ccd04ae01b7","name":"Jeanette","image":{"@type":"ImageObject","inLanguage":"es","@id":"https:\/\/secure.gravatar.com\/avatar\/3ea2118a5f7dad2b7138b1187a6b7ee55f160b9968b66013c3a3ef39dd7e5798?s=96&d=mm&r=g","url":"https:\/\/secure.gravatar.com\/avatar\/3ea2118a5f7dad2b7138b1187a6b7ee55f160b9968b66013c3a3ef39dd7e5798?s=96&d=mm&r=g","contentUrl":"https:\/\/secure.gravatar.com\/avatar\/3ea2118a5f7dad2b7138b1187a6b7ee55f160b9968b66013c3a3ef39dd7e5798?s=96&d=mm&r=g","caption":"Jeanette"},"sameAs":["https:\/\/www.eldiario.net\/portal"],"url":"https:\/\/www.eldiario.net\/portal\/author\/jeanette\/"}]}},"_links":{"self":[{"href":"https:\/\/www.eldiario.net\/portal\/wp-json\/wp\/v2\/posts\/208567","targetHints":{"allow":["GET"]}}],"collection":[{"href":"https:\/\/www.eldiario.net\/portal\/wp-json\/wp\/v2\/posts"}],"about":[{"href":"https:\/\/www.eldiario.net\/portal\/wp-json\/wp\/v2\/types\/post"}],"author":[{"embeddable":true,"href":"https:\/\/www.eldiario.net\/portal\/wp-json\/wp\/v2\/users\/1"}],"replies":[{"embeddable":true,"href":"https:\/\/www.eldiario.net\/portal\/wp-json\/wp\/v2\/comments?post=208567"}],"version-history":[{"count":1,"href":"https:\/\/www.eldiario.net\/portal\/wp-json\/wp\/v2\/posts\/208567\/revisions"}],"predecessor-version":[{"id":208575,"href":"https:\/\/www.eldiario.net\/portal\/wp-json\/wp\/v2\/posts\/208567\/revisions\/208575"}],"wp:featuredmedia":[{"embeddable":true,"href":"https:\/\/www.eldiario.net\/portal\/wp-json\/wp\/v2\/media\/208568"}],"wp:attachment":[{"href":"https:\/\/www.eldiario.net\/portal\/wp-json\/wp\/v2\/media?parent=208567"}],"wp:term":[{"taxonomy":"category","embeddable":true,"href":"https:\/\/www.eldiario.net\/portal\/wp-json\/wp\/v2\/categories?post=208567"},{"taxonomy":"post_tag","embeddable":true,"href":"https:\/\/www.eldiario.net\/portal\/wp-json\/wp\/v2\/tags?post=208567"}],"curies":[{"name":"wp","href":"https:\/\/api.w.org\/{rel}","templated":true}]}}