{"id":208152,"date":"2024-03-14T06:25:10","date_gmt":"2024-03-14T10:25:10","guid":{"rendered":"https:\/\/www.eldiario.net\/portal\/?p=208152"},"modified":"2024-03-14T06:25:10","modified_gmt":"2024-03-14T10:25:10","slug":"el-contrabando-se-naturalizo-en-el-pais","status":"publish","type":"post","link":"https:\/\/www.eldiario.net\/portal\/2024\/03\/14\/el-contrabando-se-naturalizo-en-el-pais\/","title":{"rendered":"El contrabando se naturaliz\u00f3 en el pa\u00eds"},"content":{"rendered":"<p>Bolivia se ha convertido en un pa\u00eds de origen y destino del contrabando. Se normaliz\u00f3 el delito y la informalidad tambi\u00e9n se ampli\u00f3 a Chile, seg\u00fan\u00a0\u00a0 una encuesta realizada por la C\u00e1mara Nacional de Industrias (CNI).<\/p>\n<p>Dos expertos internacionales coinciden en que el crimen organizado est\u00e1 creciendo en el subcontinente sudamericano y lo hace de la mano del contrabando, un delito que, en Bolivia, de acuerdo a una encuesta, es visto como algo natural, seg\u00fan la entidad industrial.<\/p>\n<p>Los expertos explicaron que la informalidad tambi\u00e9n se presenta en Chile, pues el vendedor de zona franca de este pa\u00eds que entrega mercader\u00eda con todos los papeles, no es formal ni tampoco exportador, pero el producto llega a Bolivia.<\/p>\n<p>Los expertos indicaron que la afectaci\u00f3n al Producto Interno Bruto (PIB) alcanza a 8%, mientras que los empresarios ya indicaron que el movimiento del comercio ilegal en el pa\u00eds supera los 3.500 millones.<\/p>\n<p>INICIATIVA<\/p>\n<p>Seg\u00fan la Iniciativa Global contra el Crimen Organizado Transnacional ese fen\u00f3meno crece en 22 de los 35 pa\u00edses del hemisferio y Bolivia tiene el aumento m\u00e1s acelerado despu\u00e9s de Guyana. Este se produce, entre otros factores, por la colusi\u00f3n del contrabando con otros delitos transfronterizos como el narcotr\u00e1fico, el lavado de activos o la trata de personas.<\/p>\n<p>Los datos fueron presentados durante el evento \u201cRevelaciones sobre crimen organizado y comercio il\u00edcito\u201d en el que participaron expertos de Bolivia, Chile y Per\u00fa. De acuerdo a los expositores, esta es la causa para que se est\u00e9 incrementando la violencia asociada al contrabando, que tan solo en el primer mes del 2024 se cobr\u00f3 la vida de al menos cinco efectivos militares.<\/p>\n<p>\u201cBolivia no es solo un pa\u00eds de paso, tambi\u00e9n recibe el impacto de la delincuencia que acarrea el contrabando y las bandas transnacionales detr\u00e1s de este\u201d, explic\u00f3 Carlos Gajardo, especialista en crimen organizado y exfiscal de Chile.<\/p>\n<p>Otro de los expositores, el peruano Rub\u00e9n Vargas, quien fue ministro del Interior de su pa\u00eds, sostuvo que el comercio il\u00edcito comparte territorios, log\u00edstica y rutas con el tr\u00e1fico de otros bienes, entre ellos la droga, el oro ilegal o las armas.<\/p>\n<p>\u201cEl contrabando integra un sistema complejo de mercados y econom\u00edas ilegales que: Coinciden en los mismos territorios y circuitos log\u00edsticos. Se soportan en las mismas redes de actores criminales (incluyendo organizaciones criminales) y apelan a un uso similar de la violencia\u201d, sostuvo.<\/p>\n<p>ENCUESTA<\/p>\n<p>En el evento se present\u00f3 una encuesta impulsada por la C\u00e1mara Nacional de Industrias en la que se devela que, al contrario de lo que puede suceder en otros pa\u00edses, en los que el contrabando es percibido como un hecho circunscrito al \u00e1mbito delictivo, en Bolivia se lo considera como una actividad inherente al quehacer econ\u00f3mico.<\/p>\n<p>La legitimidad social del contrabando es tal que 48% de los encuestados consideran que el contrabando es \u201cimportante para la econom\u00eda nacional\u201d.<\/p>\n<p>\u201cLa convivencia ancestral con la pr\u00e1ctica del contrabando, la convicci\u00f3n de que se trata de una fuente de ingresos fundamental en el \u00e1mbito de la informalidad y el impacto en el ahorro en los gastos familiares, hace que la gente perciba al contrabando como una actividad leg\u00edtima, socialmente permitida y masiva, que tiene que ver con la vida cotidiana mayor\u00eda de la poblaci\u00f3n\u201d, detalla el estudio el Contrabando en Bolivia: entre la ilegalidad y la legitimidad social\u201d.<\/p>\n<p>\u201cEn Bolivia la din\u00e1mica del contrabando ha cambiado. Ha pasado de ser una actividad comercial informal, a ser parte de organizaciones delictivas cada vez m\u00e1s violentas. Las bolivianas y los bolivianos hemos naturalizado el contrabando y ahora tenemos que luchar para evitar naturalizar, tambi\u00e9n, el crimen organizado\u201d, sostuvo el presidente de la C\u00e1mara Nacional de Industrias, Pablo Camacho.<\/p>\n\r\n                <style type=\"text\/css\">\r\n                    \r\n                    #tdi_1  .td-doubleSlider-2 .td-item1 {\r\n                        background: url(https:\/\/www.eldiario.net\/portal\/wp-content\/uploads\/2024\/03\/INFORMAL-FOTO-1.jpg) 0 0 no-repeat;\r\n                    }\r\n                    #tdi_1  .td-doubleSlider-2 .td-item2 {\r\n                        background: url(https:\/\/www.eldiario.net\/portal\/wp-content\/uploads\/2024\/03\/INFORMAL-FOTO-2.jpg) 0 0 no-repeat;\r\n                    }\r\n                <\/style>\r\n\r\n                <div id=\"tdi_1\" class=\"td-gallery td-slide-on-2-columns\">\r\n                    <div class=\"post_td_gallery\">\r\n                        <div class=\"td-gallery-slide-top\">\r\n                           <div class=\"td-gallery-title\"><\/div>\r\n\r\n                            <div class=\"td-gallery-controls-wrapper\">\r\n                                <div class=\"td-gallery-slide-count\"><span class=\"td-gallery-slide-item-focus\">1<\/span> de 2<\/div>\r\n                                <div class=\"td-gallery-slide-prev-next-but\">\r\n                                    <i class = \"td-icon-left doubleSliderPrevButton\"><\/i>\r\n                                    <i class = \"td-icon-right doubleSliderNextButton\"><\/i>\r\n                                <\/div>\r\n                            <\/div>\r\n                        <\/div>\r\n\r\n                        <div class = \"td-doubleSlider-1 \">\r\n                            <div class = \"td-slider\">\r\n                                \r\n                    <div class = \"td-slide-item td-item1\">\r\n                        <figure class=\"td-slide-galery-figure td-slide-popup-gallery\">\r\n                            <a class=\"slide-gallery-image-link\" href=\"https:\/\/www.eldiario.net\/portal\/wp-content\/uploads\/2024\/03\/INFORMAL-FOTO-1.jpg\" title=\"INFORMAL-FOTO-1\"  data-caption=\"Ismael Rub\u00e9n Vargas C\u00e9spedes, exministro del interior de Per\u00fa. Foto: RRSS\"  data-description=\"\">\r\n                                <img decoding=\"async\" src=\"https:\/\/www.eldiario.net\/portal\/wp-content\/uploads\/2024\/03\/INFORMAL-FOTO-1.jpg\" srcset=\"https:\/\/www.eldiario.net\/portal\/wp-content\/uploads\/2024\/03\/INFORMAL-FOTO-1.jpg 1600w, https:\/\/www.eldiario.net\/portal\/wp-content\/uploads\/2024\/03\/INFORMAL-FOTO-1-300x183.jpg 300w, https:\/\/www.eldiario.net\/portal\/wp-content\/uploads\/2024\/03\/INFORMAL-FOTO-1-1024x624.jpg 1024w, https:\/\/www.eldiario.net\/portal\/wp-content\/uploads\/2024\/03\/INFORMAL-FOTO-1-768x468.jpg 768w, https:\/\/www.eldiario.net\/portal\/wp-content\/uploads\/2024\/03\/INFORMAL-FOTO-1-1536x936.jpg 1536w, https:\/\/www.eldiario.net\/portal\/wp-content\/uploads\/2024\/03\/INFORMAL-FOTO-1-696x424.jpg 696w, https:\/\/www.eldiario.net\/portal\/wp-content\/uploads\/2024\/03\/INFORMAL-FOTO-1-1068x651.jpg 1068w\" sizes=\"(max-width: 689px) 100vw, 689px\" alt=\"\">\r\n                            <\/a>\r\n                            <figcaption class = \"td-slide-caption td-gallery-slide-content\"><div class = \"td-gallery-slide-copywrite\">Ismael Rub\u00e9n Vargas C\u00e9spedes, exministro del interior de Per\u00fa. Foto: RRSS<\/div><\/figcaption>\r\n                        <\/figure>\r\n                    <\/div>\r\n                    <div class = \"td-slide-item td-item2\">\r\n                        <figure class=\"td-slide-galery-figure td-slide-popup-gallery\">\r\n                            <a class=\"slide-gallery-image-link\" href=\"https:\/\/www.eldiario.net\/portal\/wp-content\/uploads\/2024\/03\/INFORMAL-FOTO-2.jpg\" title=\"INFORMAL-FOTO-2\"  data-caption=\"Carlos Gajardo Pinto, ex fiscal de Chile.  Foto: RRSS\"  data-description=\"\">\r\n                                <img decoding=\"async\" src=\"https:\/\/www.eldiario.net\/portal\/wp-content\/uploads\/2024\/03\/INFORMAL-FOTO-2.jpg\" srcset=\"https:\/\/www.eldiario.net\/portal\/wp-content\/uploads\/2024\/03\/INFORMAL-FOTO-2.jpg 1600w, https:\/\/www.eldiario.net\/portal\/wp-content\/uploads\/2024\/03\/INFORMAL-FOTO-2-300x199.jpg 300w, https:\/\/www.eldiario.net\/portal\/wp-content\/uploads\/2024\/03\/INFORMAL-FOTO-2-1024x679.jpg 1024w, https:\/\/www.eldiario.net\/portal\/wp-content\/uploads\/2024\/03\/INFORMAL-FOTO-2-768x509.jpg 768w, https:\/\/www.eldiario.net\/portal\/wp-content\/uploads\/2024\/03\/INFORMAL-FOTO-2-1536x1019.jpg 1536w, https:\/\/www.eldiario.net\/portal\/wp-content\/uploads\/2024\/03\/INFORMAL-FOTO-2-696x462.jpg 696w, https:\/\/www.eldiario.net\/portal\/wp-content\/uploads\/2024\/03\/INFORMAL-FOTO-2-1068x708.jpg 1068w\" sizes=\"(max-width: 633px) 100vw, 633px\" alt=\"\">\r\n                            <\/a>\r\n                            <figcaption class = \"td-slide-caption td-gallery-slide-content\"><div class = \"td-gallery-slide-copywrite\">Carlos Gajardo Pinto, ex fiscal de Chile.  Foto: RRSS<\/div><\/figcaption>\r\n                        <\/figure>\r\n                    <\/div>\r\n                            <\/div>\r\n                        <\/div>\r\n\r\n                        <div class = \"td-doubleSlider-2\">\r\n                            <div class = \"td-slider\">\r\n                                \r\n                    <div class = \"td-button td-item1\">\r\n                        <div class = \"td-border\"><\/div>\r\n                    <\/div>\r\n                    <div class = \"td-button td-item2\">\r\n                        <div class = \"td-border\"><\/div>\r\n                    <\/div>\r\n                            <\/div>\r\n                        <\/div>\r\n\r\n                    <\/div>\r\n\r\n                <\/div>\r\n                \n<p>&nbsp;<\/p>\n","protected":false},"excerpt":{"rendered":"<p>Bolivia se ha convertido en un pa\u00eds de origen y destino del contrabando. Se normaliz\u00f3 el delito y la informalidad tambi\u00e9n se ampli\u00f3 a Chile, seg\u00fan\u00a0\u00a0 una encuesta realizada por la C\u00e1mara Nacional de Industrias (CNI). Dos expertos internacionales coinciden en que el crimen organizado est\u00e1 creciendo en el subcontinente sudamericano y lo hace de [&hellip;]<\/p>\n","protected":false},"author":1,"featured_media":208153,"comment_status":"open","ping_status":"open","sticky":false,"template":"","format":"standard","meta":{"_acf_changed":false,"footnotes":""},"categories":[15],"tags":[],"class_list":["post-208152","post","type-post","status-publish","format-standard","has-post-thumbnail","category-portada"],"acf":{"antetitulo":""},"yoast_head":"<!-- This site is optimized with the Yoast SEO plugin v28.4 - https:\/\/yoast.com\/product\/yoast-seo-wordpress\/ -->\n<title>El contrabando se naturaliz\u00f3 en el pa\u00eds - El Diario - Bolivia<\/title>\n<meta name=\"robots\" content=\"index, follow, max-snippet:-1, max-image-preview:large, max-video-preview:-1\" \/>\n<link rel=\"canonical\" href=\"https:\/\/www.eldiario.net\/portal\/2024\/03\/14\/el-contrabando-se-naturalizo-en-el-pais\/\" \/>\n<meta property=\"og:locale\" content=\"es_ES\" \/>\n<meta property=\"og:type\" content=\"article\" \/>\n<meta property=\"og:title\" content=\"El contrabando se naturaliz\u00f3 en el pa\u00eds - El Diario - Bolivia\" \/>\n<meta property=\"og:description\" content=\"Bolivia se ha convertido en un pa\u00eds de origen y destino del contrabando. Se normaliz\u00f3 el delito y la informalidad tambi\u00e9n se ampli\u00f3 a Chile, seg\u00fan\u00a0\u00a0 una encuesta realizada por la C\u00e1mara Nacional de Industrias (CNI). Dos expertos internacionales coinciden en que el crimen organizado est\u00e1 creciendo en el subcontinente sudamericano y lo hace de [&hellip;]\" \/>\n<meta property=\"og:url\" content=\"https:\/\/www.eldiario.net\/portal\/2024\/03\/14\/el-contrabando-se-naturalizo-en-el-pais\/\" \/>\n<meta property=\"og:site_name\" content=\"El Diario - Bolivia\" \/>\n<meta property=\"article:publisher\" content=\"https:\/\/www.facebook.com\/eldiario.bolivia\/\" \/>\n<meta property=\"article:published_time\" content=\"2024-03-14T10:25:10+00:00\" \/>\n<meta property=\"og:image\" content=\"https:\/\/www.eldiario.net\/portal\/wp-content\/uploads\/2024\/03\/INFORMAL-FOTO-1.jpg\" \/>\n\t<meta property=\"og:image:width\" content=\"1600\" \/>\n\t<meta property=\"og:image:height\" content=\"975\" \/>\n\t<meta property=\"og:image:type\" content=\"image\/jpeg\" \/>\n<meta name=\"author\" content=\"Jeanette\" \/>\n<meta name=\"twitter:card\" content=\"summary_large_image\" \/>\n<meta name=\"twitter:creator\" content=\"@eldiario_net\" \/>\n<meta name=\"twitter:site\" content=\"@eldiario_net\" \/>\n<meta name=\"twitter:label1\" content=\"Escrito por\" \/>\n\t<meta name=\"twitter:data1\" content=\"Jeanette\" \/>\n\t<meta name=\"twitter:label2\" content=\"Tiempo de lectura\" \/>\n\t<meta name=\"twitter:data2\" content=\"3 minutos\" \/>\n<script type=\"application\/ld+json\" class=\"yoast-schema-graph\">{\"@context\":\"https:\\\/\\\/schema.org\",\"@graph\":[{\"@type\":\"Article\",\"@id\":\"https:\\\/\\\/www.eldiario.net\\\/portal\\\/2024\\\/03\\\/14\\\/el-contrabando-se-naturalizo-en-el-pais\\\/#article\",\"isPartOf\":{\"@id\":\"https:\\\/\\\/www.eldiario.net\\\/portal\\\/2024\\\/03\\\/14\\\/el-contrabando-se-naturalizo-en-el-pais\\\/\"},\"author\":{\"name\":\"Jeanette\",\"@id\":\"https:\\\/\\\/www.eldiario.net\\\/portal\\\/#\\\/schema\\\/person\\\/2c57cf2b7a7ae032e449e4c9b1019eac\"},\"headline\":\"El contrabando se naturaliz\u00f3 en el pa\u00eds\",\"datePublished\":\"2024-03-14T10:25:10+00:00\",\"mainEntityOfPage\":{\"@id\":\"https:\\\/\\\/www.eldiario.net\\\/portal\\\/2024\\\/03\\\/14\\\/el-contrabando-se-naturalizo-en-el-pais\\\/\"},\"wordCount\":658,\"commentCount\":0,\"publisher\":{\"@id\":\"https:\\\/\\\/www.eldiario.net\\\/portal\\\/#organization\"},\"image\":{\"@id\":\"https:\\\/\\\/www.eldiario.net\\\/portal\\\/2024\\\/03\\\/14\\\/el-contrabando-se-naturalizo-en-el-pais\\\/#primaryimage\"},\"thumbnailUrl\":\"https:\\\/\\\/www.eldiario.net\\\/portal\\\/wp-content\\\/uploads\\\/2024\\\/03\\\/INFORMAL-FOTO-1.jpg\",\"articleSection\":[\"Portada\"],\"inLanguage\":\"es\",\"potentialAction\":[{\"@type\":\"CommentAction\",\"name\":\"Comment\",\"target\":[\"https:\\\/\\\/www.eldiario.net\\\/portal\\\/2024\\\/03\\\/14\\\/el-contrabando-se-naturalizo-en-el-pais\\\/#respond\"]}]},{\"@type\":\"WebPage\",\"@id\":\"https:\\\/\\\/www.eldiario.net\\\/portal\\\/2024\\\/03\\\/14\\\/el-contrabando-se-naturalizo-en-el-pais\\\/\",\"url\":\"https:\\\/\\\/www.eldiario.net\\\/portal\\\/2024\\\/03\\\/14\\\/el-contrabando-se-naturalizo-en-el-pais\\\/\",\"name\":\"El contrabando se naturaliz\u00f3 en el pa\u00eds - El Diario - Bolivia\",\"isPartOf\":{\"@id\":\"https:\\\/\\\/www.eldiario.net\\\/portal\\\/#website\"},\"primaryImageOfPage\":{\"@id\":\"https:\\\/\\\/www.eldiario.net\\\/portal\\\/2024\\\/03\\\/14\\\/el-contrabando-se-naturalizo-en-el-pais\\\/#primaryimage\"},\"image\":{\"@id\":\"https:\\\/\\\/www.eldiario.net\\\/portal\\\/2024\\\/03\\\/14\\\/el-contrabando-se-naturalizo-en-el-pais\\\/#primaryimage\"},\"thumbnailUrl\":\"https:\\\/\\\/www.eldiario.net\\\/portal\\\/wp-content\\\/uploads\\\/2024\\\/03\\\/INFORMAL-FOTO-1.jpg\",\"datePublished\":\"2024-03-14T10:25:10+00:00\",\"breadcrumb\":{\"@id\":\"https:\\\/\\\/www.eldiario.net\\\/portal\\\/2024\\\/03\\\/14\\\/el-contrabando-se-naturalizo-en-el-pais\\\/#breadcrumb\"},\"inLanguage\":\"es\",\"potentialAction\":[{\"@type\":\"ReadAction\",\"target\":[\"https:\\\/\\\/www.eldiario.net\\\/portal\\\/2024\\\/03\\\/14\\\/el-contrabando-se-naturalizo-en-el-pais\\\/\"]}]},{\"@type\":\"ImageObject\",\"inLanguage\":\"es\",\"@id\":\"https:\\\/\\\/www.eldiario.net\\\/portal\\\/2024\\\/03\\\/14\\\/el-contrabando-se-naturalizo-en-el-pais\\\/#primaryimage\",\"url\":\"https:\\\/\\\/www.eldiario.net\\\/portal\\\/wp-content\\\/uploads\\\/2024\\\/03\\\/INFORMAL-FOTO-1.jpg\",\"contentUrl\":\"https:\\\/\\\/www.eldiario.net\\\/portal\\\/wp-content\\\/uploads\\\/2024\\\/03\\\/INFORMAL-FOTO-1.jpg\",\"width\":1600,\"height\":975,\"caption\":\"Ismael Rub\u00e9n Vargas C\u00e9spedes, exministro del interior de Per\u00fa. Foto: RRSS\"},{\"@type\":\"BreadcrumbList\",\"@id\":\"https:\\\/\\\/www.eldiario.net\\\/portal\\\/2024\\\/03\\\/14\\\/el-contrabando-se-naturalizo-en-el-pais\\\/#breadcrumb\",\"itemListElement\":[{\"@type\":\"ListItem\",\"position\":1,\"name\":\"Portada\",\"item\":\"https:\\\/\\\/www.eldiario.net\\\/portal\\\/\"},{\"@type\":\"ListItem\",\"position\":2,\"name\":\"El contrabando se naturaliz\u00f3 en el pa\u00eds\"}]},{\"@type\":\"WebSite\",\"@id\":\"https:\\\/\\\/www.eldiario.net\\\/portal\\\/#website\",\"url\":\"https:\\\/\\\/www.eldiario.net\\\/portal\\\/\",\"name\":\"El Diario - Decano de la prensa nacional\",\"description\":\"El Diario - Decano de la prensa nacional\",\"publisher\":{\"@id\":\"https:\\\/\\\/www.eldiario.net\\\/portal\\\/#organization\"},\"potentialAction\":[{\"@type\":\"SearchAction\",\"target\":{\"@type\":\"EntryPoint\",\"urlTemplate\":\"https:\\\/\\\/www.eldiario.net\\\/portal\\\/?s={search_term_string}\"},\"query-input\":{\"@type\":\"PropertyValueSpecification\",\"valueRequired\":true,\"valueName\":\"search_term_string\"}}],\"inLanguage\":\"es\"},{\"@type\":\"Organization\",\"@id\":\"https:\\\/\\\/www.eldiario.net\\\/portal\\\/#organization\",\"name\":\"El Diario - Decano de la prensa nacional\",\"url\":\"https:\\\/\\\/www.eldiario.net\\\/portal\\\/\",\"logo\":{\"@type\":\"ImageObject\",\"inLanguage\":\"es\",\"@id\":\"https:\\\/\\\/www.eldiario.net\\\/portal\\\/#\\\/schema\\\/logo\\\/image\\\/\",\"url\":\"https:\\\/\\\/www.eldiario.net\\\/portal\\\/wp-content\\\/uploads\\\/2023\\\/07\\\/logo_ED.jpg\",\"contentUrl\":\"https:\\\/\\\/www.eldiario.net\\\/portal\\\/wp-content\\\/uploads\\\/2023\\\/07\\\/logo_ED.jpg\",\"width\":272,\"height\":52,\"caption\":\"El Diario - Decano de la prensa nacional\"},\"image\":{\"@id\":\"https:\\\/\\\/www.eldiario.net\\\/portal\\\/#\\\/schema\\\/logo\\\/image\\\/\"},\"sameAs\":[\"https:\\\/\\\/www.facebook.com\\\/eldiario.bolivia\\\/\",\"https:\\\/\\\/x.com\\\/eldiario_net\"]},{\"@type\":\"Person\",\"@id\":\"https:\\\/\\\/www.eldiario.net\\\/portal\\\/#\\\/schema\\\/person\\\/2c57cf2b7a7ae032e449e4c9b1019eac\",\"name\":\"Jeanette\",\"image\":{\"@type\":\"ImageObject\",\"inLanguage\":\"es\",\"@id\":\"https:\\\/\\\/secure.gravatar.com\\\/avatar\\\/3ea2118a5f7dad2b7138b1187a6b7ee55f160b9968b66013c3a3ef39dd7e5798?s=96&d=mm&r=g\",\"url\":\"https:\\\/\\\/secure.gravatar.com\\\/avatar\\\/3ea2118a5f7dad2b7138b1187a6b7ee55f160b9968b66013c3a3ef39dd7e5798?s=96&d=mm&r=g\",\"contentUrl\":\"https:\\\/\\\/secure.gravatar.com\\\/avatar\\\/3ea2118a5f7dad2b7138b1187a6b7ee55f160b9968b66013c3a3ef39dd7e5798?s=96&d=mm&r=g\",\"caption\":\"Jeanette\"},\"sameAs\":[\"https:\\\/\\\/www.eldiario.net\\\/portal\"],\"url\":\"https:\\\/\\\/www.eldiario.net\\\/portal\\\/author\\\/jeanette\\\/\"}]}<\/script>\n<!-- \/ Yoast SEO plugin. -->","yoast_head_json":{"title":"El contrabando se naturaliz\u00f3 en el pa\u00eds - El Diario - Bolivia","robots":{"index":"index","follow":"follow","max-snippet":"max-snippet:-1","max-image-preview":"max-image-preview:large","max-video-preview":"max-video-preview:-1"},"canonical":"https:\/\/www.eldiario.net\/portal\/2024\/03\/14\/el-contrabando-se-naturalizo-en-el-pais\/","og_locale":"es_ES","og_type":"article","og_title":"El contrabando se naturaliz\u00f3 en el pa\u00eds - El Diario - Bolivia","og_description":"Bolivia se ha convertido en un pa\u00eds de origen y destino del contrabando. Se normaliz\u00f3 el delito y la informalidad tambi\u00e9n se ampli\u00f3 a Chile, seg\u00fan\u00a0\u00a0 una encuesta realizada por la C\u00e1mara Nacional de Industrias (CNI). Dos expertos internacionales coinciden en que el crimen organizado est\u00e1 creciendo en el subcontinente sudamericano y lo hace de [&hellip;]","og_url":"https:\/\/www.eldiario.net\/portal\/2024\/03\/14\/el-contrabando-se-naturalizo-en-el-pais\/","og_site_name":"El Diario - Bolivia","article_publisher":"https:\/\/www.facebook.com\/eldiario.bolivia\/","article_published_time":"2024-03-14T10:25:10+00:00","og_image":[{"width":1600,"height":975,"url":"https:\/\/www.eldiario.net\/portal\/wp-content\/uploads\/2024\/03\/INFORMAL-FOTO-1.jpg","type":"image\/jpeg"}],"author":"Jeanette","twitter_card":"summary_large_image","twitter_creator":"@eldiario_net","twitter_site":"@eldiario_net","twitter_misc":{"Escrito por":"Jeanette","Tiempo de lectura":"3 minutos"},"schema":{"@context":"https:\/\/schema.org","@graph":[{"@type":"Article","@id":"https:\/\/www.eldiario.net\/portal\/2024\/03\/14\/el-contrabando-se-naturalizo-en-el-pais\/#article","isPartOf":{"@id":"https:\/\/www.eldiario.net\/portal\/2024\/03\/14\/el-contrabando-se-naturalizo-en-el-pais\/"},"author":{"name":"Jeanette","@id":"https:\/\/www.eldiario.net\/portal\/#\/schema\/person\/2c57cf2b7a7ae032e449e4c9b1019eac"},"headline":"El contrabando se naturaliz\u00f3 en el pa\u00eds","datePublished":"2024-03-14T10:25:10+00:00","mainEntityOfPage":{"@id":"https:\/\/www.eldiario.net\/portal\/2024\/03\/14\/el-contrabando-se-naturalizo-en-el-pais\/"},"wordCount":658,"commentCount":0,"publisher":{"@id":"https:\/\/www.eldiario.net\/portal\/#organization"},"image":{"@id":"https:\/\/www.eldiario.net\/portal\/2024\/03\/14\/el-contrabando-se-naturalizo-en-el-pais\/#primaryimage"},"thumbnailUrl":"https:\/\/www.eldiario.net\/portal\/wp-content\/uploads\/2024\/03\/INFORMAL-FOTO-1.jpg","articleSection":["Portada"],"inLanguage":"es","potentialAction":[{"@type":"CommentAction","name":"Comment","target":["https:\/\/www.eldiario.net\/portal\/2024\/03\/14\/el-contrabando-se-naturalizo-en-el-pais\/#respond"]}]},{"@type":"WebPage","@id":"https:\/\/www.eldiario.net\/portal\/2024\/03\/14\/el-contrabando-se-naturalizo-en-el-pais\/","url":"https:\/\/www.eldiario.net\/portal\/2024\/03\/14\/el-contrabando-se-naturalizo-en-el-pais\/","name":"El contrabando se naturaliz\u00f3 en el pa\u00eds - El Diario - Bolivia","isPartOf":{"@id":"https:\/\/www.eldiario.net\/portal\/#website"},"primaryImageOfPage":{"@id":"https:\/\/www.eldiario.net\/portal\/2024\/03\/14\/el-contrabando-se-naturalizo-en-el-pais\/#primaryimage"},"image":{"@id":"https:\/\/www.eldiario.net\/portal\/2024\/03\/14\/el-contrabando-se-naturalizo-en-el-pais\/#primaryimage"},"thumbnailUrl":"https:\/\/www.eldiario.net\/portal\/wp-content\/uploads\/2024\/03\/INFORMAL-FOTO-1.jpg","datePublished":"2024-03-14T10:25:10+00:00","breadcrumb":{"@id":"https:\/\/www.eldiario.net\/portal\/2024\/03\/14\/el-contrabando-se-naturalizo-en-el-pais\/#breadcrumb"},"inLanguage":"es","potentialAction":[{"@type":"ReadAction","target":["https:\/\/www.eldiario.net\/portal\/2024\/03\/14\/el-contrabando-se-naturalizo-en-el-pais\/"]}]},{"@type":"ImageObject","inLanguage":"es","@id":"https:\/\/www.eldiario.net\/portal\/2024\/03\/14\/el-contrabando-se-naturalizo-en-el-pais\/#primaryimage","url":"https:\/\/www.eldiario.net\/portal\/wp-content\/uploads\/2024\/03\/INFORMAL-FOTO-1.jpg","contentUrl":"https:\/\/www.eldiario.net\/portal\/wp-content\/uploads\/2024\/03\/INFORMAL-FOTO-1.jpg","width":1600,"height":975,"caption":"Ismael Rub\u00e9n Vargas C\u00e9spedes, exministro del interior de Per\u00fa. Foto: RRSS"},{"@type":"BreadcrumbList","@id":"https:\/\/www.eldiario.net\/portal\/2024\/03\/14\/el-contrabando-se-naturalizo-en-el-pais\/#breadcrumb","itemListElement":[{"@type":"ListItem","position":1,"name":"Portada","item":"https:\/\/www.eldiario.net\/portal\/"},{"@type":"ListItem","position":2,"name":"El contrabando se naturaliz\u00f3 en el pa\u00eds"}]},{"@type":"WebSite","@id":"https:\/\/www.eldiario.net\/portal\/#website","url":"https:\/\/www.eldiario.net\/portal\/","name":"El Diario - Decano de la prensa nacional","description":"El Diario - Decano de la prensa nacional","publisher":{"@id":"https:\/\/www.eldiario.net\/portal\/#organization"},"potentialAction":[{"@type":"SearchAction","target":{"@type":"EntryPoint","urlTemplate":"https:\/\/www.eldiario.net\/portal\/?s={search_term_string}"},"query-input":{"@type":"PropertyValueSpecification","valueRequired":true,"valueName":"search_term_string"}}],"inLanguage":"es"},{"@type":"Organization","@id":"https:\/\/www.eldiario.net\/portal\/#organization","name":"El Diario - Decano de la prensa nacional","url":"https:\/\/www.eldiario.net\/portal\/","logo":{"@type":"ImageObject","inLanguage":"es","@id":"https:\/\/www.eldiario.net\/portal\/#\/schema\/logo\/image\/","url":"https:\/\/www.eldiario.net\/portal\/wp-content\/uploads\/2023\/07\/logo_ED.jpg","contentUrl":"https:\/\/www.eldiario.net\/portal\/wp-content\/uploads\/2023\/07\/logo_ED.jpg","width":272,"height":52,"caption":"El Diario - Decano de la prensa nacional"},"image":{"@id":"https:\/\/www.eldiario.net\/portal\/#\/schema\/logo\/image\/"},"sameAs":["https:\/\/www.facebook.com\/eldiario.bolivia\/","https:\/\/x.com\/eldiario_net"]},{"@type":"Person","@id":"https:\/\/www.eldiario.net\/portal\/#\/schema\/person\/2c57cf2b7a7ae032e449e4c9b1019eac","name":"Jeanette","image":{"@type":"ImageObject","inLanguage":"es","@id":"https:\/\/secure.gravatar.com\/avatar\/3ea2118a5f7dad2b7138b1187a6b7ee55f160b9968b66013c3a3ef39dd7e5798?s=96&d=mm&r=g","url":"https:\/\/secure.gravatar.com\/avatar\/3ea2118a5f7dad2b7138b1187a6b7ee55f160b9968b66013c3a3ef39dd7e5798?s=96&d=mm&r=g","contentUrl":"https:\/\/secure.gravatar.com\/avatar\/3ea2118a5f7dad2b7138b1187a6b7ee55f160b9968b66013c3a3ef39dd7e5798?s=96&d=mm&r=g","caption":"Jeanette"},"sameAs":["https:\/\/www.eldiario.net\/portal"],"url":"https:\/\/www.eldiario.net\/portal\/author\/jeanette\/"}]}},"_links":{"self":[{"href":"https:\/\/www.eldiario.net\/portal\/wp-json\/wp\/v2\/posts\/208152","targetHints":{"allow":["GET"]}}],"collection":[{"href":"https:\/\/www.eldiario.net\/portal\/wp-json\/wp\/v2\/posts"}],"about":[{"href":"https:\/\/www.eldiario.net\/portal\/wp-json\/wp\/v2\/types\/post"}],"author":[{"embeddable":true,"href":"https:\/\/www.eldiario.net\/portal\/wp-json\/wp\/v2\/users\/1"}],"replies":[{"embeddable":true,"href":"https:\/\/www.eldiario.net\/portal\/wp-json\/wp\/v2\/comments?post=208152"}],"version-history":[{"count":1,"href":"https:\/\/www.eldiario.net\/portal\/wp-json\/wp\/v2\/posts\/208152\/revisions"}],"predecessor-version":[{"id":208155,"href":"https:\/\/www.eldiario.net\/portal\/wp-json\/wp\/v2\/posts\/208152\/revisions\/208155"}],"wp:featuredmedia":[{"embeddable":true,"href":"https:\/\/www.eldiario.net\/portal\/wp-json\/wp\/v2\/media\/208153"}],"wp:attachment":[{"href":"https:\/\/www.eldiario.net\/portal\/wp-json\/wp\/v2\/media?parent=208152"}],"wp:term":[{"taxonomy":"category","embeddable":true,"href":"https:\/\/www.eldiario.net\/portal\/wp-json\/wp\/v2\/categories?post=208152"},{"taxonomy":"post_tag","embeddable":true,"href":"https:\/\/www.eldiario.net\/portal\/wp-json\/wp\/v2\/tags?post=208152"}],"curies":[{"name":"wp","href":"https:\/\/api.w.org\/{rel}","templated":true}]}}