{"id":208149,"date":"2024-03-14T06:23:56","date_gmt":"2024-03-14T10:23:56","guid":{"rendered":"https:\/\/www.eldiario.net\/portal\/?p=208149"},"modified":"2024-03-14T06:23:56","modified_gmt":"2024-03-14T10:23:56","slug":"bolivia-segundo-pais-con-menor-bienestar-mental-de-la-region","status":"publish","type":"post","link":"https:\/\/www.eldiario.net\/portal\/2024\/03\/14\/bolivia-segundo-pais-con-menor-bienestar-mental-de-la-region\/","title":{"rendered":"Bolivia segundo pa\u00eds con menor  bienestar mental de la regi\u00f3n"},"content":{"rendered":"<p>Bolivia, luego de Brasil, es el segundo pa\u00eds con menor bienestar mental de Sudam\u00e9rica, que se traduce en m\u00e1s infelicidad y desdicha, refleja un estudio de la organizaci\u00f3n estadounidense Sapien Labs.<\/p>\n<p>La investigaci\u00f3n forma parte del proyecto Global Mind y \u201cproporciona una visi\u00f3n de la evoluci\u00f3n del bienestar mental de la poblaci\u00f3n global habilitada para Internet\u201d. Este a\u00f1o, el informe se basa en m\u00e1s de 500 mil respuestas de 71 pa\u00edses en 13 idiomas.<\/p>\n<p>Sobre una clasificaci\u00f3n de 100 como m\u00e1ximo, Bolivia logr\u00f3 60 puntos y Brasil 53. Los mejores ubicados en la regi\u00f3n son Per\u00fa y Colombia con 77.<\/p>\n<p>A nivel mundial, la lista est\u00e1 liderada por Rep\u00fablica Dominicana, Sri Lanka y Tanzania. A la cola est\u00e1n Uzbekist\u00e1n y Reino Unido.<\/p>\n<p>\u201cEl foco de este a\u00f1o es una tendencia clave en el dram\u00e1tico deterioro del bienestar mental que ocurri\u00f3 entre 2019 y 2020, continu\u00f3 en 2021 durante la pandemia de covid-19 y persiste a\u00fan sin se\u00f1al de recuperaci\u00f3n\u201d, se lee en el informe.<\/p>\n<p>El proyecto Global Mind considera la definici\u00f3n de bienestar mental de la Organizaci\u00f3n Mundial de la Salud (OMS). La entiende \u201ccomo la habilidad de un individuo de manejar el estr\u00e9s y adversidades normales de la vida y contribuir productivamente a la sociedad\u201d, se explica en el estudio.<\/p>\n<p>El estudio refleja las percepciones de las personas, consultadas por internet, en 47 aspectos de la capacidad y funcionamiento mental sobre una escala de impacto en la vida.<\/p>\n<p>\u201cLa manera en que nosotros medimos el bienestar mental, refleja intr\u00ednsecamente el sentido de un individuo acerca de c\u00f3mo su estado interno afecta su habilidad para funcionar dentro de su propio contexto vital, y no como una medici\u00f3n de la funci\u00f3n mental humana en t\u00e9rminos absolutos\u201d.<\/p>\n<p>El estudio tambi\u00e9n recopila informaci\u00f3n demogr\u00e1fica, estilo de vida, din\u00e1micas familiares, relaciones de amistad, traumas y adversidades.<\/p>\n<p>PRINCIPALES CONCLUSIONES<\/p>\n<p>El bienestar mental permaneci\u00f3 al nivel bajo de post-pandemia, nuevamente sin se\u00f1al de volver hacia los niveles pre-pand\u00e9micos.<\/p>\n<p>Las generaciones m\u00e1s j\u00f3venes, especialmente aquellas de menos de 35 a\u00f1os, sufrieron los deterioros m\u00e1s agudos en bienestar mental durante la pandemia de covid-19, mientras que los mayores de 65 a\u00f1os permanecieron igual.<\/p>\n<p>Como en a\u00f1os anteriores, varios pa\u00edses de \u00c1frica y Am\u00e9rica Latina encabezaron las clasificaciones, mientras que los pa\u00edses m\u00e1s ricos de la anglo esfera principal como el Reino Unido y Australia, se encuentran abajo. (Br\u00fajula Digital)<\/p>\n","protected":false},"excerpt":{"rendered":"<p>Bolivia, luego de Brasil, es el segundo pa\u00eds con menor bienestar mental de Sudam\u00e9rica, que se traduce en m\u00e1s infelicidad y desdicha, refleja un estudio de la organizaci\u00f3n estadounidense Sapien Labs. La investigaci\u00f3n forma parte del proyecto Global Mind y \u201cproporciona una visi\u00f3n de la evoluci\u00f3n del bienestar mental de la poblaci\u00f3n global habilitada para [&hellip;]<\/p>\n","protected":false},"author":1,"featured_media":208150,"comment_status":"open","ping_status":"open","sticky":false,"template":"","format":"standard","meta":{"_acf_changed":false,"footnotes":""},"categories":[15],"tags":[],"class_list":["post-208149","post","type-post","status-publish","format-standard","has-post-thumbnail","category-portada"],"acf":{"antetitulo":"Seg\u00fan estudio de Global Mind"},"yoast_head":"<!-- This site is optimized with the Yoast SEO plugin v28.4 - https:\/\/yoast.com\/product\/yoast-seo-wordpress\/ -->\n<title>Bolivia segundo pa\u00eds con menor bienestar mental de la regi\u00f3n - El Diario - Bolivia<\/title>\n<meta name=\"robots\" content=\"index, follow, max-snippet:-1, max-image-preview:large, max-video-preview:-1\" \/>\n<link rel=\"canonical\" href=\"https:\/\/www.eldiario.net\/portal\/2024\/03\/14\/bolivia-segundo-pais-con-menor-bienestar-mental-de-la-region\/\" \/>\n<meta property=\"og:locale\" content=\"es_ES\" \/>\n<meta property=\"og:type\" content=\"article\" \/>\n<meta property=\"og:title\" content=\"Bolivia segundo pa\u00eds con menor bienestar mental de la regi\u00f3n - El Diario - Bolivia\" \/>\n<meta property=\"og:description\" content=\"Bolivia, luego de Brasil, es el segundo pa\u00eds con menor bienestar mental de Sudam\u00e9rica, que se traduce en m\u00e1s infelicidad y desdicha, refleja un estudio de la organizaci\u00f3n estadounidense Sapien Labs. La investigaci\u00f3n forma parte del proyecto Global Mind y \u201cproporciona una visi\u00f3n de la evoluci\u00f3n del bienestar mental de la poblaci\u00f3n global habilitada para [&hellip;]\" \/>\n<meta property=\"og:url\" content=\"https:\/\/www.eldiario.net\/portal\/2024\/03\/14\/bolivia-segundo-pais-con-menor-bienestar-mental-de-la-region\/\" \/>\n<meta property=\"og:site_name\" content=\"El Diario - Bolivia\" \/>\n<meta property=\"article:publisher\" content=\"https:\/\/www.facebook.com\/eldiario.bolivia\/\" \/>\n<meta property=\"article:published_time\" content=\"2024-03-14T10:23:56+00:00\" \/>\n<meta property=\"og:image\" content=\"https:\/\/www.eldiario.net\/portal\/wp-content\/uploads\/2024\/03\/MENTE-FOTO.jpg\" \/>\n\t<meta property=\"og:image:width\" content=\"720\" \/>\n\t<meta property=\"og:image:height\" content=\"399\" \/>\n\t<meta property=\"og:image:type\" content=\"image\/jpeg\" \/>\n<meta name=\"author\" content=\"Jeanette\" \/>\n<meta name=\"twitter:card\" content=\"summary_large_image\" \/>\n<meta name=\"twitter:creator\" content=\"@eldiario_net\" \/>\n<meta name=\"twitter:site\" content=\"@eldiario_net\" \/>\n<meta name=\"twitter:label1\" content=\"Escrito por\" \/>\n\t<meta name=\"twitter:data1\" content=\"Jeanette\" \/>\n\t<meta name=\"twitter:label2\" content=\"Tiempo de lectura\" \/>\n\t<meta name=\"twitter:data2\" content=\"2 minutos\" \/>\n<script type=\"application\/ld+json\" class=\"yoast-schema-graph\">{\"@context\":\"https:\\\/\\\/schema.org\",\"@graph\":[{\"@type\":\"Article\",\"@id\":\"https:\\\/\\\/www.eldiario.net\\\/portal\\\/2024\\\/03\\\/14\\\/bolivia-segundo-pais-con-menor-bienestar-mental-de-la-region\\\/#article\",\"isPartOf\":{\"@id\":\"https:\\\/\\\/www.eldiario.net\\\/portal\\\/2024\\\/03\\\/14\\\/bolivia-segundo-pais-con-menor-bienestar-mental-de-la-region\\\/\"},\"author\":{\"name\":\"Jeanette\",\"@id\":\"https:\\\/\\\/www.eldiario.net\\\/portal\\\/#\\\/schema\\\/person\\\/2c57cf2b7a7ae032e449e4c9b1019eac\"},\"headline\":\"Bolivia segundo pa\u00eds con menor bienestar mental de la regi\u00f3n\",\"datePublished\":\"2024-03-14T10:23:56+00:00\",\"mainEntityOfPage\":{\"@id\":\"https:\\\/\\\/www.eldiario.net\\\/portal\\\/2024\\\/03\\\/14\\\/bolivia-segundo-pais-con-menor-bienestar-mental-de-la-region\\\/\"},\"wordCount\":437,\"commentCount\":0,\"publisher\":{\"@id\":\"https:\\\/\\\/www.eldiario.net\\\/portal\\\/#organization\"},\"image\":{\"@id\":\"https:\\\/\\\/www.eldiario.net\\\/portal\\\/2024\\\/03\\\/14\\\/bolivia-segundo-pais-con-menor-bienestar-mental-de-la-region\\\/#primaryimage\"},\"thumbnailUrl\":\"https:\\\/\\\/www.eldiario.net\\\/portal\\\/wp-content\\\/uploads\\\/2024\\\/03\\\/MENTE-FOTO.jpg\",\"articleSection\":[\"Portada\"],\"inLanguage\":\"es\",\"potentialAction\":[{\"@type\":\"CommentAction\",\"name\":\"Comment\",\"target\":[\"https:\\\/\\\/www.eldiario.net\\\/portal\\\/2024\\\/03\\\/14\\\/bolivia-segundo-pais-con-menor-bienestar-mental-de-la-region\\\/#respond\"]}]},{\"@type\":\"WebPage\",\"@id\":\"https:\\\/\\\/www.eldiario.net\\\/portal\\\/2024\\\/03\\\/14\\\/bolivia-segundo-pais-con-menor-bienestar-mental-de-la-region\\\/\",\"url\":\"https:\\\/\\\/www.eldiario.net\\\/portal\\\/2024\\\/03\\\/14\\\/bolivia-segundo-pais-con-menor-bienestar-mental-de-la-region\\\/\",\"name\":\"Bolivia segundo pa\u00eds con menor bienestar mental de la regi\u00f3n - El Diario - Bolivia\",\"isPartOf\":{\"@id\":\"https:\\\/\\\/www.eldiario.net\\\/portal\\\/#website\"},\"primaryImageOfPage\":{\"@id\":\"https:\\\/\\\/www.eldiario.net\\\/portal\\\/2024\\\/03\\\/14\\\/bolivia-segundo-pais-con-menor-bienestar-mental-de-la-region\\\/#primaryimage\"},\"image\":{\"@id\":\"https:\\\/\\\/www.eldiario.net\\\/portal\\\/2024\\\/03\\\/14\\\/bolivia-segundo-pais-con-menor-bienestar-mental-de-la-region\\\/#primaryimage\"},\"thumbnailUrl\":\"https:\\\/\\\/www.eldiario.net\\\/portal\\\/wp-content\\\/uploads\\\/2024\\\/03\\\/MENTE-FOTO.jpg\",\"datePublished\":\"2024-03-14T10:23:56+00:00\",\"breadcrumb\":{\"@id\":\"https:\\\/\\\/www.eldiario.net\\\/portal\\\/2024\\\/03\\\/14\\\/bolivia-segundo-pais-con-menor-bienestar-mental-de-la-region\\\/#breadcrumb\"},\"inLanguage\":\"es\",\"potentialAction\":[{\"@type\":\"ReadAction\",\"target\":[\"https:\\\/\\\/www.eldiario.net\\\/portal\\\/2024\\\/03\\\/14\\\/bolivia-segundo-pais-con-menor-bienestar-mental-de-la-region\\\/\"]}]},{\"@type\":\"ImageObject\",\"inLanguage\":\"es\",\"@id\":\"https:\\\/\\\/www.eldiario.net\\\/portal\\\/2024\\\/03\\\/14\\\/bolivia-segundo-pais-con-menor-bienestar-mental-de-la-region\\\/#primaryimage\",\"url\":\"https:\\\/\\\/www.eldiario.net\\\/portal\\\/wp-content\\\/uploads\\\/2024\\\/03\\\/MENTE-FOTO.jpg\",\"contentUrl\":\"https:\\\/\\\/www.eldiario.net\\\/portal\\\/wp-content\\\/uploads\\\/2024\\\/03\\\/MENTE-FOTO.jpg\",\"width\":720,\"height\":399,\"caption\":\"Portada del informe de Sapien Labs. Foto: captura de pantalla\"},{\"@type\":\"BreadcrumbList\",\"@id\":\"https:\\\/\\\/www.eldiario.net\\\/portal\\\/2024\\\/03\\\/14\\\/bolivia-segundo-pais-con-menor-bienestar-mental-de-la-region\\\/#breadcrumb\",\"itemListElement\":[{\"@type\":\"ListItem\",\"position\":1,\"name\":\"Portada\",\"item\":\"https:\\\/\\\/www.eldiario.net\\\/portal\\\/\"},{\"@type\":\"ListItem\",\"position\":2,\"name\":\"Bolivia segundo pa\u00eds con menor bienestar mental de la regi\u00f3n\"}]},{\"@type\":\"WebSite\",\"@id\":\"https:\\\/\\\/www.eldiario.net\\\/portal\\\/#website\",\"url\":\"https:\\\/\\\/www.eldiario.net\\\/portal\\\/\",\"name\":\"El Diario - Decano de la prensa nacional\",\"description\":\"El Diario - Decano de la prensa nacional\",\"publisher\":{\"@id\":\"https:\\\/\\\/www.eldiario.net\\\/portal\\\/#organization\"},\"potentialAction\":[{\"@type\":\"SearchAction\",\"target\":{\"@type\":\"EntryPoint\",\"urlTemplate\":\"https:\\\/\\\/www.eldiario.net\\\/portal\\\/?s={search_term_string}\"},\"query-input\":{\"@type\":\"PropertyValueSpecification\",\"valueRequired\":true,\"valueName\":\"search_term_string\"}}],\"inLanguage\":\"es\"},{\"@type\":\"Organization\",\"@id\":\"https:\\\/\\\/www.eldiario.net\\\/portal\\\/#organization\",\"name\":\"El Diario - Decano de la prensa nacional\",\"url\":\"https:\\\/\\\/www.eldiario.net\\\/portal\\\/\",\"logo\":{\"@type\":\"ImageObject\",\"inLanguage\":\"es\",\"@id\":\"https:\\\/\\\/www.eldiario.net\\\/portal\\\/#\\\/schema\\\/logo\\\/image\\\/\",\"url\":\"https:\\\/\\\/www.eldiario.net\\\/portal\\\/wp-content\\\/uploads\\\/2023\\\/07\\\/logo_ED.jpg\",\"contentUrl\":\"https:\\\/\\\/www.eldiario.net\\\/portal\\\/wp-content\\\/uploads\\\/2023\\\/07\\\/logo_ED.jpg\",\"width\":272,\"height\":52,\"caption\":\"El Diario - Decano de la prensa nacional\"},\"image\":{\"@id\":\"https:\\\/\\\/www.eldiario.net\\\/portal\\\/#\\\/schema\\\/logo\\\/image\\\/\"},\"sameAs\":[\"https:\\\/\\\/www.facebook.com\\\/eldiario.bolivia\\\/\",\"https:\\\/\\\/x.com\\\/eldiario_net\"]},{\"@type\":\"Person\",\"@id\":\"https:\\\/\\\/www.eldiario.net\\\/portal\\\/#\\\/schema\\\/person\\\/2c57cf2b7a7ae032e449e4c9b1019eac\",\"name\":\"Jeanette\",\"image\":{\"@type\":\"ImageObject\",\"inLanguage\":\"es\",\"@id\":\"https:\\\/\\\/secure.gravatar.com\\\/avatar\\\/3ea2118a5f7dad2b7138b1187a6b7ee55f160b9968b66013c3a3ef39dd7e5798?s=96&d=mm&r=g\",\"url\":\"https:\\\/\\\/secure.gravatar.com\\\/avatar\\\/3ea2118a5f7dad2b7138b1187a6b7ee55f160b9968b66013c3a3ef39dd7e5798?s=96&d=mm&r=g\",\"contentUrl\":\"https:\\\/\\\/secure.gravatar.com\\\/avatar\\\/3ea2118a5f7dad2b7138b1187a6b7ee55f160b9968b66013c3a3ef39dd7e5798?s=96&d=mm&r=g\",\"caption\":\"Jeanette\"},\"sameAs\":[\"https:\\\/\\\/www.eldiario.net\\\/portal\"],\"url\":\"https:\\\/\\\/www.eldiario.net\\\/portal\\\/author\\\/jeanette\\\/\"}]}<\/script>\n<!-- \/ Yoast SEO plugin. -->","yoast_head_json":{"title":"Bolivia segundo pa\u00eds con menor bienestar mental de la regi\u00f3n - El Diario - Bolivia","robots":{"index":"index","follow":"follow","max-snippet":"max-snippet:-1","max-image-preview":"max-image-preview:large","max-video-preview":"max-video-preview:-1"},"canonical":"https:\/\/www.eldiario.net\/portal\/2024\/03\/14\/bolivia-segundo-pais-con-menor-bienestar-mental-de-la-region\/","og_locale":"es_ES","og_type":"article","og_title":"Bolivia segundo pa\u00eds con menor bienestar mental de la regi\u00f3n - El Diario - Bolivia","og_description":"Bolivia, luego de Brasil, es el segundo pa\u00eds con menor bienestar mental de Sudam\u00e9rica, que se traduce en m\u00e1s infelicidad y desdicha, refleja un estudio de la organizaci\u00f3n estadounidense Sapien Labs. La investigaci\u00f3n forma parte del proyecto Global Mind y \u201cproporciona una visi\u00f3n de la evoluci\u00f3n del bienestar mental de la poblaci\u00f3n global habilitada para [&hellip;]","og_url":"https:\/\/www.eldiario.net\/portal\/2024\/03\/14\/bolivia-segundo-pais-con-menor-bienestar-mental-de-la-region\/","og_site_name":"El Diario - Bolivia","article_publisher":"https:\/\/www.facebook.com\/eldiario.bolivia\/","article_published_time":"2024-03-14T10:23:56+00:00","og_image":[{"width":720,"height":399,"url":"https:\/\/www.eldiario.net\/portal\/wp-content\/uploads\/2024\/03\/MENTE-FOTO.jpg","type":"image\/jpeg"}],"author":"Jeanette","twitter_card":"summary_large_image","twitter_creator":"@eldiario_net","twitter_site":"@eldiario_net","twitter_misc":{"Escrito por":"Jeanette","Tiempo de lectura":"2 minutos"},"schema":{"@context":"https:\/\/schema.org","@graph":[{"@type":"Article","@id":"https:\/\/www.eldiario.net\/portal\/2024\/03\/14\/bolivia-segundo-pais-con-menor-bienestar-mental-de-la-region\/#article","isPartOf":{"@id":"https:\/\/www.eldiario.net\/portal\/2024\/03\/14\/bolivia-segundo-pais-con-menor-bienestar-mental-de-la-region\/"},"author":{"name":"Jeanette","@id":"https:\/\/www.eldiario.net\/portal\/#\/schema\/person\/2c57cf2b7a7ae032e449e4c9b1019eac"},"headline":"Bolivia segundo pa\u00eds con menor bienestar mental de la regi\u00f3n","datePublished":"2024-03-14T10:23:56+00:00","mainEntityOfPage":{"@id":"https:\/\/www.eldiario.net\/portal\/2024\/03\/14\/bolivia-segundo-pais-con-menor-bienestar-mental-de-la-region\/"},"wordCount":437,"commentCount":0,"publisher":{"@id":"https:\/\/www.eldiario.net\/portal\/#organization"},"image":{"@id":"https:\/\/www.eldiario.net\/portal\/2024\/03\/14\/bolivia-segundo-pais-con-menor-bienestar-mental-de-la-region\/#primaryimage"},"thumbnailUrl":"https:\/\/www.eldiario.net\/portal\/wp-content\/uploads\/2024\/03\/MENTE-FOTO.jpg","articleSection":["Portada"],"inLanguage":"es","potentialAction":[{"@type":"CommentAction","name":"Comment","target":["https:\/\/www.eldiario.net\/portal\/2024\/03\/14\/bolivia-segundo-pais-con-menor-bienestar-mental-de-la-region\/#respond"]}]},{"@type":"WebPage","@id":"https:\/\/www.eldiario.net\/portal\/2024\/03\/14\/bolivia-segundo-pais-con-menor-bienestar-mental-de-la-region\/","url":"https:\/\/www.eldiario.net\/portal\/2024\/03\/14\/bolivia-segundo-pais-con-menor-bienestar-mental-de-la-region\/","name":"Bolivia segundo pa\u00eds con menor bienestar mental de la regi\u00f3n - El Diario - Bolivia","isPartOf":{"@id":"https:\/\/www.eldiario.net\/portal\/#website"},"primaryImageOfPage":{"@id":"https:\/\/www.eldiario.net\/portal\/2024\/03\/14\/bolivia-segundo-pais-con-menor-bienestar-mental-de-la-region\/#primaryimage"},"image":{"@id":"https:\/\/www.eldiario.net\/portal\/2024\/03\/14\/bolivia-segundo-pais-con-menor-bienestar-mental-de-la-region\/#primaryimage"},"thumbnailUrl":"https:\/\/www.eldiario.net\/portal\/wp-content\/uploads\/2024\/03\/MENTE-FOTO.jpg","datePublished":"2024-03-14T10:23:56+00:00","breadcrumb":{"@id":"https:\/\/www.eldiario.net\/portal\/2024\/03\/14\/bolivia-segundo-pais-con-menor-bienestar-mental-de-la-region\/#breadcrumb"},"inLanguage":"es","potentialAction":[{"@type":"ReadAction","target":["https:\/\/www.eldiario.net\/portal\/2024\/03\/14\/bolivia-segundo-pais-con-menor-bienestar-mental-de-la-region\/"]}]},{"@type":"ImageObject","inLanguage":"es","@id":"https:\/\/www.eldiario.net\/portal\/2024\/03\/14\/bolivia-segundo-pais-con-menor-bienestar-mental-de-la-region\/#primaryimage","url":"https:\/\/www.eldiario.net\/portal\/wp-content\/uploads\/2024\/03\/MENTE-FOTO.jpg","contentUrl":"https:\/\/www.eldiario.net\/portal\/wp-content\/uploads\/2024\/03\/MENTE-FOTO.jpg","width":720,"height":399,"caption":"Portada del informe de Sapien Labs. Foto: captura de pantalla"},{"@type":"BreadcrumbList","@id":"https:\/\/www.eldiario.net\/portal\/2024\/03\/14\/bolivia-segundo-pais-con-menor-bienestar-mental-de-la-region\/#breadcrumb","itemListElement":[{"@type":"ListItem","position":1,"name":"Portada","item":"https:\/\/www.eldiario.net\/portal\/"},{"@type":"ListItem","position":2,"name":"Bolivia segundo pa\u00eds con menor bienestar mental de la regi\u00f3n"}]},{"@type":"WebSite","@id":"https:\/\/www.eldiario.net\/portal\/#website","url":"https:\/\/www.eldiario.net\/portal\/","name":"El Diario - Decano de la prensa nacional","description":"El Diario - Decano de la prensa nacional","publisher":{"@id":"https:\/\/www.eldiario.net\/portal\/#organization"},"potentialAction":[{"@type":"SearchAction","target":{"@type":"EntryPoint","urlTemplate":"https:\/\/www.eldiario.net\/portal\/?s={search_term_string}"},"query-input":{"@type":"PropertyValueSpecification","valueRequired":true,"valueName":"search_term_string"}}],"inLanguage":"es"},{"@type":"Organization","@id":"https:\/\/www.eldiario.net\/portal\/#organization","name":"El Diario - Decano de la prensa nacional","url":"https:\/\/www.eldiario.net\/portal\/","logo":{"@type":"ImageObject","inLanguage":"es","@id":"https:\/\/www.eldiario.net\/portal\/#\/schema\/logo\/image\/","url":"https:\/\/www.eldiario.net\/portal\/wp-content\/uploads\/2023\/07\/logo_ED.jpg","contentUrl":"https:\/\/www.eldiario.net\/portal\/wp-content\/uploads\/2023\/07\/logo_ED.jpg","width":272,"height":52,"caption":"El Diario - Decano de la prensa nacional"},"image":{"@id":"https:\/\/www.eldiario.net\/portal\/#\/schema\/logo\/image\/"},"sameAs":["https:\/\/www.facebook.com\/eldiario.bolivia\/","https:\/\/x.com\/eldiario_net"]},{"@type":"Person","@id":"https:\/\/www.eldiario.net\/portal\/#\/schema\/person\/2c57cf2b7a7ae032e449e4c9b1019eac","name":"Jeanette","image":{"@type":"ImageObject","inLanguage":"es","@id":"https:\/\/secure.gravatar.com\/avatar\/3ea2118a5f7dad2b7138b1187a6b7ee55f160b9968b66013c3a3ef39dd7e5798?s=96&d=mm&r=g","url":"https:\/\/secure.gravatar.com\/avatar\/3ea2118a5f7dad2b7138b1187a6b7ee55f160b9968b66013c3a3ef39dd7e5798?s=96&d=mm&r=g","contentUrl":"https:\/\/secure.gravatar.com\/avatar\/3ea2118a5f7dad2b7138b1187a6b7ee55f160b9968b66013c3a3ef39dd7e5798?s=96&d=mm&r=g","caption":"Jeanette"},"sameAs":["https:\/\/www.eldiario.net\/portal"],"url":"https:\/\/www.eldiario.net\/portal\/author\/jeanette\/"}]}},"_links":{"self":[{"href":"https:\/\/www.eldiario.net\/portal\/wp-json\/wp\/v2\/posts\/208149","targetHints":{"allow":["GET"]}}],"collection":[{"href":"https:\/\/www.eldiario.net\/portal\/wp-json\/wp\/v2\/posts"}],"about":[{"href":"https:\/\/www.eldiario.net\/portal\/wp-json\/wp\/v2\/types\/post"}],"author":[{"embeddable":true,"href":"https:\/\/www.eldiario.net\/portal\/wp-json\/wp\/v2\/users\/1"}],"replies":[{"embeddable":true,"href":"https:\/\/www.eldiario.net\/portal\/wp-json\/wp\/v2\/comments?post=208149"}],"version-history":[{"count":1,"href":"https:\/\/www.eldiario.net\/portal\/wp-json\/wp\/v2\/posts\/208149\/revisions"}],"predecessor-version":[{"id":208151,"href":"https:\/\/www.eldiario.net\/portal\/wp-json\/wp\/v2\/posts\/208149\/revisions\/208151"}],"wp:featuredmedia":[{"embeddable":true,"href":"https:\/\/www.eldiario.net\/portal\/wp-json\/wp\/v2\/media\/208150"}],"wp:attachment":[{"href":"https:\/\/www.eldiario.net\/portal\/wp-json\/wp\/v2\/media?parent=208149"}],"wp:term":[{"taxonomy":"category","embeddable":true,"href":"https:\/\/www.eldiario.net\/portal\/wp-json\/wp\/v2\/categories?post=208149"},{"taxonomy":"post_tag","embeddable":true,"href":"https:\/\/www.eldiario.net\/portal\/wp-json\/wp\/v2\/tags?post=208149"}],"curies":[{"name":"wp","href":"https:\/\/api.w.org\/{rel}","templated":true}]}}