{"id":208146,"date":"2024-03-14T06:23:06","date_gmt":"2024-03-14T10:23:06","guid":{"rendered":"https:\/\/www.eldiario.net\/portal\/?p=208146"},"modified":"2024-03-14T06:23:06","modified_gmt":"2024-03-14T10:23:06","slug":"cerca-de-230-000-ninos-y-embarazadas-podrian-morir-de-hambre-en-sudan","status":"publish","type":"post","link":"https:\/\/www.eldiario.net\/portal\/2024\/03\/14\/cerca-de-230-000-ninos-y-embarazadas-podrian-morir-de-hambre-en-sudan\/","title":{"rendered":"Cerca de 230.000 ni\u00f1os y embarazadas  podr\u00edan morir de hambre en Sud\u00e1n"},"content":{"rendered":"<p>La organizaci\u00f3n no gubernamental Save the Children alert\u00f3 ayer que cerca de 230.000 ni\u00f1os, embarazadas y madres lactantes podr\u00edan morir de hambre en los pr\u00f3ximos meses en Sud\u00e1n si no se incrementa el financiamiento de la respuesta humanitaria ante la enorme crisis en el pa\u00eds africano, sumido en una guerra desde abril de 2023.<\/p>\n<p>Los \u00faltimos datos de Naciones Unidas, el Ministerio de Sanidad sudan\u00e9s y diversas ONG apuntan a que m\u00e1s de 2,9 millones de ni\u00f1os sufren desnutrici\u00f3n aguda, entre ellos 729.000 ni\u00f1os de menos de cinco a\u00f1os que sufren desnutrici\u00f3n aguda grave, incluidos m\u00e1s de 109.000 que se exponen a complicaciones m\u00e9dicas a causa de su estado.<\/p>\n<p>Estos datos apuntan a que unos 222.000 ni\u00f1os y m\u00e1s de 7.000 madres lactantes podr\u00edan fallecer, en un momento en el que los niveles de financiaci\u00f3n de la respuesta a nivel alimentario en Sud\u00e1n cubren \u00fanicamente el 5,5 por ciento del total requerido, una cifra incluso inferior al 23 por ciento registrado en 2023.<\/p>\n<p>De esta forma, alrededor de 1,2 millones de mujeres embarazadas y lactantes podr\u00edan sufrir desnutrici\u00f3n este a\u00f1o si no se eleva la respuesta humanitaria, en medio de una guerra entre el Ej\u00e9rcito y las paramilitares Fuerzas de Apoyo R\u00e1pido (RSF) que da\u00f1\u00f3 gravemente la cadena de suministros y que ahond\u00f3 la crisis en el pa\u00eds africano.<\/p>\n<p>El director de Save the Children en Sud\u00e1n, Arif Nur, recalc\u00f3 que \u00abla situaci\u00f3n nutricional, la capacidad de los ni\u00f1os y otros grupos vulnerables de obtener la comida que necesitan para crecer y sobrevivir, es una de las peores del mundo\u00bb.<\/p>\n<p>\u00abQue no hubiera cosecha el a\u00f1o pasado significa que no hay comida hoy. Que no haya cosecha hoy significa que no habr\u00e1 comida ma\u00f1ana. El ciclo de hambre est\u00e1 empeorando cada vez m\u00e1s, sin un fin a la vista. S\u00f3lo m\u00e1s miseria\u00bb, explic\u00f3.<\/p>\n<p>En este sentido, record\u00f3 que el estado de Gezira, conocido como \u00abel granero\u00bb de Sud\u00e1n, registr\u00f3 combates en diciembre a causa de una ofensiva de las RSF, lo que gener\u00f3 \u00abuna nueva oleada de desplazamiento, con m\u00e1s de medio mill\u00f3n de personas huyendo de sus hogares para buscar seguridad\u00bb.<\/p>\n<p>\u00abEsto provoc\u00f3 una alteraci\u00f3n sin precedentes de los sistemas alimentarios. Estamos viendo un hambre masiva, sufrimiento y muerte, pese a lo cual el mundo mira hacia otro lado\u00bb, lament\u00f3 Nur, quien destac\u00f3 que \u00abla comunidad internacional debe unirse para actuar y evitar la p\u00e9rdida de m\u00e1s vidas\u00bb. \u00abLa Historia recordar\u00e1 esta falta de acci\u00f3n\u00bb, dijo.<\/p>\n<p>El Programa Mundial de Alimentos (PMA) alert\u00f3 la semana pasada de que la guerra podr\u00eda convertirse \u00aben la mayor crisis de hambre en el mundo\u00bb, tras ser ya la mayor crisis de desplazamiento a nivel mundial. \u00abA d\u00eda de hoy, la gente de Sud\u00e1n fue olvidada. Millones de vidas y la paz y la estabilidad de toda una regi\u00f3n est\u00e1n en juego\u00bb, lament\u00f3 la directora ejecutiva del organismo, Cindy McCain.<\/p>\n<p>La guerra entre el Ej\u00e9rcito sudan\u00e9s y las RSF estall\u00f3 en abril de 2023 a causa de las fuertes discrepancias en torno al proceso de integraci\u00f3n del grupo paramilitar en el seno de las Fuerzas Armadas, situaci\u00f3n que provoc\u00f3 el descarrilamiento de la transici\u00f3n abierta en 2019<\/p>\n<p>tras el derrocamiento de Omar al Bashir. El conflicto dej\u00f3 m\u00e1s de seis millones de desplazados internos que se suman a los cerca de tres millones de desplazados previos y empuj\u00f3 a m\u00e1s de 1,7 millones de personas a cruzar hacia pa\u00edses vecinos. (Europa Press)<\/p>\n","protected":false},"excerpt":{"rendered":"<p>La organizaci\u00f3n no gubernamental Save the Children alert\u00f3 ayer que cerca de 230.000 ni\u00f1os, embarazadas y madres lactantes podr\u00edan morir de hambre en los pr\u00f3ximos meses en Sud\u00e1n si no se incrementa el financiamiento de la respuesta humanitaria ante la enorme crisis en el pa\u00eds africano, sumido en una guerra desde abril de 2023. Los [&hellip;]<\/p>\n","protected":false},"author":1,"featured_media":208147,"comment_status":"open","ping_status":"open","sticky":false,"template":"","format":"standard","meta":{"_acf_changed":false,"footnotes":""},"categories":[15],"tags":[],"class_list":["post-208146","post","type-post","status-publish","format-standard","has-post-thumbnail","category-portada"],"acf":{"antetitulo":"Seg\u00fan alerta Save the Children "},"yoast_head":"<!-- This site is optimized with the Yoast SEO plugin v28.4 - https:\/\/yoast.com\/product\/yoast-seo-wordpress\/ -->\n<title>Cerca de 230.000 ni\u00f1os y embarazadas podr\u00edan morir de hambre en Sud\u00e1n - El Diario - Bolivia<\/title>\n<meta name=\"robots\" content=\"index, follow, max-snippet:-1, max-image-preview:large, max-video-preview:-1\" \/>\n<link rel=\"canonical\" href=\"https:\/\/www.eldiario.net\/portal\/2024\/03\/14\/cerca-de-230-000-ninos-y-embarazadas-podrian-morir-de-hambre-en-sudan\/\" \/>\n<meta property=\"og:locale\" content=\"es_ES\" \/>\n<meta property=\"og:type\" content=\"article\" \/>\n<meta property=\"og:title\" content=\"Cerca de 230.000 ni\u00f1os y embarazadas podr\u00edan morir de hambre en Sud\u00e1n - El Diario - Bolivia\" \/>\n<meta property=\"og:description\" content=\"La organizaci\u00f3n no gubernamental Save the Children alert\u00f3 ayer que cerca de 230.000 ni\u00f1os, embarazadas y madres lactantes podr\u00edan morir de hambre en los pr\u00f3ximos meses en Sud\u00e1n si no se incrementa el financiamiento de la respuesta humanitaria ante la enorme crisis en el pa\u00eds africano, sumido en una guerra desde abril de 2023. Los [&hellip;]\" \/>\n<meta property=\"og:url\" content=\"https:\/\/www.eldiario.net\/portal\/2024\/03\/14\/cerca-de-230-000-ninos-y-embarazadas-podrian-morir-de-hambre-en-sudan\/\" \/>\n<meta property=\"og:site_name\" content=\"El Diario - Bolivia\" \/>\n<meta property=\"article:publisher\" content=\"https:\/\/www.facebook.com\/eldiario.bolivia\/\" \/>\n<meta property=\"article:published_time\" content=\"2024-03-14T10:23:06+00:00\" \/>\n<meta property=\"og:image\" content=\"https:\/\/www.eldiario.net\/portal\/wp-content\/uploads\/2024\/03\/SUDAN-FOTO.jpg\" \/>\n\t<meta property=\"og:image:width\" content=\"1600\" \/>\n\t<meta property=\"og:image:height\" content=\"900\" \/>\n\t<meta property=\"og:image:type\" content=\"image\/jpeg\" \/>\n<meta name=\"author\" content=\"Jeanette\" \/>\n<meta name=\"twitter:card\" content=\"summary_large_image\" \/>\n<meta name=\"twitter:creator\" content=\"@eldiario_net\" \/>\n<meta name=\"twitter:site\" content=\"@eldiario_net\" \/>\n<meta name=\"twitter:label1\" content=\"Escrito por\" \/>\n\t<meta name=\"twitter:data1\" content=\"Jeanette\" \/>\n\t<meta name=\"twitter:label2\" content=\"Tiempo de lectura\" \/>\n\t<meta name=\"twitter:data2\" content=\"3 minutos\" \/>\n<script type=\"application\/ld+json\" class=\"yoast-schema-graph\">{\"@context\":\"https:\\\/\\\/schema.org\",\"@graph\":[{\"@type\":\"Article\",\"@id\":\"https:\\\/\\\/www.eldiario.net\\\/portal\\\/2024\\\/03\\\/14\\\/cerca-de-230-000-ninos-y-embarazadas-podrian-morir-de-hambre-en-sudan\\\/#article\",\"isPartOf\":{\"@id\":\"https:\\\/\\\/www.eldiario.net\\\/portal\\\/2024\\\/03\\\/14\\\/cerca-de-230-000-ninos-y-embarazadas-podrian-morir-de-hambre-en-sudan\\\/\"},\"author\":{\"name\":\"Jeanette\",\"@id\":\"https:\\\/\\\/www.eldiario.net\\\/portal\\\/#\\\/schema\\\/person\\\/2c57cf2b7a7ae032e449e4c9b1019eac\"},\"headline\":\"Cerca de 230.000 ni\u00f1os y embarazadas podr\u00edan morir de hambre en Sud\u00e1n\",\"datePublished\":\"2024-03-14T10:23:06+00:00\",\"mainEntityOfPage\":{\"@id\":\"https:\\\/\\\/www.eldiario.net\\\/portal\\\/2024\\\/03\\\/14\\\/cerca-de-230-000-ninos-y-embarazadas-podrian-morir-de-hambre-en-sudan\\\/\"},\"wordCount\":623,\"commentCount\":0,\"publisher\":{\"@id\":\"https:\\\/\\\/www.eldiario.net\\\/portal\\\/#organization\"},\"image\":{\"@id\":\"https:\\\/\\\/www.eldiario.net\\\/portal\\\/2024\\\/03\\\/14\\\/cerca-de-230-000-ninos-y-embarazadas-podrian-morir-de-hambre-en-sudan\\\/#primaryimage\"},\"thumbnailUrl\":\"https:\\\/\\\/www.eldiario.net\\\/portal\\\/wp-content\\\/uploads\\\/2024\\\/03\\\/SUDAN-FOTO.jpg\",\"articleSection\":[\"Portada\"],\"inLanguage\":\"es\",\"potentialAction\":[{\"@type\":\"CommentAction\",\"name\":\"Comment\",\"target\":[\"https:\\\/\\\/www.eldiario.net\\\/portal\\\/2024\\\/03\\\/14\\\/cerca-de-230-000-ninos-y-embarazadas-podrian-morir-de-hambre-en-sudan\\\/#respond\"]}]},{\"@type\":\"WebPage\",\"@id\":\"https:\\\/\\\/www.eldiario.net\\\/portal\\\/2024\\\/03\\\/14\\\/cerca-de-230-000-ninos-y-embarazadas-podrian-morir-de-hambre-en-sudan\\\/\",\"url\":\"https:\\\/\\\/www.eldiario.net\\\/portal\\\/2024\\\/03\\\/14\\\/cerca-de-230-000-ninos-y-embarazadas-podrian-morir-de-hambre-en-sudan\\\/\",\"name\":\"Cerca de 230.000 ni\u00f1os y embarazadas podr\u00edan morir de hambre en Sud\u00e1n - El Diario - Bolivia\",\"isPartOf\":{\"@id\":\"https:\\\/\\\/www.eldiario.net\\\/portal\\\/#website\"},\"primaryImageOfPage\":{\"@id\":\"https:\\\/\\\/www.eldiario.net\\\/portal\\\/2024\\\/03\\\/14\\\/cerca-de-230-000-ninos-y-embarazadas-podrian-morir-de-hambre-en-sudan\\\/#primaryimage\"},\"image\":{\"@id\":\"https:\\\/\\\/www.eldiario.net\\\/portal\\\/2024\\\/03\\\/14\\\/cerca-de-230-000-ninos-y-embarazadas-podrian-morir-de-hambre-en-sudan\\\/#primaryimage\"},\"thumbnailUrl\":\"https:\\\/\\\/www.eldiario.net\\\/portal\\\/wp-content\\\/uploads\\\/2024\\\/03\\\/SUDAN-FOTO.jpg\",\"datePublished\":\"2024-03-14T10:23:06+00:00\",\"breadcrumb\":{\"@id\":\"https:\\\/\\\/www.eldiario.net\\\/portal\\\/2024\\\/03\\\/14\\\/cerca-de-230-000-ninos-y-embarazadas-podrian-morir-de-hambre-en-sudan\\\/#breadcrumb\"},\"inLanguage\":\"es\",\"potentialAction\":[{\"@type\":\"ReadAction\",\"target\":[\"https:\\\/\\\/www.eldiario.net\\\/portal\\\/2024\\\/03\\\/14\\\/cerca-de-230-000-ninos-y-embarazadas-podrian-morir-de-hambre-en-sudan\\\/\"]}]},{\"@type\":\"ImageObject\",\"inLanguage\":\"es\",\"@id\":\"https:\\\/\\\/www.eldiario.net\\\/portal\\\/2024\\\/03\\\/14\\\/cerca-de-230-000-ninos-y-embarazadas-podrian-morir-de-hambre-en-sudan\\\/#primaryimage\",\"url\":\"https:\\\/\\\/www.eldiario.net\\\/portal\\\/wp-content\\\/uploads\\\/2024\\\/03\\\/SUDAN-FOTO.jpg\",\"contentUrl\":\"https:\\\/\\\/www.eldiario.net\\\/portal\\\/wp-content\\\/uploads\\\/2024\\\/03\\\/SUDAN-FOTO.jpg\",\"width\":1600,\"height\":900,\"caption\":\"LOS M\u00c1S AFECTADOS POR LA GUERRA SON LAS MUJERES Y NI\u00d1OS. FOTO: El Nacional\"},{\"@type\":\"BreadcrumbList\",\"@id\":\"https:\\\/\\\/www.eldiario.net\\\/portal\\\/2024\\\/03\\\/14\\\/cerca-de-230-000-ninos-y-embarazadas-podrian-morir-de-hambre-en-sudan\\\/#breadcrumb\",\"itemListElement\":[{\"@type\":\"ListItem\",\"position\":1,\"name\":\"Portada\",\"item\":\"https:\\\/\\\/www.eldiario.net\\\/portal\\\/\"},{\"@type\":\"ListItem\",\"position\":2,\"name\":\"Cerca de 230.000 ni\u00f1os y embarazadas podr\u00edan morir de hambre en Sud\u00e1n\"}]},{\"@type\":\"WebSite\",\"@id\":\"https:\\\/\\\/www.eldiario.net\\\/portal\\\/#website\",\"url\":\"https:\\\/\\\/www.eldiario.net\\\/portal\\\/\",\"name\":\"El Diario - Decano de la prensa nacional\",\"description\":\"El Diario - Decano de la prensa nacional\",\"publisher\":{\"@id\":\"https:\\\/\\\/www.eldiario.net\\\/portal\\\/#organization\"},\"potentialAction\":[{\"@type\":\"SearchAction\",\"target\":{\"@type\":\"EntryPoint\",\"urlTemplate\":\"https:\\\/\\\/www.eldiario.net\\\/portal\\\/?s={search_term_string}\"},\"query-input\":{\"@type\":\"PropertyValueSpecification\",\"valueRequired\":true,\"valueName\":\"search_term_string\"}}],\"inLanguage\":\"es\"},{\"@type\":\"Organization\",\"@id\":\"https:\\\/\\\/www.eldiario.net\\\/portal\\\/#organization\",\"name\":\"El Diario - Decano de la prensa nacional\",\"url\":\"https:\\\/\\\/www.eldiario.net\\\/portal\\\/\",\"logo\":{\"@type\":\"ImageObject\",\"inLanguage\":\"es\",\"@id\":\"https:\\\/\\\/www.eldiario.net\\\/portal\\\/#\\\/schema\\\/logo\\\/image\\\/\",\"url\":\"https:\\\/\\\/www.eldiario.net\\\/portal\\\/wp-content\\\/uploads\\\/2023\\\/07\\\/logo_ED.jpg\",\"contentUrl\":\"https:\\\/\\\/www.eldiario.net\\\/portal\\\/wp-content\\\/uploads\\\/2023\\\/07\\\/logo_ED.jpg\",\"width\":272,\"height\":52,\"caption\":\"El Diario - Decano de la prensa nacional\"},\"image\":{\"@id\":\"https:\\\/\\\/www.eldiario.net\\\/portal\\\/#\\\/schema\\\/logo\\\/image\\\/\"},\"sameAs\":[\"https:\\\/\\\/www.facebook.com\\\/eldiario.bolivia\\\/\",\"https:\\\/\\\/x.com\\\/eldiario_net\"]},{\"@type\":\"Person\",\"@id\":\"https:\\\/\\\/www.eldiario.net\\\/portal\\\/#\\\/schema\\\/person\\\/2c57cf2b7a7ae032e449e4c9b1019eac\",\"name\":\"Jeanette\",\"image\":{\"@type\":\"ImageObject\",\"inLanguage\":\"es\",\"@id\":\"https:\\\/\\\/secure.gravatar.com\\\/avatar\\\/3ea2118a5f7dad2b7138b1187a6b7ee55f160b9968b66013c3a3ef39dd7e5798?s=96&d=mm&r=g\",\"url\":\"https:\\\/\\\/secure.gravatar.com\\\/avatar\\\/3ea2118a5f7dad2b7138b1187a6b7ee55f160b9968b66013c3a3ef39dd7e5798?s=96&d=mm&r=g\",\"contentUrl\":\"https:\\\/\\\/secure.gravatar.com\\\/avatar\\\/3ea2118a5f7dad2b7138b1187a6b7ee55f160b9968b66013c3a3ef39dd7e5798?s=96&d=mm&r=g\",\"caption\":\"Jeanette\"},\"sameAs\":[\"https:\\\/\\\/www.eldiario.net\\\/portal\"],\"url\":\"https:\\\/\\\/www.eldiario.net\\\/portal\\\/author\\\/jeanette\\\/\"}]}<\/script>\n<!-- \/ Yoast SEO plugin. -->","yoast_head_json":{"title":"Cerca de 230.000 ni\u00f1os y embarazadas podr\u00edan morir de hambre en Sud\u00e1n - El Diario - Bolivia","robots":{"index":"index","follow":"follow","max-snippet":"max-snippet:-1","max-image-preview":"max-image-preview:large","max-video-preview":"max-video-preview:-1"},"canonical":"https:\/\/www.eldiario.net\/portal\/2024\/03\/14\/cerca-de-230-000-ninos-y-embarazadas-podrian-morir-de-hambre-en-sudan\/","og_locale":"es_ES","og_type":"article","og_title":"Cerca de 230.000 ni\u00f1os y embarazadas podr\u00edan morir de hambre en Sud\u00e1n - El Diario - Bolivia","og_description":"La organizaci\u00f3n no gubernamental Save the Children alert\u00f3 ayer que cerca de 230.000 ni\u00f1os, embarazadas y madres lactantes podr\u00edan morir de hambre en los pr\u00f3ximos meses en Sud\u00e1n si no se incrementa el financiamiento de la respuesta humanitaria ante la enorme crisis en el pa\u00eds africano, sumido en una guerra desde abril de 2023. Los [&hellip;]","og_url":"https:\/\/www.eldiario.net\/portal\/2024\/03\/14\/cerca-de-230-000-ninos-y-embarazadas-podrian-morir-de-hambre-en-sudan\/","og_site_name":"El Diario - Bolivia","article_publisher":"https:\/\/www.facebook.com\/eldiario.bolivia\/","article_published_time":"2024-03-14T10:23:06+00:00","og_image":[{"width":1600,"height":900,"url":"https:\/\/www.eldiario.net\/portal\/wp-content\/uploads\/2024\/03\/SUDAN-FOTO.jpg","type":"image\/jpeg"}],"author":"Jeanette","twitter_card":"summary_large_image","twitter_creator":"@eldiario_net","twitter_site":"@eldiario_net","twitter_misc":{"Escrito por":"Jeanette","Tiempo de lectura":"3 minutos"},"schema":{"@context":"https:\/\/schema.org","@graph":[{"@type":"Article","@id":"https:\/\/www.eldiario.net\/portal\/2024\/03\/14\/cerca-de-230-000-ninos-y-embarazadas-podrian-morir-de-hambre-en-sudan\/#article","isPartOf":{"@id":"https:\/\/www.eldiario.net\/portal\/2024\/03\/14\/cerca-de-230-000-ninos-y-embarazadas-podrian-morir-de-hambre-en-sudan\/"},"author":{"name":"Jeanette","@id":"https:\/\/www.eldiario.net\/portal\/#\/schema\/person\/2c57cf2b7a7ae032e449e4c9b1019eac"},"headline":"Cerca de 230.000 ni\u00f1os y embarazadas podr\u00edan morir de hambre en Sud\u00e1n","datePublished":"2024-03-14T10:23:06+00:00","mainEntityOfPage":{"@id":"https:\/\/www.eldiario.net\/portal\/2024\/03\/14\/cerca-de-230-000-ninos-y-embarazadas-podrian-morir-de-hambre-en-sudan\/"},"wordCount":623,"commentCount":0,"publisher":{"@id":"https:\/\/www.eldiario.net\/portal\/#organization"},"image":{"@id":"https:\/\/www.eldiario.net\/portal\/2024\/03\/14\/cerca-de-230-000-ninos-y-embarazadas-podrian-morir-de-hambre-en-sudan\/#primaryimage"},"thumbnailUrl":"https:\/\/www.eldiario.net\/portal\/wp-content\/uploads\/2024\/03\/SUDAN-FOTO.jpg","articleSection":["Portada"],"inLanguage":"es","potentialAction":[{"@type":"CommentAction","name":"Comment","target":["https:\/\/www.eldiario.net\/portal\/2024\/03\/14\/cerca-de-230-000-ninos-y-embarazadas-podrian-morir-de-hambre-en-sudan\/#respond"]}]},{"@type":"WebPage","@id":"https:\/\/www.eldiario.net\/portal\/2024\/03\/14\/cerca-de-230-000-ninos-y-embarazadas-podrian-morir-de-hambre-en-sudan\/","url":"https:\/\/www.eldiario.net\/portal\/2024\/03\/14\/cerca-de-230-000-ninos-y-embarazadas-podrian-morir-de-hambre-en-sudan\/","name":"Cerca de 230.000 ni\u00f1os y embarazadas podr\u00edan morir de hambre en Sud\u00e1n - El Diario - Bolivia","isPartOf":{"@id":"https:\/\/www.eldiario.net\/portal\/#website"},"primaryImageOfPage":{"@id":"https:\/\/www.eldiario.net\/portal\/2024\/03\/14\/cerca-de-230-000-ninos-y-embarazadas-podrian-morir-de-hambre-en-sudan\/#primaryimage"},"image":{"@id":"https:\/\/www.eldiario.net\/portal\/2024\/03\/14\/cerca-de-230-000-ninos-y-embarazadas-podrian-morir-de-hambre-en-sudan\/#primaryimage"},"thumbnailUrl":"https:\/\/www.eldiario.net\/portal\/wp-content\/uploads\/2024\/03\/SUDAN-FOTO.jpg","datePublished":"2024-03-14T10:23:06+00:00","breadcrumb":{"@id":"https:\/\/www.eldiario.net\/portal\/2024\/03\/14\/cerca-de-230-000-ninos-y-embarazadas-podrian-morir-de-hambre-en-sudan\/#breadcrumb"},"inLanguage":"es","potentialAction":[{"@type":"ReadAction","target":["https:\/\/www.eldiario.net\/portal\/2024\/03\/14\/cerca-de-230-000-ninos-y-embarazadas-podrian-morir-de-hambre-en-sudan\/"]}]},{"@type":"ImageObject","inLanguage":"es","@id":"https:\/\/www.eldiario.net\/portal\/2024\/03\/14\/cerca-de-230-000-ninos-y-embarazadas-podrian-morir-de-hambre-en-sudan\/#primaryimage","url":"https:\/\/www.eldiario.net\/portal\/wp-content\/uploads\/2024\/03\/SUDAN-FOTO.jpg","contentUrl":"https:\/\/www.eldiario.net\/portal\/wp-content\/uploads\/2024\/03\/SUDAN-FOTO.jpg","width":1600,"height":900,"caption":"LOS M\u00c1S AFECTADOS POR LA GUERRA SON LAS MUJERES Y NI\u00d1OS. FOTO: El Nacional"},{"@type":"BreadcrumbList","@id":"https:\/\/www.eldiario.net\/portal\/2024\/03\/14\/cerca-de-230-000-ninos-y-embarazadas-podrian-morir-de-hambre-en-sudan\/#breadcrumb","itemListElement":[{"@type":"ListItem","position":1,"name":"Portada","item":"https:\/\/www.eldiario.net\/portal\/"},{"@type":"ListItem","position":2,"name":"Cerca de 230.000 ni\u00f1os y embarazadas podr\u00edan morir de hambre en Sud\u00e1n"}]},{"@type":"WebSite","@id":"https:\/\/www.eldiario.net\/portal\/#website","url":"https:\/\/www.eldiario.net\/portal\/","name":"El Diario - Decano de la prensa nacional","description":"El Diario - Decano de la prensa nacional","publisher":{"@id":"https:\/\/www.eldiario.net\/portal\/#organization"},"potentialAction":[{"@type":"SearchAction","target":{"@type":"EntryPoint","urlTemplate":"https:\/\/www.eldiario.net\/portal\/?s={search_term_string}"},"query-input":{"@type":"PropertyValueSpecification","valueRequired":true,"valueName":"search_term_string"}}],"inLanguage":"es"},{"@type":"Organization","@id":"https:\/\/www.eldiario.net\/portal\/#organization","name":"El Diario - Decano de la prensa nacional","url":"https:\/\/www.eldiario.net\/portal\/","logo":{"@type":"ImageObject","inLanguage":"es","@id":"https:\/\/www.eldiario.net\/portal\/#\/schema\/logo\/image\/","url":"https:\/\/www.eldiario.net\/portal\/wp-content\/uploads\/2023\/07\/logo_ED.jpg","contentUrl":"https:\/\/www.eldiario.net\/portal\/wp-content\/uploads\/2023\/07\/logo_ED.jpg","width":272,"height":52,"caption":"El Diario - Decano de la prensa nacional"},"image":{"@id":"https:\/\/www.eldiario.net\/portal\/#\/schema\/logo\/image\/"},"sameAs":["https:\/\/www.facebook.com\/eldiario.bolivia\/","https:\/\/x.com\/eldiario_net"]},{"@type":"Person","@id":"https:\/\/www.eldiario.net\/portal\/#\/schema\/person\/2c57cf2b7a7ae032e449e4c9b1019eac","name":"Jeanette","image":{"@type":"ImageObject","inLanguage":"es","@id":"https:\/\/secure.gravatar.com\/avatar\/3ea2118a5f7dad2b7138b1187a6b7ee55f160b9968b66013c3a3ef39dd7e5798?s=96&d=mm&r=g","url":"https:\/\/secure.gravatar.com\/avatar\/3ea2118a5f7dad2b7138b1187a6b7ee55f160b9968b66013c3a3ef39dd7e5798?s=96&d=mm&r=g","contentUrl":"https:\/\/secure.gravatar.com\/avatar\/3ea2118a5f7dad2b7138b1187a6b7ee55f160b9968b66013c3a3ef39dd7e5798?s=96&d=mm&r=g","caption":"Jeanette"},"sameAs":["https:\/\/www.eldiario.net\/portal"],"url":"https:\/\/www.eldiario.net\/portal\/author\/jeanette\/"}]}},"_links":{"self":[{"href":"https:\/\/www.eldiario.net\/portal\/wp-json\/wp\/v2\/posts\/208146","targetHints":{"allow":["GET"]}}],"collection":[{"href":"https:\/\/www.eldiario.net\/portal\/wp-json\/wp\/v2\/posts"}],"about":[{"href":"https:\/\/www.eldiario.net\/portal\/wp-json\/wp\/v2\/types\/post"}],"author":[{"embeddable":true,"href":"https:\/\/www.eldiario.net\/portal\/wp-json\/wp\/v2\/users\/1"}],"replies":[{"embeddable":true,"href":"https:\/\/www.eldiario.net\/portal\/wp-json\/wp\/v2\/comments?post=208146"}],"version-history":[{"count":1,"href":"https:\/\/www.eldiario.net\/portal\/wp-json\/wp\/v2\/posts\/208146\/revisions"}],"predecessor-version":[{"id":208148,"href":"https:\/\/www.eldiario.net\/portal\/wp-json\/wp\/v2\/posts\/208146\/revisions\/208148"}],"wp:featuredmedia":[{"embeddable":true,"href":"https:\/\/www.eldiario.net\/portal\/wp-json\/wp\/v2\/media\/208147"}],"wp:attachment":[{"href":"https:\/\/www.eldiario.net\/portal\/wp-json\/wp\/v2\/media?parent=208146"}],"wp:term":[{"taxonomy":"category","embeddable":true,"href":"https:\/\/www.eldiario.net\/portal\/wp-json\/wp\/v2\/categories?post=208146"},{"taxonomy":"post_tag","embeddable":true,"href":"https:\/\/www.eldiario.net\/portal\/wp-json\/wp\/v2\/tags?post=208146"}],"curies":[{"name":"wp","href":"https:\/\/api.w.org\/{rel}","templated":true}]}}