{"id":208143,"date":"2024-03-14T06:21:42","date_gmt":"2024-03-14T10:21:42","guid":{"rendered":"https:\/\/www.eldiario.net\/portal\/?p=208143"},"modified":"2024-03-14T06:21:42","modified_gmt":"2024-03-14T10:21:42","slug":"bienal-de-arquitectura-reunira-a-19-paises-y-337-trabajos","status":"publish","type":"post","link":"https:\/\/www.eldiario.net\/portal\/2024\/03\/14\/bienal-de-arquitectura-reunira-a-19-paises-y-337-trabajos\/","title":{"rendered":"Bienal de arquitectura reunir\u00e1  a 19 pa\u00edses  y 337 trabajos"},"content":{"rendered":"<p>La Bienal Internacional de Arquitectura de Santa Cruz (BASC) tiene todo organizado para la competencia de 337 trabajos de 19 pa\u00edses y la realizaci\u00f3n de m\u00e1s de 40 actividades que la conforman. La muestra, que se desarrollar\u00e1 desde hoy hasta el viernes 22 de marzo, es la de mayor n\u00famero de participantes en sus nueve versiones (la primera se realiz\u00f3 en el 2008).<\/p>\n<p>El programa, que va desde hoy hasta el 22 de marzo, cuenta con \u201cDi\u00e1logos Bienal\u201d, conferencias magistrales, \u201cUrbBO\u201d, \u201cPensando Santa Cruz\u201d y \u201cCaminatas Urbanas\u201d. Adem\u00e1s, tiene en marcha \u201cParalelos Latinoamericanos\u201d y durante un mes tendr\u00e1 \u201cLima \u2013 Ciudad Invitada\u201d.<\/p>\n<p>La muestra es organizada por el Colegio de Arquitectos de Santa Cruz (CASCZ), a la cabeza de Carlos Alberto Morales, y dirigida por Ernesto Urzagasti. Este a\u00f1o tiene la denominaci\u00f3n \u201cParalelos Latinoamericanos\u201d, en alusi\u00f3n a las rutas arquitect\u00f3nicas y de urbanismo con las que est\u00e1n creciendo las ciudades de la regi\u00f3n.<\/p>\n<p>A lo largo de nueve jornadas de la Bienal se desarrollar\u00e1n m\u00e1s de 40 actividades, entre las que se cuentan la exposici\u00f3n de los proyectos en competencia, conferencias magistrales, charlas, disertaciones, recorridos urbanos, intervenciones de urbanismo t\u00e1ctico y otras. La sede principal ser\u00e1 el predio de la Fexpocruz, ya que la Bienal se desarrolla de forma paralela a la Feria Internacional de la Construcci\u00f3n, Arquitectura y Dise\u00f1o (FICAD).<\/p>\n<p>La cita comenzar\u00e1 con un acto de inauguraci\u00f3n y luego la entrega del premio \u201cSergio Antelo\u201d a los arquitectos Virgilio Su\u00e1rez Salas y Rolando Aparicio Otero, por su destacada trayectoria profesional. El campus universitario de Univalle acoger\u00e1 el evento.<\/p>\n<p>Ser\u00e1 el punto de partida para que luego se pongan en marcha espacios como \u201cDi\u00e1logos de Bienal\u201d. De manera virtual, profesionales de diversos puntos del planeta (Alemania, Ecuador, Espa\u00f1a, Italia, entre otros), conversar\u00e1n sobre evoluci\u00f3n urbana, arquitectura de g\u00e9nero, educaci\u00f3n en arquitectura colectiva, arquitectura latinoamericana, arquitectura colectiva y espacio p\u00fablico. Se transmitir\u00e1 por las redes de la Bienal y del Colegio de Arquitectos de Santa Cruz, desde las 9:00 hasta las 11:00.<\/p>\n<p>Por las tardes se desarrollar\u00e1 \u201cUrbBO\u201d, un espacio de reflexi\u00f3n sobre diferentes espacios urbanos de Bolivia. Se realizar\u00e1 el 15, 18, 19, 20 y 21 de marzo, de 14:00 a 17:00 h y tendr\u00e1 a las universidades como sede: Universidad Cat\u00f3lica Boliviana, Universidad Aut\u00f3noma Gabriel Ren\u00e9 Moreno, Univalle, UPSA y Unifranz.<\/p>\n<p>De modo presencial, en el Pabell\u00f3n Internacional II de Fexpocruz, tendr\u00e1n lugar las conferencias magistrales que en cada Bienal congregan a profesionales de arquitectura y ramas afines, as\u00ed como a universitarios. Arquitectos de Per\u00fa, Argentina, Brasil y Paraguay tocar\u00e1n temas referentes a la situaci\u00f3n de la arquitectura en Latinoam\u00e9rica y contar\u00e1n sus experiencias en el campo laboral. Ser\u00e1n tres conferencias por d\u00eda, comenzando a las 18:00 horas.<\/p>\n<p>&nbsp;<\/p>\n<p>&nbsp;<\/p>\n<p>Sum\u00e1ndose a las actividades de la Bienal est\u00e1n las \u201cCaminatas Urbanas\u201d. La primera, programada para el viernes 15 de marzo, a las 20:00 h, se denomina \u201cAceras Movedizas\u201d y har\u00e1 paradas en la Taberna de Moe, Duda Pop Pub y La Rota Carlota; la noche terminar\u00e1 con una fiesta de sombreros, que deber\u00e1n ser pensados arquitect\u00f3nicamente y con materiales reciclados.<\/p>\n","protected":false},"excerpt":{"rendered":"<p>La Bienal Internacional de Arquitectura de Santa Cruz (BASC) tiene todo organizado para la competencia de 337 trabajos de 19 pa\u00edses y la realizaci\u00f3n de m\u00e1s de 40 actividades que la conforman. La muestra, que se desarrollar\u00e1 desde hoy hasta el viernes 22 de marzo, es la de mayor n\u00famero de participantes en sus nueve [&hellip;]<\/p>\n","protected":false},"author":1,"featured_media":208144,"comment_status":"open","ping_status":"open","sticky":false,"template":"","format":"standard","meta":{"_acf_changed":false,"footnotes":""},"categories":[7],"tags":[],"class_list":["post-208143","post","type-post","status-publish","format-standard","has-post-thumbnail","category-economia"],"acf":{"antetitulo":""},"yoast_head":"<!-- This site is optimized with the Yoast SEO plugin v28.4 - https:\/\/yoast.com\/product\/yoast-seo-wordpress\/ -->\n<title>Bienal de arquitectura reunir\u00e1 a 19 pa\u00edses y 337 trabajos - El Diario - Bolivia<\/title>\n<meta name=\"robots\" content=\"index, follow, max-snippet:-1, max-image-preview:large, max-video-preview:-1\" \/>\n<link rel=\"canonical\" href=\"https:\/\/www.eldiario.net\/portal\/2024\/03\/14\/bienal-de-arquitectura-reunira-a-19-paises-y-337-trabajos\/\" \/>\n<meta property=\"og:locale\" content=\"es_ES\" \/>\n<meta property=\"og:type\" content=\"article\" \/>\n<meta property=\"og:title\" content=\"Bienal de arquitectura reunir\u00e1 a 19 pa\u00edses y 337 trabajos - El Diario - Bolivia\" \/>\n<meta property=\"og:description\" content=\"La Bienal Internacional de Arquitectura de Santa Cruz (BASC) tiene todo organizado para la competencia de 337 trabajos de 19 pa\u00edses y la realizaci\u00f3n de m\u00e1s de 40 actividades que la conforman. La muestra, que se desarrollar\u00e1 desde hoy hasta el viernes 22 de marzo, es la de mayor n\u00famero de participantes en sus nueve [&hellip;]\" \/>\n<meta property=\"og:url\" content=\"https:\/\/www.eldiario.net\/portal\/2024\/03\/14\/bienal-de-arquitectura-reunira-a-19-paises-y-337-trabajos\/\" \/>\n<meta property=\"og:site_name\" content=\"El Diario - Bolivia\" \/>\n<meta property=\"article:publisher\" content=\"https:\/\/www.facebook.com\/eldiario.bolivia\/\" \/>\n<meta property=\"article:published_time\" content=\"2024-03-14T10:21:42+00:00\" \/>\n<meta property=\"og:image\" content=\"https:\/\/www.eldiario.net\/portal\/wp-content\/uploads\/2024\/03\/BIENAL-FOTO.jpg\" \/>\n\t<meta property=\"og:image:width\" content=\"550\" \/>\n\t<meta property=\"og:image:height\" content=\"364\" \/>\n\t<meta property=\"og:image:type\" content=\"image\/jpeg\" \/>\n<meta name=\"author\" content=\"Jeanette\" \/>\n<meta name=\"twitter:card\" content=\"summary_large_image\" \/>\n<meta name=\"twitter:creator\" content=\"@eldiario_net\" \/>\n<meta name=\"twitter:site\" content=\"@eldiario_net\" \/>\n<meta name=\"twitter:label1\" content=\"Escrito por\" \/>\n\t<meta name=\"twitter:data1\" content=\"Jeanette\" \/>\n\t<meta name=\"twitter:label2\" content=\"Tiempo de lectura\" \/>\n\t<meta name=\"twitter:data2\" content=\"3 minutos\" \/>\n<script type=\"application\/ld+json\" class=\"yoast-schema-graph\">{\"@context\":\"https:\\\/\\\/schema.org\",\"@graph\":[{\"@type\":\"Article\",\"@id\":\"https:\\\/\\\/www.eldiario.net\\\/portal\\\/2024\\\/03\\\/14\\\/bienal-de-arquitectura-reunira-a-19-paises-y-337-trabajos\\\/#article\",\"isPartOf\":{\"@id\":\"https:\\\/\\\/www.eldiario.net\\\/portal\\\/2024\\\/03\\\/14\\\/bienal-de-arquitectura-reunira-a-19-paises-y-337-trabajos\\\/\"},\"author\":{\"name\":\"Jeanette\",\"@id\":\"https:\\\/\\\/www.eldiario.net\\\/portal\\\/#\\\/schema\\\/person\\\/2c57cf2b7a7ae032e449e4c9b1019eac\"},\"headline\":\"Bienal de arquitectura reunir\u00e1 a 19 pa\u00edses y 337 trabajos\",\"datePublished\":\"2024-03-14T10:21:42+00:00\",\"mainEntityOfPage\":{\"@id\":\"https:\\\/\\\/www.eldiario.net\\\/portal\\\/2024\\\/03\\\/14\\\/bienal-de-arquitectura-reunira-a-19-paises-y-337-trabajos\\\/\"},\"wordCount\":543,\"commentCount\":0,\"publisher\":{\"@id\":\"https:\\\/\\\/www.eldiario.net\\\/portal\\\/#organization\"},\"image\":{\"@id\":\"https:\\\/\\\/www.eldiario.net\\\/portal\\\/2024\\\/03\\\/14\\\/bienal-de-arquitectura-reunira-a-19-paises-y-337-trabajos\\\/#primaryimage\"},\"thumbnailUrl\":\"https:\\\/\\\/www.eldiario.net\\\/portal\\\/wp-content\\\/uploads\\\/2024\\\/03\\\/BIENAL-FOTO.jpg\",\"articleSection\":[\"Econom\u00eda\"],\"inLanguage\":\"es\",\"potentialAction\":[{\"@type\":\"CommentAction\",\"name\":\"Comment\",\"target\":[\"https:\\\/\\\/www.eldiario.net\\\/portal\\\/2024\\\/03\\\/14\\\/bienal-de-arquitectura-reunira-a-19-paises-y-337-trabajos\\\/#respond\"]}]},{\"@type\":\"WebPage\",\"@id\":\"https:\\\/\\\/www.eldiario.net\\\/portal\\\/2024\\\/03\\\/14\\\/bienal-de-arquitectura-reunira-a-19-paises-y-337-trabajos\\\/\",\"url\":\"https:\\\/\\\/www.eldiario.net\\\/portal\\\/2024\\\/03\\\/14\\\/bienal-de-arquitectura-reunira-a-19-paises-y-337-trabajos\\\/\",\"name\":\"Bienal de arquitectura reunir\u00e1 a 19 pa\u00edses y 337 trabajos - El Diario - Bolivia\",\"isPartOf\":{\"@id\":\"https:\\\/\\\/www.eldiario.net\\\/portal\\\/#website\"},\"primaryImageOfPage\":{\"@id\":\"https:\\\/\\\/www.eldiario.net\\\/portal\\\/2024\\\/03\\\/14\\\/bienal-de-arquitectura-reunira-a-19-paises-y-337-trabajos\\\/#primaryimage\"},\"image\":{\"@id\":\"https:\\\/\\\/www.eldiario.net\\\/portal\\\/2024\\\/03\\\/14\\\/bienal-de-arquitectura-reunira-a-19-paises-y-337-trabajos\\\/#primaryimage\"},\"thumbnailUrl\":\"https:\\\/\\\/www.eldiario.net\\\/portal\\\/wp-content\\\/uploads\\\/2024\\\/03\\\/BIENAL-FOTO.jpg\",\"datePublished\":\"2024-03-14T10:21:42+00:00\",\"breadcrumb\":{\"@id\":\"https:\\\/\\\/www.eldiario.net\\\/portal\\\/2024\\\/03\\\/14\\\/bienal-de-arquitectura-reunira-a-19-paises-y-337-trabajos\\\/#breadcrumb\"},\"inLanguage\":\"es\",\"potentialAction\":[{\"@type\":\"ReadAction\",\"target\":[\"https:\\\/\\\/www.eldiario.net\\\/portal\\\/2024\\\/03\\\/14\\\/bienal-de-arquitectura-reunira-a-19-paises-y-337-trabajos\\\/\"]}]},{\"@type\":\"ImageObject\",\"inLanguage\":\"es\",\"@id\":\"https:\\\/\\\/www.eldiario.net\\\/portal\\\/2024\\\/03\\\/14\\\/bienal-de-arquitectura-reunira-a-19-paises-y-337-trabajos\\\/#primaryimage\",\"url\":\"https:\\\/\\\/www.eldiario.net\\\/portal\\\/wp-content\\\/uploads\\\/2024\\\/03\\\/BIENAL-FOTO.jpg\",\"contentUrl\":\"https:\\\/\\\/www.eldiario.net\\\/portal\\\/wp-content\\\/uploads\\\/2024\\\/03\\\/BIENAL-FOTO.jpg\",\"width\":550,\"height\":364,\"caption\":\"Escena de los stands de la anterior versi\u00f3n. foto archivo\"},{\"@type\":\"BreadcrumbList\",\"@id\":\"https:\\\/\\\/www.eldiario.net\\\/portal\\\/2024\\\/03\\\/14\\\/bienal-de-arquitectura-reunira-a-19-paises-y-337-trabajos\\\/#breadcrumb\",\"itemListElement\":[{\"@type\":\"ListItem\",\"position\":1,\"name\":\"Portada\",\"item\":\"https:\\\/\\\/www.eldiario.net\\\/portal\\\/\"},{\"@type\":\"ListItem\",\"position\":2,\"name\":\"Bienal de arquitectura reunir\u00e1 a 19 pa\u00edses y 337 trabajos\"}]},{\"@type\":\"WebSite\",\"@id\":\"https:\\\/\\\/www.eldiario.net\\\/portal\\\/#website\",\"url\":\"https:\\\/\\\/www.eldiario.net\\\/portal\\\/\",\"name\":\"El Diario - Decano de la prensa nacional\",\"description\":\"El Diario - Decano de la prensa nacional\",\"publisher\":{\"@id\":\"https:\\\/\\\/www.eldiario.net\\\/portal\\\/#organization\"},\"potentialAction\":[{\"@type\":\"SearchAction\",\"target\":{\"@type\":\"EntryPoint\",\"urlTemplate\":\"https:\\\/\\\/www.eldiario.net\\\/portal\\\/?s={search_term_string}\"},\"query-input\":{\"@type\":\"PropertyValueSpecification\",\"valueRequired\":true,\"valueName\":\"search_term_string\"}}],\"inLanguage\":\"es\"},{\"@type\":\"Organization\",\"@id\":\"https:\\\/\\\/www.eldiario.net\\\/portal\\\/#organization\",\"name\":\"El Diario - Decano de la prensa nacional\",\"url\":\"https:\\\/\\\/www.eldiario.net\\\/portal\\\/\",\"logo\":{\"@type\":\"ImageObject\",\"inLanguage\":\"es\",\"@id\":\"https:\\\/\\\/www.eldiario.net\\\/portal\\\/#\\\/schema\\\/logo\\\/image\\\/\",\"url\":\"https:\\\/\\\/www.eldiario.net\\\/portal\\\/wp-content\\\/uploads\\\/2023\\\/07\\\/logo_ED.jpg\",\"contentUrl\":\"https:\\\/\\\/www.eldiario.net\\\/portal\\\/wp-content\\\/uploads\\\/2023\\\/07\\\/logo_ED.jpg\",\"width\":272,\"height\":52,\"caption\":\"El Diario - Decano de la prensa nacional\"},\"image\":{\"@id\":\"https:\\\/\\\/www.eldiario.net\\\/portal\\\/#\\\/schema\\\/logo\\\/image\\\/\"},\"sameAs\":[\"https:\\\/\\\/www.facebook.com\\\/eldiario.bolivia\\\/\",\"https:\\\/\\\/x.com\\\/eldiario_net\"]},{\"@type\":\"Person\",\"@id\":\"https:\\\/\\\/www.eldiario.net\\\/portal\\\/#\\\/schema\\\/person\\\/2c57cf2b7a7ae032e449e4c9b1019eac\",\"name\":\"Jeanette\",\"image\":{\"@type\":\"ImageObject\",\"inLanguage\":\"es\",\"@id\":\"https:\\\/\\\/secure.gravatar.com\\\/avatar\\\/3ea2118a5f7dad2b7138b1187a6b7ee55f160b9968b66013c3a3ef39dd7e5798?s=96&d=mm&r=g\",\"url\":\"https:\\\/\\\/secure.gravatar.com\\\/avatar\\\/3ea2118a5f7dad2b7138b1187a6b7ee55f160b9968b66013c3a3ef39dd7e5798?s=96&d=mm&r=g\",\"contentUrl\":\"https:\\\/\\\/secure.gravatar.com\\\/avatar\\\/3ea2118a5f7dad2b7138b1187a6b7ee55f160b9968b66013c3a3ef39dd7e5798?s=96&d=mm&r=g\",\"caption\":\"Jeanette\"},\"sameAs\":[\"https:\\\/\\\/www.eldiario.net\\\/portal\"],\"url\":\"https:\\\/\\\/www.eldiario.net\\\/portal\\\/author\\\/jeanette\\\/\"}]}<\/script>\n<!-- \/ Yoast SEO plugin. -->","yoast_head_json":{"title":"Bienal de arquitectura reunir\u00e1 a 19 pa\u00edses y 337 trabajos - El Diario - Bolivia","robots":{"index":"index","follow":"follow","max-snippet":"max-snippet:-1","max-image-preview":"max-image-preview:large","max-video-preview":"max-video-preview:-1"},"canonical":"https:\/\/www.eldiario.net\/portal\/2024\/03\/14\/bienal-de-arquitectura-reunira-a-19-paises-y-337-trabajos\/","og_locale":"es_ES","og_type":"article","og_title":"Bienal de arquitectura reunir\u00e1 a 19 pa\u00edses y 337 trabajos - El Diario - Bolivia","og_description":"La Bienal Internacional de Arquitectura de Santa Cruz (BASC) tiene todo organizado para la competencia de 337 trabajos de 19 pa\u00edses y la realizaci\u00f3n de m\u00e1s de 40 actividades que la conforman. La muestra, que se desarrollar\u00e1 desde hoy hasta el viernes 22 de marzo, es la de mayor n\u00famero de participantes en sus nueve [&hellip;]","og_url":"https:\/\/www.eldiario.net\/portal\/2024\/03\/14\/bienal-de-arquitectura-reunira-a-19-paises-y-337-trabajos\/","og_site_name":"El Diario - Bolivia","article_publisher":"https:\/\/www.facebook.com\/eldiario.bolivia\/","article_published_time":"2024-03-14T10:21:42+00:00","og_image":[{"width":550,"height":364,"url":"https:\/\/www.eldiario.net\/portal\/wp-content\/uploads\/2024\/03\/BIENAL-FOTO.jpg","type":"image\/jpeg"}],"author":"Jeanette","twitter_card":"summary_large_image","twitter_creator":"@eldiario_net","twitter_site":"@eldiario_net","twitter_misc":{"Escrito por":"Jeanette","Tiempo de lectura":"3 minutos"},"schema":{"@context":"https:\/\/schema.org","@graph":[{"@type":"Article","@id":"https:\/\/www.eldiario.net\/portal\/2024\/03\/14\/bienal-de-arquitectura-reunira-a-19-paises-y-337-trabajos\/#article","isPartOf":{"@id":"https:\/\/www.eldiario.net\/portal\/2024\/03\/14\/bienal-de-arquitectura-reunira-a-19-paises-y-337-trabajos\/"},"author":{"name":"Jeanette","@id":"https:\/\/www.eldiario.net\/portal\/#\/schema\/person\/2c57cf2b7a7ae032e449e4c9b1019eac"},"headline":"Bienal de arquitectura reunir\u00e1 a 19 pa\u00edses y 337 trabajos","datePublished":"2024-03-14T10:21:42+00:00","mainEntityOfPage":{"@id":"https:\/\/www.eldiario.net\/portal\/2024\/03\/14\/bienal-de-arquitectura-reunira-a-19-paises-y-337-trabajos\/"},"wordCount":543,"commentCount":0,"publisher":{"@id":"https:\/\/www.eldiario.net\/portal\/#organization"},"image":{"@id":"https:\/\/www.eldiario.net\/portal\/2024\/03\/14\/bienal-de-arquitectura-reunira-a-19-paises-y-337-trabajos\/#primaryimage"},"thumbnailUrl":"https:\/\/www.eldiario.net\/portal\/wp-content\/uploads\/2024\/03\/BIENAL-FOTO.jpg","articleSection":["Econom\u00eda"],"inLanguage":"es","potentialAction":[{"@type":"CommentAction","name":"Comment","target":["https:\/\/www.eldiario.net\/portal\/2024\/03\/14\/bienal-de-arquitectura-reunira-a-19-paises-y-337-trabajos\/#respond"]}]},{"@type":"WebPage","@id":"https:\/\/www.eldiario.net\/portal\/2024\/03\/14\/bienal-de-arquitectura-reunira-a-19-paises-y-337-trabajos\/","url":"https:\/\/www.eldiario.net\/portal\/2024\/03\/14\/bienal-de-arquitectura-reunira-a-19-paises-y-337-trabajos\/","name":"Bienal de arquitectura reunir\u00e1 a 19 pa\u00edses y 337 trabajos - El Diario - Bolivia","isPartOf":{"@id":"https:\/\/www.eldiario.net\/portal\/#website"},"primaryImageOfPage":{"@id":"https:\/\/www.eldiario.net\/portal\/2024\/03\/14\/bienal-de-arquitectura-reunira-a-19-paises-y-337-trabajos\/#primaryimage"},"image":{"@id":"https:\/\/www.eldiario.net\/portal\/2024\/03\/14\/bienal-de-arquitectura-reunira-a-19-paises-y-337-trabajos\/#primaryimage"},"thumbnailUrl":"https:\/\/www.eldiario.net\/portal\/wp-content\/uploads\/2024\/03\/BIENAL-FOTO.jpg","datePublished":"2024-03-14T10:21:42+00:00","breadcrumb":{"@id":"https:\/\/www.eldiario.net\/portal\/2024\/03\/14\/bienal-de-arquitectura-reunira-a-19-paises-y-337-trabajos\/#breadcrumb"},"inLanguage":"es","potentialAction":[{"@type":"ReadAction","target":["https:\/\/www.eldiario.net\/portal\/2024\/03\/14\/bienal-de-arquitectura-reunira-a-19-paises-y-337-trabajos\/"]}]},{"@type":"ImageObject","inLanguage":"es","@id":"https:\/\/www.eldiario.net\/portal\/2024\/03\/14\/bienal-de-arquitectura-reunira-a-19-paises-y-337-trabajos\/#primaryimage","url":"https:\/\/www.eldiario.net\/portal\/wp-content\/uploads\/2024\/03\/BIENAL-FOTO.jpg","contentUrl":"https:\/\/www.eldiario.net\/portal\/wp-content\/uploads\/2024\/03\/BIENAL-FOTO.jpg","width":550,"height":364,"caption":"Escena de los stands de la anterior versi\u00f3n. foto archivo"},{"@type":"BreadcrumbList","@id":"https:\/\/www.eldiario.net\/portal\/2024\/03\/14\/bienal-de-arquitectura-reunira-a-19-paises-y-337-trabajos\/#breadcrumb","itemListElement":[{"@type":"ListItem","position":1,"name":"Portada","item":"https:\/\/www.eldiario.net\/portal\/"},{"@type":"ListItem","position":2,"name":"Bienal de arquitectura reunir\u00e1 a 19 pa\u00edses y 337 trabajos"}]},{"@type":"WebSite","@id":"https:\/\/www.eldiario.net\/portal\/#website","url":"https:\/\/www.eldiario.net\/portal\/","name":"El Diario - Decano de la prensa nacional","description":"El Diario - Decano de la prensa nacional","publisher":{"@id":"https:\/\/www.eldiario.net\/portal\/#organization"},"potentialAction":[{"@type":"SearchAction","target":{"@type":"EntryPoint","urlTemplate":"https:\/\/www.eldiario.net\/portal\/?s={search_term_string}"},"query-input":{"@type":"PropertyValueSpecification","valueRequired":true,"valueName":"search_term_string"}}],"inLanguage":"es"},{"@type":"Organization","@id":"https:\/\/www.eldiario.net\/portal\/#organization","name":"El Diario - Decano de la prensa nacional","url":"https:\/\/www.eldiario.net\/portal\/","logo":{"@type":"ImageObject","inLanguage":"es","@id":"https:\/\/www.eldiario.net\/portal\/#\/schema\/logo\/image\/","url":"https:\/\/www.eldiario.net\/portal\/wp-content\/uploads\/2023\/07\/logo_ED.jpg","contentUrl":"https:\/\/www.eldiario.net\/portal\/wp-content\/uploads\/2023\/07\/logo_ED.jpg","width":272,"height":52,"caption":"El Diario - Decano de la prensa nacional"},"image":{"@id":"https:\/\/www.eldiario.net\/portal\/#\/schema\/logo\/image\/"},"sameAs":["https:\/\/www.facebook.com\/eldiario.bolivia\/","https:\/\/x.com\/eldiario_net"]},{"@type":"Person","@id":"https:\/\/www.eldiario.net\/portal\/#\/schema\/person\/2c57cf2b7a7ae032e449e4c9b1019eac","name":"Jeanette","image":{"@type":"ImageObject","inLanguage":"es","@id":"https:\/\/secure.gravatar.com\/avatar\/3ea2118a5f7dad2b7138b1187a6b7ee55f160b9968b66013c3a3ef39dd7e5798?s=96&d=mm&r=g","url":"https:\/\/secure.gravatar.com\/avatar\/3ea2118a5f7dad2b7138b1187a6b7ee55f160b9968b66013c3a3ef39dd7e5798?s=96&d=mm&r=g","contentUrl":"https:\/\/secure.gravatar.com\/avatar\/3ea2118a5f7dad2b7138b1187a6b7ee55f160b9968b66013c3a3ef39dd7e5798?s=96&d=mm&r=g","caption":"Jeanette"},"sameAs":["https:\/\/www.eldiario.net\/portal"],"url":"https:\/\/www.eldiario.net\/portal\/author\/jeanette\/"}]}},"_links":{"self":[{"href":"https:\/\/www.eldiario.net\/portal\/wp-json\/wp\/v2\/posts\/208143","targetHints":{"allow":["GET"]}}],"collection":[{"href":"https:\/\/www.eldiario.net\/portal\/wp-json\/wp\/v2\/posts"}],"about":[{"href":"https:\/\/www.eldiario.net\/portal\/wp-json\/wp\/v2\/types\/post"}],"author":[{"embeddable":true,"href":"https:\/\/www.eldiario.net\/portal\/wp-json\/wp\/v2\/users\/1"}],"replies":[{"embeddable":true,"href":"https:\/\/www.eldiario.net\/portal\/wp-json\/wp\/v2\/comments?post=208143"}],"version-history":[{"count":1,"href":"https:\/\/www.eldiario.net\/portal\/wp-json\/wp\/v2\/posts\/208143\/revisions"}],"predecessor-version":[{"id":208145,"href":"https:\/\/www.eldiario.net\/portal\/wp-json\/wp\/v2\/posts\/208143\/revisions\/208145"}],"wp:featuredmedia":[{"embeddable":true,"href":"https:\/\/www.eldiario.net\/portal\/wp-json\/wp\/v2\/media\/208144"}],"wp:attachment":[{"href":"https:\/\/www.eldiario.net\/portal\/wp-json\/wp\/v2\/media?parent=208143"}],"wp:term":[{"taxonomy":"category","embeddable":true,"href":"https:\/\/www.eldiario.net\/portal\/wp-json\/wp\/v2\/categories?post=208143"},{"taxonomy":"post_tag","embeddable":true,"href":"https:\/\/www.eldiario.net\/portal\/wp-json\/wp\/v2\/tags?post=208143"}],"curies":[{"name":"wp","href":"https:\/\/api.w.org\/{rel}","templated":true}]}}