{"id":208140,"date":"2024-03-14T06:21:06","date_gmt":"2024-03-14T10:21:06","guid":{"rendered":"https:\/\/www.eldiario.net\/portal\/?p=208140"},"modified":"2024-03-14T06:21:06","modified_gmt":"2024-03-14T10:21:06","slug":"todo-liso-para-el-operativo-censal","status":"publish","type":"post","link":"https:\/\/www.eldiario.net\/portal\/2024\/03\/14\/todo-liso-para-el-operativo-censal\/","title":{"rendered":"Todo liso para el operativo censal"},"content":{"rendered":"<p>El Censo de Poblaci\u00f3n y Vivienda 2024 ya cuenta con la log\u00edstica, el personal y todo el material, para garantizar el proceso m\u00e1s participativo, transparente y moderno de la historia del pa\u00eds, afirma una nota de prensa del Instituto Nacional de Estad\u00edstica (INE).<\/p>\n<p>En conferencia de prensa, el director del Instituto Nacional de Estad\u00edstica (INE), Humberto Arandia, brind\u00f3 detalles de todo el operativo censal, en el que destac\u00f3 la participaci\u00f3n de mujeres y j\u00f3venes.<\/p>\n<p>Precis\u00f3 que, hasta la tarde de ayer, se registraron m\u00e1s de 820.000 censistas voluntarios en todo el pa\u00eds, \u201cuna cifra hist\u00f3rica que representa m\u00e1s del 120% de la meta ampliada prevista, lo cual demuestra el gran inter\u00e9s de la poblaci\u00f3n boliviana\u201d.<\/p>\n<p>Arandia destac\u00f3 que, de ese total, el 55% son mujeres y el 65% son j\u00f3venes. \u201cEl d\u00eda del censo vamos a llevar un despliegue sin parangones en la historia de nuestro pa\u00eds\u201d, enfatiz\u00f3.<\/p>\n<p>CANTIDAD DE PERSONAL<\/p>\n<p>La autoridad detall\u00f3 que adem\u00e1s de los agentes censales voluntarios, el 23 de marzo, se desplegar\u00e1n tambi\u00e9n a 4.813 jefes de zona; 268 jefes de \u00e1rea amanzanada; 1.799 jefes de \u00e1rea dispersa; y 381 jefes de unidades de trabajo censal.<\/p>\n<p>\u201cEsto muestra que el censo es la movilizaci\u00f3n m\u00e1s grande que vamos a tener y hemos tenido en la historia de nuestro pa\u00eds\u201d, ponder\u00f3 la autoridad.<\/p>\n<p>JORNADA CENSAL<\/p>\n<p>Los jefes de zona abrir\u00e1n los 6.612 centros de operaciones repartidos en todo el pa\u00eds a horas 06:00; media hora despu\u00e9s, organizar\u00e1n la distribuci\u00f3n de las cajas censales, que ser\u00e1n entregadas a los supervisores de sector, hasta la 07:00 horas.<\/p>\n<p>A las 07:30, los supervisores entregar\u00e1n a cada censista la bolsa censal, que contiene un tablero con el mapa del segmento; cuestionarios; un estuche con el l\u00e1piz, goma y tajador; stickers con la palabra \u201cCensada\u201d; los formularios C1 y C2; adem\u00e1s de la credencial.<\/p>\n<p>As\u00ed, los censistas comenzar\u00e1n su recorrido \u201ccasa por casa\u201d para aplicar el cuestionario censal, que tiene 59 preguntas. A las 08:00am los voluntarios comenzar\u00e1n a recorrer las m\u00e1s de 5,8 millones viviendas que hay en todo el pa\u00eds. \u201cAproximadamente, 10 viviendas por persona\u201d, dijo Arandia.<\/p>\n<p>Una vez que concluya la entrevista en cada vivienda, el agente censal colocar\u00e1 el sticker de \u201cVivienda Censada CPV 2024\u201d en la puerta. Al concluir todas las casas asignadas, los voluntarios se reportar\u00e1n con su supervisor de sector a quien devolver\u00e1n las bolsas censales, que deben contener todo el material que se les fue entregado en la ma\u00f1ana.<\/p>\n<p>\u201cSu trabajo termina ah\u00ed. En la mayor\u00eda de los casos, como m\u00e1ximo, a las siete u ocho de la noche. En muchos casos terminar\u00e1n antes y en pocos casos terminar\u00e1n algo despu\u00e9s\u201d, afirm\u00f3 Arandia.<\/p>\n<p>En ese marco, la autoridad exhort\u00f3 a toda la ciudadan\u00eda a permanecer en sus hogares, adem\u00e1s que para esa jornada se activar\u00e1n una serie de restricciones, en funci\u00f3n a autos de buen gobierno emitidas por las nueve gobernaciones del pa\u00eds.<\/p>\n<p>RESTRICCIONES<\/p>\n<p>En ese marco, desde las 00:00 del viernes 22 de marzo queda prohibido el expendio y consumo de bebidas alcoh\u00f3licas. Asimismo, desde las 00:00 del s\u00e1bado 23 de marzo queda prohibido el desplazamiento de personas y veh\u00edculos, que no tengan la respectiva autorizaci\u00f3n.<\/p>\n<p>El 23 de marzo, d\u00eda del Censo 2024 se cerrar\u00e1n las fronteras internacionales y no habr\u00e1 servicios de transporte terrestre, ferroviario, lacustre, fluvial y a\u00e9reo.<\/p>\n","protected":false},"excerpt":{"rendered":"<p>El Censo de Poblaci\u00f3n y Vivienda 2024 ya cuenta con la log\u00edstica, el personal y todo el material, para garantizar el proceso m\u00e1s participativo, transparente y moderno de la historia del pa\u00eds, afirma una nota de prensa del Instituto Nacional de Estad\u00edstica (INE). En conferencia de prensa, el director del Instituto Nacional de Estad\u00edstica (INE), [&hellip;]<\/p>\n","protected":false},"author":1,"featured_media":208141,"comment_status":"open","ping_status":"open","sticky":false,"template":"","format":"standard","meta":{"_acf_changed":false,"footnotes":""},"categories":[7],"tags":[],"class_list":["post-208140","post","type-post","status-publish","format-standard","has-post-thumbnail","category-economia"],"acf":{"antetitulo":"Seg\u00fan el INE"},"yoast_head":"<!-- This site is optimized with the Yoast SEO plugin v28.4 - https:\/\/yoast.com\/product\/yoast-seo-wordpress\/ -->\n<title>Todo liso para el operativo censal - El Diario - Bolivia<\/title>\n<meta name=\"robots\" content=\"index, follow, max-snippet:-1, max-image-preview:large, max-video-preview:-1\" \/>\n<link rel=\"canonical\" href=\"https:\/\/www.eldiario.net\/portal\/2024\/03\/14\/todo-liso-para-el-operativo-censal\/\" \/>\n<meta property=\"og:locale\" content=\"es_ES\" \/>\n<meta property=\"og:type\" content=\"article\" \/>\n<meta property=\"og:title\" content=\"Todo liso para el operativo censal - El Diario - Bolivia\" \/>\n<meta property=\"og:description\" content=\"El Censo de Poblaci\u00f3n y Vivienda 2024 ya cuenta con la log\u00edstica, el personal y todo el material, para garantizar el proceso m\u00e1s participativo, transparente y moderno de la historia del pa\u00eds, afirma una nota de prensa del Instituto Nacional de Estad\u00edstica (INE). En conferencia de prensa, el director del Instituto Nacional de Estad\u00edstica (INE), [&hellip;]\" \/>\n<meta property=\"og:url\" content=\"https:\/\/www.eldiario.net\/portal\/2024\/03\/14\/todo-liso-para-el-operativo-censal\/\" \/>\n<meta property=\"og:site_name\" content=\"El Diario - Bolivia\" \/>\n<meta property=\"article:publisher\" content=\"https:\/\/www.facebook.com\/eldiario.bolivia\/\" \/>\n<meta property=\"article:published_time\" content=\"2024-03-14T10:21:06+00:00\" \/>\n<meta property=\"og:image\" content=\"https:\/\/www.eldiario.net\/portal\/wp-content\/uploads\/2024\/03\/CENSO-FOTO.jpg\" \/>\n\t<meta property=\"og:image:width\" content=\"1600\" \/>\n\t<meta property=\"og:image:height\" content=\"1200\" \/>\n\t<meta property=\"og:image:type\" content=\"image\/jpeg\" \/>\n<meta name=\"author\" content=\"Jeanette\" \/>\n<meta name=\"twitter:card\" content=\"summary_large_image\" \/>\n<meta name=\"twitter:creator\" content=\"@eldiario_net\" \/>\n<meta name=\"twitter:site\" content=\"@eldiario_net\" \/>\n<meta name=\"twitter:label1\" content=\"Escrito por\" \/>\n\t<meta name=\"twitter:data1\" content=\"Jeanette\" \/>\n\t<meta name=\"twitter:label2\" content=\"Tiempo de lectura\" \/>\n\t<meta name=\"twitter:data2\" content=\"3 minutos\" \/>\n<script type=\"application\/ld+json\" class=\"yoast-schema-graph\">{\"@context\":\"https:\\\/\\\/schema.org\",\"@graph\":[{\"@type\":\"Article\",\"@id\":\"https:\\\/\\\/www.eldiario.net\\\/portal\\\/2024\\\/03\\\/14\\\/todo-liso-para-el-operativo-censal\\\/#article\",\"isPartOf\":{\"@id\":\"https:\\\/\\\/www.eldiario.net\\\/portal\\\/2024\\\/03\\\/14\\\/todo-liso-para-el-operativo-censal\\\/\"},\"author\":{\"name\":\"Jeanette\",\"@id\":\"https:\\\/\\\/www.eldiario.net\\\/portal\\\/#\\\/schema\\\/person\\\/2c57cf2b7a7ae032e449e4c9b1019eac\"},\"headline\":\"Todo liso para el operativo censal\",\"datePublished\":\"2024-03-14T10:21:06+00:00\",\"mainEntityOfPage\":{\"@id\":\"https:\\\/\\\/www.eldiario.net\\\/portal\\\/2024\\\/03\\\/14\\\/todo-liso-para-el-operativo-censal\\\/\"},\"wordCount\":587,\"commentCount\":0,\"publisher\":{\"@id\":\"https:\\\/\\\/www.eldiario.net\\\/portal\\\/#organization\"},\"image\":{\"@id\":\"https:\\\/\\\/www.eldiario.net\\\/portal\\\/2024\\\/03\\\/14\\\/todo-liso-para-el-operativo-censal\\\/#primaryimage\"},\"thumbnailUrl\":\"https:\\\/\\\/www.eldiario.net\\\/portal\\\/wp-content\\\/uploads\\\/2024\\\/03\\\/CENSO-FOTO.jpg\",\"articleSection\":[\"Econom\u00eda\"],\"inLanguage\":\"es\",\"potentialAction\":[{\"@type\":\"CommentAction\",\"name\":\"Comment\",\"target\":[\"https:\\\/\\\/www.eldiario.net\\\/portal\\\/2024\\\/03\\\/14\\\/todo-liso-para-el-operativo-censal\\\/#respond\"]}]},{\"@type\":\"WebPage\",\"@id\":\"https:\\\/\\\/www.eldiario.net\\\/portal\\\/2024\\\/03\\\/14\\\/todo-liso-para-el-operativo-censal\\\/\",\"url\":\"https:\\\/\\\/www.eldiario.net\\\/portal\\\/2024\\\/03\\\/14\\\/todo-liso-para-el-operativo-censal\\\/\",\"name\":\"Todo liso para el operativo censal - El Diario - Bolivia\",\"isPartOf\":{\"@id\":\"https:\\\/\\\/www.eldiario.net\\\/portal\\\/#website\"},\"primaryImageOfPage\":{\"@id\":\"https:\\\/\\\/www.eldiario.net\\\/portal\\\/2024\\\/03\\\/14\\\/todo-liso-para-el-operativo-censal\\\/#primaryimage\"},\"image\":{\"@id\":\"https:\\\/\\\/www.eldiario.net\\\/portal\\\/2024\\\/03\\\/14\\\/todo-liso-para-el-operativo-censal\\\/#primaryimage\"},\"thumbnailUrl\":\"https:\\\/\\\/www.eldiario.net\\\/portal\\\/wp-content\\\/uploads\\\/2024\\\/03\\\/CENSO-FOTO.jpg\",\"datePublished\":\"2024-03-14T10:21:06+00:00\",\"breadcrumb\":{\"@id\":\"https:\\\/\\\/www.eldiario.net\\\/portal\\\/2024\\\/03\\\/14\\\/todo-liso-para-el-operativo-censal\\\/#breadcrumb\"},\"inLanguage\":\"es\",\"potentialAction\":[{\"@type\":\"ReadAction\",\"target\":[\"https:\\\/\\\/www.eldiario.net\\\/portal\\\/2024\\\/03\\\/14\\\/todo-liso-para-el-operativo-censal\\\/\"]}]},{\"@type\":\"ImageObject\",\"inLanguage\":\"es\",\"@id\":\"https:\\\/\\\/www.eldiario.net\\\/portal\\\/2024\\\/03\\\/14\\\/todo-liso-para-el-operativo-censal\\\/#primaryimage\",\"url\":\"https:\\\/\\\/www.eldiario.net\\\/portal\\\/wp-content\\\/uploads\\\/2024\\\/03\\\/CENSO-FOTO.jpg\",\"contentUrl\":\"https:\\\/\\\/www.eldiario.net\\\/portal\\\/wp-content\\\/uploads\\\/2024\\\/03\\\/CENSO-FOTO.jpg\",\"width\":1600,\"height\":1200,\"caption\":\"EL DIRECTOR DEL INE, HUMBERTO ARANDIA, AYER EN CONFERENCIA DE PRENSA. FOTO: INE\"},{\"@type\":\"BreadcrumbList\",\"@id\":\"https:\\\/\\\/www.eldiario.net\\\/portal\\\/2024\\\/03\\\/14\\\/todo-liso-para-el-operativo-censal\\\/#breadcrumb\",\"itemListElement\":[{\"@type\":\"ListItem\",\"position\":1,\"name\":\"Portada\",\"item\":\"https:\\\/\\\/www.eldiario.net\\\/portal\\\/\"},{\"@type\":\"ListItem\",\"position\":2,\"name\":\"Todo liso para el operativo censal\"}]},{\"@type\":\"WebSite\",\"@id\":\"https:\\\/\\\/www.eldiario.net\\\/portal\\\/#website\",\"url\":\"https:\\\/\\\/www.eldiario.net\\\/portal\\\/\",\"name\":\"El Diario - Decano de la prensa nacional\",\"description\":\"El Diario - Decano de la prensa nacional\",\"publisher\":{\"@id\":\"https:\\\/\\\/www.eldiario.net\\\/portal\\\/#organization\"},\"potentialAction\":[{\"@type\":\"SearchAction\",\"target\":{\"@type\":\"EntryPoint\",\"urlTemplate\":\"https:\\\/\\\/www.eldiario.net\\\/portal\\\/?s={search_term_string}\"},\"query-input\":{\"@type\":\"PropertyValueSpecification\",\"valueRequired\":true,\"valueName\":\"search_term_string\"}}],\"inLanguage\":\"es\"},{\"@type\":\"Organization\",\"@id\":\"https:\\\/\\\/www.eldiario.net\\\/portal\\\/#organization\",\"name\":\"El Diario - Decano de la prensa nacional\",\"url\":\"https:\\\/\\\/www.eldiario.net\\\/portal\\\/\",\"logo\":{\"@type\":\"ImageObject\",\"inLanguage\":\"es\",\"@id\":\"https:\\\/\\\/www.eldiario.net\\\/portal\\\/#\\\/schema\\\/logo\\\/image\\\/\",\"url\":\"https:\\\/\\\/www.eldiario.net\\\/portal\\\/wp-content\\\/uploads\\\/2023\\\/07\\\/logo_ED.jpg\",\"contentUrl\":\"https:\\\/\\\/www.eldiario.net\\\/portal\\\/wp-content\\\/uploads\\\/2023\\\/07\\\/logo_ED.jpg\",\"width\":272,\"height\":52,\"caption\":\"El Diario - Decano de la prensa nacional\"},\"image\":{\"@id\":\"https:\\\/\\\/www.eldiario.net\\\/portal\\\/#\\\/schema\\\/logo\\\/image\\\/\"},\"sameAs\":[\"https:\\\/\\\/www.facebook.com\\\/eldiario.bolivia\\\/\",\"https:\\\/\\\/x.com\\\/eldiario_net\"]},{\"@type\":\"Person\",\"@id\":\"https:\\\/\\\/www.eldiario.net\\\/portal\\\/#\\\/schema\\\/person\\\/2c57cf2b7a7ae032e449e4c9b1019eac\",\"name\":\"Jeanette\",\"image\":{\"@type\":\"ImageObject\",\"inLanguage\":\"es\",\"@id\":\"https:\\\/\\\/secure.gravatar.com\\\/avatar\\\/3ea2118a5f7dad2b7138b1187a6b7ee55f160b9968b66013c3a3ef39dd7e5798?s=96&d=mm&r=g\",\"url\":\"https:\\\/\\\/secure.gravatar.com\\\/avatar\\\/3ea2118a5f7dad2b7138b1187a6b7ee55f160b9968b66013c3a3ef39dd7e5798?s=96&d=mm&r=g\",\"contentUrl\":\"https:\\\/\\\/secure.gravatar.com\\\/avatar\\\/3ea2118a5f7dad2b7138b1187a6b7ee55f160b9968b66013c3a3ef39dd7e5798?s=96&d=mm&r=g\",\"caption\":\"Jeanette\"},\"sameAs\":[\"https:\\\/\\\/www.eldiario.net\\\/portal\"],\"url\":\"https:\\\/\\\/www.eldiario.net\\\/portal\\\/author\\\/jeanette\\\/\"}]}<\/script>\n<!-- \/ Yoast SEO plugin. -->","yoast_head_json":{"title":"Todo liso para el operativo censal - El Diario - Bolivia","robots":{"index":"index","follow":"follow","max-snippet":"max-snippet:-1","max-image-preview":"max-image-preview:large","max-video-preview":"max-video-preview:-1"},"canonical":"https:\/\/www.eldiario.net\/portal\/2024\/03\/14\/todo-liso-para-el-operativo-censal\/","og_locale":"es_ES","og_type":"article","og_title":"Todo liso para el operativo censal - El Diario - Bolivia","og_description":"El Censo de Poblaci\u00f3n y Vivienda 2024 ya cuenta con la log\u00edstica, el personal y todo el material, para garantizar el proceso m\u00e1s participativo, transparente y moderno de la historia del pa\u00eds, afirma una nota de prensa del Instituto Nacional de Estad\u00edstica (INE). En conferencia de prensa, el director del Instituto Nacional de Estad\u00edstica (INE), [&hellip;]","og_url":"https:\/\/www.eldiario.net\/portal\/2024\/03\/14\/todo-liso-para-el-operativo-censal\/","og_site_name":"El Diario - Bolivia","article_publisher":"https:\/\/www.facebook.com\/eldiario.bolivia\/","article_published_time":"2024-03-14T10:21:06+00:00","og_image":[{"width":1600,"height":1200,"url":"https:\/\/www.eldiario.net\/portal\/wp-content\/uploads\/2024\/03\/CENSO-FOTO.jpg","type":"image\/jpeg"}],"author":"Jeanette","twitter_card":"summary_large_image","twitter_creator":"@eldiario_net","twitter_site":"@eldiario_net","twitter_misc":{"Escrito por":"Jeanette","Tiempo de lectura":"3 minutos"},"schema":{"@context":"https:\/\/schema.org","@graph":[{"@type":"Article","@id":"https:\/\/www.eldiario.net\/portal\/2024\/03\/14\/todo-liso-para-el-operativo-censal\/#article","isPartOf":{"@id":"https:\/\/www.eldiario.net\/portal\/2024\/03\/14\/todo-liso-para-el-operativo-censal\/"},"author":{"name":"Jeanette","@id":"https:\/\/www.eldiario.net\/portal\/#\/schema\/person\/2c57cf2b7a7ae032e449e4c9b1019eac"},"headline":"Todo liso para el operativo censal","datePublished":"2024-03-14T10:21:06+00:00","mainEntityOfPage":{"@id":"https:\/\/www.eldiario.net\/portal\/2024\/03\/14\/todo-liso-para-el-operativo-censal\/"},"wordCount":587,"commentCount":0,"publisher":{"@id":"https:\/\/www.eldiario.net\/portal\/#organization"},"image":{"@id":"https:\/\/www.eldiario.net\/portal\/2024\/03\/14\/todo-liso-para-el-operativo-censal\/#primaryimage"},"thumbnailUrl":"https:\/\/www.eldiario.net\/portal\/wp-content\/uploads\/2024\/03\/CENSO-FOTO.jpg","articleSection":["Econom\u00eda"],"inLanguage":"es","potentialAction":[{"@type":"CommentAction","name":"Comment","target":["https:\/\/www.eldiario.net\/portal\/2024\/03\/14\/todo-liso-para-el-operativo-censal\/#respond"]}]},{"@type":"WebPage","@id":"https:\/\/www.eldiario.net\/portal\/2024\/03\/14\/todo-liso-para-el-operativo-censal\/","url":"https:\/\/www.eldiario.net\/portal\/2024\/03\/14\/todo-liso-para-el-operativo-censal\/","name":"Todo liso para el operativo censal - El Diario - Bolivia","isPartOf":{"@id":"https:\/\/www.eldiario.net\/portal\/#website"},"primaryImageOfPage":{"@id":"https:\/\/www.eldiario.net\/portal\/2024\/03\/14\/todo-liso-para-el-operativo-censal\/#primaryimage"},"image":{"@id":"https:\/\/www.eldiario.net\/portal\/2024\/03\/14\/todo-liso-para-el-operativo-censal\/#primaryimage"},"thumbnailUrl":"https:\/\/www.eldiario.net\/portal\/wp-content\/uploads\/2024\/03\/CENSO-FOTO.jpg","datePublished":"2024-03-14T10:21:06+00:00","breadcrumb":{"@id":"https:\/\/www.eldiario.net\/portal\/2024\/03\/14\/todo-liso-para-el-operativo-censal\/#breadcrumb"},"inLanguage":"es","potentialAction":[{"@type":"ReadAction","target":["https:\/\/www.eldiario.net\/portal\/2024\/03\/14\/todo-liso-para-el-operativo-censal\/"]}]},{"@type":"ImageObject","inLanguage":"es","@id":"https:\/\/www.eldiario.net\/portal\/2024\/03\/14\/todo-liso-para-el-operativo-censal\/#primaryimage","url":"https:\/\/www.eldiario.net\/portal\/wp-content\/uploads\/2024\/03\/CENSO-FOTO.jpg","contentUrl":"https:\/\/www.eldiario.net\/portal\/wp-content\/uploads\/2024\/03\/CENSO-FOTO.jpg","width":1600,"height":1200,"caption":"EL DIRECTOR DEL INE, HUMBERTO ARANDIA, AYER EN CONFERENCIA DE PRENSA. FOTO: INE"},{"@type":"BreadcrumbList","@id":"https:\/\/www.eldiario.net\/portal\/2024\/03\/14\/todo-liso-para-el-operativo-censal\/#breadcrumb","itemListElement":[{"@type":"ListItem","position":1,"name":"Portada","item":"https:\/\/www.eldiario.net\/portal\/"},{"@type":"ListItem","position":2,"name":"Todo liso para el operativo censal"}]},{"@type":"WebSite","@id":"https:\/\/www.eldiario.net\/portal\/#website","url":"https:\/\/www.eldiario.net\/portal\/","name":"El Diario - Decano de la prensa nacional","description":"El Diario - Decano de la prensa nacional","publisher":{"@id":"https:\/\/www.eldiario.net\/portal\/#organization"},"potentialAction":[{"@type":"SearchAction","target":{"@type":"EntryPoint","urlTemplate":"https:\/\/www.eldiario.net\/portal\/?s={search_term_string}"},"query-input":{"@type":"PropertyValueSpecification","valueRequired":true,"valueName":"search_term_string"}}],"inLanguage":"es"},{"@type":"Organization","@id":"https:\/\/www.eldiario.net\/portal\/#organization","name":"El Diario - Decano de la prensa nacional","url":"https:\/\/www.eldiario.net\/portal\/","logo":{"@type":"ImageObject","inLanguage":"es","@id":"https:\/\/www.eldiario.net\/portal\/#\/schema\/logo\/image\/","url":"https:\/\/www.eldiario.net\/portal\/wp-content\/uploads\/2023\/07\/logo_ED.jpg","contentUrl":"https:\/\/www.eldiario.net\/portal\/wp-content\/uploads\/2023\/07\/logo_ED.jpg","width":272,"height":52,"caption":"El Diario - Decano de la prensa nacional"},"image":{"@id":"https:\/\/www.eldiario.net\/portal\/#\/schema\/logo\/image\/"},"sameAs":["https:\/\/www.facebook.com\/eldiario.bolivia\/","https:\/\/x.com\/eldiario_net"]},{"@type":"Person","@id":"https:\/\/www.eldiario.net\/portal\/#\/schema\/person\/2c57cf2b7a7ae032e449e4c9b1019eac","name":"Jeanette","image":{"@type":"ImageObject","inLanguage":"es","@id":"https:\/\/secure.gravatar.com\/avatar\/3ea2118a5f7dad2b7138b1187a6b7ee55f160b9968b66013c3a3ef39dd7e5798?s=96&d=mm&r=g","url":"https:\/\/secure.gravatar.com\/avatar\/3ea2118a5f7dad2b7138b1187a6b7ee55f160b9968b66013c3a3ef39dd7e5798?s=96&d=mm&r=g","contentUrl":"https:\/\/secure.gravatar.com\/avatar\/3ea2118a5f7dad2b7138b1187a6b7ee55f160b9968b66013c3a3ef39dd7e5798?s=96&d=mm&r=g","caption":"Jeanette"},"sameAs":["https:\/\/www.eldiario.net\/portal"],"url":"https:\/\/www.eldiario.net\/portal\/author\/jeanette\/"}]}},"_links":{"self":[{"href":"https:\/\/www.eldiario.net\/portal\/wp-json\/wp\/v2\/posts\/208140","targetHints":{"allow":["GET"]}}],"collection":[{"href":"https:\/\/www.eldiario.net\/portal\/wp-json\/wp\/v2\/posts"}],"about":[{"href":"https:\/\/www.eldiario.net\/portal\/wp-json\/wp\/v2\/types\/post"}],"author":[{"embeddable":true,"href":"https:\/\/www.eldiario.net\/portal\/wp-json\/wp\/v2\/users\/1"}],"replies":[{"embeddable":true,"href":"https:\/\/www.eldiario.net\/portal\/wp-json\/wp\/v2\/comments?post=208140"}],"version-history":[{"count":1,"href":"https:\/\/www.eldiario.net\/portal\/wp-json\/wp\/v2\/posts\/208140\/revisions"}],"predecessor-version":[{"id":208142,"href":"https:\/\/www.eldiario.net\/portal\/wp-json\/wp\/v2\/posts\/208140\/revisions\/208142"}],"wp:featuredmedia":[{"embeddable":true,"href":"https:\/\/www.eldiario.net\/portal\/wp-json\/wp\/v2\/media\/208141"}],"wp:attachment":[{"href":"https:\/\/www.eldiario.net\/portal\/wp-json\/wp\/v2\/media?parent=208140"}],"wp:term":[{"taxonomy":"category","embeddable":true,"href":"https:\/\/www.eldiario.net\/portal\/wp-json\/wp\/v2\/categories?post=208140"},{"taxonomy":"post_tag","embeddable":true,"href":"https:\/\/www.eldiario.net\/portal\/wp-json\/wp\/v2\/tags?post=208140"}],"curies":[{"name":"wp","href":"https:\/\/api.w.org\/{rel}","templated":true}]}}