{"id":208137,"date":"2024-03-14T06:20:23","date_gmt":"2024-03-14T10:20:23","guid":{"rendered":"https:\/\/www.eldiario.net\/portal\/?p=208137"},"modified":"2024-03-14T06:20:23","modified_gmt":"2024-03-14T10:20:23","slug":"siete-empresas-presentan-propuestas-para-emplazar-industria-boliviana-quimica","status":"publish","type":"post","link":"https:\/\/www.eldiario.net\/portal\/2024\/03\/14\/siete-empresas-presentan-propuestas-para-emplazar-industria-boliviana-quimica\/","title":{"rendered":"Siete empresas presentan propuestas para  emplazar industria boliviana qu\u00edmica"},"content":{"rendered":"<p>Al menos siete empresas presentaron sus propuestas para emplazar la Industria Boliviana Qu\u00edmica (IBQ) en el pa\u00eds, proyecto estatal que el Gobierno encara con la finalidad de sustituir importaciones.<\/p>\n<p>La gerente t\u00e9cnica de la empresa estatal, Juana Olivares, en contacto con Patria Nueva, inform\u00f3 que la apertura de sobres de las empresas proponentes para emplazar esa industria comenz\u00f3 a las 09h30 de ayer.<\/p>\n<p>\u201cHasta las 09h00, que era la hora tope, ten\u00edamos siete empresas que se han presentado y ahora estamos a la expectativa de saber cu\u00e1les son esas empresas, si son asociaciones, son extranjeras o nacionales\u201d, dijo.<\/p>\n<p>Explic\u00f3 que, cuando termine la apertura de sobres de los proponentes, la comisi\u00f3n de calificaci\u00f3n, conformada por siete expertos, revisar\u00e1 cada una, emitir\u00e1 su informe y luego la IBQ sacar\u00e1 una resoluci\u00f3n administrativa para notificar a la empresa que se adjudique las obras.<\/p>\n<p>Las propuestas deben ser sobre la construcci\u00f3n civil, que abarca la administraci\u00f3n, postas sanitarias, \u00e1rea de mantenimiento, laboratorio y todos los servicios para la planta del complejo industrial.<\/p>\n<p>La Industria Qu\u00edmica Boliviana obtendr\u00e1 cinco tipos de productos: \u00e1cidos sulf\u00faricos, hidr\u00f3xido de sodio, \u00e1cido clorh\u00eddrico, hidr\u00f3xido de calcio y carbonato de sodio. Los mismos impactar\u00e1n positivamente en la industria nacional.<\/p>\n<p>Esta nueva industria apoyar\u00e1 a la minera, litio, del papel, vidrio, tomando en cuenta que la idea principalmente es la sustituci\u00f3n de importaciones.<\/p>\n","protected":false},"excerpt":{"rendered":"<p>Al menos siete empresas presentaron sus propuestas para emplazar la Industria Boliviana Qu\u00edmica (IBQ) en el pa\u00eds, proyecto estatal que el Gobierno encara con la finalidad de sustituir importaciones. La gerente t\u00e9cnica de la empresa estatal, Juana Olivares, en contacto con Patria Nueva, inform\u00f3 que la apertura de sobres de las empresas proponentes para emplazar [&hellip;]<\/p>\n","protected":false},"author":1,"featured_media":208138,"comment_status":"open","ping_status":"open","sticky":false,"template":"","format":"standard","meta":{"_acf_changed":false,"footnotes":""},"categories":[7],"tags":[],"class_list":["post-208137","post","type-post","status-publish","format-standard","has-post-thumbnail","category-economia"],"acf":{"antetitulo":""},"yoast_head":"<!-- This site is optimized with the Yoast SEO plugin v28.4 - https:\/\/yoast.com\/product\/yoast-seo-wordpress\/ -->\n<title>Siete empresas presentan propuestas para emplazar industria boliviana qu\u00edmica - El Diario - Bolivia<\/title>\n<meta name=\"robots\" content=\"index, follow, max-snippet:-1, max-image-preview:large, max-video-preview:-1\" \/>\n<link rel=\"canonical\" href=\"https:\/\/www.eldiario.net\/portal\/2024\/03\/14\/siete-empresas-presentan-propuestas-para-emplazar-industria-boliviana-quimica\/\" \/>\n<meta property=\"og:locale\" content=\"es_ES\" \/>\n<meta property=\"og:type\" content=\"article\" \/>\n<meta property=\"og:title\" content=\"Siete empresas presentan propuestas para emplazar industria boliviana qu\u00edmica - El Diario - Bolivia\" \/>\n<meta property=\"og:description\" content=\"Al menos siete empresas presentaron sus propuestas para emplazar la Industria Boliviana Qu\u00edmica (IBQ) en el pa\u00eds, proyecto estatal que el Gobierno encara con la finalidad de sustituir importaciones. La gerente t\u00e9cnica de la empresa estatal, Juana Olivares, en contacto con Patria Nueva, inform\u00f3 que la apertura de sobres de las empresas proponentes para emplazar [&hellip;]\" \/>\n<meta property=\"og:url\" content=\"https:\/\/www.eldiario.net\/portal\/2024\/03\/14\/siete-empresas-presentan-propuestas-para-emplazar-industria-boliviana-quimica\/\" \/>\n<meta property=\"og:site_name\" content=\"El Diario - Bolivia\" \/>\n<meta property=\"article:publisher\" content=\"https:\/\/www.facebook.com\/eldiario.bolivia\/\" \/>\n<meta property=\"article:published_time\" content=\"2024-03-14T10:20:23+00:00\" \/>\n<meta property=\"og:image\" content=\"https:\/\/www.eldiario.net\/portal\/wp-content\/uploads\/2024\/03\/QUIMICA-FOTO.jpg\" \/>\n\t<meta property=\"og:image:width\" content=\"1600\" \/>\n\t<meta property=\"og:image:height\" content=\"1197\" \/>\n\t<meta property=\"og:image:type\" content=\"image\/jpeg\" \/>\n<meta name=\"author\" content=\"Jeanette\" \/>\n<meta name=\"twitter:card\" content=\"summary_large_image\" \/>\n<meta name=\"twitter:creator\" content=\"@eldiario_net\" \/>\n<meta name=\"twitter:site\" content=\"@eldiario_net\" \/>\n<meta name=\"twitter:label1\" content=\"Escrito por\" \/>\n\t<meta name=\"twitter:data1\" content=\"Jeanette\" \/>\n\t<meta name=\"twitter:label2\" content=\"Tiempo de lectura\" \/>\n\t<meta name=\"twitter:data2\" content=\"2 minutos\" \/>\n<script type=\"application\/ld+json\" class=\"yoast-schema-graph\">{\"@context\":\"https:\\\/\\\/schema.org\",\"@graph\":[{\"@type\":\"Article\",\"@id\":\"https:\\\/\\\/www.eldiario.net\\\/portal\\\/2024\\\/03\\\/14\\\/siete-empresas-presentan-propuestas-para-emplazar-industria-boliviana-quimica\\\/#article\",\"isPartOf\":{\"@id\":\"https:\\\/\\\/www.eldiario.net\\\/portal\\\/2024\\\/03\\\/14\\\/siete-empresas-presentan-propuestas-para-emplazar-industria-boliviana-quimica\\\/\"},\"author\":{\"name\":\"Jeanette\",\"@id\":\"https:\\\/\\\/www.eldiario.net\\\/portal\\\/#\\\/schema\\\/person\\\/2c57cf2b7a7ae032e449e4c9b1019eac\"},\"headline\":\"Siete empresas presentan propuestas para emplazar industria boliviana qu\u00edmica\",\"datePublished\":\"2024-03-14T10:20:23+00:00\",\"mainEntityOfPage\":{\"@id\":\"https:\\\/\\\/www.eldiario.net\\\/portal\\\/2024\\\/03\\\/14\\\/siete-empresas-presentan-propuestas-para-emplazar-industria-boliviana-quimica\\\/\"},\"wordCount\":250,\"commentCount\":0,\"publisher\":{\"@id\":\"https:\\\/\\\/www.eldiario.net\\\/portal\\\/#organization\"},\"image\":{\"@id\":\"https:\\\/\\\/www.eldiario.net\\\/portal\\\/2024\\\/03\\\/14\\\/siete-empresas-presentan-propuestas-para-emplazar-industria-boliviana-quimica\\\/#primaryimage\"},\"thumbnailUrl\":\"https:\\\/\\\/www.eldiario.net\\\/portal\\\/wp-content\\\/uploads\\\/2024\\\/03\\\/QUIMICA-FOTO.jpg\",\"articleSection\":[\"Econom\u00eda\"],\"inLanguage\":\"es\",\"potentialAction\":[{\"@type\":\"CommentAction\",\"name\":\"Comment\",\"target\":[\"https:\\\/\\\/www.eldiario.net\\\/portal\\\/2024\\\/03\\\/14\\\/siete-empresas-presentan-propuestas-para-emplazar-industria-boliviana-quimica\\\/#respond\"]}]},{\"@type\":\"WebPage\",\"@id\":\"https:\\\/\\\/www.eldiario.net\\\/portal\\\/2024\\\/03\\\/14\\\/siete-empresas-presentan-propuestas-para-emplazar-industria-boliviana-quimica\\\/\",\"url\":\"https:\\\/\\\/www.eldiario.net\\\/portal\\\/2024\\\/03\\\/14\\\/siete-empresas-presentan-propuestas-para-emplazar-industria-boliviana-quimica\\\/\",\"name\":\"Siete empresas presentan propuestas para emplazar industria boliviana qu\u00edmica - El Diario - Bolivia\",\"isPartOf\":{\"@id\":\"https:\\\/\\\/www.eldiario.net\\\/portal\\\/#website\"},\"primaryImageOfPage\":{\"@id\":\"https:\\\/\\\/www.eldiario.net\\\/portal\\\/2024\\\/03\\\/14\\\/siete-empresas-presentan-propuestas-para-emplazar-industria-boliviana-quimica\\\/#primaryimage\"},\"image\":{\"@id\":\"https:\\\/\\\/www.eldiario.net\\\/portal\\\/2024\\\/03\\\/14\\\/siete-empresas-presentan-propuestas-para-emplazar-industria-boliviana-quimica\\\/#primaryimage\"},\"thumbnailUrl\":\"https:\\\/\\\/www.eldiario.net\\\/portal\\\/wp-content\\\/uploads\\\/2024\\\/03\\\/QUIMICA-FOTO.jpg\",\"datePublished\":\"2024-03-14T10:20:23+00:00\",\"breadcrumb\":{\"@id\":\"https:\\\/\\\/www.eldiario.net\\\/portal\\\/2024\\\/03\\\/14\\\/siete-empresas-presentan-propuestas-para-emplazar-industria-boliviana-quimica\\\/#breadcrumb\"},\"inLanguage\":\"es\",\"potentialAction\":[{\"@type\":\"ReadAction\",\"target\":[\"https:\\\/\\\/www.eldiario.net\\\/portal\\\/2024\\\/03\\\/14\\\/siete-empresas-presentan-propuestas-para-emplazar-industria-boliviana-quimica\\\/\"]}]},{\"@type\":\"ImageObject\",\"inLanguage\":\"es\",\"@id\":\"https:\\\/\\\/www.eldiario.net\\\/portal\\\/2024\\\/03\\\/14\\\/siete-empresas-presentan-propuestas-para-emplazar-industria-boliviana-quimica\\\/#primaryimage\",\"url\":\"https:\\\/\\\/www.eldiario.net\\\/portal\\\/wp-content\\\/uploads\\\/2024\\\/03\\\/QUIMICA-FOTO.jpg\",\"contentUrl\":\"https:\\\/\\\/www.eldiario.net\\\/portal\\\/wp-content\\\/uploads\\\/2024\\\/03\\\/QUIMICA-FOTO.jpg\",\"width\":1600,\"height\":1197,\"caption\":\"Maqueta de la nueva planta. Foto abi\"},{\"@type\":\"BreadcrumbList\",\"@id\":\"https:\\\/\\\/www.eldiario.net\\\/portal\\\/2024\\\/03\\\/14\\\/siete-empresas-presentan-propuestas-para-emplazar-industria-boliviana-quimica\\\/#breadcrumb\",\"itemListElement\":[{\"@type\":\"ListItem\",\"position\":1,\"name\":\"Portada\",\"item\":\"https:\\\/\\\/www.eldiario.net\\\/portal\\\/\"},{\"@type\":\"ListItem\",\"position\":2,\"name\":\"Siete empresas presentan propuestas para emplazar industria boliviana qu\u00edmica\"}]},{\"@type\":\"WebSite\",\"@id\":\"https:\\\/\\\/www.eldiario.net\\\/portal\\\/#website\",\"url\":\"https:\\\/\\\/www.eldiario.net\\\/portal\\\/\",\"name\":\"El Diario - Decano de la prensa nacional\",\"description\":\"El Diario - Decano de la prensa nacional\",\"publisher\":{\"@id\":\"https:\\\/\\\/www.eldiario.net\\\/portal\\\/#organization\"},\"potentialAction\":[{\"@type\":\"SearchAction\",\"target\":{\"@type\":\"EntryPoint\",\"urlTemplate\":\"https:\\\/\\\/www.eldiario.net\\\/portal\\\/?s={search_term_string}\"},\"query-input\":{\"@type\":\"PropertyValueSpecification\",\"valueRequired\":true,\"valueName\":\"search_term_string\"}}],\"inLanguage\":\"es\"},{\"@type\":\"Organization\",\"@id\":\"https:\\\/\\\/www.eldiario.net\\\/portal\\\/#organization\",\"name\":\"El Diario - Decano de la prensa nacional\",\"url\":\"https:\\\/\\\/www.eldiario.net\\\/portal\\\/\",\"logo\":{\"@type\":\"ImageObject\",\"inLanguage\":\"es\",\"@id\":\"https:\\\/\\\/www.eldiario.net\\\/portal\\\/#\\\/schema\\\/logo\\\/image\\\/\",\"url\":\"https:\\\/\\\/www.eldiario.net\\\/portal\\\/wp-content\\\/uploads\\\/2023\\\/07\\\/logo_ED.jpg\",\"contentUrl\":\"https:\\\/\\\/www.eldiario.net\\\/portal\\\/wp-content\\\/uploads\\\/2023\\\/07\\\/logo_ED.jpg\",\"width\":272,\"height\":52,\"caption\":\"El Diario - Decano de la prensa nacional\"},\"image\":{\"@id\":\"https:\\\/\\\/www.eldiario.net\\\/portal\\\/#\\\/schema\\\/logo\\\/image\\\/\"},\"sameAs\":[\"https:\\\/\\\/www.facebook.com\\\/eldiario.bolivia\\\/\",\"https:\\\/\\\/x.com\\\/eldiario_net\"]},{\"@type\":\"Person\",\"@id\":\"https:\\\/\\\/www.eldiario.net\\\/portal\\\/#\\\/schema\\\/person\\\/2c57cf2b7a7ae032e449e4c9b1019eac\",\"name\":\"Jeanette\",\"image\":{\"@type\":\"ImageObject\",\"inLanguage\":\"es\",\"@id\":\"https:\\\/\\\/secure.gravatar.com\\\/avatar\\\/3ea2118a5f7dad2b7138b1187a6b7ee55f160b9968b66013c3a3ef39dd7e5798?s=96&d=mm&r=g\",\"url\":\"https:\\\/\\\/secure.gravatar.com\\\/avatar\\\/3ea2118a5f7dad2b7138b1187a6b7ee55f160b9968b66013c3a3ef39dd7e5798?s=96&d=mm&r=g\",\"contentUrl\":\"https:\\\/\\\/secure.gravatar.com\\\/avatar\\\/3ea2118a5f7dad2b7138b1187a6b7ee55f160b9968b66013c3a3ef39dd7e5798?s=96&d=mm&r=g\",\"caption\":\"Jeanette\"},\"sameAs\":[\"https:\\\/\\\/www.eldiario.net\\\/portal\"],\"url\":\"https:\\\/\\\/www.eldiario.net\\\/portal\\\/author\\\/jeanette\\\/\"}]}<\/script>\n<!-- \/ Yoast SEO plugin. -->","yoast_head_json":{"title":"Siete empresas presentan propuestas para emplazar industria boliviana qu\u00edmica - El Diario - Bolivia","robots":{"index":"index","follow":"follow","max-snippet":"max-snippet:-1","max-image-preview":"max-image-preview:large","max-video-preview":"max-video-preview:-1"},"canonical":"https:\/\/www.eldiario.net\/portal\/2024\/03\/14\/siete-empresas-presentan-propuestas-para-emplazar-industria-boliviana-quimica\/","og_locale":"es_ES","og_type":"article","og_title":"Siete empresas presentan propuestas para emplazar industria boliviana qu\u00edmica - El Diario - Bolivia","og_description":"Al menos siete empresas presentaron sus propuestas para emplazar la Industria Boliviana Qu\u00edmica (IBQ) en el pa\u00eds, proyecto estatal que el Gobierno encara con la finalidad de sustituir importaciones. La gerente t\u00e9cnica de la empresa estatal, Juana Olivares, en contacto con Patria Nueva, inform\u00f3 que la apertura de sobres de las empresas proponentes para emplazar [&hellip;]","og_url":"https:\/\/www.eldiario.net\/portal\/2024\/03\/14\/siete-empresas-presentan-propuestas-para-emplazar-industria-boliviana-quimica\/","og_site_name":"El Diario - Bolivia","article_publisher":"https:\/\/www.facebook.com\/eldiario.bolivia\/","article_published_time":"2024-03-14T10:20:23+00:00","og_image":[{"width":1600,"height":1197,"url":"https:\/\/www.eldiario.net\/portal\/wp-content\/uploads\/2024\/03\/QUIMICA-FOTO.jpg","type":"image\/jpeg"}],"author":"Jeanette","twitter_card":"summary_large_image","twitter_creator":"@eldiario_net","twitter_site":"@eldiario_net","twitter_misc":{"Escrito por":"Jeanette","Tiempo de lectura":"2 minutos"},"schema":{"@context":"https:\/\/schema.org","@graph":[{"@type":"Article","@id":"https:\/\/www.eldiario.net\/portal\/2024\/03\/14\/siete-empresas-presentan-propuestas-para-emplazar-industria-boliviana-quimica\/#article","isPartOf":{"@id":"https:\/\/www.eldiario.net\/portal\/2024\/03\/14\/siete-empresas-presentan-propuestas-para-emplazar-industria-boliviana-quimica\/"},"author":{"name":"Jeanette","@id":"https:\/\/www.eldiario.net\/portal\/#\/schema\/person\/2c57cf2b7a7ae032e449e4c9b1019eac"},"headline":"Siete empresas presentan propuestas para emplazar industria boliviana qu\u00edmica","datePublished":"2024-03-14T10:20:23+00:00","mainEntityOfPage":{"@id":"https:\/\/www.eldiario.net\/portal\/2024\/03\/14\/siete-empresas-presentan-propuestas-para-emplazar-industria-boliviana-quimica\/"},"wordCount":250,"commentCount":0,"publisher":{"@id":"https:\/\/www.eldiario.net\/portal\/#organization"},"image":{"@id":"https:\/\/www.eldiario.net\/portal\/2024\/03\/14\/siete-empresas-presentan-propuestas-para-emplazar-industria-boliviana-quimica\/#primaryimage"},"thumbnailUrl":"https:\/\/www.eldiario.net\/portal\/wp-content\/uploads\/2024\/03\/QUIMICA-FOTO.jpg","articleSection":["Econom\u00eda"],"inLanguage":"es","potentialAction":[{"@type":"CommentAction","name":"Comment","target":["https:\/\/www.eldiario.net\/portal\/2024\/03\/14\/siete-empresas-presentan-propuestas-para-emplazar-industria-boliviana-quimica\/#respond"]}]},{"@type":"WebPage","@id":"https:\/\/www.eldiario.net\/portal\/2024\/03\/14\/siete-empresas-presentan-propuestas-para-emplazar-industria-boliviana-quimica\/","url":"https:\/\/www.eldiario.net\/portal\/2024\/03\/14\/siete-empresas-presentan-propuestas-para-emplazar-industria-boliviana-quimica\/","name":"Siete empresas presentan propuestas para emplazar industria boliviana qu\u00edmica - El Diario - Bolivia","isPartOf":{"@id":"https:\/\/www.eldiario.net\/portal\/#website"},"primaryImageOfPage":{"@id":"https:\/\/www.eldiario.net\/portal\/2024\/03\/14\/siete-empresas-presentan-propuestas-para-emplazar-industria-boliviana-quimica\/#primaryimage"},"image":{"@id":"https:\/\/www.eldiario.net\/portal\/2024\/03\/14\/siete-empresas-presentan-propuestas-para-emplazar-industria-boliviana-quimica\/#primaryimage"},"thumbnailUrl":"https:\/\/www.eldiario.net\/portal\/wp-content\/uploads\/2024\/03\/QUIMICA-FOTO.jpg","datePublished":"2024-03-14T10:20:23+00:00","breadcrumb":{"@id":"https:\/\/www.eldiario.net\/portal\/2024\/03\/14\/siete-empresas-presentan-propuestas-para-emplazar-industria-boliviana-quimica\/#breadcrumb"},"inLanguage":"es","potentialAction":[{"@type":"ReadAction","target":["https:\/\/www.eldiario.net\/portal\/2024\/03\/14\/siete-empresas-presentan-propuestas-para-emplazar-industria-boliviana-quimica\/"]}]},{"@type":"ImageObject","inLanguage":"es","@id":"https:\/\/www.eldiario.net\/portal\/2024\/03\/14\/siete-empresas-presentan-propuestas-para-emplazar-industria-boliviana-quimica\/#primaryimage","url":"https:\/\/www.eldiario.net\/portal\/wp-content\/uploads\/2024\/03\/QUIMICA-FOTO.jpg","contentUrl":"https:\/\/www.eldiario.net\/portal\/wp-content\/uploads\/2024\/03\/QUIMICA-FOTO.jpg","width":1600,"height":1197,"caption":"Maqueta de la nueva planta. Foto abi"},{"@type":"BreadcrumbList","@id":"https:\/\/www.eldiario.net\/portal\/2024\/03\/14\/siete-empresas-presentan-propuestas-para-emplazar-industria-boliviana-quimica\/#breadcrumb","itemListElement":[{"@type":"ListItem","position":1,"name":"Portada","item":"https:\/\/www.eldiario.net\/portal\/"},{"@type":"ListItem","position":2,"name":"Siete empresas presentan propuestas para emplazar industria boliviana qu\u00edmica"}]},{"@type":"WebSite","@id":"https:\/\/www.eldiario.net\/portal\/#website","url":"https:\/\/www.eldiario.net\/portal\/","name":"El Diario - Decano de la prensa nacional","description":"El Diario - Decano de la prensa nacional","publisher":{"@id":"https:\/\/www.eldiario.net\/portal\/#organization"},"potentialAction":[{"@type":"SearchAction","target":{"@type":"EntryPoint","urlTemplate":"https:\/\/www.eldiario.net\/portal\/?s={search_term_string}"},"query-input":{"@type":"PropertyValueSpecification","valueRequired":true,"valueName":"search_term_string"}}],"inLanguage":"es"},{"@type":"Organization","@id":"https:\/\/www.eldiario.net\/portal\/#organization","name":"El Diario - Decano de la prensa nacional","url":"https:\/\/www.eldiario.net\/portal\/","logo":{"@type":"ImageObject","inLanguage":"es","@id":"https:\/\/www.eldiario.net\/portal\/#\/schema\/logo\/image\/","url":"https:\/\/www.eldiario.net\/portal\/wp-content\/uploads\/2023\/07\/logo_ED.jpg","contentUrl":"https:\/\/www.eldiario.net\/portal\/wp-content\/uploads\/2023\/07\/logo_ED.jpg","width":272,"height":52,"caption":"El Diario - Decano de la prensa nacional"},"image":{"@id":"https:\/\/www.eldiario.net\/portal\/#\/schema\/logo\/image\/"},"sameAs":["https:\/\/www.facebook.com\/eldiario.bolivia\/","https:\/\/x.com\/eldiario_net"]},{"@type":"Person","@id":"https:\/\/www.eldiario.net\/portal\/#\/schema\/person\/2c57cf2b7a7ae032e449e4c9b1019eac","name":"Jeanette","image":{"@type":"ImageObject","inLanguage":"es","@id":"https:\/\/secure.gravatar.com\/avatar\/3ea2118a5f7dad2b7138b1187a6b7ee55f160b9968b66013c3a3ef39dd7e5798?s=96&d=mm&r=g","url":"https:\/\/secure.gravatar.com\/avatar\/3ea2118a5f7dad2b7138b1187a6b7ee55f160b9968b66013c3a3ef39dd7e5798?s=96&d=mm&r=g","contentUrl":"https:\/\/secure.gravatar.com\/avatar\/3ea2118a5f7dad2b7138b1187a6b7ee55f160b9968b66013c3a3ef39dd7e5798?s=96&d=mm&r=g","caption":"Jeanette"},"sameAs":["https:\/\/www.eldiario.net\/portal"],"url":"https:\/\/www.eldiario.net\/portal\/author\/jeanette\/"}]}},"_links":{"self":[{"href":"https:\/\/www.eldiario.net\/portal\/wp-json\/wp\/v2\/posts\/208137","targetHints":{"allow":["GET"]}}],"collection":[{"href":"https:\/\/www.eldiario.net\/portal\/wp-json\/wp\/v2\/posts"}],"about":[{"href":"https:\/\/www.eldiario.net\/portal\/wp-json\/wp\/v2\/types\/post"}],"author":[{"embeddable":true,"href":"https:\/\/www.eldiario.net\/portal\/wp-json\/wp\/v2\/users\/1"}],"replies":[{"embeddable":true,"href":"https:\/\/www.eldiario.net\/portal\/wp-json\/wp\/v2\/comments?post=208137"}],"version-history":[{"count":1,"href":"https:\/\/www.eldiario.net\/portal\/wp-json\/wp\/v2\/posts\/208137\/revisions"}],"predecessor-version":[{"id":208139,"href":"https:\/\/www.eldiario.net\/portal\/wp-json\/wp\/v2\/posts\/208137\/revisions\/208139"}],"wp:featuredmedia":[{"embeddable":true,"href":"https:\/\/www.eldiario.net\/portal\/wp-json\/wp\/v2\/media\/208138"}],"wp:attachment":[{"href":"https:\/\/www.eldiario.net\/portal\/wp-json\/wp\/v2\/media?parent=208137"}],"wp:term":[{"taxonomy":"category","embeddable":true,"href":"https:\/\/www.eldiario.net\/portal\/wp-json\/wp\/v2\/categories?post=208137"},{"taxonomy":"post_tag","embeddable":true,"href":"https:\/\/www.eldiario.net\/portal\/wp-json\/wp\/v2\/tags?post=208137"}],"curies":[{"name":"wp","href":"https:\/\/api.w.org\/{rel}","templated":true}]}}