{"id":208134,"date":"2024-03-14T06:19:14","date_gmt":"2024-03-14T10:19:14","guid":{"rendered":"https:\/\/www.eldiario.net\/portal\/?p=208134"},"modified":"2024-03-14T06:19:14","modified_gmt":"2024-03-14T10:19:14","slug":"ortega-quiere-imponer-ley-que-obliga-a-telefonicas-a-proporcionar-informacion","status":"publish","type":"post","link":"https:\/\/www.eldiario.net\/portal\/2024\/03\/14\/ortega-quiere-imponer-ley-que-obliga-a-telefonicas-a-proporcionar-informacion\/","title":{"rendered":"Ortega quiere imponer ley que obliga  a telef\u00f3nicas a proporcionar informaci\u00f3n"},"content":{"rendered":"<p>El mandatario del r\u00e9gimen de Nicaragua, Daniel Ortega, envi\u00f3 una iniciativa de Ley a la Asamblea Nacional controlada por los sandinistas, que busca obligar a las compa\u00f1\u00edas telef\u00f3nicas a suministrar informaci\u00f3n de sus usuarios.<\/p>\n<p>La iniciativa de Ley General de Telecomunicaciones Convergentes, que sustituir\u00e1 a la Ley General de Telecomunicaciones y Correos Postales, fue enviada a la Comisi\u00f3n de Infraestructura para su debido an\u00e1lisis y dictamen, dijo el titular del Parlamento, Gustavo Porras, tras ser presentada ante el pleno.<\/p>\n<p>El art\u00edculo 109 de dicha iniciativa establece: \u201cLos operadores de servicios p\u00fablicos de telecomunicaciones y proveedores de servicios de comunicaciones audiovisuales est\u00e1n obligados a suministrar toda la informaci\u00f3n que le sea requerida, incluyendo estad\u00edstica y georreferenciada, en forma peri\u00f3dica o como resultado de requerimientos espec\u00edficos de Telcor, en el ejercicio de sus facultades regulatorias\u201d.<\/p>\n<p>\u201cPara tal efecto, la informaci\u00f3n requerida deber\u00e1 ser proporcionada, de forma detallada, exacta, veraz, oportuna y comprobable\u201d, seg\u00fan el proyecto.<\/p>\n<p>Es decir, la informaci\u00f3n estad\u00edstica y georreferenciada deber\u00e1 ser entregada al estatal Instituto Nicarag\u00fcense de Telecomunicaciones y Correos (Telcor), ente regulador del sector, que dirige Nahima Janett D\u00edaz Flores, una de las hijas del jefe de la Polic\u00eda Nacional, Francisco D\u00edaz, quien es a su vez consuegro del presidente Daniel Ortega y de su esposa, la vicepresidenta Rosario Murillo.<\/p>\n<p>En su exposici\u00f3n de motivos, el Ejecutivo argument\u00f3 que es necesario actualizar esa Ley debido a que la misma es totalmente anacr\u00f3nica y obsoleta y su \u201cextrema longevidad\u201d contrasta con los vertiginosos avances tecnol\u00f3gicos.<\/p>\n<p>Seg\u00fan opositores en el exilio, con la nueva Ley de Telecomunicaciones, el r\u00e9gimen de Ortega busca establecer una superestructura de control a operadores y usuarios de telecomunicaciones, adem\u00e1s de ejercer de forma discrecional la regulaci\u00f3n del espectro radioel\u00e9ctrico del pa\u00eds.<\/p>\n<p>Entre otros, la iniciativa contempla que la importaci\u00f3n de equipos tecnol\u00f3gicos estar\u00e1 bajo supervisi\u00f3n de Telcor, y que los operadores de telecomunicaciones deber\u00e1n proveer geolocalizaci\u00f3n de los usuarios de telefon\u00eda.<\/p>\n<p>Adem\u00e1s, obliga a los operadores a permitir inspecciones y que de ser necesarias recurrir\u00e1n a la fuerza de la Polic\u00eda Nacional.<\/p>\n<p>Asimismo, establece sanciones contra los operadores de telecomunicaciones que van desde los 0,5 % hasta 2,5 % de sus ingresos brutos derivados del a\u00f1o anterior por infracci\u00f3n de la ley.<\/p>\n<p>El proyecto obliga, adem\u00e1s, a los operadores a unirse a las cadenas de radio y televisi\u00f3n, as\u00ed como poner a disposici\u00f3n del Gobierno de manera gratuita sus instalaciones y servicios en caso de emergencia nacional o regional.<\/p>\n<p>Seg\u00fan el Ejecutivo, la nueva Ley de Telecomunicaciones Convergentes est\u00e1 orientada a promover la conectividad de alta velocidad, de calidad y asequible para los usuarios de Nicaragua. (Infobae\/Efe)<\/p>\n","protected":false},"excerpt":{"rendered":"<p>El mandatario del r\u00e9gimen de Nicaragua, Daniel Ortega, envi\u00f3 una iniciativa de Ley a la Asamblea Nacional controlada por los sandinistas, que busca obligar a las compa\u00f1\u00edas telef\u00f3nicas a suministrar informaci\u00f3n de sus usuarios. La iniciativa de Ley General de Telecomunicaciones Convergentes, que sustituir\u00e1 a la Ley General de Telecomunicaciones y Correos Postales, fue enviada [&hellip;]<\/p>\n","protected":false},"author":1,"featured_media":208135,"comment_status":"open","ping_status":"open","sticky":false,"template":"","format":"standard","meta":{"_acf_changed":false,"footnotes":""},"categories":[3],"tags":[],"class_list":["post-208134","post","type-post","status-publish","format-standard","has-post-thumbnail","category-internacional"],"acf":{"antetitulo":"Nicaragua"},"yoast_head":"<!-- This site is optimized with the Yoast SEO plugin v28.4 - https:\/\/yoast.com\/product\/yoast-seo-wordpress\/ -->\n<title>Ortega quiere imponer ley que obliga a telef\u00f3nicas a proporcionar informaci\u00f3n - El Diario - Bolivia<\/title>\n<meta name=\"robots\" content=\"index, follow, max-snippet:-1, max-image-preview:large, max-video-preview:-1\" \/>\n<link rel=\"canonical\" href=\"https:\/\/www.eldiario.net\/portal\/2024\/03\/14\/ortega-quiere-imponer-ley-que-obliga-a-telefonicas-a-proporcionar-informacion\/\" \/>\n<meta property=\"og:locale\" content=\"es_ES\" \/>\n<meta property=\"og:type\" content=\"article\" \/>\n<meta property=\"og:title\" content=\"Ortega quiere imponer ley que obliga a telef\u00f3nicas a proporcionar informaci\u00f3n - El Diario - Bolivia\" \/>\n<meta property=\"og:description\" content=\"El mandatario del r\u00e9gimen de Nicaragua, Daniel Ortega, envi\u00f3 una iniciativa de Ley a la Asamblea Nacional controlada por los sandinistas, que busca obligar a las compa\u00f1\u00edas telef\u00f3nicas a suministrar informaci\u00f3n de sus usuarios. La iniciativa de Ley General de Telecomunicaciones Convergentes, que sustituir\u00e1 a la Ley General de Telecomunicaciones y Correos Postales, fue enviada [&hellip;]\" \/>\n<meta property=\"og:url\" content=\"https:\/\/www.eldiario.net\/portal\/2024\/03\/14\/ortega-quiere-imponer-ley-que-obliga-a-telefonicas-a-proporcionar-informacion\/\" \/>\n<meta property=\"og:site_name\" content=\"El Diario - Bolivia\" \/>\n<meta property=\"article:publisher\" content=\"https:\/\/www.facebook.com\/eldiario.bolivia\/\" \/>\n<meta property=\"article:published_time\" content=\"2024-03-14T10:19:14+00:00\" \/>\n<meta property=\"og:image\" content=\"https:\/\/www.eldiario.net\/portal\/wp-content\/uploads\/2024\/03\/DANIEL-FOTO.jpg\" \/>\n\t<meta property=\"og:image:width\" content=\"1200\" \/>\n\t<meta property=\"og:image:height\" content=\"675\" \/>\n\t<meta property=\"og:image:type\" content=\"image\/jpeg\" \/>\n<meta name=\"author\" content=\"Jeanette\" \/>\n<meta name=\"twitter:card\" content=\"summary_large_image\" \/>\n<meta name=\"twitter:creator\" content=\"@eldiario_net\" \/>\n<meta name=\"twitter:site\" content=\"@eldiario_net\" \/>\n<meta name=\"twitter:label1\" content=\"Escrito por\" \/>\n\t<meta name=\"twitter:data1\" content=\"Jeanette\" \/>\n\t<meta name=\"twitter:label2\" content=\"Tiempo de lectura\" \/>\n\t<meta name=\"twitter:data2\" content=\"3 minutos\" \/>\n<script type=\"application\/ld+json\" class=\"yoast-schema-graph\">{\"@context\":\"https:\\\/\\\/schema.org\",\"@graph\":[{\"@type\":\"Article\",\"@id\":\"https:\\\/\\\/www.eldiario.net\\\/portal\\\/2024\\\/03\\\/14\\\/ortega-quiere-imponer-ley-que-obliga-a-telefonicas-a-proporcionar-informacion\\\/#article\",\"isPartOf\":{\"@id\":\"https:\\\/\\\/www.eldiario.net\\\/portal\\\/2024\\\/03\\\/14\\\/ortega-quiere-imponer-ley-que-obliga-a-telefonicas-a-proporcionar-informacion\\\/\"},\"author\":{\"name\":\"Jeanette\",\"@id\":\"https:\\\/\\\/www.eldiario.net\\\/portal\\\/#\\\/schema\\\/person\\\/2c57cf2b7a7ae032e449e4c9b1019eac\"},\"headline\":\"Ortega quiere imponer ley que obliga a telef\u00f3nicas a proporcionar informaci\u00f3n\",\"datePublished\":\"2024-03-14T10:19:14+00:00\",\"mainEntityOfPage\":{\"@id\":\"https:\\\/\\\/www.eldiario.net\\\/portal\\\/2024\\\/03\\\/14\\\/ortega-quiere-imponer-ley-que-obliga-a-telefonicas-a-proporcionar-informacion\\\/\"},\"wordCount\":486,\"commentCount\":0,\"publisher\":{\"@id\":\"https:\\\/\\\/www.eldiario.net\\\/portal\\\/#organization\"},\"image\":{\"@id\":\"https:\\\/\\\/www.eldiario.net\\\/portal\\\/2024\\\/03\\\/14\\\/ortega-quiere-imponer-ley-que-obliga-a-telefonicas-a-proporcionar-informacion\\\/#primaryimage\"},\"thumbnailUrl\":\"https:\\\/\\\/www.eldiario.net\\\/portal\\\/wp-content\\\/uploads\\\/2024\\\/03\\\/DANIEL-FOTO.jpg\",\"articleSection\":[\"Internacional\"],\"inLanguage\":\"es\",\"potentialAction\":[{\"@type\":\"CommentAction\",\"name\":\"Comment\",\"target\":[\"https:\\\/\\\/www.eldiario.net\\\/portal\\\/2024\\\/03\\\/14\\\/ortega-quiere-imponer-ley-que-obliga-a-telefonicas-a-proporcionar-informacion\\\/#respond\"]}]},{\"@type\":\"WebPage\",\"@id\":\"https:\\\/\\\/www.eldiario.net\\\/portal\\\/2024\\\/03\\\/14\\\/ortega-quiere-imponer-ley-que-obliga-a-telefonicas-a-proporcionar-informacion\\\/\",\"url\":\"https:\\\/\\\/www.eldiario.net\\\/portal\\\/2024\\\/03\\\/14\\\/ortega-quiere-imponer-ley-que-obliga-a-telefonicas-a-proporcionar-informacion\\\/\",\"name\":\"Ortega quiere imponer ley que obliga a telef\u00f3nicas a proporcionar informaci\u00f3n - El Diario - Bolivia\",\"isPartOf\":{\"@id\":\"https:\\\/\\\/www.eldiario.net\\\/portal\\\/#website\"},\"primaryImageOfPage\":{\"@id\":\"https:\\\/\\\/www.eldiario.net\\\/portal\\\/2024\\\/03\\\/14\\\/ortega-quiere-imponer-ley-que-obliga-a-telefonicas-a-proporcionar-informacion\\\/#primaryimage\"},\"image\":{\"@id\":\"https:\\\/\\\/www.eldiario.net\\\/portal\\\/2024\\\/03\\\/14\\\/ortega-quiere-imponer-ley-que-obliga-a-telefonicas-a-proporcionar-informacion\\\/#primaryimage\"},\"thumbnailUrl\":\"https:\\\/\\\/www.eldiario.net\\\/portal\\\/wp-content\\\/uploads\\\/2024\\\/03\\\/DANIEL-FOTO.jpg\",\"datePublished\":\"2024-03-14T10:19:14+00:00\",\"breadcrumb\":{\"@id\":\"https:\\\/\\\/www.eldiario.net\\\/portal\\\/2024\\\/03\\\/14\\\/ortega-quiere-imponer-ley-que-obliga-a-telefonicas-a-proporcionar-informacion\\\/#breadcrumb\"},\"inLanguage\":\"es\",\"potentialAction\":[{\"@type\":\"ReadAction\",\"target\":[\"https:\\\/\\\/www.eldiario.net\\\/portal\\\/2024\\\/03\\\/14\\\/ortega-quiere-imponer-ley-que-obliga-a-telefonicas-a-proporcionar-informacion\\\/\"]}]},{\"@type\":\"ImageObject\",\"inLanguage\":\"es\",\"@id\":\"https:\\\/\\\/www.eldiario.net\\\/portal\\\/2024\\\/03\\\/14\\\/ortega-quiere-imponer-ley-que-obliga-a-telefonicas-a-proporcionar-informacion\\\/#primaryimage\",\"url\":\"https:\\\/\\\/www.eldiario.net\\\/portal\\\/wp-content\\\/uploads\\\/2024\\\/03\\\/DANIEL-FOTO.jpg\",\"contentUrl\":\"https:\\\/\\\/www.eldiario.net\\\/portal\\\/wp-content\\\/uploads\\\/2024\\\/03\\\/DANIEL-FOTO.jpg\",\"width\":1200,\"height\":675,\"caption\":\"EL R\u00c9GIMEN DE ORTEGA ENVI\u00d3 EL PROYECTO DE LEY A LA ASAMBLEA NACIONAL FOTO: Infobae\"},{\"@type\":\"BreadcrumbList\",\"@id\":\"https:\\\/\\\/www.eldiario.net\\\/portal\\\/2024\\\/03\\\/14\\\/ortega-quiere-imponer-ley-que-obliga-a-telefonicas-a-proporcionar-informacion\\\/#breadcrumb\",\"itemListElement\":[{\"@type\":\"ListItem\",\"position\":1,\"name\":\"Portada\",\"item\":\"https:\\\/\\\/www.eldiario.net\\\/portal\\\/\"},{\"@type\":\"ListItem\",\"position\":2,\"name\":\"Ortega quiere imponer ley que obliga a telef\u00f3nicas a proporcionar informaci\u00f3n\"}]},{\"@type\":\"WebSite\",\"@id\":\"https:\\\/\\\/www.eldiario.net\\\/portal\\\/#website\",\"url\":\"https:\\\/\\\/www.eldiario.net\\\/portal\\\/\",\"name\":\"El Diario - Decano de la prensa nacional\",\"description\":\"El Diario - Decano de la prensa nacional\",\"publisher\":{\"@id\":\"https:\\\/\\\/www.eldiario.net\\\/portal\\\/#organization\"},\"potentialAction\":[{\"@type\":\"SearchAction\",\"target\":{\"@type\":\"EntryPoint\",\"urlTemplate\":\"https:\\\/\\\/www.eldiario.net\\\/portal\\\/?s={search_term_string}\"},\"query-input\":{\"@type\":\"PropertyValueSpecification\",\"valueRequired\":true,\"valueName\":\"search_term_string\"}}],\"inLanguage\":\"es\"},{\"@type\":\"Organization\",\"@id\":\"https:\\\/\\\/www.eldiario.net\\\/portal\\\/#organization\",\"name\":\"El Diario - Decano de la prensa nacional\",\"url\":\"https:\\\/\\\/www.eldiario.net\\\/portal\\\/\",\"logo\":{\"@type\":\"ImageObject\",\"inLanguage\":\"es\",\"@id\":\"https:\\\/\\\/www.eldiario.net\\\/portal\\\/#\\\/schema\\\/logo\\\/image\\\/\",\"url\":\"https:\\\/\\\/www.eldiario.net\\\/portal\\\/wp-content\\\/uploads\\\/2023\\\/07\\\/logo_ED.jpg\",\"contentUrl\":\"https:\\\/\\\/www.eldiario.net\\\/portal\\\/wp-content\\\/uploads\\\/2023\\\/07\\\/logo_ED.jpg\",\"width\":272,\"height\":52,\"caption\":\"El Diario - Decano de la prensa nacional\"},\"image\":{\"@id\":\"https:\\\/\\\/www.eldiario.net\\\/portal\\\/#\\\/schema\\\/logo\\\/image\\\/\"},\"sameAs\":[\"https:\\\/\\\/www.facebook.com\\\/eldiario.bolivia\\\/\",\"https:\\\/\\\/x.com\\\/eldiario_net\"]},{\"@type\":\"Person\",\"@id\":\"https:\\\/\\\/www.eldiario.net\\\/portal\\\/#\\\/schema\\\/person\\\/2c57cf2b7a7ae032e449e4c9b1019eac\",\"name\":\"Jeanette\",\"image\":{\"@type\":\"ImageObject\",\"inLanguage\":\"es\",\"@id\":\"https:\\\/\\\/secure.gravatar.com\\\/avatar\\\/3ea2118a5f7dad2b7138b1187a6b7ee55f160b9968b66013c3a3ef39dd7e5798?s=96&d=mm&r=g\",\"url\":\"https:\\\/\\\/secure.gravatar.com\\\/avatar\\\/3ea2118a5f7dad2b7138b1187a6b7ee55f160b9968b66013c3a3ef39dd7e5798?s=96&d=mm&r=g\",\"contentUrl\":\"https:\\\/\\\/secure.gravatar.com\\\/avatar\\\/3ea2118a5f7dad2b7138b1187a6b7ee55f160b9968b66013c3a3ef39dd7e5798?s=96&d=mm&r=g\",\"caption\":\"Jeanette\"},\"sameAs\":[\"https:\\\/\\\/www.eldiario.net\\\/portal\"],\"url\":\"https:\\\/\\\/www.eldiario.net\\\/portal\\\/author\\\/jeanette\\\/\"}]}<\/script>\n<!-- \/ Yoast SEO plugin. -->","yoast_head_json":{"title":"Ortega quiere imponer ley que obliga a telef\u00f3nicas a proporcionar informaci\u00f3n - El Diario - Bolivia","robots":{"index":"index","follow":"follow","max-snippet":"max-snippet:-1","max-image-preview":"max-image-preview:large","max-video-preview":"max-video-preview:-1"},"canonical":"https:\/\/www.eldiario.net\/portal\/2024\/03\/14\/ortega-quiere-imponer-ley-que-obliga-a-telefonicas-a-proporcionar-informacion\/","og_locale":"es_ES","og_type":"article","og_title":"Ortega quiere imponer ley que obliga a telef\u00f3nicas a proporcionar informaci\u00f3n - El Diario - Bolivia","og_description":"El mandatario del r\u00e9gimen de Nicaragua, Daniel Ortega, envi\u00f3 una iniciativa de Ley a la Asamblea Nacional controlada por los sandinistas, que busca obligar a las compa\u00f1\u00edas telef\u00f3nicas a suministrar informaci\u00f3n de sus usuarios. La iniciativa de Ley General de Telecomunicaciones Convergentes, que sustituir\u00e1 a la Ley General de Telecomunicaciones y Correos Postales, fue enviada [&hellip;]","og_url":"https:\/\/www.eldiario.net\/portal\/2024\/03\/14\/ortega-quiere-imponer-ley-que-obliga-a-telefonicas-a-proporcionar-informacion\/","og_site_name":"El Diario - Bolivia","article_publisher":"https:\/\/www.facebook.com\/eldiario.bolivia\/","article_published_time":"2024-03-14T10:19:14+00:00","og_image":[{"width":1200,"height":675,"url":"https:\/\/www.eldiario.net\/portal\/wp-content\/uploads\/2024\/03\/DANIEL-FOTO.jpg","type":"image\/jpeg"}],"author":"Jeanette","twitter_card":"summary_large_image","twitter_creator":"@eldiario_net","twitter_site":"@eldiario_net","twitter_misc":{"Escrito por":"Jeanette","Tiempo de lectura":"3 minutos"},"schema":{"@context":"https:\/\/schema.org","@graph":[{"@type":"Article","@id":"https:\/\/www.eldiario.net\/portal\/2024\/03\/14\/ortega-quiere-imponer-ley-que-obliga-a-telefonicas-a-proporcionar-informacion\/#article","isPartOf":{"@id":"https:\/\/www.eldiario.net\/portal\/2024\/03\/14\/ortega-quiere-imponer-ley-que-obliga-a-telefonicas-a-proporcionar-informacion\/"},"author":{"name":"Jeanette","@id":"https:\/\/www.eldiario.net\/portal\/#\/schema\/person\/2c57cf2b7a7ae032e449e4c9b1019eac"},"headline":"Ortega quiere imponer ley que obliga a telef\u00f3nicas a proporcionar informaci\u00f3n","datePublished":"2024-03-14T10:19:14+00:00","mainEntityOfPage":{"@id":"https:\/\/www.eldiario.net\/portal\/2024\/03\/14\/ortega-quiere-imponer-ley-que-obliga-a-telefonicas-a-proporcionar-informacion\/"},"wordCount":486,"commentCount":0,"publisher":{"@id":"https:\/\/www.eldiario.net\/portal\/#organization"},"image":{"@id":"https:\/\/www.eldiario.net\/portal\/2024\/03\/14\/ortega-quiere-imponer-ley-que-obliga-a-telefonicas-a-proporcionar-informacion\/#primaryimage"},"thumbnailUrl":"https:\/\/www.eldiario.net\/portal\/wp-content\/uploads\/2024\/03\/DANIEL-FOTO.jpg","articleSection":["Internacional"],"inLanguage":"es","potentialAction":[{"@type":"CommentAction","name":"Comment","target":["https:\/\/www.eldiario.net\/portal\/2024\/03\/14\/ortega-quiere-imponer-ley-que-obliga-a-telefonicas-a-proporcionar-informacion\/#respond"]}]},{"@type":"WebPage","@id":"https:\/\/www.eldiario.net\/portal\/2024\/03\/14\/ortega-quiere-imponer-ley-que-obliga-a-telefonicas-a-proporcionar-informacion\/","url":"https:\/\/www.eldiario.net\/portal\/2024\/03\/14\/ortega-quiere-imponer-ley-que-obliga-a-telefonicas-a-proporcionar-informacion\/","name":"Ortega quiere imponer ley que obliga a telef\u00f3nicas a proporcionar informaci\u00f3n - El Diario - Bolivia","isPartOf":{"@id":"https:\/\/www.eldiario.net\/portal\/#website"},"primaryImageOfPage":{"@id":"https:\/\/www.eldiario.net\/portal\/2024\/03\/14\/ortega-quiere-imponer-ley-que-obliga-a-telefonicas-a-proporcionar-informacion\/#primaryimage"},"image":{"@id":"https:\/\/www.eldiario.net\/portal\/2024\/03\/14\/ortega-quiere-imponer-ley-que-obliga-a-telefonicas-a-proporcionar-informacion\/#primaryimage"},"thumbnailUrl":"https:\/\/www.eldiario.net\/portal\/wp-content\/uploads\/2024\/03\/DANIEL-FOTO.jpg","datePublished":"2024-03-14T10:19:14+00:00","breadcrumb":{"@id":"https:\/\/www.eldiario.net\/portal\/2024\/03\/14\/ortega-quiere-imponer-ley-que-obliga-a-telefonicas-a-proporcionar-informacion\/#breadcrumb"},"inLanguage":"es","potentialAction":[{"@type":"ReadAction","target":["https:\/\/www.eldiario.net\/portal\/2024\/03\/14\/ortega-quiere-imponer-ley-que-obliga-a-telefonicas-a-proporcionar-informacion\/"]}]},{"@type":"ImageObject","inLanguage":"es","@id":"https:\/\/www.eldiario.net\/portal\/2024\/03\/14\/ortega-quiere-imponer-ley-que-obliga-a-telefonicas-a-proporcionar-informacion\/#primaryimage","url":"https:\/\/www.eldiario.net\/portal\/wp-content\/uploads\/2024\/03\/DANIEL-FOTO.jpg","contentUrl":"https:\/\/www.eldiario.net\/portal\/wp-content\/uploads\/2024\/03\/DANIEL-FOTO.jpg","width":1200,"height":675,"caption":"EL R\u00c9GIMEN DE ORTEGA ENVI\u00d3 EL PROYECTO DE LEY A LA ASAMBLEA NACIONAL FOTO: Infobae"},{"@type":"BreadcrumbList","@id":"https:\/\/www.eldiario.net\/portal\/2024\/03\/14\/ortega-quiere-imponer-ley-que-obliga-a-telefonicas-a-proporcionar-informacion\/#breadcrumb","itemListElement":[{"@type":"ListItem","position":1,"name":"Portada","item":"https:\/\/www.eldiario.net\/portal\/"},{"@type":"ListItem","position":2,"name":"Ortega quiere imponer ley que obliga a telef\u00f3nicas a proporcionar informaci\u00f3n"}]},{"@type":"WebSite","@id":"https:\/\/www.eldiario.net\/portal\/#website","url":"https:\/\/www.eldiario.net\/portal\/","name":"El Diario - Decano de la prensa nacional","description":"El Diario - Decano de la prensa nacional","publisher":{"@id":"https:\/\/www.eldiario.net\/portal\/#organization"},"potentialAction":[{"@type":"SearchAction","target":{"@type":"EntryPoint","urlTemplate":"https:\/\/www.eldiario.net\/portal\/?s={search_term_string}"},"query-input":{"@type":"PropertyValueSpecification","valueRequired":true,"valueName":"search_term_string"}}],"inLanguage":"es"},{"@type":"Organization","@id":"https:\/\/www.eldiario.net\/portal\/#organization","name":"El Diario - Decano de la prensa nacional","url":"https:\/\/www.eldiario.net\/portal\/","logo":{"@type":"ImageObject","inLanguage":"es","@id":"https:\/\/www.eldiario.net\/portal\/#\/schema\/logo\/image\/","url":"https:\/\/www.eldiario.net\/portal\/wp-content\/uploads\/2023\/07\/logo_ED.jpg","contentUrl":"https:\/\/www.eldiario.net\/portal\/wp-content\/uploads\/2023\/07\/logo_ED.jpg","width":272,"height":52,"caption":"El Diario - Decano de la prensa nacional"},"image":{"@id":"https:\/\/www.eldiario.net\/portal\/#\/schema\/logo\/image\/"},"sameAs":["https:\/\/www.facebook.com\/eldiario.bolivia\/","https:\/\/x.com\/eldiario_net"]},{"@type":"Person","@id":"https:\/\/www.eldiario.net\/portal\/#\/schema\/person\/2c57cf2b7a7ae032e449e4c9b1019eac","name":"Jeanette","image":{"@type":"ImageObject","inLanguage":"es","@id":"https:\/\/secure.gravatar.com\/avatar\/3ea2118a5f7dad2b7138b1187a6b7ee55f160b9968b66013c3a3ef39dd7e5798?s=96&d=mm&r=g","url":"https:\/\/secure.gravatar.com\/avatar\/3ea2118a5f7dad2b7138b1187a6b7ee55f160b9968b66013c3a3ef39dd7e5798?s=96&d=mm&r=g","contentUrl":"https:\/\/secure.gravatar.com\/avatar\/3ea2118a5f7dad2b7138b1187a6b7ee55f160b9968b66013c3a3ef39dd7e5798?s=96&d=mm&r=g","caption":"Jeanette"},"sameAs":["https:\/\/www.eldiario.net\/portal"],"url":"https:\/\/www.eldiario.net\/portal\/author\/jeanette\/"}]}},"_links":{"self":[{"href":"https:\/\/www.eldiario.net\/portal\/wp-json\/wp\/v2\/posts\/208134","targetHints":{"allow":["GET"]}}],"collection":[{"href":"https:\/\/www.eldiario.net\/portal\/wp-json\/wp\/v2\/posts"}],"about":[{"href":"https:\/\/www.eldiario.net\/portal\/wp-json\/wp\/v2\/types\/post"}],"author":[{"embeddable":true,"href":"https:\/\/www.eldiario.net\/portal\/wp-json\/wp\/v2\/users\/1"}],"replies":[{"embeddable":true,"href":"https:\/\/www.eldiario.net\/portal\/wp-json\/wp\/v2\/comments?post=208134"}],"version-history":[{"count":1,"href":"https:\/\/www.eldiario.net\/portal\/wp-json\/wp\/v2\/posts\/208134\/revisions"}],"predecessor-version":[{"id":208136,"href":"https:\/\/www.eldiario.net\/portal\/wp-json\/wp\/v2\/posts\/208134\/revisions\/208136"}],"wp:featuredmedia":[{"embeddable":true,"href":"https:\/\/www.eldiario.net\/portal\/wp-json\/wp\/v2\/media\/208135"}],"wp:attachment":[{"href":"https:\/\/www.eldiario.net\/portal\/wp-json\/wp\/v2\/media?parent=208134"}],"wp:term":[{"taxonomy":"category","embeddable":true,"href":"https:\/\/www.eldiario.net\/portal\/wp-json\/wp\/v2\/categories?post=208134"},{"taxonomy":"post_tag","embeddable":true,"href":"https:\/\/www.eldiario.net\/portal\/wp-json\/wp\/v2\/tags?post=208134"}],"curies":[{"name":"wp","href":"https:\/\/api.w.org\/{rel}","templated":true}]}}