{"id":208131,"date":"2024-03-14T06:18:33","date_gmt":"2024-03-14T10:18:33","guid":{"rendered":"https:\/\/www.eldiario.net\/portal\/?p=208131"},"modified":"2024-03-14T06:18:33","modified_gmt":"2024-03-14T10:18:33","slug":"periodista-jaime-barrera-reaparece-libre-tras-haber-sido-secuestrado","status":"publish","type":"post","link":"https:\/\/www.eldiario.net\/portal\/2024\/03\/14\/periodista-jaime-barrera-reaparece-libre-tras-haber-sido-secuestrado\/","title":{"rendered":"Periodista Jaime Barrera reaparece  libre tras haber sido secuestrado"},"content":{"rendered":"<p>El periodista Jaime Barrera ofreci\u00f3 la primera entrevista tras ser privado de su libertad por m\u00e1s de 24 horas; donde declar\u00f3 que fue liberado por sus captores en la Central de autobuses del municipio de Magdalena.<\/p>\n<p>El comunicador asegur\u00f3 que se encuentra bien de salud, aunque consternado e impactado por la experiencia que vivi\u00f3, situaci\u00f3n que dijo no le \u201cdeseaba a nadie\u201d. Remarc\u00f3 que la situaci\u00f3n en el pa\u00eds, en temas de seguridad, no es la mejor.<\/p>\n<p>\u201cUna experiencia que no le deseo a nadie compa\u00f1ero (..), es como ser el protagonista de las propias columnas que escribo a diario, pero desgraciadamente la inseguridad est\u00e1 as\u00ed\u201d, dijo a Televisa Guadalajara, empresa donde colabora.<\/p>\n<p>De acuerdo con su versi\u00f3n, sus captores lo liberaron en la estaci\u00f3n de autobuses antes mencionada, lugar a donde llegaron elementos de la Guardia Nacional y le brindaron ayuda para regresar con sus familiares.<\/p>\n<p>\u201cEn Magdalena en la Central de Magdalena, tuve la fortuna de que llegar\u00e1n ah\u00ed elementos de la Guardia Nacional y que me tendieran ayuda cuando ya hab\u00eda sido liberado, pero la compa\u00f1\u00eda fue total desde ese momento hasta este momento\u201d, especific\u00f3 el periodista.<\/p>\n<p>Narra c\u00f3mo ocurrieron los hechos y sospecha que el m\u00f3vil es por su labor.<\/p>\n<p>Jaime Barrera explic\u00f3 c\u00f3mo ocurrieron los hechos, del momento exacto en que fue secuestrados, pues como adelant\u00f3 la Fiscal\u00eda del Estado, lo arribaron cuando sali\u00f3 de uno de los centros de trabajo donde hace un programa radiof\u00f3nico. Incluso sospecha que el m\u00f3vil podr\u00eda estar relacionada con su trabajo como periodista, pues asegura que no solicitaron rescate.<\/p>\n<p>\u201cNada m\u00e1s que las cuestiones period\u00edsticas, no hubo un rescate, no hubo nada de eso. Sal\u00ed de mi programa de radio a las dos de la tarde, ah\u00ed fui indicado forzosamente a bajar de mi auto y subir a una camioneta y me llevaron a un centro de cautiverio unos d\u00edas, y afortunadamente estoy libre nuevamente\u201d, dijo al programa noticioso de Televisa Guadalajara.<\/p>\n<p>\u00bfPor qu\u00e9 el CJNG podr\u00eda estar detr\u00e1s del secuestro de Barrera?<\/p>\n<p>La Fiscal\u00eda neg\u00f3 que el periodista o sus familiares hubieran sido objeto de amenazas. Sin embargo, comenz\u00f3 a circular una teor\u00eda de que el cartel de las cuatro letras est\u00e9 detr\u00e1s de lo ocurrido.<\/p>\n<p>En una publicaciones de este a\u00f1o, Jaime Barrera hizo referencia al l\u00edder del C\u00e1rtel Jalisco Nueva Generaci\u00f3n (CJNG), Nemesio Oseguera Cervantes, \u2018El Mencho\u2018, aunque esta no es la \u00fanica vez en que hace una denuncia contra la organizaci\u00f3n criminal en sus columnas, motivo por el cual H\u00e9ctor de Maule\u00f3n, escribi\u00f3 en su columna para El Universal sobre esta posibilidad.<\/p>\n<p>Las constantes denuncias, la cobertura sobre las operaciones del C\u00e1rtel y su impacto en Jalisco podr\u00edan haberlo puesto en el radar de los delincuentes y desencaden\u00f3 en la privaci\u00f3n de libertad.<\/p>\n","protected":false},"excerpt":{"rendered":"<p>El periodista Jaime Barrera ofreci\u00f3 la primera entrevista tras ser privado de su libertad por m\u00e1s de 24 horas; donde declar\u00f3 que fue liberado por sus captores en la Central de autobuses del municipio de Magdalena. El comunicador asegur\u00f3 que se encuentra bien de salud, aunque consternado e impactado por la experiencia que vivi\u00f3, situaci\u00f3n [&hellip;]<\/p>\n","protected":false},"author":1,"featured_media":208132,"comment_status":"open","ping_status":"open","sticky":false,"template":"","format":"standard","meta":{"_acf_changed":false,"footnotes":""},"categories":[3],"tags":[],"class_list":["post-208131","post","type-post","status-publish","format-standard","has-post-thumbnail","category-internacional"],"acf":{"antetitulo":""},"yoast_head":"<!-- This site is optimized with the Yoast SEO plugin v28.4 - https:\/\/yoast.com\/product\/yoast-seo-wordpress\/ -->\n<title>Periodista Jaime Barrera reaparece libre tras haber sido secuestrado - El Diario - Bolivia<\/title>\n<meta name=\"robots\" content=\"index, follow, max-snippet:-1, max-image-preview:large, max-video-preview:-1\" \/>\n<link rel=\"canonical\" href=\"https:\/\/www.eldiario.net\/portal\/2024\/03\/14\/periodista-jaime-barrera-reaparece-libre-tras-haber-sido-secuestrado\/\" \/>\n<meta property=\"og:locale\" content=\"es_ES\" \/>\n<meta property=\"og:type\" content=\"article\" \/>\n<meta property=\"og:title\" content=\"Periodista Jaime Barrera reaparece libre tras haber sido secuestrado - El Diario - Bolivia\" \/>\n<meta property=\"og:description\" content=\"El periodista Jaime Barrera ofreci\u00f3 la primera entrevista tras ser privado de su libertad por m\u00e1s de 24 horas; donde declar\u00f3 que fue liberado por sus captores en la Central de autobuses del municipio de Magdalena. El comunicador asegur\u00f3 que se encuentra bien de salud, aunque consternado e impactado por la experiencia que vivi\u00f3, situaci\u00f3n [&hellip;]\" \/>\n<meta property=\"og:url\" content=\"https:\/\/www.eldiario.net\/portal\/2024\/03\/14\/periodista-jaime-barrera-reaparece-libre-tras-haber-sido-secuestrado\/\" \/>\n<meta property=\"og:site_name\" content=\"El Diario - Bolivia\" \/>\n<meta property=\"article:publisher\" content=\"https:\/\/www.facebook.com\/eldiario.bolivia\/\" \/>\n<meta property=\"article:published_time\" content=\"2024-03-14T10:18:33+00:00\" \/>\n<meta property=\"og:image\" content=\"https:\/\/www.eldiario.net\/portal\/wp-content\/uploads\/2024\/03\/JAIME-FOTO.jpg\" \/>\n\t<meta property=\"og:image:width\" content=\"992\" \/>\n\t<meta property=\"og:image:height\" content=\"558\" \/>\n\t<meta property=\"og:image:type\" content=\"image\/jpeg\" \/>\n<meta name=\"author\" content=\"Jeanette\" \/>\n<meta name=\"twitter:card\" content=\"summary_large_image\" \/>\n<meta name=\"twitter:creator\" content=\"@eldiario_net\" \/>\n<meta name=\"twitter:site\" content=\"@eldiario_net\" \/>\n<meta name=\"twitter:label1\" content=\"Escrito por\" \/>\n\t<meta name=\"twitter:data1\" content=\"Jeanette\" \/>\n\t<meta name=\"twitter:label2\" content=\"Tiempo de lectura\" \/>\n\t<meta name=\"twitter:data2\" content=\"3 minutos\" \/>\n<script type=\"application\/ld+json\" class=\"yoast-schema-graph\">{\"@context\":\"https:\\\/\\\/schema.org\",\"@graph\":[{\"@type\":\"Article\",\"@id\":\"https:\\\/\\\/www.eldiario.net\\\/portal\\\/2024\\\/03\\\/14\\\/periodista-jaime-barrera-reaparece-libre-tras-haber-sido-secuestrado\\\/#article\",\"isPartOf\":{\"@id\":\"https:\\\/\\\/www.eldiario.net\\\/portal\\\/2024\\\/03\\\/14\\\/periodista-jaime-barrera-reaparece-libre-tras-haber-sido-secuestrado\\\/\"},\"author\":{\"name\":\"Jeanette\",\"@id\":\"https:\\\/\\\/www.eldiario.net\\\/portal\\\/#\\\/schema\\\/person\\\/2c57cf2b7a7ae032e449e4c9b1019eac\"},\"headline\":\"Periodista Jaime Barrera reaparece libre tras haber sido secuestrado\",\"datePublished\":\"2024-03-14T10:18:33+00:00\",\"mainEntityOfPage\":{\"@id\":\"https:\\\/\\\/www.eldiario.net\\\/portal\\\/2024\\\/03\\\/14\\\/periodista-jaime-barrera-reaparece-libre-tras-haber-sido-secuestrado\\\/\"},\"wordCount\":500,\"commentCount\":0,\"publisher\":{\"@id\":\"https:\\\/\\\/www.eldiario.net\\\/portal\\\/#organization\"},\"image\":{\"@id\":\"https:\\\/\\\/www.eldiario.net\\\/portal\\\/2024\\\/03\\\/14\\\/periodista-jaime-barrera-reaparece-libre-tras-haber-sido-secuestrado\\\/#primaryimage\"},\"thumbnailUrl\":\"https:\\\/\\\/www.eldiario.net\\\/portal\\\/wp-content\\\/uploads\\\/2024\\\/03\\\/JAIME-FOTO.jpg\",\"articleSection\":[\"Internacional\"],\"inLanguage\":\"es\",\"potentialAction\":[{\"@type\":\"CommentAction\",\"name\":\"Comment\",\"target\":[\"https:\\\/\\\/www.eldiario.net\\\/portal\\\/2024\\\/03\\\/14\\\/periodista-jaime-barrera-reaparece-libre-tras-haber-sido-secuestrado\\\/#respond\"]}]},{\"@type\":\"WebPage\",\"@id\":\"https:\\\/\\\/www.eldiario.net\\\/portal\\\/2024\\\/03\\\/14\\\/periodista-jaime-barrera-reaparece-libre-tras-haber-sido-secuestrado\\\/\",\"url\":\"https:\\\/\\\/www.eldiario.net\\\/portal\\\/2024\\\/03\\\/14\\\/periodista-jaime-barrera-reaparece-libre-tras-haber-sido-secuestrado\\\/\",\"name\":\"Periodista Jaime Barrera reaparece libre tras haber sido secuestrado - El Diario - Bolivia\",\"isPartOf\":{\"@id\":\"https:\\\/\\\/www.eldiario.net\\\/portal\\\/#website\"},\"primaryImageOfPage\":{\"@id\":\"https:\\\/\\\/www.eldiario.net\\\/portal\\\/2024\\\/03\\\/14\\\/periodista-jaime-barrera-reaparece-libre-tras-haber-sido-secuestrado\\\/#primaryimage\"},\"image\":{\"@id\":\"https:\\\/\\\/www.eldiario.net\\\/portal\\\/2024\\\/03\\\/14\\\/periodista-jaime-barrera-reaparece-libre-tras-haber-sido-secuestrado\\\/#primaryimage\"},\"thumbnailUrl\":\"https:\\\/\\\/www.eldiario.net\\\/portal\\\/wp-content\\\/uploads\\\/2024\\\/03\\\/JAIME-FOTO.jpg\",\"datePublished\":\"2024-03-14T10:18:33+00:00\",\"breadcrumb\":{\"@id\":\"https:\\\/\\\/www.eldiario.net\\\/portal\\\/2024\\\/03\\\/14\\\/periodista-jaime-barrera-reaparece-libre-tras-haber-sido-secuestrado\\\/#breadcrumb\"},\"inLanguage\":\"es\",\"potentialAction\":[{\"@type\":\"ReadAction\",\"target\":[\"https:\\\/\\\/www.eldiario.net\\\/portal\\\/2024\\\/03\\\/14\\\/periodista-jaime-barrera-reaparece-libre-tras-haber-sido-secuestrado\\\/\"]}]},{\"@type\":\"ImageObject\",\"inLanguage\":\"es\",\"@id\":\"https:\\\/\\\/www.eldiario.net\\\/portal\\\/2024\\\/03\\\/14\\\/periodista-jaime-barrera-reaparece-libre-tras-haber-sido-secuestrado\\\/#primaryimage\",\"url\":\"https:\\\/\\\/www.eldiario.net\\\/portal\\\/wp-content\\\/uploads\\\/2024\\\/03\\\/JAIME-FOTO.jpg\",\"contentUrl\":\"https:\\\/\\\/www.eldiario.net\\\/portal\\\/wp-content\\\/uploads\\\/2024\\\/03\\\/JAIME-FOTO.jpg\",\"width\":992,\"height\":558,\"caption\":\"EL PERIODISTA FUE SECUESTRADO AL SALIR DE SU FUENTE DE TRABAJO EN RADIO ZAPOPAN. FOTO: : Facebook\\\/Jaime Barrera\"},{\"@type\":\"BreadcrumbList\",\"@id\":\"https:\\\/\\\/www.eldiario.net\\\/portal\\\/2024\\\/03\\\/14\\\/periodista-jaime-barrera-reaparece-libre-tras-haber-sido-secuestrado\\\/#breadcrumb\",\"itemListElement\":[{\"@type\":\"ListItem\",\"position\":1,\"name\":\"Portada\",\"item\":\"https:\\\/\\\/www.eldiario.net\\\/portal\\\/\"},{\"@type\":\"ListItem\",\"position\":2,\"name\":\"Periodista Jaime Barrera reaparece libre tras haber sido secuestrado\"}]},{\"@type\":\"WebSite\",\"@id\":\"https:\\\/\\\/www.eldiario.net\\\/portal\\\/#website\",\"url\":\"https:\\\/\\\/www.eldiario.net\\\/portal\\\/\",\"name\":\"El Diario - Decano de la prensa nacional\",\"description\":\"El Diario - Decano de la prensa nacional\",\"publisher\":{\"@id\":\"https:\\\/\\\/www.eldiario.net\\\/portal\\\/#organization\"},\"potentialAction\":[{\"@type\":\"SearchAction\",\"target\":{\"@type\":\"EntryPoint\",\"urlTemplate\":\"https:\\\/\\\/www.eldiario.net\\\/portal\\\/?s={search_term_string}\"},\"query-input\":{\"@type\":\"PropertyValueSpecification\",\"valueRequired\":true,\"valueName\":\"search_term_string\"}}],\"inLanguage\":\"es\"},{\"@type\":\"Organization\",\"@id\":\"https:\\\/\\\/www.eldiario.net\\\/portal\\\/#organization\",\"name\":\"El Diario - Decano de la prensa nacional\",\"url\":\"https:\\\/\\\/www.eldiario.net\\\/portal\\\/\",\"logo\":{\"@type\":\"ImageObject\",\"inLanguage\":\"es\",\"@id\":\"https:\\\/\\\/www.eldiario.net\\\/portal\\\/#\\\/schema\\\/logo\\\/image\\\/\",\"url\":\"https:\\\/\\\/www.eldiario.net\\\/portal\\\/wp-content\\\/uploads\\\/2023\\\/07\\\/logo_ED.jpg\",\"contentUrl\":\"https:\\\/\\\/www.eldiario.net\\\/portal\\\/wp-content\\\/uploads\\\/2023\\\/07\\\/logo_ED.jpg\",\"width\":272,\"height\":52,\"caption\":\"El Diario - Decano de la prensa nacional\"},\"image\":{\"@id\":\"https:\\\/\\\/www.eldiario.net\\\/portal\\\/#\\\/schema\\\/logo\\\/image\\\/\"},\"sameAs\":[\"https:\\\/\\\/www.facebook.com\\\/eldiario.bolivia\\\/\",\"https:\\\/\\\/x.com\\\/eldiario_net\"]},{\"@type\":\"Person\",\"@id\":\"https:\\\/\\\/www.eldiario.net\\\/portal\\\/#\\\/schema\\\/person\\\/2c57cf2b7a7ae032e449e4c9b1019eac\",\"name\":\"Jeanette\",\"image\":{\"@type\":\"ImageObject\",\"inLanguage\":\"es\",\"@id\":\"https:\\\/\\\/secure.gravatar.com\\\/avatar\\\/3ea2118a5f7dad2b7138b1187a6b7ee55f160b9968b66013c3a3ef39dd7e5798?s=96&d=mm&r=g\",\"url\":\"https:\\\/\\\/secure.gravatar.com\\\/avatar\\\/3ea2118a5f7dad2b7138b1187a6b7ee55f160b9968b66013c3a3ef39dd7e5798?s=96&d=mm&r=g\",\"contentUrl\":\"https:\\\/\\\/secure.gravatar.com\\\/avatar\\\/3ea2118a5f7dad2b7138b1187a6b7ee55f160b9968b66013c3a3ef39dd7e5798?s=96&d=mm&r=g\",\"caption\":\"Jeanette\"},\"sameAs\":[\"https:\\\/\\\/www.eldiario.net\\\/portal\"],\"url\":\"https:\\\/\\\/www.eldiario.net\\\/portal\\\/author\\\/jeanette\\\/\"}]}<\/script>\n<!-- \/ Yoast SEO plugin. -->","yoast_head_json":{"title":"Periodista Jaime Barrera reaparece libre tras haber sido secuestrado - El Diario - Bolivia","robots":{"index":"index","follow":"follow","max-snippet":"max-snippet:-1","max-image-preview":"max-image-preview:large","max-video-preview":"max-video-preview:-1"},"canonical":"https:\/\/www.eldiario.net\/portal\/2024\/03\/14\/periodista-jaime-barrera-reaparece-libre-tras-haber-sido-secuestrado\/","og_locale":"es_ES","og_type":"article","og_title":"Periodista Jaime Barrera reaparece libre tras haber sido secuestrado - El Diario - Bolivia","og_description":"El periodista Jaime Barrera ofreci\u00f3 la primera entrevista tras ser privado de su libertad por m\u00e1s de 24 horas; donde declar\u00f3 que fue liberado por sus captores en la Central de autobuses del municipio de Magdalena. El comunicador asegur\u00f3 que se encuentra bien de salud, aunque consternado e impactado por la experiencia que vivi\u00f3, situaci\u00f3n [&hellip;]","og_url":"https:\/\/www.eldiario.net\/portal\/2024\/03\/14\/periodista-jaime-barrera-reaparece-libre-tras-haber-sido-secuestrado\/","og_site_name":"El Diario - Bolivia","article_publisher":"https:\/\/www.facebook.com\/eldiario.bolivia\/","article_published_time":"2024-03-14T10:18:33+00:00","og_image":[{"width":992,"height":558,"url":"https:\/\/www.eldiario.net\/portal\/wp-content\/uploads\/2024\/03\/JAIME-FOTO.jpg","type":"image\/jpeg"}],"author":"Jeanette","twitter_card":"summary_large_image","twitter_creator":"@eldiario_net","twitter_site":"@eldiario_net","twitter_misc":{"Escrito por":"Jeanette","Tiempo de lectura":"3 minutos"},"schema":{"@context":"https:\/\/schema.org","@graph":[{"@type":"Article","@id":"https:\/\/www.eldiario.net\/portal\/2024\/03\/14\/periodista-jaime-barrera-reaparece-libre-tras-haber-sido-secuestrado\/#article","isPartOf":{"@id":"https:\/\/www.eldiario.net\/portal\/2024\/03\/14\/periodista-jaime-barrera-reaparece-libre-tras-haber-sido-secuestrado\/"},"author":{"name":"Jeanette","@id":"https:\/\/www.eldiario.net\/portal\/#\/schema\/person\/2c57cf2b7a7ae032e449e4c9b1019eac"},"headline":"Periodista Jaime Barrera reaparece libre tras haber sido secuestrado","datePublished":"2024-03-14T10:18:33+00:00","mainEntityOfPage":{"@id":"https:\/\/www.eldiario.net\/portal\/2024\/03\/14\/periodista-jaime-barrera-reaparece-libre-tras-haber-sido-secuestrado\/"},"wordCount":500,"commentCount":0,"publisher":{"@id":"https:\/\/www.eldiario.net\/portal\/#organization"},"image":{"@id":"https:\/\/www.eldiario.net\/portal\/2024\/03\/14\/periodista-jaime-barrera-reaparece-libre-tras-haber-sido-secuestrado\/#primaryimage"},"thumbnailUrl":"https:\/\/www.eldiario.net\/portal\/wp-content\/uploads\/2024\/03\/JAIME-FOTO.jpg","articleSection":["Internacional"],"inLanguage":"es","potentialAction":[{"@type":"CommentAction","name":"Comment","target":["https:\/\/www.eldiario.net\/portal\/2024\/03\/14\/periodista-jaime-barrera-reaparece-libre-tras-haber-sido-secuestrado\/#respond"]}]},{"@type":"WebPage","@id":"https:\/\/www.eldiario.net\/portal\/2024\/03\/14\/periodista-jaime-barrera-reaparece-libre-tras-haber-sido-secuestrado\/","url":"https:\/\/www.eldiario.net\/portal\/2024\/03\/14\/periodista-jaime-barrera-reaparece-libre-tras-haber-sido-secuestrado\/","name":"Periodista Jaime Barrera reaparece libre tras haber sido secuestrado - El Diario - Bolivia","isPartOf":{"@id":"https:\/\/www.eldiario.net\/portal\/#website"},"primaryImageOfPage":{"@id":"https:\/\/www.eldiario.net\/portal\/2024\/03\/14\/periodista-jaime-barrera-reaparece-libre-tras-haber-sido-secuestrado\/#primaryimage"},"image":{"@id":"https:\/\/www.eldiario.net\/portal\/2024\/03\/14\/periodista-jaime-barrera-reaparece-libre-tras-haber-sido-secuestrado\/#primaryimage"},"thumbnailUrl":"https:\/\/www.eldiario.net\/portal\/wp-content\/uploads\/2024\/03\/JAIME-FOTO.jpg","datePublished":"2024-03-14T10:18:33+00:00","breadcrumb":{"@id":"https:\/\/www.eldiario.net\/portal\/2024\/03\/14\/periodista-jaime-barrera-reaparece-libre-tras-haber-sido-secuestrado\/#breadcrumb"},"inLanguage":"es","potentialAction":[{"@type":"ReadAction","target":["https:\/\/www.eldiario.net\/portal\/2024\/03\/14\/periodista-jaime-barrera-reaparece-libre-tras-haber-sido-secuestrado\/"]}]},{"@type":"ImageObject","inLanguage":"es","@id":"https:\/\/www.eldiario.net\/portal\/2024\/03\/14\/periodista-jaime-barrera-reaparece-libre-tras-haber-sido-secuestrado\/#primaryimage","url":"https:\/\/www.eldiario.net\/portal\/wp-content\/uploads\/2024\/03\/JAIME-FOTO.jpg","contentUrl":"https:\/\/www.eldiario.net\/portal\/wp-content\/uploads\/2024\/03\/JAIME-FOTO.jpg","width":992,"height":558,"caption":"EL PERIODISTA FUE SECUESTRADO AL SALIR DE SU FUENTE DE TRABAJO EN RADIO ZAPOPAN. FOTO: : Facebook\/Jaime Barrera"},{"@type":"BreadcrumbList","@id":"https:\/\/www.eldiario.net\/portal\/2024\/03\/14\/periodista-jaime-barrera-reaparece-libre-tras-haber-sido-secuestrado\/#breadcrumb","itemListElement":[{"@type":"ListItem","position":1,"name":"Portada","item":"https:\/\/www.eldiario.net\/portal\/"},{"@type":"ListItem","position":2,"name":"Periodista Jaime Barrera reaparece libre tras haber sido secuestrado"}]},{"@type":"WebSite","@id":"https:\/\/www.eldiario.net\/portal\/#website","url":"https:\/\/www.eldiario.net\/portal\/","name":"El Diario - Decano de la prensa nacional","description":"El Diario - Decano de la prensa nacional","publisher":{"@id":"https:\/\/www.eldiario.net\/portal\/#organization"},"potentialAction":[{"@type":"SearchAction","target":{"@type":"EntryPoint","urlTemplate":"https:\/\/www.eldiario.net\/portal\/?s={search_term_string}"},"query-input":{"@type":"PropertyValueSpecification","valueRequired":true,"valueName":"search_term_string"}}],"inLanguage":"es"},{"@type":"Organization","@id":"https:\/\/www.eldiario.net\/portal\/#organization","name":"El Diario - Decano de la prensa nacional","url":"https:\/\/www.eldiario.net\/portal\/","logo":{"@type":"ImageObject","inLanguage":"es","@id":"https:\/\/www.eldiario.net\/portal\/#\/schema\/logo\/image\/","url":"https:\/\/www.eldiario.net\/portal\/wp-content\/uploads\/2023\/07\/logo_ED.jpg","contentUrl":"https:\/\/www.eldiario.net\/portal\/wp-content\/uploads\/2023\/07\/logo_ED.jpg","width":272,"height":52,"caption":"El Diario - Decano de la prensa nacional"},"image":{"@id":"https:\/\/www.eldiario.net\/portal\/#\/schema\/logo\/image\/"},"sameAs":["https:\/\/www.facebook.com\/eldiario.bolivia\/","https:\/\/x.com\/eldiario_net"]},{"@type":"Person","@id":"https:\/\/www.eldiario.net\/portal\/#\/schema\/person\/2c57cf2b7a7ae032e449e4c9b1019eac","name":"Jeanette","image":{"@type":"ImageObject","inLanguage":"es","@id":"https:\/\/secure.gravatar.com\/avatar\/3ea2118a5f7dad2b7138b1187a6b7ee55f160b9968b66013c3a3ef39dd7e5798?s=96&d=mm&r=g","url":"https:\/\/secure.gravatar.com\/avatar\/3ea2118a5f7dad2b7138b1187a6b7ee55f160b9968b66013c3a3ef39dd7e5798?s=96&d=mm&r=g","contentUrl":"https:\/\/secure.gravatar.com\/avatar\/3ea2118a5f7dad2b7138b1187a6b7ee55f160b9968b66013c3a3ef39dd7e5798?s=96&d=mm&r=g","caption":"Jeanette"},"sameAs":["https:\/\/www.eldiario.net\/portal"],"url":"https:\/\/www.eldiario.net\/portal\/author\/jeanette\/"}]}},"_links":{"self":[{"href":"https:\/\/www.eldiario.net\/portal\/wp-json\/wp\/v2\/posts\/208131","targetHints":{"allow":["GET"]}}],"collection":[{"href":"https:\/\/www.eldiario.net\/portal\/wp-json\/wp\/v2\/posts"}],"about":[{"href":"https:\/\/www.eldiario.net\/portal\/wp-json\/wp\/v2\/types\/post"}],"author":[{"embeddable":true,"href":"https:\/\/www.eldiario.net\/portal\/wp-json\/wp\/v2\/users\/1"}],"replies":[{"embeddable":true,"href":"https:\/\/www.eldiario.net\/portal\/wp-json\/wp\/v2\/comments?post=208131"}],"version-history":[{"count":1,"href":"https:\/\/www.eldiario.net\/portal\/wp-json\/wp\/v2\/posts\/208131\/revisions"}],"predecessor-version":[{"id":208133,"href":"https:\/\/www.eldiario.net\/portal\/wp-json\/wp\/v2\/posts\/208131\/revisions\/208133"}],"wp:featuredmedia":[{"embeddable":true,"href":"https:\/\/www.eldiario.net\/portal\/wp-json\/wp\/v2\/media\/208132"}],"wp:attachment":[{"href":"https:\/\/www.eldiario.net\/portal\/wp-json\/wp\/v2\/media?parent=208131"}],"wp:term":[{"taxonomy":"category","embeddable":true,"href":"https:\/\/www.eldiario.net\/portal\/wp-json\/wp\/v2\/categories?post=208131"},{"taxonomy":"post_tag","embeddable":true,"href":"https:\/\/www.eldiario.net\/portal\/wp-json\/wp\/v2\/tags?post=208131"}],"curies":[{"name":"wp","href":"https:\/\/api.w.org\/{rel}","templated":true}]}}