{"id":208128,"date":"2024-03-14T06:17:57","date_gmt":"2024-03-14T10:17:57","guid":{"rendered":"https:\/\/www.eldiario.net\/portal\/?p=208128"},"modified":"2024-03-14T06:17:57","modified_gmt":"2024-03-14T10:17:57","slug":"ucrania-no-se-puede-reconstruir-sin-el-retorno-de-ninos-deportados-por-rusia","status":"publish","type":"post","link":"https:\/\/www.eldiario.net\/portal\/2024\/03\/14\/ucrania-no-se-puede-reconstruir-sin-el-retorno-de-ninos-deportados-por-rusia\/","title":{"rendered":"Ucrania no se puede reconstruir sin el  retorno de ni\u00f1os deportados por Rusia"},"content":{"rendered":"<p>La Comisi\u00f3n Europea reiter\u00f3 ayer su compromiso de apoyar iniciativas para recuperar a ni\u00f1os ucranianos deportados forzosamente por Rusia en el marco de la invasi\u00f3n lanzada por el presidente ruso, Vladimir Putin, en febrero de 2022, asegurando que los esfuerzos de reconstrucci\u00f3n deben ir de la mano del retorno de los menores desplazados forzosamente.<\/p>\n<p>En un debate a vicepresidenta de la Comisi\u00f3n Europea responsable de Democracia y Demograf\u00eda, Dubravka Suica, enumer\u00f3 las iniciativas que cuentan con el apoyo de la Uni\u00f3n Europea, en particular a trav\u00e9s de Eurojust, aunque admiti\u00f3 que hay que abordar este fen\u00f3meno de manera \u00abm\u00e1s seria\u00bb.<\/p>\n<p>\u00abEl tiempo apremia y necesitamos hacer todo para asegurar que los ni\u00f1os retornan a sus familias y comunidades. Es de vital importancia en t\u00e9rminos de prioridades pol\u00edticas y trav\u00e9s de las iniciativas que apoyamos\u00bb, explic\u00f3 la comisaria croata.<\/p>\n<p>Insistio en que hay que ayudar a miles de menores ucranianos a superar el trauma de la guerra y el desplazamiento forzado y devolverles la infancia y la sensaci\u00f3n de normalidad. \u00abUcrania no puede ser reconstruida sin sus ni\u00f1os. Hay que garantizar que los esfuerzos de reconstrucci\u00f3n ponen en el centro los derechos y necesidades de los menores\u00bb, a\u00f1adi\u00f3.<\/p>\n<p>En este punto, Suica recalc\u00f3 que Rusia debe rendir cuentas por los \u00abactos terribles\u00bb cometidos contra menores en Ucrania y record\u00f3 que el bloque europeo ya aplica sanciones a 39 personas implicadas en el secuestro de ni\u00f1os ucranianos.<\/p>\n<p>A finales de 2023 la Comisi\u00f3n Internacional Independiente de Investigaci\u00f3n sobre Ucrania de Naciones Unidas document\u00f3 el traslado de decenas de ni\u00f1os de Ucrania y concluy\u00f3 que se trataba de deportaciones ilegales y un crimen de guerra.<\/p>\n<p>Si bien, el propio informe de la comisi\u00f3n reconoce que es dif\u00edcil establecer un balance por la falta de informaci\u00f3n de Rusia y porque Ucrania, que fija en al menos 20.000 los menores desplazados a Rusia tambi\u00e9n incluyen aquellos que han cruzado al pa\u00eds con sus padres.<\/p>\n<p>En todo caso la misi\u00f3n detect\u00f3 que los traslados afectan a ni\u00f1os que hab\u00edan quedado hu\u00e9rfanos o que hab\u00edan perdido el contacto con sus padres durante la guerra, a ni\u00f1os que hab\u00edan sido separados de sus progenitores tras la detenci\u00f3n de uno de ellos en el marco de la invasi\u00f3n y a ni\u00f1os internados en instituciones. (Europa Press)<\/p>\n","protected":false},"excerpt":{"rendered":"<p>La Comisi\u00f3n Europea reiter\u00f3 ayer su compromiso de apoyar iniciativas para recuperar a ni\u00f1os ucranianos deportados forzosamente por Rusia en el marco de la invasi\u00f3n lanzada por el presidente ruso, Vladimir Putin, en febrero de 2022, asegurando que los esfuerzos de reconstrucci\u00f3n deben ir de la mano del retorno de los menores desplazados forzosamente. En [&hellip;]<\/p>\n","protected":false},"author":1,"featured_media":208129,"comment_status":"open","ping_status":"open","sticky":false,"template":"","format":"standard","meta":{"_acf_changed":false,"footnotes":""},"categories":[3],"tags":[],"class_list":["post-208128","post","type-post","status-publish","format-standard","has-post-thumbnail","category-internacional"],"acf":{"antetitulo":"Uni\u00f3n Europea compromete ayuda"},"yoast_head":"<!-- This site is optimized with the Yoast SEO plugin v28.4 - https:\/\/yoast.com\/product\/yoast-seo-wordpress\/ -->\n<title>Ucrania no se puede reconstruir sin el retorno de ni\u00f1os deportados por Rusia - El Diario - Bolivia<\/title>\n<meta name=\"robots\" content=\"index, follow, max-snippet:-1, max-image-preview:large, max-video-preview:-1\" \/>\n<link rel=\"canonical\" href=\"https:\/\/www.eldiario.net\/portal\/2024\/03\/14\/ucrania-no-se-puede-reconstruir-sin-el-retorno-de-ninos-deportados-por-rusia\/\" \/>\n<meta property=\"og:locale\" content=\"es_ES\" \/>\n<meta property=\"og:type\" content=\"article\" \/>\n<meta property=\"og:title\" content=\"Ucrania no se puede reconstruir sin el retorno de ni\u00f1os deportados por Rusia - El Diario - Bolivia\" \/>\n<meta property=\"og:description\" content=\"La Comisi\u00f3n Europea reiter\u00f3 ayer su compromiso de apoyar iniciativas para recuperar a ni\u00f1os ucranianos deportados forzosamente por Rusia en el marco de la invasi\u00f3n lanzada por el presidente ruso, Vladimir Putin, en febrero de 2022, asegurando que los esfuerzos de reconstrucci\u00f3n deben ir de la mano del retorno de los menores desplazados forzosamente. En [&hellip;]\" \/>\n<meta property=\"og:url\" content=\"https:\/\/www.eldiario.net\/portal\/2024\/03\/14\/ucrania-no-se-puede-reconstruir-sin-el-retorno-de-ninos-deportados-por-rusia\/\" \/>\n<meta property=\"og:site_name\" content=\"El Diario - Bolivia\" \/>\n<meta property=\"article:publisher\" content=\"https:\/\/www.facebook.com\/eldiario.bolivia\/\" \/>\n<meta property=\"article:published_time\" content=\"2024-03-14T10:17:57+00:00\" \/>\n<meta property=\"og:image\" content=\"https:\/\/www.eldiario.net\/portal\/wp-content\/uploads\/2024\/03\/NINOS-FOTO.jpg\" \/>\n\t<meta property=\"og:image:width\" content=\"1600\" \/>\n\t<meta property=\"og:image:height\" content=\"1066\" \/>\n\t<meta property=\"og:image:type\" content=\"image\/jpeg\" \/>\n<meta name=\"author\" content=\"Jeanette\" \/>\n<meta name=\"twitter:card\" content=\"summary_large_image\" \/>\n<meta name=\"twitter:creator\" content=\"@eldiario_net\" \/>\n<meta name=\"twitter:site\" content=\"@eldiario_net\" \/>\n<meta name=\"twitter:label1\" content=\"Escrito por\" \/>\n\t<meta name=\"twitter:data1\" content=\"Jeanette\" \/>\n\t<meta name=\"twitter:label2\" content=\"Tiempo de lectura\" \/>\n\t<meta name=\"twitter:data2\" content=\"2 minutos\" \/>\n<script type=\"application\/ld+json\" class=\"yoast-schema-graph\">{\"@context\":\"https:\\\/\\\/schema.org\",\"@graph\":[{\"@type\":\"Article\",\"@id\":\"https:\\\/\\\/www.eldiario.net\\\/portal\\\/2024\\\/03\\\/14\\\/ucrania-no-se-puede-reconstruir-sin-el-retorno-de-ninos-deportados-por-rusia\\\/#article\",\"isPartOf\":{\"@id\":\"https:\\\/\\\/www.eldiario.net\\\/portal\\\/2024\\\/03\\\/14\\\/ucrania-no-se-puede-reconstruir-sin-el-retorno-de-ninos-deportados-por-rusia\\\/\"},\"author\":{\"name\":\"Jeanette\",\"@id\":\"https:\\\/\\\/www.eldiario.net\\\/portal\\\/#\\\/schema\\\/person\\\/2c57cf2b7a7ae032e449e4c9b1019eac\"},\"headline\":\"Ucrania no se puede reconstruir sin el retorno de ni\u00f1os deportados por Rusia\",\"datePublished\":\"2024-03-14T10:17:57+00:00\",\"mainEntityOfPage\":{\"@id\":\"https:\\\/\\\/www.eldiario.net\\\/portal\\\/2024\\\/03\\\/14\\\/ucrania-no-se-puede-reconstruir-sin-el-retorno-de-ninos-deportados-por-rusia\\\/\"},\"wordCount\":424,\"commentCount\":0,\"publisher\":{\"@id\":\"https:\\\/\\\/www.eldiario.net\\\/portal\\\/#organization\"},\"image\":{\"@id\":\"https:\\\/\\\/www.eldiario.net\\\/portal\\\/2024\\\/03\\\/14\\\/ucrania-no-se-puede-reconstruir-sin-el-retorno-de-ninos-deportados-por-rusia\\\/#primaryimage\"},\"thumbnailUrl\":\"https:\\\/\\\/www.eldiario.net\\\/portal\\\/wp-content\\\/uploads\\\/2024\\\/03\\\/NINOS-FOTO.jpg\",\"articleSection\":[\"Internacional\"],\"inLanguage\":\"es\",\"potentialAction\":[{\"@type\":\"CommentAction\",\"name\":\"Comment\",\"target\":[\"https:\\\/\\\/www.eldiario.net\\\/portal\\\/2024\\\/03\\\/14\\\/ucrania-no-se-puede-reconstruir-sin-el-retorno-de-ninos-deportados-por-rusia\\\/#respond\"]}]},{\"@type\":\"WebPage\",\"@id\":\"https:\\\/\\\/www.eldiario.net\\\/portal\\\/2024\\\/03\\\/14\\\/ucrania-no-se-puede-reconstruir-sin-el-retorno-de-ninos-deportados-por-rusia\\\/\",\"url\":\"https:\\\/\\\/www.eldiario.net\\\/portal\\\/2024\\\/03\\\/14\\\/ucrania-no-se-puede-reconstruir-sin-el-retorno-de-ninos-deportados-por-rusia\\\/\",\"name\":\"Ucrania no se puede reconstruir sin el retorno de ni\u00f1os deportados por Rusia - El Diario - Bolivia\",\"isPartOf\":{\"@id\":\"https:\\\/\\\/www.eldiario.net\\\/portal\\\/#website\"},\"primaryImageOfPage\":{\"@id\":\"https:\\\/\\\/www.eldiario.net\\\/portal\\\/2024\\\/03\\\/14\\\/ucrania-no-se-puede-reconstruir-sin-el-retorno-de-ninos-deportados-por-rusia\\\/#primaryimage\"},\"image\":{\"@id\":\"https:\\\/\\\/www.eldiario.net\\\/portal\\\/2024\\\/03\\\/14\\\/ucrania-no-se-puede-reconstruir-sin-el-retorno-de-ninos-deportados-por-rusia\\\/#primaryimage\"},\"thumbnailUrl\":\"https:\\\/\\\/www.eldiario.net\\\/portal\\\/wp-content\\\/uploads\\\/2024\\\/03\\\/NINOS-FOTO.jpg\",\"datePublished\":\"2024-03-14T10:17:57+00:00\",\"breadcrumb\":{\"@id\":\"https:\\\/\\\/www.eldiario.net\\\/portal\\\/2024\\\/03\\\/14\\\/ucrania-no-se-puede-reconstruir-sin-el-retorno-de-ninos-deportados-por-rusia\\\/#breadcrumb\"},\"inLanguage\":\"es\",\"potentialAction\":[{\"@type\":\"ReadAction\",\"target\":[\"https:\\\/\\\/www.eldiario.net\\\/portal\\\/2024\\\/03\\\/14\\\/ucrania-no-se-puede-reconstruir-sin-el-retorno-de-ninos-deportados-por-rusia\\\/\"]}]},{\"@type\":\"ImageObject\",\"inLanguage\":\"es\",\"@id\":\"https:\\\/\\\/www.eldiario.net\\\/portal\\\/2024\\\/03\\\/14\\\/ucrania-no-se-puede-reconstruir-sin-el-retorno-de-ninos-deportados-por-rusia\\\/#primaryimage\",\"url\":\"https:\\\/\\\/www.eldiario.net\\\/portal\\\/wp-content\\\/uploads\\\/2024\\\/03\\\/NINOS-FOTO.jpg\",\"contentUrl\":\"https:\\\/\\\/www.eldiario.net\\\/portal\\\/wp-content\\\/uploads\\\/2024\\\/03\\\/NINOS-FOTO.jpg\",\"width\":1600,\"height\":1066,\"caption\":\"UNA DE LAS PRIORIDADES EN UCRANIA TAMBI\u00c9N ES EL RETORNO A CLASES DE LOS NI\u00d1OS. FOTO: Europa Press\"},{\"@type\":\"BreadcrumbList\",\"@id\":\"https:\\\/\\\/www.eldiario.net\\\/portal\\\/2024\\\/03\\\/14\\\/ucrania-no-se-puede-reconstruir-sin-el-retorno-de-ninos-deportados-por-rusia\\\/#breadcrumb\",\"itemListElement\":[{\"@type\":\"ListItem\",\"position\":1,\"name\":\"Portada\",\"item\":\"https:\\\/\\\/www.eldiario.net\\\/portal\\\/\"},{\"@type\":\"ListItem\",\"position\":2,\"name\":\"Ucrania no se puede reconstruir sin el retorno de ni\u00f1os deportados por Rusia\"}]},{\"@type\":\"WebSite\",\"@id\":\"https:\\\/\\\/www.eldiario.net\\\/portal\\\/#website\",\"url\":\"https:\\\/\\\/www.eldiario.net\\\/portal\\\/\",\"name\":\"El Diario - Decano de la prensa nacional\",\"description\":\"El Diario - Decano de la prensa nacional\",\"publisher\":{\"@id\":\"https:\\\/\\\/www.eldiario.net\\\/portal\\\/#organization\"},\"potentialAction\":[{\"@type\":\"SearchAction\",\"target\":{\"@type\":\"EntryPoint\",\"urlTemplate\":\"https:\\\/\\\/www.eldiario.net\\\/portal\\\/?s={search_term_string}\"},\"query-input\":{\"@type\":\"PropertyValueSpecification\",\"valueRequired\":true,\"valueName\":\"search_term_string\"}}],\"inLanguage\":\"es\"},{\"@type\":\"Organization\",\"@id\":\"https:\\\/\\\/www.eldiario.net\\\/portal\\\/#organization\",\"name\":\"El Diario - Decano de la prensa nacional\",\"url\":\"https:\\\/\\\/www.eldiario.net\\\/portal\\\/\",\"logo\":{\"@type\":\"ImageObject\",\"inLanguage\":\"es\",\"@id\":\"https:\\\/\\\/www.eldiario.net\\\/portal\\\/#\\\/schema\\\/logo\\\/image\\\/\",\"url\":\"https:\\\/\\\/www.eldiario.net\\\/portal\\\/wp-content\\\/uploads\\\/2023\\\/07\\\/logo_ED.jpg\",\"contentUrl\":\"https:\\\/\\\/www.eldiario.net\\\/portal\\\/wp-content\\\/uploads\\\/2023\\\/07\\\/logo_ED.jpg\",\"width\":272,\"height\":52,\"caption\":\"El Diario - Decano de la prensa nacional\"},\"image\":{\"@id\":\"https:\\\/\\\/www.eldiario.net\\\/portal\\\/#\\\/schema\\\/logo\\\/image\\\/\"},\"sameAs\":[\"https:\\\/\\\/www.facebook.com\\\/eldiario.bolivia\\\/\",\"https:\\\/\\\/x.com\\\/eldiario_net\"]},{\"@type\":\"Person\",\"@id\":\"https:\\\/\\\/www.eldiario.net\\\/portal\\\/#\\\/schema\\\/person\\\/2c57cf2b7a7ae032e449e4c9b1019eac\",\"name\":\"Jeanette\",\"image\":{\"@type\":\"ImageObject\",\"inLanguage\":\"es\",\"@id\":\"https:\\\/\\\/secure.gravatar.com\\\/avatar\\\/3ea2118a5f7dad2b7138b1187a6b7ee55f160b9968b66013c3a3ef39dd7e5798?s=96&d=mm&r=g\",\"url\":\"https:\\\/\\\/secure.gravatar.com\\\/avatar\\\/3ea2118a5f7dad2b7138b1187a6b7ee55f160b9968b66013c3a3ef39dd7e5798?s=96&d=mm&r=g\",\"contentUrl\":\"https:\\\/\\\/secure.gravatar.com\\\/avatar\\\/3ea2118a5f7dad2b7138b1187a6b7ee55f160b9968b66013c3a3ef39dd7e5798?s=96&d=mm&r=g\",\"caption\":\"Jeanette\"},\"sameAs\":[\"https:\\\/\\\/www.eldiario.net\\\/portal\"],\"url\":\"https:\\\/\\\/www.eldiario.net\\\/portal\\\/author\\\/jeanette\\\/\"}]}<\/script>\n<!-- \/ Yoast SEO plugin. -->","yoast_head_json":{"title":"Ucrania no se puede reconstruir sin el retorno de ni\u00f1os deportados por Rusia - El Diario - Bolivia","robots":{"index":"index","follow":"follow","max-snippet":"max-snippet:-1","max-image-preview":"max-image-preview:large","max-video-preview":"max-video-preview:-1"},"canonical":"https:\/\/www.eldiario.net\/portal\/2024\/03\/14\/ucrania-no-se-puede-reconstruir-sin-el-retorno-de-ninos-deportados-por-rusia\/","og_locale":"es_ES","og_type":"article","og_title":"Ucrania no se puede reconstruir sin el retorno de ni\u00f1os deportados por Rusia - El Diario - Bolivia","og_description":"La Comisi\u00f3n Europea reiter\u00f3 ayer su compromiso de apoyar iniciativas para recuperar a ni\u00f1os ucranianos deportados forzosamente por Rusia en el marco de la invasi\u00f3n lanzada por el presidente ruso, Vladimir Putin, en febrero de 2022, asegurando que los esfuerzos de reconstrucci\u00f3n deben ir de la mano del retorno de los menores desplazados forzosamente. En [&hellip;]","og_url":"https:\/\/www.eldiario.net\/portal\/2024\/03\/14\/ucrania-no-se-puede-reconstruir-sin-el-retorno-de-ninos-deportados-por-rusia\/","og_site_name":"El Diario - Bolivia","article_publisher":"https:\/\/www.facebook.com\/eldiario.bolivia\/","article_published_time":"2024-03-14T10:17:57+00:00","og_image":[{"width":1600,"height":1066,"url":"https:\/\/www.eldiario.net\/portal\/wp-content\/uploads\/2024\/03\/NINOS-FOTO.jpg","type":"image\/jpeg"}],"author":"Jeanette","twitter_card":"summary_large_image","twitter_creator":"@eldiario_net","twitter_site":"@eldiario_net","twitter_misc":{"Escrito por":"Jeanette","Tiempo de lectura":"2 minutos"},"schema":{"@context":"https:\/\/schema.org","@graph":[{"@type":"Article","@id":"https:\/\/www.eldiario.net\/portal\/2024\/03\/14\/ucrania-no-se-puede-reconstruir-sin-el-retorno-de-ninos-deportados-por-rusia\/#article","isPartOf":{"@id":"https:\/\/www.eldiario.net\/portal\/2024\/03\/14\/ucrania-no-se-puede-reconstruir-sin-el-retorno-de-ninos-deportados-por-rusia\/"},"author":{"name":"Jeanette","@id":"https:\/\/www.eldiario.net\/portal\/#\/schema\/person\/2c57cf2b7a7ae032e449e4c9b1019eac"},"headline":"Ucrania no se puede reconstruir sin el retorno de ni\u00f1os deportados por Rusia","datePublished":"2024-03-14T10:17:57+00:00","mainEntityOfPage":{"@id":"https:\/\/www.eldiario.net\/portal\/2024\/03\/14\/ucrania-no-se-puede-reconstruir-sin-el-retorno-de-ninos-deportados-por-rusia\/"},"wordCount":424,"commentCount":0,"publisher":{"@id":"https:\/\/www.eldiario.net\/portal\/#organization"},"image":{"@id":"https:\/\/www.eldiario.net\/portal\/2024\/03\/14\/ucrania-no-se-puede-reconstruir-sin-el-retorno-de-ninos-deportados-por-rusia\/#primaryimage"},"thumbnailUrl":"https:\/\/www.eldiario.net\/portal\/wp-content\/uploads\/2024\/03\/NINOS-FOTO.jpg","articleSection":["Internacional"],"inLanguage":"es","potentialAction":[{"@type":"CommentAction","name":"Comment","target":["https:\/\/www.eldiario.net\/portal\/2024\/03\/14\/ucrania-no-se-puede-reconstruir-sin-el-retorno-de-ninos-deportados-por-rusia\/#respond"]}]},{"@type":"WebPage","@id":"https:\/\/www.eldiario.net\/portal\/2024\/03\/14\/ucrania-no-se-puede-reconstruir-sin-el-retorno-de-ninos-deportados-por-rusia\/","url":"https:\/\/www.eldiario.net\/portal\/2024\/03\/14\/ucrania-no-se-puede-reconstruir-sin-el-retorno-de-ninos-deportados-por-rusia\/","name":"Ucrania no se puede reconstruir sin el retorno de ni\u00f1os deportados por Rusia - El Diario - Bolivia","isPartOf":{"@id":"https:\/\/www.eldiario.net\/portal\/#website"},"primaryImageOfPage":{"@id":"https:\/\/www.eldiario.net\/portal\/2024\/03\/14\/ucrania-no-se-puede-reconstruir-sin-el-retorno-de-ninos-deportados-por-rusia\/#primaryimage"},"image":{"@id":"https:\/\/www.eldiario.net\/portal\/2024\/03\/14\/ucrania-no-se-puede-reconstruir-sin-el-retorno-de-ninos-deportados-por-rusia\/#primaryimage"},"thumbnailUrl":"https:\/\/www.eldiario.net\/portal\/wp-content\/uploads\/2024\/03\/NINOS-FOTO.jpg","datePublished":"2024-03-14T10:17:57+00:00","breadcrumb":{"@id":"https:\/\/www.eldiario.net\/portal\/2024\/03\/14\/ucrania-no-se-puede-reconstruir-sin-el-retorno-de-ninos-deportados-por-rusia\/#breadcrumb"},"inLanguage":"es","potentialAction":[{"@type":"ReadAction","target":["https:\/\/www.eldiario.net\/portal\/2024\/03\/14\/ucrania-no-se-puede-reconstruir-sin-el-retorno-de-ninos-deportados-por-rusia\/"]}]},{"@type":"ImageObject","inLanguage":"es","@id":"https:\/\/www.eldiario.net\/portal\/2024\/03\/14\/ucrania-no-se-puede-reconstruir-sin-el-retorno-de-ninos-deportados-por-rusia\/#primaryimage","url":"https:\/\/www.eldiario.net\/portal\/wp-content\/uploads\/2024\/03\/NINOS-FOTO.jpg","contentUrl":"https:\/\/www.eldiario.net\/portal\/wp-content\/uploads\/2024\/03\/NINOS-FOTO.jpg","width":1600,"height":1066,"caption":"UNA DE LAS PRIORIDADES EN UCRANIA TAMBI\u00c9N ES EL RETORNO A CLASES DE LOS NI\u00d1OS. FOTO: Europa Press"},{"@type":"BreadcrumbList","@id":"https:\/\/www.eldiario.net\/portal\/2024\/03\/14\/ucrania-no-se-puede-reconstruir-sin-el-retorno-de-ninos-deportados-por-rusia\/#breadcrumb","itemListElement":[{"@type":"ListItem","position":1,"name":"Portada","item":"https:\/\/www.eldiario.net\/portal\/"},{"@type":"ListItem","position":2,"name":"Ucrania no se puede reconstruir sin el retorno de ni\u00f1os deportados por Rusia"}]},{"@type":"WebSite","@id":"https:\/\/www.eldiario.net\/portal\/#website","url":"https:\/\/www.eldiario.net\/portal\/","name":"El Diario - Decano de la prensa nacional","description":"El Diario - Decano de la prensa nacional","publisher":{"@id":"https:\/\/www.eldiario.net\/portal\/#organization"},"potentialAction":[{"@type":"SearchAction","target":{"@type":"EntryPoint","urlTemplate":"https:\/\/www.eldiario.net\/portal\/?s={search_term_string}"},"query-input":{"@type":"PropertyValueSpecification","valueRequired":true,"valueName":"search_term_string"}}],"inLanguage":"es"},{"@type":"Organization","@id":"https:\/\/www.eldiario.net\/portal\/#organization","name":"El Diario - Decano de la prensa nacional","url":"https:\/\/www.eldiario.net\/portal\/","logo":{"@type":"ImageObject","inLanguage":"es","@id":"https:\/\/www.eldiario.net\/portal\/#\/schema\/logo\/image\/","url":"https:\/\/www.eldiario.net\/portal\/wp-content\/uploads\/2023\/07\/logo_ED.jpg","contentUrl":"https:\/\/www.eldiario.net\/portal\/wp-content\/uploads\/2023\/07\/logo_ED.jpg","width":272,"height":52,"caption":"El Diario - Decano de la prensa nacional"},"image":{"@id":"https:\/\/www.eldiario.net\/portal\/#\/schema\/logo\/image\/"},"sameAs":["https:\/\/www.facebook.com\/eldiario.bolivia\/","https:\/\/x.com\/eldiario_net"]},{"@type":"Person","@id":"https:\/\/www.eldiario.net\/portal\/#\/schema\/person\/2c57cf2b7a7ae032e449e4c9b1019eac","name":"Jeanette","image":{"@type":"ImageObject","inLanguage":"es","@id":"https:\/\/secure.gravatar.com\/avatar\/3ea2118a5f7dad2b7138b1187a6b7ee55f160b9968b66013c3a3ef39dd7e5798?s=96&d=mm&r=g","url":"https:\/\/secure.gravatar.com\/avatar\/3ea2118a5f7dad2b7138b1187a6b7ee55f160b9968b66013c3a3ef39dd7e5798?s=96&d=mm&r=g","contentUrl":"https:\/\/secure.gravatar.com\/avatar\/3ea2118a5f7dad2b7138b1187a6b7ee55f160b9968b66013c3a3ef39dd7e5798?s=96&d=mm&r=g","caption":"Jeanette"},"sameAs":["https:\/\/www.eldiario.net\/portal"],"url":"https:\/\/www.eldiario.net\/portal\/author\/jeanette\/"}]}},"_links":{"self":[{"href":"https:\/\/www.eldiario.net\/portal\/wp-json\/wp\/v2\/posts\/208128","targetHints":{"allow":["GET"]}}],"collection":[{"href":"https:\/\/www.eldiario.net\/portal\/wp-json\/wp\/v2\/posts"}],"about":[{"href":"https:\/\/www.eldiario.net\/portal\/wp-json\/wp\/v2\/types\/post"}],"author":[{"embeddable":true,"href":"https:\/\/www.eldiario.net\/portal\/wp-json\/wp\/v2\/users\/1"}],"replies":[{"embeddable":true,"href":"https:\/\/www.eldiario.net\/portal\/wp-json\/wp\/v2\/comments?post=208128"}],"version-history":[{"count":1,"href":"https:\/\/www.eldiario.net\/portal\/wp-json\/wp\/v2\/posts\/208128\/revisions"}],"predecessor-version":[{"id":208130,"href":"https:\/\/www.eldiario.net\/portal\/wp-json\/wp\/v2\/posts\/208128\/revisions\/208130"}],"wp:featuredmedia":[{"embeddable":true,"href":"https:\/\/www.eldiario.net\/portal\/wp-json\/wp\/v2\/media\/208129"}],"wp:attachment":[{"href":"https:\/\/www.eldiario.net\/portal\/wp-json\/wp\/v2\/media?parent=208128"}],"wp:term":[{"taxonomy":"category","embeddable":true,"href":"https:\/\/www.eldiario.net\/portal\/wp-json\/wp\/v2\/categories?post=208128"},{"taxonomy":"post_tag","embeddable":true,"href":"https:\/\/www.eldiario.net\/portal\/wp-json\/wp\/v2\/tags?post=208128"}],"curies":[{"name":"wp","href":"https:\/\/api.w.org\/{rel}","templated":true}]}}