{"id":208122,"date":"2024-03-14T06:16:19","date_gmt":"2024-03-14T10:16:19","guid":{"rendered":"https:\/\/www.eldiario.net\/portal\/?p=208122"},"modified":"2024-03-14T06:16:19","modified_gmt":"2024-03-14T10:16:19","slug":"ue-anuncia-20-millones-en-ayuda-humanitaria-para-la-crisis-en-haiti","status":"publish","type":"post","link":"https:\/\/www.eldiario.net\/portal\/2024\/03\/14\/ue-anuncia-20-millones-en-ayuda-humanitaria-para-la-crisis-en-haiti\/","title":{"rendered":"UE anuncia 20 millones en ayuda  humanitaria para la crisis en Hait\u00ed"},"content":{"rendered":"<p>La Comisi\u00f3n Europea anunci\u00f3 ayer una partida de 20 millones de euros en ayuda humanitaria de emergencia para responder a la crisis de seguridad en Hait\u00ed, pa\u00eds que atraviesa una ola de violencia por actividad de las bandas armadas.<\/p>\n<p>Frente a los niveles sin precedentes de violencia que agudizan la crisis humanitaria de la poblaci\u00f3n civil en todo el pa\u00eds, la UE redobla su ayuda para que sus socios humanitarios en el terreno planten cara a las necesidades m\u00e1s urgentes de la poblaci\u00f3n, en concreto en t\u00e9rminos de protecci\u00f3n, asistencia alimentaria, nutrici\u00f3n, agua y saneamiento y atenci\u00f3n sanitaria.<\/p>\n<p>Tambi\u00e9n habr\u00e1 una partida espec\u00edfica para educaci\u00f3n en situaciones de emergencia, de tal modo que los ni\u00f1os afectados por la crisis de seguridad puedan seguir escolarizados.<\/p>\n<p>\u00abNo podemos permanecer indiferentes ante el grave deterioro de la situaci\u00f3n humanitaria en Hait\u00ed. Esta nueva financiaci\u00f3n de la UE ayudar\u00e1 a los socios que trabajan sobre el terreno a proporcionar ayuda urgente a las poblaciones m\u00e1s vulnerables\u00bb, indic\u00f3 el comisario de Gesti\u00f3n de Crisis, Janez Lenarcic, en un comunicado.<\/p>\n<p>La UE dio la bienvenida a los \u00abimportantes progresos\u00bb alcanzados en la reuni\u00f3n celebrada en Jamaica, resaltando adem\u00e1s que \u00abuna transici\u00f3n pol\u00edtica viable, inclusiva y sostenible\u00bb liderada por Hait\u00ed \u00abes la \u00fanica opci\u00f3n\u00bb para lograr la estabilidad.<\/p>\n<p>\u00abLa Uni\u00f3n Europea se\u00f1ala apoyar firmemente los esfuerzos continuos para garantizar esto (&#8230;) Es esencial que los esfuerzos pol\u00edticos en curso se traduzcan r\u00e1pidamente en mejoras sobre el terreno\u00bb, indic\u00f3 un comunicado del portavoz del Servicio de Acci\u00f3n Exterior de la UE, Peter Stano, aludiendo a la ola de violencia en el pa\u00eds caribe\u00f1o. (Europa Press)<\/p>\n","protected":false},"excerpt":{"rendered":"<p>La Comisi\u00f3n Europea anunci\u00f3 ayer una partida de 20 millones de euros en ayuda humanitaria de emergencia para responder a la crisis de seguridad en Hait\u00ed, pa\u00eds que atraviesa una ola de violencia por actividad de las bandas armadas. Frente a los niveles sin precedentes de violencia que agudizan la crisis humanitaria de la poblaci\u00f3n [&hellip;]<\/p>\n","protected":false},"author":1,"featured_media":208123,"comment_status":"open","ping_status":"open","sticky":false,"template":"","format":"standard","meta":{"_acf_changed":false,"footnotes":""},"categories":[3],"tags":[],"class_list":["post-208122","post","type-post","status-publish","format-standard","has-post-thumbnail","category-internacional"],"acf":{"antetitulo":"Para hacer frente a la violencia"},"yoast_head":"<!-- This site is optimized with the Yoast SEO plugin v28.4 - https:\/\/yoast.com\/product\/yoast-seo-wordpress\/ -->\n<title>UE anuncia 20 millones en ayuda humanitaria para la crisis en Hait\u00ed - El Diario - Bolivia<\/title>\n<meta name=\"robots\" content=\"index, follow, max-snippet:-1, max-image-preview:large, max-video-preview:-1\" \/>\n<link rel=\"canonical\" href=\"https:\/\/www.eldiario.net\/portal\/2024\/03\/14\/ue-anuncia-20-millones-en-ayuda-humanitaria-para-la-crisis-en-haiti\/\" \/>\n<meta property=\"og:locale\" content=\"es_ES\" \/>\n<meta property=\"og:type\" content=\"article\" \/>\n<meta property=\"og:title\" content=\"UE anuncia 20 millones en ayuda humanitaria para la crisis en Hait\u00ed - El Diario - Bolivia\" \/>\n<meta property=\"og:description\" content=\"La Comisi\u00f3n Europea anunci\u00f3 ayer una partida de 20 millones de euros en ayuda humanitaria de emergencia para responder a la crisis de seguridad en Hait\u00ed, pa\u00eds que atraviesa una ola de violencia por actividad de las bandas armadas. Frente a los niveles sin precedentes de violencia que agudizan la crisis humanitaria de la poblaci\u00f3n [&hellip;]\" \/>\n<meta property=\"og:url\" content=\"https:\/\/www.eldiario.net\/portal\/2024\/03\/14\/ue-anuncia-20-millones-en-ayuda-humanitaria-para-la-crisis-en-haiti\/\" \/>\n<meta property=\"og:site_name\" content=\"El Diario - Bolivia\" \/>\n<meta property=\"article:publisher\" content=\"https:\/\/www.facebook.com\/eldiario.bolivia\/\" \/>\n<meta property=\"article:published_time\" content=\"2024-03-14T10:16:19+00:00\" \/>\n<meta property=\"og:image\" content=\"https:\/\/www.eldiario.net\/portal\/wp-content\/uploads\/2024\/03\/UE-FOTO.jpg\" \/>\n\t<meta property=\"og:image:width\" content=\"1199\" \/>\n\t<meta property=\"og:image:height\" content=\"674\" \/>\n\t<meta property=\"og:image:type\" content=\"image\/jpeg\" \/>\n<meta name=\"author\" content=\"Jeanette\" \/>\n<meta name=\"twitter:card\" content=\"summary_large_image\" \/>\n<meta name=\"twitter:creator\" content=\"@eldiario_net\" \/>\n<meta name=\"twitter:site\" content=\"@eldiario_net\" \/>\n<meta name=\"twitter:label1\" content=\"Escrito por\" \/>\n\t<meta name=\"twitter:data1\" content=\"Jeanette\" \/>\n\t<meta name=\"twitter:label2\" content=\"Tiempo de lectura\" \/>\n\t<meta name=\"twitter:data2\" content=\"2 minutos\" \/>\n<script type=\"application\/ld+json\" class=\"yoast-schema-graph\">{\"@context\":\"https:\\\/\\\/schema.org\",\"@graph\":[{\"@type\":\"Article\",\"@id\":\"https:\\\/\\\/www.eldiario.net\\\/portal\\\/2024\\\/03\\\/14\\\/ue-anuncia-20-millones-en-ayuda-humanitaria-para-la-crisis-en-haiti\\\/#article\",\"isPartOf\":{\"@id\":\"https:\\\/\\\/www.eldiario.net\\\/portal\\\/2024\\\/03\\\/14\\\/ue-anuncia-20-millones-en-ayuda-humanitaria-para-la-crisis-en-haiti\\\/\"},\"author\":{\"name\":\"Jeanette\",\"@id\":\"https:\\\/\\\/www.eldiario.net\\\/portal\\\/#\\\/schema\\\/person\\\/2c57cf2b7a7ae032e449e4c9b1019eac\"},\"headline\":\"UE anuncia 20 millones en ayuda humanitaria para la crisis en Hait\u00ed\",\"datePublished\":\"2024-03-14T10:16:19+00:00\",\"mainEntityOfPage\":{\"@id\":\"https:\\\/\\\/www.eldiario.net\\\/portal\\\/2024\\\/03\\\/14\\\/ue-anuncia-20-millones-en-ayuda-humanitaria-para-la-crisis-en-haiti\\\/\"},\"wordCount\":306,\"commentCount\":0,\"publisher\":{\"@id\":\"https:\\\/\\\/www.eldiario.net\\\/portal\\\/#organization\"},\"image\":{\"@id\":\"https:\\\/\\\/www.eldiario.net\\\/portal\\\/2024\\\/03\\\/14\\\/ue-anuncia-20-millones-en-ayuda-humanitaria-para-la-crisis-en-haiti\\\/#primaryimage\"},\"thumbnailUrl\":\"https:\\\/\\\/www.eldiario.net\\\/portal\\\/wp-content\\\/uploads\\\/2024\\\/03\\\/UE-FOTO.jpg\",\"articleSection\":[\"Internacional\"],\"inLanguage\":\"es\",\"potentialAction\":[{\"@type\":\"CommentAction\",\"name\":\"Comment\",\"target\":[\"https:\\\/\\\/www.eldiario.net\\\/portal\\\/2024\\\/03\\\/14\\\/ue-anuncia-20-millones-en-ayuda-humanitaria-para-la-crisis-en-haiti\\\/#respond\"]}]},{\"@type\":\"WebPage\",\"@id\":\"https:\\\/\\\/www.eldiario.net\\\/portal\\\/2024\\\/03\\\/14\\\/ue-anuncia-20-millones-en-ayuda-humanitaria-para-la-crisis-en-haiti\\\/\",\"url\":\"https:\\\/\\\/www.eldiario.net\\\/portal\\\/2024\\\/03\\\/14\\\/ue-anuncia-20-millones-en-ayuda-humanitaria-para-la-crisis-en-haiti\\\/\",\"name\":\"UE anuncia 20 millones en ayuda humanitaria para la crisis en Hait\u00ed - El Diario - Bolivia\",\"isPartOf\":{\"@id\":\"https:\\\/\\\/www.eldiario.net\\\/portal\\\/#website\"},\"primaryImageOfPage\":{\"@id\":\"https:\\\/\\\/www.eldiario.net\\\/portal\\\/2024\\\/03\\\/14\\\/ue-anuncia-20-millones-en-ayuda-humanitaria-para-la-crisis-en-haiti\\\/#primaryimage\"},\"image\":{\"@id\":\"https:\\\/\\\/www.eldiario.net\\\/portal\\\/2024\\\/03\\\/14\\\/ue-anuncia-20-millones-en-ayuda-humanitaria-para-la-crisis-en-haiti\\\/#primaryimage\"},\"thumbnailUrl\":\"https:\\\/\\\/www.eldiario.net\\\/portal\\\/wp-content\\\/uploads\\\/2024\\\/03\\\/UE-FOTO.jpg\",\"datePublished\":\"2024-03-14T10:16:19+00:00\",\"breadcrumb\":{\"@id\":\"https:\\\/\\\/www.eldiario.net\\\/portal\\\/2024\\\/03\\\/14\\\/ue-anuncia-20-millones-en-ayuda-humanitaria-para-la-crisis-en-haiti\\\/#breadcrumb\"},\"inLanguage\":\"es\",\"potentialAction\":[{\"@type\":\"ReadAction\",\"target\":[\"https:\\\/\\\/www.eldiario.net\\\/portal\\\/2024\\\/03\\\/14\\\/ue-anuncia-20-millones-en-ayuda-humanitaria-para-la-crisis-en-haiti\\\/\"]}]},{\"@type\":\"ImageObject\",\"inLanguage\":\"es\",\"@id\":\"https:\\\/\\\/www.eldiario.net\\\/portal\\\/2024\\\/03\\\/14\\\/ue-anuncia-20-millones-en-ayuda-humanitaria-para-la-crisis-en-haiti\\\/#primaryimage\",\"url\":\"https:\\\/\\\/www.eldiario.net\\\/portal\\\/wp-content\\\/uploads\\\/2024\\\/03\\\/UE-FOTO.jpg\",\"contentUrl\":\"https:\\\/\\\/www.eldiario.net\\\/portal\\\/wp-content\\\/uploads\\\/2024\\\/03\\\/UE-FOTO.jpg\",\"width\":1199,\"height\":674,\"caption\":\"LOS NIVELES DE VIOLENCIA E INSEGURIDAD EN HAIT\u00cd SE AGUDIZAN. FOTO: DW\"},{\"@type\":\"BreadcrumbList\",\"@id\":\"https:\\\/\\\/www.eldiario.net\\\/portal\\\/2024\\\/03\\\/14\\\/ue-anuncia-20-millones-en-ayuda-humanitaria-para-la-crisis-en-haiti\\\/#breadcrumb\",\"itemListElement\":[{\"@type\":\"ListItem\",\"position\":1,\"name\":\"Portada\",\"item\":\"https:\\\/\\\/www.eldiario.net\\\/portal\\\/\"},{\"@type\":\"ListItem\",\"position\":2,\"name\":\"UE anuncia 20 millones en ayuda humanitaria para la crisis en Hait\u00ed\"}]},{\"@type\":\"WebSite\",\"@id\":\"https:\\\/\\\/www.eldiario.net\\\/portal\\\/#website\",\"url\":\"https:\\\/\\\/www.eldiario.net\\\/portal\\\/\",\"name\":\"El Diario - Decano de la prensa nacional\",\"description\":\"El Diario - Decano de la prensa nacional\",\"publisher\":{\"@id\":\"https:\\\/\\\/www.eldiario.net\\\/portal\\\/#organization\"},\"potentialAction\":[{\"@type\":\"SearchAction\",\"target\":{\"@type\":\"EntryPoint\",\"urlTemplate\":\"https:\\\/\\\/www.eldiario.net\\\/portal\\\/?s={search_term_string}\"},\"query-input\":{\"@type\":\"PropertyValueSpecification\",\"valueRequired\":true,\"valueName\":\"search_term_string\"}}],\"inLanguage\":\"es\"},{\"@type\":\"Organization\",\"@id\":\"https:\\\/\\\/www.eldiario.net\\\/portal\\\/#organization\",\"name\":\"El Diario - Decano de la prensa nacional\",\"url\":\"https:\\\/\\\/www.eldiario.net\\\/portal\\\/\",\"logo\":{\"@type\":\"ImageObject\",\"inLanguage\":\"es\",\"@id\":\"https:\\\/\\\/www.eldiario.net\\\/portal\\\/#\\\/schema\\\/logo\\\/image\\\/\",\"url\":\"https:\\\/\\\/www.eldiario.net\\\/portal\\\/wp-content\\\/uploads\\\/2023\\\/07\\\/logo_ED.jpg\",\"contentUrl\":\"https:\\\/\\\/www.eldiario.net\\\/portal\\\/wp-content\\\/uploads\\\/2023\\\/07\\\/logo_ED.jpg\",\"width\":272,\"height\":52,\"caption\":\"El Diario - Decano de la prensa nacional\"},\"image\":{\"@id\":\"https:\\\/\\\/www.eldiario.net\\\/portal\\\/#\\\/schema\\\/logo\\\/image\\\/\"},\"sameAs\":[\"https:\\\/\\\/www.facebook.com\\\/eldiario.bolivia\\\/\",\"https:\\\/\\\/x.com\\\/eldiario_net\"]},{\"@type\":\"Person\",\"@id\":\"https:\\\/\\\/www.eldiario.net\\\/portal\\\/#\\\/schema\\\/person\\\/2c57cf2b7a7ae032e449e4c9b1019eac\",\"name\":\"Jeanette\",\"image\":{\"@type\":\"ImageObject\",\"inLanguage\":\"es\",\"@id\":\"https:\\\/\\\/secure.gravatar.com\\\/avatar\\\/3ea2118a5f7dad2b7138b1187a6b7ee55f160b9968b66013c3a3ef39dd7e5798?s=96&d=mm&r=g\",\"url\":\"https:\\\/\\\/secure.gravatar.com\\\/avatar\\\/3ea2118a5f7dad2b7138b1187a6b7ee55f160b9968b66013c3a3ef39dd7e5798?s=96&d=mm&r=g\",\"contentUrl\":\"https:\\\/\\\/secure.gravatar.com\\\/avatar\\\/3ea2118a5f7dad2b7138b1187a6b7ee55f160b9968b66013c3a3ef39dd7e5798?s=96&d=mm&r=g\",\"caption\":\"Jeanette\"},\"sameAs\":[\"https:\\\/\\\/www.eldiario.net\\\/portal\"],\"url\":\"https:\\\/\\\/www.eldiario.net\\\/portal\\\/author\\\/jeanette\\\/\"}]}<\/script>\n<!-- \/ Yoast SEO plugin. -->","yoast_head_json":{"title":"UE anuncia 20 millones en ayuda humanitaria para la crisis en Hait\u00ed - El Diario - Bolivia","robots":{"index":"index","follow":"follow","max-snippet":"max-snippet:-1","max-image-preview":"max-image-preview:large","max-video-preview":"max-video-preview:-1"},"canonical":"https:\/\/www.eldiario.net\/portal\/2024\/03\/14\/ue-anuncia-20-millones-en-ayuda-humanitaria-para-la-crisis-en-haiti\/","og_locale":"es_ES","og_type":"article","og_title":"UE anuncia 20 millones en ayuda humanitaria para la crisis en Hait\u00ed - El Diario - Bolivia","og_description":"La Comisi\u00f3n Europea anunci\u00f3 ayer una partida de 20 millones de euros en ayuda humanitaria de emergencia para responder a la crisis de seguridad en Hait\u00ed, pa\u00eds que atraviesa una ola de violencia por actividad de las bandas armadas. Frente a los niveles sin precedentes de violencia que agudizan la crisis humanitaria de la poblaci\u00f3n [&hellip;]","og_url":"https:\/\/www.eldiario.net\/portal\/2024\/03\/14\/ue-anuncia-20-millones-en-ayuda-humanitaria-para-la-crisis-en-haiti\/","og_site_name":"El Diario - Bolivia","article_publisher":"https:\/\/www.facebook.com\/eldiario.bolivia\/","article_published_time":"2024-03-14T10:16:19+00:00","og_image":[{"width":1199,"height":674,"url":"https:\/\/www.eldiario.net\/portal\/wp-content\/uploads\/2024\/03\/UE-FOTO.jpg","type":"image\/jpeg"}],"author":"Jeanette","twitter_card":"summary_large_image","twitter_creator":"@eldiario_net","twitter_site":"@eldiario_net","twitter_misc":{"Escrito por":"Jeanette","Tiempo de lectura":"2 minutos"},"schema":{"@context":"https:\/\/schema.org","@graph":[{"@type":"Article","@id":"https:\/\/www.eldiario.net\/portal\/2024\/03\/14\/ue-anuncia-20-millones-en-ayuda-humanitaria-para-la-crisis-en-haiti\/#article","isPartOf":{"@id":"https:\/\/www.eldiario.net\/portal\/2024\/03\/14\/ue-anuncia-20-millones-en-ayuda-humanitaria-para-la-crisis-en-haiti\/"},"author":{"name":"Jeanette","@id":"https:\/\/www.eldiario.net\/portal\/#\/schema\/person\/2c57cf2b7a7ae032e449e4c9b1019eac"},"headline":"UE anuncia 20 millones en ayuda humanitaria para la crisis en Hait\u00ed","datePublished":"2024-03-14T10:16:19+00:00","mainEntityOfPage":{"@id":"https:\/\/www.eldiario.net\/portal\/2024\/03\/14\/ue-anuncia-20-millones-en-ayuda-humanitaria-para-la-crisis-en-haiti\/"},"wordCount":306,"commentCount":0,"publisher":{"@id":"https:\/\/www.eldiario.net\/portal\/#organization"},"image":{"@id":"https:\/\/www.eldiario.net\/portal\/2024\/03\/14\/ue-anuncia-20-millones-en-ayuda-humanitaria-para-la-crisis-en-haiti\/#primaryimage"},"thumbnailUrl":"https:\/\/www.eldiario.net\/portal\/wp-content\/uploads\/2024\/03\/UE-FOTO.jpg","articleSection":["Internacional"],"inLanguage":"es","potentialAction":[{"@type":"CommentAction","name":"Comment","target":["https:\/\/www.eldiario.net\/portal\/2024\/03\/14\/ue-anuncia-20-millones-en-ayuda-humanitaria-para-la-crisis-en-haiti\/#respond"]}]},{"@type":"WebPage","@id":"https:\/\/www.eldiario.net\/portal\/2024\/03\/14\/ue-anuncia-20-millones-en-ayuda-humanitaria-para-la-crisis-en-haiti\/","url":"https:\/\/www.eldiario.net\/portal\/2024\/03\/14\/ue-anuncia-20-millones-en-ayuda-humanitaria-para-la-crisis-en-haiti\/","name":"UE anuncia 20 millones en ayuda humanitaria para la crisis en Hait\u00ed - El Diario - Bolivia","isPartOf":{"@id":"https:\/\/www.eldiario.net\/portal\/#website"},"primaryImageOfPage":{"@id":"https:\/\/www.eldiario.net\/portal\/2024\/03\/14\/ue-anuncia-20-millones-en-ayuda-humanitaria-para-la-crisis-en-haiti\/#primaryimage"},"image":{"@id":"https:\/\/www.eldiario.net\/portal\/2024\/03\/14\/ue-anuncia-20-millones-en-ayuda-humanitaria-para-la-crisis-en-haiti\/#primaryimage"},"thumbnailUrl":"https:\/\/www.eldiario.net\/portal\/wp-content\/uploads\/2024\/03\/UE-FOTO.jpg","datePublished":"2024-03-14T10:16:19+00:00","breadcrumb":{"@id":"https:\/\/www.eldiario.net\/portal\/2024\/03\/14\/ue-anuncia-20-millones-en-ayuda-humanitaria-para-la-crisis-en-haiti\/#breadcrumb"},"inLanguage":"es","potentialAction":[{"@type":"ReadAction","target":["https:\/\/www.eldiario.net\/portal\/2024\/03\/14\/ue-anuncia-20-millones-en-ayuda-humanitaria-para-la-crisis-en-haiti\/"]}]},{"@type":"ImageObject","inLanguage":"es","@id":"https:\/\/www.eldiario.net\/portal\/2024\/03\/14\/ue-anuncia-20-millones-en-ayuda-humanitaria-para-la-crisis-en-haiti\/#primaryimage","url":"https:\/\/www.eldiario.net\/portal\/wp-content\/uploads\/2024\/03\/UE-FOTO.jpg","contentUrl":"https:\/\/www.eldiario.net\/portal\/wp-content\/uploads\/2024\/03\/UE-FOTO.jpg","width":1199,"height":674,"caption":"LOS NIVELES DE VIOLENCIA E INSEGURIDAD EN HAIT\u00cd SE AGUDIZAN. FOTO: DW"},{"@type":"BreadcrumbList","@id":"https:\/\/www.eldiario.net\/portal\/2024\/03\/14\/ue-anuncia-20-millones-en-ayuda-humanitaria-para-la-crisis-en-haiti\/#breadcrumb","itemListElement":[{"@type":"ListItem","position":1,"name":"Portada","item":"https:\/\/www.eldiario.net\/portal\/"},{"@type":"ListItem","position":2,"name":"UE anuncia 20 millones en ayuda humanitaria para la crisis en Hait\u00ed"}]},{"@type":"WebSite","@id":"https:\/\/www.eldiario.net\/portal\/#website","url":"https:\/\/www.eldiario.net\/portal\/","name":"El Diario - Decano de la prensa nacional","description":"El Diario - Decano de la prensa nacional","publisher":{"@id":"https:\/\/www.eldiario.net\/portal\/#organization"},"potentialAction":[{"@type":"SearchAction","target":{"@type":"EntryPoint","urlTemplate":"https:\/\/www.eldiario.net\/portal\/?s={search_term_string}"},"query-input":{"@type":"PropertyValueSpecification","valueRequired":true,"valueName":"search_term_string"}}],"inLanguage":"es"},{"@type":"Organization","@id":"https:\/\/www.eldiario.net\/portal\/#organization","name":"El Diario - Decano de la prensa nacional","url":"https:\/\/www.eldiario.net\/portal\/","logo":{"@type":"ImageObject","inLanguage":"es","@id":"https:\/\/www.eldiario.net\/portal\/#\/schema\/logo\/image\/","url":"https:\/\/www.eldiario.net\/portal\/wp-content\/uploads\/2023\/07\/logo_ED.jpg","contentUrl":"https:\/\/www.eldiario.net\/portal\/wp-content\/uploads\/2023\/07\/logo_ED.jpg","width":272,"height":52,"caption":"El Diario - Decano de la prensa nacional"},"image":{"@id":"https:\/\/www.eldiario.net\/portal\/#\/schema\/logo\/image\/"},"sameAs":["https:\/\/www.facebook.com\/eldiario.bolivia\/","https:\/\/x.com\/eldiario_net"]},{"@type":"Person","@id":"https:\/\/www.eldiario.net\/portal\/#\/schema\/person\/2c57cf2b7a7ae032e449e4c9b1019eac","name":"Jeanette","image":{"@type":"ImageObject","inLanguage":"es","@id":"https:\/\/secure.gravatar.com\/avatar\/3ea2118a5f7dad2b7138b1187a6b7ee55f160b9968b66013c3a3ef39dd7e5798?s=96&d=mm&r=g","url":"https:\/\/secure.gravatar.com\/avatar\/3ea2118a5f7dad2b7138b1187a6b7ee55f160b9968b66013c3a3ef39dd7e5798?s=96&d=mm&r=g","contentUrl":"https:\/\/secure.gravatar.com\/avatar\/3ea2118a5f7dad2b7138b1187a6b7ee55f160b9968b66013c3a3ef39dd7e5798?s=96&d=mm&r=g","caption":"Jeanette"},"sameAs":["https:\/\/www.eldiario.net\/portal"],"url":"https:\/\/www.eldiario.net\/portal\/author\/jeanette\/"}]}},"_links":{"self":[{"href":"https:\/\/www.eldiario.net\/portal\/wp-json\/wp\/v2\/posts\/208122","targetHints":{"allow":["GET"]}}],"collection":[{"href":"https:\/\/www.eldiario.net\/portal\/wp-json\/wp\/v2\/posts"}],"about":[{"href":"https:\/\/www.eldiario.net\/portal\/wp-json\/wp\/v2\/types\/post"}],"author":[{"embeddable":true,"href":"https:\/\/www.eldiario.net\/portal\/wp-json\/wp\/v2\/users\/1"}],"replies":[{"embeddable":true,"href":"https:\/\/www.eldiario.net\/portal\/wp-json\/wp\/v2\/comments?post=208122"}],"version-history":[{"count":1,"href":"https:\/\/www.eldiario.net\/portal\/wp-json\/wp\/v2\/posts\/208122\/revisions"}],"predecessor-version":[{"id":208124,"href":"https:\/\/www.eldiario.net\/portal\/wp-json\/wp\/v2\/posts\/208122\/revisions\/208124"}],"wp:featuredmedia":[{"embeddable":true,"href":"https:\/\/www.eldiario.net\/portal\/wp-json\/wp\/v2\/media\/208123"}],"wp:attachment":[{"href":"https:\/\/www.eldiario.net\/portal\/wp-json\/wp\/v2\/media?parent=208122"}],"wp:term":[{"taxonomy":"category","embeddable":true,"href":"https:\/\/www.eldiario.net\/portal\/wp-json\/wp\/v2\/categories?post=208122"},{"taxonomy":"post_tag","embeddable":true,"href":"https:\/\/www.eldiario.net\/portal\/wp-json\/wp\/v2\/tags?post=208122"}],"curies":[{"name":"wp","href":"https:\/\/api.w.org\/{rel}","templated":true}]}}