{"id":208119,"date":"2024-03-14T06:15:42","date_gmt":"2024-03-14T10:15:42","guid":{"rendered":"https:\/\/www.eldiario.net\/portal\/?p=208119"},"modified":"2024-03-14T06:15:42","modified_gmt":"2024-03-14T10:15:42","slug":"gobierno-argentino-satisfecho-con-medidas-para-combatir-la-inflacion","status":"publish","type":"post","link":"https:\/\/www.eldiario.net\/portal\/2024\/03\/14\/gobierno-argentino-satisfecho-con-medidas-para-combatir-la-inflacion\/","title":{"rendered":"Gobierno argentino satisfecho con  medidas para combatir la inflaci\u00f3n"},"content":{"rendered":"<p>El Gobierno de Argentina est\u00e1 \u00abprofundamente satisfecho\u00bb con el trabajo realizado hasta la fecha para luchar contra la inflaci\u00f3n, aunque todav\u00eda se haya dado un n\u00famero en febrero que est\u00e1 \u00abalejad\u00edsimo\u00bb de los est\u00e1ndares que debe tener un pa\u00eds normal.<\/p>\n<p>Las aseveraciones fueron efectuadas en rueda de prensa de ayer el portavoz del Gobierno, Manuel Adorni, luego de un d\u00eda despu\u00e9s de conocer que la inflaci\u00f3n mensual en febrero fue del 13,2%, muy por debajo del 20,6% registrado el pasado enero y del 25,5% de diciembre.<\/p>\n<p>En esta l\u00ednea, quiso destacar el trabajo del ministro de Econom\u00eda, Luis Caputo, del presidente del Banco Central de la Rep\u00fablica de Argentina, Santiago Bausili y de todos los que componen el equipo econ\u00f3mico.<\/p>\n<p>\u00abEstamos haciendo todo para que el final sea exterminar definitivamente la inflaci\u00f3n de la Argentina despu\u00e9s de d\u00e9cadas de pol\u00edticas que hicieron de \u00e9ste un pa\u00eds decadente\u00bb, sostuvo el portavoz gubernamental.<\/p>\n<p>Si bien la inflaci\u00f3n interanual escal\u00f3 hasta el 276,2%, la ca\u00edda del \u00edndice en t\u00e9rminos mensuales supone un cierto alivio para el Gobierno, que acusa a la anterior administraci\u00f3n de los malos datos de inflaci\u00f3n, viendo esta como una situaci\u00f3n heredada.<\/p>\n<p>Para el Gobierno argentino, dicho escenario supon\u00eda un grave problema de pobreza e indigencia, al darse una hiperinflaci\u00f3n en el pa\u00eds que ya est\u00e1n solventando.<\/p>\n<p>\u00abEl dato de febrero por s\u00ed mismo es horroroso, pero hay que ponerlo en contexto, puesto que Argentina se enfrentaba hace apenas dos meses a la peor crisis de su historia y estaba camino a la hiperinflaci\u00f3n\u00bb, asegur\u00f3 durante una entrevista radiof\u00f3nica ayer el presidente del pa\u00eds, Javier Milei.<\/p>\n<p>El mandatario apunt\u00f3 incluso que la cifra de febrero tiene elementos extraordinarios y no recurrentes, fruto de la subida de algunas tarifas y de la recomposici\u00f3n de precios que estaba atrasada por el anterior Ejecutivo, por lo que la inflaci\u00f3n es menor. (Europa Press)<\/p>\n","protected":false},"excerpt":{"rendered":"<p>El Gobierno de Argentina est\u00e1 \u00abprofundamente satisfecho\u00bb con el trabajo realizado hasta la fecha para luchar contra la inflaci\u00f3n, aunque todav\u00eda se haya dado un n\u00famero en febrero que est\u00e1 \u00abalejad\u00edsimo\u00bb de los est\u00e1ndares que debe tener un pa\u00eds normal. Las aseveraciones fueron efectuadas en rueda de prensa de ayer el portavoz del Gobierno, Manuel [&hellip;]<\/p>\n","protected":false},"author":1,"featured_media":208120,"comment_status":"open","ping_status":"open","sticky":false,"template":"","format":"standard","meta":{"_acf_changed":false,"footnotes":""},"categories":[3],"tags":[],"class_list":["post-208119","post","type-post","status-publish","format-standard","has-post-thumbnail","category-internacional"],"acf":{"antetitulo":"Destacan trabajo del Ministerio de Econom\u00eda"},"yoast_head":"<!-- This site is optimized with the Yoast SEO plugin v28.4 - https:\/\/yoast.com\/product\/yoast-seo-wordpress\/ -->\n<title>Gobierno argentino satisfecho con medidas para combatir la inflaci\u00f3n - El Diario - Bolivia<\/title>\n<meta name=\"robots\" content=\"index, follow, max-snippet:-1, max-image-preview:large, max-video-preview:-1\" \/>\n<link rel=\"canonical\" href=\"https:\/\/www.eldiario.net\/portal\/2024\/03\/14\/gobierno-argentino-satisfecho-con-medidas-para-combatir-la-inflacion\/\" \/>\n<meta property=\"og:locale\" content=\"es_ES\" \/>\n<meta property=\"og:type\" content=\"article\" \/>\n<meta property=\"og:title\" content=\"Gobierno argentino satisfecho con medidas para combatir la inflaci\u00f3n - El Diario - Bolivia\" \/>\n<meta property=\"og:description\" content=\"El Gobierno de Argentina est\u00e1 \u00abprofundamente satisfecho\u00bb con el trabajo realizado hasta la fecha para luchar contra la inflaci\u00f3n, aunque todav\u00eda se haya dado un n\u00famero en febrero que est\u00e1 \u00abalejad\u00edsimo\u00bb de los est\u00e1ndares que debe tener un pa\u00eds normal. Las aseveraciones fueron efectuadas en rueda de prensa de ayer el portavoz del Gobierno, Manuel [&hellip;]\" \/>\n<meta property=\"og:url\" content=\"https:\/\/www.eldiario.net\/portal\/2024\/03\/14\/gobierno-argentino-satisfecho-con-medidas-para-combatir-la-inflacion\/\" \/>\n<meta property=\"og:site_name\" content=\"El Diario - Bolivia\" \/>\n<meta property=\"article:publisher\" content=\"https:\/\/www.facebook.com\/eldiario.bolivia\/\" \/>\n<meta property=\"article:published_time\" content=\"2024-03-14T10:15:42+00:00\" \/>\n<meta property=\"og:image\" content=\"https:\/\/www.eldiario.net\/portal\/wp-content\/uploads\/2024\/03\/ULTIMA-FOTO-2.jpg\" \/>\n\t<meta property=\"og:image:width\" content=\"1000\" \/>\n\t<meta property=\"og:image:height\" content=\"759\" \/>\n\t<meta property=\"og:image:type\" content=\"image\/jpeg\" \/>\n<meta name=\"author\" content=\"Jeanette\" \/>\n<meta name=\"twitter:card\" content=\"summary_large_image\" \/>\n<meta name=\"twitter:creator\" content=\"@eldiario_net\" \/>\n<meta name=\"twitter:site\" content=\"@eldiario_net\" \/>\n<meta name=\"twitter:label1\" content=\"Escrito por\" \/>\n\t<meta name=\"twitter:data1\" content=\"Jeanette\" \/>\n\t<meta name=\"twitter:label2\" content=\"Tiempo de lectura\" \/>\n\t<meta name=\"twitter:data2\" content=\"2 minutos\" \/>\n<script type=\"application\/ld+json\" class=\"yoast-schema-graph\">{\"@context\":\"https:\\\/\\\/schema.org\",\"@graph\":[{\"@type\":\"Article\",\"@id\":\"https:\\\/\\\/www.eldiario.net\\\/portal\\\/2024\\\/03\\\/14\\\/gobierno-argentino-satisfecho-con-medidas-para-combatir-la-inflacion\\\/#article\",\"isPartOf\":{\"@id\":\"https:\\\/\\\/www.eldiario.net\\\/portal\\\/2024\\\/03\\\/14\\\/gobierno-argentino-satisfecho-con-medidas-para-combatir-la-inflacion\\\/\"},\"author\":{\"name\":\"Jeanette\",\"@id\":\"https:\\\/\\\/www.eldiario.net\\\/portal\\\/#\\\/schema\\\/person\\\/2c57cf2b7a7ae032e449e4c9b1019eac\"},\"headline\":\"Gobierno argentino satisfecho con medidas para combatir la inflaci\u00f3n\",\"datePublished\":\"2024-03-14T10:15:42+00:00\",\"mainEntityOfPage\":{\"@id\":\"https:\\\/\\\/www.eldiario.net\\\/portal\\\/2024\\\/03\\\/14\\\/gobierno-argentino-satisfecho-con-medidas-para-combatir-la-inflacion\\\/\"},\"wordCount\":349,\"commentCount\":0,\"publisher\":{\"@id\":\"https:\\\/\\\/www.eldiario.net\\\/portal\\\/#organization\"},\"image\":{\"@id\":\"https:\\\/\\\/www.eldiario.net\\\/portal\\\/2024\\\/03\\\/14\\\/gobierno-argentino-satisfecho-con-medidas-para-combatir-la-inflacion\\\/#primaryimage\"},\"thumbnailUrl\":\"https:\\\/\\\/www.eldiario.net\\\/portal\\\/wp-content\\\/uploads\\\/2024\\\/03\\\/ULTIMA-FOTO-2.jpg\",\"articleSection\":[\"Internacional\"],\"inLanguage\":\"es\",\"potentialAction\":[{\"@type\":\"CommentAction\",\"name\":\"Comment\",\"target\":[\"https:\\\/\\\/www.eldiario.net\\\/portal\\\/2024\\\/03\\\/14\\\/gobierno-argentino-satisfecho-con-medidas-para-combatir-la-inflacion\\\/#respond\"]}]},{\"@type\":\"WebPage\",\"@id\":\"https:\\\/\\\/www.eldiario.net\\\/portal\\\/2024\\\/03\\\/14\\\/gobierno-argentino-satisfecho-con-medidas-para-combatir-la-inflacion\\\/\",\"url\":\"https:\\\/\\\/www.eldiario.net\\\/portal\\\/2024\\\/03\\\/14\\\/gobierno-argentino-satisfecho-con-medidas-para-combatir-la-inflacion\\\/\",\"name\":\"Gobierno argentino satisfecho con medidas para combatir la inflaci\u00f3n - El Diario - Bolivia\",\"isPartOf\":{\"@id\":\"https:\\\/\\\/www.eldiario.net\\\/portal\\\/#website\"},\"primaryImageOfPage\":{\"@id\":\"https:\\\/\\\/www.eldiario.net\\\/portal\\\/2024\\\/03\\\/14\\\/gobierno-argentino-satisfecho-con-medidas-para-combatir-la-inflacion\\\/#primaryimage\"},\"image\":{\"@id\":\"https:\\\/\\\/www.eldiario.net\\\/portal\\\/2024\\\/03\\\/14\\\/gobierno-argentino-satisfecho-con-medidas-para-combatir-la-inflacion\\\/#primaryimage\"},\"thumbnailUrl\":\"https:\\\/\\\/www.eldiario.net\\\/portal\\\/wp-content\\\/uploads\\\/2024\\\/03\\\/ULTIMA-FOTO-2.jpg\",\"datePublished\":\"2024-03-14T10:15:42+00:00\",\"breadcrumb\":{\"@id\":\"https:\\\/\\\/www.eldiario.net\\\/portal\\\/2024\\\/03\\\/14\\\/gobierno-argentino-satisfecho-con-medidas-para-combatir-la-inflacion\\\/#breadcrumb\"},\"inLanguage\":\"es\",\"potentialAction\":[{\"@type\":\"ReadAction\",\"target\":[\"https:\\\/\\\/www.eldiario.net\\\/portal\\\/2024\\\/03\\\/14\\\/gobierno-argentino-satisfecho-con-medidas-para-combatir-la-inflacion\\\/\"]}]},{\"@type\":\"ImageObject\",\"inLanguage\":\"es\",\"@id\":\"https:\\\/\\\/www.eldiario.net\\\/portal\\\/2024\\\/03\\\/14\\\/gobierno-argentino-satisfecho-con-medidas-para-combatir-la-inflacion\\\/#primaryimage\",\"url\":\"https:\\\/\\\/www.eldiario.net\\\/portal\\\/wp-content\\\/uploads\\\/2024\\\/03\\\/ULTIMA-FOTO-2.jpg\",\"contentUrl\":\"https:\\\/\\\/www.eldiario.net\\\/portal\\\/wp-content\\\/uploads\\\/2024\\\/03\\\/ULTIMA-FOTO-2.jpg\",\"width\":1000,\"height\":759,\"caption\":\"MANUEL ADORNI PORTAVOZ DE LA PRESIDENCIA ARGENTINA. FOTO: Agencia Telam\"},{\"@type\":\"BreadcrumbList\",\"@id\":\"https:\\\/\\\/www.eldiario.net\\\/portal\\\/2024\\\/03\\\/14\\\/gobierno-argentino-satisfecho-con-medidas-para-combatir-la-inflacion\\\/#breadcrumb\",\"itemListElement\":[{\"@type\":\"ListItem\",\"position\":1,\"name\":\"Portada\",\"item\":\"https:\\\/\\\/www.eldiario.net\\\/portal\\\/\"},{\"@type\":\"ListItem\",\"position\":2,\"name\":\"Gobierno argentino satisfecho con medidas para combatir la inflaci\u00f3n\"}]},{\"@type\":\"WebSite\",\"@id\":\"https:\\\/\\\/www.eldiario.net\\\/portal\\\/#website\",\"url\":\"https:\\\/\\\/www.eldiario.net\\\/portal\\\/\",\"name\":\"El Diario - Decano de la prensa nacional\",\"description\":\"El Diario - Decano de la prensa nacional\",\"publisher\":{\"@id\":\"https:\\\/\\\/www.eldiario.net\\\/portal\\\/#organization\"},\"potentialAction\":[{\"@type\":\"SearchAction\",\"target\":{\"@type\":\"EntryPoint\",\"urlTemplate\":\"https:\\\/\\\/www.eldiario.net\\\/portal\\\/?s={search_term_string}\"},\"query-input\":{\"@type\":\"PropertyValueSpecification\",\"valueRequired\":true,\"valueName\":\"search_term_string\"}}],\"inLanguage\":\"es\"},{\"@type\":\"Organization\",\"@id\":\"https:\\\/\\\/www.eldiario.net\\\/portal\\\/#organization\",\"name\":\"El Diario - Decano de la prensa nacional\",\"url\":\"https:\\\/\\\/www.eldiario.net\\\/portal\\\/\",\"logo\":{\"@type\":\"ImageObject\",\"inLanguage\":\"es\",\"@id\":\"https:\\\/\\\/www.eldiario.net\\\/portal\\\/#\\\/schema\\\/logo\\\/image\\\/\",\"url\":\"https:\\\/\\\/www.eldiario.net\\\/portal\\\/wp-content\\\/uploads\\\/2023\\\/07\\\/logo_ED.jpg\",\"contentUrl\":\"https:\\\/\\\/www.eldiario.net\\\/portal\\\/wp-content\\\/uploads\\\/2023\\\/07\\\/logo_ED.jpg\",\"width\":272,\"height\":52,\"caption\":\"El Diario - Decano de la prensa nacional\"},\"image\":{\"@id\":\"https:\\\/\\\/www.eldiario.net\\\/portal\\\/#\\\/schema\\\/logo\\\/image\\\/\"},\"sameAs\":[\"https:\\\/\\\/www.facebook.com\\\/eldiario.bolivia\\\/\",\"https:\\\/\\\/x.com\\\/eldiario_net\"]},{\"@type\":\"Person\",\"@id\":\"https:\\\/\\\/www.eldiario.net\\\/portal\\\/#\\\/schema\\\/person\\\/2c57cf2b7a7ae032e449e4c9b1019eac\",\"name\":\"Jeanette\",\"image\":{\"@type\":\"ImageObject\",\"inLanguage\":\"es\",\"@id\":\"https:\\\/\\\/secure.gravatar.com\\\/avatar\\\/3ea2118a5f7dad2b7138b1187a6b7ee55f160b9968b66013c3a3ef39dd7e5798?s=96&d=mm&r=g\",\"url\":\"https:\\\/\\\/secure.gravatar.com\\\/avatar\\\/3ea2118a5f7dad2b7138b1187a6b7ee55f160b9968b66013c3a3ef39dd7e5798?s=96&d=mm&r=g\",\"contentUrl\":\"https:\\\/\\\/secure.gravatar.com\\\/avatar\\\/3ea2118a5f7dad2b7138b1187a6b7ee55f160b9968b66013c3a3ef39dd7e5798?s=96&d=mm&r=g\",\"caption\":\"Jeanette\"},\"sameAs\":[\"https:\\\/\\\/www.eldiario.net\\\/portal\"],\"url\":\"https:\\\/\\\/www.eldiario.net\\\/portal\\\/author\\\/jeanette\\\/\"}]}<\/script>\n<!-- \/ Yoast SEO plugin. -->","yoast_head_json":{"title":"Gobierno argentino satisfecho con medidas para combatir la inflaci\u00f3n - El Diario - Bolivia","robots":{"index":"index","follow":"follow","max-snippet":"max-snippet:-1","max-image-preview":"max-image-preview:large","max-video-preview":"max-video-preview:-1"},"canonical":"https:\/\/www.eldiario.net\/portal\/2024\/03\/14\/gobierno-argentino-satisfecho-con-medidas-para-combatir-la-inflacion\/","og_locale":"es_ES","og_type":"article","og_title":"Gobierno argentino satisfecho con medidas para combatir la inflaci\u00f3n - El Diario - Bolivia","og_description":"El Gobierno de Argentina est\u00e1 \u00abprofundamente satisfecho\u00bb con el trabajo realizado hasta la fecha para luchar contra la inflaci\u00f3n, aunque todav\u00eda se haya dado un n\u00famero en febrero que est\u00e1 \u00abalejad\u00edsimo\u00bb de los est\u00e1ndares que debe tener un pa\u00eds normal. Las aseveraciones fueron efectuadas en rueda de prensa de ayer el portavoz del Gobierno, Manuel [&hellip;]","og_url":"https:\/\/www.eldiario.net\/portal\/2024\/03\/14\/gobierno-argentino-satisfecho-con-medidas-para-combatir-la-inflacion\/","og_site_name":"El Diario - Bolivia","article_publisher":"https:\/\/www.facebook.com\/eldiario.bolivia\/","article_published_time":"2024-03-14T10:15:42+00:00","og_image":[{"width":1000,"height":759,"url":"https:\/\/www.eldiario.net\/portal\/wp-content\/uploads\/2024\/03\/ULTIMA-FOTO-2.jpg","type":"image\/jpeg"}],"author":"Jeanette","twitter_card":"summary_large_image","twitter_creator":"@eldiario_net","twitter_site":"@eldiario_net","twitter_misc":{"Escrito por":"Jeanette","Tiempo de lectura":"2 minutos"},"schema":{"@context":"https:\/\/schema.org","@graph":[{"@type":"Article","@id":"https:\/\/www.eldiario.net\/portal\/2024\/03\/14\/gobierno-argentino-satisfecho-con-medidas-para-combatir-la-inflacion\/#article","isPartOf":{"@id":"https:\/\/www.eldiario.net\/portal\/2024\/03\/14\/gobierno-argentino-satisfecho-con-medidas-para-combatir-la-inflacion\/"},"author":{"name":"Jeanette","@id":"https:\/\/www.eldiario.net\/portal\/#\/schema\/person\/2c57cf2b7a7ae032e449e4c9b1019eac"},"headline":"Gobierno argentino satisfecho con medidas para combatir la inflaci\u00f3n","datePublished":"2024-03-14T10:15:42+00:00","mainEntityOfPage":{"@id":"https:\/\/www.eldiario.net\/portal\/2024\/03\/14\/gobierno-argentino-satisfecho-con-medidas-para-combatir-la-inflacion\/"},"wordCount":349,"commentCount":0,"publisher":{"@id":"https:\/\/www.eldiario.net\/portal\/#organization"},"image":{"@id":"https:\/\/www.eldiario.net\/portal\/2024\/03\/14\/gobierno-argentino-satisfecho-con-medidas-para-combatir-la-inflacion\/#primaryimage"},"thumbnailUrl":"https:\/\/www.eldiario.net\/portal\/wp-content\/uploads\/2024\/03\/ULTIMA-FOTO-2.jpg","articleSection":["Internacional"],"inLanguage":"es","potentialAction":[{"@type":"CommentAction","name":"Comment","target":["https:\/\/www.eldiario.net\/portal\/2024\/03\/14\/gobierno-argentino-satisfecho-con-medidas-para-combatir-la-inflacion\/#respond"]}]},{"@type":"WebPage","@id":"https:\/\/www.eldiario.net\/portal\/2024\/03\/14\/gobierno-argentino-satisfecho-con-medidas-para-combatir-la-inflacion\/","url":"https:\/\/www.eldiario.net\/portal\/2024\/03\/14\/gobierno-argentino-satisfecho-con-medidas-para-combatir-la-inflacion\/","name":"Gobierno argentino satisfecho con medidas para combatir la inflaci\u00f3n - El Diario - Bolivia","isPartOf":{"@id":"https:\/\/www.eldiario.net\/portal\/#website"},"primaryImageOfPage":{"@id":"https:\/\/www.eldiario.net\/portal\/2024\/03\/14\/gobierno-argentino-satisfecho-con-medidas-para-combatir-la-inflacion\/#primaryimage"},"image":{"@id":"https:\/\/www.eldiario.net\/portal\/2024\/03\/14\/gobierno-argentino-satisfecho-con-medidas-para-combatir-la-inflacion\/#primaryimage"},"thumbnailUrl":"https:\/\/www.eldiario.net\/portal\/wp-content\/uploads\/2024\/03\/ULTIMA-FOTO-2.jpg","datePublished":"2024-03-14T10:15:42+00:00","breadcrumb":{"@id":"https:\/\/www.eldiario.net\/portal\/2024\/03\/14\/gobierno-argentino-satisfecho-con-medidas-para-combatir-la-inflacion\/#breadcrumb"},"inLanguage":"es","potentialAction":[{"@type":"ReadAction","target":["https:\/\/www.eldiario.net\/portal\/2024\/03\/14\/gobierno-argentino-satisfecho-con-medidas-para-combatir-la-inflacion\/"]}]},{"@type":"ImageObject","inLanguage":"es","@id":"https:\/\/www.eldiario.net\/portal\/2024\/03\/14\/gobierno-argentino-satisfecho-con-medidas-para-combatir-la-inflacion\/#primaryimage","url":"https:\/\/www.eldiario.net\/portal\/wp-content\/uploads\/2024\/03\/ULTIMA-FOTO-2.jpg","contentUrl":"https:\/\/www.eldiario.net\/portal\/wp-content\/uploads\/2024\/03\/ULTIMA-FOTO-2.jpg","width":1000,"height":759,"caption":"MANUEL ADORNI PORTAVOZ DE LA PRESIDENCIA ARGENTINA. FOTO: Agencia Telam"},{"@type":"BreadcrumbList","@id":"https:\/\/www.eldiario.net\/portal\/2024\/03\/14\/gobierno-argentino-satisfecho-con-medidas-para-combatir-la-inflacion\/#breadcrumb","itemListElement":[{"@type":"ListItem","position":1,"name":"Portada","item":"https:\/\/www.eldiario.net\/portal\/"},{"@type":"ListItem","position":2,"name":"Gobierno argentino satisfecho con medidas para combatir la inflaci\u00f3n"}]},{"@type":"WebSite","@id":"https:\/\/www.eldiario.net\/portal\/#website","url":"https:\/\/www.eldiario.net\/portal\/","name":"El Diario - Decano de la prensa nacional","description":"El Diario - Decano de la prensa nacional","publisher":{"@id":"https:\/\/www.eldiario.net\/portal\/#organization"},"potentialAction":[{"@type":"SearchAction","target":{"@type":"EntryPoint","urlTemplate":"https:\/\/www.eldiario.net\/portal\/?s={search_term_string}"},"query-input":{"@type":"PropertyValueSpecification","valueRequired":true,"valueName":"search_term_string"}}],"inLanguage":"es"},{"@type":"Organization","@id":"https:\/\/www.eldiario.net\/portal\/#organization","name":"El Diario - Decano de la prensa nacional","url":"https:\/\/www.eldiario.net\/portal\/","logo":{"@type":"ImageObject","inLanguage":"es","@id":"https:\/\/www.eldiario.net\/portal\/#\/schema\/logo\/image\/","url":"https:\/\/www.eldiario.net\/portal\/wp-content\/uploads\/2023\/07\/logo_ED.jpg","contentUrl":"https:\/\/www.eldiario.net\/portal\/wp-content\/uploads\/2023\/07\/logo_ED.jpg","width":272,"height":52,"caption":"El Diario - Decano de la prensa nacional"},"image":{"@id":"https:\/\/www.eldiario.net\/portal\/#\/schema\/logo\/image\/"},"sameAs":["https:\/\/www.facebook.com\/eldiario.bolivia\/","https:\/\/x.com\/eldiario_net"]},{"@type":"Person","@id":"https:\/\/www.eldiario.net\/portal\/#\/schema\/person\/2c57cf2b7a7ae032e449e4c9b1019eac","name":"Jeanette","image":{"@type":"ImageObject","inLanguage":"es","@id":"https:\/\/secure.gravatar.com\/avatar\/3ea2118a5f7dad2b7138b1187a6b7ee55f160b9968b66013c3a3ef39dd7e5798?s=96&d=mm&r=g","url":"https:\/\/secure.gravatar.com\/avatar\/3ea2118a5f7dad2b7138b1187a6b7ee55f160b9968b66013c3a3ef39dd7e5798?s=96&d=mm&r=g","contentUrl":"https:\/\/secure.gravatar.com\/avatar\/3ea2118a5f7dad2b7138b1187a6b7ee55f160b9968b66013c3a3ef39dd7e5798?s=96&d=mm&r=g","caption":"Jeanette"},"sameAs":["https:\/\/www.eldiario.net\/portal"],"url":"https:\/\/www.eldiario.net\/portal\/author\/jeanette\/"}]}},"_links":{"self":[{"href":"https:\/\/www.eldiario.net\/portal\/wp-json\/wp\/v2\/posts\/208119","targetHints":{"allow":["GET"]}}],"collection":[{"href":"https:\/\/www.eldiario.net\/portal\/wp-json\/wp\/v2\/posts"}],"about":[{"href":"https:\/\/www.eldiario.net\/portal\/wp-json\/wp\/v2\/types\/post"}],"author":[{"embeddable":true,"href":"https:\/\/www.eldiario.net\/portal\/wp-json\/wp\/v2\/users\/1"}],"replies":[{"embeddable":true,"href":"https:\/\/www.eldiario.net\/portal\/wp-json\/wp\/v2\/comments?post=208119"}],"version-history":[{"count":1,"href":"https:\/\/www.eldiario.net\/portal\/wp-json\/wp\/v2\/posts\/208119\/revisions"}],"predecessor-version":[{"id":208121,"href":"https:\/\/www.eldiario.net\/portal\/wp-json\/wp\/v2\/posts\/208119\/revisions\/208121"}],"wp:featuredmedia":[{"embeddable":true,"href":"https:\/\/www.eldiario.net\/portal\/wp-json\/wp\/v2\/media\/208120"}],"wp:attachment":[{"href":"https:\/\/www.eldiario.net\/portal\/wp-json\/wp\/v2\/media?parent=208119"}],"wp:term":[{"taxonomy":"category","embeddable":true,"href":"https:\/\/www.eldiario.net\/portal\/wp-json\/wp\/v2\/categories?post=208119"},{"taxonomy":"post_tag","embeddable":true,"href":"https:\/\/www.eldiario.net\/portal\/wp-json\/wp\/v2\/tags?post=208119"}],"curies":[{"name":"wp","href":"https:\/\/api.w.org\/{rel}","templated":true}]}}