{"id":208116,"date":"2024-03-14T06:14:16","date_gmt":"2024-03-14T10:14:16","guid":{"rendered":"https:\/\/www.eldiario.net\/portal\/?p=208116"},"modified":"2024-03-14T06:14:16","modified_gmt":"2024-03-14T10:14:16","slug":"cierran-ruta-a-mallasa-y-desbordes-de-rios-afectan-a-4-sectores-de-la-zona-sur","status":"publish","type":"post","link":"https:\/\/www.eldiario.net\/portal\/2024\/03\/14\/cierran-ruta-a-mallasa-y-desbordes-de-rios-afectan-a-4-sectores-de-la-zona-sur\/","title":{"rendered":"Cierran ruta a Mallasa y desbordes de  r\u00edos afectan a 4 sectores de la zona Sur"},"content":{"rendered":"<p>Debido a la intensa lluvia que caus\u00f3 el rebalse de los r\u00edos La Paz y Choqueyapu , autoridades ediles informaron que la ruta a Mallasa qued\u00f3 nuevamente cerrada, adem\u00e1s las calles cero y 17 de Obrajes, la plaza de la Mujer de Bajo Seg\u00fcencoma y el puente Amor de Dios tambi\u00e9n quedaron afectados. Asimismo, se present\u00f3 una fuga de agua potable, acumulaci\u00f3n de agua y material de arrastre.<\/p>\n<p>Desde las 03:00 horas de ayer, el alcalde de La Paz, Iv\u00e1n Arias, inform\u00f3 que la ruta a Mallasa qued\u00f3 nuevamente cerrada, debido a la intensa lluvia que cay\u00f3 a partir de las 22:30 del martes y se extendi\u00f3 hasta la madrugada del mi\u00e9rcoles.<\/p>\n<p>\u201cNo est\u00e1 habilitada la ruta a Mallasa, la vamos a cerrar y esperemos poderla habilitarla hasta ma\u00f1ana (por hoy)\u201d, inform\u00f3 el alcalde, mediante un video.<\/p>\n<p>Explic\u00f3 que la fuerza del r\u00edo nuevamente provoc\u00f3 un rebalse en la ruta de acceso hacia este macrodistrito pace\u00f1o.<\/p>\n<p>\u201cDesgraciadamente, tal como lo hab\u00edamos previsto, la lluvia empez\u00f3 a las 22:30, se ha prolongado has las 3:00 y estamos realmente consternados porque lo que ha ocurrido, el desborde en la calle 0 de Obrajes, en la calle 17, en el puente de Las Cholas hemos llegado a Amor de Dios, toda la ruta que hab\u00edamos arreglado ha sido inundada por la fuerza del r\u00edo, quiero agradecer a Dios que m\u00e1s bien en Achumani , Aruntaya ha ca\u00eddo lluvia pero no con intensidad\u201d, acot\u00f3 Arias.<\/p>\n<p>Manifest\u00f3 que la intensa lluvia inici\u00f3 en \u201cVilla F\u00e1tima y prosigui\u00f3 por Perif\u00e9rica, Cotahuma hasta llegar a Mallasa\u201d, pero \u201cdonde hemos tenido problemas es El Granadal, el r\u00edo Remedios ha rebalsado\u201d, a\u00f1adi\u00f3.<\/p>\n<p>Adem\u00e1s, el secretario municipal de Resiliencia y Gesti\u00f3n de Vulnerabilidades, Juan Pablo Palma, se\u00f1al\u00f3 que \u201cel Choqueyapu desbord\u00f3 en cuatro lugares con una fuerza impresionante, en la (calle) cero, luego en Las Cholas. El agua paso por el puente Amor se Dios, nos destroz\u00f3 todo el trabajo que hicimos en estos d\u00edas en la parte de abajo, la plaza de la Mujer igual con mucho material de arrastre\u201d.<\/p>\n<p>Sin embargo, hay dos sectores cr\u00edticos que deben atenderse con prioridad. Se trata de la calle 17 de Obrajes, donde se present\u00f3 la fuga de agua potable por un da\u00f1o en una tuber\u00eda matriz y la avenida Hern\u00e1n Siles Zuazo, de ingreso a Mallasa, donde tambi\u00e9n se encuentra el puente Amor de Dios.<\/p>\n<p>\u201cEn este momento hay dos puntos cr\u00edticos, una es esta v\u00eda (Hern\u00e1n Siles), que conecta La Paz con Mallasa, R\u00edo Abajo y otras poblaciones. Va a tomar un tiempo. Por ahora a estamos evaluando, estamos tratando de controlar el agua en los sectores que ha desbordado\u201d, explic\u00f3.<\/p>\n<p>&nbsp;<\/p>\n<p>La Alcald\u00eda pace\u00f1a alert\u00f3 de la lluvia y crecida de los r\u00edos la noche de este martes para prevenir y evitar que la poblaci\u00f3n circule cerca de los r\u00edos. La lluvia fue intensa, comenz\u00f3 a las 22:00 y se extendi\u00f3 hasta las 3:00 horas del mi\u00e9rcoles.<\/p>\n<p>En horas de la tarde de ayer, tras inspeccionar r\u00edos en Achumani, Orpavi II y El Gramadal la comuna pace\u00f1a emiti\u00f3 otra alerta roja ante la probabilidad de otra tormenta y se pidi\u00f3 a la poblaci\u00f3n no circular, a pie o en veh\u00edculos, por la avenida Costanera, ni de bajada ni de subida, ni por cercan\u00edas de los afluentes, por lo menos, hasta las 21:00 horas.<\/p>\n","protected":false},"excerpt":{"rendered":"<p>Debido a la intensa lluvia que caus\u00f3 el rebalse de los r\u00edos La Paz y Choqueyapu , autoridades ediles informaron que la ruta a Mallasa qued\u00f3 nuevamente cerrada, adem\u00e1s las calles cero y 17 de Obrajes, la plaza de la Mujer de Bajo Seg\u00fcencoma y el puente Amor de Dios tambi\u00e9n quedaron afectados. Asimismo, se [&hellip;]<\/p>\n","protected":false},"author":1,"featured_media":208117,"comment_status":"open","ping_status":"open","sticky":false,"template":"","format":"standard","meta":{"_acf_changed":false,"footnotes":""},"categories":[12],"tags":[],"class_list":["post-208116","post","type-post","status-publish","format-standard","has-post-thumbnail","category-nacional"],"acf":{"antetitulo":""},"yoast_head":"<!-- This site is optimized with the Yoast SEO plugin v28.4 - https:\/\/yoast.com\/product\/yoast-seo-wordpress\/ -->\n<title>Cierran ruta a Mallasa y desbordes de r\u00edos afectan a 4 sectores de la zona Sur - El Diario - Bolivia<\/title>\n<meta name=\"robots\" content=\"index, follow, max-snippet:-1, max-image-preview:large, max-video-preview:-1\" \/>\n<link rel=\"canonical\" href=\"https:\/\/www.eldiario.net\/portal\/2024\/03\/14\/cierran-ruta-a-mallasa-y-desbordes-de-rios-afectan-a-4-sectores-de-la-zona-sur\/\" \/>\n<meta property=\"og:locale\" content=\"es_ES\" \/>\n<meta property=\"og:type\" content=\"article\" \/>\n<meta property=\"og:title\" content=\"Cierran ruta a Mallasa y desbordes de r\u00edos afectan a 4 sectores de la zona Sur - El Diario - Bolivia\" \/>\n<meta property=\"og:description\" content=\"Debido a la intensa lluvia que caus\u00f3 el rebalse de los r\u00edos La Paz y Choqueyapu , autoridades ediles informaron que la ruta a Mallasa qued\u00f3 nuevamente cerrada, adem\u00e1s las calles cero y 17 de Obrajes, la plaza de la Mujer de Bajo Seg\u00fcencoma y el puente Amor de Dios tambi\u00e9n quedaron afectados. Asimismo, se [&hellip;]\" \/>\n<meta property=\"og:url\" content=\"https:\/\/www.eldiario.net\/portal\/2024\/03\/14\/cierran-ruta-a-mallasa-y-desbordes-de-rios-afectan-a-4-sectores-de-la-zona-sur\/\" \/>\n<meta property=\"og:site_name\" content=\"El Diario - Bolivia\" \/>\n<meta property=\"article:publisher\" content=\"https:\/\/www.facebook.com\/eldiario.bolivia\/\" \/>\n<meta property=\"article:published_time\" content=\"2024-03-14T10:14:16+00:00\" \/>\n<meta property=\"og:image\" content=\"https:\/\/www.eldiario.net\/portal\/wp-content\/uploads\/2024\/03\/CIERRE-FOTO.jpeg\" \/>\n\t<meta property=\"og:image:width\" content=\"1024\" \/>\n\t<meta property=\"og:image:height\" content=\"472\" \/>\n\t<meta property=\"og:image:type\" content=\"image\/jpeg\" \/>\n<meta name=\"author\" content=\"Jeanette\" \/>\n<meta name=\"twitter:card\" content=\"summary_large_image\" \/>\n<meta name=\"twitter:creator\" content=\"@eldiario_net\" \/>\n<meta name=\"twitter:site\" content=\"@eldiario_net\" \/>\n<meta name=\"twitter:label1\" content=\"Escrito por\" \/>\n\t<meta name=\"twitter:data1\" content=\"Jeanette\" \/>\n\t<meta name=\"twitter:label2\" content=\"Tiempo de lectura\" \/>\n\t<meta name=\"twitter:data2\" content=\"3 minutos\" \/>\n<script type=\"application\/ld+json\" class=\"yoast-schema-graph\">{\"@context\":\"https:\\\/\\\/schema.org\",\"@graph\":[{\"@type\":\"Article\",\"@id\":\"https:\\\/\\\/www.eldiario.net\\\/portal\\\/2024\\\/03\\\/14\\\/cierran-ruta-a-mallasa-y-desbordes-de-rios-afectan-a-4-sectores-de-la-zona-sur\\\/#article\",\"isPartOf\":{\"@id\":\"https:\\\/\\\/www.eldiario.net\\\/portal\\\/2024\\\/03\\\/14\\\/cierran-ruta-a-mallasa-y-desbordes-de-rios-afectan-a-4-sectores-de-la-zona-sur\\\/\"},\"author\":{\"name\":\"Jeanette\",\"@id\":\"https:\\\/\\\/www.eldiario.net\\\/portal\\\/#\\\/schema\\\/person\\\/2c57cf2b7a7ae032e449e4c9b1019eac\"},\"headline\":\"Cierran ruta a Mallasa y desbordes de r\u00edos afectan a 4 sectores de la zona Sur\",\"datePublished\":\"2024-03-14T10:14:16+00:00\",\"mainEntityOfPage\":{\"@id\":\"https:\\\/\\\/www.eldiario.net\\\/portal\\\/2024\\\/03\\\/14\\\/cierran-ruta-a-mallasa-y-desbordes-de-rios-afectan-a-4-sectores-de-la-zona-sur\\\/\"},\"wordCount\":600,\"commentCount\":0,\"publisher\":{\"@id\":\"https:\\\/\\\/www.eldiario.net\\\/portal\\\/#organization\"},\"image\":{\"@id\":\"https:\\\/\\\/www.eldiario.net\\\/portal\\\/2024\\\/03\\\/14\\\/cierran-ruta-a-mallasa-y-desbordes-de-rios-afectan-a-4-sectores-de-la-zona-sur\\\/#primaryimage\"},\"thumbnailUrl\":\"https:\\\/\\\/www.eldiario.net\\\/portal\\\/wp-content\\\/uploads\\\/2024\\\/03\\\/CIERRE-FOTO.jpeg\",\"articleSection\":[\"Nacional\"],\"inLanguage\":\"es\",\"potentialAction\":[{\"@type\":\"CommentAction\",\"name\":\"Comment\",\"target\":[\"https:\\\/\\\/www.eldiario.net\\\/portal\\\/2024\\\/03\\\/14\\\/cierran-ruta-a-mallasa-y-desbordes-de-rios-afectan-a-4-sectores-de-la-zona-sur\\\/#respond\"]}]},{\"@type\":\"WebPage\",\"@id\":\"https:\\\/\\\/www.eldiario.net\\\/portal\\\/2024\\\/03\\\/14\\\/cierran-ruta-a-mallasa-y-desbordes-de-rios-afectan-a-4-sectores-de-la-zona-sur\\\/\",\"url\":\"https:\\\/\\\/www.eldiario.net\\\/portal\\\/2024\\\/03\\\/14\\\/cierran-ruta-a-mallasa-y-desbordes-de-rios-afectan-a-4-sectores-de-la-zona-sur\\\/\",\"name\":\"Cierran ruta a Mallasa y desbordes de r\u00edos afectan a 4 sectores de la zona Sur - El Diario - Bolivia\",\"isPartOf\":{\"@id\":\"https:\\\/\\\/www.eldiario.net\\\/portal\\\/#website\"},\"primaryImageOfPage\":{\"@id\":\"https:\\\/\\\/www.eldiario.net\\\/portal\\\/2024\\\/03\\\/14\\\/cierran-ruta-a-mallasa-y-desbordes-de-rios-afectan-a-4-sectores-de-la-zona-sur\\\/#primaryimage\"},\"image\":{\"@id\":\"https:\\\/\\\/www.eldiario.net\\\/portal\\\/2024\\\/03\\\/14\\\/cierran-ruta-a-mallasa-y-desbordes-de-rios-afectan-a-4-sectores-de-la-zona-sur\\\/#primaryimage\"},\"thumbnailUrl\":\"https:\\\/\\\/www.eldiario.net\\\/portal\\\/wp-content\\\/uploads\\\/2024\\\/03\\\/CIERRE-FOTO.jpeg\",\"datePublished\":\"2024-03-14T10:14:16+00:00\",\"breadcrumb\":{\"@id\":\"https:\\\/\\\/www.eldiario.net\\\/portal\\\/2024\\\/03\\\/14\\\/cierran-ruta-a-mallasa-y-desbordes-de-rios-afectan-a-4-sectores-de-la-zona-sur\\\/#breadcrumb\"},\"inLanguage\":\"es\",\"potentialAction\":[{\"@type\":\"ReadAction\",\"target\":[\"https:\\\/\\\/www.eldiario.net\\\/portal\\\/2024\\\/03\\\/14\\\/cierran-ruta-a-mallasa-y-desbordes-de-rios-afectan-a-4-sectores-de-la-zona-sur\\\/\"]}]},{\"@type\":\"ImageObject\",\"inLanguage\":\"es\",\"@id\":\"https:\\\/\\\/www.eldiario.net\\\/portal\\\/2024\\\/03\\\/14\\\/cierran-ruta-a-mallasa-y-desbordes-de-rios-afectan-a-4-sectores-de-la-zona-sur\\\/#primaryimage\",\"url\":\"https:\\\/\\\/www.eldiario.net\\\/portal\\\/wp-content\\\/uploads\\\/2024\\\/03\\\/CIERRE-FOTO.jpeg\",\"contentUrl\":\"https:\\\/\\\/www.eldiario.net\\\/portal\\\/wp-content\\\/uploads\\\/2024\\\/03\\\/CIERRE-FOTO.jpeg\",\"width\":1024,\"height\":472,\"caption\":\"El nivel de los r\u00edos increment\u00f3 debido a la torrencial lluvia registrada en las recientes horas. Cr\u00e9dito: Gamlp\"},{\"@type\":\"BreadcrumbList\",\"@id\":\"https:\\\/\\\/www.eldiario.net\\\/portal\\\/2024\\\/03\\\/14\\\/cierran-ruta-a-mallasa-y-desbordes-de-rios-afectan-a-4-sectores-de-la-zona-sur\\\/#breadcrumb\",\"itemListElement\":[{\"@type\":\"ListItem\",\"position\":1,\"name\":\"Portada\",\"item\":\"https:\\\/\\\/www.eldiario.net\\\/portal\\\/\"},{\"@type\":\"ListItem\",\"position\":2,\"name\":\"Cierran ruta a Mallasa y desbordes de r\u00edos afectan a 4 sectores de la zona Sur\"}]},{\"@type\":\"WebSite\",\"@id\":\"https:\\\/\\\/www.eldiario.net\\\/portal\\\/#website\",\"url\":\"https:\\\/\\\/www.eldiario.net\\\/portal\\\/\",\"name\":\"El Diario - Decano de la prensa nacional\",\"description\":\"El Diario - Decano de la prensa nacional\",\"publisher\":{\"@id\":\"https:\\\/\\\/www.eldiario.net\\\/portal\\\/#organization\"},\"potentialAction\":[{\"@type\":\"SearchAction\",\"target\":{\"@type\":\"EntryPoint\",\"urlTemplate\":\"https:\\\/\\\/www.eldiario.net\\\/portal\\\/?s={search_term_string}\"},\"query-input\":{\"@type\":\"PropertyValueSpecification\",\"valueRequired\":true,\"valueName\":\"search_term_string\"}}],\"inLanguage\":\"es\"},{\"@type\":\"Organization\",\"@id\":\"https:\\\/\\\/www.eldiario.net\\\/portal\\\/#organization\",\"name\":\"El Diario - Decano de la prensa nacional\",\"url\":\"https:\\\/\\\/www.eldiario.net\\\/portal\\\/\",\"logo\":{\"@type\":\"ImageObject\",\"inLanguage\":\"es\",\"@id\":\"https:\\\/\\\/www.eldiario.net\\\/portal\\\/#\\\/schema\\\/logo\\\/image\\\/\",\"url\":\"https:\\\/\\\/www.eldiario.net\\\/portal\\\/wp-content\\\/uploads\\\/2023\\\/07\\\/logo_ED.jpg\",\"contentUrl\":\"https:\\\/\\\/www.eldiario.net\\\/portal\\\/wp-content\\\/uploads\\\/2023\\\/07\\\/logo_ED.jpg\",\"width\":272,\"height\":52,\"caption\":\"El Diario - Decano de la prensa nacional\"},\"image\":{\"@id\":\"https:\\\/\\\/www.eldiario.net\\\/portal\\\/#\\\/schema\\\/logo\\\/image\\\/\"},\"sameAs\":[\"https:\\\/\\\/www.facebook.com\\\/eldiario.bolivia\\\/\",\"https:\\\/\\\/x.com\\\/eldiario_net\"]},{\"@type\":\"Person\",\"@id\":\"https:\\\/\\\/www.eldiario.net\\\/portal\\\/#\\\/schema\\\/person\\\/2c57cf2b7a7ae032e449e4c9b1019eac\",\"name\":\"Jeanette\",\"image\":{\"@type\":\"ImageObject\",\"inLanguage\":\"es\",\"@id\":\"https:\\\/\\\/secure.gravatar.com\\\/avatar\\\/3ea2118a5f7dad2b7138b1187a6b7ee55f160b9968b66013c3a3ef39dd7e5798?s=96&d=mm&r=g\",\"url\":\"https:\\\/\\\/secure.gravatar.com\\\/avatar\\\/3ea2118a5f7dad2b7138b1187a6b7ee55f160b9968b66013c3a3ef39dd7e5798?s=96&d=mm&r=g\",\"contentUrl\":\"https:\\\/\\\/secure.gravatar.com\\\/avatar\\\/3ea2118a5f7dad2b7138b1187a6b7ee55f160b9968b66013c3a3ef39dd7e5798?s=96&d=mm&r=g\",\"caption\":\"Jeanette\"},\"sameAs\":[\"https:\\\/\\\/www.eldiario.net\\\/portal\"],\"url\":\"https:\\\/\\\/www.eldiario.net\\\/portal\\\/author\\\/jeanette\\\/\"}]}<\/script>\n<!-- \/ Yoast SEO plugin. -->","yoast_head_json":{"title":"Cierran ruta a Mallasa y desbordes de r\u00edos afectan a 4 sectores de la zona Sur - El Diario - Bolivia","robots":{"index":"index","follow":"follow","max-snippet":"max-snippet:-1","max-image-preview":"max-image-preview:large","max-video-preview":"max-video-preview:-1"},"canonical":"https:\/\/www.eldiario.net\/portal\/2024\/03\/14\/cierran-ruta-a-mallasa-y-desbordes-de-rios-afectan-a-4-sectores-de-la-zona-sur\/","og_locale":"es_ES","og_type":"article","og_title":"Cierran ruta a Mallasa y desbordes de r\u00edos afectan a 4 sectores de la zona Sur - El Diario - Bolivia","og_description":"Debido a la intensa lluvia que caus\u00f3 el rebalse de los r\u00edos La Paz y Choqueyapu , autoridades ediles informaron que la ruta a Mallasa qued\u00f3 nuevamente cerrada, adem\u00e1s las calles cero y 17 de Obrajes, la plaza de la Mujer de Bajo Seg\u00fcencoma y el puente Amor de Dios tambi\u00e9n quedaron afectados. Asimismo, se [&hellip;]","og_url":"https:\/\/www.eldiario.net\/portal\/2024\/03\/14\/cierran-ruta-a-mallasa-y-desbordes-de-rios-afectan-a-4-sectores-de-la-zona-sur\/","og_site_name":"El Diario - Bolivia","article_publisher":"https:\/\/www.facebook.com\/eldiario.bolivia\/","article_published_time":"2024-03-14T10:14:16+00:00","og_image":[{"width":1024,"height":472,"url":"https:\/\/www.eldiario.net\/portal\/wp-content\/uploads\/2024\/03\/CIERRE-FOTO.jpeg","type":"image\/jpeg"}],"author":"Jeanette","twitter_card":"summary_large_image","twitter_creator":"@eldiario_net","twitter_site":"@eldiario_net","twitter_misc":{"Escrito por":"Jeanette","Tiempo de lectura":"3 minutos"},"schema":{"@context":"https:\/\/schema.org","@graph":[{"@type":"Article","@id":"https:\/\/www.eldiario.net\/portal\/2024\/03\/14\/cierran-ruta-a-mallasa-y-desbordes-de-rios-afectan-a-4-sectores-de-la-zona-sur\/#article","isPartOf":{"@id":"https:\/\/www.eldiario.net\/portal\/2024\/03\/14\/cierran-ruta-a-mallasa-y-desbordes-de-rios-afectan-a-4-sectores-de-la-zona-sur\/"},"author":{"name":"Jeanette","@id":"https:\/\/www.eldiario.net\/portal\/#\/schema\/person\/2c57cf2b7a7ae032e449e4c9b1019eac"},"headline":"Cierran ruta a Mallasa y desbordes de r\u00edos afectan a 4 sectores de la zona Sur","datePublished":"2024-03-14T10:14:16+00:00","mainEntityOfPage":{"@id":"https:\/\/www.eldiario.net\/portal\/2024\/03\/14\/cierran-ruta-a-mallasa-y-desbordes-de-rios-afectan-a-4-sectores-de-la-zona-sur\/"},"wordCount":600,"commentCount":0,"publisher":{"@id":"https:\/\/www.eldiario.net\/portal\/#organization"},"image":{"@id":"https:\/\/www.eldiario.net\/portal\/2024\/03\/14\/cierran-ruta-a-mallasa-y-desbordes-de-rios-afectan-a-4-sectores-de-la-zona-sur\/#primaryimage"},"thumbnailUrl":"https:\/\/www.eldiario.net\/portal\/wp-content\/uploads\/2024\/03\/CIERRE-FOTO.jpeg","articleSection":["Nacional"],"inLanguage":"es","potentialAction":[{"@type":"CommentAction","name":"Comment","target":["https:\/\/www.eldiario.net\/portal\/2024\/03\/14\/cierran-ruta-a-mallasa-y-desbordes-de-rios-afectan-a-4-sectores-de-la-zona-sur\/#respond"]}]},{"@type":"WebPage","@id":"https:\/\/www.eldiario.net\/portal\/2024\/03\/14\/cierran-ruta-a-mallasa-y-desbordes-de-rios-afectan-a-4-sectores-de-la-zona-sur\/","url":"https:\/\/www.eldiario.net\/portal\/2024\/03\/14\/cierran-ruta-a-mallasa-y-desbordes-de-rios-afectan-a-4-sectores-de-la-zona-sur\/","name":"Cierran ruta a Mallasa y desbordes de r\u00edos afectan a 4 sectores de la zona Sur - El Diario - Bolivia","isPartOf":{"@id":"https:\/\/www.eldiario.net\/portal\/#website"},"primaryImageOfPage":{"@id":"https:\/\/www.eldiario.net\/portal\/2024\/03\/14\/cierran-ruta-a-mallasa-y-desbordes-de-rios-afectan-a-4-sectores-de-la-zona-sur\/#primaryimage"},"image":{"@id":"https:\/\/www.eldiario.net\/portal\/2024\/03\/14\/cierran-ruta-a-mallasa-y-desbordes-de-rios-afectan-a-4-sectores-de-la-zona-sur\/#primaryimage"},"thumbnailUrl":"https:\/\/www.eldiario.net\/portal\/wp-content\/uploads\/2024\/03\/CIERRE-FOTO.jpeg","datePublished":"2024-03-14T10:14:16+00:00","breadcrumb":{"@id":"https:\/\/www.eldiario.net\/portal\/2024\/03\/14\/cierran-ruta-a-mallasa-y-desbordes-de-rios-afectan-a-4-sectores-de-la-zona-sur\/#breadcrumb"},"inLanguage":"es","potentialAction":[{"@type":"ReadAction","target":["https:\/\/www.eldiario.net\/portal\/2024\/03\/14\/cierran-ruta-a-mallasa-y-desbordes-de-rios-afectan-a-4-sectores-de-la-zona-sur\/"]}]},{"@type":"ImageObject","inLanguage":"es","@id":"https:\/\/www.eldiario.net\/portal\/2024\/03\/14\/cierran-ruta-a-mallasa-y-desbordes-de-rios-afectan-a-4-sectores-de-la-zona-sur\/#primaryimage","url":"https:\/\/www.eldiario.net\/portal\/wp-content\/uploads\/2024\/03\/CIERRE-FOTO.jpeg","contentUrl":"https:\/\/www.eldiario.net\/portal\/wp-content\/uploads\/2024\/03\/CIERRE-FOTO.jpeg","width":1024,"height":472,"caption":"El nivel de los r\u00edos increment\u00f3 debido a la torrencial lluvia registrada en las recientes horas. Cr\u00e9dito: Gamlp"},{"@type":"BreadcrumbList","@id":"https:\/\/www.eldiario.net\/portal\/2024\/03\/14\/cierran-ruta-a-mallasa-y-desbordes-de-rios-afectan-a-4-sectores-de-la-zona-sur\/#breadcrumb","itemListElement":[{"@type":"ListItem","position":1,"name":"Portada","item":"https:\/\/www.eldiario.net\/portal\/"},{"@type":"ListItem","position":2,"name":"Cierran ruta a Mallasa y desbordes de r\u00edos afectan a 4 sectores de la zona Sur"}]},{"@type":"WebSite","@id":"https:\/\/www.eldiario.net\/portal\/#website","url":"https:\/\/www.eldiario.net\/portal\/","name":"El Diario - Decano de la prensa nacional","description":"El Diario - Decano de la prensa nacional","publisher":{"@id":"https:\/\/www.eldiario.net\/portal\/#organization"},"potentialAction":[{"@type":"SearchAction","target":{"@type":"EntryPoint","urlTemplate":"https:\/\/www.eldiario.net\/portal\/?s={search_term_string}"},"query-input":{"@type":"PropertyValueSpecification","valueRequired":true,"valueName":"search_term_string"}}],"inLanguage":"es"},{"@type":"Organization","@id":"https:\/\/www.eldiario.net\/portal\/#organization","name":"El Diario - Decano de la prensa nacional","url":"https:\/\/www.eldiario.net\/portal\/","logo":{"@type":"ImageObject","inLanguage":"es","@id":"https:\/\/www.eldiario.net\/portal\/#\/schema\/logo\/image\/","url":"https:\/\/www.eldiario.net\/portal\/wp-content\/uploads\/2023\/07\/logo_ED.jpg","contentUrl":"https:\/\/www.eldiario.net\/portal\/wp-content\/uploads\/2023\/07\/logo_ED.jpg","width":272,"height":52,"caption":"El Diario - Decano de la prensa nacional"},"image":{"@id":"https:\/\/www.eldiario.net\/portal\/#\/schema\/logo\/image\/"},"sameAs":["https:\/\/www.facebook.com\/eldiario.bolivia\/","https:\/\/x.com\/eldiario_net"]},{"@type":"Person","@id":"https:\/\/www.eldiario.net\/portal\/#\/schema\/person\/2c57cf2b7a7ae032e449e4c9b1019eac","name":"Jeanette","image":{"@type":"ImageObject","inLanguage":"es","@id":"https:\/\/secure.gravatar.com\/avatar\/3ea2118a5f7dad2b7138b1187a6b7ee55f160b9968b66013c3a3ef39dd7e5798?s=96&d=mm&r=g","url":"https:\/\/secure.gravatar.com\/avatar\/3ea2118a5f7dad2b7138b1187a6b7ee55f160b9968b66013c3a3ef39dd7e5798?s=96&d=mm&r=g","contentUrl":"https:\/\/secure.gravatar.com\/avatar\/3ea2118a5f7dad2b7138b1187a6b7ee55f160b9968b66013c3a3ef39dd7e5798?s=96&d=mm&r=g","caption":"Jeanette"},"sameAs":["https:\/\/www.eldiario.net\/portal"],"url":"https:\/\/www.eldiario.net\/portal\/author\/jeanette\/"}]}},"_links":{"self":[{"href":"https:\/\/www.eldiario.net\/portal\/wp-json\/wp\/v2\/posts\/208116","targetHints":{"allow":["GET"]}}],"collection":[{"href":"https:\/\/www.eldiario.net\/portal\/wp-json\/wp\/v2\/posts"}],"about":[{"href":"https:\/\/www.eldiario.net\/portal\/wp-json\/wp\/v2\/types\/post"}],"author":[{"embeddable":true,"href":"https:\/\/www.eldiario.net\/portal\/wp-json\/wp\/v2\/users\/1"}],"replies":[{"embeddable":true,"href":"https:\/\/www.eldiario.net\/portal\/wp-json\/wp\/v2\/comments?post=208116"}],"version-history":[{"count":1,"href":"https:\/\/www.eldiario.net\/portal\/wp-json\/wp\/v2\/posts\/208116\/revisions"}],"predecessor-version":[{"id":208118,"href":"https:\/\/www.eldiario.net\/portal\/wp-json\/wp\/v2\/posts\/208116\/revisions\/208118"}],"wp:featuredmedia":[{"embeddable":true,"href":"https:\/\/www.eldiario.net\/portal\/wp-json\/wp\/v2\/media\/208117"}],"wp:attachment":[{"href":"https:\/\/www.eldiario.net\/portal\/wp-json\/wp\/v2\/media?parent=208116"}],"wp:term":[{"taxonomy":"category","embeddable":true,"href":"https:\/\/www.eldiario.net\/portal\/wp-json\/wp\/v2\/categories?post=208116"},{"taxonomy":"post_tag","embeddable":true,"href":"https:\/\/www.eldiario.net\/portal\/wp-json\/wp\/v2\/tags?post=208116"}],"curies":[{"name":"wp","href":"https:\/\/api.w.org\/{rel}","templated":true}]}}