{"id":207971,"date":"2024-03-13T06:22:09","date_gmt":"2024-03-13T10:22:09","guid":{"rendered":"https:\/\/www.eldiario.net\/portal\/?p=207971"},"modified":"2024-03-13T06:22:09","modified_gmt":"2024-03-13T10:22:09","slug":"mas-de-80-000-hectareas-afectadas-en-todo-el-pais-por-cambio-climatico","status":"publish","type":"post","link":"https:\/\/www.eldiario.net\/portal\/2024\/03\/13\/mas-de-80-000-hectareas-afectadas-en-todo-el-pais-por-cambio-climatico\/","title":{"rendered":"M\u00e1s de 80.000 hect\u00e1reas afectadas  en todo el pa\u00eds por cambio clim\u00e1tico"},"content":{"rendered":"<p>La afectaci\u00f3n por los fen\u00f3menos climatol\u00f3gicos alcanz\u00f3 a m\u00e1s de 80.000 hect\u00e1reas a nivel nacional, de acuerdo a informaci\u00f3n del viceministro de Desarrollo Agropecuario, \u00c1lvaro Mollinedo. La p\u00e9rdida de cultivos tendr\u00e1 su incidencia en el Producto Interno Bruto (PIB).<br \/>\nDe acuerdo a la autoridad, la sequ\u00eda afect\u00f3 a 56 mil hect\u00e1reas, por incendio 20.000 hect\u00e1reas, por granizadas 4.818 hect\u00e1reas e inundaciones 4.223 hect\u00e1reas, a nivel nacional.<br \/>\nA pesar de ese panorama adverso, el viceministro asegur\u00f3 que la afectaci\u00f3n por los fen\u00f3menos climatol\u00f3gicos \u201cno es significativa\u201d y el Gobierno garantiza la seguridad alimentaria y el apoyo a los peque\u00f1os y medianos productores afectados.<br \/>\n\u201cPor inundaci\u00f3n tenemos 4.223 hect\u00e1reas afectadas y por granizada 4.818 hect\u00e1reas, significa un 11% de afectaci\u00f3n a las zonas de cultivos (\u2026). Como Ministerio de Desarrollo Rural y Tierras (MDRyT), haciendo las evaluaciones de las zonas potenciales productivas, la afectaci\u00f3n no es significativa, por lo que se garantiza la seguridad alimentaria de los bolivianos y bolivianas\u201d, dijo, citado en un reporte institucional.<br \/>\nLa autoridad explic\u00f3 que los departamentos que est\u00e1n siendo mayormente afectados, por las inundaciones y granizadas son siete: La Paz, Cochabamba, Oruro, Potos\u00ed, Chuquisaca, Santa Cruz y Pando.<br \/>\nAsimismo, en algunas zonas de Potos\u00ed, Tarija y Santa Cruz, afectadas por la sequ\u00eda, el Gobierno nacional tiene previsto realizar el bombardeo de nubes para que se pueda tener precipitaciones pluviales.<br \/>\nA trav\u00e9s del MDRyT, el Gobierno nacional viene atendiendo a los productores afectados, a trav\u00e9s del denominado \u201cPlan de Respuesta Inmediata a la Sequ\u00eda, Agua para la Vida, Agua para la Producci\u00f3n\u201d.<\/p>\n","protected":false},"excerpt":{"rendered":"<p>La afectaci\u00f3n por los fen\u00f3menos climatol\u00f3gicos alcanz\u00f3 a m\u00e1s de 80.000 hect\u00e1reas a nivel nacional, de acuerdo a informaci\u00f3n del viceministro de Desarrollo Agropecuario, \u00c1lvaro Mollinedo. La p\u00e9rdida de cultivos tendr\u00e1 su incidencia en el Producto Interno Bruto (PIB). De acuerdo a la autoridad, la sequ\u00eda afect\u00f3 a 56 mil hect\u00e1reas, por incendio 20.000 hect\u00e1reas, [&hellip;]<\/p>\n","protected":false},"author":1,"featured_media":194689,"comment_status":"open","ping_status":"open","sticky":false,"template":"","format":"standard","meta":{"_acf_changed":false,"footnotes":""},"categories":[7],"tags":[],"class_list":["post-207971","post","type-post","status-publish","format-standard","has-post-thumbnail","category-economia"],"acf":{"antetitulo":""},"yoast_head":"<!-- This site is optimized with the Yoast SEO plugin v28.4 - https:\/\/yoast.com\/product\/yoast-seo-wordpress\/ -->\n<title>M\u00e1s de 80.000 hect\u00e1reas afectadas en todo el pa\u00eds por cambio clim\u00e1tico - El Diario - Bolivia<\/title>\n<meta name=\"robots\" content=\"index, follow, max-snippet:-1, max-image-preview:large, max-video-preview:-1\" \/>\n<link rel=\"canonical\" href=\"https:\/\/www.eldiario.net\/portal\/2024\/03\/13\/mas-de-80-000-hectareas-afectadas-en-todo-el-pais-por-cambio-climatico\/\" \/>\n<meta property=\"og:locale\" content=\"es_ES\" \/>\n<meta property=\"og:type\" content=\"article\" \/>\n<meta property=\"og:title\" content=\"M\u00e1s de 80.000 hect\u00e1reas afectadas en todo el pa\u00eds por cambio clim\u00e1tico - El Diario - Bolivia\" \/>\n<meta property=\"og:description\" content=\"La afectaci\u00f3n por los fen\u00f3menos climatol\u00f3gicos alcanz\u00f3 a m\u00e1s de 80.000 hect\u00e1reas a nivel nacional, de acuerdo a informaci\u00f3n del viceministro de Desarrollo Agropecuario, \u00c1lvaro Mollinedo. La p\u00e9rdida de cultivos tendr\u00e1 su incidencia en el Producto Interno Bruto (PIB). De acuerdo a la autoridad, la sequ\u00eda afect\u00f3 a 56 mil hect\u00e1reas, por incendio 20.000 hect\u00e1reas, [&hellip;]\" \/>\n<meta property=\"og:url\" content=\"https:\/\/www.eldiario.net\/portal\/2024\/03\/13\/mas-de-80-000-hectareas-afectadas-en-todo-el-pais-por-cambio-climatico\/\" \/>\n<meta property=\"og:site_name\" content=\"El Diario - Bolivia\" \/>\n<meta property=\"article:publisher\" content=\"https:\/\/www.facebook.com\/eldiario.bolivia\/\" \/>\n<meta property=\"article:published_time\" content=\"2024-03-13T10:22:09+00:00\" \/>\n<meta property=\"og:image\" content=\"https:\/\/www.eldiario.net\/portal\/wp-content\/uploads\/2023\/12\/Economia.jpg\" \/>\n\t<meta property=\"og:image:width\" content=\"800\" \/>\n\t<meta property=\"og:image:height\" content=\"500\" \/>\n\t<meta property=\"og:image:type\" content=\"image\/jpeg\" \/>\n<meta name=\"author\" content=\"Jeanette\" \/>\n<meta name=\"twitter:card\" content=\"summary_large_image\" \/>\n<meta name=\"twitter:creator\" content=\"@eldiario_net\" \/>\n<meta name=\"twitter:site\" content=\"@eldiario_net\" \/>\n<meta name=\"twitter:label1\" content=\"Escrito por\" \/>\n\t<meta name=\"twitter:data1\" content=\"Jeanette\" \/>\n\t<meta name=\"twitter:label2\" content=\"Tiempo de lectura\" \/>\n\t<meta name=\"twitter:data2\" content=\"2 minutos\" \/>\n<script type=\"application\/ld+json\" class=\"yoast-schema-graph\">{\"@context\":\"https:\\\/\\\/schema.org\",\"@graph\":[{\"@type\":\"Article\",\"@id\":\"https:\\\/\\\/www.eldiario.net\\\/portal\\\/2024\\\/03\\\/13\\\/mas-de-80-000-hectareas-afectadas-en-todo-el-pais-por-cambio-climatico\\\/#article\",\"isPartOf\":{\"@id\":\"https:\\\/\\\/www.eldiario.net\\\/portal\\\/2024\\\/03\\\/13\\\/mas-de-80-000-hectareas-afectadas-en-todo-el-pais-por-cambio-climatico\\\/\"},\"author\":{\"name\":\"Jeanette\",\"@id\":\"https:\\\/\\\/www.eldiario.net\\\/portal\\\/#\\\/schema\\\/person\\\/2c57cf2b7a7ae032e449e4c9b1019eac\"},\"headline\":\"M\u00e1s de 80.000 hect\u00e1reas afectadas en todo el pa\u00eds por cambio clim\u00e1tico\",\"datePublished\":\"2024-03-13T10:22:09+00:00\",\"mainEntityOfPage\":{\"@id\":\"https:\\\/\\\/www.eldiario.net\\\/portal\\\/2024\\\/03\\\/13\\\/mas-de-80-000-hectareas-afectadas-en-todo-el-pais-por-cambio-climatico\\\/\"},\"wordCount\":288,\"commentCount\":0,\"publisher\":{\"@id\":\"https:\\\/\\\/www.eldiario.net\\\/portal\\\/#organization\"},\"image\":{\"@id\":\"https:\\\/\\\/www.eldiario.net\\\/portal\\\/2024\\\/03\\\/13\\\/mas-de-80-000-hectareas-afectadas-en-todo-el-pais-por-cambio-climatico\\\/#primaryimage\"},\"thumbnailUrl\":\"https:\\\/\\\/www.eldiario.net\\\/portal\\\/wp-content\\\/uploads\\\/2023\\\/12\\\/Economia.jpg\",\"articleSection\":[\"Econom\u00eda\"],\"inLanguage\":\"es\",\"potentialAction\":[{\"@type\":\"CommentAction\",\"name\":\"Comment\",\"target\":[\"https:\\\/\\\/www.eldiario.net\\\/portal\\\/2024\\\/03\\\/13\\\/mas-de-80-000-hectareas-afectadas-en-todo-el-pais-por-cambio-climatico\\\/#respond\"]}]},{\"@type\":\"WebPage\",\"@id\":\"https:\\\/\\\/www.eldiario.net\\\/portal\\\/2024\\\/03\\\/13\\\/mas-de-80-000-hectareas-afectadas-en-todo-el-pais-por-cambio-climatico\\\/\",\"url\":\"https:\\\/\\\/www.eldiario.net\\\/portal\\\/2024\\\/03\\\/13\\\/mas-de-80-000-hectareas-afectadas-en-todo-el-pais-por-cambio-climatico\\\/\",\"name\":\"M\u00e1s de 80.000 hect\u00e1reas afectadas en todo el pa\u00eds por cambio clim\u00e1tico - El Diario - Bolivia\",\"isPartOf\":{\"@id\":\"https:\\\/\\\/www.eldiario.net\\\/portal\\\/#website\"},\"primaryImageOfPage\":{\"@id\":\"https:\\\/\\\/www.eldiario.net\\\/portal\\\/2024\\\/03\\\/13\\\/mas-de-80-000-hectareas-afectadas-en-todo-el-pais-por-cambio-climatico\\\/#primaryimage\"},\"image\":{\"@id\":\"https:\\\/\\\/www.eldiario.net\\\/portal\\\/2024\\\/03\\\/13\\\/mas-de-80-000-hectareas-afectadas-en-todo-el-pais-por-cambio-climatico\\\/#primaryimage\"},\"thumbnailUrl\":\"https:\\\/\\\/www.eldiario.net\\\/portal\\\/wp-content\\\/uploads\\\/2023\\\/12\\\/Economia.jpg\",\"datePublished\":\"2024-03-13T10:22:09+00:00\",\"breadcrumb\":{\"@id\":\"https:\\\/\\\/www.eldiario.net\\\/portal\\\/2024\\\/03\\\/13\\\/mas-de-80-000-hectareas-afectadas-en-todo-el-pais-por-cambio-climatico\\\/#breadcrumb\"},\"inLanguage\":\"es\",\"potentialAction\":[{\"@type\":\"ReadAction\",\"target\":[\"https:\\\/\\\/www.eldiario.net\\\/portal\\\/2024\\\/03\\\/13\\\/mas-de-80-000-hectareas-afectadas-en-todo-el-pais-por-cambio-climatico\\\/\"]}]},{\"@type\":\"ImageObject\",\"inLanguage\":\"es\",\"@id\":\"https:\\\/\\\/www.eldiario.net\\\/portal\\\/2024\\\/03\\\/13\\\/mas-de-80-000-hectareas-afectadas-en-todo-el-pais-por-cambio-climatico\\\/#primaryimage\",\"url\":\"https:\\\/\\\/www.eldiario.net\\\/portal\\\/wp-content\\\/uploads\\\/2023\\\/12\\\/Economia.jpg\",\"contentUrl\":\"https:\\\/\\\/www.eldiario.net\\\/portal\\\/wp-content\\\/uploads\\\/2023\\\/12\\\/Economia.jpg\",\"width\":800,\"height\":500},{\"@type\":\"BreadcrumbList\",\"@id\":\"https:\\\/\\\/www.eldiario.net\\\/portal\\\/2024\\\/03\\\/13\\\/mas-de-80-000-hectareas-afectadas-en-todo-el-pais-por-cambio-climatico\\\/#breadcrumb\",\"itemListElement\":[{\"@type\":\"ListItem\",\"position\":1,\"name\":\"Portada\",\"item\":\"https:\\\/\\\/www.eldiario.net\\\/portal\\\/\"},{\"@type\":\"ListItem\",\"position\":2,\"name\":\"M\u00e1s de 80.000 hect\u00e1reas afectadas en todo el pa\u00eds por cambio clim\u00e1tico\"}]},{\"@type\":\"WebSite\",\"@id\":\"https:\\\/\\\/www.eldiario.net\\\/portal\\\/#website\",\"url\":\"https:\\\/\\\/www.eldiario.net\\\/portal\\\/\",\"name\":\"El Diario - Decano de la prensa nacional\",\"description\":\"El Diario - Decano de la prensa nacional\",\"publisher\":{\"@id\":\"https:\\\/\\\/www.eldiario.net\\\/portal\\\/#organization\"},\"potentialAction\":[{\"@type\":\"SearchAction\",\"target\":{\"@type\":\"EntryPoint\",\"urlTemplate\":\"https:\\\/\\\/www.eldiario.net\\\/portal\\\/?s={search_term_string}\"},\"query-input\":{\"@type\":\"PropertyValueSpecification\",\"valueRequired\":true,\"valueName\":\"search_term_string\"}}],\"inLanguage\":\"es\"},{\"@type\":\"Organization\",\"@id\":\"https:\\\/\\\/www.eldiario.net\\\/portal\\\/#organization\",\"name\":\"El Diario - Decano de la prensa nacional\",\"url\":\"https:\\\/\\\/www.eldiario.net\\\/portal\\\/\",\"logo\":{\"@type\":\"ImageObject\",\"inLanguage\":\"es\",\"@id\":\"https:\\\/\\\/www.eldiario.net\\\/portal\\\/#\\\/schema\\\/logo\\\/image\\\/\",\"url\":\"https:\\\/\\\/www.eldiario.net\\\/portal\\\/wp-content\\\/uploads\\\/2023\\\/07\\\/logo_ED.jpg\",\"contentUrl\":\"https:\\\/\\\/www.eldiario.net\\\/portal\\\/wp-content\\\/uploads\\\/2023\\\/07\\\/logo_ED.jpg\",\"width\":272,\"height\":52,\"caption\":\"El Diario - Decano de la prensa nacional\"},\"image\":{\"@id\":\"https:\\\/\\\/www.eldiario.net\\\/portal\\\/#\\\/schema\\\/logo\\\/image\\\/\"},\"sameAs\":[\"https:\\\/\\\/www.facebook.com\\\/eldiario.bolivia\\\/\",\"https:\\\/\\\/x.com\\\/eldiario_net\"]},{\"@type\":\"Person\",\"@id\":\"https:\\\/\\\/www.eldiario.net\\\/portal\\\/#\\\/schema\\\/person\\\/2c57cf2b7a7ae032e449e4c9b1019eac\",\"name\":\"Jeanette\",\"image\":{\"@type\":\"ImageObject\",\"inLanguage\":\"es\",\"@id\":\"https:\\\/\\\/secure.gravatar.com\\\/avatar\\\/3ea2118a5f7dad2b7138b1187a6b7ee55f160b9968b66013c3a3ef39dd7e5798?s=96&d=mm&r=g\",\"url\":\"https:\\\/\\\/secure.gravatar.com\\\/avatar\\\/3ea2118a5f7dad2b7138b1187a6b7ee55f160b9968b66013c3a3ef39dd7e5798?s=96&d=mm&r=g\",\"contentUrl\":\"https:\\\/\\\/secure.gravatar.com\\\/avatar\\\/3ea2118a5f7dad2b7138b1187a6b7ee55f160b9968b66013c3a3ef39dd7e5798?s=96&d=mm&r=g\",\"caption\":\"Jeanette\"},\"sameAs\":[\"https:\\\/\\\/www.eldiario.net\\\/portal\"],\"url\":\"https:\\\/\\\/www.eldiario.net\\\/portal\\\/author\\\/jeanette\\\/\"}]}<\/script>\n<!-- \/ Yoast SEO plugin. -->","yoast_head_json":{"title":"M\u00e1s de 80.000 hect\u00e1reas afectadas en todo el pa\u00eds por cambio clim\u00e1tico - El Diario - Bolivia","robots":{"index":"index","follow":"follow","max-snippet":"max-snippet:-1","max-image-preview":"max-image-preview:large","max-video-preview":"max-video-preview:-1"},"canonical":"https:\/\/www.eldiario.net\/portal\/2024\/03\/13\/mas-de-80-000-hectareas-afectadas-en-todo-el-pais-por-cambio-climatico\/","og_locale":"es_ES","og_type":"article","og_title":"M\u00e1s de 80.000 hect\u00e1reas afectadas en todo el pa\u00eds por cambio clim\u00e1tico - El Diario - Bolivia","og_description":"La afectaci\u00f3n por los fen\u00f3menos climatol\u00f3gicos alcanz\u00f3 a m\u00e1s de 80.000 hect\u00e1reas a nivel nacional, de acuerdo a informaci\u00f3n del viceministro de Desarrollo Agropecuario, \u00c1lvaro Mollinedo. La p\u00e9rdida de cultivos tendr\u00e1 su incidencia en el Producto Interno Bruto (PIB). De acuerdo a la autoridad, la sequ\u00eda afect\u00f3 a 56 mil hect\u00e1reas, por incendio 20.000 hect\u00e1reas, [&hellip;]","og_url":"https:\/\/www.eldiario.net\/portal\/2024\/03\/13\/mas-de-80-000-hectareas-afectadas-en-todo-el-pais-por-cambio-climatico\/","og_site_name":"El Diario - Bolivia","article_publisher":"https:\/\/www.facebook.com\/eldiario.bolivia\/","article_published_time":"2024-03-13T10:22:09+00:00","og_image":[{"width":800,"height":500,"url":"https:\/\/www.eldiario.net\/portal\/wp-content\/uploads\/2023\/12\/Economia.jpg","type":"image\/jpeg"}],"author":"Jeanette","twitter_card":"summary_large_image","twitter_creator":"@eldiario_net","twitter_site":"@eldiario_net","twitter_misc":{"Escrito por":"Jeanette","Tiempo de lectura":"2 minutos"},"schema":{"@context":"https:\/\/schema.org","@graph":[{"@type":"Article","@id":"https:\/\/www.eldiario.net\/portal\/2024\/03\/13\/mas-de-80-000-hectareas-afectadas-en-todo-el-pais-por-cambio-climatico\/#article","isPartOf":{"@id":"https:\/\/www.eldiario.net\/portal\/2024\/03\/13\/mas-de-80-000-hectareas-afectadas-en-todo-el-pais-por-cambio-climatico\/"},"author":{"name":"Jeanette","@id":"https:\/\/www.eldiario.net\/portal\/#\/schema\/person\/2c57cf2b7a7ae032e449e4c9b1019eac"},"headline":"M\u00e1s de 80.000 hect\u00e1reas afectadas en todo el pa\u00eds por cambio clim\u00e1tico","datePublished":"2024-03-13T10:22:09+00:00","mainEntityOfPage":{"@id":"https:\/\/www.eldiario.net\/portal\/2024\/03\/13\/mas-de-80-000-hectareas-afectadas-en-todo-el-pais-por-cambio-climatico\/"},"wordCount":288,"commentCount":0,"publisher":{"@id":"https:\/\/www.eldiario.net\/portal\/#organization"},"image":{"@id":"https:\/\/www.eldiario.net\/portal\/2024\/03\/13\/mas-de-80-000-hectareas-afectadas-en-todo-el-pais-por-cambio-climatico\/#primaryimage"},"thumbnailUrl":"https:\/\/www.eldiario.net\/portal\/wp-content\/uploads\/2023\/12\/Economia.jpg","articleSection":["Econom\u00eda"],"inLanguage":"es","potentialAction":[{"@type":"CommentAction","name":"Comment","target":["https:\/\/www.eldiario.net\/portal\/2024\/03\/13\/mas-de-80-000-hectareas-afectadas-en-todo-el-pais-por-cambio-climatico\/#respond"]}]},{"@type":"WebPage","@id":"https:\/\/www.eldiario.net\/portal\/2024\/03\/13\/mas-de-80-000-hectareas-afectadas-en-todo-el-pais-por-cambio-climatico\/","url":"https:\/\/www.eldiario.net\/portal\/2024\/03\/13\/mas-de-80-000-hectareas-afectadas-en-todo-el-pais-por-cambio-climatico\/","name":"M\u00e1s de 80.000 hect\u00e1reas afectadas en todo el pa\u00eds por cambio clim\u00e1tico - El Diario - Bolivia","isPartOf":{"@id":"https:\/\/www.eldiario.net\/portal\/#website"},"primaryImageOfPage":{"@id":"https:\/\/www.eldiario.net\/portal\/2024\/03\/13\/mas-de-80-000-hectareas-afectadas-en-todo-el-pais-por-cambio-climatico\/#primaryimage"},"image":{"@id":"https:\/\/www.eldiario.net\/portal\/2024\/03\/13\/mas-de-80-000-hectareas-afectadas-en-todo-el-pais-por-cambio-climatico\/#primaryimage"},"thumbnailUrl":"https:\/\/www.eldiario.net\/portal\/wp-content\/uploads\/2023\/12\/Economia.jpg","datePublished":"2024-03-13T10:22:09+00:00","breadcrumb":{"@id":"https:\/\/www.eldiario.net\/portal\/2024\/03\/13\/mas-de-80-000-hectareas-afectadas-en-todo-el-pais-por-cambio-climatico\/#breadcrumb"},"inLanguage":"es","potentialAction":[{"@type":"ReadAction","target":["https:\/\/www.eldiario.net\/portal\/2024\/03\/13\/mas-de-80-000-hectareas-afectadas-en-todo-el-pais-por-cambio-climatico\/"]}]},{"@type":"ImageObject","inLanguage":"es","@id":"https:\/\/www.eldiario.net\/portal\/2024\/03\/13\/mas-de-80-000-hectareas-afectadas-en-todo-el-pais-por-cambio-climatico\/#primaryimage","url":"https:\/\/www.eldiario.net\/portal\/wp-content\/uploads\/2023\/12\/Economia.jpg","contentUrl":"https:\/\/www.eldiario.net\/portal\/wp-content\/uploads\/2023\/12\/Economia.jpg","width":800,"height":500},{"@type":"BreadcrumbList","@id":"https:\/\/www.eldiario.net\/portal\/2024\/03\/13\/mas-de-80-000-hectareas-afectadas-en-todo-el-pais-por-cambio-climatico\/#breadcrumb","itemListElement":[{"@type":"ListItem","position":1,"name":"Portada","item":"https:\/\/www.eldiario.net\/portal\/"},{"@type":"ListItem","position":2,"name":"M\u00e1s de 80.000 hect\u00e1reas afectadas en todo el pa\u00eds por cambio clim\u00e1tico"}]},{"@type":"WebSite","@id":"https:\/\/www.eldiario.net\/portal\/#website","url":"https:\/\/www.eldiario.net\/portal\/","name":"El Diario - Decano de la prensa nacional","description":"El Diario - Decano de la prensa nacional","publisher":{"@id":"https:\/\/www.eldiario.net\/portal\/#organization"},"potentialAction":[{"@type":"SearchAction","target":{"@type":"EntryPoint","urlTemplate":"https:\/\/www.eldiario.net\/portal\/?s={search_term_string}"},"query-input":{"@type":"PropertyValueSpecification","valueRequired":true,"valueName":"search_term_string"}}],"inLanguage":"es"},{"@type":"Organization","@id":"https:\/\/www.eldiario.net\/portal\/#organization","name":"El Diario - Decano de la prensa nacional","url":"https:\/\/www.eldiario.net\/portal\/","logo":{"@type":"ImageObject","inLanguage":"es","@id":"https:\/\/www.eldiario.net\/portal\/#\/schema\/logo\/image\/","url":"https:\/\/www.eldiario.net\/portal\/wp-content\/uploads\/2023\/07\/logo_ED.jpg","contentUrl":"https:\/\/www.eldiario.net\/portal\/wp-content\/uploads\/2023\/07\/logo_ED.jpg","width":272,"height":52,"caption":"El Diario - Decano de la prensa nacional"},"image":{"@id":"https:\/\/www.eldiario.net\/portal\/#\/schema\/logo\/image\/"},"sameAs":["https:\/\/www.facebook.com\/eldiario.bolivia\/","https:\/\/x.com\/eldiario_net"]},{"@type":"Person","@id":"https:\/\/www.eldiario.net\/portal\/#\/schema\/person\/2c57cf2b7a7ae032e449e4c9b1019eac","name":"Jeanette","image":{"@type":"ImageObject","inLanguage":"es","@id":"https:\/\/secure.gravatar.com\/avatar\/3ea2118a5f7dad2b7138b1187a6b7ee55f160b9968b66013c3a3ef39dd7e5798?s=96&d=mm&r=g","url":"https:\/\/secure.gravatar.com\/avatar\/3ea2118a5f7dad2b7138b1187a6b7ee55f160b9968b66013c3a3ef39dd7e5798?s=96&d=mm&r=g","contentUrl":"https:\/\/secure.gravatar.com\/avatar\/3ea2118a5f7dad2b7138b1187a6b7ee55f160b9968b66013c3a3ef39dd7e5798?s=96&d=mm&r=g","caption":"Jeanette"},"sameAs":["https:\/\/www.eldiario.net\/portal"],"url":"https:\/\/www.eldiario.net\/portal\/author\/jeanette\/"}]}},"_links":{"self":[{"href":"https:\/\/www.eldiario.net\/portal\/wp-json\/wp\/v2\/posts\/207971","targetHints":{"allow":["GET"]}}],"collection":[{"href":"https:\/\/www.eldiario.net\/portal\/wp-json\/wp\/v2\/posts"}],"about":[{"href":"https:\/\/www.eldiario.net\/portal\/wp-json\/wp\/v2\/types\/post"}],"author":[{"embeddable":true,"href":"https:\/\/www.eldiario.net\/portal\/wp-json\/wp\/v2\/users\/1"}],"replies":[{"embeddable":true,"href":"https:\/\/www.eldiario.net\/portal\/wp-json\/wp\/v2\/comments?post=207971"}],"version-history":[{"count":1,"href":"https:\/\/www.eldiario.net\/portal\/wp-json\/wp\/v2\/posts\/207971\/revisions"}],"predecessor-version":[{"id":207972,"href":"https:\/\/www.eldiario.net\/portal\/wp-json\/wp\/v2\/posts\/207971\/revisions\/207972"}],"wp:featuredmedia":[{"embeddable":true,"href":"https:\/\/www.eldiario.net\/portal\/wp-json\/wp\/v2\/media\/194689"}],"wp:attachment":[{"href":"https:\/\/www.eldiario.net\/portal\/wp-json\/wp\/v2\/media?parent=207971"}],"wp:term":[{"taxonomy":"category","embeddable":true,"href":"https:\/\/www.eldiario.net\/portal\/wp-json\/wp\/v2\/categories?post=207971"},{"taxonomy":"post_tag","embeddable":true,"href":"https:\/\/www.eldiario.net\/portal\/wp-json\/wp\/v2\/tags?post=207971"}],"curies":[{"name":"wp","href":"https:\/\/api.w.org\/{rel}","templated":true}]}}