{"id":207969,"date":"2024-03-13T06:21:36","date_gmt":"2024-03-13T10:21:36","guid":{"rendered":"https:\/\/www.eldiario.net\/portal\/?p=207969"},"modified":"2024-03-13T06:21:36","modified_gmt":"2024-03-13T10:21:36","slug":"la-gentecita-que-le-voy-a-dar","status":"publish","type":"post","link":"https:\/\/www.eldiario.net\/portal\/2024\/03\/13\/la-gentecita-que-le-voy-a-dar\/","title":{"rendered":"La gentecita que le voy a dar"},"content":{"rendered":"<p>Es popular la an\u00e9cdota sobre alguien que se quej\u00f3 por la cantidad de riqueza que Dios le asignaba a Bolivia. \u00bfPor qu\u00e9 tanto a ese pa\u00eds?, pregunt\u00f3 el disconforme. \u201cEspera a ver la gentecita que le voy a dar\u201d, fue la escueta respuesta del Creador. A la par de las virtudes que tienen los bolivianos, muchos son los desm\u00e9ritos que corren por las p\u00e1ginas de su historia: pa\u00eds propenso a los golpes de Estado, se calcula que fueron 36. No solamente golpistas, varios fueron dictadores, unos y otros ingresaron al Palacio Quemado a costa de sucesos sangrientos; con presos, torturas, destierros, confinamientos; azarosos d\u00edas en la clandestinidad. Los confabulados, militares en mayor\u00eda, unas veces lo hicieron por iniciativa y sed de poder, y otras por encargo, tuvieron &#8212;como dice Eudocio Ravines en su libro \u201cAm\u00e9rica Latina un continente en erupci\u00f3n\u201d&#8211; la misi\u00f3n de proteger a la oligarqu\u00eda, consolidando el dominio de la burgues\u00eda minero-feudal.<br \/>\nEl tiempo estelar fue entre 1978 y 1982, cuando hubo nueve cambios presidenciales y diez presidentes, ocho de ellos militares. \u00bfTodo eso fue propiciado por la \u201cgentecita\u201d que nos dej\u00f3 la voluntad suprema? El per\u00edodo de la Uni\u00f3n Democr\u00e1tica Popular (UDP) result\u00f3 ser obra y gracia de la clase pol\u00edtica sindical, tal fue la presi\u00f3n e intransigencia de las clases populares, que llev\u00f3 al acortamiento del mandato, provocaron el desastre de la econom\u00eda, cuando la devaluaci\u00f3n y la inflaci\u00f3n alcanzaron niveles extremos. El propio Hern\u00e1n Siles, v\u00edctima renunciante, dijo: \u201cla revoluci\u00f3n que no establece el orden perece en el desorden\u201d. El sucesor, V\u00edctor Paz, pronunci\u00f3 aquella c\u00e9lebre frase: \u00abBolivia se nos muere\u00bb.<br \/>\nAl retroceder la historia, fulgura a quien llamaron el \u201cMono Paz\u201d, su aparato de represi\u00f3n, el \u00abControl Pol\u00edtico\u00bb, y el esbirro San Rom\u00e1n; la tortura acall\u00f3 a la oposici\u00f3n falangista, confisc\u00f3 tierras, e inmuebles, decret\u00f3 el voto universal y elimin\u00f3 el pongueaje. Otro golpista de poca fortuna fue Juan Jos\u00e9 Torres (que derroc\u00f3 a Ovando Candia, que a su vez dio el golpe a Siles Salinas), militar izquierdista confeso, bajo cuya tutela naci\u00f3 la \u00abAsamblea del Pueblo\u00bb, algo as\u00ed como un politbur\u00f3; respald\u00f3 la intervenci\u00f3n violenta a empresas privadas y medios de difusi\u00f3n, como inicio para instalar un sistema castro-comunista. Entonces lleg\u00f3 la contrarrevoluci\u00f3n, fue en agosto de 1971 cuando Hugo Banzer tom\u00f3 el poder. Comenzar\u00eda otra p\u00e1gina l\u00fagubre en la historia nacional: se instal\u00f3 la dictadura. Fueron tiempos de persecuci\u00f3n, particularmente a gente de prensa y a toda persona de quien se dec\u00eda tener simpat\u00edas con Fidel Castro, Mao Tse Tung o el Che Guevara; \u00abpurgas\u00bb implacables para exterminar a la izquierda. (\u00abPlan C\u00f3ndor\u00bb).<br \/>\nLuis Garc\u00eda Meza y Luis Arce G\u00f3mez escribieron otra versi\u00f3n de oprobio, cuando el boliviano deb\u00eda \u00abandar con el testamento debajo del brazo\u00bb. A pesar del luctuoso cap\u00edtulo del pasado, gran parte del pueblo perdi\u00f3 la memoria y eligi\u00f3 a Hugo Banzer Su\u00e1rez, auspiciado por Acci\u00f3n Democr\u00e1tica Nacionalista (ADN).<br \/>\nFueron pasando los a\u00f1os, golpe tras golpe, en una sucesi\u00f3n de gobernantes excedidos de liberalismo. Hasta que lleg\u00f3 una opci\u00f3n distinta, parec\u00eda salvadora. El desenlace fue el MAS, desconcertante desde el inicio, cuando cometi\u00f3 incesto con el Poder Legislativo, empoder\u00f3 al hombre del campo, organizando los movimientos sociales, corrompi\u00f3 a la justicia; 17 a\u00f1os de gobierno socialista sustentado con viveza criolla, hoy adiposo en su burocracia, an\u00e9mico en econom\u00eda, a pesar de lo cual tiene opciones para prolongar su mandato, viviendo una normalidad entre narcotraficantes, contrabandistas, corruptos y delincuentes comunes. Tal laya de ciudadanos entroniza su vigencia ante una sociedad que simula sentirse indefensa. Los 90 gobiernos, 80 presidentes, 19 constituciones y 36 golpes de Estado, \u00bfser\u00e1 el resultado de cuanto hace, deshace, y no hace la \u00abgentecita\u00bb engendrada por voluntad divina? \u00bfAcaso el sino vino del cielo? M\u00e1s parece por los hechos &#8211;tan reiterados&#8211; que nosotros tenemos la culpa.<\/p>\n<p>El autor es periodista.<\/p>\n","protected":false},"excerpt":{"rendered":"<p>Es popular la an\u00e9cdota sobre alguien que se quej\u00f3 por la cantidad de riqueza que Dios le asignaba a Bolivia. \u00bfPor qu\u00e9 tanto a ese pa\u00eds?, pregunt\u00f3 el disconforme. \u201cEspera a ver la gentecita que le voy a dar\u201d, fue la escueta respuesta del Creador. A la par de las virtudes que tienen los bolivianos, [&hellip;]<\/p>\n","protected":false},"author":1,"featured_media":166360,"comment_status":"open","ping_status":"open","sticky":false,"template":"","format":"standard","meta":{"_acf_changed":false,"footnotes":""},"categories":[9],"tags":[],"class_list":["post-207969","post","type-post","status-publish","format-standard","has-post-thumbnail","category-opinion"],"acf":{"antetitulo":""},"yoast_head":"<!-- This site is optimized with the Yoast SEO plugin v28.4 - https:\/\/yoast.com\/product\/yoast-seo-wordpress\/ -->\n<title>La gentecita que le voy a dar - El Diario - Bolivia<\/title>\n<meta name=\"robots\" content=\"index, follow, max-snippet:-1, max-image-preview:large, max-video-preview:-1\" \/>\n<link rel=\"canonical\" href=\"https:\/\/www.eldiario.net\/portal\/2024\/03\/13\/la-gentecita-que-le-voy-a-dar\/\" \/>\n<meta property=\"og:locale\" content=\"es_ES\" \/>\n<meta property=\"og:type\" content=\"article\" \/>\n<meta property=\"og:title\" content=\"La gentecita que le voy a dar - El Diario - Bolivia\" \/>\n<meta property=\"og:description\" content=\"Es popular la an\u00e9cdota sobre alguien que se quej\u00f3 por la cantidad de riqueza que Dios le asignaba a Bolivia. \u00bfPor qu\u00e9 tanto a ese pa\u00eds?, pregunt\u00f3 el disconforme. \u201cEspera a ver la gentecita que le voy a dar\u201d, fue la escueta respuesta del Creador. A la par de las virtudes que tienen los bolivianos, [&hellip;]\" \/>\n<meta property=\"og:url\" content=\"https:\/\/www.eldiario.net\/portal\/2024\/03\/13\/la-gentecita-que-le-voy-a-dar\/\" \/>\n<meta property=\"og:site_name\" content=\"El Diario - Bolivia\" \/>\n<meta property=\"article:publisher\" content=\"https:\/\/www.facebook.com\/eldiario.bolivia\/\" \/>\n<meta property=\"article:published_time\" content=\"2024-03-13T10:21:36+00:00\" \/>\n<meta property=\"og:image\" content=\"https:\/\/www.eldiario.net\/portal\/wp-content\/uploads\/2023\/07\/Mario-Malpartida.jpg\" \/>\n\t<meta property=\"og:image:width\" content=\"1200\" \/>\n\t<meta property=\"og:image:height\" content=\"628\" \/>\n\t<meta property=\"og:image:type\" content=\"image\/jpeg\" \/>\n<meta name=\"author\" content=\"Jeanette\" \/>\n<meta name=\"twitter:card\" content=\"summary_large_image\" \/>\n<meta name=\"twitter:creator\" content=\"@eldiario_net\" \/>\n<meta name=\"twitter:site\" content=\"@eldiario_net\" \/>\n<meta name=\"twitter:label1\" content=\"Escrito por\" \/>\n\t<meta name=\"twitter:data1\" content=\"Jeanette\" \/>\n\t<meta name=\"twitter:label2\" content=\"Tiempo de lectura\" \/>\n\t<meta name=\"twitter:data2\" content=\"4 minutos\" \/>\n<script type=\"application\/ld+json\" class=\"yoast-schema-graph\">{\"@context\":\"https:\\\/\\\/schema.org\",\"@graph\":[{\"@type\":\"Article\",\"@id\":\"https:\\\/\\\/www.eldiario.net\\\/portal\\\/2024\\\/03\\\/13\\\/la-gentecita-que-le-voy-a-dar\\\/#article\",\"isPartOf\":{\"@id\":\"https:\\\/\\\/www.eldiario.net\\\/portal\\\/2024\\\/03\\\/13\\\/la-gentecita-que-le-voy-a-dar\\\/\"},\"author\":{\"name\":\"Jeanette\",\"@id\":\"https:\\\/\\\/www.eldiario.net\\\/portal\\\/#\\\/schema\\\/person\\\/2c57cf2b7a7ae032e449e4c9b1019eac\"},\"headline\":\"La gentecita que le voy a dar\",\"datePublished\":\"2024-03-13T10:21:36+00:00\",\"mainEntityOfPage\":{\"@id\":\"https:\\\/\\\/www.eldiario.net\\\/portal\\\/2024\\\/03\\\/13\\\/la-gentecita-que-le-voy-a-dar\\\/\"},\"wordCount\":688,\"commentCount\":0,\"publisher\":{\"@id\":\"https:\\\/\\\/www.eldiario.net\\\/portal\\\/#organization\"},\"image\":{\"@id\":\"https:\\\/\\\/www.eldiario.net\\\/portal\\\/2024\\\/03\\\/13\\\/la-gentecita-que-le-voy-a-dar\\\/#primaryimage\"},\"thumbnailUrl\":\"https:\\\/\\\/www.eldiario.net\\\/portal\\\/wp-content\\\/uploads\\\/2023\\\/07\\\/Mario-Malpartida.jpg\",\"articleSection\":[\"Opini\u00f3n\"],\"inLanguage\":\"es\",\"potentialAction\":[{\"@type\":\"CommentAction\",\"name\":\"Comment\",\"target\":[\"https:\\\/\\\/www.eldiario.net\\\/portal\\\/2024\\\/03\\\/13\\\/la-gentecita-que-le-voy-a-dar\\\/#respond\"]}]},{\"@type\":\"WebPage\",\"@id\":\"https:\\\/\\\/www.eldiario.net\\\/portal\\\/2024\\\/03\\\/13\\\/la-gentecita-que-le-voy-a-dar\\\/\",\"url\":\"https:\\\/\\\/www.eldiario.net\\\/portal\\\/2024\\\/03\\\/13\\\/la-gentecita-que-le-voy-a-dar\\\/\",\"name\":\"La gentecita que le voy a dar - El Diario - Bolivia\",\"isPartOf\":{\"@id\":\"https:\\\/\\\/www.eldiario.net\\\/portal\\\/#website\"},\"primaryImageOfPage\":{\"@id\":\"https:\\\/\\\/www.eldiario.net\\\/portal\\\/2024\\\/03\\\/13\\\/la-gentecita-que-le-voy-a-dar\\\/#primaryimage\"},\"image\":{\"@id\":\"https:\\\/\\\/www.eldiario.net\\\/portal\\\/2024\\\/03\\\/13\\\/la-gentecita-que-le-voy-a-dar\\\/#primaryimage\"},\"thumbnailUrl\":\"https:\\\/\\\/www.eldiario.net\\\/portal\\\/wp-content\\\/uploads\\\/2023\\\/07\\\/Mario-Malpartida.jpg\",\"datePublished\":\"2024-03-13T10:21:36+00:00\",\"breadcrumb\":{\"@id\":\"https:\\\/\\\/www.eldiario.net\\\/portal\\\/2024\\\/03\\\/13\\\/la-gentecita-que-le-voy-a-dar\\\/#breadcrumb\"},\"inLanguage\":\"es\",\"potentialAction\":[{\"@type\":\"ReadAction\",\"target\":[\"https:\\\/\\\/www.eldiario.net\\\/portal\\\/2024\\\/03\\\/13\\\/la-gentecita-que-le-voy-a-dar\\\/\"]}]},{\"@type\":\"ImageObject\",\"inLanguage\":\"es\",\"@id\":\"https:\\\/\\\/www.eldiario.net\\\/portal\\\/2024\\\/03\\\/13\\\/la-gentecita-que-le-voy-a-dar\\\/#primaryimage\",\"url\":\"https:\\\/\\\/www.eldiario.net\\\/portal\\\/wp-content\\\/uploads\\\/2023\\\/07\\\/Mario-Malpartida.jpg\",\"contentUrl\":\"https:\\\/\\\/www.eldiario.net\\\/portal\\\/wp-content\\\/uploads\\\/2023\\\/07\\\/Mario-Malpartida.jpg\",\"width\":1200,\"height\":628,\"caption\":\"Mario Malpartida\"},{\"@type\":\"BreadcrumbList\",\"@id\":\"https:\\\/\\\/www.eldiario.net\\\/portal\\\/2024\\\/03\\\/13\\\/la-gentecita-que-le-voy-a-dar\\\/#breadcrumb\",\"itemListElement\":[{\"@type\":\"ListItem\",\"position\":1,\"name\":\"Portada\",\"item\":\"https:\\\/\\\/www.eldiario.net\\\/portal\\\/\"},{\"@type\":\"ListItem\",\"position\":2,\"name\":\"La gentecita que le voy a dar\"}]},{\"@type\":\"WebSite\",\"@id\":\"https:\\\/\\\/www.eldiario.net\\\/portal\\\/#website\",\"url\":\"https:\\\/\\\/www.eldiario.net\\\/portal\\\/\",\"name\":\"El Diario - Decano de la prensa nacional\",\"description\":\"El Diario - Decano de la prensa nacional\",\"publisher\":{\"@id\":\"https:\\\/\\\/www.eldiario.net\\\/portal\\\/#organization\"},\"potentialAction\":[{\"@type\":\"SearchAction\",\"target\":{\"@type\":\"EntryPoint\",\"urlTemplate\":\"https:\\\/\\\/www.eldiario.net\\\/portal\\\/?s={search_term_string}\"},\"query-input\":{\"@type\":\"PropertyValueSpecification\",\"valueRequired\":true,\"valueName\":\"search_term_string\"}}],\"inLanguage\":\"es\"},{\"@type\":\"Organization\",\"@id\":\"https:\\\/\\\/www.eldiario.net\\\/portal\\\/#organization\",\"name\":\"El Diario - Decano de la prensa nacional\",\"url\":\"https:\\\/\\\/www.eldiario.net\\\/portal\\\/\",\"logo\":{\"@type\":\"ImageObject\",\"inLanguage\":\"es\",\"@id\":\"https:\\\/\\\/www.eldiario.net\\\/portal\\\/#\\\/schema\\\/logo\\\/image\\\/\",\"url\":\"https:\\\/\\\/www.eldiario.net\\\/portal\\\/wp-content\\\/uploads\\\/2023\\\/07\\\/logo_ED.jpg\",\"contentUrl\":\"https:\\\/\\\/www.eldiario.net\\\/portal\\\/wp-content\\\/uploads\\\/2023\\\/07\\\/logo_ED.jpg\",\"width\":272,\"height\":52,\"caption\":\"El Diario - Decano de la prensa nacional\"},\"image\":{\"@id\":\"https:\\\/\\\/www.eldiario.net\\\/portal\\\/#\\\/schema\\\/logo\\\/image\\\/\"},\"sameAs\":[\"https:\\\/\\\/www.facebook.com\\\/eldiario.bolivia\\\/\",\"https:\\\/\\\/x.com\\\/eldiario_net\"]},{\"@type\":\"Person\",\"@id\":\"https:\\\/\\\/www.eldiario.net\\\/portal\\\/#\\\/schema\\\/person\\\/2c57cf2b7a7ae032e449e4c9b1019eac\",\"name\":\"Jeanette\",\"image\":{\"@type\":\"ImageObject\",\"inLanguage\":\"es\",\"@id\":\"https:\\\/\\\/secure.gravatar.com\\\/avatar\\\/3ea2118a5f7dad2b7138b1187a6b7ee55f160b9968b66013c3a3ef39dd7e5798?s=96&d=mm&r=g\",\"url\":\"https:\\\/\\\/secure.gravatar.com\\\/avatar\\\/3ea2118a5f7dad2b7138b1187a6b7ee55f160b9968b66013c3a3ef39dd7e5798?s=96&d=mm&r=g\",\"contentUrl\":\"https:\\\/\\\/secure.gravatar.com\\\/avatar\\\/3ea2118a5f7dad2b7138b1187a6b7ee55f160b9968b66013c3a3ef39dd7e5798?s=96&d=mm&r=g\",\"caption\":\"Jeanette\"},\"sameAs\":[\"https:\\\/\\\/www.eldiario.net\\\/portal\"],\"url\":\"https:\\\/\\\/www.eldiario.net\\\/portal\\\/author\\\/jeanette\\\/\"}]}<\/script>\n<!-- \/ Yoast SEO plugin. -->","yoast_head_json":{"title":"La gentecita que le voy a dar - El Diario - Bolivia","robots":{"index":"index","follow":"follow","max-snippet":"max-snippet:-1","max-image-preview":"max-image-preview:large","max-video-preview":"max-video-preview:-1"},"canonical":"https:\/\/www.eldiario.net\/portal\/2024\/03\/13\/la-gentecita-que-le-voy-a-dar\/","og_locale":"es_ES","og_type":"article","og_title":"La gentecita que le voy a dar - El Diario - Bolivia","og_description":"Es popular la an\u00e9cdota sobre alguien que se quej\u00f3 por la cantidad de riqueza que Dios le asignaba a Bolivia. \u00bfPor qu\u00e9 tanto a ese pa\u00eds?, pregunt\u00f3 el disconforme. \u201cEspera a ver la gentecita que le voy a dar\u201d, fue la escueta respuesta del Creador. A la par de las virtudes que tienen los bolivianos, [&hellip;]","og_url":"https:\/\/www.eldiario.net\/portal\/2024\/03\/13\/la-gentecita-que-le-voy-a-dar\/","og_site_name":"El Diario - Bolivia","article_publisher":"https:\/\/www.facebook.com\/eldiario.bolivia\/","article_published_time":"2024-03-13T10:21:36+00:00","og_image":[{"width":1200,"height":628,"url":"https:\/\/www.eldiario.net\/portal\/wp-content\/uploads\/2023\/07\/Mario-Malpartida.jpg","type":"image\/jpeg"}],"author":"Jeanette","twitter_card":"summary_large_image","twitter_creator":"@eldiario_net","twitter_site":"@eldiario_net","twitter_misc":{"Escrito por":"Jeanette","Tiempo de lectura":"4 minutos"},"schema":{"@context":"https:\/\/schema.org","@graph":[{"@type":"Article","@id":"https:\/\/www.eldiario.net\/portal\/2024\/03\/13\/la-gentecita-que-le-voy-a-dar\/#article","isPartOf":{"@id":"https:\/\/www.eldiario.net\/portal\/2024\/03\/13\/la-gentecita-que-le-voy-a-dar\/"},"author":{"name":"Jeanette","@id":"https:\/\/www.eldiario.net\/portal\/#\/schema\/person\/2c57cf2b7a7ae032e449e4c9b1019eac"},"headline":"La gentecita que le voy a dar","datePublished":"2024-03-13T10:21:36+00:00","mainEntityOfPage":{"@id":"https:\/\/www.eldiario.net\/portal\/2024\/03\/13\/la-gentecita-que-le-voy-a-dar\/"},"wordCount":688,"commentCount":0,"publisher":{"@id":"https:\/\/www.eldiario.net\/portal\/#organization"},"image":{"@id":"https:\/\/www.eldiario.net\/portal\/2024\/03\/13\/la-gentecita-que-le-voy-a-dar\/#primaryimage"},"thumbnailUrl":"https:\/\/www.eldiario.net\/portal\/wp-content\/uploads\/2023\/07\/Mario-Malpartida.jpg","articleSection":["Opini\u00f3n"],"inLanguage":"es","potentialAction":[{"@type":"CommentAction","name":"Comment","target":["https:\/\/www.eldiario.net\/portal\/2024\/03\/13\/la-gentecita-que-le-voy-a-dar\/#respond"]}]},{"@type":"WebPage","@id":"https:\/\/www.eldiario.net\/portal\/2024\/03\/13\/la-gentecita-que-le-voy-a-dar\/","url":"https:\/\/www.eldiario.net\/portal\/2024\/03\/13\/la-gentecita-que-le-voy-a-dar\/","name":"La gentecita que le voy a dar - El Diario - Bolivia","isPartOf":{"@id":"https:\/\/www.eldiario.net\/portal\/#website"},"primaryImageOfPage":{"@id":"https:\/\/www.eldiario.net\/portal\/2024\/03\/13\/la-gentecita-que-le-voy-a-dar\/#primaryimage"},"image":{"@id":"https:\/\/www.eldiario.net\/portal\/2024\/03\/13\/la-gentecita-que-le-voy-a-dar\/#primaryimage"},"thumbnailUrl":"https:\/\/www.eldiario.net\/portal\/wp-content\/uploads\/2023\/07\/Mario-Malpartida.jpg","datePublished":"2024-03-13T10:21:36+00:00","breadcrumb":{"@id":"https:\/\/www.eldiario.net\/portal\/2024\/03\/13\/la-gentecita-que-le-voy-a-dar\/#breadcrumb"},"inLanguage":"es","potentialAction":[{"@type":"ReadAction","target":["https:\/\/www.eldiario.net\/portal\/2024\/03\/13\/la-gentecita-que-le-voy-a-dar\/"]}]},{"@type":"ImageObject","inLanguage":"es","@id":"https:\/\/www.eldiario.net\/portal\/2024\/03\/13\/la-gentecita-que-le-voy-a-dar\/#primaryimage","url":"https:\/\/www.eldiario.net\/portal\/wp-content\/uploads\/2023\/07\/Mario-Malpartida.jpg","contentUrl":"https:\/\/www.eldiario.net\/portal\/wp-content\/uploads\/2023\/07\/Mario-Malpartida.jpg","width":1200,"height":628,"caption":"Mario Malpartida"},{"@type":"BreadcrumbList","@id":"https:\/\/www.eldiario.net\/portal\/2024\/03\/13\/la-gentecita-que-le-voy-a-dar\/#breadcrumb","itemListElement":[{"@type":"ListItem","position":1,"name":"Portada","item":"https:\/\/www.eldiario.net\/portal\/"},{"@type":"ListItem","position":2,"name":"La gentecita que le voy a dar"}]},{"@type":"WebSite","@id":"https:\/\/www.eldiario.net\/portal\/#website","url":"https:\/\/www.eldiario.net\/portal\/","name":"El Diario - Decano de la prensa nacional","description":"El Diario - Decano de la prensa nacional","publisher":{"@id":"https:\/\/www.eldiario.net\/portal\/#organization"},"potentialAction":[{"@type":"SearchAction","target":{"@type":"EntryPoint","urlTemplate":"https:\/\/www.eldiario.net\/portal\/?s={search_term_string}"},"query-input":{"@type":"PropertyValueSpecification","valueRequired":true,"valueName":"search_term_string"}}],"inLanguage":"es"},{"@type":"Organization","@id":"https:\/\/www.eldiario.net\/portal\/#organization","name":"El Diario - Decano de la prensa nacional","url":"https:\/\/www.eldiario.net\/portal\/","logo":{"@type":"ImageObject","inLanguage":"es","@id":"https:\/\/www.eldiario.net\/portal\/#\/schema\/logo\/image\/","url":"https:\/\/www.eldiario.net\/portal\/wp-content\/uploads\/2023\/07\/logo_ED.jpg","contentUrl":"https:\/\/www.eldiario.net\/portal\/wp-content\/uploads\/2023\/07\/logo_ED.jpg","width":272,"height":52,"caption":"El Diario - Decano de la prensa nacional"},"image":{"@id":"https:\/\/www.eldiario.net\/portal\/#\/schema\/logo\/image\/"},"sameAs":["https:\/\/www.facebook.com\/eldiario.bolivia\/","https:\/\/x.com\/eldiario_net"]},{"@type":"Person","@id":"https:\/\/www.eldiario.net\/portal\/#\/schema\/person\/2c57cf2b7a7ae032e449e4c9b1019eac","name":"Jeanette","image":{"@type":"ImageObject","inLanguage":"es","@id":"https:\/\/secure.gravatar.com\/avatar\/3ea2118a5f7dad2b7138b1187a6b7ee55f160b9968b66013c3a3ef39dd7e5798?s=96&d=mm&r=g","url":"https:\/\/secure.gravatar.com\/avatar\/3ea2118a5f7dad2b7138b1187a6b7ee55f160b9968b66013c3a3ef39dd7e5798?s=96&d=mm&r=g","contentUrl":"https:\/\/secure.gravatar.com\/avatar\/3ea2118a5f7dad2b7138b1187a6b7ee55f160b9968b66013c3a3ef39dd7e5798?s=96&d=mm&r=g","caption":"Jeanette"},"sameAs":["https:\/\/www.eldiario.net\/portal"],"url":"https:\/\/www.eldiario.net\/portal\/author\/jeanette\/"}]}},"_links":{"self":[{"href":"https:\/\/www.eldiario.net\/portal\/wp-json\/wp\/v2\/posts\/207969","targetHints":{"allow":["GET"]}}],"collection":[{"href":"https:\/\/www.eldiario.net\/portal\/wp-json\/wp\/v2\/posts"}],"about":[{"href":"https:\/\/www.eldiario.net\/portal\/wp-json\/wp\/v2\/types\/post"}],"author":[{"embeddable":true,"href":"https:\/\/www.eldiario.net\/portal\/wp-json\/wp\/v2\/users\/1"}],"replies":[{"embeddable":true,"href":"https:\/\/www.eldiario.net\/portal\/wp-json\/wp\/v2\/comments?post=207969"}],"version-history":[{"count":1,"href":"https:\/\/www.eldiario.net\/portal\/wp-json\/wp\/v2\/posts\/207969\/revisions"}],"predecessor-version":[{"id":207970,"href":"https:\/\/www.eldiario.net\/portal\/wp-json\/wp\/v2\/posts\/207969\/revisions\/207970"}],"wp:featuredmedia":[{"embeddable":true,"href":"https:\/\/www.eldiario.net\/portal\/wp-json\/wp\/v2\/media\/166360"}],"wp:attachment":[{"href":"https:\/\/www.eldiario.net\/portal\/wp-json\/wp\/v2\/media?parent=207969"}],"wp:term":[{"taxonomy":"category","embeddable":true,"href":"https:\/\/www.eldiario.net\/portal\/wp-json\/wp\/v2\/categories?post=207969"},{"taxonomy":"post_tag","embeddable":true,"href":"https:\/\/www.eldiario.net\/portal\/wp-json\/wp\/v2\/tags?post=207969"}],"curies":[{"name":"wp","href":"https:\/\/api.w.org\/{rel}","templated":true}]}}