{"id":207967,"date":"2024-03-13T06:21:08","date_gmt":"2024-03-13T10:21:08","guid":{"rendered":"https:\/\/www.eldiario.net\/portal\/?p=207967"},"modified":"2024-03-13T06:21:08","modified_gmt":"2024-03-13T10:21:08","slug":"el-lado-oscuro","status":"publish","type":"post","link":"https:\/\/www.eldiario.net\/portal\/2024\/03\/13\/el-lado-oscuro\/","title":{"rendered":"El lado oscuro"},"content":{"rendered":"<p>Habiendo festejado el Carnaval, ahora se nos viene un periodo relativamente tranquilo hasta medio a\u00f1o, cuando comienzan las fiestas patronales y de nuevo surge la efervescencia festiva de la cual mucho se disfruta, por ser parte de la construcci\u00f3n de las identidades culturales bolivianas. Pero todo tiene un lado oscuro. En el caso de la fiesta popular folkl\u00f3rica, esa cara perversa tiene tres aristas.<br \/>\nEl excesivo consumo de bebidas alcoh\u00f3licas. Este argumento resulta repetitivo. Pero cabe aclarar que el consumo excesivo de bebidas alcoh\u00f3licas no obedece a la existencia de la fiesta propiamente dicha, sino a la existencia de un h\u00e1bito que instrumentaliza la fiesta o la usa como excusa. Es decir, con fiesta o sin ella, el consumo excesivo de bebidas alcoh\u00f3licas existe. As\u00ed como no son responsables las empresas que comercializan bebidas alcoh\u00f3licas, pues es el consumidor quien, al final de cuentas, decide qu\u00e9 y cu\u00e1nto beber. Las empresas ofrecen bebidas alcoh\u00f3licas envasadas y reconocidas, mientras que los bebedores pueden elegir tambi\u00e9n bebidas adulteradas o de dudosa procedencia.<br \/>\nLa ocupaci\u00f3n irrespetuosa del espacio p\u00fablico. El espacio p\u00fablico, es decir, el conjunto de bienes municipales de dominio p\u00fablico, tal como se\u00f1ala el Art\u00edculo 31 de la Ley N\u00ba 482 Ley de Gobiernos Municipales, es ocupado ef\u00edmeramente por las personas que ensayan las danzas y, al final, presentan sus danzas como parte de la fiesta patronal. Lo irrespetuoso no es la danza, sino el uso de las calles y muros de las viviendas como mingitorio, as\u00ed como los altos vol\u00famenes de los parlantes y las voces que se elevan cuando el consumo de bebidas alcoh\u00f3licas ya se dio por varias horas. Estos dos \u00faltimos, como producto del elevado consumo de bebidas alcoh\u00f3licas en v\u00eda p\u00fablica.<br \/>\nLa producci\u00f3n de basura. La fiesta folkl\u00f3rica motiva el consumo de una diversidad de objetos que son desechados en las calles, produciendo residuos s\u00f3lidos que son trasladados a los rellenos sanitarios para su correspondiente tratamiento o bien recolectados por los recolectores de residuos. La preocupaci\u00f3n, en el mundo, ahora es producir cada vez menos desechos s\u00f3lidos y nuestro pa\u00eds podr\u00eda adherirse a ella, considerando la ventaja que tiene al contar con mucho menos poblaci\u00f3n que otros.<br \/>\nComo es posible apreciar, el lado m\u00e1s oscuro de la fiesta patronal es que se constituye como un fen\u00f3meno cultural susceptible de ser instrumentalizado o usado por las personas que tienen el h\u00e1bito de consumir bebidas alcoh\u00f3licas en exceso. La fiesta se vuelve el pretexto o excusa para continuar el h\u00e1bito del consumo excesivo de alcohol. Estas personas son o se hallan en camino de ser consideradas alcoh\u00f3licas, pero no son conscientes de ello, y justifican su conducta ante s\u00ed mismos poniendo como raz\u00f3n su participaci\u00f3n en la fiesta patronal.<br \/>\nLa fiesta patronal no es la causa del excesivo consumo de bebidas alcoh\u00f3licas, sino su v\u00edctima. El consumo excesivo de bebidas alcoh\u00f3licas al principio es un h\u00e1bito, luego una adicci\u00f3n y, al final, una enfermedad. La persona decide adquirir el h\u00e1bito y luego ese h\u00e1bito se apodera de la persona.<br \/>\nComo seres humanos conscientes, revisemos nuestros h\u00e1bitos en relaci\u00f3n con el excesivo consumo de bebidas alcoh\u00f3licas y asumamos conciencia sin culpar a la fiesta patronal ni a las empresas que ofertan bebidas ni a nadie m\u00e1s que no seamos nosotros mismos. Revisemos nuestro propio lado oscuro.<\/p>\n<p>La autora es antrop\u00f3loga.<\/p>\n","protected":false},"excerpt":{"rendered":"<p>Habiendo festejado el Carnaval, ahora se nos viene un periodo relativamente tranquilo hasta medio a\u00f1o, cuando comienzan las fiestas patronales y de nuevo surge la efervescencia festiva de la cual mucho se disfruta, por ser parte de la construcci\u00f3n de las identidades culturales bolivianas. Pero todo tiene un lado oscuro. En el caso de la [&hellip;]<\/p>\n","protected":false},"author":1,"featured_media":205933,"comment_status":"open","ping_status":"open","sticky":false,"template":"","format":"standard","meta":{"_acf_changed":false,"footnotes":""},"categories":[9],"tags":[],"class_list":["post-207967","post","type-post","status-publish","format-standard","has-post-thumbnail","category-opinion"],"acf":{"antetitulo":""},"yoast_head":"<!-- This site is optimized with the Yoast SEO plugin v28.4 - https:\/\/yoast.com\/product\/yoast-seo-wordpress\/ -->\n<title>El lado oscuro - El Diario - Bolivia<\/title>\n<meta name=\"robots\" content=\"index, follow, max-snippet:-1, max-image-preview:large, max-video-preview:-1\" \/>\n<link rel=\"canonical\" href=\"https:\/\/www.eldiario.net\/portal\/2024\/03\/13\/el-lado-oscuro\/\" \/>\n<meta property=\"og:locale\" content=\"es_ES\" \/>\n<meta property=\"og:type\" content=\"article\" \/>\n<meta property=\"og:title\" content=\"El lado oscuro - El Diario - Bolivia\" \/>\n<meta property=\"og:description\" content=\"Habiendo festejado el Carnaval, ahora se nos viene un periodo relativamente tranquilo hasta medio a\u00f1o, cuando comienzan las fiestas patronales y de nuevo surge la efervescencia festiva de la cual mucho se disfruta, por ser parte de la construcci\u00f3n de las identidades culturales bolivianas. Pero todo tiene un lado oscuro. En el caso de la [&hellip;]\" \/>\n<meta property=\"og:url\" content=\"https:\/\/www.eldiario.net\/portal\/2024\/03\/13\/el-lado-oscuro\/\" \/>\n<meta property=\"og:site_name\" content=\"El Diario - Bolivia\" \/>\n<meta property=\"article:publisher\" content=\"https:\/\/www.facebook.com\/eldiario.bolivia\/\" \/>\n<meta property=\"article:published_time\" content=\"2024-03-13T10:21:08+00:00\" \/>\n<meta property=\"og:image\" content=\"https:\/\/www.eldiario.net\/portal\/wp-content\/uploads\/2024\/03\/Luz-Castillo-Vacano.jpg\" \/>\n\t<meta property=\"og:image:width\" content=\"1200\" \/>\n\t<meta property=\"og:image:height\" content=\"628\" \/>\n\t<meta property=\"og:image:type\" content=\"image\/jpeg\" \/>\n<meta name=\"author\" content=\"Jeanette\" \/>\n<meta name=\"twitter:card\" content=\"summary_large_image\" \/>\n<meta name=\"twitter:creator\" content=\"@eldiario_net\" \/>\n<meta name=\"twitter:site\" content=\"@eldiario_net\" \/>\n<meta name=\"twitter:label1\" content=\"Escrito por\" \/>\n\t<meta name=\"twitter:data1\" content=\"Jeanette\" \/>\n\t<meta name=\"twitter:label2\" content=\"Tiempo de lectura\" \/>\n\t<meta name=\"twitter:data2\" content=\"3 minutos\" \/>\n<script type=\"application\/ld+json\" class=\"yoast-schema-graph\">{\"@context\":\"https:\\\/\\\/schema.org\",\"@graph\":[{\"@type\":\"Article\",\"@id\":\"https:\\\/\\\/www.eldiario.net\\\/portal\\\/2024\\\/03\\\/13\\\/el-lado-oscuro\\\/#article\",\"isPartOf\":{\"@id\":\"https:\\\/\\\/www.eldiario.net\\\/portal\\\/2024\\\/03\\\/13\\\/el-lado-oscuro\\\/\"},\"author\":{\"name\":\"Jeanette\",\"@id\":\"https:\\\/\\\/www.eldiario.net\\\/portal\\\/#\\\/schema\\\/person\\\/2c57cf2b7a7ae032e449e4c9b1019eac\"},\"headline\":\"El lado oscuro\",\"datePublished\":\"2024-03-13T10:21:08+00:00\",\"mainEntityOfPage\":{\"@id\":\"https:\\\/\\\/www.eldiario.net\\\/portal\\\/2024\\\/03\\\/13\\\/el-lado-oscuro\\\/\"},\"wordCount\":603,\"commentCount\":0,\"publisher\":{\"@id\":\"https:\\\/\\\/www.eldiario.net\\\/portal\\\/#organization\"},\"image\":{\"@id\":\"https:\\\/\\\/www.eldiario.net\\\/portal\\\/2024\\\/03\\\/13\\\/el-lado-oscuro\\\/#primaryimage\"},\"thumbnailUrl\":\"https:\\\/\\\/www.eldiario.net\\\/portal\\\/wp-content\\\/uploads\\\/2024\\\/03\\\/Luz-Castillo-Vacano.jpg\",\"articleSection\":[\"Opini\u00f3n\"],\"inLanguage\":\"es\",\"potentialAction\":[{\"@type\":\"CommentAction\",\"name\":\"Comment\",\"target\":[\"https:\\\/\\\/www.eldiario.net\\\/portal\\\/2024\\\/03\\\/13\\\/el-lado-oscuro\\\/#respond\"]}]},{\"@type\":\"WebPage\",\"@id\":\"https:\\\/\\\/www.eldiario.net\\\/portal\\\/2024\\\/03\\\/13\\\/el-lado-oscuro\\\/\",\"url\":\"https:\\\/\\\/www.eldiario.net\\\/portal\\\/2024\\\/03\\\/13\\\/el-lado-oscuro\\\/\",\"name\":\"El lado oscuro - El Diario - Bolivia\",\"isPartOf\":{\"@id\":\"https:\\\/\\\/www.eldiario.net\\\/portal\\\/#website\"},\"primaryImageOfPage\":{\"@id\":\"https:\\\/\\\/www.eldiario.net\\\/portal\\\/2024\\\/03\\\/13\\\/el-lado-oscuro\\\/#primaryimage\"},\"image\":{\"@id\":\"https:\\\/\\\/www.eldiario.net\\\/portal\\\/2024\\\/03\\\/13\\\/el-lado-oscuro\\\/#primaryimage\"},\"thumbnailUrl\":\"https:\\\/\\\/www.eldiario.net\\\/portal\\\/wp-content\\\/uploads\\\/2024\\\/03\\\/Luz-Castillo-Vacano.jpg\",\"datePublished\":\"2024-03-13T10:21:08+00:00\",\"breadcrumb\":{\"@id\":\"https:\\\/\\\/www.eldiario.net\\\/portal\\\/2024\\\/03\\\/13\\\/el-lado-oscuro\\\/#breadcrumb\"},\"inLanguage\":\"es\",\"potentialAction\":[{\"@type\":\"ReadAction\",\"target\":[\"https:\\\/\\\/www.eldiario.net\\\/portal\\\/2024\\\/03\\\/13\\\/el-lado-oscuro\\\/\"]}]},{\"@type\":\"ImageObject\",\"inLanguage\":\"es\",\"@id\":\"https:\\\/\\\/www.eldiario.net\\\/portal\\\/2024\\\/03\\\/13\\\/el-lado-oscuro\\\/#primaryimage\",\"url\":\"https:\\\/\\\/www.eldiario.net\\\/portal\\\/wp-content\\\/uploads\\\/2024\\\/03\\\/Luz-Castillo-Vacano.jpg\",\"contentUrl\":\"https:\\\/\\\/www.eldiario.net\\\/portal\\\/wp-content\\\/uploads\\\/2024\\\/03\\\/Luz-Castillo-Vacano.jpg\",\"width\":1200,\"height\":628,\"caption\":\"Luz Castillo Vacano\"},{\"@type\":\"BreadcrumbList\",\"@id\":\"https:\\\/\\\/www.eldiario.net\\\/portal\\\/2024\\\/03\\\/13\\\/el-lado-oscuro\\\/#breadcrumb\",\"itemListElement\":[{\"@type\":\"ListItem\",\"position\":1,\"name\":\"Portada\",\"item\":\"https:\\\/\\\/www.eldiario.net\\\/portal\\\/\"},{\"@type\":\"ListItem\",\"position\":2,\"name\":\"El lado oscuro\"}]},{\"@type\":\"WebSite\",\"@id\":\"https:\\\/\\\/www.eldiario.net\\\/portal\\\/#website\",\"url\":\"https:\\\/\\\/www.eldiario.net\\\/portal\\\/\",\"name\":\"El Diario - Decano de la prensa nacional\",\"description\":\"El Diario - Decano de la prensa nacional\",\"publisher\":{\"@id\":\"https:\\\/\\\/www.eldiario.net\\\/portal\\\/#organization\"},\"potentialAction\":[{\"@type\":\"SearchAction\",\"target\":{\"@type\":\"EntryPoint\",\"urlTemplate\":\"https:\\\/\\\/www.eldiario.net\\\/portal\\\/?s={search_term_string}\"},\"query-input\":{\"@type\":\"PropertyValueSpecification\",\"valueRequired\":true,\"valueName\":\"search_term_string\"}}],\"inLanguage\":\"es\"},{\"@type\":\"Organization\",\"@id\":\"https:\\\/\\\/www.eldiario.net\\\/portal\\\/#organization\",\"name\":\"El Diario - Decano de la prensa nacional\",\"url\":\"https:\\\/\\\/www.eldiario.net\\\/portal\\\/\",\"logo\":{\"@type\":\"ImageObject\",\"inLanguage\":\"es\",\"@id\":\"https:\\\/\\\/www.eldiario.net\\\/portal\\\/#\\\/schema\\\/logo\\\/image\\\/\",\"url\":\"https:\\\/\\\/www.eldiario.net\\\/portal\\\/wp-content\\\/uploads\\\/2023\\\/07\\\/logo_ED.jpg\",\"contentUrl\":\"https:\\\/\\\/www.eldiario.net\\\/portal\\\/wp-content\\\/uploads\\\/2023\\\/07\\\/logo_ED.jpg\",\"width\":272,\"height\":52,\"caption\":\"El Diario - Decano de la prensa nacional\"},\"image\":{\"@id\":\"https:\\\/\\\/www.eldiario.net\\\/portal\\\/#\\\/schema\\\/logo\\\/image\\\/\"},\"sameAs\":[\"https:\\\/\\\/www.facebook.com\\\/eldiario.bolivia\\\/\",\"https:\\\/\\\/x.com\\\/eldiario_net\"]},{\"@type\":\"Person\",\"@id\":\"https:\\\/\\\/www.eldiario.net\\\/portal\\\/#\\\/schema\\\/person\\\/2c57cf2b7a7ae032e449e4c9b1019eac\",\"name\":\"Jeanette\",\"image\":{\"@type\":\"ImageObject\",\"inLanguage\":\"es\",\"@id\":\"https:\\\/\\\/secure.gravatar.com\\\/avatar\\\/3ea2118a5f7dad2b7138b1187a6b7ee55f160b9968b66013c3a3ef39dd7e5798?s=96&d=mm&r=g\",\"url\":\"https:\\\/\\\/secure.gravatar.com\\\/avatar\\\/3ea2118a5f7dad2b7138b1187a6b7ee55f160b9968b66013c3a3ef39dd7e5798?s=96&d=mm&r=g\",\"contentUrl\":\"https:\\\/\\\/secure.gravatar.com\\\/avatar\\\/3ea2118a5f7dad2b7138b1187a6b7ee55f160b9968b66013c3a3ef39dd7e5798?s=96&d=mm&r=g\",\"caption\":\"Jeanette\"},\"sameAs\":[\"https:\\\/\\\/www.eldiario.net\\\/portal\"],\"url\":\"https:\\\/\\\/www.eldiario.net\\\/portal\\\/author\\\/jeanette\\\/\"}]}<\/script>\n<!-- \/ Yoast SEO plugin. -->","yoast_head_json":{"title":"El lado oscuro - El Diario - Bolivia","robots":{"index":"index","follow":"follow","max-snippet":"max-snippet:-1","max-image-preview":"max-image-preview:large","max-video-preview":"max-video-preview:-1"},"canonical":"https:\/\/www.eldiario.net\/portal\/2024\/03\/13\/el-lado-oscuro\/","og_locale":"es_ES","og_type":"article","og_title":"El lado oscuro - El Diario - Bolivia","og_description":"Habiendo festejado el Carnaval, ahora se nos viene un periodo relativamente tranquilo hasta medio a\u00f1o, cuando comienzan las fiestas patronales y de nuevo surge la efervescencia festiva de la cual mucho se disfruta, por ser parte de la construcci\u00f3n de las identidades culturales bolivianas. Pero todo tiene un lado oscuro. En el caso de la [&hellip;]","og_url":"https:\/\/www.eldiario.net\/portal\/2024\/03\/13\/el-lado-oscuro\/","og_site_name":"El Diario - Bolivia","article_publisher":"https:\/\/www.facebook.com\/eldiario.bolivia\/","article_published_time":"2024-03-13T10:21:08+00:00","og_image":[{"width":1200,"height":628,"url":"https:\/\/www.eldiario.net\/portal\/wp-content\/uploads\/2024\/03\/Luz-Castillo-Vacano.jpg","type":"image\/jpeg"}],"author":"Jeanette","twitter_card":"summary_large_image","twitter_creator":"@eldiario_net","twitter_site":"@eldiario_net","twitter_misc":{"Escrito por":"Jeanette","Tiempo de lectura":"3 minutos"},"schema":{"@context":"https:\/\/schema.org","@graph":[{"@type":"Article","@id":"https:\/\/www.eldiario.net\/portal\/2024\/03\/13\/el-lado-oscuro\/#article","isPartOf":{"@id":"https:\/\/www.eldiario.net\/portal\/2024\/03\/13\/el-lado-oscuro\/"},"author":{"name":"Jeanette","@id":"https:\/\/www.eldiario.net\/portal\/#\/schema\/person\/2c57cf2b7a7ae032e449e4c9b1019eac"},"headline":"El lado oscuro","datePublished":"2024-03-13T10:21:08+00:00","mainEntityOfPage":{"@id":"https:\/\/www.eldiario.net\/portal\/2024\/03\/13\/el-lado-oscuro\/"},"wordCount":603,"commentCount":0,"publisher":{"@id":"https:\/\/www.eldiario.net\/portal\/#organization"},"image":{"@id":"https:\/\/www.eldiario.net\/portal\/2024\/03\/13\/el-lado-oscuro\/#primaryimage"},"thumbnailUrl":"https:\/\/www.eldiario.net\/portal\/wp-content\/uploads\/2024\/03\/Luz-Castillo-Vacano.jpg","articleSection":["Opini\u00f3n"],"inLanguage":"es","potentialAction":[{"@type":"CommentAction","name":"Comment","target":["https:\/\/www.eldiario.net\/portal\/2024\/03\/13\/el-lado-oscuro\/#respond"]}]},{"@type":"WebPage","@id":"https:\/\/www.eldiario.net\/portal\/2024\/03\/13\/el-lado-oscuro\/","url":"https:\/\/www.eldiario.net\/portal\/2024\/03\/13\/el-lado-oscuro\/","name":"El lado oscuro - El Diario - Bolivia","isPartOf":{"@id":"https:\/\/www.eldiario.net\/portal\/#website"},"primaryImageOfPage":{"@id":"https:\/\/www.eldiario.net\/portal\/2024\/03\/13\/el-lado-oscuro\/#primaryimage"},"image":{"@id":"https:\/\/www.eldiario.net\/portal\/2024\/03\/13\/el-lado-oscuro\/#primaryimage"},"thumbnailUrl":"https:\/\/www.eldiario.net\/portal\/wp-content\/uploads\/2024\/03\/Luz-Castillo-Vacano.jpg","datePublished":"2024-03-13T10:21:08+00:00","breadcrumb":{"@id":"https:\/\/www.eldiario.net\/portal\/2024\/03\/13\/el-lado-oscuro\/#breadcrumb"},"inLanguage":"es","potentialAction":[{"@type":"ReadAction","target":["https:\/\/www.eldiario.net\/portal\/2024\/03\/13\/el-lado-oscuro\/"]}]},{"@type":"ImageObject","inLanguage":"es","@id":"https:\/\/www.eldiario.net\/portal\/2024\/03\/13\/el-lado-oscuro\/#primaryimage","url":"https:\/\/www.eldiario.net\/portal\/wp-content\/uploads\/2024\/03\/Luz-Castillo-Vacano.jpg","contentUrl":"https:\/\/www.eldiario.net\/portal\/wp-content\/uploads\/2024\/03\/Luz-Castillo-Vacano.jpg","width":1200,"height":628,"caption":"Luz Castillo Vacano"},{"@type":"BreadcrumbList","@id":"https:\/\/www.eldiario.net\/portal\/2024\/03\/13\/el-lado-oscuro\/#breadcrumb","itemListElement":[{"@type":"ListItem","position":1,"name":"Portada","item":"https:\/\/www.eldiario.net\/portal\/"},{"@type":"ListItem","position":2,"name":"El lado oscuro"}]},{"@type":"WebSite","@id":"https:\/\/www.eldiario.net\/portal\/#website","url":"https:\/\/www.eldiario.net\/portal\/","name":"El Diario - Decano de la prensa nacional","description":"El Diario - Decano de la prensa nacional","publisher":{"@id":"https:\/\/www.eldiario.net\/portal\/#organization"},"potentialAction":[{"@type":"SearchAction","target":{"@type":"EntryPoint","urlTemplate":"https:\/\/www.eldiario.net\/portal\/?s={search_term_string}"},"query-input":{"@type":"PropertyValueSpecification","valueRequired":true,"valueName":"search_term_string"}}],"inLanguage":"es"},{"@type":"Organization","@id":"https:\/\/www.eldiario.net\/portal\/#organization","name":"El Diario - Decano de la prensa nacional","url":"https:\/\/www.eldiario.net\/portal\/","logo":{"@type":"ImageObject","inLanguage":"es","@id":"https:\/\/www.eldiario.net\/portal\/#\/schema\/logo\/image\/","url":"https:\/\/www.eldiario.net\/portal\/wp-content\/uploads\/2023\/07\/logo_ED.jpg","contentUrl":"https:\/\/www.eldiario.net\/portal\/wp-content\/uploads\/2023\/07\/logo_ED.jpg","width":272,"height":52,"caption":"El Diario - Decano de la prensa nacional"},"image":{"@id":"https:\/\/www.eldiario.net\/portal\/#\/schema\/logo\/image\/"},"sameAs":["https:\/\/www.facebook.com\/eldiario.bolivia\/","https:\/\/x.com\/eldiario_net"]},{"@type":"Person","@id":"https:\/\/www.eldiario.net\/portal\/#\/schema\/person\/2c57cf2b7a7ae032e449e4c9b1019eac","name":"Jeanette","image":{"@type":"ImageObject","inLanguage":"es","@id":"https:\/\/secure.gravatar.com\/avatar\/3ea2118a5f7dad2b7138b1187a6b7ee55f160b9968b66013c3a3ef39dd7e5798?s=96&d=mm&r=g","url":"https:\/\/secure.gravatar.com\/avatar\/3ea2118a5f7dad2b7138b1187a6b7ee55f160b9968b66013c3a3ef39dd7e5798?s=96&d=mm&r=g","contentUrl":"https:\/\/secure.gravatar.com\/avatar\/3ea2118a5f7dad2b7138b1187a6b7ee55f160b9968b66013c3a3ef39dd7e5798?s=96&d=mm&r=g","caption":"Jeanette"},"sameAs":["https:\/\/www.eldiario.net\/portal"],"url":"https:\/\/www.eldiario.net\/portal\/author\/jeanette\/"}]}},"_links":{"self":[{"href":"https:\/\/www.eldiario.net\/portal\/wp-json\/wp\/v2\/posts\/207967","targetHints":{"allow":["GET"]}}],"collection":[{"href":"https:\/\/www.eldiario.net\/portal\/wp-json\/wp\/v2\/posts"}],"about":[{"href":"https:\/\/www.eldiario.net\/portal\/wp-json\/wp\/v2\/types\/post"}],"author":[{"embeddable":true,"href":"https:\/\/www.eldiario.net\/portal\/wp-json\/wp\/v2\/users\/1"}],"replies":[{"embeddable":true,"href":"https:\/\/www.eldiario.net\/portal\/wp-json\/wp\/v2\/comments?post=207967"}],"version-history":[{"count":1,"href":"https:\/\/www.eldiario.net\/portal\/wp-json\/wp\/v2\/posts\/207967\/revisions"}],"predecessor-version":[{"id":207968,"href":"https:\/\/www.eldiario.net\/portal\/wp-json\/wp\/v2\/posts\/207967\/revisions\/207968"}],"wp:featuredmedia":[{"embeddable":true,"href":"https:\/\/www.eldiario.net\/portal\/wp-json\/wp\/v2\/media\/205933"}],"wp:attachment":[{"href":"https:\/\/www.eldiario.net\/portal\/wp-json\/wp\/v2\/media?parent=207967"}],"wp:term":[{"taxonomy":"category","embeddable":true,"href":"https:\/\/www.eldiario.net\/portal\/wp-json\/wp\/v2\/categories?post=207967"},{"taxonomy":"post_tag","embeddable":true,"href":"https:\/\/www.eldiario.net\/portal\/wp-json\/wp\/v2\/tags?post=207967"}],"curies":[{"name":"wp","href":"https:\/\/api.w.org\/{rel}","templated":true}]}}