{"id":207957,"date":"2024-03-13T06:18:15","date_gmt":"2024-03-13T10:18:15","guid":{"rendered":"https:\/\/www.eldiario.net\/portal\/?p=207957"},"modified":"2024-03-13T06:18:15","modified_gmt":"2024-03-13T10:18:15","slug":"reprochan-gasto-de-recursos-en-reunion-del-grupo-de-puebla","status":"publish","type":"post","link":"https:\/\/www.eldiario.net\/portal\/2024\/03\/13\/reprochan-gasto-de-recursos-en-reunion-del-grupo-de-puebla\/","title":{"rendered":"Reprochan gasto de recursos  en reuni\u00f3n del Grupo de Puebla"},"content":{"rendered":"<p>Luego de la realizaci\u00f3n de un encuentro entre el presidente del Estado, Luis Arce Catacora, con representantes del denominado \u201cGrupo de Puebla\u201d, opositores\u00a0cuestionaron que, en plena crisis econ\u00f3mica, el Estado boliviano destine recursos para la organizaci\u00f3n de este tipo de eventos de car\u00e1cter pol\u00edtico, con la presencia de personajes cuestionados en sus pa\u00edses.<br \/>\nCon la confirmaci\u00f3n de que el Primer Mandatario sostuvo reuniones con expresidentes que comparten la l\u00ednea ideol\u00f3gica del socialismo del siglo XXI, se desataron duras cr\u00edticas al financiamiento destinado a estos encuentros y la coordinaci\u00f3n del poder con la izquierda internacional.<br \/>\nPara la diputada Luciana Campero, de Comunidad Ciudadana, es lamentable que pese a la situaci\u00f3n econ\u00f3mica del pa\u00eds desde el Gobierno se destinen recursos para eventos pol\u00edticos que solo son de inter\u00e9s para el partido oficialista.<br \/>\nCampero, exigi\u00f3 conocer detalles de los gastos erogados por el Estado boliviano, por concepto de pasajes y vi\u00e1ticos para los disertantes y otros asistentes al evento.<br \/>\n\u201cEn plena crisis econ\u00f3mica, el gobierno de Luis Arce contin\u00faa \u2018despilfarrando\u2019 los recursos del pueblo. Las \u2018charlas\u2019 que est\u00e1n dando los socialistas Alberto Fern\u00e1ndez, Jos\u00e9 Luis Rodr\u00edguez Zapatero, Ernesto Samper y la dictadora venezolana Delcy Rodr\u00edguez, le cuesta a los bolivianos al menos $us 5.000, solo en pasajes y estad\u00eda, sin contar con lo que deben estar cobrando\u201d, reclam\u00f3 la legisladora desde sus redes sociales.<br \/>\nEn criterio de la asamble\u00edsta de oposici\u00f3n, es reprochable que exmandatarios cuestionados en sus respectivos pa\u00edses, arriben a territorio nacional a exponer experiencias y facilitar acercamientos para solucionar la divisi\u00f3n en el partido azul, como se anunci\u00f3 de forma extraoficial antes del evento.<br \/>\n\u201cExigimos a la Escuela de Gesti\u00f3n P\u00fablica aclarar el monto total del despilfarro para traer a un seminario tipos que fundieron sus pa\u00edses y para arreglar los problemas internos del MAS. Realizaremos la respectiva fiscalizaci\u00f3n\u201d, adelant\u00f3.<br \/>\nEn la misma l\u00ednea, la expresidenta del Estado, Jeanine A\u00f1ez Ch\u00e1vez, cuestion\u00f3 la \u201cdesfachatez\u201d demostrada por representantes del denominado \u201cGrupo de Puebla\u201d, al arribar a territorio nacional, pese al rechazo generalizado en varios pa\u00edses de la regi\u00f3n.<br \/>\nInsistiendo en que, esta presencia solo demuestra la unidad de organizaciones pol\u00edticas de izquierda radical para continuar atentando contra la democracia, A\u00f1ez se\u00f1al\u00f3 que la visita busca profundizar la persecuci\u00f3n pol\u00edtica que se vive en el pa\u00eds contra todo ciudadano que no comparte la l\u00ednea ideol\u00f3gica del masismo y sus aliados.<br \/>\n\u201cLa desfachatez del Grupo de Puebla de venir a Bolivia, a seguir dando instrucciones a sus socios del MAS para fortalecer la persecuci\u00f3n y linchamiento de 250 presos pol\u00edticos del r\u00e9gimen, muestra que el cinismo y el aparato contra la oposici\u00f3n est\u00e1n unidos contra la democracia\u201d, expres\u00f3 la exmandataria a trav\u00e9s de su cuenta de la red social X.<br \/>\nAyer, Arce Catacora, confirm\u00f3 haberse reunido en Santa Cruz con tres expresidentes y la actual vicepresidenta de Venezuela, Delcy Rodr\u00edguez, miembros del Grupo de Puebla, adem\u00e1s de otros \u201cl\u00edderes\u201d latinoamericanos con los que revel\u00f3 haber compartido los resultados del modelo econ\u00f3mico masista.<br \/>\n\u201cIntercambiamos sus experiencias y conclusiones del seminario \u2018Nueva arquitectura financiera regional, desaf\u00edos para una mejor integraci\u00f3n en un mundo de cambios\u2019. Nosotros, compartimos los resultados de nuestro Modelo Econ\u00f3mico Social Comunitario Productivo\u201d, se\u00f1ala una publicaci\u00f3n del mandatario.<br \/>\nDesde la Agencia de noticias Estatal se confirm\u00f3 que Arce tambi\u00e9n se reuni\u00f3 con Jorge Arreaza, secretario ejecutivo de la Alianza Bolivariana de Nuestra Am\u00e9rica \u2013 Tratado de Libre Comercio de los Pueblos (ALBA-TCP), quien le comparti\u00f3 el trabajo que desarrolla el organismo internacional y los planes a futuro.<br \/>\nSostuvo que los enormes retos en materia econ\u00f3mica, financiera y comercial de los pa\u00edses de Am\u00e9rica Latina fueron tema principal de este seminario internacional, organizado por la Escuela de Gesti\u00f3n P\u00fablica Plurinacional. \u201cSeguiremos luchando por el progreso de nuestros pueblos\u201d, indic\u00f3.<br \/>\nAnteriormente, el expresidente de Bolivia, Jorge Quiroga Ram\u00edrez, hab\u00eda manifestado que la presencia de los expresidentes y otros representantes del denominado \u201cGrupo de Puebla\u201d, responde a la preocupaci\u00f3n de la izquierda regional ante la agudizaci\u00f3n de las disputas internas en el Movimiento al Socialismo.<br \/>\n\u201cCastro y Maduro desesperados por conflicto en la yunta saqueadora, ahora env\u00edan a desacreditados exmandatarios como consejeros matrimoniales Masistas. Evo Morales y Luis Arce llegaron juntos el 2005, Bolivia los despedir\u00e1 juntos el 2025\u201d, afirm\u00f3.<\/p>\n","protected":false},"excerpt":{"rendered":"<p>Luego de la realizaci\u00f3n de un encuentro entre el presidente del Estado, Luis Arce Catacora, con representantes del denominado \u201cGrupo de Puebla\u201d, opositores\u00a0cuestionaron que, en plena crisis econ\u00f3mica, el Estado boliviano destine recursos para la organizaci\u00f3n de este tipo de eventos de car\u00e1cter pol\u00edtico, con la presencia de personajes cuestionados en sus pa\u00edses. Con la [&hellip;]<\/p>\n","protected":false},"author":1,"featured_media":207958,"comment_status":"open","ping_status":"open","sticky":false,"template":"","format":"standard","meta":{"_acf_changed":false,"footnotes":""},"categories":[14],"tags":[],"class_list":["post-207957","post","type-post","status-publish","format-standard","has-post-thumbnail","category-politica"],"acf":{"antetitulo":"En plena crisis"},"yoast_head":"<!-- This site is optimized with the Yoast SEO plugin v28.4 - https:\/\/yoast.com\/product\/yoast-seo-wordpress\/ -->\n<title>Reprochan gasto de recursos en reuni\u00f3n del Grupo de Puebla - El Diario - Bolivia<\/title>\n<meta name=\"robots\" content=\"index, follow, max-snippet:-1, max-image-preview:large, max-video-preview:-1\" \/>\n<link rel=\"canonical\" href=\"https:\/\/www.eldiario.net\/portal\/2024\/03\/13\/reprochan-gasto-de-recursos-en-reunion-del-grupo-de-puebla\/\" \/>\n<meta property=\"og:locale\" content=\"es_ES\" \/>\n<meta property=\"og:type\" content=\"article\" \/>\n<meta property=\"og:title\" content=\"Reprochan gasto de recursos en reuni\u00f3n del Grupo de Puebla - El Diario - Bolivia\" \/>\n<meta property=\"og:description\" content=\"Luego de la realizaci\u00f3n de un encuentro entre el presidente del Estado, Luis Arce Catacora, con representantes del denominado \u201cGrupo de Puebla\u201d, opositores\u00a0cuestionaron que, en plena crisis econ\u00f3mica, el Estado boliviano destine recursos para la organizaci\u00f3n de este tipo de eventos de car\u00e1cter pol\u00edtico, con la presencia de personajes cuestionados en sus pa\u00edses. Con la [&hellip;]\" \/>\n<meta property=\"og:url\" content=\"https:\/\/www.eldiario.net\/portal\/2024\/03\/13\/reprochan-gasto-de-recursos-en-reunion-del-grupo-de-puebla\/\" \/>\n<meta property=\"og:site_name\" content=\"El Diario - Bolivia\" \/>\n<meta property=\"article:publisher\" content=\"https:\/\/www.facebook.com\/eldiario.bolivia\/\" \/>\n<meta property=\"article:published_time\" content=\"2024-03-13T10:18:15+00:00\" \/>\n<meta property=\"og:image\" content=\"https:\/\/www.eldiario.net\/portal\/wp-content\/uploads\/2024\/03\/40-POL-4.jpg\" \/>\n\t<meta property=\"og:image:width\" content=\"680\" \/>\n\t<meta property=\"og:image:height\" content=\"519\" \/>\n\t<meta property=\"og:image:type\" content=\"image\/jpeg\" \/>\n<meta name=\"author\" content=\"Jeanette\" \/>\n<meta name=\"twitter:card\" content=\"summary_large_image\" \/>\n<meta name=\"twitter:creator\" content=\"@eldiario_net\" \/>\n<meta name=\"twitter:site\" content=\"@eldiario_net\" \/>\n<meta name=\"twitter:label1\" content=\"Escrito por\" \/>\n\t<meta name=\"twitter:data1\" content=\"Jeanette\" \/>\n\t<meta name=\"twitter:label2\" content=\"Tiempo de lectura\" \/>\n\t<meta name=\"twitter:data2\" content=\"4 minutos\" \/>\n<script type=\"application\/ld+json\" class=\"yoast-schema-graph\">{\"@context\":\"https:\\\/\\\/schema.org\",\"@graph\":[{\"@type\":\"Article\",\"@id\":\"https:\\\/\\\/www.eldiario.net\\\/portal\\\/2024\\\/03\\\/13\\\/reprochan-gasto-de-recursos-en-reunion-del-grupo-de-puebla\\\/#article\",\"isPartOf\":{\"@id\":\"https:\\\/\\\/www.eldiario.net\\\/portal\\\/2024\\\/03\\\/13\\\/reprochan-gasto-de-recursos-en-reunion-del-grupo-de-puebla\\\/\"},\"author\":{\"name\":\"Jeanette\",\"@id\":\"https:\\\/\\\/www.eldiario.net\\\/portal\\\/#\\\/schema\\\/person\\\/2c57cf2b7a7ae032e449e4c9b1019eac\"},\"headline\":\"Reprochan gasto de recursos en reuni\u00f3n del Grupo de Puebla\",\"datePublished\":\"2024-03-13T10:18:15+00:00\",\"mainEntityOfPage\":{\"@id\":\"https:\\\/\\\/www.eldiario.net\\\/portal\\\/2024\\\/03\\\/13\\\/reprochan-gasto-de-recursos-en-reunion-del-grupo-de-puebla\\\/\"},\"wordCount\":774,\"commentCount\":0,\"publisher\":{\"@id\":\"https:\\\/\\\/www.eldiario.net\\\/portal\\\/#organization\"},\"image\":{\"@id\":\"https:\\\/\\\/www.eldiario.net\\\/portal\\\/2024\\\/03\\\/13\\\/reprochan-gasto-de-recursos-en-reunion-del-grupo-de-puebla\\\/#primaryimage\"},\"thumbnailUrl\":\"https:\\\/\\\/www.eldiario.net\\\/portal\\\/wp-content\\\/uploads\\\/2024\\\/03\\\/40-POL-4.jpg\",\"articleSection\":[\"Pol\u00edtica\"],\"inLanguage\":\"es\",\"potentialAction\":[{\"@type\":\"CommentAction\",\"name\":\"Comment\",\"target\":[\"https:\\\/\\\/www.eldiario.net\\\/portal\\\/2024\\\/03\\\/13\\\/reprochan-gasto-de-recursos-en-reunion-del-grupo-de-puebla\\\/#respond\"]}]},{\"@type\":\"WebPage\",\"@id\":\"https:\\\/\\\/www.eldiario.net\\\/portal\\\/2024\\\/03\\\/13\\\/reprochan-gasto-de-recursos-en-reunion-del-grupo-de-puebla\\\/\",\"url\":\"https:\\\/\\\/www.eldiario.net\\\/portal\\\/2024\\\/03\\\/13\\\/reprochan-gasto-de-recursos-en-reunion-del-grupo-de-puebla\\\/\",\"name\":\"Reprochan gasto de recursos en reuni\u00f3n del Grupo de Puebla - El Diario - Bolivia\",\"isPartOf\":{\"@id\":\"https:\\\/\\\/www.eldiario.net\\\/portal\\\/#website\"},\"primaryImageOfPage\":{\"@id\":\"https:\\\/\\\/www.eldiario.net\\\/portal\\\/2024\\\/03\\\/13\\\/reprochan-gasto-de-recursos-en-reunion-del-grupo-de-puebla\\\/#primaryimage\"},\"image\":{\"@id\":\"https:\\\/\\\/www.eldiario.net\\\/portal\\\/2024\\\/03\\\/13\\\/reprochan-gasto-de-recursos-en-reunion-del-grupo-de-puebla\\\/#primaryimage\"},\"thumbnailUrl\":\"https:\\\/\\\/www.eldiario.net\\\/portal\\\/wp-content\\\/uploads\\\/2024\\\/03\\\/40-POL-4.jpg\",\"datePublished\":\"2024-03-13T10:18:15+00:00\",\"breadcrumb\":{\"@id\":\"https:\\\/\\\/www.eldiario.net\\\/portal\\\/2024\\\/03\\\/13\\\/reprochan-gasto-de-recursos-en-reunion-del-grupo-de-puebla\\\/#breadcrumb\"},\"inLanguage\":\"es\",\"potentialAction\":[{\"@type\":\"ReadAction\",\"target\":[\"https:\\\/\\\/www.eldiario.net\\\/portal\\\/2024\\\/03\\\/13\\\/reprochan-gasto-de-recursos-en-reunion-del-grupo-de-puebla\\\/\"]}]},{\"@type\":\"ImageObject\",\"inLanguage\":\"es\",\"@id\":\"https:\\\/\\\/www.eldiario.net\\\/portal\\\/2024\\\/03\\\/13\\\/reprochan-gasto-de-recursos-en-reunion-del-grupo-de-puebla\\\/#primaryimage\",\"url\":\"https:\\\/\\\/www.eldiario.net\\\/portal\\\/wp-content\\\/uploads\\\/2024\\\/03\\\/40-POL-4.jpg\",\"contentUrl\":\"https:\\\/\\\/www.eldiario.net\\\/portal\\\/wp-content\\\/uploads\\\/2024\\\/03\\\/40-POL-4.jpg\",\"width\":680,\"height\":519,\"caption\":\"Presidente Arce y miembros del Grupo de Puebla.\"},{\"@type\":\"BreadcrumbList\",\"@id\":\"https:\\\/\\\/www.eldiario.net\\\/portal\\\/2024\\\/03\\\/13\\\/reprochan-gasto-de-recursos-en-reunion-del-grupo-de-puebla\\\/#breadcrumb\",\"itemListElement\":[{\"@type\":\"ListItem\",\"position\":1,\"name\":\"Portada\",\"item\":\"https:\\\/\\\/www.eldiario.net\\\/portal\\\/\"},{\"@type\":\"ListItem\",\"position\":2,\"name\":\"Reprochan gasto de recursos en reuni\u00f3n del Grupo de Puebla\"}]},{\"@type\":\"WebSite\",\"@id\":\"https:\\\/\\\/www.eldiario.net\\\/portal\\\/#website\",\"url\":\"https:\\\/\\\/www.eldiario.net\\\/portal\\\/\",\"name\":\"El Diario - Decano de la prensa nacional\",\"description\":\"El Diario - Decano de la prensa nacional\",\"publisher\":{\"@id\":\"https:\\\/\\\/www.eldiario.net\\\/portal\\\/#organization\"},\"potentialAction\":[{\"@type\":\"SearchAction\",\"target\":{\"@type\":\"EntryPoint\",\"urlTemplate\":\"https:\\\/\\\/www.eldiario.net\\\/portal\\\/?s={search_term_string}\"},\"query-input\":{\"@type\":\"PropertyValueSpecification\",\"valueRequired\":true,\"valueName\":\"search_term_string\"}}],\"inLanguage\":\"es\"},{\"@type\":\"Organization\",\"@id\":\"https:\\\/\\\/www.eldiario.net\\\/portal\\\/#organization\",\"name\":\"El Diario - Decano de la prensa nacional\",\"url\":\"https:\\\/\\\/www.eldiario.net\\\/portal\\\/\",\"logo\":{\"@type\":\"ImageObject\",\"inLanguage\":\"es\",\"@id\":\"https:\\\/\\\/www.eldiario.net\\\/portal\\\/#\\\/schema\\\/logo\\\/image\\\/\",\"url\":\"https:\\\/\\\/www.eldiario.net\\\/portal\\\/wp-content\\\/uploads\\\/2023\\\/07\\\/logo_ED.jpg\",\"contentUrl\":\"https:\\\/\\\/www.eldiario.net\\\/portal\\\/wp-content\\\/uploads\\\/2023\\\/07\\\/logo_ED.jpg\",\"width\":272,\"height\":52,\"caption\":\"El Diario - Decano de la prensa nacional\"},\"image\":{\"@id\":\"https:\\\/\\\/www.eldiario.net\\\/portal\\\/#\\\/schema\\\/logo\\\/image\\\/\"},\"sameAs\":[\"https:\\\/\\\/www.facebook.com\\\/eldiario.bolivia\\\/\",\"https:\\\/\\\/x.com\\\/eldiario_net\"]},{\"@type\":\"Person\",\"@id\":\"https:\\\/\\\/www.eldiario.net\\\/portal\\\/#\\\/schema\\\/person\\\/2c57cf2b7a7ae032e449e4c9b1019eac\",\"name\":\"Jeanette\",\"image\":{\"@type\":\"ImageObject\",\"inLanguage\":\"es\",\"@id\":\"https:\\\/\\\/secure.gravatar.com\\\/avatar\\\/3ea2118a5f7dad2b7138b1187a6b7ee55f160b9968b66013c3a3ef39dd7e5798?s=96&d=mm&r=g\",\"url\":\"https:\\\/\\\/secure.gravatar.com\\\/avatar\\\/3ea2118a5f7dad2b7138b1187a6b7ee55f160b9968b66013c3a3ef39dd7e5798?s=96&d=mm&r=g\",\"contentUrl\":\"https:\\\/\\\/secure.gravatar.com\\\/avatar\\\/3ea2118a5f7dad2b7138b1187a6b7ee55f160b9968b66013c3a3ef39dd7e5798?s=96&d=mm&r=g\",\"caption\":\"Jeanette\"},\"sameAs\":[\"https:\\\/\\\/www.eldiario.net\\\/portal\"],\"url\":\"https:\\\/\\\/www.eldiario.net\\\/portal\\\/author\\\/jeanette\\\/\"}]}<\/script>\n<!-- \/ Yoast SEO plugin. -->","yoast_head_json":{"title":"Reprochan gasto de recursos en reuni\u00f3n del Grupo de Puebla - El Diario - Bolivia","robots":{"index":"index","follow":"follow","max-snippet":"max-snippet:-1","max-image-preview":"max-image-preview:large","max-video-preview":"max-video-preview:-1"},"canonical":"https:\/\/www.eldiario.net\/portal\/2024\/03\/13\/reprochan-gasto-de-recursos-en-reunion-del-grupo-de-puebla\/","og_locale":"es_ES","og_type":"article","og_title":"Reprochan gasto de recursos en reuni\u00f3n del Grupo de Puebla - El Diario - Bolivia","og_description":"Luego de la realizaci\u00f3n de un encuentro entre el presidente del Estado, Luis Arce Catacora, con representantes del denominado \u201cGrupo de Puebla\u201d, opositores\u00a0cuestionaron que, en plena crisis econ\u00f3mica, el Estado boliviano destine recursos para la organizaci\u00f3n de este tipo de eventos de car\u00e1cter pol\u00edtico, con la presencia de personajes cuestionados en sus pa\u00edses. Con la [&hellip;]","og_url":"https:\/\/www.eldiario.net\/portal\/2024\/03\/13\/reprochan-gasto-de-recursos-en-reunion-del-grupo-de-puebla\/","og_site_name":"El Diario - Bolivia","article_publisher":"https:\/\/www.facebook.com\/eldiario.bolivia\/","article_published_time":"2024-03-13T10:18:15+00:00","og_image":[{"width":680,"height":519,"url":"https:\/\/www.eldiario.net\/portal\/wp-content\/uploads\/2024\/03\/40-POL-4.jpg","type":"image\/jpeg"}],"author":"Jeanette","twitter_card":"summary_large_image","twitter_creator":"@eldiario_net","twitter_site":"@eldiario_net","twitter_misc":{"Escrito por":"Jeanette","Tiempo de lectura":"4 minutos"},"schema":{"@context":"https:\/\/schema.org","@graph":[{"@type":"Article","@id":"https:\/\/www.eldiario.net\/portal\/2024\/03\/13\/reprochan-gasto-de-recursos-en-reunion-del-grupo-de-puebla\/#article","isPartOf":{"@id":"https:\/\/www.eldiario.net\/portal\/2024\/03\/13\/reprochan-gasto-de-recursos-en-reunion-del-grupo-de-puebla\/"},"author":{"name":"Jeanette","@id":"https:\/\/www.eldiario.net\/portal\/#\/schema\/person\/2c57cf2b7a7ae032e449e4c9b1019eac"},"headline":"Reprochan gasto de recursos en reuni\u00f3n del Grupo de Puebla","datePublished":"2024-03-13T10:18:15+00:00","mainEntityOfPage":{"@id":"https:\/\/www.eldiario.net\/portal\/2024\/03\/13\/reprochan-gasto-de-recursos-en-reunion-del-grupo-de-puebla\/"},"wordCount":774,"commentCount":0,"publisher":{"@id":"https:\/\/www.eldiario.net\/portal\/#organization"},"image":{"@id":"https:\/\/www.eldiario.net\/portal\/2024\/03\/13\/reprochan-gasto-de-recursos-en-reunion-del-grupo-de-puebla\/#primaryimage"},"thumbnailUrl":"https:\/\/www.eldiario.net\/portal\/wp-content\/uploads\/2024\/03\/40-POL-4.jpg","articleSection":["Pol\u00edtica"],"inLanguage":"es","potentialAction":[{"@type":"CommentAction","name":"Comment","target":["https:\/\/www.eldiario.net\/portal\/2024\/03\/13\/reprochan-gasto-de-recursos-en-reunion-del-grupo-de-puebla\/#respond"]}]},{"@type":"WebPage","@id":"https:\/\/www.eldiario.net\/portal\/2024\/03\/13\/reprochan-gasto-de-recursos-en-reunion-del-grupo-de-puebla\/","url":"https:\/\/www.eldiario.net\/portal\/2024\/03\/13\/reprochan-gasto-de-recursos-en-reunion-del-grupo-de-puebla\/","name":"Reprochan gasto de recursos en reuni\u00f3n del Grupo de Puebla - El Diario - Bolivia","isPartOf":{"@id":"https:\/\/www.eldiario.net\/portal\/#website"},"primaryImageOfPage":{"@id":"https:\/\/www.eldiario.net\/portal\/2024\/03\/13\/reprochan-gasto-de-recursos-en-reunion-del-grupo-de-puebla\/#primaryimage"},"image":{"@id":"https:\/\/www.eldiario.net\/portal\/2024\/03\/13\/reprochan-gasto-de-recursos-en-reunion-del-grupo-de-puebla\/#primaryimage"},"thumbnailUrl":"https:\/\/www.eldiario.net\/portal\/wp-content\/uploads\/2024\/03\/40-POL-4.jpg","datePublished":"2024-03-13T10:18:15+00:00","breadcrumb":{"@id":"https:\/\/www.eldiario.net\/portal\/2024\/03\/13\/reprochan-gasto-de-recursos-en-reunion-del-grupo-de-puebla\/#breadcrumb"},"inLanguage":"es","potentialAction":[{"@type":"ReadAction","target":["https:\/\/www.eldiario.net\/portal\/2024\/03\/13\/reprochan-gasto-de-recursos-en-reunion-del-grupo-de-puebla\/"]}]},{"@type":"ImageObject","inLanguage":"es","@id":"https:\/\/www.eldiario.net\/portal\/2024\/03\/13\/reprochan-gasto-de-recursos-en-reunion-del-grupo-de-puebla\/#primaryimage","url":"https:\/\/www.eldiario.net\/portal\/wp-content\/uploads\/2024\/03\/40-POL-4.jpg","contentUrl":"https:\/\/www.eldiario.net\/portal\/wp-content\/uploads\/2024\/03\/40-POL-4.jpg","width":680,"height":519,"caption":"Presidente Arce y miembros del Grupo de Puebla."},{"@type":"BreadcrumbList","@id":"https:\/\/www.eldiario.net\/portal\/2024\/03\/13\/reprochan-gasto-de-recursos-en-reunion-del-grupo-de-puebla\/#breadcrumb","itemListElement":[{"@type":"ListItem","position":1,"name":"Portada","item":"https:\/\/www.eldiario.net\/portal\/"},{"@type":"ListItem","position":2,"name":"Reprochan gasto de recursos en reuni\u00f3n del Grupo de Puebla"}]},{"@type":"WebSite","@id":"https:\/\/www.eldiario.net\/portal\/#website","url":"https:\/\/www.eldiario.net\/portal\/","name":"El Diario - Decano de la prensa nacional","description":"El Diario - Decano de la prensa nacional","publisher":{"@id":"https:\/\/www.eldiario.net\/portal\/#organization"},"potentialAction":[{"@type":"SearchAction","target":{"@type":"EntryPoint","urlTemplate":"https:\/\/www.eldiario.net\/portal\/?s={search_term_string}"},"query-input":{"@type":"PropertyValueSpecification","valueRequired":true,"valueName":"search_term_string"}}],"inLanguage":"es"},{"@type":"Organization","@id":"https:\/\/www.eldiario.net\/portal\/#organization","name":"El Diario - Decano de la prensa nacional","url":"https:\/\/www.eldiario.net\/portal\/","logo":{"@type":"ImageObject","inLanguage":"es","@id":"https:\/\/www.eldiario.net\/portal\/#\/schema\/logo\/image\/","url":"https:\/\/www.eldiario.net\/portal\/wp-content\/uploads\/2023\/07\/logo_ED.jpg","contentUrl":"https:\/\/www.eldiario.net\/portal\/wp-content\/uploads\/2023\/07\/logo_ED.jpg","width":272,"height":52,"caption":"El Diario - Decano de la prensa nacional"},"image":{"@id":"https:\/\/www.eldiario.net\/portal\/#\/schema\/logo\/image\/"},"sameAs":["https:\/\/www.facebook.com\/eldiario.bolivia\/","https:\/\/x.com\/eldiario_net"]},{"@type":"Person","@id":"https:\/\/www.eldiario.net\/portal\/#\/schema\/person\/2c57cf2b7a7ae032e449e4c9b1019eac","name":"Jeanette","image":{"@type":"ImageObject","inLanguage":"es","@id":"https:\/\/secure.gravatar.com\/avatar\/3ea2118a5f7dad2b7138b1187a6b7ee55f160b9968b66013c3a3ef39dd7e5798?s=96&d=mm&r=g","url":"https:\/\/secure.gravatar.com\/avatar\/3ea2118a5f7dad2b7138b1187a6b7ee55f160b9968b66013c3a3ef39dd7e5798?s=96&d=mm&r=g","contentUrl":"https:\/\/secure.gravatar.com\/avatar\/3ea2118a5f7dad2b7138b1187a6b7ee55f160b9968b66013c3a3ef39dd7e5798?s=96&d=mm&r=g","caption":"Jeanette"},"sameAs":["https:\/\/www.eldiario.net\/portal"],"url":"https:\/\/www.eldiario.net\/portal\/author\/jeanette\/"}]}},"_links":{"self":[{"href":"https:\/\/www.eldiario.net\/portal\/wp-json\/wp\/v2\/posts\/207957","targetHints":{"allow":["GET"]}}],"collection":[{"href":"https:\/\/www.eldiario.net\/portal\/wp-json\/wp\/v2\/posts"}],"about":[{"href":"https:\/\/www.eldiario.net\/portal\/wp-json\/wp\/v2\/types\/post"}],"author":[{"embeddable":true,"href":"https:\/\/www.eldiario.net\/portal\/wp-json\/wp\/v2\/users\/1"}],"replies":[{"embeddable":true,"href":"https:\/\/www.eldiario.net\/portal\/wp-json\/wp\/v2\/comments?post=207957"}],"version-history":[{"count":1,"href":"https:\/\/www.eldiario.net\/portal\/wp-json\/wp\/v2\/posts\/207957\/revisions"}],"predecessor-version":[{"id":207959,"href":"https:\/\/www.eldiario.net\/portal\/wp-json\/wp\/v2\/posts\/207957\/revisions\/207959"}],"wp:featuredmedia":[{"embeddable":true,"href":"https:\/\/www.eldiario.net\/portal\/wp-json\/wp\/v2\/media\/207958"}],"wp:attachment":[{"href":"https:\/\/www.eldiario.net\/portal\/wp-json\/wp\/v2\/media?parent=207957"}],"wp:term":[{"taxonomy":"category","embeddable":true,"href":"https:\/\/www.eldiario.net\/portal\/wp-json\/wp\/v2\/categories?post=207957"},{"taxonomy":"post_tag","embeddable":true,"href":"https:\/\/www.eldiario.net\/portal\/wp-json\/wp\/v2\/tags?post=207957"}],"curies":[{"name":"wp","href":"https:\/\/api.w.org\/{rel}","templated":true}]}}