{"id":207778,"date":"2024-03-12T05:06:21","date_gmt":"2024-03-12T09:06:21","guid":{"rendered":"https:\/\/www.eldiario.net\/portal\/?p=207778"},"modified":"2024-03-12T05:06:21","modified_gmt":"2024-03-12T09:06:21","slug":"monitorean-represa-con-alto-riesgo-de-colapso","status":"publish","type":"post","link":"https:\/\/www.eldiario.net\/portal\/2024\/03\/12\/monitorean-represa-con-alto-riesgo-de-colapso\/","title":{"rendered":"Monitorean represa con  \u00abalto riesgo de colapso\u00bb"},"content":{"rendered":"<p class=\"v1MsoNormal\">El secretario municipal de Agua, Saneamiento, Gesti\u00f3n Ambiental y Riesgos de El Alto, Gabriel Pari, inform\u00f3 que una represa comunitaria de Milluni se encuentra en alto riesgo de colapso, por lo cual ya se realizan las tareas de monitoreo para lanzar la alerta en caso de que haya problemas.<\/p>\n<p class=\"v1MsoNormal\">De acuerdo con el funcionario edil, dicha represa comunitaria acumula agua para el riego y no se conoce c\u00f3mo se ha construido, puesto que los habitantes del sector s\u00f3lo conocen que viene de sus antepasados.<\/p>\n<p class=\"v1MsoNormal\">\u00abCorre alto riesgo. Cualquier momento la represa se puede derrumbar y podemos tener consecuencias fatales\u00bb, advirti\u00f3 Pari.<\/p>\n<p class=\"v1MsoNormal\">Detall\u00f3 que la represa de riego es bastante grande, porque tiene una capacidad, incluso, mayor a las otras tres que tiene el municipio para el agua potable.<\/p>\n<p class=\"v1MsoNormal\">En ese sentido, apunt\u00f3 que se est\u00e1 monitoreando la situaci\u00f3n para alertar a los vecinos de las riberas del r\u00edo Seke, el cual atraviesa los distritos 14, 5 y 4, sobre posibles rebalses.<\/p>\n<p class=\"v1MsoNormal\">\n<p class=\"v1MsoNormal\">REBALSES<\/p>\n<p class=\"v1MsoNormal\">El secretario municipal, tambi\u00e9n indic\u00f3 que las tres represas para el agua potable de El Alto: Tuni Condiriri, Milluni y Jankokhota, se encuentran llenas al 100% y con rebalse.<\/p>\n<p class=\"v1MsoNormal\">Asimismo, se\u00f1al\u00f3 que con esta cantidad de agua, se tiene garantizado el servicio hasta marzo del 2025.<\/p>\n<p class=\"v1MsoNormal\">\n<p class=\"v1MsoNormal\">PASARELAS<\/p>\n<p class=\"v1MsoNormal\">Respecto a dos pasarelas que fueron movidas por la fuerza del agua del r\u00edo Seke, Pari asegur\u00f3 que ser\u00e1n colocadas en su lugar, pues \u00abno fueron destruidas, fueron movidas de su lugar y las colocaremos con nuestras maquinarias\u00bb.<\/p>\n<p class=\"v1MsoNormal\">Indic\u00f3 que la comuna hab\u00eda advertido de que se registrar\u00eda incremento del caudal debido a las precipitaciones pluviales. \u00abNosotros ya hab\u00edamos anunciado de que iba a haber una precipitaci\u00f3n pluvial bastante fuerte y hemos dado la alerta correspondiente, pero paso esto m\u00e1s bien no hubo da\u00f1os relevantes\u00bb.<\/p>\n","protected":false},"excerpt":{"rendered":"<p>El secretario municipal de Agua, Saneamiento, Gesti\u00f3n Ambiental y Riesgos de El Alto, Gabriel Pari, inform\u00f3 que una represa comunitaria de Milluni se encuentra en alto riesgo de colapso, por lo cual ya se realizan las tareas de monitoreo para lanzar la alerta en caso de que haya problemas. De acuerdo con el funcionario edil, [&hellip;]<\/p>\n","protected":false},"author":1,"featured_media":207779,"comment_status":"open","ping_status":"open","sticky":false,"template":"","format":"standard","meta":{"_acf_changed":false,"footnotes":""},"categories":[12],"tags":[],"class_list":["post-207778","post","type-post","status-publish","format-standard","has-post-thumbnail","category-nacional"],"acf":{"antetitulo":"Alta capacidad de acumulaci\u00f3n"},"yoast_head":"<!-- This site is optimized with the Yoast SEO plugin v28.4 - https:\/\/yoast.com\/product\/yoast-seo-wordpress\/ -->\n<title>Monitorean represa con &quot;alto riesgo de colapso&quot; - El Diario - Bolivia<\/title>\n<meta name=\"robots\" content=\"index, follow, max-snippet:-1, max-image-preview:large, max-video-preview:-1\" \/>\n<link rel=\"canonical\" href=\"https:\/\/www.eldiario.net\/portal\/2024\/03\/12\/monitorean-represa-con-alto-riesgo-de-colapso\/\" \/>\n<meta property=\"og:locale\" content=\"es_ES\" \/>\n<meta property=\"og:type\" content=\"article\" \/>\n<meta property=\"og:title\" content=\"Monitorean represa con &quot;alto riesgo de colapso&quot; - El Diario - Bolivia\" \/>\n<meta property=\"og:description\" content=\"El secretario municipal de Agua, Saneamiento, Gesti\u00f3n Ambiental y Riesgos de El Alto, Gabriel Pari, inform\u00f3 que una represa comunitaria de Milluni se encuentra en alto riesgo de colapso, por lo cual ya se realizan las tareas de monitoreo para lanzar la alerta en caso de que haya problemas. De acuerdo con el funcionario edil, [&hellip;]\" \/>\n<meta property=\"og:url\" content=\"https:\/\/www.eldiario.net\/portal\/2024\/03\/12\/monitorean-represa-con-alto-riesgo-de-colapso\/\" \/>\n<meta property=\"og:site_name\" content=\"El Diario - Bolivia\" \/>\n<meta property=\"article:publisher\" content=\"https:\/\/www.facebook.com\/eldiario.bolivia\/\" \/>\n<meta property=\"article:published_time\" content=\"2024-03-12T09:06:21+00:00\" \/>\n<meta property=\"og:image\" content=\"https:\/\/www.eldiario.net\/portal\/wp-content\/uploads\/2024\/03\/F-2-EA-monitoreo.jpg\" \/>\n\t<meta property=\"og:image:width\" content=\"259\" \/>\n\t<meta property=\"og:image:height\" content=\"194\" \/>\n\t<meta property=\"og:image:type\" content=\"image\/jpeg\" \/>\n<meta name=\"author\" content=\"Jeanette\" \/>\n<meta name=\"twitter:card\" content=\"summary_large_image\" \/>\n<meta name=\"twitter:creator\" content=\"@eldiario_net\" \/>\n<meta name=\"twitter:site\" content=\"@eldiario_net\" \/>\n<meta name=\"twitter:label1\" content=\"Escrito por\" \/>\n\t<meta name=\"twitter:data1\" content=\"Jeanette\" \/>\n\t<meta name=\"twitter:label2\" content=\"Tiempo de lectura\" \/>\n\t<meta name=\"twitter:data2\" content=\"2 minutos\" \/>\n<script type=\"application\/ld+json\" class=\"yoast-schema-graph\">{\"@context\":\"https:\\\/\\\/schema.org\",\"@graph\":[{\"@type\":\"Article\",\"@id\":\"https:\\\/\\\/www.eldiario.net\\\/portal\\\/2024\\\/03\\\/12\\\/monitorean-represa-con-alto-riesgo-de-colapso\\\/#article\",\"isPartOf\":{\"@id\":\"https:\\\/\\\/www.eldiario.net\\\/portal\\\/2024\\\/03\\\/12\\\/monitorean-represa-con-alto-riesgo-de-colapso\\\/\"},\"author\":{\"name\":\"Jeanette\",\"@id\":\"https:\\\/\\\/www.eldiario.net\\\/portal\\\/#\\\/schema\\\/person\\\/2c57cf2b7a7ae032e449e4c9b1019eac\"},\"headline\":\"Monitorean represa con \u00abalto riesgo de colapso\u00bb\",\"datePublished\":\"2024-03-12T09:06:21+00:00\",\"mainEntityOfPage\":{\"@id\":\"https:\\\/\\\/www.eldiario.net\\\/portal\\\/2024\\\/03\\\/12\\\/monitorean-represa-con-alto-riesgo-de-colapso\\\/\"},\"wordCount\":311,\"commentCount\":0,\"publisher\":{\"@id\":\"https:\\\/\\\/www.eldiario.net\\\/portal\\\/#organization\"},\"image\":{\"@id\":\"https:\\\/\\\/www.eldiario.net\\\/portal\\\/2024\\\/03\\\/12\\\/monitorean-represa-con-alto-riesgo-de-colapso\\\/#primaryimage\"},\"thumbnailUrl\":\"https:\\\/\\\/www.eldiario.net\\\/portal\\\/wp-content\\\/uploads\\\/2024\\\/03\\\/F-2-EA-monitoreo.jpg\",\"articleSection\":[\"Nacional\"],\"inLanguage\":\"es\",\"potentialAction\":[{\"@type\":\"CommentAction\",\"name\":\"Comment\",\"target\":[\"https:\\\/\\\/www.eldiario.net\\\/portal\\\/2024\\\/03\\\/12\\\/monitorean-represa-con-alto-riesgo-de-colapso\\\/#respond\"]}]},{\"@type\":\"WebPage\",\"@id\":\"https:\\\/\\\/www.eldiario.net\\\/portal\\\/2024\\\/03\\\/12\\\/monitorean-represa-con-alto-riesgo-de-colapso\\\/\",\"url\":\"https:\\\/\\\/www.eldiario.net\\\/portal\\\/2024\\\/03\\\/12\\\/monitorean-represa-con-alto-riesgo-de-colapso\\\/\",\"name\":\"Monitorean represa con \\\"alto riesgo de colapso\\\" - El Diario - Bolivia\",\"isPartOf\":{\"@id\":\"https:\\\/\\\/www.eldiario.net\\\/portal\\\/#website\"},\"primaryImageOfPage\":{\"@id\":\"https:\\\/\\\/www.eldiario.net\\\/portal\\\/2024\\\/03\\\/12\\\/monitorean-represa-con-alto-riesgo-de-colapso\\\/#primaryimage\"},\"image\":{\"@id\":\"https:\\\/\\\/www.eldiario.net\\\/portal\\\/2024\\\/03\\\/12\\\/monitorean-represa-con-alto-riesgo-de-colapso\\\/#primaryimage\"},\"thumbnailUrl\":\"https:\\\/\\\/www.eldiario.net\\\/portal\\\/wp-content\\\/uploads\\\/2024\\\/03\\\/F-2-EA-monitoreo.jpg\",\"datePublished\":\"2024-03-12T09:06:21+00:00\",\"breadcrumb\":{\"@id\":\"https:\\\/\\\/www.eldiario.net\\\/portal\\\/2024\\\/03\\\/12\\\/monitorean-represa-con-alto-riesgo-de-colapso\\\/#breadcrumb\"},\"inLanguage\":\"es\",\"potentialAction\":[{\"@type\":\"ReadAction\",\"target\":[\"https:\\\/\\\/www.eldiario.net\\\/portal\\\/2024\\\/03\\\/12\\\/monitorean-represa-con-alto-riesgo-de-colapso\\\/\"]}]},{\"@type\":\"ImageObject\",\"inLanguage\":\"es\",\"@id\":\"https:\\\/\\\/www.eldiario.net\\\/portal\\\/2024\\\/03\\\/12\\\/monitorean-represa-con-alto-riesgo-de-colapso\\\/#primaryimage\",\"url\":\"https:\\\/\\\/www.eldiario.net\\\/portal\\\/wp-content\\\/uploads\\\/2024\\\/03\\\/F-2-EA-monitoreo.jpg\",\"contentUrl\":\"https:\\\/\\\/www.eldiario.net\\\/portal\\\/wp-content\\\/uploads\\\/2024\\\/03\\\/F-2-EA-monitoreo.jpg\",\"width\":259,\"height\":194,\"caption\":\"La represa de Milluni tambi\u00e9n lleg\u00f3 al 100% de su capacidad. CR\u00c9DITO: RRSS\"},{\"@type\":\"BreadcrumbList\",\"@id\":\"https:\\\/\\\/www.eldiario.net\\\/portal\\\/2024\\\/03\\\/12\\\/monitorean-represa-con-alto-riesgo-de-colapso\\\/#breadcrumb\",\"itemListElement\":[{\"@type\":\"ListItem\",\"position\":1,\"name\":\"Portada\",\"item\":\"https:\\\/\\\/www.eldiario.net\\\/portal\\\/\"},{\"@type\":\"ListItem\",\"position\":2,\"name\":\"Monitorean represa con \u00abalto riesgo de colapso\u00bb\"}]},{\"@type\":\"WebSite\",\"@id\":\"https:\\\/\\\/www.eldiario.net\\\/portal\\\/#website\",\"url\":\"https:\\\/\\\/www.eldiario.net\\\/portal\\\/\",\"name\":\"El Diario - Decano de la prensa nacional\",\"description\":\"El Diario - Decano de la prensa nacional\",\"publisher\":{\"@id\":\"https:\\\/\\\/www.eldiario.net\\\/portal\\\/#organization\"},\"potentialAction\":[{\"@type\":\"SearchAction\",\"target\":{\"@type\":\"EntryPoint\",\"urlTemplate\":\"https:\\\/\\\/www.eldiario.net\\\/portal\\\/?s={search_term_string}\"},\"query-input\":{\"@type\":\"PropertyValueSpecification\",\"valueRequired\":true,\"valueName\":\"search_term_string\"}}],\"inLanguage\":\"es\"},{\"@type\":\"Organization\",\"@id\":\"https:\\\/\\\/www.eldiario.net\\\/portal\\\/#organization\",\"name\":\"El Diario - Decano de la prensa nacional\",\"url\":\"https:\\\/\\\/www.eldiario.net\\\/portal\\\/\",\"logo\":{\"@type\":\"ImageObject\",\"inLanguage\":\"es\",\"@id\":\"https:\\\/\\\/www.eldiario.net\\\/portal\\\/#\\\/schema\\\/logo\\\/image\\\/\",\"url\":\"https:\\\/\\\/www.eldiario.net\\\/portal\\\/wp-content\\\/uploads\\\/2023\\\/07\\\/logo_ED.jpg\",\"contentUrl\":\"https:\\\/\\\/www.eldiario.net\\\/portal\\\/wp-content\\\/uploads\\\/2023\\\/07\\\/logo_ED.jpg\",\"width\":272,\"height\":52,\"caption\":\"El Diario - Decano de la prensa nacional\"},\"image\":{\"@id\":\"https:\\\/\\\/www.eldiario.net\\\/portal\\\/#\\\/schema\\\/logo\\\/image\\\/\"},\"sameAs\":[\"https:\\\/\\\/www.facebook.com\\\/eldiario.bolivia\\\/\",\"https:\\\/\\\/x.com\\\/eldiario_net\"]},{\"@type\":\"Person\",\"@id\":\"https:\\\/\\\/www.eldiario.net\\\/portal\\\/#\\\/schema\\\/person\\\/2c57cf2b7a7ae032e449e4c9b1019eac\",\"name\":\"Jeanette\",\"image\":{\"@type\":\"ImageObject\",\"inLanguage\":\"es\",\"@id\":\"https:\\\/\\\/secure.gravatar.com\\\/avatar\\\/3ea2118a5f7dad2b7138b1187a6b7ee55f160b9968b66013c3a3ef39dd7e5798?s=96&d=mm&r=g\",\"url\":\"https:\\\/\\\/secure.gravatar.com\\\/avatar\\\/3ea2118a5f7dad2b7138b1187a6b7ee55f160b9968b66013c3a3ef39dd7e5798?s=96&d=mm&r=g\",\"contentUrl\":\"https:\\\/\\\/secure.gravatar.com\\\/avatar\\\/3ea2118a5f7dad2b7138b1187a6b7ee55f160b9968b66013c3a3ef39dd7e5798?s=96&d=mm&r=g\",\"caption\":\"Jeanette\"},\"sameAs\":[\"https:\\\/\\\/www.eldiario.net\\\/portal\"],\"url\":\"https:\\\/\\\/www.eldiario.net\\\/portal\\\/author\\\/jeanette\\\/\"}]}<\/script>\n<!-- \/ Yoast SEO plugin. -->","yoast_head_json":{"title":"Monitorean represa con \"alto riesgo de colapso\" - El Diario - Bolivia","robots":{"index":"index","follow":"follow","max-snippet":"max-snippet:-1","max-image-preview":"max-image-preview:large","max-video-preview":"max-video-preview:-1"},"canonical":"https:\/\/www.eldiario.net\/portal\/2024\/03\/12\/monitorean-represa-con-alto-riesgo-de-colapso\/","og_locale":"es_ES","og_type":"article","og_title":"Monitorean represa con \"alto riesgo de colapso\" - El Diario - Bolivia","og_description":"El secretario municipal de Agua, Saneamiento, Gesti\u00f3n Ambiental y Riesgos de El Alto, Gabriel Pari, inform\u00f3 que una represa comunitaria de Milluni se encuentra en alto riesgo de colapso, por lo cual ya se realizan las tareas de monitoreo para lanzar la alerta en caso de que haya problemas. De acuerdo con el funcionario edil, [&hellip;]","og_url":"https:\/\/www.eldiario.net\/portal\/2024\/03\/12\/monitorean-represa-con-alto-riesgo-de-colapso\/","og_site_name":"El Diario - Bolivia","article_publisher":"https:\/\/www.facebook.com\/eldiario.bolivia\/","article_published_time":"2024-03-12T09:06:21+00:00","og_image":[{"width":259,"height":194,"url":"https:\/\/www.eldiario.net\/portal\/wp-content\/uploads\/2024\/03\/F-2-EA-monitoreo.jpg","type":"image\/jpeg"}],"author":"Jeanette","twitter_card":"summary_large_image","twitter_creator":"@eldiario_net","twitter_site":"@eldiario_net","twitter_misc":{"Escrito por":"Jeanette","Tiempo de lectura":"2 minutos"},"schema":{"@context":"https:\/\/schema.org","@graph":[{"@type":"Article","@id":"https:\/\/www.eldiario.net\/portal\/2024\/03\/12\/monitorean-represa-con-alto-riesgo-de-colapso\/#article","isPartOf":{"@id":"https:\/\/www.eldiario.net\/portal\/2024\/03\/12\/monitorean-represa-con-alto-riesgo-de-colapso\/"},"author":{"name":"Jeanette","@id":"https:\/\/www.eldiario.net\/portal\/#\/schema\/person\/2c57cf2b7a7ae032e449e4c9b1019eac"},"headline":"Monitorean represa con \u00abalto riesgo de colapso\u00bb","datePublished":"2024-03-12T09:06:21+00:00","mainEntityOfPage":{"@id":"https:\/\/www.eldiario.net\/portal\/2024\/03\/12\/monitorean-represa-con-alto-riesgo-de-colapso\/"},"wordCount":311,"commentCount":0,"publisher":{"@id":"https:\/\/www.eldiario.net\/portal\/#organization"},"image":{"@id":"https:\/\/www.eldiario.net\/portal\/2024\/03\/12\/monitorean-represa-con-alto-riesgo-de-colapso\/#primaryimage"},"thumbnailUrl":"https:\/\/www.eldiario.net\/portal\/wp-content\/uploads\/2024\/03\/F-2-EA-monitoreo.jpg","articleSection":["Nacional"],"inLanguage":"es","potentialAction":[{"@type":"CommentAction","name":"Comment","target":["https:\/\/www.eldiario.net\/portal\/2024\/03\/12\/monitorean-represa-con-alto-riesgo-de-colapso\/#respond"]}]},{"@type":"WebPage","@id":"https:\/\/www.eldiario.net\/portal\/2024\/03\/12\/monitorean-represa-con-alto-riesgo-de-colapso\/","url":"https:\/\/www.eldiario.net\/portal\/2024\/03\/12\/monitorean-represa-con-alto-riesgo-de-colapso\/","name":"Monitorean represa con \"alto riesgo de colapso\" - El Diario - Bolivia","isPartOf":{"@id":"https:\/\/www.eldiario.net\/portal\/#website"},"primaryImageOfPage":{"@id":"https:\/\/www.eldiario.net\/portal\/2024\/03\/12\/monitorean-represa-con-alto-riesgo-de-colapso\/#primaryimage"},"image":{"@id":"https:\/\/www.eldiario.net\/portal\/2024\/03\/12\/monitorean-represa-con-alto-riesgo-de-colapso\/#primaryimage"},"thumbnailUrl":"https:\/\/www.eldiario.net\/portal\/wp-content\/uploads\/2024\/03\/F-2-EA-monitoreo.jpg","datePublished":"2024-03-12T09:06:21+00:00","breadcrumb":{"@id":"https:\/\/www.eldiario.net\/portal\/2024\/03\/12\/monitorean-represa-con-alto-riesgo-de-colapso\/#breadcrumb"},"inLanguage":"es","potentialAction":[{"@type":"ReadAction","target":["https:\/\/www.eldiario.net\/portal\/2024\/03\/12\/monitorean-represa-con-alto-riesgo-de-colapso\/"]}]},{"@type":"ImageObject","inLanguage":"es","@id":"https:\/\/www.eldiario.net\/portal\/2024\/03\/12\/monitorean-represa-con-alto-riesgo-de-colapso\/#primaryimage","url":"https:\/\/www.eldiario.net\/portal\/wp-content\/uploads\/2024\/03\/F-2-EA-monitoreo.jpg","contentUrl":"https:\/\/www.eldiario.net\/portal\/wp-content\/uploads\/2024\/03\/F-2-EA-monitoreo.jpg","width":259,"height":194,"caption":"La represa de Milluni tambi\u00e9n lleg\u00f3 al 100% de su capacidad. CR\u00c9DITO: RRSS"},{"@type":"BreadcrumbList","@id":"https:\/\/www.eldiario.net\/portal\/2024\/03\/12\/monitorean-represa-con-alto-riesgo-de-colapso\/#breadcrumb","itemListElement":[{"@type":"ListItem","position":1,"name":"Portada","item":"https:\/\/www.eldiario.net\/portal\/"},{"@type":"ListItem","position":2,"name":"Monitorean represa con \u00abalto riesgo de colapso\u00bb"}]},{"@type":"WebSite","@id":"https:\/\/www.eldiario.net\/portal\/#website","url":"https:\/\/www.eldiario.net\/portal\/","name":"El Diario - Decano de la prensa nacional","description":"El Diario - Decano de la prensa nacional","publisher":{"@id":"https:\/\/www.eldiario.net\/portal\/#organization"},"potentialAction":[{"@type":"SearchAction","target":{"@type":"EntryPoint","urlTemplate":"https:\/\/www.eldiario.net\/portal\/?s={search_term_string}"},"query-input":{"@type":"PropertyValueSpecification","valueRequired":true,"valueName":"search_term_string"}}],"inLanguage":"es"},{"@type":"Organization","@id":"https:\/\/www.eldiario.net\/portal\/#organization","name":"El Diario - Decano de la prensa nacional","url":"https:\/\/www.eldiario.net\/portal\/","logo":{"@type":"ImageObject","inLanguage":"es","@id":"https:\/\/www.eldiario.net\/portal\/#\/schema\/logo\/image\/","url":"https:\/\/www.eldiario.net\/portal\/wp-content\/uploads\/2023\/07\/logo_ED.jpg","contentUrl":"https:\/\/www.eldiario.net\/portal\/wp-content\/uploads\/2023\/07\/logo_ED.jpg","width":272,"height":52,"caption":"El Diario - Decano de la prensa nacional"},"image":{"@id":"https:\/\/www.eldiario.net\/portal\/#\/schema\/logo\/image\/"},"sameAs":["https:\/\/www.facebook.com\/eldiario.bolivia\/","https:\/\/x.com\/eldiario_net"]},{"@type":"Person","@id":"https:\/\/www.eldiario.net\/portal\/#\/schema\/person\/2c57cf2b7a7ae032e449e4c9b1019eac","name":"Jeanette","image":{"@type":"ImageObject","inLanguage":"es","@id":"https:\/\/secure.gravatar.com\/avatar\/3ea2118a5f7dad2b7138b1187a6b7ee55f160b9968b66013c3a3ef39dd7e5798?s=96&d=mm&r=g","url":"https:\/\/secure.gravatar.com\/avatar\/3ea2118a5f7dad2b7138b1187a6b7ee55f160b9968b66013c3a3ef39dd7e5798?s=96&d=mm&r=g","contentUrl":"https:\/\/secure.gravatar.com\/avatar\/3ea2118a5f7dad2b7138b1187a6b7ee55f160b9968b66013c3a3ef39dd7e5798?s=96&d=mm&r=g","caption":"Jeanette"},"sameAs":["https:\/\/www.eldiario.net\/portal"],"url":"https:\/\/www.eldiario.net\/portal\/author\/jeanette\/"}]}},"_links":{"self":[{"href":"https:\/\/www.eldiario.net\/portal\/wp-json\/wp\/v2\/posts\/207778","targetHints":{"allow":["GET"]}}],"collection":[{"href":"https:\/\/www.eldiario.net\/portal\/wp-json\/wp\/v2\/posts"}],"about":[{"href":"https:\/\/www.eldiario.net\/portal\/wp-json\/wp\/v2\/types\/post"}],"author":[{"embeddable":true,"href":"https:\/\/www.eldiario.net\/portal\/wp-json\/wp\/v2\/users\/1"}],"replies":[{"embeddable":true,"href":"https:\/\/www.eldiario.net\/portal\/wp-json\/wp\/v2\/comments?post=207778"}],"version-history":[{"count":1,"href":"https:\/\/www.eldiario.net\/portal\/wp-json\/wp\/v2\/posts\/207778\/revisions"}],"predecessor-version":[{"id":207780,"href":"https:\/\/www.eldiario.net\/portal\/wp-json\/wp\/v2\/posts\/207778\/revisions\/207780"}],"wp:featuredmedia":[{"embeddable":true,"href":"https:\/\/www.eldiario.net\/portal\/wp-json\/wp\/v2\/media\/207779"}],"wp:attachment":[{"href":"https:\/\/www.eldiario.net\/portal\/wp-json\/wp\/v2\/media?parent=207778"}],"wp:term":[{"taxonomy":"category","embeddable":true,"href":"https:\/\/www.eldiario.net\/portal\/wp-json\/wp\/v2\/categories?post=207778"},{"taxonomy":"post_tag","embeddable":true,"href":"https:\/\/www.eldiario.net\/portal\/wp-json\/wp\/v2\/tags?post=207778"}],"curies":[{"name":"wp","href":"https:\/\/api.w.org\/{rel}","templated":true}]}}