{"id":207768,"date":"2024-03-12T05:04:48","date_gmt":"2024-03-12T09:04:48","guid":{"rendered":"https:\/\/www.eldiario.net\/portal\/?p=207768"},"modified":"2024-03-12T08:21:49","modified_gmt":"2024-03-12T12:21:49","slug":"encuentran-cocaina-dentro-de-vehiculo-de-transporte-publico","status":"publish","type":"post","link":"https:\/\/www.eldiario.net\/portal\/2024\/03\/12\/encuentran-cocaina-dentro-de-vehiculo-de-transporte-publico\/","title":{"rendered":"Encuentran coca\u00edna dentro de  veh\u00edculo de transporte p\u00fablico"},"content":{"rendered":"<p class=\"v1MsoNormal\">La fuerza antinarc\u00f3ticos de la Polic\u00eda report\u00f3 ayer la aprehensi\u00f3n de cuatro personas de nacionalidad boliviana tras ser encontradas con 25 paquetes con clorhidrato de coca\u00edna dentro de su equipaje en un veh\u00edculo de transporte p\u00fablico en La Paz.<\/p>\n<p class=\"v1MsoNormal\">Este caso fue presentado junto a otros ocho correspondientes a interdicci\u00f3n al narcotr\u00e1fico. El titular de la fuerza antidroga, Ismael Villca, inform\u00f3 que se logr\u00f3 secuestrar un total de 114.376 gramos de clorhidrato de coca\u00edna, cuatro veh\u00edculos, siete tel\u00e9fonos celulares y se aprehendi\u00f3 a un total de 14 personas aprehendidas.<\/p>\n<p class=\"v1MsoNormal\">Estos fueron los resultados luego de nueve operativos realizados en las \u00faltimas semanas por la Fuerza Especial de Lucha Contra el Narcotr\u00e1fico (Felcn), los cuales generaron una afectaci\u00f3n al patrimonio del narcotr\u00e1fico calculada en m\u00e1s de medio mill\u00f3n de d\u00f3lares.<\/p>\n<p class=\"v1MsoNormal\">En este caso espec\u00edfico, el personal de la Felcn aprehendi\u00f3 a Sonia M. de 42 a\u00f1os, Jhoselyn C. de 23, Flavio I. de 25 y Adolfo Ch. de 45 a\u00f1os, por portar coca\u00edna en sus equipajes.<\/p>\n<p class=\"v1MsoNormal\">Durante el control de pasajeros y requisas a un veh\u00edculo de transporte p\u00fablico, se encontr\u00f3 que estas personas portaban maletas, mochilas y un aguayo multicolor en los que pretend\u00edan transportar sustancias controladas.<\/p>\n<p class=\"v1MsoNormal\">En cada equipaje se encontr\u00f3 de seis a siete paquetes tipo ladrillo forrados con cinta masking, los cuales ten\u00edan un color amarillento y conten\u00edan una sustancia parecida a coca\u00edna, se\u00f1al\u00f3 el coronel Villca a la red de televisi\u00f3n Cadena A.<\/p>\n<p class=\"v1MsoNormal\">\u00abRealizada la prueba de campo, (la sustancia) dio positivo a clorhidrato de coca\u00edna\u00bb, detall\u00f3 la autoridad. En cuanto a su situaci\u00f3n judicial, las personas aprehendidas guardar\u00e1n reclusi\u00f3n de 30 d\u00edas con detenci\u00f3n preventiva en un centro penitenciario de la ciudad mientras contin\u00faan las investigaciones. (EL DIARIO y agencias)<\/p>\n\r\n                <style type=\"text\/css\">\r\n                    \r\n                    #tdi_1  .td-doubleSlider-2 .td-item1 {\r\n                        background: url(https:\/\/www.eldiario.net\/portal\/wp-content\/uploads\/2024\/03\/12-FELCN_3.jpg) 0 0 no-repeat;\r\n                    }\r\n                    #tdi_1  .td-doubleSlider-2 .td-item2 {\r\n                        background: url(https:\/\/www.eldiario.net\/portal\/wp-content\/uploads\/2024\/03\/12-FELCN_2.jpg) 0 0 no-repeat;\r\n                    }\r\n                    #tdi_1  .td-doubleSlider-2 .td-item3 {\r\n                        background: url(https:\/\/www.eldiario.net\/portal\/wp-content\/uploads\/2024\/03\/12-FELCN_1.jpg) 0 0 no-repeat;\r\n                    }\r\n                <\/style>\r\n\r\n                <div id=\"tdi_1\" class=\"td-gallery td-slide-on-2-columns\">\r\n                    <div class=\"post_td_gallery\">\r\n                        <div class=\"td-gallery-slide-top\">\r\n                           <div class=\"td-gallery-title\"><\/div>\r\n\r\n                            <div class=\"td-gallery-controls-wrapper\">\r\n                                <div class=\"td-gallery-slide-count\"><span class=\"td-gallery-slide-item-focus\">1<\/span> de 3<\/div>\r\n                                <div class=\"td-gallery-slide-prev-next-but\">\r\n                                    <i class = \"td-icon-left doubleSliderPrevButton\"><\/i>\r\n                                    <i class = \"td-icon-right doubleSliderNextButton\"><\/i>\r\n                                <\/div>\r\n                            <\/div>\r\n                        <\/div>\r\n\r\n                        <div class = \"td-doubleSlider-1 \">\r\n                            <div class = \"td-slider\">\r\n                                \r\n                    <div class = \"td-slide-item td-item1\">\r\n                        <figure class=\"td-slide-galery-figure td-slide-popup-gallery\">\r\n                            <a class=\"slide-gallery-image-link\" href=\"https:\/\/www.eldiario.net\/portal\/wp-content\/uploads\/2024\/03\/12-FELCN_3.jpg\" title=\"12-FELCN_3\"  data-caption=\"La Felcn aprehendi\u00f3 a 14 personas tras nueve operativos.  CR\u00c9DITO: APG\"  data-description=\"\">\r\n                                <img decoding=\"async\" src=\"https:\/\/www.eldiario.net\/portal\/wp-content\/uploads\/2024\/03\/12-FELCN_3.jpg\" srcset=\"https:\/\/www.eldiario.net\/portal\/wp-content\/uploads\/2024\/03\/12-FELCN_3.jpg 1500w, https:\/\/www.eldiario.net\/portal\/wp-content\/uploads\/2024\/03\/12-FELCN_3-300x200.jpg 300w, https:\/\/www.eldiario.net\/portal\/wp-content\/uploads\/2024\/03\/12-FELCN_3-1024x683.jpg 1024w, https:\/\/www.eldiario.net\/portal\/wp-content\/uploads\/2024\/03\/12-FELCN_3-768x512.jpg 768w, https:\/\/www.eldiario.net\/portal\/wp-content\/uploads\/2024\/03\/12-FELCN_3-696x464.jpg 696w, https:\/\/www.eldiario.net\/portal\/wp-content\/uploads\/2024\/03\/12-FELCN_3-1068x712.jpg 1068w\" sizes=\"(max-width: 630px) 100vw, 630px\" alt=\"\">\r\n                            <\/a>\r\n                            <figcaption class = \"td-slide-caption td-gallery-slide-content\"><div class = \"td-gallery-slide-copywrite\">La Felcn aprehendi\u00f3 a 14 personas tras nueve operativos.  CR\u00c9DITO: APG<\/div><\/figcaption>\r\n                        <\/figure>\r\n                    <\/div>\r\n                    <div class = \"td-slide-item td-item2\">\r\n                        <figure class=\"td-slide-galery-figure td-slide-popup-gallery\">\r\n                            <a class=\"slide-gallery-image-link\" href=\"https:\/\/www.eldiario.net\/portal\/wp-content\/uploads\/2024\/03\/12-FELCN_2.jpg\" title=\"12-FELCN_2\"  data-caption=\"La Felcn aprehendi\u00f3 a 14 personas tras nueve operativos.  CR\u00c9DITO: APG\"  data-description=\"\">\r\n                                <img decoding=\"async\" src=\"https:\/\/www.eldiario.net\/portal\/wp-content\/uploads\/2024\/03\/12-FELCN_2.jpg\" srcset=\"https:\/\/www.eldiario.net\/portal\/wp-content\/uploads\/2024\/03\/12-FELCN_2.jpg 1500w, https:\/\/www.eldiario.net\/portal\/wp-content\/uploads\/2024\/03\/12-FELCN_2-300x200.jpg 300w, https:\/\/www.eldiario.net\/portal\/wp-content\/uploads\/2024\/03\/12-FELCN_2-1024x683.jpg 1024w, https:\/\/www.eldiario.net\/portal\/wp-content\/uploads\/2024\/03\/12-FELCN_2-768x512.jpg 768w, https:\/\/www.eldiario.net\/portal\/wp-content\/uploads\/2024\/03\/12-FELCN_2-696x464.jpg 696w, https:\/\/www.eldiario.net\/portal\/wp-content\/uploads\/2024\/03\/12-FELCN_2-1068x712.jpg 1068w\" sizes=\"(max-width: 630px) 100vw, 630px\" alt=\"\">\r\n                            <\/a>\r\n                            <figcaption class = \"td-slide-caption td-gallery-slide-content\"><div class = \"td-gallery-slide-copywrite\">La Felcn aprehendi\u00f3 a 14 personas tras nueve operativos.  CR\u00c9DITO: APG<\/div><\/figcaption>\r\n                        <\/figure>\r\n                    <\/div>\r\n                    <div class = \"td-slide-item td-item3\">\r\n                        <figure class=\"td-slide-galery-figure td-slide-popup-gallery\">\r\n                            <a class=\"slide-gallery-image-link\" href=\"https:\/\/www.eldiario.net\/portal\/wp-content\/uploads\/2024\/03\/12-FELCN_1.jpg\" title=\"12-FELCN_1\"  data-caption=\"La Felcn aprehendi\u00f3 a 14 personas tras nueve operativos.  CR\u00c9DITO: APG\"  data-description=\"\">\r\n                                <img decoding=\"async\" src=\"https:\/\/www.eldiario.net\/portal\/wp-content\/uploads\/2024\/03\/12-FELCN_1.jpg\" srcset=\"https:\/\/www.eldiario.net\/portal\/wp-content\/uploads\/2024\/03\/12-FELCN_1.jpg 1500w, https:\/\/www.eldiario.net\/portal\/wp-content\/uploads\/2024\/03\/12-FELCN_1-300x200.jpg 300w, https:\/\/www.eldiario.net\/portal\/wp-content\/uploads\/2024\/03\/12-FELCN_1-1024x683.jpg 1024w, https:\/\/www.eldiario.net\/portal\/wp-content\/uploads\/2024\/03\/12-FELCN_1-768x512.jpg 768w, https:\/\/www.eldiario.net\/portal\/wp-content\/uploads\/2024\/03\/12-FELCN_1-696x464.jpg 696w, https:\/\/www.eldiario.net\/portal\/wp-content\/uploads\/2024\/03\/12-FELCN_1-1068x712.jpg 1068w\" sizes=\"(max-width: 630px) 100vw, 630px\" alt=\"\">\r\n                            <\/a>\r\n                            <figcaption class = \"td-slide-caption td-gallery-slide-content\"><div class = \"td-gallery-slide-copywrite\">La Felcn aprehendi\u00f3 a 14 personas tras nueve operativos.  CR\u00c9DITO: APG<\/div><\/figcaption>\r\n                        <\/figure>\r\n                    <\/div>\r\n                            <\/div>\r\n                        <\/div>\r\n\r\n                        <div class = \"td-doubleSlider-2\">\r\n                            <div class = \"td-slider\">\r\n                                \r\n                    <div class = \"td-button td-item1\">\r\n                        <div class = \"td-border\"><\/div>\r\n                    <\/div>\r\n                    <div class = \"td-button td-item2\">\r\n                        <div class = \"td-border\"><\/div>\r\n                    <\/div>\r\n                    <div class = \"td-button td-item3\">\r\n                        <div class = \"td-border\"><\/div>\r\n                    <\/div>\r\n                            <\/div>\r\n                        <\/div>\r\n\r\n                    <\/div>\r\n\r\n                <\/div>\r\n                \n","protected":false},"excerpt":{"rendered":"<p>La fuerza antinarc\u00f3ticos de la Polic\u00eda report\u00f3 ayer la aprehensi\u00f3n de cuatro personas de nacionalidad boliviana tras ser encontradas con 25 paquetes con clorhidrato de coca\u00edna dentro de su equipaje en un veh\u00edculo de transporte p\u00fablico en La Paz. Este caso fue presentado junto a otros ocho correspondientes a interdicci\u00f3n al narcotr\u00e1fico. El titular de [&hellip;]<\/p>\n","protected":false},"author":1,"featured_media":207770,"comment_status":"open","ping_status":"open","sticky":false,"template":"","format":"standard","meta":{"_acf_changed":false,"footnotes":""},"categories":[39],"tags":[],"class_list":["post-207768","post","type-post","status-publish","format-standard","has-post-thumbnail","category-sociedad"],"acf":{"antetitulo":"Aprehendieron a cuatro personas"},"yoast_head":"<!-- This site is optimized with the Yoast SEO plugin v28.4 - https:\/\/yoast.com\/product\/yoast-seo-wordpress\/ -->\n<title>Encuentran coca\u00edna dentro de veh\u00edculo de transporte p\u00fablico - El Diario - Bolivia<\/title>\n<meta name=\"robots\" content=\"index, follow, max-snippet:-1, max-image-preview:large, max-video-preview:-1\" \/>\n<link rel=\"canonical\" href=\"https:\/\/www.eldiario.net\/portal\/2024\/03\/12\/encuentran-cocaina-dentro-de-vehiculo-de-transporte-publico\/\" \/>\n<meta property=\"og:locale\" content=\"es_ES\" \/>\n<meta property=\"og:type\" content=\"article\" \/>\n<meta property=\"og:title\" content=\"Encuentran coca\u00edna dentro de veh\u00edculo de transporte p\u00fablico - El Diario - Bolivia\" \/>\n<meta property=\"og:description\" content=\"La fuerza antinarc\u00f3ticos de la Polic\u00eda report\u00f3 ayer la aprehensi\u00f3n de cuatro personas de nacionalidad boliviana tras ser encontradas con 25 paquetes con clorhidrato de coca\u00edna dentro de su equipaje en un veh\u00edculo de transporte p\u00fablico en La Paz. Este caso fue presentado junto a otros ocho correspondientes a interdicci\u00f3n al narcotr\u00e1fico. El titular de [&hellip;]\" \/>\n<meta property=\"og:url\" content=\"https:\/\/www.eldiario.net\/portal\/2024\/03\/12\/encuentran-cocaina-dentro-de-vehiculo-de-transporte-publico\/\" \/>\n<meta property=\"og:site_name\" content=\"El Diario - Bolivia\" \/>\n<meta property=\"article:publisher\" content=\"https:\/\/www.facebook.com\/eldiario.bolivia\/\" \/>\n<meta property=\"article:published_time\" content=\"2024-03-12T09:04:48+00:00\" \/>\n<meta property=\"article:modified_time\" content=\"2024-03-12T12:21:49+00:00\" \/>\n<meta property=\"og:image\" content=\"https:\/\/www.eldiario.net\/portal\/wp-content\/uploads\/2024\/03\/12-FELCN_2.jpg\" \/>\n\t<meta property=\"og:image:width\" content=\"1500\" \/>\n\t<meta property=\"og:image:height\" content=\"1000\" \/>\n\t<meta property=\"og:image:type\" content=\"image\/jpeg\" \/>\n<meta name=\"author\" content=\"Jeanette\" \/>\n<meta name=\"twitter:card\" content=\"summary_large_image\" \/>\n<meta name=\"twitter:creator\" content=\"@eldiario_net\" \/>\n<meta name=\"twitter:site\" content=\"@eldiario_net\" \/>\n<meta name=\"twitter:label1\" content=\"Escrito por\" \/>\n\t<meta name=\"twitter:data1\" content=\"Jeanette\" \/>\n\t<meta name=\"twitter:label2\" content=\"Tiempo de lectura\" \/>\n\t<meta name=\"twitter:data2\" content=\"2 minutos\" \/>\n<script type=\"application\/ld+json\" class=\"yoast-schema-graph\">{\"@context\":\"https:\\\/\\\/schema.org\",\"@graph\":[{\"@type\":\"Article\",\"@id\":\"https:\\\/\\\/www.eldiario.net\\\/portal\\\/2024\\\/03\\\/12\\\/encuentran-cocaina-dentro-de-vehiculo-de-transporte-publico\\\/#article\",\"isPartOf\":{\"@id\":\"https:\\\/\\\/www.eldiario.net\\\/portal\\\/2024\\\/03\\\/12\\\/encuentran-cocaina-dentro-de-vehiculo-de-transporte-publico\\\/\"},\"author\":{\"name\":\"Jeanette\",\"@id\":\"https:\\\/\\\/www.eldiario.net\\\/portal\\\/#\\\/schema\\\/person\\\/2c57cf2b7a7ae032e449e4c9b1019eac\"},\"headline\":\"Encuentran coca\u00edna dentro de veh\u00edculo de transporte p\u00fablico\",\"datePublished\":\"2024-03-12T09:04:48+00:00\",\"dateModified\":\"2024-03-12T12:21:49+00:00\",\"mainEntityOfPage\":{\"@id\":\"https:\\\/\\\/www.eldiario.net\\\/portal\\\/2024\\\/03\\\/12\\\/encuentran-cocaina-dentro-de-vehiculo-de-transporte-publico\\\/\"},\"wordCount\":333,\"commentCount\":0,\"publisher\":{\"@id\":\"https:\\\/\\\/www.eldiario.net\\\/portal\\\/#organization\"},\"image\":{\"@id\":\"https:\\\/\\\/www.eldiario.net\\\/portal\\\/2024\\\/03\\\/12\\\/encuentran-cocaina-dentro-de-vehiculo-de-transporte-publico\\\/#primaryimage\"},\"thumbnailUrl\":\"https:\\\/\\\/www.eldiario.net\\\/portal\\\/wp-content\\\/uploads\\\/2024\\\/03\\\/12-FELCN_2.jpg\",\"articleSection\":[\"Sociedad - Seguridad\"],\"inLanguage\":\"es\",\"potentialAction\":[{\"@type\":\"CommentAction\",\"name\":\"Comment\",\"target\":[\"https:\\\/\\\/www.eldiario.net\\\/portal\\\/2024\\\/03\\\/12\\\/encuentran-cocaina-dentro-de-vehiculo-de-transporte-publico\\\/#respond\"]}]},{\"@type\":\"WebPage\",\"@id\":\"https:\\\/\\\/www.eldiario.net\\\/portal\\\/2024\\\/03\\\/12\\\/encuentran-cocaina-dentro-de-vehiculo-de-transporte-publico\\\/\",\"url\":\"https:\\\/\\\/www.eldiario.net\\\/portal\\\/2024\\\/03\\\/12\\\/encuentran-cocaina-dentro-de-vehiculo-de-transporte-publico\\\/\",\"name\":\"Encuentran coca\u00edna dentro de veh\u00edculo de transporte p\u00fablico - El Diario - Bolivia\",\"isPartOf\":{\"@id\":\"https:\\\/\\\/www.eldiario.net\\\/portal\\\/#website\"},\"primaryImageOfPage\":{\"@id\":\"https:\\\/\\\/www.eldiario.net\\\/portal\\\/2024\\\/03\\\/12\\\/encuentran-cocaina-dentro-de-vehiculo-de-transporte-publico\\\/#primaryimage\"},\"image\":{\"@id\":\"https:\\\/\\\/www.eldiario.net\\\/portal\\\/2024\\\/03\\\/12\\\/encuentran-cocaina-dentro-de-vehiculo-de-transporte-publico\\\/#primaryimage\"},\"thumbnailUrl\":\"https:\\\/\\\/www.eldiario.net\\\/portal\\\/wp-content\\\/uploads\\\/2024\\\/03\\\/12-FELCN_2.jpg\",\"datePublished\":\"2024-03-12T09:04:48+00:00\",\"dateModified\":\"2024-03-12T12:21:49+00:00\",\"breadcrumb\":{\"@id\":\"https:\\\/\\\/www.eldiario.net\\\/portal\\\/2024\\\/03\\\/12\\\/encuentran-cocaina-dentro-de-vehiculo-de-transporte-publico\\\/#breadcrumb\"},\"inLanguage\":\"es\",\"potentialAction\":[{\"@type\":\"ReadAction\",\"target\":[\"https:\\\/\\\/www.eldiario.net\\\/portal\\\/2024\\\/03\\\/12\\\/encuentran-cocaina-dentro-de-vehiculo-de-transporte-publico\\\/\"]}]},{\"@type\":\"ImageObject\",\"inLanguage\":\"es\",\"@id\":\"https:\\\/\\\/www.eldiario.net\\\/portal\\\/2024\\\/03\\\/12\\\/encuentran-cocaina-dentro-de-vehiculo-de-transporte-publico\\\/#primaryimage\",\"url\":\"https:\\\/\\\/www.eldiario.net\\\/portal\\\/wp-content\\\/uploads\\\/2024\\\/03\\\/12-FELCN_2.jpg\",\"contentUrl\":\"https:\\\/\\\/www.eldiario.net\\\/portal\\\/wp-content\\\/uploads\\\/2024\\\/03\\\/12-FELCN_2.jpg\",\"width\":1500,\"height\":1000,\"caption\":\"La Felcn aprehendi\u00f3 a 14 personas tras nueve operativos. CR\u00c9DITO: APG\"},{\"@type\":\"BreadcrumbList\",\"@id\":\"https:\\\/\\\/www.eldiario.net\\\/portal\\\/2024\\\/03\\\/12\\\/encuentran-cocaina-dentro-de-vehiculo-de-transporte-publico\\\/#breadcrumb\",\"itemListElement\":[{\"@type\":\"ListItem\",\"position\":1,\"name\":\"Portada\",\"item\":\"https:\\\/\\\/www.eldiario.net\\\/portal\\\/\"},{\"@type\":\"ListItem\",\"position\":2,\"name\":\"Encuentran coca\u00edna dentro de veh\u00edculo de transporte p\u00fablico\"}]},{\"@type\":\"WebSite\",\"@id\":\"https:\\\/\\\/www.eldiario.net\\\/portal\\\/#website\",\"url\":\"https:\\\/\\\/www.eldiario.net\\\/portal\\\/\",\"name\":\"El Diario - Decano de la prensa nacional\",\"description\":\"El Diario - Decano de la prensa nacional\",\"publisher\":{\"@id\":\"https:\\\/\\\/www.eldiario.net\\\/portal\\\/#organization\"},\"potentialAction\":[{\"@type\":\"SearchAction\",\"target\":{\"@type\":\"EntryPoint\",\"urlTemplate\":\"https:\\\/\\\/www.eldiario.net\\\/portal\\\/?s={search_term_string}\"},\"query-input\":{\"@type\":\"PropertyValueSpecification\",\"valueRequired\":true,\"valueName\":\"search_term_string\"}}],\"inLanguage\":\"es\"},{\"@type\":\"Organization\",\"@id\":\"https:\\\/\\\/www.eldiario.net\\\/portal\\\/#organization\",\"name\":\"El Diario - Decano de la prensa nacional\",\"url\":\"https:\\\/\\\/www.eldiario.net\\\/portal\\\/\",\"logo\":{\"@type\":\"ImageObject\",\"inLanguage\":\"es\",\"@id\":\"https:\\\/\\\/www.eldiario.net\\\/portal\\\/#\\\/schema\\\/logo\\\/image\\\/\",\"url\":\"https:\\\/\\\/www.eldiario.net\\\/portal\\\/wp-content\\\/uploads\\\/2023\\\/07\\\/logo_ED.jpg\",\"contentUrl\":\"https:\\\/\\\/www.eldiario.net\\\/portal\\\/wp-content\\\/uploads\\\/2023\\\/07\\\/logo_ED.jpg\",\"width\":272,\"height\":52,\"caption\":\"El Diario - Decano de la prensa nacional\"},\"image\":{\"@id\":\"https:\\\/\\\/www.eldiario.net\\\/portal\\\/#\\\/schema\\\/logo\\\/image\\\/\"},\"sameAs\":[\"https:\\\/\\\/www.facebook.com\\\/eldiario.bolivia\\\/\",\"https:\\\/\\\/x.com\\\/eldiario_net\"]},{\"@type\":\"Person\",\"@id\":\"https:\\\/\\\/www.eldiario.net\\\/portal\\\/#\\\/schema\\\/person\\\/2c57cf2b7a7ae032e449e4c9b1019eac\",\"name\":\"Jeanette\",\"image\":{\"@type\":\"ImageObject\",\"inLanguage\":\"es\",\"@id\":\"https:\\\/\\\/secure.gravatar.com\\\/avatar\\\/3ea2118a5f7dad2b7138b1187a6b7ee55f160b9968b66013c3a3ef39dd7e5798?s=96&d=mm&r=g\",\"url\":\"https:\\\/\\\/secure.gravatar.com\\\/avatar\\\/3ea2118a5f7dad2b7138b1187a6b7ee55f160b9968b66013c3a3ef39dd7e5798?s=96&d=mm&r=g\",\"contentUrl\":\"https:\\\/\\\/secure.gravatar.com\\\/avatar\\\/3ea2118a5f7dad2b7138b1187a6b7ee55f160b9968b66013c3a3ef39dd7e5798?s=96&d=mm&r=g\",\"caption\":\"Jeanette\"},\"sameAs\":[\"https:\\\/\\\/www.eldiario.net\\\/portal\"],\"url\":\"https:\\\/\\\/www.eldiario.net\\\/portal\\\/author\\\/jeanette\\\/\"}]}<\/script>\n<!-- \/ Yoast SEO plugin. -->","yoast_head_json":{"title":"Encuentran coca\u00edna dentro de veh\u00edculo de transporte p\u00fablico - El Diario - Bolivia","robots":{"index":"index","follow":"follow","max-snippet":"max-snippet:-1","max-image-preview":"max-image-preview:large","max-video-preview":"max-video-preview:-1"},"canonical":"https:\/\/www.eldiario.net\/portal\/2024\/03\/12\/encuentran-cocaina-dentro-de-vehiculo-de-transporte-publico\/","og_locale":"es_ES","og_type":"article","og_title":"Encuentran coca\u00edna dentro de veh\u00edculo de transporte p\u00fablico - El Diario - Bolivia","og_description":"La fuerza antinarc\u00f3ticos de la Polic\u00eda report\u00f3 ayer la aprehensi\u00f3n de cuatro personas de nacionalidad boliviana tras ser encontradas con 25 paquetes con clorhidrato de coca\u00edna dentro de su equipaje en un veh\u00edculo de transporte p\u00fablico en La Paz. Este caso fue presentado junto a otros ocho correspondientes a interdicci\u00f3n al narcotr\u00e1fico. El titular de [&hellip;]","og_url":"https:\/\/www.eldiario.net\/portal\/2024\/03\/12\/encuentran-cocaina-dentro-de-vehiculo-de-transporte-publico\/","og_site_name":"El Diario - Bolivia","article_publisher":"https:\/\/www.facebook.com\/eldiario.bolivia\/","article_published_time":"2024-03-12T09:04:48+00:00","article_modified_time":"2024-03-12T12:21:49+00:00","og_image":[{"width":1500,"height":1000,"url":"https:\/\/www.eldiario.net\/portal\/wp-content\/uploads\/2024\/03\/12-FELCN_2.jpg","type":"image\/jpeg"}],"author":"Jeanette","twitter_card":"summary_large_image","twitter_creator":"@eldiario_net","twitter_site":"@eldiario_net","twitter_misc":{"Escrito por":"Jeanette","Tiempo de lectura":"2 minutos"},"schema":{"@context":"https:\/\/schema.org","@graph":[{"@type":"Article","@id":"https:\/\/www.eldiario.net\/portal\/2024\/03\/12\/encuentran-cocaina-dentro-de-vehiculo-de-transporte-publico\/#article","isPartOf":{"@id":"https:\/\/www.eldiario.net\/portal\/2024\/03\/12\/encuentran-cocaina-dentro-de-vehiculo-de-transporte-publico\/"},"author":{"name":"Jeanette","@id":"https:\/\/www.eldiario.net\/portal\/#\/schema\/person\/2c57cf2b7a7ae032e449e4c9b1019eac"},"headline":"Encuentran coca\u00edna dentro de veh\u00edculo de transporte p\u00fablico","datePublished":"2024-03-12T09:04:48+00:00","dateModified":"2024-03-12T12:21:49+00:00","mainEntityOfPage":{"@id":"https:\/\/www.eldiario.net\/portal\/2024\/03\/12\/encuentran-cocaina-dentro-de-vehiculo-de-transporte-publico\/"},"wordCount":333,"commentCount":0,"publisher":{"@id":"https:\/\/www.eldiario.net\/portal\/#organization"},"image":{"@id":"https:\/\/www.eldiario.net\/portal\/2024\/03\/12\/encuentran-cocaina-dentro-de-vehiculo-de-transporte-publico\/#primaryimage"},"thumbnailUrl":"https:\/\/www.eldiario.net\/portal\/wp-content\/uploads\/2024\/03\/12-FELCN_2.jpg","articleSection":["Sociedad - Seguridad"],"inLanguage":"es","potentialAction":[{"@type":"CommentAction","name":"Comment","target":["https:\/\/www.eldiario.net\/portal\/2024\/03\/12\/encuentran-cocaina-dentro-de-vehiculo-de-transporte-publico\/#respond"]}]},{"@type":"WebPage","@id":"https:\/\/www.eldiario.net\/portal\/2024\/03\/12\/encuentran-cocaina-dentro-de-vehiculo-de-transporte-publico\/","url":"https:\/\/www.eldiario.net\/portal\/2024\/03\/12\/encuentran-cocaina-dentro-de-vehiculo-de-transporte-publico\/","name":"Encuentran coca\u00edna dentro de veh\u00edculo de transporte p\u00fablico - El Diario - Bolivia","isPartOf":{"@id":"https:\/\/www.eldiario.net\/portal\/#website"},"primaryImageOfPage":{"@id":"https:\/\/www.eldiario.net\/portal\/2024\/03\/12\/encuentran-cocaina-dentro-de-vehiculo-de-transporte-publico\/#primaryimage"},"image":{"@id":"https:\/\/www.eldiario.net\/portal\/2024\/03\/12\/encuentran-cocaina-dentro-de-vehiculo-de-transporte-publico\/#primaryimage"},"thumbnailUrl":"https:\/\/www.eldiario.net\/portal\/wp-content\/uploads\/2024\/03\/12-FELCN_2.jpg","datePublished":"2024-03-12T09:04:48+00:00","dateModified":"2024-03-12T12:21:49+00:00","breadcrumb":{"@id":"https:\/\/www.eldiario.net\/portal\/2024\/03\/12\/encuentran-cocaina-dentro-de-vehiculo-de-transporte-publico\/#breadcrumb"},"inLanguage":"es","potentialAction":[{"@type":"ReadAction","target":["https:\/\/www.eldiario.net\/portal\/2024\/03\/12\/encuentran-cocaina-dentro-de-vehiculo-de-transporte-publico\/"]}]},{"@type":"ImageObject","inLanguage":"es","@id":"https:\/\/www.eldiario.net\/portal\/2024\/03\/12\/encuentran-cocaina-dentro-de-vehiculo-de-transporte-publico\/#primaryimage","url":"https:\/\/www.eldiario.net\/portal\/wp-content\/uploads\/2024\/03\/12-FELCN_2.jpg","contentUrl":"https:\/\/www.eldiario.net\/portal\/wp-content\/uploads\/2024\/03\/12-FELCN_2.jpg","width":1500,"height":1000,"caption":"La Felcn aprehendi\u00f3 a 14 personas tras nueve operativos. CR\u00c9DITO: APG"},{"@type":"BreadcrumbList","@id":"https:\/\/www.eldiario.net\/portal\/2024\/03\/12\/encuentran-cocaina-dentro-de-vehiculo-de-transporte-publico\/#breadcrumb","itemListElement":[{"@type":"ListItem","position":1,"name":"Portada","item":"https:\/\/www.eldiario.net\/portal\/"},{"@type":"ListItem","position":2,"name":"Encuentran coca\u00edna dentro de veh\u00edculo de transporte p\u00fablico"}]},{"@type":"WebSite","@id":"https:\/\/www.eldiario.net\/portal\/#website","url":"https:\/\/www.eldiario.net\/portal\/","name":"El Diario - Decano de la prensa nacional","description":"El Diario - Decano de la prensa nacional","publisher":{"@id":"https:\/\/www.eldiario.net\/portal\/#organization"},"potentialAction":[{"@type":"SearchAction","target":{"@type":"EntryPoint","urlTemplate":"https:\/\/www.eldiario.net\/portal\/?s={search_term_string}"},"query-input":{"@type":"PropertyValueSpecification","valueRequired":true,"valueName":"search_term_string"}}],"inLanguage":"es"},{"@type":"Organization","@id":"https:\/\/www.eldiario.net\/portal\/#organization","name":"El Diario - Decano de la prensa nacional","url":"https:\/\/www.eldiario.net\/portal\/","logo":{"@type":"ImageObject","inLanguage":"es","@id":"https:\/\/www.eldiario.net\/portal\/#\/schema\/logo\/image\/","url":"https:\/\/www.eldiario.net\/portal\/wp-content\/uploads\/2023\/07\/logo_ED.jpg","contentUrl":"https:\/\/www.eldiario.net\/portal\/wp-content\/uploads\/2023\/07\/logo_ED.jpg","width":272,"height":52,"caption":"El Diario - Decano de la prensa nacional"},"image":{"@id":"https:\/\/www.eldiario.net\/portal\/#\/schema\/logo\/image\/"},"sameAs":["https:\/\/www.facebook.com\/eldiario.bolivia\/","https:\/\/x.com\/eldiario_net"]},{"@type":"Person","@id":"https:\/\/www.eldiario.net\/portal\/#\/schema\/person\/2c57cf2b7a7ae032e449e4c9b1019eac","name":"Jeanette","image":{"@type":"ImageObject","inLanguage":"es","@id":"https:\/\/secure.gravatar.com\/avatar\/3ea2118a5f7dad2b7138b1187a6b7ee55f160b9968b66013c3a3ef39dd7e5798?s=96&d=mm&r=g","url":"https:\/\/secure.gravatar.com\/avatar\/3ea2118a5f7dad2b7138b1187a6b7ee55f160b9968b66013c3a3ef39dd7e5798?s=96&d=mm&r=g","contentUrl":"https:\/\/secure.gravatar.com\/avatar\/3ea2118a5f7dad2b7138b1187a6b7ee55f160b9968b66013c3a3ef39dd7e5798?s=96&d=mm&r=g","caption":"Jeanette"},"sameAs":["https:\/\/www.eldiario.net\/portal"],"url":"https:\/\/www.eldiario.net\/portal\/author\/jeanette\/"}]}},"_links":{"self":[{"href":"https:\/\/www.eldiario.net\/portal\/wp-json\/wp\/v2\/posts\/207768","targetHints":{"allow":["GET"]}}],"collection":[{"href":"https:\/\/www.eldiario.net\/portal\/wp-json\/wp\/v2\/posts"}],"about":[{"href":"https:\/\/www.eldiario.net\/portal\/wp-json\/wp\/v2\/types\/post"}],"author":[{"embeddable":true,"href":"https:\/\/www.eldiario.net\/portal\/wp-json\/wp\/v2\/users\/1"}],"replies":[{"embeddable":true,"href":"https:\/\/www.eldiario.net\/portal\/wp-json\/wp\/v2\/comments?post=207768"}],"version-history":[{"count":2,"href":"https:\/\/www.eldiario.net\/portal\/wp-json\/wp\/v2\/posts\/207768\/revisions"}],"predecessor-version":[{"id":207773,"href":"https:\/\/www.eldiario.net\/portal\/wp-json\/wp\/v2\/posts\/207768\/revisions\/207773"}],"wp:featuredmedia":[{"embeddable":true,"href":"https:\/\/www.eldiario.net\/portal\/wp-json\/wp\/v2\/media\/207770"}],"wp:attachment":[{"href":"https:\/\/www.eldiario.net\/portal\/wp-json\/wp\/v2\/media?parent=207768"}],"wp:term":[{"taxonomy":"category","embeddable":true,"href":"https:\/\/www.eldiario.net\/portal\/wp-json\/wp\/v2\/categories?post=207768"},{"taxonomy":"post_tag","embeddable":true,"href":"https:\/\/www.eldiario.net\/portal\/wp-json\/wp\/v2\/tags?post=207768"}],"curies":[{"name":"wp","href":"https:\/\/api.w.org\/{rel}","templated":true}]}}