{"id":207765,"date":"2024-03-12T05:03:44","date_gmt":"2024-03-12T09:03:44","guid":{"rendered":"https:\/\/www.eldiario.net\/portal\/?p=207765"},"modified":"2024-03-12T05:03:44","modified_gmt":"2024-03-12T09:03:44","slug":"investigan-al-alcalde-de-santa-rosa-por-presunta-apropiacion-de-aportes","status":"publish","type":"post","link":"https:\/\/www.eldiario.net\/portal\/2024\/03\/12\/investigan-al-alcalde-de-santa-rosa-por-presunta-apropiacion-de-aportes\/","title":{"rendered":"Investigan al alcalde de Santa Rosa por presunta apropiaci\u00f3n de aportes"},"content":{"rendered":"<p class=\"v1MsoNormal\"><span lang=\"ES-MX\">El Ministerio P\u00fablico inform\u00f3 ayer que se determin\u00f3 30 d\u00edas de detenci\u00f3n preventiva al alcalde de Santa Rosa de Yacuma, tras nuevas investigaciones que lo se\u00f1alan sospechoso del delito de apropiaci\u00f3n indebida de aportes por no haber cumplido con contribuciones al Sistema Integral de Pensiones y al Aporte Solidario.<\/span><\/p>\n<p class=\"v1MsoNormal\"><span lang=\"ES-MX\">Luego de su audiencia de medidas cautelares, un juez de instrucci\u00f3n de Reyes determin\u00f3 que el burgomaestre sea recluido en el penal de Mocov\u00ed, ubicado en la ciudad de Trinidad.<\/span><\/p>\n<p class=\"v1MsoNormal\"><span lang=\"ES-MX\">\u00abLa Fiscal\u00eda present\u00f3 indicios suficientes que apuntar\u00eda la probable responsabilidad del alcalde de Santa Rosa de Yacuma en la comisi\u00f3n del delito de apropiaci\u00f3n indebida de aportes\u00bb, se\u00f1al\u00f3 la entidad estatal.<\/span><\/p>\n<p class=\"v1MsoNormal\"><span lang=\"ES-MX\">Seg\u00fan indagaciones preliminares, Nogales habr\u00eda incumplido el pago de contribuciones al SIP y al Aporte Solidario en tres ocasiones: febrero de 2016, luego de noviembre de 2016 a mayo del 2019, y desde julio de 2019 hasta abril de 2021.<\/span><\/p>\n<p class=\"v1MsoNormal\"><span lang=\"ES-MX\">El monto total de aportes no cancelados a la AFP Futuro Bolivia ser\u00eda de Bs. 59.256,84, de acuerdo con la Fiscal\u00eda General del Estado (FGE).<\/span><\/p>\n<p class=\"v1MsoNormal\"><span lang=\"ES-MX\">Sin embargo, \u00ablos descuentos por planilla correspondientes fueron realizados a los servidores p\u00fablicos de dicho municipio\u00bb, agreg\u00f3 un comunicado de la FGE.<\/span><\/p>\n<p class=\"v1MsoNormal\"><span lang=\"ES-MX\">Esto significa que el edil de Santa Rosa habr\u00eda descontado los aportes a sus funcionarios sin pagarles las pensiones. Las investigaciones continuar\u00e1n durante los siguientes 30 d\u00edas mientras el sujeto cumple su detenci\u00f3n en Beni.<\/span><\/p>\n<p class=\"v1MsoNormal\"><span lang=\"ES-MX\">\u00a0<\/span><\/p>\n","protected":false},"excerpt":{"rendered":"<p>El Ministerio P\u00fablico inform\u00f3 ayer que se determin\u00f3 30 d\u00edas de detenci\u00f3n preventiva al alcalde de Santa Rosa de Yacuma, tras nuevas investigaciones que lo se\u00f1alan sospechoso del delito de apropiaci\u00f3n indebida de aportes por no haber cumplido con contribuciones al Sistema Integral de Pensiones y al Aporte Solidario. Luego de su audiencia de medidas [&hellip;]<\/p>\n","protected":false},"author":1,"featured_media":207766,"comment_status":"open","ping_status":"open","sticky":false,"template":"","format":"standard","meta":{"_acf_changed":false,"footnotes":""},"categories":[39],"tags":[],"class_list":["post-207765","post","type-post","status-publish","format-standard","has-post-thumbnail","category-sociedad"],"acf":{"antetitulo":"30 d\u00edas de detenci\u00f3n preventiva"},"yoast_head":"<!-- This site is optimized with the Yoast SEO plugin v28.4 - https:\/\/yoast.com\/product\/yoast-seo-wordpress\/ -->\n<title>Investigan al alcalde de Santa Rosa por presunta apropiaci\u00f3n de aportes - El Diario - Bolivia<\/title>\n<meta name=\"robots\" content=\"index, follow, max-snippet:-1, max-image-preview:large, max-video-preview:-1\" \/>\n<link rel=\"canonical\" href=\"https:\/\/www.eldiario.net\/portal\/2024\/03\/12\/investigan-al-alcalde-de-santa-rosa-por-presunta-apropiacion-de-aportes\/\" \/>\n<meta property=\"og:locale\" content=\"es_ES\" \/>\n<meta property=\"og:type\" content=\"article\" \/>\n<meta property=\"og:title\" content=\"Investigan al alcalde de Santa Rosa por presunta apropiaci\u00f3n de aportes - El Diario - Bolivia\" \/>\n<meta property=\"og:description\" content=\"El Ministerio P\u00fablico inform\u00f3 ayer que se determin\u00f3 30 d\u00edas de detenci\u00f3n preventiva al alcalde de Santa Rosa de Yacuma, tras nuevas investigaciones que lo se\u00f1alan sospechoso del delito de apropiaci\u00f3n indebida de aportes por no haber cumplido con contribuciones al Sistema Integral de Pensiones y al Aporte Solidario. Luego de su audiencia de medidas [&hellip;]\" \/>\n<meta property=\"og:url\" content=\"https:\/\/www.eldiario.net\/portal\/2024\/03\/12\/investigan-al-alcalde-de-santa-rosa-por-presunta-apropiacion-de-aportes\/\" \/>\n<meta property=\"og:site_name\" content=\"El Diario - Bolivia\" \/>\n<meta property=\"article:publisher\" content=\"https:\/\/www.facebook.com\/eldiario.bolivia\/\" \/>\n<meta property=\"article:published_time\" content=\"2024-03-12T09:03:44+00:00\" \/>\n<meta property=\"og:image\" content=\"https:\/\/www.eldiario.net\/portal\/wp-content\/uploads\/2024\/03\/12-AFP-e1710234214490.jpg\" \/>\n\t<meta property=\"og:image:width\" content=\"770\" \/>\n\t<meta property=\"og:image:height\" content=\"641\" \/>\n\t<meta property=\"og:image:type\" content=\"image\/jpeg\" \/>\n<meta name=\"author\" content=\"Jeanette\" \/>\n<meta name=\"twitter:card\" content=\"summary_large_image\" \/>\n<meta name=\"twitter:creator\" content=\"@eldiario_net\" \/>\n<meta name=\"twitter:site\" content=\"@eldiario_net\" \/>\n<meta name=\"twitter:label1\" content=\"Escrito por\" \/>\n\t<meta name=\"twitter:data1\" content=\"Jeanette\" \/>\n\t<meta name=\"twitter:label2\" content=\"Tiempo de lectura\" \/>\n\t<meta name=\"twitter:data2\" content=\"2 minutos\" \/>\n<script type=\"application\/ld+json\" class=\"yoast-schema-graph\">{\"@context\":\"https:\\\/\\\/schema.org\",\"@graph\":[{\"@type\":\"Article\",\"@id\":\"https:\\\/\\\/www.eldiario.net\\\/portal\\\/2024\\\/03\\\/12\\\/investigan-al-alcalde-de-santa-rosa-por-presunta-apropiacion-de-aportes\\\/#article\",\"isPartOf\":{\"@id\":\"https:\\\/\\\/www.eldiario.net\\\/portal\\\/2024\\\/03\\\/12\\\/investigan-al-alcalde-de-santa-rosa-por-presunta-apropiacion-de-aportes\\\/\"},\"author\":{\"name\":\"Jeanette\",\"@id\":\"https:\\\/\\\/www.eldiario.net\\\/portal\\\/#\\\/schema\\\/person\\\/2c57cf2b7a7ae032e449e4c9b1019eac\"},\"headline\":\"Investigan al alcalde de Santa Rosa por presunta apropiaci\u00f3n de aportes\",\"datePublished\":\"2024-03-12T09:03:44+00:00\",\"mainEntityOfPage\":{\"@id\":\"https:\\\/\\\/www.eldiario.net\\\/portal\\\/2024\\\/03\\\/12\\\/investigan-al-alcalde-de-santa-rosa-por-presunta-apropiacion-de-aportes\\\/\"},\"wordCount\":256,\"commentCount\":0,\"publisher\":{\"@id\":\"https:\\\/\\\/www.eldiario.net\\\/portal\\\/#organization\"},\"image\":{\"@id\":\"https:\\\/\\\/www.eldiario.net\\\/portal\\\/2024\\\/03\\\/12\\\/investigan-al-alcalde-de-santa-rosa-por-presunta-apropiacion-de-aportes\\\/#primaryimage\"},\"thumbnailUrl\":\"https:\\\/\\\/www.eldiario.net\\\/portal\\\/wp-content\\\/uploads\\\/2024\\\/03\\\/12-AFP-e1710234214490.jpg\",\"articleSection\":[\"Sociedad - Seguridad\"],\"inLanguage\":\"es\",\"potentialAction\":[{\"@type\":\"CommentAction\",\"name\":\"Comment\",\"target\":[\"https:\\\/\\\/www.eldiario.net\\\/portal\\\/2024\\\/03\\\/12\\\/investigan-al-alcalde-de-santa-rosa-por-presunta-apropiacion-de-aportes\\\/#respond\"]}]},{\"@type\":\"WebPage\",\"@id\":\"https:\\\/\\\/www.eldiario.net\\\/portal\\\/2024\\\/03\\\/12\\\/investigan-al-alcalde-de-santa-rosa-por-presunta-apropiacion-de-aportes\\\/\",\"url\":\"https:\\\/\\\/www.eldiario.net\\\/portal\\\/2024\\\/03\\\/12\\\/investigan-al-alcalde-de-santa-rosa-por-presunta-apropiacion-de-aportes\\\/\",\"name\":\"Investigan al alcalde de Santa Rosa por presunta apropiaci\u00f3n de aportes - El Diario - Bolivia\",\"isPartOf\":{\"@id\":\"https:\\\/\\\/www.eldiario.net\\\/portal\\\/#website\"},\"primaryImageOfPage\":{\"@id\":\"https:\\\/\\\/www.eldiario.net\\\/portal\\\/2024\\\/03\\\/12\\\/investigan-al-alcalde-de-santa-rosa-por-presunta-apropiacion-de-aportes\\\/#primaryimage\"},\"image\":{\"@id\":\"https:\\\/\\\/www.eldiario.net\\\/portal\\\/2024\\\/03\\\/12\\\/investigan-al-alcalde-de-santa-rosa-por-presunta-apropiacion-de-aportes\\\/#primaryimage\"},\"thumbnailUrl\":\"https:\\\/\\\/www.eldiario.net\\\/portal\\\/wp-content\\\/uploads\\\/2024\\\/03\\\/12-AFP-e1710234214490.jpg\",\"datePublished\":\"2024-03-12T09:03:44+00:00\",\"breadcrumb\":{\"@id\":\"https:\\\/\\\/www.eldiario.net\\\/portal\\\/2024\\\/03\\\/12\\\/investigan-al-alcalde-de-santa-rosa-por-presunta-apropiacion-de-aportes\\\/#breadcrumb\"},\"inLanguage\":\"es\",\"potentialAction\":[{\"@type\":\"ReadAction\",\"target\":[\"https:\\\/\\\/www.eldiario.net\\\/portal\\\/2024\\\/03\\\/12\\\/investigan-al-alcalde-de-santa-rosa-por-presunta-apropiacion-de-aportes\\\/\"]}]},{\"@type\":\"ImageObject\",\"inLanguage\":\"es\",\"@id\":\"https:\\\/\\\/www.eldiario.net\\\/portal\\\/2024\\\/03\\\/12\\\/investigan-al-alcalde-de-santa-rosa-por-presunta-apropiacion-de-aportes\\\/#primaryimage\",\"url\":\"https:\\\/\\\/www.eldiario.net\\\/portal\\\/wp-content\\\/uploads\\\/2024\\\/03\\\/12-AFP-e1710234214490.jpg\",\"contentUrl\":\"https:\\\/\\\/www.eldiario.net\\\/portal\\\/wp-content\\\/uploads\\\/2024\\\/03\\\/12-AFP-e1710234214490.jpg\",\"width\":770,\"height\":641,\"caption\":\"Autoridad edil es investigada por apropiaci\u00f3n indebida de aportes. CR\u00c9DITO: RRSS\"},{\"@type\":\"BreadcrumbList\",\"@id\":\"https:\\\/\\\/www.eldiario.net\\\/portal\\\/2024\\\/03\\\/12\\\/investigan-al-alcalde-de-santa-rosa-por-presunta-apropiacion-de-aportes\\\/#breadcrumb\",\"itemListElement\":[{\"@type\":\"ListItem\",\"position\":1,\"name\":\"Portada\",\"item\":\"https:\\\/\\\/www.eldiario.net\\\/portal\\\/\"},{\"@type\":\"ListItem\",\"position\":2,\"name\":\"Investigan al alcalde de Santa Rosa por presunta apropiaci\u00f3n de aportes\"}]},{\"@type\":\"WebSite\",\"@id\":\"https:\\\/\\\/www.eldiario.net\\\/portal\\\/#website\",\"url\":\"https:\\\/\\\/www.eldiario.net\\\/portal\\\/\",\"name\":\"El Diario - Decano de la prensa nacional\",\"description\":\"El Diario - Decano de la prensa nacional\",\"publisher\":{\"@id\":\"https:\\\/\\\/www.eldiario.net\\\/portal\\\/#organization\"},\"potentialAction\":[{\"@type\":\"SearchAction\",\"target\":{\"@type\":\"EntryPoint\",\"urlTemplate\":\"https:\\\/\\\/www.eldiario.net\\\/portal\\\/?s={search_term_string}\"},\"query-input\":{\"@type\":\"PropertyValueSpecification\",\"valueRequired\":true,\"valueName\":\"search_term_string\"}}],\"inLanguage\":\"es\"},{\"@type\":\"Organization\",\"@id\":\"https:\\\/\\\/www.eldiario.net\\\/portal\\\/#organization\",\"name\":\"El Diario - Decano de la prensa nacional\",\"url\":\"https:\\\/\\\/www.eldiario.net\\\/portal\\\/\",\"logo\":{\"@type\":\"ImageObject\",\"inLanguage\":\"es\",\"@id\":\"https:\\\/\\\/www.eldiario.net\\\/portal\\\/#\\\/schema\\\/logo\\\/image\\\/\",\"url\":\"https:\\\/\\\/www.eldiario.net\\\/portal\\\/wp-content\\\/uploads\\\/2023\\\/07\\\/logo_ED.jpg\",\"contentUrl\":\"https:\\\/\\\/www.eldiario.net\\\/portal\\\/wp-content\\\/uploads\\\/2023\\\/07\\\/logo_ED.jpg\",\"width\":272,\"height\":52,\"caption\":\"El Diario - Decano de la prensa nacional\"},\"image\":{\"@id\":\"https:\\\/\\\/www.eldiario.net\\\/portal\\\/#\\\/schema\\\/logo\\\/image\\\/\"},\"sameAs\":[\"https:\\\/\\\/www.facebook.com\\\/eldiario.bolivia\\\/\",\"https:\\\/\\\/x.com\\\/eldiario_net\"]},{\"@type\":\"Person\",\"@id\":\"https:\\\/\\\/www.eldiario.net\\\/portal\\\/#\\\/schema\\\/person\\\/2c57cf2b7a7ae032e449e4c9b1019eac\",\"name\":\"Jeanette\",\"image\":{\"@type\":\"ImageObject\",\"inLanguage\":\"es\",\"@id\":\"https:\\\/\\\/secure.gravatar.com\\\/avatar\\\/3ea2118a5f7dad2b7138b1187a6b7ee55f160b9968b66013c3a3ef39dd7e5798?s=96&d=mm&r=g\",\"url\":\"https:\\\/\\\/secure.gravatar.com\\\/avatar\\\/3ea2118a5f7dad2b7138b1187a6b7ee55f160b9968b66013c3a3ef39dd7e5798?s=96&d=mm&r=g\",\"contentUrl\":\"https:\\\/\\\/secure.gravatar.com\\\/avatar\\\/3ea2118a5f7dad2b7138b1187a6b7ee55f160b9968b66013c3a3ef39dd7e5798?s=96&d=mm&r=g\",\"caption\":\"Jeanette\"},\"sameAs\":[\"https:\\\/\\\/www.eldiario.net\\\/portal\"],\"url\":\"https:\\\/\\\/www.eldiario.net\\\/portal\\\/author\\\/jeanette\\\/\"}]}<\/script>\n<!-- \/ Yoast SEO plugin. -->","yoast_head_json":{"title":"Investigan al alcalde de Santa Rosa por presunta apropiaci\u00f3n de aportes - El Diario - Bolivia","robots":{"index":"index","follow":"follow","max-snippet":"max-snippet:-1","max-image-preview":"max-image-preview:large","max-video-preview":"max-video-preview:-1"},"canonical":"https:\/\/www.eldiario.net\/portal\/2024\/03\/12\/investigan-al-alcalde-de-santa-rosa-por-presunta-apropiacion-de-aportes\/","og_locale":"es_ES","og_type":"article","og_title":"Investigan al alcalde de Santa Rosa por presunta apropiaci\u00f3n de aportes - El Diario - Bolivia","og_description":"El Ministerio P\u00fablico inform\u00f3 ayer que se determin\u00f3 30 d\u00edas de detenci\u00f3n preventiva al alcalde de Santa Rosa de Yacuma, tras nuevas investigaciones que lo se\u00f1alan sospechoso del delito de apropiaci\u00f3n indebida de aportes por no haber cumplido con contribuciones al Sistema Integral de Pensiones y al Aporte Solidario. Luego de su audiencia de medidas [&hellip;]","og_url":"https:\/\/www.eldiario.net\/portal\/2024\/03\/12\/investigan-al-alcalde-de-santa-rosa-por-presunta-apropiacion-de-aportes\/","og_site_name":"El Diario - Bolivia","article_publisher":"https:\/\/www.facebook.com\/eldiario.bolivia\/","article_published_time":"2024-03-12T09:03:44+00:00","og_image":[{"width":770,"height":641,"url":"https:\/\/www.eldiario.net\/portal\/wp-content\/uploads\/2024\/03\/12-AFP-e1710234214490.jpg","type":"image\/jpeg"}],"author":"Jeanette","twitter_card":"summary_large_image","twitter_creator":"@eldiario_net","twitter_site":"@eldiario_net","twitter_misc":{"Escrito por":"Jeanette","Tiempo de lectura":"2 minutos"},"schema":{"@context":"https:\/\/schema.org","@graph":[{"@type":"Article","@id":"https:\/\/www.eldiario.net\/portal\/2024\/03\/12\/investigan-al-alcalde-de-santa-rosa-por-presunta-apropiacion-de-aportes\/#article","isPartOf":{"@id":"https:\/\/www.eldiario.net\/portal\/2024\/03\/12\/investigan-al-alcalde-de-santa-rosa-por-presunta-apropiacion-de-aportes\/"},"author":{"name":"Jeanette","@id":"https:\/\/www.eldiario.net\/portal\/#\/schema\/person\/2c57cf2b7a7ae032e449e4c9b1019eac"},"headline":"Investigan al alcalde de Santa Rosa por presunta apropiaci\u00f3n de aportes","datePublished":"2024-03-12T09:03:44+00:00","mainEntityOfPage":{"@id":"https:\/\/www.eldiario.net\/portal\/2024\/03\/12\/investigan-al-alcalde-de-santa-rosa-por-presunta-apropiacion-de-aportes\/"},"wordCount":256,"commentCount":0,"publisher":{"@id":"https:\/\/www.eldiario.net\/portal\/#organization"},"image":{"@id":"https:\/\/www.eldiario.net\/portal\/2024\/03\/12\/investigan-al-alcalde-de-santa-rosa-por-presunta-apropiacion-de-aportes\/#primaryimage"},"thumbnailUrl":"https:\/\/www.eldiario.net\/portal\/wp-content\/uploads\/2024\/03\/12-AFP-e1710234214490.jpg","articleSection":["Sociedad - Seguridad"],"inLanguage":"es","potentialAction":[{"@type":"CommentAction","name":"Comment","target":["https:\/\/www.eldiario.net\/portal\/2024\/03\/12\/investigan-al-alcalde-de-santa-rosa-por-presunta-apropiacion-de-aportes\/#respond"]}]},{"@type":"WebPage","@id":"https:\/\/www.eldiario.net\/portal\/2024\/03\/12\/investigan-al-alcalde-de-santa-rosa-por-presunta-apropiacion-de-aportes\/","url":"https:\/\/www.eldiario.net\/portal\/2024\/03\/12\/investigan-al-alcalde-de-santa-rosa-por-presunta-apropiacion-de-aportes\/","name":"Investigan al alcalde de Santa Rosa por presunta apropiaci\u00f3n de aportes - El Diario - Bolivia","isPartOf":{"@id":"https:\/\/www.eldiario.net\/portal\/#website"},"primaryImageOfPage":{"@id":"https:\/\/www.eldiario.net\/portal\/2024\/03\/12\/investigan-al-alcalde-de-santa-rosa-por-presunta-apropiacion-de-aportes\/#primaryimage"},"image":{"@id":"https:\/\/www.eldiario.net\/portal\/2024\/03\/12\/investigan-al-alcalde-de-santa-rosa-por-presunta-apropiacion-de-aportes\/#primaryimage"},"thumbnailUrl":"https:\/\/www.eldiario.net\/portal\/wp-content\/uploads\/2024\/03\/12-AFP-e1710234214490.jpg","datePublished":"2024-03-12T09:03:44+00:00","breadcrumb":{"@id":"https:\/\/www.eldiario.net\/portal\/2024\/03\/12\/investigan-al-alcalde-de-santa-rosa-por-presunta-apropiacion-de-aportes\/#breadcrumb"},"inLanguage":"es","potentialAction":[{"@type":"ReadAction","target":["https:\/\/www.eldiario.net\/portal\/2024\/03\/12\/investigan-al-alcalde-de-santa-rosa-por-presunta-apropiacion-de-aportes\/"]}]},{"@type":"ImageObject","inLanguage":"es","@id":"https:\/\/www.eldiario.net\/portal\/2024\/03\/12\/investigan-al-alcalde-de-santa-rosa-por-presunta-apropiacion-de-aportes\/#primaryimage","url":"https:\/\/www.eldiario.net\/portal\/wp-content\/uploads\/2024\/03\/12-AFP-e1710234214490.jpg","contentUrl":"https:\/\/www.eldiario.net\/portal\/wp-content\/uploads\/2024\/03\/12-AFP-e1710234214490.jpg","width":770,"height":641,"caption":"Autoridad edil es investigada por apropiaci\u00f3n indebida de aportes. CR\u00c9DITO: RRSS"},{"@type":"BreadcrumbList","@id":"https:\/\/www.eldiario.net\/portal\/2024\/03\/12\/investigan-al-alcalde-de-santa-rosa-por-presunta-apropiacion-de-aportes\/#breadcrumb","itemListElement":[{"@type":"ListItem","position":1,"name":"Portada","item":"https:\/\/www.eldiario.net\/portal\/"},{"@type":"ListItem","position":2,"name":"Investigan al alcalde de Santa Rosa por presunta apropiaci\u00f3n de aportes"}]},{"@type":"WebSite","@id":"https:\/\/www.eldiario.net\/portal\/#website","url":"https:\/\/www.eldiario.net\/portal\/","name":"El Diario - Decano de la prensa nacional","description":"El Diario - Decano de la prensa nacional","publisher":{"@id":"https:\/\/www.eldiario.net\/portal\/#organization"},"potentialAction":[{"@type":"SearchAction","target":{"@type":"EntryPoint","urlTemplate":"https:\/\/www.eldiario.net\/portal\/?s={search_term_string}"},"query-input":{"@type":"PropertyValueSpecification","valueRequired":true,"valueName":"search_term_string"}}],"inLanguage":"es"},{"@type":"Organization","@id":"https:\/\/www.eldiario.net\/portal\/#organization","name":"El Diario - Decano de la prensa nacional","url":"https:\/\/www.eldiario.net\/portal\/","logo":{"@type":"ImageObject","inLanguage":"es","@id":"https:\/\/www.eldiario.net\/portal\/#\/schema\/logo\/image\/","url":"https:\/\/www.eldiario.net\/portal\/wp-content\/uploads\/2023\/07\/logo_ED.jpg","contentUrl":"https:\/\/www.eldiario.net\/portal\/wp-content\/uploads\/2023\/07\/logo_ED.jpg","width":272,"height":52,"caption":"El Diario - Decano de la prensa nacional"},"image":{"@id":"https:\/\/www.eldiario.net\/portal\/#\/schema\/logo\/image\/"},"sameAs":["https:\/\/www.facebook.com\/eldiario.bolivia\/","https:\/\/x.com\/eldiario_net"]},{"@type":"Person","@id":"https:\/\/www.eldiario.net\/portal\/#\/schema\/person\/2c57cf2b7a7ae032e449e4c9b1019eac","name":"Jeanette","image":{"@type":"ImageObject","inLanguage":"es","@id":"https:\/\/secure.gravatar.com\/avatar\/3ea2118a5f7dad2b7138b1187a6b7ee55f160b9968b66013c3a3ef39dd7e5798?s=96&d=mm&r=g","url":"https:\/\/secure.gravatar.com\/avatar\/3ea2118a5f7dad2b7138b1187a6b7ee55f160b9968b66013c3a3ef39dd7e5798?s=96&d=mm&r=g","contentUrl":"https:\/\/secure.gravatar.com\/avatar\/3ea2118a5f7dad2b7138b1187a6b7ee55f160b9968b66013c3a3ef39dd7e5798?s=96&d=mm&r=g","caption":"Jeanette"},"sameAs":["https:\/\/www.eldiario.net\/portal"],"url":"https:\/\/www.eldiario.net\/portal\/author\/jeanette\/"}]}},"_links":{"self":[{"href":"https:\/\/www.eldiario.net\/portal\/wp-json\/wp\/v2\/posts\/207765","targetHints":{"allow":["GET"]}}],"collection":[{"href":"https:\/\/www.eldiario.net\/portal\/wp-json\/wp\/v2\/posts"}],"about":[{"href":"https:\/\/www.eldiario.net\/portal\/wp-json\/wp\/v2\/types\/post"}],"author":[{"embeddable":true,"href":"https:\/\/www.eldiario.net\/portal\/wp-json\/wp\/v2\/users\/1"}],"replies":[{"embeddable":true,"href":"https:\/\/www.eldiario.net\/portal\/wp-json\/wp\/v2\/comments?post=207765"}],"version-history":[{"count":1,"href":"https:\/\/www.eldiario.net\/portal\/wp-json\/wp\/v2\/posts\/207765\/revisions"}],"predecessor-version":[{"id":207767,"href":"https:\/\/www.eldiario.net\/portal\/wp-json\/wp\/v2\/posts\/207765\/revisions\/207767"}],"wp:featuredmedia":[{"embeddable":true,"href":"https:\/\/www.eldiario.net\/portal\/wp-json\/wp\/v2\/media\/207766"}],"wp:attachment":[{"href":"https:\/\/www.eldiario.net\/portal\/wp-json\/wp\/v2\/media?parent=207765"}],"wp:term":[{"taxonomy":"category","embeddable":true,"href":"https:\/\/www.eldiario.net\/portal\/wp-json\/wp\/v2\/categories?post=207765"},{"taxonomy":"post_tag","embeddable":true,"href":"https:\/\/www.eldiario.net\/portal\/wp-json\/wp\/v2\/tags?post=207765"}],"curies":[{"name":"wp","href":"https:\/\/api.w.org\/{rel}","templated":true}]}}