{"id":207762,"date":"2024-03-12T05:02:45","date_gmt":"2024-03-12T09:02:45","guid":{"rendered":"https:\/\/www.eldiario.net\/portal\/?p=207762"},"modified":"2024-03-12T05:02:45","modified_gmt":"2024-03-12T09:02:45","slug":"detencion-preventiva-para-policia-ante-posible-caso-de-feminicidio","status":"publish","type":"post","link":"https:\/\/www.eldiario.net\/portal\/2024\/03\/12\/detencion-preventiva-para-policia-ante-posible-caso-de-feminicidio\/","title":{"rendered":"Detenci\u00f3n preventiva para polic\u00eda ante posible caso de feminicidio"},"content":{"rendered":"<p class=\"v1MsoNormal\"><span lang=\"ES-MX\">La Fiscal\u00eda inform\u00f3 ayer que un polic\u00eda es investigado y cumplir\u00e1 detenci\u00f3n preventiva por ser sospechoso de la muerte de su esposa, quien falleci\u00f3 con un proyectil de arma de fuego en la cabeza que presuntamente se le escap\u00f3 al oficial mientras limpiaba su arma en su domicilio en Tarija.<\/span><\/p>\n<p class=\"v1MsoNormal\"><span lang=\"ES-MX\">El Juzgado de Instrucci\u00f3n Anticorrupci\u00f3n y Contra la Violencia Hacia la Mujer Primero determin\u00f3 que el uniformado cumplir\u00e1 esta medida en el penal de Morros Blancos en Tarija, de acuerdo con la Fiscal\u00eda General del Estado (FGE).<\/span><\/p>\n<p class=\"v1MsoNormal\"><span lang=\"ES-MX\">\u00abSe fundament\u00f3 la probabilidad de autor\u00eda de Oscar R. L., efectivo de la Polic\u00eda (29 a\u00f1os), investigado por el (supuesto) delito de feminicidio cometido contra su esposa, Yesica G.S. de 23 a\u00f1os\u00bb, se\u00f1al\u00f3 la fiscal departamental, Sandra Guti\u00e9rrez.<\/span><\/p>\n<p class=\"v1MsoNormal\"><span lang=\"ES-MX\">La v\u00edctima falleci\u00f3 a causa de un traumatismo cr\u00e1neo encef\u00e1lico abierto por proyectil de arma de fuego en su domicilio en la ciudad tarije\u00f1a, se\u00f1al\u00f3 la FGE.<\/span><\/p>\n<p class=\"v1MsoNormal\"><span lang=\"ES-MX\">De acuerdo con informaci\u00f3n preliminar, la v\u00edctima se encontraba junto a su esposo, en su domicilio en el momento del tr\u00e1gico suceso. Al promediar las 14:30 horas del 8 de marzo de 2024, el sindicado se encontraba manipulando su arma de fuego reglamentaria.<\/span><\/p>\n<p class=\"v1MsoNormal\"><span lang=\"ES-MX\">En ese momento, se presume que un disparo se le habr\u00eda escapado, mismo que impact\u00f3 en la frente de su esposa. Aunque Yesica fue auxiliada por personal de Bomberos y llevada al hospital San Juan de Dios, perdi\u00f3 la vida momentos despu\u00e9s.<\/span><\/p>\n","protected":false},"excerpt":{"rendered":"<p>La Fiscal\u00eda inform\u00f3 ayer que un polic\u00eda es investigado y cumplir\u00e1 detenci\u00f3n preventiva por ser sospechoso de la muerte de su esposa, quien falleci\u00f3 con un proyectil de arma de fuego en la cabeza que presuntamente se le escap\u00f3 al oficial mientras limpiaba su arma en su domicilio en Tarija. El Juzgado de Instrucci\u00f3n Anticorrupci\u00f3n [&hellip;]<\/p>\n","protected":false},"author":1,"featured_media":207763,"comment_status":"open","ping_status":"open","sticky":false,"template":"","format":"standard","meta":{"_acf_changed":false,"footnotes":""},"categories":[39],"tags":[],"class_list":["post-207762","post","type-post","status-publish","format-standard","has-post-thumbnail","category-sociedad"],"acf":{"antetitulo":"Tarija"},"yoast_head":"<!-- This site is optimized with the Yoast SEO plugin v28.4 - https:\/\/yoast.com\/product\/yoast-seo-wordpress\/ -->\n<title>Detenci\u00f3n preventiva para polic\u00eda ante posible caso de feminicidio - El Diario - Bolivia<\/title>\n<meta name=\"robots\" content=\"index, follow, max-snippet:-1, max-image-preview:large, max-video-preview:-1\" \/>\n<link rel=\"canonical\" href=\"https:\/\/www.eldiario.net\/portal\/2024\/03\/12\/detencion-preventiva-para-policia-ante-posible-caso-de-feminicidio\/\" \/>\n<meta property=\"og:locale\" content=\"es_ES\" \/>\n<meta property=\"og:type\" content=\"article\" \/>\n<meta property=\"og:title\" content=\"Detenci\u00f3n preventiva para polic\u00eda ante posible caso de feminicidio - El Diario - Bolivia\" \/>\n<meta property=\"og:description\" content=\"La Fiscal\u00eda inform\u00f3 ayer que un polic\u00eda es investigado y cumplir\u00e1 detenci\u00f3n preventiva por ser sospechoso de la muerte de su esposa, quien falleci\u00f3 con un proyectil de arma de fuego en la cabeza que presuntamente se le escap\u00f3 al oficial mientras limpiaba su arma en su domicilio en Tarija. El Juzgado de Instrucci\u00f3n Anticorrupci\u00f3n [&hellip;]\" \/>\n<meta property=\"og:url\" content=\"https:\/\/www.eldiario.net\/portal\/2024\/03\/12\/detencion-preventiva-para-policia-ante-posible-caso-de-feminicidio\/\" \/>\n<meta property=\"og:site_name\" content=\"El Diario - Bolivia\" \/>\n<meta property=\"article:publisher\" content=\"https:\/\/www.facebook.com\/eldiario.bolivia\/\" \/>\n<meta property=\"article:published_time\" content=\"2024-03-12T09:02:45+00:00\" \/>\n<meta property=\"og:image\" content=\"https:\/\/www.eldiario.net\/portal\/wp-content\/uploads\/2024\/03\/12-FEM-e1710234158464.jpg\" \/>\n\t<meta property=\"og:image:width\" content=\"720\" \/>\n\t<meta property=\"og:image:height\" content=\"634\" \/>\n\t<meta property=\"og:image:type\" content=\"image\/jpeg\" \/>\n<meta name=\"author\" content=\"Jeanette\" \/>\n<meta name=\"twitter:card\" content=\"summary_large_image\" \/>\n<meta name=\"twitter:creator\" content=\"@eldiario_net\" \/>\n<meta name=\"twitter:site\" content=\"@eldiario_net\" \/>\n<meta name=\"twitter:label1\" content=\"Escrito por\" \/>\n\t<meta name=\"twitter:data1\" content=\"Jeanette\" \/>\n\t<meta name=\"twitter:label2\" content=\"Tiempo de lectura\" \/>\n\t<meta name=\"twitter:data2\" content=\"2 minutos\" \/>\n<script type=\"application\/ld+json\" class=\"yoast-schema-graph\">{\"@context\":\"https:\\\/\\\/schema.org\",\"@graph\":[{\"@type\":\"Article\",\"@id\":\"https:\\\/\\\/www.eldiario.net\\\/portal\\\/2024\\\/03\\\/12\\\/detencion-preventiva-para-policia-ante-posible-caso-de-feminicidio\\\/#article\",\"isPartOf\":{\"@id\":\"https:\\\/\\\/www.eldiario.net\\\/portal\\\/2024\\\/03\\\/12\\\/detencion-preventiva-para-policia-ante-posible-caso-de-feminicidio\\\/\"},\"author\":{\"name\":\"Jeanette\",\"@id\":\"https:\\\/\\\/www.eldiario.net\\\/portal\\\/#\\\/schema\\\/person\\\/2c57cf2b7a7ae032e449e4c9b1019eac\"},\"headline\":\"Detenci\u00f3n preventiva para polic\u00eda ante posible caso de feminicidio\",\"datePublished\":\"2024-03-12T09:02:45+00:00\",\"mainEntityOfPage\":{\"@id\":\"https:\\\/\\\/www.eldiario.net\\\/portal\\\/2024\\\/03\\\/12\\\/detencion-preventiva-para-policia-ante-posible-caso-de-feminicidio\\\/\"},\"wordCount\":266,\"commentCount\":0,\"publisher\":{\"@id\":\"https:\\\/\\\/www.eldiario.net\\\/portal\\\/#organization\"},\"image\":{\"@id\":\"https:\\\/\\\/www.eldiario.net\\\/portal\\\/2024\\\/03\\\/12\\\/detencion-preventiva-para-policia-ante-posible-caso-de-feminicidio\\\/#primaryimage\"},\"thumbnailUrl\":\"https:\\\/\\\/www.eldiario.net\\\/portal\\\/wp-content\\\/uploads\\\/2024\\\/03\\\/12-FEM-e1710234158464.jpg\",\"articleSection\":[\"Sociedad - Seguridad\"],\"inLanguage\":\"es\",\"potentialAction\":[{\"@type\":\"CommentAction\",\"name\":\"Comment\",\"target\":[\"https:\\\/\\\/www.eldiario.net\\\/portal\\\/2024\\\/03\\\/12\\\/detencion-preventiva-para-policia-ante-posible-caso-de-feminicidio\\\/#respond\"]}]},{\"@type\":\"WebPage\",\"@id\":\"https:\\\/\\\/www.eldiario.net\\\/portal\\\/2024\\\/03\\\/12\\\/detencion-preventiva-para-policia-ante-posible-caso-de-feminicidio\\\/\",\"url\":\"https:\\\/\\\/www.eldiario.net\\\/portal\\\/2024\\\/03\\\/12\\\/detencion-preventiva-para-policia-ante-posible-caso-de-feminicidio\\\/\",\"name\":\"Detenci\u00f3n preventiva para polic\u00eda ante posible caso de feminicidio - El Diario - Bolivia\",\"isPartOf\":{\"@id\":\"https:\\\/\\\/www.eldiario.net\\\/portal\\\/#website\"},\"primaryImageOfPage\":{\"@id\":\"https:\\\/\\\/www.eldiario.net\\\/portal\\\/2024\\\/03\\\/12\\\/detencion-preventiva-para-policia-ante-posible-caso-de-feminicidio\\\/#primaryimage\"},\"image\":{\"@id\":\"https:\\\/\\\/www.eldiario.net\\\/portal\\\/2024\\\/03\\\/12\\\/detencion-preventiva-para-policia-ante-posible-caso-de-feminicidio\\\/#primaryimage\"},\"thumbnailUrl\":\"https:\\\/\\\/www.eldiario.net\\\/portal\\\/wp-content\\\/uploads\\\/2024\\\/03\\\/12-FEM-e1710234158464.jpg\",\"datePublished\":\"2024-03-12T09:02:45+00:00\",\"breadcrumb\":{\"@id\":\"https:\\\/\\\/www.eldiario.net\\\/portal\\\/2024\\\/03\\\/12\\\/detencion-preventiva-para-policia-ante-posible-caso-de-feminicidio\\\/#breadcrumb\"},\"inLanguage\":\"es\",\"potentialAction\":[{\"@type\":\"ReadAction\",\"target\":[\"https:\\\/\\\/www.eldiario.net\\\/portal\\\/2024\\\/03\\\/12\\\/detencion-preventiva-para-policia-ante-posible-caso-de-feminicidio\\\/\"]}]},{\"@type\":\"ImageObject\",\"inLanguage\":\"es\",\"@id\":\"https:\\\/\\\/www.eldiario.net\\\/portal\\\/2024\\\/03\\\/12\\\/detencion-preventiva-para-policia-ante-posible-caso-de-feminicidio\\\/#primaryimage\",\"url\":\"https:\\\/\\\/www.eldiario.net\\\/portal\\\/wp-content\\\/uploads\\\/2024\\\/03\\\/12-FEM-e1710234158464.jpg\",\"contentUrl\":\"https:\\\/\\\/www.eldiario.net\\\/portal\\\/wp-content\\\/uploads\\\/2024\\\/03\\\/12-FEM-e1710234158464.jpg\",\"width\":720,\"height\":634,\"caption\":\"Fiscal\u00eda Departamental de Tarija (referencial). CR\u00c9DITO: FGE\"},{\"@type\":\"BreadcrumbList\",\"@id\":\"https:\\\/\\\/www.eldiario.net\\\/portal\\\/2024\\\/03\\\/12\\\/detencion-preventiva-para-policia-ante-posible-caso-de-feminicidio\\\/#breadcrumb\",\"itemListElement\":[{\"@type\":\"ListItem\",\"position\":1,\"name\":\"Portada\",\"item\":\"https:\\\/\\\/www.eldiario.net\\\/portal\\\/\"},{\"@type\":\"ListItem\",\"position\":2,\"name\":\"Detenci\u00f3n preventiva para polic\u00eda ante posible caso de feminicidio\"}]},{\"@type\":\"WebSite\",\"@id\":\"https:\\\/\\\/www.eldiario.net\\\/portal\\\/#website\",\"url\":\"https:\\\/\\\/www.eldiario.net\\\/portal\\\/\",\"name\":\"El Diario - Decano de la prensa nacional\",\"description\":\"El Diario - Decano de la prensa nacional\",\"publisher\":{\"@id\":\"https:\\\/\\\/www.eldiario.net\\\/portal\\\/#organization\"},\"potentialAction\":[{\"@type\":\"SearchAction\",\"target\":{\"@type\":\"EntryPoint\",\"urlTemplate\":\"https:\\\/\\\/www.eldiario.net\\\/portal\\\/?s={search_term_string}\"},\"query-input\":{\"@type\":\"PropertyValueSpecification\",\"valueRequired\":true,\"valueName\":\"search_term_string\"}}],\"inLanguage\":\"es\"},{\"@type\":\"Organization\",\"@id\":\"https:\\\/\\\/www.eldiario.net\\\/portal\\\/#organization\",\"name\":\"El Diario - Decano de la prensa nacional\",\"url\":\"https:\\\/\\\/www.eldiario.net\\\/portal\\\/\",\"logo\":{\"@type\":\"ImageObject\",\"inLanguage\":\"es\",\"@id\":\"https:\\\/\\\/www.eldiario.net\\\/portal\\\/#\\\/schema\\\/logo\\\/image\\\/\",\"url\":\"https:\\\/\\\/www.eldiario.net\\\/portal\\\/wp-content\\\/uploads\\\/2023\\\/07\\\/logo_ED.jpg\",\"contentUrl\":\"https:\\\/\\\/www.eldiario.net\\\/portal\\\/wp-content\\\/uploads\\\/2023\\\/07\\\/logo_ED.jpg\",\"width\":272,\"height\":52,\"caption\":\"El Diario - Decano de la prensa nacional\"},\"image\":{\"@id\":\"https:\\\/\\\/www.eldiario.net\\\/portal\\\/#\\\/schema\\\/logo\\\/image\\\/\"},\"sameAs\":[\"https:\\\/\\\/www.facebook.com\\\/eldiario.bolivia\\\/\",\"https:\\\/\\\/x.com\\\/eldiario_net\"]},{\"@type\":\"Person\",\"@id\":\"https:\\\/\\\/www.eldiario.net\\\/portal\\\/#\\\/schema\\\/person\\\/2c57cf2b7a7ae032e449e4c9b1019eac\",\"name\":\"Jeanette\",\"image\":{\"@type\":\"ImageObject\",\"inLanguage\":\"es\",\"@id\":\"https:\\\/\\\/secure.gravatar.com\\\/avatar\\\/3ea2118a5f7dad2b7138b1187a6b7ee55f160b9968b66013c3a3ef39dd7e5798?s=96&d=mm&r=g\",\"url\":\"https:\\\/\\\/secure.gravatar.com\\\/avatar\\\/3ea2118a5f7dad2b7138b1187a6b7ee55f160b9968b66013c3a3ef39dd7e5798?s=96&d=mm&r=g\",\"contentUrl\":\"https:\\\/\\\/secure.gravatar.com\\\/avatar\\\/3ea2118a5f7dad2b7138b1187a6b7ee55f160b9968b66013c3a3ef39dd7e5798?s=96&d=mm&r=g\",\"caption\":\"Jeanette\"},\"sameAs\":[\"https:\\\/\\\/www.eldiario.net\\\/portal\"],\"url\":\"https:\\\/\\\/www.eldiario.net\\\/portal\\\/author\\\/jeanette\\\/\"}]}<\/script>\n<!-- \/ Yoast SEO plugin. -->","yoast_head_json":{"title":"Detenci\u00f3n preventiva para polic\u00eda ante posible caso de feminicidio - El Diario - Bolivia","robots":{"index":"index","follow":"follow","max-snippet":"max-snippet:-1","max-image-preview":"max-image-preview:large","max-video-preview":"max-video-preview:-1"},"canonical":"https:\/\/www.eldiario.net\/portal\/2024\/03\/12\/detencion-preventiva-para-policia-ante-posible-caso-de-feminicidio\/","og_locale":"es_ES","og_type":"article","og_title":"Detenci\u00f3n preventiva para polic\u00eda ante posible caso de feminicidio - El Diario - Bolivia","og_description":"La Fiscal\u00eda inform\u00f3 ayer que un polic\u00eda es investigado y cumplir\u00e1 detenci\u00f3n preventiva por ser sospechoso de la muerte de su esposa, quien falleci\u00f3 con un proyectil de arma de fuego en la cabeza que presuntamente se le escap\u00f3 al oficial mientras limpiaba su arma en su domicilio en Tarija. El Juzgado de Instrucci\u00f3n Anticorrupci\u00f3n [&hellip;]","og_url":"https:\/\/www.eldiario.net\/portal\/2024\/03\/12\/detencion-preventiva-para-policia-ante-posible-caso-de-feminicidio\/","og_site_name":"El Diario - Bolivia","article_publisher":"https:\/\/www.facebook.com\/eldiario.bolivia\/","article_published_time":"2024-03-12T09:02:45+00:00","og_image":[{"width":720,"height":634,"url":"https:\/\/www.eldiario.net\/portal\/wp-content\/uploads\/2024\/03\/12-FEM-e1710234158464.jpg","type":"image\/jpeg"}],"author":"Jeanette","twitter_card":"summary_large_image","twitter_creator":"@eldiario_net","twitter_site":"@eldiario_net","twitter_misc":{"Escrito por":"Jeanette","Tiempo de lectura":"2 minutos"},"schema":{"@context":"https:\/\/schema.org","@graph":[{"@type":"Article","@id":"https:\/\/www.eldiario.net\/portal\/2024\/03\/12\/detencion-preventiva-para-policia-ante-posible-caso-de-feminicidio\/#article","isPartOf":{"@id":"https:\/\/www.eldiario.net\/portal\/2024\/03\/12\/detencion-preventiva-para-policia-ante-posible-caso-de-feminicidio\/"},"author":{"name":"Jeanette","@id":"https:\/\/www.eldiario.net\/portal\/#\/schema\/person\/2c57cf2b7a7ae032e449e4c9b1019eac"},"headline":"Detenci\u00f3n preventiva para polic\u00eda ante posible caso de feminicidio","datePublished":"2024-03-12T09:02:45+00:00","mainEntityOfPage":{"@id":"https:\/\/www.eldiario.net\/portal\/2024\/03\/12\/detencion-preventiva-para-policia-ante-posible-caso-de-feminicidio\/"},"wordCount":266,"commentCount":0,"publisher":{"@id":"https:\/\/www.eldiario.net\/portal\/#organization"},"image":{"@id":"https:\/\/www.eldiario.net\/portal\/2024\/03\/12\/detencion-preventiva-para-policia-ante-posible-caso-de-feminicidio\/#primaryimage"},"thumbnailUrl":"https:\/\/www.eldiario.net\/portal\/wp-content\/uploads\/2024\/03\/12-FEM-e1710234158464.jpg","articleSection":["Sociedad - Seguridad"],"inLanguage":"es","potentialAction":[{"@type":"CommentAction","name":"Comment","target":["https:\/\/www.eldiario.net\/portal\/2024\/03\/12\/detencion-preventiva-para-policia-ante-posible-caso-de-feminicidio\/#respond"]}]},{"@type":"WebPage","@id":"https:\/\/www.eldiario.net\/portal\/2024\/03\/12\/detencion-preventiva-para-policia-ante-posible-caso-de-feminicidio\/","url":"https:\/\/www.eldiario.net\/portal\/2024\/03\/12\/detencion-preventiva-para-policia-ante-posible-caso-de-feminicidio\/","name":"Detenci\u00f3n preventiva para polic\u00eda ante posible caso de feminicidio - El Diario - Bolivia","isPartOf":{"@id":"https:\/\/www.eldiario.net\/portal\/#website"},"primaryImageOfPage":{"@id":"https:\/\/www.eldiario.net\/portal\/2024\/03\/12\/detencion-preventiva-para-policia-ante-posible-caso-de-feminicidio\/#primaryimage"},"image":{"@id":"https:\/\/www.eldiario.net\/portal\/2024\/03\/12\/detencion-preventiva-para-policia-ante-posible-caso-de-feminicidio\/#primaryimage"},"thumbnailUrl":"https:\/\/www.eldiario.net\/portal\/wp-content\/uploads\/2024\/03\/12-FEM-e1710234158464.jpg","datePublished":"2024-03-12T09:02:45+00:00","breadcrumb":{"@id":"https:\/\/www.eldiario.net\/portal\/2024\/03\/12\/detencion-preventiva-para-policia-ante-posible-caso-de-feminicidio\/#breadcrumb"},"inLanguage":"es","potentialAction":[{"@type":"ReadAction","target":["https:\/\/www.eldiario.net\/portal\/2024\/03\/12\/detencion-preventiva-para-policia-ante-posible-caso-de-feminicidio\/"]}]},{"@type":"ImageObject","inLanguage":"es","@id":"https:\/\/www.eldiario.net\/portal\/2024\/03\/12\/detencion-preventiva-para-policia-ante-posible-caso-de-feminicidio\/#primaryimage","url":"https:\/\/www.eldiario.net\/portal\/wp-content\/uploads\/2024\/03\/12-FEM-e1710234158464.jpg","contentUrl":"https:\/\/www.eldiario.net\/portal\/wp-content\/uploads\/2024\/03\/12-FEM-e1710234158464.jpg","width":720,"height":634,"caption":"Fiscal\u00eda Departamental de Tarija (referencial). CR\u00c9DITO: FGE"},{"@type":"BreadcrumbList","@id":"https:\/\/www.eldiario.net\/portal\/2024\/03\/12\/detencion-preventiva-para-policia-ante-posible-caso-de-feminicidio\/#breadcrumb","itemListElement":[{"@type":"ListItem","position":1,"name":"Portada","item":"https:\/\/www.eldiario.net\/portal\/"},{"@type":"ListItem","position":2,"name":"Detenci\u00f3n preventiva para polic\u00eda ante posible caso de feminicidio"}]},{"@type":"WebSite","@id":"https:\/\/www.eldiario.net\/portal\/#website","url":"https:\/\/www.eldiario.net\/portal\/","name":"El Diario - Decano de la prensa nacional","description":"El Diario - Decano de la prensa nacional","publisher":{"@id":"https:\/\/www.eldiario.net\/portal\/#organization"},"potentialAction":[{"@type":"SearchAction","target":{"@type":"EntryPoint","urlTemplate":"https:\/\/www.eldiario.net\/portal\/?s={search_term_string}"},"query-input":{"@type":"PropertyValueSpecification","valueRequired":true,"valueName":"search_term_string"}}],"inLanguage":"es"},{"@type":"Organization","@id":"https:\/\/www.eldiario.net\/portal\/#organization","name":"El Diario - Decano de la prensa nacional","url":"https:\/\/www.eldiario.net\/portal\/","logo":{"@type":"ImageObject","inLanguage":"es","@id":"https:\/\/www.eldiario.net\/portal\/#\/schema\/logo\/image\/","url":"https:\/\/www.eldiario.net\/portal\/wp-content\/uploads\/2023\/07\/logo_ED.jpg","contentUrl":"https:\/\/www.eldiario.net\/portal\/wp-content\/uploads\/2023\/07\/logo_ED.jpg","width":272,"height":52,"caption":"El Diario - Decano de la prensa nacional"},"image":{"@id":"https:\/\/www.eldiario.net\/portal\/#\/schema\/logo\/image\/"},"sameAs":["https:\/\/www.facebook.com\/eldiario.bolivia\/","https:\/\/x.com\/eldiario_net"]},{"@type":"Person","@id":"https:\/\/www.eldiario.net\/portal\/#\/schema\/person\/2c57cf2b7a7ae032e449e4c9b1019eac","name":"Jeanette","image":{"@type":"ImageObject","inLanguage":"es","@id":"https:\/\/secure.gravatar.com\/avatar\/3ea2118a5f7dad2b7138b1187a6b7ee55f160b9968b66013c3a3ef39dd7e5798?s=96&d=mm&r=g","url":"https:\/\/secure.gravatar.com\/avatar\/3ea2118a5f7dad2b7138b1187a6b7ee55f160b9968b66013c3a3ef39dd7e5798?s=96&d=mm&r=g","contentUrl":"https:\/\/secure.gravatar.com\/avatar\/3ea2118a5f7dad2b7138b1187a6b7ee55f160b9968b66013c3a3ef39dd7e5798?s=96&d=mm&r=g","caption":"Jeanette"},"sameAs":["https:\/\/www.eldiario.net\/portal"],"url":"https:\/\/www.eldiario.net\/portal\/author\/jeanette\/"}]}},"_links":{"self":[{"href":"https:\/\/www.eldiario.net\/portal\/wp-json\/wp\/v2\/posts\/207762","targetHints":{"allow":["GET"]}}],"collection":[{"href":"https:\/\/www.eldiario.net\/portal\/wp-json\/wp\/v2\/posts"}],"about":[{"href":"https:\/\/www.eldiario.net\/portal\/wp-json\/wp\/v2\/types\/post"}],"author":[{"embeddable":true,"href":"https:\/\/www.eldiario.net\/portal\/wp-json\/wp\/v2\/users\/1"}],"replies":[{"embeddable":true,"href":"https:\/\/www.eldiario.net\/portal\/wp-json\/wp\/v2\/comments?post=207762"}],"version-history":[{"count":1,"href":"https:\/\/www.eldiario.net\/portal\/wp-json\/wp\/v2\/posts\/207762\/revisions"}],"predecessor-version":[{"id":207764,"href":"https:\/\/www.eldiario.net\/portal\/wp-json\/wp\/v2\/posts\/207762\/revisions\/207764"}],"wp:featuredmedia":[{"embeddable":true,"href":"https:\/\/www.eldiario.net\/portal\/wp-json\/wp\/v2\/media\/207763"}],"wp:attachment":[{"href":"https:\/\/www.eldiario.net\/portal\/wp-json\/wp\/v2\/media?parent=207762"}],"wp:term":[{"taxonomy":"category","embeddable":true,"href":"https:\/\/www.eldiario.net\/portal\/wp-json\/wp\/v2\/categories?post=207762"},{"taxonomy":"post_tag","embeddable":true,"href":"https:\/\/www.eldiario.net\/portal\/wp-json\/wp\/v2\/tags?post=207762"}],"curies":[{"name":"wp","href":"https:\/\/api.w.org\/{rel}","templated":true}]}}