{"id":207753,"date":"2024-03-12T05:00:13","date_gmt":"2024-03-12T09:00:13","guid":{"rendered":"https:\/\/www.eldiario.net\/portal\/?p=207753"},"modified":"2024-03-12T05:00:13","modified_gmt":"2024-03-12T09:00:13","slug":"produccion-de-gas-abastecera-mercado-interno-sin-importar","status":"publish","type":"post","link":"https:\/\/www.eldiario.net\/portal\/2024\/03\/12\/produccion-de-gas-abastecera-mercado-interno-sin-importar\/","title":{"rendered":"Producci\u00f3n de gas abastecer\u00e1  mercado interno sin importar"},"content":{"rendered":"<p class=\"v1MsoNormal\">Bolivia produce aproximadamente 40 millones de metros c\u00fabicos d\u00eda (MMm3d) de gas y demanda alrededor de 13 MMm3d, lo que significa que obtiene casi tres veces m\u00e1s de lo que consume y est\u00e1 lejos de importar, seg\u00fan el presidente de Yacimientos Petrol\u00edferos Fiscales Bolivianos (YPFB), Armin Dorgathen.<\/p>\n<p class=\"v1MsoNormal\">\u00abObviamente hay una bajada en la producci\u00f3n de gas natural, (pero) estar cerca a importar gas natural estamos bastante lejos (&#8230;). Tenemos casi cuatro veces m\u00e1s de producci\u00f3n de lo que consumimos internamente\u00bb, dijo en contacto con Bolivia Tv.<\/p>\n<p class=\"v1MsoNormal\">Reiter\u00f3 que \u00abestamos bastante lejos de poder importar gas natural\u00bb; sin embargo, es claro que, en 2015, 2016 y 2017, se debieron tomar decisiones importantes en la estatal petrolera para poder hacer exploraci\u00f3n.<\/p>\n<p class=\"v1MsoNormal\">\u00abSi se hubiera hecho ese trabajo de manera adecuada hoy estar\u00edamos trabajando en el desarrollo de campos y poder incrementar la producci\u00f3n y seguramente estar\u00edamos hablando de una producci\u00f3n de 50 millones, de 55 millones de metros c\u00fabicos d\u00eda, si esos a\u00f1os se hubieran hecho los trabajos de exploraci\u00f3n\u00bb, se\u00f1al\u00f3.<\/p>\n<p class=\"v1MsoNormal\">Ante ello, YPFB, en el Gobierno de Luis Arce, en 2021, puso en marcha un plan de exploraci\u00f3n que arroj\u00f3 resultados exitosos en proyectos hidrocarbur\u00edferos como Yarar\u00e1, Yope, Remanzo, Churumas.<\/p>\n<p class=\"v1MsoNormal\">\u00abSi bien no se hizo la exploraci\u00f3n en 2015, hoy estamos haciendo la exploraci\u00f3n y el potencial que tiene Bolivia en TCF (trillones de pies c\u00fabicos) es bastante grande\u00bb, resalt\u00f3.<\/p>\n<p class=\"v1MsoNormal\">En ese sentido, remarc\u00f3 que ello implica trabajos de s\u00edsmica, estudios geol\u00f3gicos, perforaci\u00f3n de pozos hidrocarbur\u00edferos, para \u00abpoder revertir la curva de producci\u00f3n\u00bb gas\u00edfera.<\/p>\n","protected":false},"excerpt":{"rendered":"<p>Bolivia produce aproximadamente 40 millones de metros c\u00fabicos d\u00eda (MMm3d) de gas y demanda alrededor de 13 MMm3d, lo que significa que obtiene casi tres veces m\u00e1s de lo que consume y est\u00e1 lejos de importar, seg\u00fan el presidente de Yacimientos Petrol\u00edferos Fiscales Bolivianos (YPFB), Armin Dorgathen. \u00abObviamente hay una bajada en la producci\u00f3n de [&hellip;]<\/p>\n","protected":false},"author":1,"featured_media":207754,"comment_status":"open","ping_status":"open","sticky":false,"template":"","format":"standard","meta":{"_acf_changed":false,"footnotes":""},"categories":[7],"tags":[],"class_list":["post-207753","post","type-post","status-publish","format-standard","has-post-thumbnail","category-economia"],"acf":{"antetitulo":""},"yoast_head":"<!-- This site is optimized with the Yoast SEO plugin v28.4 - https:\/\/yoast.com\/product\/yoast-seo-wordpress\/ -->\n<title>Producci\u00f3n de gas abastecer\u00e1 mercado interno sin importar - El Diario - Bolivia<\/title>\n<meta name=\"robots\" content=\"index, follow, max-snippet:-1, max-image-preview:large, max-video-preview:-1\" \/>\n<link rel=\"canonical\" href=\"https:\/\/www.eldiario.net\/portal\/2024\/03\/12\/produccion-de-gas-abastecera-mercado-interno-sin-importar\/\" \/>\n<meta property=\"og:locale\" content=\"es_ES\" \/>\n<meta property=\"og:type\" content=\"article\" \/>\n<meta property=\"og:title\" content=\"Producci\u00f3n de gas abastecer\u00e1 mercado interno sin importar - El Diario - Bolivia\" \/>\n<meta property=\"og:description\" content=\"Bolivia produce aproximadamente 40 millones de metros c\u00fabicos d\u00eda (MMm3d) de gas y demanda alrededor de 13 MMm3d, lo que significa que obtiene casi tres veces m\u00e1s de lo que consume y est\u00e1 lejos de importar, seg\u00fan el presidente de Yacimientos Petrol\u00edferos Fiscales Bolivianos (YPFB), Armin Dorgathen. \u00abObviamente hay una bajada en la producci\u00f3n de [&hellip;]\" \/>\n<meta property=\"og:url\" content=\"https:\/\/www.eldiario.net\/portal\/2024\/03\/12\/produccion-de-gas-abastecera-mercado-interno-sin-importar\/\" \/>\n<meta property=\"og:site_name\" content=\"El Diario - Bolivia\" \/>\n<meta property=\"article:publisher\" content=\"https:\/\/www.facebook.com\/eldiario.bolivia\/\" \/>\n<meta property=\"article:published_time\" content=\"2024-03-12T09:00:13+00:00\" \/>\n<meta property=\"og:image\" content=\"https:\/\/www.eldiario.net\/portal\/wp-content\/uploads\/2024\/03\/crudo-2.jpg\" \/>\n\t<meta property=\"og:image:width\" content=\"974\" \/>\n\t<meta property=\"og:image:height\" content=\"486\" \/>\n\t<meta property=\"og:image:type\" content=\"image\/jpeg\" \/>\n<meta name=\"author\" content=\"Jeanette\" \/>\n<meta name=\"twitter:card\" content=\"summary_large_image\" \/>\n<meta name=\"twitter:creator\" content=\"@eldiario_net\" \/>\n<meta name=\"twitter:site\" content=\"@eldiario_net\" \/>\n<meta name=\"twitter:label1\" content=\"Escrito por\" \/>\n\t<meta name=\"twitter:data1\" content=\"Jeanette\" \/>\n\t<meta name=\"twitter:label2\" content=\"Tiempo de lectura\" \/>\n\t<meta name=\"twitter:data2\" content=\"2 minutos\" \/>\n<script type=\"application\/ld+json\" class=\"yoast-schema-graph\">{\"@context\":\"https:\\\/\\\/schema.org\",\"@graph\":[{\"@type\":\"Article\",\"@id\":\"https:\\\/\\\/www.eldiario.net\\\/portal\\\/2024\\\/03\\\/12\\\/produccion-de-gas-abastecera-mercado-interno-sin-importar\\\/#article\",\"isPartOf\":{\"@id\":\"https:\\\/\\\/www.eldiario.net\\\/portal\\\/2024\\\/03\\\/12\\\/produccion-de-gas-abastecera-mercado-interno-sin-importar\\\/\"},\"author\":{\"name\":\"Jeanette\",\"@id\":\"https:\\\/\\\/www.eldiario.net\\\/portal\\\/#\\\/schema\\\/person\\\/2c57cf2b7a7ae032e449e4c9b1019eac\"},\"headline\":\"Producci\u00f3n de gas abastecer\u00e1 mercado interno sin importar\",\"datePublished\":\"2024-03-12T09:00:13+00:00\",\"mainEntityOfPage\":{\"@id\":\"https:\\\/\\\/www.eldiario.net\\\/portal\\\/2024\\\/03\\\/12\\\/produccion-de-gas-abastecera-mercado-interno-sin-importar\\\/\"},\"wordCount\":283,\"commentCount\":0,\"publisher\":{\"@id\":\"https:\\\/\\\/www.eldiario.net\\\/portal\\\/#organization\"},\"image\":{\"@id\":\"https:\\\/\\\/www.eldiario.net\\\/portal\\\/2024\\\/03\\\/12\\\/produccion-de-gas-abastecera-mercado-interno-sin-importar\\\/#primaryimage\"},\"thumbnailUrl\":\"https:\\\/\\\/www.eldiario.net\\\/portal\\\/wp-content\\\/uploads\\\/2024\\\/03\\\/crudo-2.jpg\",\"articleSection\":[\"Econom\u00eda\"],\"inLanguage\":\"es\",\"potentialAction\":[{\"@type\":\"CommentAction\",\"name\":\"Comment\",\"target\":[\"https:\\\/\\\/www.eldiario.net\\\/portal\\\/2024\\\/03\\\/12\\\/produccion-de-gas-abastecera-mercado-interno-sin-importar\\\/#respond\"]}]},{\"@type\":\"WebPage\",\"@id\":\"https:\\\/\\\/www.eldiario.net\\\/portal\\\/2024\\\/03\\\/12\\\/produccion-de-gas-abastecera-mercado-interno-sin-importar\\\/\",\"url\":\"https:\\\/\\\/www.eldiario.net\\\/portal\\\/2024\\\/03\\\/12\\\/produccion-de-gas-abastecera-mercado-interno-sin-importar\\\/\",\"name\":\"Producci\u00f3n de gas abastecer\u00e1 mercado interno sin importar - El Diario - Bolivia\",\"isPartOf\":{\"@id\":\"https:\\\/\\\/www.eldiario.net\\\/portal\\\/#website\"},\"primaryImageOfPage\":{\"@id\":\"https:\\\/\\\/www.eldiario.net\\\/portal\\\/2024\\\/03\\\/12\\\/produccion-de-gas-abastecera-mercado-interno-sin-importar\\\/#primaryimage\"},\"image\":{\"@id\":\"https:\\\/\\\/www.eldiario.net\\\/portal\\\/2024\\\/03\\\/12\\\/produccion-de-gas-abastecera-mercado-interno-sin-importar\\\/#primaryimage\"},\"thumbnailUrl\":\"https:\\\/\\\/www.eldiario.net\\\/portal\\\/wp-content\\\/uploads\\\/2024\\\/03\\\/crudo-2.jpg\",\"datePublished\":\"2024-03-12T09:00:13+00:00\",\"breadcrumb\":{\"@id\":\"https:\\\/\\\/www.eldiario.net\\\/portal\\\/2024\\\/03\\\/12\\\/produccion-de-gas-abastecera-mercado-interno-sin-importar\\\/#breadcrumb\"},\"inLanguage\":\"es\",\"potentialAction\":[{\"@type\":\"ReadAction\",\"target\":[\"https:\\\/\\\/www.eldiario.net\\\/portal\\\/2024\\\/03\\\/12\\\/produccion-de-gas-abastecera-mercado-interno-sin-importar\\\/\"]}]},{\"@type\":\"ImageObject\",\"inLanguage\":\"es\",\"@id\":\"https:\\\/\\\/www.eldiario.net\\\/portal\\\/2024\\\/03\\\/12\\\/produccion-de-gas-abastecera-mercado-interno-sin-importar\\\/#primaryimage\",\"url\":\"https:\\\/\\\/www.eldiario.net\\\/portal\\\/wp-content\\\/uploads\\\/2024\\\/03\\\/crudo-2.jpg\",\"contentUrl\":\"https:\\\/\\\/www.eldiario.net\\\/portal\\\/wp-content\\\/uploads\\\/2024\\\/03\\\/crudo-2.jpg\",\"width\":974,\"height\":486,\"caption\":\"Presidente de YPFB, Arm\u00edn Dorgathen. CR\u00c9DITO: ABI\"},{\"@type\":\"BreadcrumbList\",\"@id\":\"https:\\\/\\\/www.eldiario.net\\\/portal\\\/2024\\\/03\\\/12\\\/produccion-de-gas-abastecera-mercado-interno-sin-importar\\\/#breadcrumb\",\"itemListElement\":[{\"@type\":\"ListItem\",\"position\":1,\"name\":\"Portada\",\"item\":\"https:\\\/\\\/www.eldiario.net\\\/portal\\\/\"},{\"@type\":\"ListItem\",\"position\":2,\"name\":\"Producci\u00f3n de gas abastecer\u00e1 mercado interno sin importar\"}]},{\"@type\":\"WebSite\",\"@id\":\"https:\\\/\\\/www.eldiario.net\\\/portal\\\/#website\",\"url\":\"https:\\\/\\\/www.eldiario.net\\\/portal\\\/\",\"name\":\"El Diario - Decano de la prensa nacional\",\"description\":\"El Diario - Decano de la prensa nacional\",\"publisher\":{\"@id\":\"https:\\\/\\\/www.eldiario.net\\\/portal\\\/#organization\"},\"potentialAction\":[{\"@type\":\"SearchAction\",\"target\":{\"@type\":\"EntryPoint\",\"urlTemplate\":\"https:\\\/\\\/www.eldiario.net\\\/portal\\\/?s={search_term_string}\"},\"query-input\":{\"@type\":\"PropertyValueSpecification\",\"valueRequired\":true,\"valueName\":\"search_term_string\"}}],\"inLanguage\":\"es\"},{\"@type\":\"Organization\",\"@id\":\"https:\\\/\\\/www.eldiario.net\\\/portal\\\/#organization\",\"name\":\"El Diario - Decano de la prensa nacional\",\"url\":\"https:\\\/\\\/www.eldiario.net\\\/portal\\\/\",\"logo\":{\"@type\":\"ImageObject\",\"inLanguage\":\"es\",\"@id\":\"https:\\\/\\\/www.eldiario.net\\\/portal\\\/#\\\/schema\\\/logo\\\/image\\\/\",\"url\":\"https:\\\/\\\/www.eldiario.net\\\/portal\\\/wp-content\\\/uploads\\\/2023\\\/07\\\/logo_ED.jpg\",\"contentUrl\":\"https:\\\/\\\/www.eldiario.net\\\/portal\\\/wp-content\\\/uploads\\\/2023\\\/07\\\/logo_ED.jpg\",\"width\":272,\"height\":52,\"caption\":\"El Diario - Decano de la prensa nacional\"},\"image\":{\"@id\":\"https:\\\/\\\/www.eldiario.net\\\/portal\\\/#\\\/schema\\\/logo\\\/image\\\/\"},\"sameAs\":[\"https:\\\/\\\/www.facebook.com\\\/eldiario.bolivia\\\/\",\"https:\\\/\\\/x.com\\\/eldiario_net\"]},{\"@type\":\"Person\",\"@id\":\"https:\\\/\\\/www.eldiario.net\\\/portal\\\/#\\\/schema\\\/person\\\/2c57cf2b7a7ae032e449e4c9b1019eac\",\"name\":\"Jeanette\",\"image\":{\"@type\":\"ImageObject\",\"inLanguage\":\"es\",\"@id\":\"https:\\\/\\\/secure.gravatar.com\\\/avatar\\\/3ea2118a5f7dad2b7138b1187a6b7ee55f160b9968b66013c3a3ef39dd7e5798?s=96&d=mm&r=g\",\"url\":\"https:\\\/\\\/secure.gravatar.com\\\/avatar\\\/3ea2118a5f7dad2b7138b1187a6b7ee55f160b9968b66013c3a3ef39dd7e5798?s=96&d=mm&r=g\",\"contentUrl\":\"https:\\\/\\\/secure.gravatar.com\\\/avatar\\\/3ea2118a5f7dad2b7138b1187a6b7ee55f160b9968b66013c3a3ef39dd7e5798?s=96&d=mm&r=g\",\"caption\":\"Jeanette\"},\"sameAs\":[\"https:\\\/\\\/www.eldiario.net\\\/portal\"],\"url\":\"https:\\\/\\\/www.eldiario.net\\\/portal\\\/author\\\/jeanette\\\/\"}]}<\/script>\n<!-- \/ Yoast SEO plugin. -->","yoast_head_json":{"title":"Producci\u00f3n de gas abastecer\u00e1 mercado interno sin importar - El Diario - Bolivia","robots":{"index":"index","follow":"follow","max-snippet":"max-snippet:-1","max-image-preview":"max-image-preview:large","max-video-preview":"max-video-preview:-1"},"canonical":"https:\/\/www.eldiario.net\/portal\/2024\/03\/12\/produccion-de-gas-abastecera-mercado-interno-sin-importar\/","og_locale":"es_ES","og_type":"article","og_title":"Producci\u00f3n de gas abastecer\u00e1 mercado interno sin importar - El Diario - Bolivia","og_description":"Bolivia produce aproximadamente 40 millones de metros c\u00fabicos d\u00eda (MMm3d) de gas y demanda alrededor de 13 MMm3d, lo que significa que obtiene casi tres veces m\u00e1s de lo que consume y est\u00e1 lejos de importar, seg\u00fan el presidente de Yacimientos Petrol\u00edferos Fiscales Bolivianos (YPFB), Armin Dorgathen. \u00abObviamente hay una bajada en la producci\u00f3n de [&hellip;]","og_url":"https:\/\/www.eldiario.net\/portal\/2024\/03\/12\/produccion-de-gas-abastecera-mercado-interno-sin-importar\/","og_site_name":"El Diario - Bolivia","article_publisher":"https:\/\/www.facebook.com\/eldiario.bolivia\/","article_published_time":"2024-03-12T09:00:13+00:00","og_image":[{"width":974,"height":486,"url":"https:\/\/www.eldiario.net\/portal\/wp-content\/uploads\/2024\/03\/crudo-2.jpg","type":"image\/jpeg"}],"author":"Jeanette","twitter_card":"summary_large_image","twitter_creator":"@eldiario_net","twitter_site":"@eldiario_net","twitter_misc":{"Escrito por":"Jeanette","Tiempo de lectura":"2 minutos"},"schema":{"@context":"https:\/\/schema.org","@graph":[{"@type":"Article","@id":"https:\/\/www.eldiario.net\/portal\/2024\/03\/12\/produccion-de-gas-abastecera-mercado-interno-sin-importar\/#article","isPartOf":{"@id":"https:\/\/www.eldiario.net\/portal\/2024\/03\/12\/produccion-de-gas-abastecera-mercado-interno-sin-importar\/"},"author":{"name":"Jeanette","@id":"https:\/\/www.eldiario.net\/portal\/#\/schema\/person\/2c57cf2b7a7ae032e449e4c9b1019eac"},"headline":"Producci\u00f3n de gas abastecer\u00e1 mercado interno sin importar","datePublished":"2024-03-12T09:00:13+00:00","mainEntityOfPage":{"@id":"https:\/\/www.eldiario.net\/portal\/2024\/03\/12\/produccion-de-gas-abastecera-mercado-interno-sin-importar\/"},"wordCount":283,"commentCount":0,"publisher":{"@id":"https:\/\/www.eldiario.net\/portal\/#organization"},"image":{"@id":"https:\/\/www.eldiario.net\/portal\/2024\/03\/12\/produccion-de-gas-abastecera-mercado-interno-sin-importar\/#primaryimage"},"thumbnailUrl":"https:\/\/www.eldiario.net\/portal\/wp-content\/uploads\/2024\/03\/crudo-2.jpg","articleSection":["Econom\u00eda"],"inLanguage":"es","potentialAction":[{"@type":"CommentAction","name":"Comment","target":["https:\/\/www.eldiario.net\/portal\/2024\/03\/12\/produccion-de-gas-abastecera-mercado-interno-sin-importar\/#respond"]}]},{"@type":"WebPage","@id":"https:\/\/www.eldiario.net\/portal\/2024\/03\/12\/produccion-de-gas-abastecera-mercado-interno-sin-importar\/","url":"https:\/\/www.eldiario.net\/portal\/2024\/03\/12\/produccion-de-gas-abastecera-mercado-interno-sin-importar\/","name":"Producci\u00f3n de gas abastecer\u00e1 mercado interno sin importar - El Diario - Bolivia","isPartOf":{"@id":"https:\/\/www.eldiario.net\/portal\/#website"},"primaryImageOfPage":{"@id":"https:\/\/www.eldiario.net\/portal\/2024\/03\/12\/produccion-de-gas-abastecera-mercado-interno-sin-importar\/#primaryimage"},"image":{"@id":"https:\/\/www.eldiario.net\/portal\/2024\/03\/12\/produccion-de-gas-abastecera-mercado-interno-sin-importar\/#primaryimage"},"thumbnailUrl":"https:\/\/www.eldiario.net\/portal\/wp-content\/uploads\/2024\/03\/crudo-2.jpg","datePublished":"2024-03-12T09:00:13+00:00","breadcrumb":{"@id":"https:\/\/www.eldiario.net\/portal\/2024\/03\/12\/produccion-de-gas-abastecera-mercado-interno-sin-importar\/#breadcrumb"},"inLanguage":"es","potentialAction":[{"@type":"ReadAction","target":["https:\/\/www.eldiario.net\/portal\/2024\/03\/12\/produccion-de-gas-abastecera-mercado-interno-sin-importar\/"]}]},{"@type":"ImageObject","inLanguage":"es","@id":"https:\/\/www.eldiario.net\/portal\/2024\/03\/12\/produccion-de-gas-abastecera-mercado-interno-sin-importar\/#primaryimage","url":"https:\/\/www.eldiario.net\/portal\/wp-content\/uploads\/2024\/03\/crudo-2.jpg","contentUrl":"https:\/\/www.eldiario.net\/portal\/wp-content\/uploads\/2024\/03\/crudo-2.jpg","width":974,"height":486,"caption":"Presidente de YPFB, Arm\u00edn Dorgathen. CR\u00c9DITO: ABI"},{"@type":"BreadcrumbList","@id":"https:\/\/www.eldiario.net\/portal\/2024\/03\/12\/produccion-de-gas-abastecera-mercado-interno-sin-importar\/#breadcrumb","itemListElement":[{"@type":"ListItem","position":1,"name":"Portada","item":"https:\/\/www.eldiario.net\/portal\/"},{"@type":"ListItem","position":2,"name":"Producci\u00f3n de gas abastecer\u00e1 mercado interno sin importar"}]},{"@type":"WebSite","@id":"https:\/\/www.eldiario.net\/portal\/#website","url":"https:\/\/www.eldiario.net\/portal\/","name":"El Diario - Decano de la prensa nacional","description":"El Diario - Decano de la prensa nacional","publisher":{"@id":"https:\/\/www.eldiario.net\/portal\/#organization"},"potentialAction":[{"@type":"SearchAction","target":{"@type":"EntryPoint","urlTemplate":"https:\/\/www.eldiario.net\/portal\/?s={search_term_string}"},"query-input":{"@type":"PropertyValueSpecification","valueRequired":true,"valueName":"search_term_string"}}],"inLanguage":"es"},{"@type":"Organization","@id":"https:\/\/www.eldiario.net\/portal\/#organization","name":"El Diario - Decano de la prensa nacional","url":"https:\/\/www.eldiario.net\/portal\/","logo":{"@type":"ImageObject","inLanguage":"es","@id":"https:\/\/www.eldiario.net\/portal\/#\/schema\/logo\/image\/","url":"https:\/\/www.eldiario.net\/portal\/wp-content\/uploads\/2023\/07\/logo_ED.jpg","contentUrl":"https:\/\/www.eldiario.net\/portal\/wp-content\/uploads\/2023\/07\/logo_ED.jpg","width":272,"height":52,"caption":"El Diario - Decano de la prensa nacional"},"image":{"@id":"https:\/\/www.eldiario.net\/portal\/#\/schema\/logo\/image\/"},"sameAs":["https:\/\/www.facebook.com\/eldiario.bolivia\/","https:\/\/x.com\/eldiario_net"]},{"@type":"Person","@id":"https:\/\/www.eldiario.net\/portal\/#\/schema\/person\/2c57cf2b7a7ae032e449e4c9b1019eac","name":"Jeanette","image":{"@type":"ImageObject","inLanguage":"es","@id":"https:\/\/secure.gravatar.com\/avatar\/3ea2118a5f7dad2b7138b1187a6b7ee55f160b9968b66013c3a3ef39dd7e5798?s=96&d=mm&r=g","url":"https:\/\/secure.gravatar.com\/avatar\/3ea2118a5f7dad2b7138b1187a6b7ee55f160b9968b66013c3a3ef39dd7e5798?s=96&d=mm&r=g","contentUrl":"https:\/\/secure.gravatar.com\/avatar\/3ea2118a5f7dad2b7138b1187a6b7ee55f160b9968b66013c3a3ef39dd7e5798?s=96&d=mm&r=g","caption":"Jeanette"},"sameAs":["https:\/\/www.eldiario.net\/portal"],"url":"https:\/\/www.eldiario.net\/portal\/author\/jeanette\/"}]}},"_links":{"self":[{"href":"https:\/\/www.eldiario.net\/portal\/wp-json\/wp\/v2\/posts\/207753","targetHints":{"allow":["GET"]}}],"collection":[{"href":"https:\/\/www.eldiario.net\/portal\/wp-json\/wp\/v2\/posts"}],"about":[{"href":"https:\/\/www.eldiario.net\/portal\/wp-json\/wp\/v2\/types\/post"}],"author":[{"embeddable":true,"href":"https:\/\/www.eldiario.net\/portal\/wp-json\/wp\/v2\/users\/1"}],"replies":[{"embeddable":true,"href":"https:\/\/www.eldiario.net\/portal\/wp-json\/wp\/v2\/comments?post=207753"}],"version-history":[{"count":1,"href":"https:\/\/www.eldiario.net\/portal\/wp-json\/wp\/v2\/posts\/207753\/revisions"}],"predecessor-version":[{"id":207755,"href":"https:\/\/www.eldiario.net\/portal\/wp-json\/wp\/v2\/posts\/207753\/revisions\/207755"}],"wp:featuredmedia":[{"embeddable":true,"href":"https:\/\/www.eldiario.net\/portal\/wp-json\/wp\/v2\/media\/207754"}],"wp:attachment":[{"href":"https:\/\/www.eldiario.net\/portal\/wp-json\/wp\/v2\/media?parent=207753"}],"wp:term":[{"taxonomy":"category","embeddable":true,"href":"https:\/\/www.eldiario.net\/portal\/wp-json\/wp\/v2\/categories?post=207753"},{"taxonomy":"post_tag","embeddable":true,"href":"https:\/\/www.eldiario.net\/portal\/wp-json\/wp\/v2\/tags?post=207753"}],"curies":[{"name":"wp","href":"https:\/\/api.w.org\/{rel}","templated":true}]}}