{"id":207750,"date":"2024-03-12T04:59:40","date_gmt":"2024-03-12T08:59:40","guid":{"rendered":"https:\/\/www.eldiario.net\/portal\/?p=207750"},"modified":"2024-03-12T04:59:40","modified_gmt":"2024-03-12T08:59:40","slug":"bolivia-analiza-el-lanzamiento-de-bonos-atados-al-litio-en-wall-street","status":"publish","type":"post","link":"https:\/\/www.eldiario.net\/portal\/2024\/03\/12\/bolivia-analiza-el-lanzamiento-de-bonos-atados-al-litio-en-wall-street\/","title":{"rendered":"Bolivia analiza el lanzamiento de  bonos atados al litio en Wall Street"},"content":{"rendered":"<p class=\"v1MsoNormal\">El ministro el ministro de Econom\u00eda y Finanzas P\u00fablicas, Marcelo Montenegro, confes\u00f3 que Bolivia eval\u00faa con bancos de Wall Street una emisi\u00f3n de 1.000 millones de d\u00f3lares de \u00abbonos verdes\u00bb, sostuvo en una entrevista con Bloomberg<\/p>\n<p class=\"v1MsoNormal\">Con la producci\u00f3n de litio, se busca una alternativa m\u00e1s barata a las tasas de 18-19% que le pedir\u00edan actualmente al pa\u00eds si acudiera de forma normal a los mercados financieros. Habr\u00e1 que ver en qu\u00e9 decanta esta iniciativa, que suena estramb\u00f3tica y desesperada, seg\u00fan el empresario y economista Samuel Doria Medina, publicado en su cuenta de twitter @SDoriaMedina.<\/p>\n<p class=\"v1MsoNormal\">La naci\u00f3n andina est\u00e1 en conversaciones con Wall Street para vender deuda destinada a la extracci\u00f3n de litio, un componente clave en las bater\u00edas de los veh\u00edculos el\u00e9ctricos, seg\u00fan afirm\u00f3 el ministro de Econom\u00eda.<\/p>\n<p class=\"v1MsoNormal\">Aprovechando la demanda del mercado de inversiones en energ\u00edas limpias, el pa\u00eds espera reducir los costes de endeudamiento al 10% o menos, dijo Montenegro, incluso cuando su deuda actual cotiza a niveles que sugieren que los operadores se preparan para un impago.<\/p>\n<p class=\"v1MsoNormal\">\u00abEsto est\u00e1 vinculado a algo muy importante para Europa y otros lugares, que es el r\u00e1pido avance hacia el uso de energ\u00edas limpias\u00bb, dijo Montenegro en una entrevista en La Paz el viernes. \u00abSi me lanzara al mercado irreflexivamente e hiciera una venta normal con los bancos que nos ayudan tendr\u00eda que pagar 18% o 19%, si es que logro vender alg\u00fan bono\u00bb.<\/p>\n<p class=\"v1MsoNormal\">Para el presidente del Colegio de Economistas de Tarija, Fernando Romero, ese no es el camino, pero la desesperaci\u00f3n del Gobierno apunta al litio.<\/p>\n","protected":false},"excerpt":{"rendered":"<p>El ministro el ministro de Econom\u00eda y Finanzas P\u00fablicas, Marcelo Montenegro, confes\u00f3 que Bolivia eval\u00faa con bancos de Wall Street una emisi\u00f3n de 1.000 millones de d\u00f3lares de \u00abbonos verdes\u00bb, sostuvo en una entrevista con Bloomberg Con la producci\u00f3n de litio, se busca una alternativa m\u00e1s barata a las tasas de 18-19% que le pedir\u00edan [&hellip;]<\/p>\n","protected":false},"author":1,"featured_media":207751,"comment_status":"open","ping_status":"open","sticky":false,"template":"","format":"standard","meta":{"_acf_changed":false,"footnotes":""},"categories":[7],"tags":[],"class_list":["post-207750","post","type-post","status-publish","format-standard","has-post-thumbnail","category-economia"],"acf":{"antetitulo":"En busca de recursos m\u00e1s baratos"},"yoast_head":"<!-- This site is optimized with the Yoast SEO plugin v28.4 - https:\/\/yoast.com\/product\/yoast-seo-wordpress\/ -->\n<title>Bolivia analiza el lanzamiento de bonos atados al litio en Wall Street - El Diario - Bolivia<\/title>\n<meta name=\"robots\" content=\"index, follow, max-snippet:-1, max-image-preview:large, max-video-preview:-1\" \/>\n<link rel=\"canonical\" href=\"https:\/\/www.eldiario.net\/portal\/2024\/03\/12\/bolivia-analiza-el-lanzamiento-de-bonos-atados-al-litio-en-wall-street\/\" \/>\n<meta property=\"og:locale\" content=\"es_ES\" \/>\n<meta property=\"og:type\" content=\"article\" \/>\n<meta property=\"og:title\" content=\"Bolivia analiza el lanzamiento de bonos atados al litio en Wall Street - El Diario - Bolivia\" \/>\n<meta property=\"og:description\" content=\"El ministro el ministro de Econom\u00eda y Finanzas P\u00fablicas, Marcelo Montenegro, confes\u00f3 que Bolivia eval\u00faa con bancos de Wall Street una emisi\u00f3n de 1.000 millones de d\u00f3lares de \u00abbonos verdes\u00bb, sostuvo en una entrevista con Bloomberg Con la producci\u00f3n de litio, se busca una alternativa m\u00e1s barata a las tasas de 18-19% que le pedir\u00edan [&hellip;]\" \/>\n<meta property=\"og:url\" content=\"https:\/\/www.eldiario.net\/portal\/2024\/03\/12\/bolivia-analiza-el-lanzamiento-de-bonos-atados-al-litio-en-wall-street\/\" \/>\n<meta property=\"og:site_name\" content=\"El Diario - Bolivia\" \/>\n<meta property=\"article:publisher\" content=\"https:\/\/www.facebook.com\/eldiario.bolivia\/\" \/>\n<meta property=\"article:published_time\" content=\"2024-03-12T08:59:40+00:00\" \/>\n<meta property=\"og:image\" content=\"https:\/\/www.eldiario.net\/portal\/wp-content\/uploads\/2024\/03\/litio-2.jpg\" \/>\n\t<meta property=\"og:image:width\" content=\"1080\" \/>\n\t<meta property=\"og:image:height\" content=\"1307\" \/>\n\t<meta property=\"og:image:type\" content=\"image\/jpeg\" \/>\n<meta name=\"author\" content=\"Jeanette\" \/>\n<meta name=\"twitter:card\" content=\"summary_large_image\" \/>\n<meta name=\"twitter:creator\" content=\"@eldiario_net\" \/>\n<meta name=\"twitter:site\" content=\"@eldiario_net\" \/>\n<meta name=\"twitter:label1\" content=\"Escrito por\" \/>\n\t<meta name=\"twitter:data1\" content=\"Jeanette\" \/>\n\t<meta name=\"twitter:label2\" content=\"Tiempo de lectura\" \/>\n\t<meta name=\"twitter:data2\" content=\"2 minutos\" \/>\n<script type=\"application\/ld+json\" class=\"yoast-schema-graph\">{\"@context\":\"https:\\\/\\\/schema.org\",\"@graph\":[{\"@type\":\"Article\",\"@id\":\"https:\\\/\\\/www.eldiario.net\\\/portal\\\/2024\\\/03\\\/12\\\/bolivia-analiza-el-lanzamiento-de-bonos-atados-al-litio-en-wall-street\\\/#article\",\"isPartOf\":{\"@id\":\"https:\\\/\\\/www.eldiario.net\\\/portal\\\/2024\\\/03\\\/12\\\/bolivia-analiza-el-lanzamiento-de-bonos-atados-al-litio-en-wall-street\\\/\"},\"author\":{\"name\":\"Jeanette\",\"@id\":\"https:\\\/\\\/www.eldiario.net\\\/portal\\\/#\\\/schema\\\/person\\\/2c57cf2b7a7ae032e449e4c9b1019eac\"},\"headline\":\"Bolivia analiza el lanzamiento de bonos atados al litio en Wall Street\",\"datePublished\":\"2024-03-12T08:59:40+00:00\",\"mainEntityOfPage\":{\"@id\":\"https:\\\/\\\/www.eldiario.net\\\/portal\\\/2024\\\/03\\\/12\\\/bolivia-analiza-el-lanzamiento-de-bonos-atados-al-litio-en-wall-street\\\/\"},\"wordCount\":291,\"commentCount\":0,\"publisher\":{\"@id\":\"https:\\\/\\\/www.eldiario.net\\\/portal\\\/#organization\"},\"image\":{\"@id\":\"https:\\\/\\\/www.eldiario.net\\\/portal\\\/2024\\\/03\\\/12\\\/bolivia-analiza-el-lanzamiento-de-bonos-atados-al-litio-en-wall-street\\\/#primaryimage\"},\"thumbnailUrl\":\"https:\\\/\\\/www.eldiario.net\\\/portal\\\/wp-content\\\/uploads\\\/2024\\\/03\\\/litio-2.jpg\",\"articleSection\":[\"Econom\u00eda\"],\"inLanguage\":\"es\",\"potentialAction\":[{\"@type\":\"CommentAction\",\"name\":\"Comment\",\"target\":[\"https:\\\/\\\/www.eldiario.net\\\/portal\\\/2024\\\/03\\\/12\\\/bolivia-analiza-el-lanzamiento-de-bonos-atados-al-litio-en-wall-street\\\/#respond\"]}]},{\"@type\":\"WebPage\",\"@id\":\"https:\\\/\\\/www.eldiario.net\\\/portal\\\/2024\\\/03\\\/12\\\/bolivia-analiza-el-lanzamiento-de-bonos-atados-al-litio-en-wall-street\\\/\",\"url\":\"https:\\\/\\\/www.eldiario.net\\\/portal\\\/2024\\\/03\\\/12\\\/bolivia-analiza-el-lanzamiento-de-bonos-atados-al-litio-en-wall-street\\\/\",\"name\":\"Bolivia analiza el lanzamiento de bonos atados al litio en Wall Street - El Diario - Bolivia\",\"isPartOf\":{\"@id\":\"https:\\\/\\\/www.eldiario.net\\\/portal\\\/#website\"},\"primaryImageOfPage\":{\"@id\":\"https:\\\/\\\/www.eldiario.net\\\/portal\\\/2024\\\/03\\\/12\\\/bolivia-analiza-el-lanzamiento-de-bonos-atados-al-litio-en-wall-street\\\/#primaryimage\"},\"image\":{\"@id\":\"https:\\\/\\\/www.eldiario.net\\\/portal\\\/2024\\\/03\\\/12\\\/bolivia-analiza-el-lanzamiento-de-bonos-atados-al-litio-en-wall-street\\\/#primaryimage\"},\"thumbnailUrl\":\"https:\\\/\\\/www.eldiario.net\\\/portal\\\/wp-content\\\/uploads\\\/2024\\\/03\\\/litio-2.jpg\",\"datePublished\":\"2024-03-12T08:59:40+00:00\",\"breadcrumb\":{\"@id\":\"https:\\\/\\\/www.eldiario.net\\\/portal\\\/2024\\\/03\\\/12\\\/bolivia-analiza-el-lanzamiento-de-bonos-atados-al-litio-en-wall-street\\\/#breadcrumb\"},\"inLanguage\":\"es\",\"potentialAction\":[{\"@type\":\"ReadAction\",\"target\":[\"https:\\\/\\\/www.eldiario.net\\\/portal\\\/2024\\\/03\\\/12\\\/bolivia-analiza-el-lanzamiento-de-bonos-atados-al-litio-en-wall-street\\\/\"]}]},{\"@type\":\"ImageObject\",\"inLanguage\":\"es\",\"@id\":\"https:\\\/\\\/www.eldiario.net\\\/portal\\\/2024\\\/03\\\/12\\\/bolivia-analiza-el-lanzamiento-de-bonos-atados-al-litio-en-wall-street\\\/#primaryimage\",\"url\":\"https:\\\/\\\/www.eldiario.net\\\/portal\\\/wp-content\\\/uploads\\\/2024\\\/03\\\/litio-2.jpg\",\"contentUrl\":\"https:\\\/\\\/www.eldiario.net\\\/portal\\\/wp-content\\\/uploads\\\/2024\\\/03\\\/litio-2.jpg\",\"width\":1080,\"height\":1307,\"caption\":\"Venta de bonos verdes, junto al litio, en Nueva York.\"},{\"@type\":\"BreadcrumbList\",\"@id\":\"https:\\\/\\\/www.eldiario.net\\\/portal\\\/2024\\\/03\\\/12\\\/bolivia-analiza-el-lanzamiento-de-bonos-atados-al-litio-en-wall-street\\\/#breadcrumb\",\"itemListElement\":[{\"@type\":\"ListItem\",\"position\":1,\"name\":\"Portada\",\"item\":\"https:\\\/\\\/www.eldiario.net\\\/portal\\\/\"},{\"@type\":\"ListItem\",\"position\":2,\"name\":\"Bolivia analiza el lanzamiento de bonos atados al litio en Wall Street\"}]},{\"@type\":\"WebSite\",\"@id\":\"https:\\\/\\\/www.eldiario.net\\\/portal\\\/#website\",\"url\":\"https:\\\/\\\/www.eldiario.net\\\/portal\\\/\",\"name\":\"El Diario - Decano de la prensa nacional\",\"description\":\"El Diario - Decano de la prensa nacional\",\"publisher\":{\"@id\":\"https:\\\/\\\/www.eldiario.net\\\/portal\\\/#organization\"},\"potentialAction\":[{\"@type\":\"SearchAction\",\"target\":{\"@type\":\"EntryPoint\",\"urlTemplate\":\"https:\\\/\\\/www.eldiario.net\\\/portal\\\/?s={search_term_string}\"},\"query-input\":{\"@type\":\"PropertyValueSpecification\",\"valueRequired\":true,\"valueName\":\"search_term_string\"}}],\"inLanguage\":\"es\"},{\"@type\":\"Organization\",\"@id\":\"https:\\\/\\\/www.eldiario.net\\\/portal\\\/#organization\",\"name\":\"El Diario - Decano de la prensa nacional\",\"url\":\"https:\\\/\\\/www.eldiario.net\\\/portal\\\/\",\"logo\":{\"@type\":\"ImageObject\",\"inLanguage\":\"es\",\"@id\":\"https:\\\/\\\/www.eldiario.net\\\/portal\\\/#\\\/schema\\\/logo\\\/image\\\/\",\"url\":\"https:\\\/\\\/www.eldiario.net\\\/portal\\\/wp-content\\\/uploads\\\/2023\\\/07\\\/logo_ED.jpg\",\"contentUrl\":\"https:\\\/\\\/www.eldiario.net\\\/portal\\\/wp-content\\\/uploads\\\/2023\\\/07\\\/logo_ED.jpg\",\"width\":272,\"height\":52,\"caption\":\"El Diario - Decano de la prensa nacional\"},\"image\":{\"@id\":\"https:\\\/\\\/www.eldiario.net\\\/portal\\\/#\\\/schema\\\/logo\\\/image\\\/\"},\"sameAs\":[\"https:\\\/\\\/www.facebook.com\\\/eldiario.bolivia\\\/\",\"https:\\\/\\\/x.com\\\/eldiario_net\"]},{\"@type\":\"Person\",\"@id\":\"https:\\\/\\\/www.eldiario.net\\\/portal\\\/#\\\/schema\\\/person\\\/2c57cf2b7a7ae032e449e4c9b1019eac\",\"name\":\"Jeanette\",\"image\":{\"@type\":\"ImageObject\",\"inLanguage\":\"es\",\"@id\":\"https:\\\/\\\/secure.gravatar.com\\\/avatar\\\/3ea2118a5f7dad2b7138b1187a6b7ee55f160b9968b66013c3a3ef39dd7e5798?s=96&d=mm&r=g\",\"url\":\"https:\\\/\\\/secure.gravatar.com\\\/avatar\\\/3ea2118a5f7dad2b7138b1187a6b7ee55f160b9968b66013c3a3ef39dd7e5798?s=96&d=mm&r=g\",\"contentUrl\":\"https:\\\/\\\/secure.gravatar.com\\\/avatar\\\/3ea2118a5f7dad2b7138b1187a6b7ee55f160b9968b66013c3a3ef39dd7e5798?s=96&d=mm&r=g\",\"caption\":\"Jeanette\"},\"sameAs\":[\"https:\\\/\\\/www.eldiario.net\\\/portal\"],\"url\":\"https:\\\/\\\/www.eldiario.net\\\/portal\\\/author\\\/jeanette\\\/\"}]}<\/script>\n<!-- \/ Yoast SEO plugin. -->","yoast_head_json":{"title":"Bolivia analiza el lanzamiento de bonos atados al litio en Wall Street - El Diario - Bolivia","robots":{"index":"index","follow":"follow","max-snippet":"max-snippet:-1","max-image-preview":"max-image-preview:large","max-video-preview":"max-video-preview:-1"},"canonical":"https:\/\/www.eldiario.net\/portal\/2024\/03\/12\/bolivia-analiza-el-lanzamiento-de-bonos-atados-al-litio-en-wall-street\/","og_locale":"es_ES","og_type":"article","og_title":"Bolivia analiza el lanzamiento de bonos atados al litio en Wall Street - El Diario - Bolivia","og_description":"El ministro el ministro de Econom\u00eda y Finanzas P\u00fablicas, Marcelo Montenegro, confes\u00f3 que Bolivia eval\u00faa con bancos de Wall Street una emisi\u00f3n de 1.000 millones de d\u00f3lares de \u00abbonos verdes\u00bb, sostuvo en una entrevista con Bloomberg Con la producci\u00f3n de litio, se busca una alternativa m\u00e1s barata a las tasas de 18-19% que le pedir\u00edan [&hellip;]","og_url":"https:\/\/www.eldiario.net\/portal\/2024\/03\/12\/bolivia-analiza-el-lanzamiento-de-bonos-atados-al-litio-en-wall-street\/","og_site_name":"El Diario - Bolivia","article_publisher":"https:\/\/www.facebook.com\/eldiario.bolivia\/","article_published_time":"2024-03-12T08:59:40+00:00","og_image":[{"width":1080,"height":1307,"url":"https:\/\/www.eldiario.net\/portal\/wp-content\/uploads\/2024\/03\/litio-2.jpg","type":"image\/jpeg"}],"author":"Jeanette","twitter_card":"summary_large_image","twitter_creator":"@eldiario_net","twitter_site":"@eldiario_net","twitter_misc":{"Escrito por":"Jeanette","Tiempo de lectura":"2 minutos"},"schema":{"@context":"https:\/\/schema.org","@graph":[{"@type":"Article","@id":"https:\/\/www.eldiario.net\/portal\/2024\/03\/12\/bolivia-analiza-el-lanzamiento-de-bonos-atados-al-litio-en-wall-street\/#article","isPartOf":{"@id":"https:\/\/www.eldiario.net\/portal\/2024\/03\/12\/bolivia-analiza-el-lanzamiento-de-bonos-atados-al-litio-en-wall-street\/"},"author":{"name":"Jeanette","@id":"https:\/\/www.eldiario.net\/portal\/#\/schema\/person\/2c57cf2b7a7ae032e449e4c9b1019eac"},"headline":"Bolivia analiza el lanzamiento de bonos atados al litio en Wall Street","datePublished":"2024-03-12T08:59:40+00:00","mainEntityOfPage":{"@id":"https:\/\/www.eldiario.net\/portal\/2024\/03\/12\/bolivia-analiza-el-lanzamiento-de-bonos-atados-al-litio-en-wall-street\/"},"wordCount":291,"commentCount":0,"publisher":{"@id":"https:\/\/www.eldiario.net\/portal\/#organization"},"image":{"@id":"https:\/\/www.eldiario.net\/portal\/2024\/03\/12\/bolivia-analiza-el-lanzamiento-de-bonos-atados-al-litio-en-wall-street\/#primaryimage"},"thumbnailUrl":"https:\/\/www.eldiario.net\/portal\/wp-content\/uploads\/2024\/03\/litio-2.jpg","articleSection":["Econom\u00eda"],"inLanguage":"es","potentialAction":[{"@type":"CommentAction","name":"Comment","target":["https:\/\/www.eldiario.net\/portal\/2024\/03\/12\/bolivia-analiza-el-lanzamiento-de-bonos-atados-al-litio-en-wall-street\/#respond"]}]},{"@type":"WebPage","@id":"https:\/\/www.eldiario.net\/portal\/2024\/03\/12\/bolivia-analiza-el-lanzamiento-de-bonos-atados-al-litio-en-wall-street\/","url":"https:\/\/www.eldiario.net\/portal\/2024\/03\/12\/bolivia-analiza-el-lanzamiento-de-bonos-atados-al-litio-en-wall-street\/","name":"Bolivia analiza el lanzamiento de bonos atados al litio en Wall Street - El Diario - Bolivia","isPartOf":{"@id":"https:\/\/www.eldiario.net\/portal\/#website"},"primaryImageOfPage":{"@id":"https:\/\/www.eldiario.net\/portal\/2024\/03\/12\/bolivia-analiza-el-lanzamiento-de-bonos-atados-al-litio-en-wall-street\/#primaryimage"},"image":{"@id":"https:\/\/www.eldiario.net\/portal\/2024\/03\/12\/bolivia-analiza-el-lanzamiento-de-bonos-atados-al-litio-en-wall-street\/#primaryimage"},"thumbnailUrl":"https:\/\/www.eldiario.net\/portal\/wp-content\/uploads\/2024\/03\/litio-2.jpg","datePublished":"2024-03-12T08:59:40+00:00","breadcrumb":{"@id":"https:\/\/www.eldiario.net\/portal\/2024\/03\/12\/bolivia-analiza-el-lanzamiento-de-bonos-atados-al-litio-en-wall-street\/#breadcrumb"},"inLanguage":"es","potentialAction":[{"@type":"ReadAction","target":["https:\/\/www.eldiario.net\/portal\/2024\/03\/12\/bolivia-analiza-el-lanzamiento-de-bonos-atados-al-litio-en-wall-street\/"]}]},{"@type":"ImageObject","inLanguage":"es","@id":"https:\/\/www.eldiario.net\/portal\/2024\/03\/12\/bolivia-analiza-el-lanzamiento-de-bonos-atados-al-litio-en-wall-street\/#primaryimage","url":"https:\/\/www.eldiario.net\/portal\/wp-content\/uploads\/2024\/03\/litio-2.jpg","contentUrl":"https:\/\/www.eldiario.net\/portal\/wp-content\/uploads\/2024\/03\/litio-2.jpg","width":1080,"height":1307,"caption":"Venta de bonos verdes, junto al litio, en Nueva York."},{"@type":"BreadcrumbList","@id":"https:\/\/www.eldiario.net\/portal\/2024\/03\/12\/bolivia-analiza-el-lanzamiento-de-bonos-atados-al-litio-en-wall-street\/#breadcrumb","itemListElement":[{"@type":"ListItem","position":1,"name":"Portada","item":"https:\/\/www.eldiario.net\/portal\/"},{"@type":"ListItem","position":2,"name":"Bolivia analiza el lanzamiento de bonos atados al litio en Wall Street"}]},{"@type":"WebSite","@id":"https:\/\/www.eldiario.net\/portal\/#website","url":"https:\/\/www.eldiario.net\/portal\/","name":"El Diario - Decano de la prensa nacional","description":"El Diario - Decano de la prensa nacional","publisher":{"@id":"https:\/\/www.eldiario.net\/portal\/#organization"},"potentialAction":[{"@type":"SearchAction","target":{"@type":"EntryPoint","urlTemplate":"https:\/\/www.eldiario.net\/portal\/?s={search_term_string}"},"query-input":{"@type":"PropertyValueSpecification","valueRequired":true,"valueName":"search_term_string"}}],"inLanguage":"es"},{"@type":"Organization","@id":"https:\/\/www.eldiario.net\/portal\/#organization","name":"El Diario - Decano de la prensa nacional","url":"https:\/\/www.eldiario.net\/portal\/","logo":{"@type":"ImageObject","inLanguage":"es","@id":"https:\/\/www.eldiario.net\/portal\/#\/schema\/logo\/image\/","url":"https:\/\/www.eldiario.net\/portal\/wp-content\/uploads\/2023\/07\/logo_ED.jpg","contentUrl":"https:\/\/www.eldiario.net\/portal\/wp-content\/uploads\/2023\/07\/logo_ED.jpg","width":272,"height":52,"caption":"El Diario - Decano de la prensa nacional"},"image":{"@id":"https:\/\/www.eldiario.net\/portal\/#\/schema\/logo\/image\/"},"sameAs":["https:\/\/www.facebook.com\/eldiario.bolivia\/","https:\/\/x.com\/eldiario_net"]},{"@type":"Person","@id":"https:\/\/www.eldiario.net\/portal\/#\/schema\/person\/2c57cf2b7a7ae032e449e4c9b1019eac","name":"Jeanette","image":{"@type":"ImageObject","inLanguage":"es","@id":"https:\/\/secure.gravatar.com\/avatar\/3ea2118a5f7dad2b7138b1187a6b7ee55f160b9968b66013c3a3ef39dd7e5798?s=96&d=mm&r=g","url":"https:\/\/secure.gravatar.com\/avatar\/3ea2118a5f7dad2b7138b1187a6b7ee55f160b9968b66013c3a3ef39dd7e5798?s=96&d=mm&r=g","contentUrl":"https:\/\/secure.gravatar.com\/avatar\/3ea2118a5f7dad2b7138b1187a6b7ee55f160b9968b66013c3a3ef39dd7e5798?s=96&d=mm&r=g","caption":"Jeanette"},"sameAs":["https:\/\/www.eldiario.net\/portal"],"url":"https:\/\/www.eldiario.net\/portal\/author\/jeanette\/"}]}},"_links":{"self":[{"href":"https:\/\/www.eldiario.net\/portal\/wp-json\/wp\/v2\/posts\/207750","targetHints":{"allow":["GET"]}}],"collection":[{"href":"https:\/\/www.eldiario.net\/portal\/wp-json\/wp\/v2\/posts"}],"about":[{"href":"https:\/\/www.eldiario.net\/portal\/wp-json\/wp\/v2\/types\/post"}],"author":[{"embeddable":true,"href":"https:\/\/www.eldiario.net\/portal\/wp-json\/wp\/v2\/users\/1"}],"replies":[{"embeddable":true,"href":"https:\/\/www.eldiario.net\/portal\/wp-json\/wp\/v2\/comments?post=207750"}],"version-history":[{"count":1,"href":"https:\/\/www.eldiario.net\/portal\/wp-json\/wp\/v2\/posts\/207750\/revisions"}],"predecessor-version":[{"id":207752,"href":"https:\/\/www.eldiario.net\/portal\/wp-json\/wp\/v2\/posts\/207750\/revisions\/207752"}],"wp:featuredmedia":[{"embeddable":true,"href":"https:\/\/www.eldiario.net\/portal\/wp-json\/wp\/v2\/media\/207751"}],"wp:attachment":[{"href":"https:\/\/www.eldiario.net\/portal\/wp-json\/wp\/v2\/media?parent=207750"}],"wp:term":[{"taxonomy":"category","embeddable":true,"href":"https:\/\/www.eldiario.net\/portal\/wp-json\/wp\/v2\/categories?post=207750"},{"taxonomy":"post_tag","embeddable":true,"href":"https:\/\/www.eldiario.net\/portal\/wp-json\/wp\/v2\/tags?post=207750"}],"curies":[{"name":"wp","href":"https:\/\/api.w.org\/{rel}","templated":true}]}}