{"id":207747,"date":"2024-03-12T04:58:54","date_gmt":"2024-03-12T08:58:54","guid":{"rendered":"https:\/\/www.eldiario.net\/portal\/?p=207747"},"modified":"2024-03-12T04:58:54","modified_gmt":"2024-03-12T08:58:54","slug":"recuerdan-que-carta-magna-prohibe-la-reeleccion-de-autoridades-judiciales","status":"publish","type":"post","link":"https:\/\/www.eldiario.net\/portal\/2024\/03\/12\/recuerdan-que-carta-magna-prohibe-la-reeleccion-de-autoridades-judiciales\/","title":{"rendered":"Recuerdan que Carta Magna proh\u00edbe  la reelecci\u00f3n de autoridades judiciales"},"content":{"rendered":"<p class=\"v1MsoNormal\">Ante la postulaci\u00f3n de varias autoridades de justicia, que contin\u00faan en funciones, el abogado constitucionalista Israel Quino sostuvo que se trata de un error en la interpretaci\u00f3n del reglamento de convocatoria a las Elecciones Judiciales, por lo que enfatiz\u00f3 que la Constituci\u00f3n Pol\u00edtica del Estado (CPE) proh\u00edbe la reelecci\u00f3n de Magistrados del \u00d3rgano Judicial.<\/p>\n<p class=\"v1MsoNormal\">En declaraciones a medios de prensa, el jurista record\u00f3 que el texto constitucional es claro al momento de hacer referencia a una posible reelecci\u00f3n en cargos judiciales, negando esta posibilidad ya sea para el mismo cargo o para otra instancia del \u00d3rgano Judicial.<\/p>\n<p class=\"v1MsoNormal\">Sobre los criterios que reconocen la habilitaci\u00f3n de la reelecci\u00f3n para los actuales Magistrados, Quino precis\u00f3 que ning\u00fan reglamento o normativa puede estar por encima de la Carta Magna, y esta establece la imposibilidad de reelecci\u00f3n.<\/p>\n<p class=\"v1MsoNormal\">\u00abCualquier norma administrativa est\u00e1 por debajo de la Constituci\u00f3n, pueden interpretar los reglamentos y las leyes, pero no pueden hacer eso con la Carta Magna. Las autoridades legislativas lo que tienen que hacer es revisar el cumplimiento de la Constituci\u00f3n misma que proh\u00edbe la reelecci\u00f3n en cualquier cargo judicial sea para la misma entidad u otra\u00bb, dijo.<\/p>\n<p class=\"v1MsoNormal\">En ese sentido, se\u00f1al\u00f3 que ser\u00e1n los miembros de las Comisiones parlamentarias encargadas de llevar adelante la preselecci\u00f3n, quienes se encarguen de hacer cumplir los preceptos constitucionales y observen toda postulaci\u00f3n que incumpla normas vigentes.<\/p>\n<p class=\"v1MsoNormal\">\u00abLa labor de decisi\u00f3n pol\u00edtica y legislativa la tienen las autoridades en Diputados y Senadores miembros de las Comisiones Mixtas de Justicia y Constituci\u00f3n, esto va implicar una alta responsabilidad y seguramente van a definir esta situaci\u00f3n\u00bb, refiri\u00f3.<\/p>\n<p class=\"v1MsoNormal\">Ayer, en declaraciones a Erbol, el ministro de Justicia, Iv\u00e1n Lima, cuestion\u00f3 las postulaciones de los Magistrados prorrogados y otras autoridades que en la actualidad ejercen cargos, se\u00f1alando que se genera un \u00abconflicto de inter\u00e9s\u00bb.<\/p>\n<p class=\"v1MsoNormal\">El art\u00edculo 184 de la CPE establece que \u00abI Las Magistradas y los Magistrados, Vocales y Jueces no podr\u00e1n ser reelegidas ni reelegidas, ni designados consecutivamente. Su periodo de mandato o ejercicio en el cumplimiento de funciones ser\u00e1 de seis a\u00f1os. II. Las Magistradas y Magistrados del Tribunal Supremo de Justicia cesar\u00e1n en sus funciones por sentencia ejecutoriada emergente de juicio de responsabilidades, por revocatoria de mandato y por las dem\u00e1s causales previstas en esta Constituci\u00f3n y en la ley\u00bb.<\/p>\n","protected":false},"excerpt":{"rendered":"<p>Ante la postulaci\u00f3n de varias autoridades de justicia, que contin\u00faan en funciones, el abogado constitucionalista Israel Quino sostuvo que se trata de un error en la interpretaci\u00f3n del reglamento de convocatoria a las Elecciones Judiciales, por lo que enfatiz\u00f3 que la Constituci\u00f3n Pol\u00edtica del Estado (CPE) proh\u00edbe la reelecci\u00f3n de Magistrados del \u00d3rgano Judicial. En [&hellip;]<\/p>\n","protected":false},"author":1,"featured_media":207748,"comment_status":"open","ping_status":"open","sticky":false,"template":"","format":"standard","meta":{"_acf_changed":false,"footnotes":""},"categories":[14],"tags":[],"class_list":["post-207747","post","type-post","status-publish","format-standard","has-post-thumbnail","category-politica"],"acf":{"antetitulo":"Esperan impugnaci\u00f3n"},"yoast_head":"<!-- This site is optimized with the Yoast SEO plugin v28.4 - https:\/\/yoast.com\/product\/yoast-seo-wordpress\/ -->\n<title>Recuerdan que Carta Magna proh\u00edbe la reelecci\u00f3n de autoridades judiciales - El Diario - Bolivia<\/title>\n<meta name=\"robots\" content=\"index, follow, max-snippet:-1, max-image-preview:large, max-video-preview:-1\" \/>\n<link rel=\"canonical\" href=\"https:\/\/www.eldiario.net\/portal\/2024\/03\/12\/recuerdan-que-carta-magna-prohibe-la-reeleccion-de-autoridades-judiciales\/\" \/>\n<meta property=\"og:locale\" content=\"es_ES\" \/>\n<meta property=\"og:type\" content=\"article\" \/>\n<meta property=\"og:title\" content=\"Recuerdan que Carta Magna proh\u00edbe la reelecci\u00f3n de autoridades judiciales - El Diario - Bolivia\" \/>\n<meta property=\"og:description\" content=\"Ante la postulaci\u00f3n de varias autoridades de justicia, que contin\u00faan en funciones, el abogado constitucionalista Israel Quino sostuvo que se trata de un error en la interpretaci\u00f3n del reglamento de convocatoria a las Elecciones Judiciales, por lo que enfatiz\u00f3 que la Constituci\u00f3n Pol\u00edtica del Estado (CPE) proh\u00edbe la reelecci\u00f3n de Magistrados del \u00d3rgano Judicial. En [&hellip;]\" \/>\n<meta property=\"og:url\" content=\"https:\/\/www.eldiario.net\/portal\/2024\/03\/12\/recuerdan-que-carta-magna-prohibe-la-reeleccion-de-autoridades-judiciales\/\" \/>\n<meta property=\"og:site_name\" content=\"El Diario - Bolivia\" \/>\n<meta property=\"article:publisher\" content=\"https:\/\/www.facebook.com\/eldiario.bolivia\/\" \/>\n<meta property=\"article:published_time\" content=\"2024-03-12T08:58:54+00:00\" \/>\n<meta property=\"og:image\" content=\"https:\/\/www.eldiario.net\/portal\/wp-content\/uploads\/2024\/03\/PROHIBE-QUINO.jpeg\" \/>\n\t<meta property=\"og:image:width\" content=\"505\" \/>\n\t<meta property=\"og:image:height\" content=\"355\" \/>\n\t<meta property=\"og:image:type\" content=\"image\/jpeg\" \/>\n<meta name=\"author\" content=\"Jeanette\" \/>\n<meta name=\"twitter:card\" content=\"summary_large_image\" \/>\n<meta name=\"twitter:creator\" content=\"@eldiario_net\" \/>\n<meta name=\"twitter:site\" content=\"@eldiario_net\" \/>\n<meta name=\"twitter:label1\" content=\"Escrito por\" \/>\n\t<meta name=\"twitter:data1\" content=\"Jeanette\" \/>\n\t<meta name=\"twitter:label2\" content=\"Tiempo de lectura\" \/>\n\t<meta name=\"twitter:data2\" content=\"2 minutos\" \/>\n<script type=\"application\/ld+json\" class=\"yoast-schema-graph\">{\"@context\":\"https:\\\/\\\/schema.org\",\"@graph\":[{\"@type\":\"Article\",\"@id\":\"https:\\\/\\\/www.eldiario.net\\\/portal\\\/2024\\\/03\\\/12\\\/recuerdan-que-carta-magna-prohibe-la-reeleccion-de-autoridades-judiciales\\\/#article\",\"isPartOf\":{\"@id\":\"https:\\\/\\\/www.eldiario.net\\\/portal\\\/2024\\\/03\\\/12\\\/recuerdan-que-carta-magna-prohibe-la-reeleccion-de-autoridades-judiciales\\\/\"},\"author\":{\"name\":\"Jeanette\",\"@id\":\"https:\\\/\\\/www.eldiario.net\\\/portal\\\/#\\\/schema\\\/person\\\/2c57cf2b7a7ae032e449e4c9b1019eac\"},\"headline\":\"Recuerdan que Carta Magna proh\u00edbe la reelecci\u00f3n de autoridades judiciales\",\"datePublished\":\"2024-03-12T08:58:54+00:00\",\"mainEntityOfPage\":{\"@id\":\"https:\\\/\\\/www.eldiario.net\\\/portal\\\/2024\\\/03\\\/12\\\/recuerdan-que-carta-magna-prohibe-la-reeleccion-de-autoridades-judiciales\\\/\"},\"wordCount\":422,\"commentCount\":0,\"publisher\":{\"@id\":\"https:\\\/\\\/www.eldiario.net\\\/portal\\\/#organization\"},\"image\":{\"@id\":\"https:\\\/\\\/www.eldiario.net\\\/portal\\\/2024\\\/03\\\/12\\\/recuerdan-que-carta-magna-prohibe-la-reeleccion-de-autoridades-judiciales\\\/#primaryimage\"},\"thumbnailUrl\":\"https:\\\/\\\/www.eldiario.net\\\/portal\\\/wp-content\\\/uploads\\\/2024\\\/03\\\/PROHIBE-QUINO.jpeg\",\"articleSection\":[\"Pol\u00edtica\"],\"inLanguage\":\"es\",\"potentialAction\":[{\"@type\":\"CommentAction\",\"name\":\"Comment\",\"target\":[\"https:\\\/\\\/www.eldiario.net\\\/portal\\\/2024\\\/03\\\/12\\\/recuerdan-que-carta-magna-prohibe-la-reeleccion-de-autoridades-judiciales\\\/#respond\"]}]},{\"@type\":\"WebPage\",\"@id\":\"https:\\\/\\\/www.eldiario.net\\\/portal\\\/2024\\\/03\\\/12\\\/recuerdan-que-carta-magna-prohibe-la-reeleccion-de-autoridades-judiciales\\\/\",\"url\":\"https:\\\/\\\/www.eldiario.net\\\/portal\\\/2024\\\/03\\\/12\\\/recuerdan-que-carta-magna-prohibe-la-reeleccion-de-autoridades-judiciales\\\/\",\"name\":\"Recuerdan que Carta Magna proh\u00edbe la reelecci\u00f3n de autoridades judiciales - El Diario - Bolivia\",\"isPartOf\":{\"@id\":\"https:\\\/\\\/www.eldiario.net\\\/portal\\\/#website\"},\"primaryImageOfPage\":{\"@id\":\"https:\\\/\\\/www.eldiario.net\\\/portal\\\/2024\\\/03\\\/12\\\/recuerdan-que-carta-magna-prohibe-la-reeleccion-de-autoridades-judiciales\\\/#primaryimage\"},\"image\":{\"@id\":\"https:\\\/\\\/www.eldiario.net\\\/portal\\\/2024\\\/03\\\/12\\\/recuerdan-que-carta-magna-prohibe-la-reeleccion-de-autoridades-judiciales\\\/#primaryimage\"},\"thumbnailUrl\":\"https:\\\/\\\/www.eldiario.net\\\/portal\\\/wp-content\\\/uploads\\\/2024\\\/03\\\/PROHIBE-QUINO.jpeg\",\"datePublished\":\"2024-03-12T08:58:54+00:00\",\"breadcrumb\":{\"@id\":\"https:\\\/\\\/www.eldiario.net\\\/portal\\\/2024\\\/03\\\/12\\\/recuerdan-que-carta-magna-prohibe-la-reeleccion-de-autoridades-judiciales\\\/#breadcrumb\"},\"inLanguage\":\"es\",\"potentialAction\":[{\"@type\":\"ReadAction\",\"target\":[\"https:\\\/\\\/www.eldiario.net\\\/portal\\\/2024\\\/03\\\/12\\\/recuerdan-que-carta-magna-prohibe-la-reeleccion-de-autoridades-judiciales\\\/\"]}]},{\"@type\":\"ImageObject\",\"inLanguage\":\"es\",\"@id\":\"https:\\\/\\\/www.eldiario.net\\\/portal\\\/2024\\\/03\\\/12\\\/recuerdan-que-carta-magna-prohibe-la-reeleccion-de-autoridades-judiciales\\\/#primaryimage\",\"url\":\"https:\\\/\\\/www.eldiario.net\\\/portal\\\/wp-content\\\/uploads\\\/2024\\\/03\\\/PROHIBE-QUINO.jpeg\",\"contentUrl\":\"https:\\\/\\\/www.eldiario.net\\\/portal\\\/wp-content\\\/uploads\\\/2024\\\/03\\\/PROHIBE-QUINO.jpeg\",\"width\":505,\"height\":355,\"caption\":\"Abogado constitucionalista Israel Quino. CREDITOS \\\/ RRSS\"},{\"@type\":\"BreadcrumbList\",\"@id\":\"https:\\\/\\\/www.eldiario.net\\\/portal\\\/2024\\\/03\\\/12\\\/recuerdan-que-carta-magna-prohibe-la-reeleccion-de-autoridades-judiciales\\\/#breadcrumb\",\"itemListElement\":[{\"@type\":\"ListItem\",\"position\":1,\"name\":\"Portada\",\"item\":\"https:\\\/\\\/www.eldiario.net\\\/portal\\\/\"},{\"@type\":\"ListItem\",\"position\":2,\"name\":\"Recuerdan que Carta Magna proh\u00edbe la reelecci\u00f3n de autoridades judiciales\"}]},{\"@type\":\"WebSite\",\"@id\":\"https:\\\/\\\/www.eldiario.net\\\/portal\\\/#website\",\"url\":\"https:\\\/\\\/www.eldiario.net\\\/portal\\\/\",\"name\":\"El Diario - Decano de la prensa nacional\",\"description\":\"El Diario - Decano de la prensa nacional\",\"publisher\":{\"@id\":\"https:\\\/\\\/www.eldiario.net\\\/portal\\\/#organization\"},\"potentialAction\":[{\"@type\":\"SearchAction\",\"target\":{\"@type\":\"EntryPoint\",\"urlTemplate\":\"https:\\\/\\\/www.eldiario.net\\\/portal\\\/?s={search_term_string}\"},\"query-input\":{\"@type\":\"PropertyValueSpecification\",\"valueRequired\":true,\"valueName\":\"search_term_string\"}}],\"inLanguage\":\"es\"},{\"@type\":\"Organization\",\"@id\":\"https:\\\/\\\/www.eldiario.net\\\/portal\\\/#organization\",\"name\":\"El Diario - Decano de la prensa nacional\",\"url\":\"https:\\\/\\\/www.eldiario.net\\\/portal\\\/\",\"logo\":{\"@type\":\"ImageObject\",\"inLanguage\":\"es\",\"@id\":\"https:\\\/\\\/www.eldiario.net\\\/portal\\\/#\\\/schema\\\/logo\\\/image\\\/\",\"url\":\"https:\\\/\\\/www.eldiario.net\\\/portal\\\/wp-content\\\/uploads\\\/2023\\\/07\\\/logo_ED.jpg\",\"contentUrl\":\"https:\\\/\\\/www.eldiario.net\\\/portal\\\/wp-content\\\/uploads\\\/2023\\\/07\\\/logo_ED.jpg\",\"width\":272,\"height\":52,\"caption\":\"El Diario - Decano de la prensa nacional\"},\"image\":{\"@id\":\"https:\\\/\\\/www.eldiario.net\\\/portal\\\/#\\\/schema\\\/logo\\\/image\\\/\"},\"sameAs\":[\"https:\\\/\\\/www.facebook.com\\\/eldiario.bolivia\\\/\",\"https:\\\/\\\/x.com\\\/eldiario_net\"]},{\"@type\":\"Person\",\"@id\":\"https:\\\/\\\/www.eldiario.net\\\/portal\\\/#\\\/schema\\\/person\\\/2c57cf2b7a7ae032e449e4c9b1019eac\",\"name\":\"Jeanette\",\"image\":{\"@type\":\"ImageObject\",\"inLanguage\":\"es\",\"@id\":\"https:\\\/\\\/secure.gravatar.com\\\/avatar\\\/3ea2118a5f7dad2b7138b1187a6b7ee55f160b9968b66013c3a3ef39dd7e5798?s=96&d=mm&r=g\",\"url\":\"https:\\\/\\\/secure.gravatar.com\\\/avatar\\\/3ea2118a5f7dad2b7138b1187a6b7ee55f160b9968b66013c3a3ef39dd7e5798?s=96&d=mm&r=g\",\"contentUrl\":\"https:\\\/\\\/secure.gravatar.com\\\/avatar\\\/3ea2118a5f7dad2b7138b1187a6b7ee55f160b9968b66013c3a3ef39dd7e5798?s=96&d=mm&r=g\",\"caption\":\"Jeanette\"},\"sameAs\":[\"https:\\\/\\\/www.eldiario.net\\\/portal\"],\"url\":\"https:\\\/\\\/www.eldiario.net\\\/portal\\\/author\\\/jeanette\\\/\"}]}<\/script>\n<!-- \/ Yoast SEO plugin. -->","yoast_head_json":{"title":"Recuerdan que Carta Magna proh\u00edbe la reelecci\u00f3n de autoridades judiciales - El Diario - Bolivia","robots":{"index":"index","follow":"follow","max-snippet":"max-snippet:-1","max-image-preview":"max-image-preview:large","max-video-preview":"max-video-preview:-1"},"canonical":"https:\/\/www.eldiario.net\/portal\/2024\/03\/12\/recuerdan-que-carta-magna-prohibe-la-reeleccion-de-autoridades-judiciales\/","og_locale":"es_ES","og_type":"article","og_title":"Recuerdan que Carta Magna proh\u00edbe la reelecci\u00f3n de autoridades judiciales - El Diario - Bolivia","og_description":"Ante la postulaci\u00f3n de varias autoridades de justicia, que contin\u00faan en funciones, el abogado constitucionalista Israel Quino sostuvo que se trata de un error en la interpretaci\u00f3n del reglamento de convocatoria a las Elecciones Judiciales, por lo que enfatiz\u00f3 que la Constituci\u00f3n Pol\u00edtica del Estado (CPE) proh\u00edbe la reelecci\u00f3n de Magistrados del \u00d3rgano Judicial. En [&hellip;]","og_url":"https:\/\/www.eldiario.net\/portal\/2024\/03\/12\/recuerdan-que-carta-magna-prohibe-la-reeleccion-de-autoridades-judiciales\/","og_site_name":"El Diario - Bolivia","article_publisher":"https:\/\/www.facebook.com\/eldiario.bolivia\/","article_published_time":"2024-03-12T08:58:54+00:00","og_image":[{"width":505,"height":355,"url":"https:\/\/www.eldiario.net\/portal\/wp-content\/uploads\/2024\/03\/PROHIBE-QUINO.jpeg","type":"image\/jpeg"}],"author":"Jeanette","twitter_card":"summary_large_image","twitter_creator":"@eldiario_net","twitter_site":"@eldiario_net","twitter_misc":{"Escrito por":"Jeanette","Tiempo de lectura":"2 minutos"},"schema":{"@context":"https:\/\/schema.org","@graph":[{"@type":"Article","@id":"https:\/\/www.eldiario.net\/portal\/2024\/03\/12\/recuerdan-que-carta-magna-prohibe-la-reeleccion-de-autoridades-judiciales\/#article","isPartOf":{"@id":"https:\/\/www.eldiario.net\/portal\/2024\/03\/12\/recuerdan-que-carta-magna-prohibe-la-reeleccion-de-autoridades-judiciales\/"},"author":{"name":"Jeanette","@id":"https:\/\/www.eldiario.net\/portal\/#\/schema\/person\/2c57cf2b7a7ae032e449e4c9b1019eac"},"headline":"Recuerdan que Carta Magna proh\u00edbe la reelecci\u00f3n de autoridades judiciales","datePublished":"2024-03-12T08:58:54+00:00","mainEntityOfPage":{"@id":"https:\/\/www.eldiario.net\/portal\/2024\/03\/12\/recuerdan-que-carta-magna-prohibe-la-reeleccion-de-autoridades-judiciales\/"},"wordCount":422,"commentCount":0,"publisher":{"@id":"https:\/\/www.eldiario.net\/portal\/#organization"},"image":{"@id":"https:\/\/www.eldiario.net\/portal\/2024\/03\/12\/recuerdan-que-carta-magna-prohibe-la-reeleccion-de-autoridades-judiciales\/#primaryimage"},"thumbnailUrl":"https:\/\/www.eldiario.net\/portal\/wp-content\/uploads\/2024\/03\/PROHIBE-QUINO.jpeg","articleSection":["Pol\u00edtica"],"inLanguage":"es","potentialAction":[{"@type":"CommentAction","name":"Comment","target":["https:\/\/www.eldiario.net\/portal\/2024\/03\/12\/recuerdan-que-carta-magna-prohibe-la-reeleccion-de-autoridades-judiciales\/#respond"]}]},{"@type":"WebPage","@id":"https:\/\/www.eldiario.net\/portal\/2024\/03\/12\/recuerdan-que-carta-magna-prohibe-la-reeleccion-de-autoridades-judiciales\/","url":"https:\/\/www.eldiario.net\/portal\/2024\/03\/12\/recuerdan-que-carta-magna-prohibe-la-reeleccion-de-autoridades-judiciales\/","name":"Recuerdan que Carta Magna proh\u00edbe la reelecci\u00f3n de autoridades judiciales - El Diario - Bolivia","isPartOf":{"@id":"https:\/\/www.eldiario.net\/portal\/#website"},"primaryImageOfPage":{"@id":"https:\/\/www.eldiario.net\/portal\/2024\/03\/12\/recuerdan-que-carta-magna-prohibe-la-reeleccion-de-autoridades-judiciales\/#primaryimage"},"image":{"@id":"https:\/\/www.eldiario.net\/portal\/2024\/03\/12\/recuerdan-que-carta-magna-prohibe-la-reeleccion-de-autoridades-judiciales\/#primaryimage"},"thumbnailUrl":"https:\/\/www.eldiario.net\/portal\/wp-content\/uploads\/2024\/03\/PROHIBE-QUINO.jpeg","datePublished":"2024-03-12T08:58:54+00:00","breadcrumb":{"@id":"https:\/\/www.eldiario.net\/portal\/2024\/03\/12\/recuerdan-que-carta-magna-prohibe-la-reeleccion-de-autoridades-judiciales\/#breadcrumb"},"inLanguage":"es","potentialAction":[{"@type":"ReadAction","target":["https:\/\/www.eldiario.net\/portal\/2024\/03\/12\/recuerdan-que-carta-magna-prohibe-la-reeleccion-de-autoridades-judiciales\/"]}]},{"@type":"ImageObject","inLanguage":"es","@id":"https:\/\/www.eldiario.net\/portal\/2024\/03\/12\/recuerdan-que-carta-magna-prohibe-la-reeleccion-de-autoridades-judiciales\/#primaryimage","url":"https:\/\/www.eldiario.net\/portal\/wp-content\/uploads\/2024\/03\/PROHIBE-QUINO.jpeg","contentUrl":"https:\/\/www.eldiario.net\/portal\/wp-content\/uploads\/2024\/03\/PROHIBE-QUINO.jpeg","width":505,"height":355,"caption":"Abogado constitucionalista Israel Quino. CREDITOS \/ RRSS"},{"@type":"BreadcrumbList","@id":"https:\/\/www.eldiario.net\/portal\/2024\/03\/12\/recuerdan-que-carta-magna-prohibe-la-reeleccion-de-autoridades-judiciales\/#breadcrumb","itemListElement":[{"@type":"ListItem","position":1,"name":"Portada","item":"https:\/\/www.eldiario.net\/portal\/"},{"@type":"ListItem","position":2,"name":"Recuerdan que Carta Magna proh\u00edbe la reelecci\u00f3n de autoridades judiciales"}]},{"@type":"WebSite","@id":"https:\/\/www.eldiario.net\/portal\/#website","url":"https:\/\/www.eldiario.net\/portal\/","name":"El Diario - Decano de la prensa nacional","description":"El Diario - Decano de la prensa nacional","publisher":{"@id":"https:\/\/www.eldiario.net\/portal\/#organization"},"potentialAction":[{"@type":"SearchAction","target":{"@type":"EntryPoint","urlTemplate":"https:\/\/www.eldiario.net\/portal\/?s={search_term_string}"},"query-input":{"@type":"PropertyValueSpecification","valueRequired":true,"valueName":"search_term_string"}}],"inLanguage":"es"},{"@type":"Organization","@id":"https:\/\/www.eldiario.net\/portal\/#organization","name":"El Diario - Decano de la prensa nacional","url":"https:\/\/www.eldiario.net\/portal\/","logo":{"@type":"ImageObject","inLanguage":"es","@id":"https:\/\/www.eldiario.net\/portal\/#\/schema\/logo\/image\/","url":"https:\/\/www.eldiario.net\/portal\/wp-content\/uploads\/2023\/07\/logo_ED.jpg","contentUrl":"https:\/\/www.eldiario.net\/portal\/wp-content\/uploads\/2023\/07\/logo_ED.jpg","width":272,"height":52,"caption":"El Diario - Decano de la prensa nacional"},"image":{"@id":"https:\/\/www.eldiario.net\/portal\/#\/schema\/logo\/image\/"},"sameAs":["https:\/\/www.facebook.com\/eldiario.bolivia\/","https:\/\/x.com\/eldiario_net"]},{"@type":"Person","@id":"https:\/\/www.eldiario.net\/portal\/#\/schema\/person\/2c57cf2b7a7ae032e449e4c9b1019eac","name":"Jeanette","image":{"@type":"ImageObject","inLanguage":"es","@id":"https:\/\/secure.gravatar.com\/avatar\/3ea2118a5f7dad2b7138b1187a6b7ee55f160b9968b66013c3a3ef39dd7e5798?s=96&d=mm&r=g","url":"https:\/\/secure.gravatar.com\/avatar\/3ea2118a5f7dad2b7138b1187a6b7ee55f160b9968b66013c3a3ef39dd7e5798?s=96&d=mm&r=g","contentUrl":"https:\/\/secure.gravatar.com\/avatar\/3ea2118a5f7dad2b7138b1187a6b7ee55f160b9968b66013c3a3ef39dd7e5798?s=96&d=mm&r=g","caption":"Jeanette"},"sameAs":["https:\/\/www.eldiario.net\/portal"],"url":"https:\/\/www.eldiario.net\/portal\/author\/jeanette\/"}]}},"_links":{"self":[{"href":"https:\/\/www.eldiario.net\/portal\/wp-json\/wp\/v2\/posts\/207747","targetHints":{"allow":["GET"]}}],"collection":[{"href":"https:\/\/www.eldiario.net\/portal\/wp-json\/wp\/v2\/posts"}],"about":[{"href":"https:\/\/www.eldiario.net\/portal\/wp-json\/wp\/v2\/types\/post"}],"author":[{"embeddable":true,"href":"https:\/\/www.eldiario.net\/portal\/wp-json\/wp\/v2\/users\/1"}],"replies":[{"embeddable":true,"href":"https:\/\/www.eldiario.net\/portal\/wp-json\/wp\/v2\/comments?post=207747"}],"version-history":[{"count":1,"href":"https:\/\/www.eldiario.net\/portal\/wp-json\/wp\/v2\/posts\/207747\/revisions"}],"predecessor-version":[{"id":207749,"href":"https:\/\/www.eldiario.net\/portal\/wp-json\/wp\/v2\/posts\/207747\/revisions\/207749"}],"wp:featuredmedia":[{"embeddable":true,"href":"https:\/\/www.eldiario.net\/portal\/wp-json\/wp\/v2\/media\/207748"}],"wp:attachment":[{"href":"https:\/\/www.eldiario.net\/portal\/wp-json\/wp\/v2\/media?parent=207747"}],"wp:term":[{"taxonomy":"category","embeddable":true,"href":"https:\/\/www.eldiario.net\/portal\/wp-json\/wp\/v2\/categories?post=207747"},{"taxonomy":"post_tag","embeddable":true,"href":"https:\/\/www.eldiario.net\/portal\/wp-json\/wp\/v2\/tags?post=207747"}],"curies":[{"name":"wp","href":"https:\/\/api.w.org\/{rel}","templated":true}]}}