{"id":207744,"date":"2024-03-12T04:58:06","date_gmt":"2024-03-12T08:58:06","guid":{"rendered":"https:\/\/www.eldiario.net\/portal\/?p=207744"},"modified":"2024-03-12T04:58:06","modified_gmt":"2024-03-12T08:58:06","slug":"rechazan-injerencia-del-gobierno-en-proceso-contra-gobernador-camacho","status":"publish","type":"post","link":"https:\/\/www.eldiario.net\/portal\/2024\/03\/12\/rechazan-injerencia-del-gobierno-en-proceso-contra-gobernador-camacho\/","title":{"rendered":"Rechazan injerencia del Gobierno en  proceso contra gobernador Camacho"},"content":{"rendered":"<p class=\"v1MsoNormal\">Luego que autoridades descartaran el traslado del gobernador cruce\u00f1o, Fernando Camacho, a la ciudad de Santa Cruz de la Sierra para su audiencia de juicio oral por el caso \u00abdecretazo\u00bb, los legisladores de oposici\u00f3n condenaron una supuesta injerencia del Gobierno en este proceso y se\u00f1alan que estas acciones confirman la crisis de justicia por la que atraviesa el pa\u00eds.<\/p>\n<p class=\"v1MsoNormal\">Ayer, se\u00f1alando que no existen garant\u00edas para la seguridad de la autoridad electa, el director de R\u00e9gimen Penitenciario, Juan Carlos Limpias, descart\u00f3 el traslado de Camacho a la ciudad de Santa Cruz.<\/p>\n<p class=\"v1MsoNormal\">Previamente, la viceministra Transparencia, Susana R\u00edos, hab\u00eda se\u00f1alado que el juzgado encargado del caso incurri\u00f3 en vicios procesales, que deben ser corregidos antes de seguir con el juicio. Asimismo, explic\u00f3 que no se notific\u00f3 a todas las partes interesadas.<\/p>\n<p class=\"v1MsoNormal\">\u00abAntes de hablar de cualquier traslado, se debe hablar del saneamiento procesal\u00bb, sostuvo la autoridad.<\/p>\n<p class=\"v1MsoNormal\">Tras estas aseveraciones, la diputada por la agrupaci\u00f3n Creemos, Khaline Moreno, calific\u00f3 las intervenciones como una injerencia del Gobierno para dilatar a\u00fan m\u00e1s el proceso que se sigue contra la primera autoridad electa del departamento de Santa Cruz, cuestionando que el poder pase por alto el cumplimiento de resoluciones judiciales que tiene car\u00e1cter de cumplimiento obligatorio.<\/p>\n<p class=\"v1MsoNormal\">\u00abHay una disposici\u00f3n judicial que debe cumplirse, caso contrario solo se estar\u00eda demostrando la profundizaci\u00f3n de la crisis antidem\u00f3cratica en el pa\u00eds\u00bb, sostuvo.<\/p>\n<p class=\"v1MsoNormal\">Ayer, Camacho deb\u00eda haber sido trasladado a la ciudad de Santa Cruz para asistir a una audiencia de juicio por el caso \u00abdecretazo\u00bb, proceso en el que se le acusa por la emisi\u00f3n del Decreto 373, con el que se trat\u00f3 de evitar que el vicegobernador, Mario Aguilera, asuma funciones bajo la figura de la \u00absuplencia temporal\u00bb.<\/p>\n<p class=\"v1MsoNormal\">\n","protected":false},"excerpt":{"rendered":"<p>Luego que autoridades descartaran el traslado del gobernador cruce\u00f1o, Fernando Camacho, a la ciudad de Santa Cruz de la Sierra para su audiencia de juicio oral por el caso \u00abdecretazo\u00bb, los legisladores de oposici\u00f3n condenaron una supuesta injerencia del Gobierno en este proceso y se\u00f1alan que estas acciones confirman la crisis de justicia por la [&hellip;]<\/p>\n","protected":false},"author":1,"featured_media":207745,"comment_status":"open","ping_status":"open","sticky":false,"template":"","format":"standard","meta":{"_acf_changed":false,"footnotes":""},"categories":[14],"tags":[],"class_list":["post-207744","post","type-post","status-publish","format-standard","has-post-thumbnail","category-politica"],"acf":{"antetitulo":"Exigen cumplir disposiciones judiciales"},"yoast_head":"<!-- This site is optimized with the Yoast SEO plugin v28.4 - https:\/\/yoast.com\/product\/yoast-seo-wordpress\/ -->\n<title>Rechazan injerencia del Gobierno en proceso contra gobernador Camacho - El Diario - Bolivia<\/title>\n<meta name=\"robots\" content=\"index, follow, max-snippet:-1, max-image-preview:large, max-video-preview:-1\" \/>\n<link rel=\"canonical\" href=\"https:\/\/www.eldiario.net\/portal\/2024\/03\/12\/rechazan-injerencia-del-gobierno-en-proceso-contra-gobernador-camacho\/\" \/>\n<meta property=\"og:locale\" content=\"es_ES\" \/>\n<meta property=\"og:type\" content=\"article\" \/>\n<meta property=\"og:title\" content=\"Rechazan injerencia del Gobierno en proceso contra gobernador Camacho - El Diario - Bolivia\" \/>\n<meta property=\"og:description\" content=\"Luego que autoridades descartaran el traslado del gobernador cruce\u00f1o, Fernando Camacho, a la ciudad de Santa Cruz de la Sierra para su audiencia de juicio oral por el caso \u00abdecretazo\u00bb, los legisladores de oposici\u00f3n condenaron una supuesta injerencia del Gobierno en este proceso y se\u00f1alan que estas acciones confirman la crisis de justicia por la [&hellip;]\" \/>\n<meta property=\"og:url\" content=\"https:\/\/www.eldiario.net\/portal\/2024\/03\/12\/rechazan-injerencia-del-gobierno-en-proceso-contra-gobernador-camacho\/\" \/>\n<meta property=\"og:site_name\" content=\"El Diario - Bolivia\" \/>\n<meta property=\"article:publisher\" content=\"https:\/\/www.facebook.com\/eldiario.bolivia\/\" \/>\n<meta property=\"article:published_time\" content=\"2024-03-12T08:58:06+00:00\" \/>\n<meta property=\"og:image\" content=\"https:\/\/www.eldiario.net\/portal\/wp-content\/uploads\/2024\/03\/INJERENCIA-MORENO.jpg\" \/>\n\t<meta property=\"og:image:width\" content=\"768\" \/>\n\t<meta property=\"og:image:height\" content=\"432\" \/>\n\t<meta property=\"og:image:type\" content=\"image\/jpeg\" \/>\n<meta name=\"author\" content=\"Jeanette\" \/>\n<meta name=\"twitter:card\" content=\"summary_large_image\" \/>\n<meta name=\"twitter:creator\" content=\"@eldiario_net\" \/>\n<meta name=\"twitter:site\" content=\"@eldiario_net\" \/>\n<meta name=\"twitter:label1\" content=\"Escrito por\" \/>\n\t<meta name=\"twitter:data1\" content=\"Jeanette\" \/>\n\t<meta name=\"twitter:label2\" content=\"Tiempo de lectura\" \/>\n\t<meta name=\"twitter:data2\" content=\"2 minutos\" \/>\n<script type=\"application\/ld+json\" class=\"yoast-schema-graph\">{\"@context\":\"https:\\\/\\\/schema.org\",\"@graph\":[{\"@type\":\"Article\",\"@id\":\"https:\\\/\\\/www.eldiario.net\\\/portal\\\/2024\\\/03\\\/12\\\/rechazan-injerencia-del-gobierno-en-proceso-contra-gobernador-camacho\\\/#article\",\"isPartOf\":{\"@id\":\"https:\\\/\\\/www.eldiario.net\\\/portal\\\/2024\\\/03\\\/12\\\/rechazan-injerencia-del-gobierno-en-proceso-contra-gobernador-camacho\\\/\"},\"author\":{\"name\":\"Jeanette\",\"@id\":\"https:\\\/\\\/www.eldiario.net\\\/portal\\\/#\\\/schema\\\/person\\\/2c57cf2b7a7ae032e449e4c9b1019eac\"},\"headline\":\"Rechazan injerencia del Gobierno en proceso contra gobernador Camacho\",\"datePublished\":\"2024-03-12T08:58:06+00:00\",\"mainEntityOfPage\":{\"@id\":\"https:\\\/\\\/www.eldiario.net\\\/portal\\\/2024\\\/03\\\/12\\\/rechazan-injerencia-del-gobierno-en-proceso-contra-gobernador-camacho\\\/\"},\"wordCount\":310,\"commentCount\":0,\"publisher\":{\"@id\":\"https:\\\/\\\/www.eldiario.net\\\/portal\\\/#organization\"},\"image\":{\"@id\":\"https:\\\/\\\/www.eldiario.net\\\/portal\\\/2024\\\/03\\\/12\\\/rechazan-injerencia-del-gobierno-en-proceso-contra-gobernador-camacho\\\/#primaryimage\"},\"thumbnailUrl\":\"https:\\\/\\\/www.eldiario.net\\\/portal\\\/wp-content\\\/uploads\\\/2024\\\/03\\\/INJERENCIA-MORENO.jpg\",\"articleSection\":[\"Pol\u00edtica\"],\"inLanguage\":\"es\",\"potentialAction\":[{\"@type\":\"CommentAction\",\"name\":\"Comment\",\"target\":[\"https:\\\/\\\/www.eldiario.net\\\/portal\\\/2024\\\/03\\\/12\\\/rechazan-injerencia-del-gobierno-en-proceso-contra-gobernador-camacho\\\/#respond\"]}]},{\"@type\":\"WebPage\",\"@id\":\"https:\\\/\\\/www.eldiario.net\\\/portal\\\/2024\\\/03\\\/12\\\/rechazan-injerencia-del-gobierno-en-proceso-contra-gobernador-camacho\\\/\",\"url\":\"https:\\\/\\\/www.eldiario.net\\\/portal\\\/2024\\\/03\\\/12\\\/rechazan-injerencia-del-gobierno-en-proceso-contra-gobernador-camacho\\\/\",\"name\":\"Rechazan injerencia del Gobierno en proceso contra gobernador Camacho - El Diario - Bolivia\",\"isPartOf\":{\"@id\":\"https:\\\/\\\/www.eldiario.net\\\/portal\\\/#website\"},\"primaryImageOfPage\":{\"@id\":\"https:\\\/\\\/www.eldiario.net\\\/portal\\\/2024\\\/03\\\/12\\\/rechazan-injerencia-del-gobierno-en-proceso-contra-gobernador-camacho\\\/#primaryimage\"},\"image\":{\"@id\":\"https:\\\/\\\/www.eldiario.net\\\/portal\\\/2024\\\/03\\\/12\\\/rechazan-injerencia-del-gobierno-en-proceso-contra-gobernador-camacho\\\/#primaryimage\"},\"thumbnailUrl\":\"https:\\\/\\\/www.eldiario.net\\\/portal\\\/wp-content\\\/uploads\\\/2024\\\/03\\\/INJERENCIA-MORENO.jpg\",\"datePublished\":\"2024-03-12T08:58:06+00:00\",\"breadcrumb\":{\"@id\":\"https:\\\/\\\/www.eldiario.net\\\/portal\\\/2024\\\/03\\\/12\\\/rechazan-injerencia-del-gobierno-en-proceso-contra-gobernador-camacho\\\/#breadcrumb\"},\"inLanguage\":\"es\",\"potentialAction\":[{\"@type\":\"ReadAction\",\"target\":[\"https:\\\/\\\/www.eldiario.net\\\/portal\\\/2024\\\/03\\\/12\\\/rechazan-injerencia-del-gobierno-en-proceso-contra-gobernador-camacho\\\/\"]}]},{\"@type\":\"ImageObject\",\"inLanguage\":\"es\",\"@id\":\"https:\\\/\\\/www.eldiario.net\\\/portal\\\/2024\\\/03\\\/12\\\/rechazan-injerencia-del-gobierno-en-proceso-contra-gobernador-camacho\\\/#primaryimage\",\"url\":\"https:\\\/\\\/www.eldiario.net\\\/portal\\\/wp-content\\\/uploads\\\/2024\\\/03\\\/INJERENCIA-MORENO.jpg\",\"contentUrl\":\"https:\\\/\\\/www.eldiario.net\\\/portal\\\/wp-content\\\/uploads\\\/2024\\\/03\\\/INJERENCIA-MORENO.jpg\",\"width\":768,\"height\":432,\"caption\":\"Diputada de Creemos, Khaline Moreno. CREDITOS \\\/ RRSS\"},{\"@type\":\"BreadcrumbList\",\"@id\":\"https:\\\/\\\/www.eldiario.net\\\/portal\\\/2024\\\/03\\\/12\\\/rechazan-injerencia-del-gobierno-en-proceso-contra-gobernador-camacho\\\/#breadcrumb\",\"itemListElement\":[{\"@type\":\"ListItem\",\"position\":1,\"name\":\"Portada\",\"item\":\"https:\\\/\\\/www.eldiario.net\\\/portal\\\/\"},{\"@type\":\"ListItem\",\"position\":2,\"name\":\"Rechazan injerencia del Gobierno en proceso contra gobernador Camacho\"}]},{\"@type\":\"WebSite\",\"@id\":\"https:\\\/\\\/www.eldiario.net\\\/portal\\\/#website\",\"url\":\"https:\\\/\\\/www.eldiario.net\\\/portal\\\/\",\"name\":\"El Diario - Decano de la prensa nacional\",\"description\":\"El Diario - Decano de la prensa nacional\",\"publisher\":{\"@id\":\"https:\\\/\\\/www.eldiario.net\\\/portal\\\/#organization\"},\"potentialAction\":[{\"@type\":\"SearchAction\",\"target\":{\"@type\":\"EntryPoint\",\"urlTemplate\":\"https:\\\/\\\/www.eldiario.net\\\/portal\\\/?s={search_term_string}\"},\"query-input\":{\"@type\":\"PropertyValueSpecification\",\"valueRequired\":true,\"valueName\":\"search_term_string\"}}],\"inLanguage\":\"es\"},{\"@type\":\"Organization\",\"@id\":\"https:\\\/\\\/www.eldiario.net\\\/portal\\\/#organization\",\"name\":\"El Diario - Decano de la prensa nacional\",\"url\":\"https:\\\/\\\/www.eldiario.net\\\/portal\\\/\",\"logo\":{\"@type\":\"ImageObject\",\"inLanguage\":\"es\",\"@id\":\"https:\\\/\\\/www.eldiario.net\\\/portal\\\/#\\\/schema\\\/logo\\\/image\\\/\",\"url\":\"https:\\\/\\\/www.eldiario.net\\\/portal\\\/wp-content\\\/uploads\\\/2023\\\/07\\\/logo_ED.jpg\",\"contentUrl\":\"https:\\\/\\\/www.eldiario.net\\\/portal\\\/wp-content\\\/uploads\\\/2023\\\/07\\\/logo_ED.jpg\",\"width\":272,\"height\":52,\"caption\":\"El Diario - Decano de la prensa nacional\"},\"image\":{\"@id\":\"https:\\\/\\\/www.eldiario.net\\\/portal\\\/#\\\/schema\\\/logo\\\/image\\\/\"},\"sameAs\":[\"https:\\\/\\\/www.facebook.com\\\/eldiario.bolivia\\\/\",\"https:\\\/\\\/x.com\\\/eldiario_net\"]},{\"@type\":\"Person\",\"@id\":\"https:\\\/\\\/www.eldiario.net\\\/portal\\\/#\\\/schema\\\/person\\\/2c57cf2b7a7ae032e449e4c9b1019eac\",\"name\":\"Jeanette\",\"image\":{\"@type\":\"ImageObject\",\"inLanguage\":\"es\",\"@id\":\"https:\\\/\\\/secure.gravatar.com\\\/avatar\\\/3ea2118a5f7dad2b7138b1187a6b7ee55f160b9968b66013c3a3ef39dd7e5798?s=96&d=mm&r=g\",\"url\":\"https:\\\/\\\/secure.gravatar.com\\\/avatar\\\/3ea2118a5f7dad2b7138b1187a6b7ee55f160b9968b66013c3a3ef39dd7e5798?s=96&d=mm&r=g\",\"contentUrl\":\"https:\\\/\\\/secure.gravatar.com\\\/avatar\\\/3ea2118a5f7dad2b7138b1187a6b7ee55f160b9968b66013c3a3ef39dd7e5798?s=96&d=mm&r=g\",\"caption\":\"Jeanette\"},\"sameAs\":[\"https:\\\/\\\/www.eldiario.net\\\/portal\"],\"url\":\"https:\\\/\\\/www.eldiario.net\\\/portal\\\/author\\\/jeanette\\\/\"}]}<\/script>\n<!-- \/ Yoast SEO plugin. -->","yoast_head_json":{"title":"Rechazan injerencia del Gobierno en proceso contra gobernador Camacho - El Diario - Bolivia","robots":{"index":"index","follow":"follow","max-snippet":"max-snippet:-1","max-image-preview":"max-image-preview:large","max-video-preview":"max-video-preview:-1"},"canonical":"https:\/\/www.eldiario.net\/portal\/2024\/03\/12\/rechazan-injerencia-del-gobierno-en-proceso-contra-gobernador-camacho\/","og_locale":"es_ES","og_type":"article","og_title":"Rechazan injerencia del Gobierno en proceso contra gobernador Camacho - El Diario - Bolivia","og_description":"Luego que autoridades descartaran el traslado del gobernador cruce\u00f1o, Fernando Camacho, a la ciudad de Santa Cruz de la Sierra para su audiencia de juicio oral por el caso \u00abdecretazo\u00bb, los legisladores de oposici\u00f3n condenaron una supuesta injerencia del Gobierno en este proceso y se\u00f1alan que estas acciones confirman la crisis de justicia por la [&hellip;]","og_url":"https:\/\/www.eldiario.net\/portal\/2024\/03\/12\/rechazan-injerencia-del-gobierno-en-proceso-contra-gobernador-camacho\/","og_site_name":"El Diario - Bolivia","article_publisher":"https:\/\/www.facebook.com\/eldiario.bolivia\/","article_published_time":"2024-03-12T08:58:06+00:00","og_image":[{"width":768,"height":432,"url":"https:\/\/www.eldiario.net\/portal\/wp-content\/uploads\/2024\/03\/INJERENCIA-MORENO.jpg","type":"image\/jpeg"}],"author":"Jeanette","twitter_card":"summary_large_image","twitter_creator":"@eldiario_net","twitter_site":"@eldiario_net","twitter_misc":{"Escrito por":"Jeanette","Tiempo de lectura":"2 minutos"},"schema":{"@context":"https:\/\/schema.org","@graph":[{"@type":"Article","@id":"https:\/\/www.eldiario.net\/portal\/2024\/03\/12\/rechazan-injerencia-del-gobierno-en-proceso-contra-gobernador-camacho\/#article","isPartOf":{"@id":"https:\/\/www.eldiario.net\/portal\/2024\/03\/12\/rechazan-injerencia-del-gobierno-en-proceso-contra-gobernador-camacho\/"},"author":{"name":"Jeanette","@id":"https:\/\/www.eldiario.net\/portal\/#\/schema\/person\/2c57cf2b7a7ae032e449e4c9b1019eac"},"headline":"Rechazan injerencia del Gobierno en proceso contra gobernador Camacho","datePublished":"2024-03-12T08:58:06+00:00","mainEntityOfPage":{"@id":"https:\/\/www.eldiario.net\/portal\/2024\/03\/12\/rechazan-injerencia-del-gobierno-en-proceso-contra-gobernador-camacho\/"},"wordCount":310,"commentCount":0,"publisher":{"@id":"https:\/\/www.eldiario.net\/portal\/#organization"},"image":{"@id":"https:\/\/www.eldiario.net\/portal\/2024\/03\/12\/rechazan-injerencia-del-gobierno-en-proceso-contra-gobernador-camacho\/#primaryimage"},"thumbnailUrl":"https:\/\/www.eldiario.net\/portal\/wp-content\/uploads\/2024\/03\/INJERENCIA-MORENO.jpg","articleSection":["Pol\u00edtica"],"inLanguage":"es","potentialAction":[{"@type":"CommentAction","name":"Comment","target":["https:\/\/www.eldiario.net\/portal\/2024\/03\/12\/rechazan-injerencia-del-gobierno-en-proceso-contra-gobernador-camacho\/#respond"]}]},{"@type":"WebPage","@id":"https:\/\/www.eldiario.net\/portal\/2024\/03\/12\/rechazan-injerencia-del-gobierno-en-proceso-contra-gobernador-camacho\/","url":"https:\/\/www.eldiario.net\/portal\/2024\/03\/12\/rechazan-injerencia-del-gobierno-en-proceso-contra-gobernador-camacho\/","name":"Rechazan injerencia del Gobierno en proceso contra gobernador Camacho - El Diario - Bolivia","isPartOf":{"@id":"https:\/\/www.eldiario.net\/portal\/#website"},"primaryImageOfPage":{"@id":"https:\/\/www.eldiario.net\/portal\/2024\/03\/12\/rechazan-injerencia-del-gobierno-en-proceso-contra-gobernador-camacho\/#primaryimage"},"image":{"@id":"https:\/\/www.eldiario.net\/portal\/2024\/03\/12\/rechazan-injerencia-del-gobierno-en-proceso-contra-gobernador-camacho\/#primaryimage"},"thumbnailUrl":"https:\/\/www.eldiario.net\/portal\/wp-content\/uploads\/2024\/03\/INJERENCIA-MORENO.jpg","datePublished":"2024-03-12T08:58:06+00:00","breadcrumb":{"@id":"https:\/\/www.eldiario.net\/portal\/2024\/03\/12\/rechazan-injerencia-del-gobierno-en-proceso-contra-gobernador-camacho\/#breadcrumb"},"inLanguage":"es","potentialAction":[{"@type":"ReadAction","target":["https:\/\/www.eldiario.net\/portal\/2024\/03\/12\/rechazan-injerencia-del-gobierno-en-proceso-contra-gobernador-camacho\/"]}]},{"@type":"ImageObject","inLanguage":"es","@id":"https:\/\/www.eldiario.net\/portal\/2024\/03\/12\/rechazan-injerencia-del-gobierno-en-proceso-contra-gobernador-camacho\/#primaryimage","url":"https:\/\/www.eldiario.net\/portal\/wp-content\/uploads\/2024\/03\/INJERENCIA-MORENO.jpg","contentUrl":"https:\/\/www.eldiario.net\/portal\/wp-content\/uploads\/2024\/03\/INJERENCIA-MORENO.jpg","width":768,"height":432,"caption":"Diputada de Creemos, Khaline Moreno. CREDITOS \/ RRSS"},{"@type":"BreadcrumbList","@id":"https:\/\/www.eldiario.net\/portal\/2024\/03\/12\/rechazan-injerencia-del-gobierno-en-proceso-contra-gobernador-camacho\/#breadcrumb","itemListElement":[{"@type":"ListItem","position":1,"name":"Portada","item":"https:\/\/www.eldiario.net\/portal\/"},{"@type":"ListItem","position":2,"name":"Rechazan injerencia del Gobierno en proceso contra gobernador Camacho"}]},{"@type":"WebSite","@id":"https:\/\/www.eldiario.net\/portal\/#website","url":"https:\/\/www.eldiario.net\/portal\/","name":"El Diario - Decano de la prensa nacional","description":"El Diario - Decano de la prensa nacional","publisher":{"@id":"https:\/\/www.eldiario.net\/portal\/#organization"},"potentialAction":[{"@type":"SearchAction","target":{"@type":"EntryPoint","urlTemplate":"https:\/\/www.eldiario.net\/portal\/?s={search_term_string}"},"query-input":{"@type":"PropertyValueSpecification","valueRequired":true,"valueName":"search_term_string"}}],"inLanguage":"es"},{"@type":"Organization","@id":"https:\/\/www.eldiario.net\/portal\/#organization","name":"El Diario - Decano de la prensa nacional","url":"https:\/\/www.eldiario.net\/portal\/","logo":{"@type":"ImageObject","inLanguage":"es","@id":"https:\/\/www.eldiario.net\/portal\/#\/schema\/logo\/image\/","url":"https:\/\/www.eldiario.net\/portal\/wp-content\/uploads\/2023\/07\/logo_ED.jpg","contentUrl":"https:\/\/www.eldiario.net\/portal\/wp-content\/uploads\/2023\/07\/logo_ED.jpg","width":272,"height":52,"caption":"El Diario - Decano de la prensa nacional"},"image":{"@id":"https:\/\/www.eldiario.net\/portal\/#\/schema\/logo\/image\/"},"sameAs":["https:\/\/www.facebook.com\/eldiario.bolivia\/","https:\/\/x.com\/eldiario_net"]},{"@type":"Person","@id":"https:\/\/www.eldiario.net\/portal\/#\/schema\/person\/2c57cf2b7a7ae032e449e4c9b1019eac","name":"Jeanette","image":{"@type":"ImageObject","inLanguage":"es","@id":"https:\/\/secure.gravatar.com\/avatar\/3ea2118a5f7dad2b7138b1187a6b7ee55f160b9968b66013c3a3ef39dd7e5798?s=96&d=mm&r=g","url":"https:\/\/secure.gravatar.com\/avatar\/3ea2118a5f7dad2b7138b1187a6b7ee55f160b9968b66013c3a3ef39dd7e5798?s=96&d=mm&r=g","contentUrl":"https:\/\/secure.gravatar.com\/avatar\/3ea2118a5f7dad2b7138b1187a6b7ee55f160b9968b66013c3a3ef39dd7e5798?s=96&d=mm&r=g","caption":"Jeanette"},"sameAs":["https:\/\/www.eldiario.net\/portal"],"url":"https:\/\/www.eldiario.net\/portal\/author\/jeanette\/"}]}},"_links":{"self":[{"href":"https:\/\/www.eldiario.net\/portal\/wp-json\/wp\/v2\/posts\/207744","targetHints":{"allow":["GET"]}}],"collection":[{"href":"https:\/\/www.eldiario.net\/portal\/wp-json\/wp\/v2\/posts"}],"about":[{"href":"https:\/\/www.eldiario.net\/portal\/wp-json\/wp\/v2\/types\/post"}],"author":[{"embeddable":true,"href":"https:\/\/www.eldiario.net\/portal\/wp-json\/wp\/v2\/users\/1"}],"replies":[{"embeddable":true,"href":"https:\/\/www.eldiario.net\/portal\/wp-json\/wp\/v2\/comments?post=207744"}],"version-history":[{"count":1,"href":"https:\/\/www.eldiario.net\/portal\/wp-json\/wp\/v2\/posts\/207744\/revisions"}],"predecessor-version":[{"id":207746,"href":"https:\/\/www.eldiario.net\/portal\/wp-json\/wp\/v2\/posts\/207744\/revisions\/207746"}],"wp:featuredmedia":[{"embeddable":true,"href":"https:\/\/www.eldiario.net\/portal\/wp-json\/wp\/v2\/media\/207745"}],"wp:attachment":[{"href":"https:\/\/www.eldiario.net\/portal\/wp-json\/wp\/v2\/media?parent=207744"}],"wp:term":[{"taxonomy":"category","embeddable":true,"href":"https:\/\/www.eldiario.net\/portal\/wp-json\/wp\/v2\/categories?post=207744"},{"taxonomy":"post_tag","embeddable":true,"href":"https:\/\/www.eldiario.net\/portal\/wp-json\/wp\/v2\/tags?post=207744"}],"curies":[{"name":"wp","href":"https:\/\/api.w.org\/{rel}","templated":true}]}}