{"id":207741,"date":"2024-03-12T04:57:24","date_gmt":"2024-03-12T08:57:24","guid":{"rendered":"https:\/\/www.eldiario.net\/portal\/?p=207741"},"modified":"2024-03-12T04:57:24","modified_gmt":"2024-03-12T08:57:24","slug":"la-democracia-y-la-patria-estan-por-encima-de-cualquier-caudillo","status":"publish","type":"post","link":"https:\/\/www.eldiario.net\/portal\/2024\/03\/12\/la-democracia-y-la-patria-estan-por-encima-de-cualquier-caudillo\/","title":{"rendered":"La democracia y la patria est\u00e1n  por encima de cualquier caudillo"},"content":{"rendered":"<p class=\"v1MsoNormal\">Respondiendo a las acusaciones en su contra por una supuesta falta de lealtad con su organizaci\u00f3n pol\u00edtica, el diputado por Comunidad Ciudadana (CC), Miguel Roca, sostuvo que la defensa de la democracia y los intereses de la patria est\u00e1n por delante de todo inter\u00e9s grupal o de un caudillismo \u00aben declive\u00bb.<\/p>\n<p class=\"v1MsoNormal\">Desde sus redes sociales, el asamble\u00edsta representante de la Sede de Gobierno sostuvo que gran parte de los asamble\u00edstas que en la actualidad ocupan un curul en el Parlamento fueron elegidos por el denominado \u00abvoto \u00fatil de oposici\u00f3n\u00bb, lo que significa que un importante porcentaje del electorado decidi\u00f3 apoyar una propuesta, la de Carlos Mesa.<\/p>\n<p class=\"v1MsoNormal\">En criterio de Roca, esa cualidad otorga el derecho de exigir una rendici\u00f3n de cuentas sobre todo lo que se hizo y se est\u00e1 haciendo con una lucha de a\u00f1os contra los abusos del \u00abmasismo\u00bb, as\u00ed como con el resultado del voto de millones de ciudadanos que respondieron al llamado del \u00abvoto \u00fatil\u00bb cuyo resultado es la actual bancada de Comunidad Ciudadana.<\/p>\n<p class=\"v1MsoNormal\">\u00abFue Carlos Mesa qui\u00e9n en octubre de 2003 nos ense\u00f1\u00f3 que la primera lealtad es con la patria, con el pueblo, con la democracia y con el voto de oposici\u00f3n que nos eligi\u00f3, no con el coyuntural jefe pol\u00edtico\u00bb, expres\u00f3 el asamble\u00edsta.<\/p>\n<p class=\"v1MsoNormal\">Sobre los cuestionamientos hacia su persona y su postura con relaci\u00f3n a l\u00ednea de la bancada de CC, Roca revel\u00f3 que durante tres a\u00f1os apel\u00f3 a la \u00abcr\u00edtica interna\u00bb sin obtener resultados positivos, por el contrario, lejos de mejorar, las cosas empeoraron.<\/p>\n<p class=\"v1MsoNormal\">El asamble\u00edsta de oposici\u00f3n finaliz\u00f3 puntualizando que los intereses de la patria y los valores democr\u00e1ticos deben estar por encima de todo caudillismo o intereses de grupo.<\/p>\n<p class=\"v1MsoNormal\">\u00abLa democracia y la patria est\u00e1n por delante de los intereses particulares de un caudillo en declive y su grupo de tirasacos. Ese es mi concepto s\u00f3lido e inequ\u00edvoco de lealtad, de responsabilidad y de integridad\u00bb, afirm\u00f3.<\/p>\n","protected":false},"excerpt":{"rendered":"<p>Respondiendo a las acusaciones en su contra por una supuesta falta de lealtad con su organizaci\u00f3n pol\u00edtica, el diputado por Comunidad Ciudadana (CC), Miguel Roca, sostuvo que la defensa de la democracia y los intereses de la patria est\u00e1n por delante de todo inter\u00e9s grupal o de un caudillismo \u00aben declive\u00bb. Desde sus redes sociales, [&hellip;]<\/p>\n","protected":false},"author":1,"featured_media":207742,"comment_status":"open","ping_status":"open","sticky":false,"template":"","format":"standard","meta":{"_acf_changed":false,"footnotes":""},"categories":[14],"tags":[],"class_list":["post-207741","post","type-post","status-publish","format-standard","has-post-thumbnail","category-politica"],"acf":{"antetitulo":"Diputado Miguel Roca"},"yoast_head":"<!-- This site is optimized with the Yoast SEO plugin v28.4 - https:\/\/yoast.com\/product\/yoast-seo-wordpress\/ -->\n<title>La democracia y la patria est\u00e1n por encima de cualquier caudillo - El Diario - Bolivia<\/title>\n<meta name=\"robots\" content=\"index, follow, max-snippet:-1, max-image-preview:large, max-video-preview:-1\" \/>\n<link rel=\"canonical\" href=\"https:\/\/www.eldiario.net\/portal\/2024\/03\/12\/la-democracia-y-la-patria-estan-por-encima-de-cualquier-caudillo\/\" \/>\n<meta property=\"og:locale\" content=\"es_ES\" \/>\n<meta property=\"og:type\" content=\"article\" \/>\n<meta property=\"og:title\" content=\"La democracia y la patria est\u00e1n por encima de cualquier caudillo - El Diario - Bolivia\" \/>\n<meta property=\"og:description\" content=\"Respondiendo a las acusaciones en su contra por una supuesta falta de lealtad con su organizaci\u00f3n pol\u00edtica, el diputado por Comunidad Ciudadana (CC), Miguel Roca, sostuvo que la defensa de la democracia y los intereses de la patria est\u00e1n por delante de todo inter\u00e9s grupal o de un caudillismo \u00aben declive\u00bb. Desde sus redes sociales, [&hellip;]\" \/>\n<meta property=\"og:url\" content=\"https:\/\/www.eldiario.net\/portal\/2024\/03\/12\/la-democracia-y-la-patria-estan-por-encima-de-cualquier-caudillo\/\" \/>\n<meta property=\"og:site_name\" content=\"El Diario - Bolivia\" \/>\n<meta property=\"article:publisher\" content=\"https:\/\/www.facebook.com\/eldiario.bolivia\/\" \/>\n<meta property=\"article:published_time\" content=\"2024-03-12T08:57:24+00:00\" \/>\n<meta property=\"og:image\" content=\"https:\/\/www.eldiario.net\/portal\/wp-content\/uploads\/2024\/03\/CAUDILLO-ROCA.jpg\" \/>\n\t<meta property=\"og:image:width\" content=\"600\" \/>\n\t<meta property=\"og:image:height\" content=\"338\" \/>\n\t<meta property=\"og:image:type\" content=\"image\/jpeg\" \/>\n<meta name=\"author\" content=\"Jeanette\" \/>\n<meta name=\"twitter:card\" content=\"summary_large_image\" \/>\n<meta name=\"twitter:creator\" content=\"@eldiario_net\" \/>\n<meta name=\"twitter:site\" content=\"@eldiario_net\" \/>\n<meta name=\"twitter:label1\" content=\"Escrito por\" \/>\n\t<meta name=\"twitter:data1\" content=\"Jeanette\" \/>\n\t<meta name=\"twitter:label2\" content=\"Tiempo de lectura\" \/>\n\t<meta name=\"twitter:data2\" content=\"2 minutos\" \/>\n<script type=\"application\/ld+json\" class=\"yoast-schema-graph\">{\"@context\":\"https:\\\/\\\/schema.org\",\"@graph\":[{\"@type\":\"Article\",\"@id\":\"https:\\\/\\\/www.eldiario.net\\\/portal\\\/2024\\\/03\\\/12\\\/la-democracia-y-la-patria-estan-por-encima-de-cualquier-caudillo\\\/#article\",\"isPartOf\":{\"@id\":\"https:\\\/\\\/www.eldiario.net\\\/portal\\\/2024\\\/03\\\/12\\\/la-democracia-y-la-patria-estan-por-encima-de-cualquier-caudillo\\\/\"},\"author\":{\"name\":\"Jeanette\",\"@id\":\"https:\\\/\\\/www.eldiario.net\\\/portal\\\/#\\\/schema\\\/person\\\/2c57cf2b7a7ae032e449e4c9b1019eac\"},\"headline\":\"La democracia y la patria est\u00e1n por encima de cualquier caudillo\",\"datePublished\":\"2024-03-12T08:57:24+00:00\",\"mainEntityOfPage\":{\"@id\":\"https:\\\/\\\/www.eldiario.net\\\/portal\\\/2024\\\/03\\\/12\\\/la-democracia-y-la-patria-estan-por-encima-de-cualquier-caudillo\\\/\"},\"wordCount\":350,\"commentCount\":0,\"publisher\":{\"@id\":\"https:\\\/\\\/www.eldiario.net\\\/portal\\\/#organization\"},\"image\":{\"@id\":\"https:\\\/\\\/www.eldiario.net\\\/portal\\\/2024\\\/03\\\/12\\\/la-democracia-y-la-patria-estan-por-encima-de-cualquier-caudillo\\\/#primaryimage\"},\"thumbnailUrl\":\"https:\\\/\\\/www.eldiario.net\\\/portal\\\/wp-content\\\/uploads\\\/2024\\\/03\\\/CAUDILLO-ROCA.jpg\",\"articleSection\":[\"Pol\u00edtica\"],\"inLanguage\":\"es\",\"potentialAction\":[{\"@type\":\"CommentAction\",\"name\":\"Comment\",\"target\":[\"https:\\\/\\\/www.eldiario.net\\\/portal\\\/2024\\\/03\\\/12\\\/la-democracia-y-la-patria-estan-por-encima-de-cualquier-caudillo\\\/#respond\"]}]},{\"@type\":\"WebPage\",\"@id\":\"https:\\\/\\\/www.eldiario.net\\\/portal\\\/2024\\\/03\\\/12\\\/la-democracia-y-la-patria-estan-por-encima-de-cualquier-caudillo\\\/\",\"url\":\"https:\\\/\\\/www.eldiario.net\\\/portal\\\/2024\\\/03\\\/12\\\/la-democracia-y-la-patria-estan-por-encima-de-cualquier-caudillo\\\/\",\"name\":\"La democracia y la patria est\u00e1n por encima de cualquier caudillo - El Diario - Bolivia\",\"isPartOf\":{\"@id\":\"https:\\\/\\\/www.eldiario.net\\\/portal\\\/#website\"},\"primaryImageOfPage\":{\"@id\":\"https:\\\/\\\/www.eldiario.net\\\/portal\\\/2024\\\/03\\\/12\\\/la-democracia-y-la-patria-estan-por-encima-de-cualquier-caudillo\\\/#primaryimage\"},\"image\":{\"@id\":\"https:\\\/\\\/www.eldiario.net\\\/portal\\\/2024\\\/03\\\/12\\\/la-democracia-y-la-patria-estan-por-encima-de-cualquier-caudillo\\\/#primaryimage\"},\"thumbnailUrl\":\"https:\\\/\\\/www.eldiario.net\\\/portal\\\/wp-content\\\/uploads\\\/2024\\\/03\\\/CAUDILLO-ROCA.jpg\",\"datePublished\":\"2024-03-12T08:57:24+00:00\",\"breadcrumb\":{\"@id\":\"https:\\\/\\\/www.eldiario.net\\\/portal\\\/2024\\\/03\\\/12\\\/la-democracia-y-la-patria-estan-por-encima-de-cualquier-caudillo\\\/#breadcrumb\"},\"inLanguage\":\"es\",\"potentialAction\":[{\"@type\":\"ReadAction\",\"target\":[\"https:\\\/\\\/www.eldiario.net\\\/portal\\\/2024\\\/03\\\/12\\\/la-democracia-y-la-patria-estan-por-encima-de-cualquier-caudillo\\\/\"]}]},{\"@type\":\"ImageObject\",\"inLanguage\":\"es\",\"@id\":\"https:\\\/\\\/www.eldiario.net\\\/portal\\\/2024\\\/03\\\/12\\\/la-democracia-y-la-patria-estan-por-encima-de-cualquier-caudillo\\\/#primaryimage\",\"url\":\"https:\\\/\\\/www.eldiario.net\\\/portal\\\/wp-content\\\/uploads\\\/2024\\\/03\\\/CAUDILLO-ROCA.jpg\",\"contentUrl\":\"https:\\\/\\\/www.eldiario.net\\\/portal\\\/wp-content\\\/uploads\\\/2024\\\/03\\\/CAUDILLO-ROCA.jpg\",\"width\":600,\"height\":338,\"caption\":\"Diputado de Comunidad Ciudadana, Miguel Roca. CR\u00c9DITOS \\\/ RRSS\"},{\"@type\":\"BreadcrumbList\",\"@id\":\"https:\\\/\\\/www.eldiario.net\\\/portal\\\/2024\\\/03\\\/12\\\/la-democracia-y-la-patria-estan-por-encima-de-cualquier-caudillo\\\/#breadcrumb\",\"itemListElement\":[{\"@type\":\"ListItem\",\"position\":1,\"name\":\"Portada\",\"item\":\"https:\\\/\\\/www.eldiario.net\\\/portal\\\/\"},{\"@type\":\"ListItem\",\"position\":2,\"name\":\"La democracia y la patria est\u00e1n por encima de cualquier caudillo\"}]},{\"@type\":\"WebSite\",\"@id\":\"https:\\\/\\\/www.eldiario.net\\\/portal\\\/#website\",\"url\":\"https:\\\/\\\/www.eldiario.net\\\/portal\\\/\",\"name\":\"El Diario - Decano de la prensa nacional\",\"description\":\"El Diario - Decano de la prensa nacional\",\"publisher\":{\"@id\":\"https:\\\/\\\/www.eldiario.net\\\/portal\\\/#organization\"},\"potentialAction\":[{\"@type\":\"SearchAction\",\"target\":{\"@type\":\"EntryPoint\",\"urlTemplate\":\"https:\\\/\\\/www.eldiario.net\\\/portal\\\/?s={search_term_string}\"},\"query-input\":{\"@type\":\"PropertyValueSpecification\",\"valueRequired\":true,\"valueName\":\"search_term_string\"}}],\"inLanguage\":\"es\"},{\"@type\":\"Organization\",\"@id\":\"https:\\\/\\\/www.eldiario.net\\\/portal\\\/#organization\",\"name\":\"El Diario - Decano de la prensa nacional\",\"url\":\"https:\\\/\\\/www.eldiario.net\\\/portal\\\/\",\"logo\":{\"@type\":\"ImageObject\",\"inLanguage\":\"es\",\"@id\":\"https:\\\/\\\/www.eldiario.net\\\/portal\\\/#\\\/schema\\\/logo\\\/image\\\/\",\"url\":\"https:\\\/\\\/www.eldiario.net\\\/portal\\\/wp-content\\\/uploads\\\/2023\\\/07\\\/logo_ED.jpg\",\"contentUrl\":\"https:\\\/\\\/www.eldiario.net\\\/portal\\\/wp-content\\\/uploads\\\/2023\\\/07\\\/logo_ED.jpg\",\"width\":272,\"height\":52,\"caption\":\"El Diario - Decano de la prensa nacional\"},\"image\":{\"@id\":\"https:\\\/\\\/www.eldiario.net\\\/portal\\\/#\\\/schema\\\/logo\\\/image\\\/\"},\"sameAs\":[\"https:\\\/\\\/www.facebook.com\\\/eldiario.bolivia\\\/\",\"https:\\\/\\\/x.com\\\/eldiario_net\"]},{\"@type\":\"Person\",\"@id\":\"https:\\\/\\\/www.eldiario.net\\\/portal\\\/#\\\/schema\\\/person\\\/2c57cf2b7a7ae032e449e4c9b1019eac\",\"name\":\"Jeanette\",\"image\":{\"@type\":\"ImageObject\",\"inLanguage\":\"es\",\"@id\":\"https:\\\/\\\/secure.gravatar.com\\\/avatar\\\/3ea2118a5f7dad2b7138b1187a6b7ee55f160b9968b66013c3a3ef39dd7e5798?s=96&d=mm&r=g\",\"url\":\"https:\\\/\\\/secure.gravatar.com\\\/avatar\\\/3ea2118a5f7dad2b7138b1187a6b7ee55f160b9968b66013c3a3ef39dd7e5798?s=96&d=mm&r=g\",\"contentUrl\":\"https:\\\/\\\/secure.gravatar.com\\\/avatar\\\/3ea2118a5f7dad2b7138b1187a6b7ee55f160b9968b66013c3a3ef39dd7e5798?s=96&d=mm&r=g\",\"caption\":\"Jeanette\"},\"sameAs\":[\"https:\\\/\\\/www.eldiario.net\\\/portal\"],\"url\":\"https:\\\/\\\/www.eldiario.net\\\/portal\\\/author\\\/jeanette\\\/\"}]}<\/script>\n<!-- \/ Yoast SEO plugin. -->","yoast_head_json":{"title":"La democracia y la patria est\u00e1n por encima de cualquier caudillo - El Diario - Bolivia","robots":{"index":"index","follow":"follow","max-snippet":"max-snippet:-1","max-image-preview":"max-image-preview:large","max-video-preview":"max-video-preview:-1"},"canonical":"https:\/\/www.eldiario.net\/portal\/2024\/03\/12\/la-democracia-y-la-patria-estan-por-encima-de-cualquier-caudillo\/","og_locale":"es_ES","og_type":"article","og_title":"La democracia y la patria est\u00e1n por encima de cualquier caudillo - El Diario - Bolivia","og_description":"Respondiendo a las acusaciones en su contra por una supuesta falta de lealtad con su organizaci\u00f3n pol\u00edtica, el diputado por Comunidad Ciudadana (CC), Miguel Roca, sostuvo que la defensa de la democracia y los intereses de la patria est\u00e1n por delante de todo inter\u00e9s grupal o de un caudillismo \u00aben declive\u00bb. Desde sus redes sociales, [&hellip;]","og_url":"https:\/\/www.eldiario.net\/portal\/2024\/03\/12\/la-democracia-y-la-patria-estan-por-encima-de-cualquier-caudillo\/","og_site_name":"El Diario - Bolivia","article_publisher":"https:\/\/www.facebook.com\/eldiario.bolivia\/","article_published_time":"2024-03-12T08:57:24+00:00","og_image":[{"width":600,"height":338,"url":"https:\/\/www.eldiario.net\/portal\/wp-content\/uploads\/2024\/03\/CAUDILLO-ROCA.jpg","type":"image\/jpeg"}],"author":"Jeanette","twitter_card":"summary_large_image","twitter_creator":"@eldiario_net","twitter_site":"@eldiario_net","twitter_misc":{"Escrito por":"Jeanette","Tiempo de lectura":"2 minutos"},"schema":{"@context":"https:\/\/schema.org","@graph":[{"@type":"Article","@id":"https:\/\/www.eldiario.net\/portal\/2024\/03\/12\/la-democracia-y-la-patria-estan-por-encima-de-cualquier-caudillo\/#article","isPartOf":{"@id":"https:\/\/www.eldiario.net\/portal\/2024\/03\/12\/la-democracia-y-la-patria-estan-por-encima-de-cualquier-caudillo\/"},"author":{"name":"Jeanette","@id":"https:\/\/www.eldiario.net\/portal\/#\/schema\/person\/2c57cf2b7a7ae032e449e4c9b1019eac"},"headline":"La democracia y la patria est\u00e1n por encima de cualquier caudillo","datePublished":"2024-03-12T08:57:24+00:00","mainEntityOfPage":{"@id":"https:\/\/www.eldiario.net\/portal\/2024\/03\/12\/la-democracia-y-la-patria-estan-por-encima-de-cualquier-caudillo\/"},"wordCount":350,"commentCount":0,"publisher":{"@id":"https:\/\/www.eldiario.net\/portal\/#organization"},"image":{"@id":"https:\/\/www.eldiario.net\/portal\/2024\/03\/12\/la-democracia-y-la-patria-estan-por-encima-de-cualquier-caudillo\/#primaryimage"},"thumbnailUrl":"https:\/\/www.eldiario.net\/portal\/wp-content\/uploads\/2024\/03\/CAUDILLO-ROCA.jpg","articleSection":["Pol\u00edtica"],"inLanguage":"es","potentialAction":[{"@type":"CommentAction","name":"Comment","target":["https:\/\/www.eldiario.net\/portal\/2024\/03\/12\/la-democracia-y-la-patria-estan-por-encima-de-cualquier-caudillo\/#respond"]}]},{"@type":"WebPage","@id":"https:\/\/www.eldiario.net\/portal\/2024\/03\/12\/la-democracia-y-la-patria-estan-por-encima-de-cualquier-caudillo\/","url":"https:\/\/www.eldiario.net\/portal\/2024\/03\/12\/la-democracia-y-la-patria-estan-por-encima-de-cualquier-caudillo\/","name":"La democracia y la patria est\u00e1n por encima de cualquier caudillo - El Diario - Bolivia","isPartOf":{"@id":"https:\/\/www.eldiario.net\/portal\/#website"},"primaryImageOfPage":{"@id":"https:\/\/www.eldiario.net\/portal\/2024\/03\/12\/la-democracia-y-la-patria-estan-por-encima-de-cualquier-caudillo\/#primaryimage"},"image":{"@id":"https:\/\/www.eldiario.net\/portal\/2024\/03\/12\/la-democracia-y-la-patria-estan-por-encima-de-cualquier-caudillo\/#primaryimage"},"thumbnailUrl":"https:\/\/www.eldiario.net\/portal\/wp-content\/uploads\/2024\/03\/CAUDILLO-ROCA.jpg","datePublished":"2024-03-12T08:57:24+00:00","breadcrumb":{"@id":"https:\/\/www.eldiario.net\/portal\/2024\/03\/12\/la-democracia-y-la-patria-estan-por-encima-de-cualquier-caudillo\/#breadcrumb"},"inLanguage":"es","potentialAction":[{"@type":"ReadAction","target":["https:\/\/www.eldiario.net\/portal\/2024\/03\/12\/la-democracia-y-la-patria-estan-por-encima-de-cualquier-caudillo\/"]}]},{"@type":"ImageObject","inLanguage":"es","@id":"https:\/\/www.eldiario.net\/portal\/2024\/03\/12\/la-democracia-y-la-patria-estan-por-encima-de-cualquier-caudillo\/#primaryimage","url":"https:\/\/www.eldiario.net\/portal\/wp-content\/uploads\/2024\/03\/CAUDILLO-ROCA.jpg","contentUrl":"https:\/\/www.eldiario.net\/portal\/wp-content\/uploads\/2024\/03\/CAUDILLO-ROCA.jpg","width":600,"height":338,"caption":"Diputado de Comunidad Ciudadana, Miguel Roca. CR\u00c9DITOS \/ RRSS"},{"@type":"BreadcrumbList","@id":"https:\/\/www.eldiario.net\/portal\/2024\/03\/12\/la-democracia-y-la-patria-estan-por-encima-de-cualquier-caudillo\/#breadcrumb","itemListElement":[{"@type":"ListItem","position":1,"name":"Portada","item":"https:\/\/www.eldiario.net\/portal\/"},{"@type":"ListItem","position":2,"name":"La democracia y la patria est\u00e1n por encima de cualquier caudillo"}]},{"@type":"WebSite","@id":"https:\/\/www.eldiario.net\/portal\/#website","url":"https:\/\/www.eldiario.net\/portal\/","name":"El Diario - Decano de la prensa nacional","description":"El Diario - Decano de la prensa nacional","publisher":{"@id":"https:\/\/www.eldiario.net\/portal\/#organization"},"potentialAction":[{"@type":"SearchAction","target":{"@type":"EntryPoint","urlTemplate":"https:\/\/www.eldiario.net\/portal\/?s={search_term_string}"},"query-input":{"@type":"PropertyValueSpecification","valueRequired":true,"valueName":"search_term_string"}}],"inLanguage":"es"},{"@type":"Organization","@id":"https:\/\/www.eldiario.net\/portal\/#organization","name":"El Diario - Decano de la prensa nacional","url":"https:\/\/www.eldiario.net\/portal\/","logo":{"@type":"ImageObject","inLanguage":"es","@id":"https:\/\/www.eldiario.net\/portal\/#\/schema\/logo\/image\/","url":"https:\/\/www.eldiario.net\/portal\/wp-content\/uploads\/2023\/07\/logo_ED.jpg","contentUrl":"https:\/\/www.eldiario.net\/portal\/wp-content\/uploads\/2023\/07\/logo_ED.jpg","width":272,"height":52,"caption":"El Diario - Decano de la prensa nacional"},"image":{"@id":"https:\/\/www.eldiario.net\/portal\/#\/schema\/logo\/image\/"},"sameAs":["https:\/\/www.facebook.com\/eldiario.bolivia\/","https:\/\/x.com\/eldiario_net"]},{"@type":"Person","@id":"https:\/\/www.eldiario.net\/portal\/#\/schema\/person\/2c57cf2b7a7ae032e449e4c9b1019eac","name":"Jeanette","image":{"@type":"ImageObject","inLanguage":"es","@id":"https:\/\/secure.gravatar.com\/avatar\/3ea2118a5f7dad2b7138b1187a6b7ee55f160b9968b66013c3a3ef39dd7e5798?s=96&d=mm&r=g","url":"https:\/\/secure.gravatar.com\/avatar\/3ea2118a5f7dad2b7138b1187a6b7ee55f160b9968b66013c3a3ef39dd7e5798?s=96&d=mm&r=g","contentUrl":"https:\/\/secure.gravatar.com\/avatar\/3ea2118a5f7dad2b7138b1187a6b7ee55f160b9968b66013c3a3ef39dd7e5798?s=96&d=mm&r=g","caption":"Jeanette"},"sameAs":["https:\/\/www.eldiario.net\/portal"],"url":"https:\/\/www.eldiario.net\/portal\/author\/jeanette\/"}]}},"_links":{"self":[{"href":"https:\/\/www.eldiario.net\/portal\/wp-json\/wp\/v2\/posts\/207741","targetHints":{"allow":["GET"]}}],"collection":[{"href":"https:\/\/www.eldiario.net\/portal\/wp-json\/wp\/v2\/posts"}],"about":[{"href":"https:\/\/www.eldiario.net\/portal\/wp-json\/wp\/v2\/types\/post"}],"author":[{"embeddable":true,"href":"https:\/\/www.eldiario.net\/portal\/wp-json\/wp\/v2\/users\/1"}],"replies":[{"embeddable":true,"href":"https:\/\/www.eldiario.net\/portal\/wp-json\/wp\/v2\/comments?post=207741"}],"version-history":[{"count":1,"href":"https:\/\/www.eldiario.net\/portal\/wp-json\/wp\/v2\/posts\/207741\/revisions"}],"predecessor-version":[{"id":207743,"href":"https:\/\/www.eldiario.net\/portal\/wp-json\/wp\/v2\/posts\/207741\/revisions\/207743"}],"wp:featuredmedia":[{"embeddable":true,"href":"https:\/\/www.eldiario.net\/portal\/wp-json\/wp\/v2\/media\/207742"}],"wp:attachment":[{"href":"https:\/\/www.eldiario.net\/portal\/wp-json\/wp\/v2\/media?parent=207741"}],"wp:term":[{"taxonomy":"category","embeddable":true,"href":"https:\/\/www.eldiario.net\/portal\/wp-json\/wp\/v2\/categories?post=207741"},{"taxonomy":"post_tag","embeddable":true,"href":"https:\/\/www.eldiario.net\/portal\/wp-json\/wp\/v2\/tags?post=207741"}],"curies":[{"name":"wp","href":"https:\/\/api.w.org\/{rel}","templated":true}]}}