{"id":207735,"date":"2024-03-12T04:54:54","date_gmt":"2024-03-12T08:54:54","guid":{"rendered":"https:\/\/www.eldiario.net\/portal\/?p=207735"},"modified":"2024-03-12T04:54:54","modified_gmt":"2024-03-12T08:54:54","slug":"ser-mujer-boliviana-y-periodista","status":"publish","type":"post","link":"https:\/\/www.eldiario.net\/portal\/2024\/03\/12\/ser-mujer-boliviana-y-periodista\/","title":{"rendered":"Ser mujer boliviana y periodista"},"content":{"rendered":"<p>El primer obst\u00e1culo para una periodista es ser mujer. Ser mujer y periodista en Bolivia y Latinoam\u00e9rica, es una lucha por la justicia y contra la opresi\u00f3n, uno de los grandes retos para la Democracia hoy. Es una profesi\u00f3n ingrata muchas veces, ellas son las que est\u00e1n sometidas a mayores riesgos y todav\u00eda tienen que defenderse de reg\u00edmenes opresores, que censuran constantemente este trabajo noble y educador. Desarrollan su trabajo en un ambiente hostil y machista, cosificadas constantemente, porque en este entorno machista, solo la inteligencia no basta.<\/p>\n<p>La seguridad de las mujeres periodistas en Bolivia, est\u00e1 en entredicho, pues muchas de ellas son objeto de acoso laboral y sexual y, sobre todo, sufren por inestabilidad laboral, que puede afectar muchas veces su salud psicosocial. La incorporaci\u00f3n de las mujeres al mundo del periodismo muchas veces resulta algo traum\u00e1tico, porque para muchas ser periodista y mujer en Bolivia es ir contra la corriente de viejas estructuras mal olientes. Muchas de ellas con valent\u00eda se atreven a interpelar al poder pol\u00edtico. La pol\u00edtica y la justicia, no son temas exclusivos y reservados para los hombres. Esa mentira perversa nos est\u00e1 haciendo mucho da\u00f1o.<\/p>\n<p>En Bolivia vivimos la \u00e9poca del empoderamiento femenino restringido, porque en el \u00e1mbito de la opini\u00f3n y los puestos directivos en los medios de comunicaci\u00f3n visuales y digitales, el papel de la mujer periodista es a\u00fan limitado. Los ataques contra mujeres periodistas en Bolivia, en el r\u00e9gimen pol\u00edtico actual, es cada vez m\u00e1s grande. La presi\u00f3n del poder pol\u00edtico, contra el periodismo libre, todav\u00eda es una constante. Los peligros de ser mujer, periodista y adem\u00e1s defensora de los derechos humanos en Bolivia, es una verdadera lucha, peor todav\u00eda para las que son activistas sociales, dado que no solo se enfrentan a la violencia de g\u00e9nero, sino tambi\u00e9n a la generada por el Estado, a trav\u00e9s de un gobierno que no mide las consecuencias de sus actos.<\/p>\n<p>A las mujeres todo terreno, que desempe\u00f1an la labor de periodistas va todo mi respeto y admiraci\u00f3n, porque cada d\u00eda en nuestra Bolivia aumenta la violencia y la impunidad. Amenazan con silenciar las voces de las mujeres, pero ellas son un hueso duro de roer, no se dejar\u00e1n intimidar por el poder de turno. Hay que romper los moldes establecidos, hay que romper las cadenas de la opresi\u00f3n, solo con libertad de expresi\u00f3n, y por m\u00e1s que sean el doble blanco de la violencia pol\u00edtica en Bolivia, su labor es m\u00e1s que encomiable.<\/p>\n<p>El derecho a informar y educar de las mujeres es libre, pero existe una intimidaci\u00f3n sistem\u00e1tica del poder pol\u00edtico, su objetivo es inculcar el miedo. Las mujeres periodistas en Bolivia quieren informar sin restricci\u00f3n y sin alg\u00fan tipo de censura. Pero mujeres periodistas bolivianas, una lucha termina, solo para continuar con la siguiente. Yo veo ese esfuerzo en ustedes, como uno solo y ese esfuerzo es por tener una Bolivia m\u00e1s democr\u00e1tica y libre. Veo en ustedes ser v\u00edctimas, de uno de los cr\u00edmenes m\u00e1s despiadados de la Dictadura vigente, que es la mordaza medi\u00e1tica.<\/p>\n<p>Los malos pol\u00edticos usan su poder para presionar a las periodistas a fin de que no tengan voz y no puedan tener ni las condiciones m\u00ednimas para poder hacer su trabajo de la manera m\u00e1s libre. No m\u00e1s, debemos acabar con esta injusticia, no debemos permitir que los malos pol\u00edticos, utilicen su poder en rincones oscuros y roscas de poder, donde acallar y asfixiar econ\u00f3micamente a la prensa libre es su obsesi\u00f3n. El mal pol\u00edtico abusa de su poder y de las leyes, para aterrorizar mediante iniciativas legislativas, que buscan coartar la libertad de expresi\u00f3n. La mujer periodista boliviana que no participa en esta lucha, est\u00e1 permitiendo y es c\u00f3mplice de esta injusticia. El gobierno desde el 2005, gast\u00f3 millones y millones de bolivianos, en propaganda y publicidad gubernamental, para que mediante este mecanismo pueda acallar las voces disidentes y contestatarias al r\u00e9gimen, pero carece de poder moral y valor moral, para hacer respetar los derechos de las periodistas en nuestro pa\u00eds.<\/p>\n<p>Debemos hacer una cruzada moral, para recuperar la libertad de expresi\u00f3n de las mujeres periodistas en Bolivia, ante autoridades gubernamentales corruptas, que solo quieren conservar sus privilegios.<\/p>\n<p>Los escuchamos decir que el trabajo del periodismo en Bolivia es seguro, que no demos un salto al vac\u00edo. Los escuchamos decir que nuestra lucha por m\u00e1s libertad de expresi\u00f3n es en vano. Los escuchamos decir que las periodistas en Bolivia, no merecen tener un pa\u00eds democr\u00e1tico y con libertad de expresi\u00f3n.<\/p>\n<p>Pero cada d\u00eda las mujeres periodistas bolivianas se levantan, como defensoras de los derechos humanos y la libertad de expresi\u00f3n. No solo han luchado por el derecho al periodismo libre, a tener informaci\u00f3n y condiciones para su trabajo, todos los d\u00edas ellas crean nueva energ\u00eda, que es m\u00e1s poderosa que la dictadura m\u00e1s fuerte. La energ\u00eda de las periodistas bolivianas, ilumina la gran oscuridad. Pero sabemos la verdad y continuaremos con ella hacia la libertad.<\/p>\n<p>&nbsp;<\/p>\n<p><em>Jhonny Vargas es Polit\u00f3logo y Docente de Postgrado.<\/em><\/p>\n","protected":false},"excerpt":{"rendered":"<p>El primer obst\u00e1culo para una periodista es ser mujer. Ser mujer y periodista en Bolivia y Latinoam\u00e9rica, es una lucha por la justicia y contra la opresi\u00f3n, uno de los grandes retos para la Democracia hoy. Es una profesi\u00f3n ingrata muchas veces, ellas son las que est\u00e1n sometidas a mayores riesgos y todav\u00eda tienen que [&hellip;]<\/p>\n","protected":false},"author":1,"featured_media":167347,"comment_status":"open","ping_status":"open","sticky":false,"template":"","format":"standard","meta":{"_acf_changed":false,"footnotes":""},"categories":[9],"tags":[],"class_list":["post-207735","post","type-post","status-publish","format-standard","has-post-thumbnail","category-opinion"],"acf":{"antetitulo":""},"yoast_head":"<!-- This site is optimized with the Yoast SEO plugin v28.4 - https:\/\/yoast.com\/product\/yoast-seo-wordpress\/ -->\n<title>Ser mujer boliviana y periodista - El Diario - Bolivia<\/title>\n<meta name=\"robots\" content=\"index, follow, max-snippet:-1, max-image-preview:large, max-video-preview:-1\" \/>\n<link rel=\"canonical\" href=\"https:\/\/www.eldiario.net\/portal\/2024\/03\/12\/ser-mujer-boliviana-y-periodista\/\" \/>\n<meta property=\"og:locale\" content=\"es_ES\" \/>\n<meta property=\"og:type\" content=\"article\" \/>\n<meta property=\"og:title\" content=\"Ser mujer boliviana y periodista - El Diario - Bolivia\" \/>\n<meta property=\"og:description\" content=\"El primer obst\u00e1culo para una periodista es ser mujer. Ser mujer y periodista en Bolivia y Latinoam\u00e9rica, es una lucha por la justicia y contra la opresi\u00f3n, uno de los grandes retos para la Democracia hoy. Es una profesi\u00f3n ingrata muchas veces, ellas son las que est\u00e1n sometidas a mayores riesgos y todav\u00eda tienen que [&hellip;]\" \/>\n<meta property=\"og:url\" content=\"https:\/\/www.eldiario.net\/portal\/2024\/03\/12\/ser-mujer-boliviana-y-periodista\/\" \/>\n<meta property=\"og:site_name\" content=\"El Diario - Bolivia\" \/>\n<meta property=\"article:publisher\" content=\"https:\/\/www.facebook.com\/eldiario.bolivia\/\" \/>\n<meta property=\"article:published_time\" content=\"2024-03-12T08:54:54+00:00\" \/>\n<meta property=\"og:image\" content=\"https:\/\/www.eldiario.net\/portal\/wp-content\/uploads\/2023\/07\/Jhonny-Vargas.jpg\" \/>\n\t<meta property=\"og:image:width\" content=\"1200\" \/>\n\t<meta property=\"og:image:height\" content=\"628\" \/>\n\t<meta property=\"og:image:type\" content=\"image\/jpeg\" \/>\n<meta name=\"author\" content=\"Jeanette\" \/>\n<meta name=\"twitter:card\" content=\"summary_large_image\" \/>\n<meta name=\"twitter:creator\" content=\"@eldiario_net\" \/>\n<meta name=\"twitter:site\" content=\"@eldiario_net\" \/>\n<meta name=\"twitter:label1\" content=\"Escrito por\" \/>\n\t<meta name=\"twitter:data1\" content=\"Jeanette\" \/>\n\t<meta name=\"twitter:label2\" content=\"Tiempo de lectura\" \/>\n\t<meta name=\"twitter:data2\" content=\"5 minutos\" \/>\n<script type=\"application\/ld+json\" class=\"yoast-schema-graph\">{\"@context\":\"https:\\\/\\\/schema.org\",\"@graph\":[{\"@type\":\"Article\",\"@id\":\"https:\\\/\\\/www.eldiario.net\\\/portal\\\/2024\\\/03\\\/12\\\/ser-mujer-boliviana-y-periodista\\\/#article\",\"isPartOf\":{\"@id\":\"https:\\\/\\\/www.eldiario.net\\\/portal\\\/2024\\\/03\\\/12\\\/ser-mujer-boliviana-y-periodista\\\/\"},\"author\":{\"name\":\"Jeanette\",\"@id\":\"https:\\\/\\\/www.eldiario.net\\\/portal\\\/#\\\/schema\\\/person\\\/2c57cf2b7a7ae032e449e4c9b1019eac\"},\"headline\":\"Ser mujer boliviana y periodista\",\"datePublished\":\"2024-03-12T08:54:54+00:00\",\"mainEntityOfPage\":{\"@id\":\"https:\\\/\\\/www.eldiario.net\\\/portal\\\/2024\\\/03\\\/12\\\/ser-mujer-boliviana-y-periodista\\\/\"},\"wordCount\":910,\"commentCount\":0,\"publisher\":{\"@id\":\"https:\\\/\\\/www.eldiario.net\\\/portal\\\/#organization\"},\"image\":{\"@id\":\"https:\\\/\\\/www.eldiario.net\\\/portal\\\/2024\\\/03\\\/12\\\/ser-mujer-boliviana-y-periodista\\\/#primaryimage\"},\"thumbnailUrl\":\"https:\\\/\\\/www.eldiario.net\\\/portal\\\/wp-content\\\/uploads\\\/2023\\\/07\\\/Jhonny-Vargas.jpg\",\"articleSection\":[\"Opini\u00f3n\"],\"inLanguage\":\"es\",\"potentialAction\":[{\"@type\":\"CommentAction\",\"name\":\"Comment\",\"target\":[\"https:\\\/\\\/www.eldiario.net\\\/portal\\\/2024\\\/03\\\/12\\\/ser-mujer-boliviana-y-periodista\\\/#respond\"]}]},{\"@type\":\"WebPage\",\"@id\":\"https:\\\/\\\/www.eldiario.net\\\/portal\\\/2024\\\/03\\\/12\\\/ser-mujer-boliviana-y-periodista\\\/\",\"url\":\"https:\\\/\\\/www.eldiario.net\\\/portal\\\/2024\\\/03\\\/12\\\/ser-mujer-boliviana-y-periodista\\\/\",\"name\":\"Ser mujer boliviana y periodista - El Diario - Bolivia\",\"isPartOf\":{\"@id\":\"https:\\\/\\\/www.eldiario.net\\\/portal\\\/#website\"},\"primaryImageOfPage\":{\"@id\":\"https:\\\/\\\/www.eldiario.net\\\/portal\\\/2024\\\/03\\\/12\\\/ser-mujer-boliviana-y-periodista\\\/#primaryimage\"},\"image\":{\"@id\":\"https:\\\/\\\/www.eldiario.net\\\/portal\\\/2024\\\/03\\\/12\\\/ser-mujer-boliviana-y-periodista\\\/#primaryimage\"},\"thumbnailUrl\":\"https:\\\/\\\/www.eldiario.net\\\/portal\\\/wp-content\\\/uploads\\\/2023\\\/07\\\/Jhonny-Vargas.jpg\",\"datePublished\":\"2024-03-12T08:54:54+00:00\",\"breadcrumb\":{\"@id\":\"https:\\\/\\\/www.eldiario.net\\\/portal\\\/2024\\\/03\\\/12\\\/ser-mujer-boliviana-y-periodista\\\/#breadcrumb\"},\"inLanguage\":\"es\",\"potentialAction\":[{\"@type\":\"ReadAction\",\"target\":[\"https:\\\/\\\/www.eldiario.net\\\/portal\\\/2024\\\/03\\\/12\\\/ser-mujer-boliviana-y-periodista\\\/\"]}]},{\"@type\":\"ImageObject\",\"inLanguage\":\"es\",\"@id\":\"https:\\\/\\\/www.eldiario.net\\\/portal\\\/2024\\\/03\\\/12\\\/ser-mujer-boliviana-y-periodista\\\/#primaryimage\",\"url\":\"https:\\\/\\\/www.eldiario.net\\\/portal\\\/wp-content\\\/uploads\\\/2023\\\/07\\\/Jhonny-Vargas.jpg\",\"contentUrl\":\"https:\\\/\\\/www.eldiario.net\\\/portal\\\/wp-content\\\/uploads\\\/2023\\\/07\\\/Jhonny-Vargas.jpg\",\"width\":1200,\"height\":628},{\"@type\":\"BreadcrumbList\",\"@id\":\"https:\\\/\\\/www.eldiario.net\\\/portal\\\/2024\\\/03\\\/12\\\/ser-mujer-boliviana-y-periodista\\\/#breadcrumb\",\"itemListElement\":[{\"@type\":\"ListItem\",\"position\":1,\"name\":\"Portada\",\"item\":\"https:\\\/\\\/www.eldiario.net\\\/portal\\\/\"},{\"@type\":\"ListItem\",\"position\":2,\"name\":\"Ser mujer boliviana y periodista\"}]},{\"@type\":\"WebSite\",\"@id\":\"https:\\\/\\\/www.eldiario.net\\\/portal\\\/#website\",\"url\":\"https:\\\/\\\/www.eldiario.net\\\/portal\\\/\",\"name\":\"El Diario - Decano de la prensa nacional\",\"description\":\"El Diario - Decano de la prensa nacional\",\"publisher\":{\"@id\":\"https:\\\/\\\/www.eldiario.net\\\/portal\\\/#organization\"},\"potentialAction\":[{\"@type\":\"SearchAction\",\"target\":{\"@type\":\"EntryPoint\",\"urlTemplate\":\"https:\\\/\\\/www.eldiario.net\\\/portal\\\/?s={search_term_string}\"},\"query-input\":{\"@type\":\"PropertyValueSpecification\",\"valueRequired\":true,\"valueName\":\"search_term_string\"}}],\"inLanguage\":\"es\"},{\"@type\":\"Organization\",\"@id\":\"https:\\\/\\\/www.eldiario.net\\\/portal\\\/#organization\",\"name\":\"El Diario - Decano de la prensa nacional\",\"url\":\"https:\\\/\\\/www.eldiario.net\\\/portal\\\/\",\"logo\":{\"@type\":\"ImageObject\",\"inLanguage\":\"es\",\"@id\":\"https:\\\/\\\/www.eldiario.net\\\/portal\\\/#\\\/schema\\\/logo\\\/image\\\/\",\"url\":\"https:\\\/\\\/www.eldiario.net\\\/portal\\\/wp-content\\\/uploads\\\/2023\\\/07\\\/logo_ED.jpg\",\"contentUrl\":\"https:\\\/\\\/www.eldiario.net\\\/portal\\\/wp-content\\\/uploads\\\/2023\\\/07\\\/logo_ED.jpg\",\"width\":272,\"height\":52,\"caption\":\"El Diario - Decano de la prensa nacional\"},\"image\":{\"@id\":\"https:\\\/\\\/www.eldiario.net\\\/portal\\\/#\\\/schema\\\/logo\\\/image\\\/\"},\"sameAs\":[\"https:\\\/\\\/www.facebook.com\\\/eldiario.bolivia\\\/\",\"https:\\\/\\\/x.com\\\/eldiario_net\"]},{\"@type\":\"Person\",\"@id\":\"https:\\\/\\\/www.eldiario.net\\\/portal\\\/#\\\/schema\\\/person\\\/2c57cf2b7a7ae032e449e4c9b1019eac\",\"name\":\"Jeanette\",\"image\":{\"@type\":\"ImageObject\",\"inLanguage\":\"es\",\"@id\":\"https:\\\/\\\/secure.gravatar.com\\\/avatar\\\/3ea2118a5f7dad2b7138b1187a6b7ee55f160b9968b66013c3a3ef39dd7e5798?s=96&d=mm&r=g\",\"url\":\"https:\\\/\\\/secure.gravatar.com\\\/avatar\\\/3ea2118a5f7dad2b7138b1187a6b7ee55f160b9968b66013c3a3ef39dd7e5798?s=96&d=mm&r=g\",\"contentUrl\":\"https:\\\/\\\/secure.gravatar.com\\\/avatar\\\/3ea2118a5f7dad2b7138b1187a6b7ee55f160b9968b66013c3a3ef39dd7e5798?s=96&d=mm&r=g\",\"caption\":\"Jeanette\"},\"sameAs\":[\"https:\\\/\\\/www.eldiario.net\\\/portal\"],\"url\":\"https:\\\/\\\/www.eldiario.net\\\/portal\\\/author\\\/jeanette\\\/\"}]}<\/script>\n<!-- \/ Yoast SEO plugin. -->","yoast_head_json":{"title":"Ser mujer boliviana y periodista - El Diario - Bolivia","robots":{"index":"index","follow":"follow","max-snippet":"max-snippet:-1","max-image-preview":"max-image-preview:large","max-video-preview":"max-video-preview:-1"},"canonical":"https:\/\/www.eldiario.net\/portal\/2024\/03\/12\/ser-mujer-boliviana-y-periodista\/","og_locale":"es_ES","og_type":"article","og_title":"Ser mujer boliviana y periodista - El Diario - Bolivia","og_description":"El primer obst\u00e1culo para una periodista es ser mujer. Ser mujer y periodista en Bolivia y Latinoam\u00e9rica, es una lucha por la justicia y contra la opresi\u00f3n, uno de los grandes retos para la Democracia hoy. Es una profesi\u00f3n ingrata muchas veces, ellas son las que est\u00e1n sometidas a mayores riesgos y todav\u00eda tienen que [&hellip;]","og_url":"https:\/\/www.eldiario.net\/portal\/2024\/03\/12\/ser-mujer-boliviana-y-periodista\/","og_site_name":"El Diario - Bolivia","article_publisher":"https:\/\/www.facebook.com\/eldiario.bolivia\/","article_published_time":"2024-03-12T08:54:54+00:00","og_image":[{"width":1200,"height":628,"url":"https:\/\/www.eldiario.net\/portal\/wp-content\/uploads\/2023\/07\/Jhonny-Vargas.jpg","type":"image\/jpeg"}],"author":"Jeanette","twitter_card":"summary_large_image","twitter_creator":"@eldiario_net","twitter_site":"@eldiario_net","twitter_misc":{"Escrito por":"Jeanette","Tiempo de lectura":"5 minutos"},"schema":{"@context":"https:\/\/schema.org","@graph":[{"@type":"Article","@id":"https:\/\/www.eldiario.net\/portal\/2024\/03\/12\/ser-mujer-boliviana-y-periodista\/#article","isPartOf":{"@id":"https:\/\/www.eldiario.net\/portal\/2024\/03\/12\/ser-mujer-boliviana-y-periodista\/"},"author":{"name":"Jeanette","@id":"https:\/\/www.eldiario.net\/portal\/#\/schema\/person\/2c57cf2b7a7ae032e449e4c9b1019eac"},"headline":"Ser mujer boliviana y periodista","datePublished":"2024-03-12T08:54:54+00:00","mainEntityOfPage":{"@id":"https:\/\/www.eldiario.net\/portal\/2024\/03\/12\/ser-mujer-boliviana-y-periodista\/"},"wordCount":910,"commentCount":0,"publisher":{"@id":"https:\/\/www.eldiario.net\/portal\/#organization"},"image":{"@id":"https:\/\/www.eldiario.net\/portal\/2024\/03\/12\/ser-mujer-boliviana-y-periodista\/#primaryimage"},"thumbnailUrl":"https:\/\/www.eldiario.net\/portal\/wp-content\/uploads\/2023\/07\/Jhonny-Vargas.jpg","articleSection":["Opini\u00f3n"],"inLanguage":"es","potentialAction":[{"@type":"CommentAction","name":"Comment","target":["https:\/\/www.eldiario.net\/portal\/2024\/03\/12\/ser-mujer-boliviana-y-periodista\/#respond"]}]},{"@type":"WebPage","@id":"https:\/\/www.eldiario.net\/portal\/2024\/03\/12\/ser-mujer-boliviana-y-periodista\/","url":"https:\/\/www.eldiario.net\/portal\/2024\/03\/12\/ser-mujer-boliviana-y-periodista\/","name":"Ser mujer boliviana y periodista - El Diario - Bolivia","isPartOf":{"@id":"https:\/\/www.eldiario.net\/portal\/#website"},"primaryImageOfPage":{"@id":"https:\/\/www.eldiario.net\/portal\/2024\/03\/12\/ser-mujer-boliviana-y-periodista\/#primaryimage"},"image":{"@id":"https:\/\/www.eldiario.net\/portal\/2024\/03\/12\/ser-mujer-boliviana-y-periodista\/#primaryimage"},"thumbnailUrl":"https:\/\/www.eldiario.net\/portal\/wp-content\/uploads\/2023\/07\/Jhonny-Vargas.jpg","datePublished":"2024-03-12T08:54:54+00:00","breadcrumb":{"@id":"https:\/\/www.eldiario.net\/portal\/2024\/03\/12\/ser-mujer-boliviana-y-periodista\/#breadcrumb"},"inLanguage":"es","potentialAction":[{"@type":"ReadAction","target":["https:\/\/www.eldiario.net\/portal\/2024\/03\/12\/ser-mujer-boliviana-y-periodista\/"]}]},{"@type":"ImageObject","inLanguage":"es","@id":"https:\/\/www.eldiario.net\/portal\/2024\/03\/12\/ser-mujer-boliviana-y-periodista\/#primaryimage","url":"https:\/\/www.eldiario.net\/portal\/wp-content\/uploads\/2023\/07\/Jhonny-Vargas.jpg","contentUrl":"https:\/\/www.eldiario.net\/portal\/wp-content\/uploads\/2023\/07\/Jhonny-Vargas.jpg","width":1200,"height":628},{"@type":"BreadcrumbList","@id":"https:\/\/www.eldiario.net\/portal\/2024\/03\/12\/ser-mujer-boliviana-y-periodista\/#breadcrumb","itemListElement":[{"@type":"ListItem","position":1,"name":"Portada","item":"https:\/\/www.eldiario.net\/portal\/"},{"@type":"ListItem","position":2,"name":"Ser mujer boliviana y periodista"}]},{"@type":"WebSite","@id":"https:\/\/www.eldiario.net\/portal\/#website","url":"https:\/\/www.eldiario.net\/portal\/","name":"El Diario - Decano de la prensa nacional","description":"El Diario - Decano de la prensa nacional","publisher":{"@id":"https:\/\/www.eldiario.net\/portal\/#organization"},"potentialAction":[{"@type":"SearchAction","target":{"@type":"EntryPoint","urlTemplate":"https:\/\/www.eldiario.net\/portal\/?s={search_term_string}"},"query-input":{"@type":"PropertyValueSpecification","valueRequired":true,"valueName":"search_term_string"}}],"inLanguage":"es"},{"@type":"Organization","@id":"https:\/\/www.eldiario.net\/portal\/#organization","name":"El Diario - Decano de la prensa nacional","url":"https:\/\/www.eldiario.net\/portal\/","logo":{"@type":"ImageObject","inLanguage":"es","@id":"https:\/\/www.eldiario.net\/portal\/#\/schema\/logo\/image\/","url":"https:\/\/www.eldiario.net\/portal\/wp-content\/uploads\/2023\/07\/logo_ED.jpg","contentUrl":"https:\/\/www.eldiario.net\/portal\/wp-content\/uploads\/2023\/07\/logo_ED.jpg","width":272,"height":52,"caption":"El Diario - Decano de la prensa nacional"},"image":{"@id":"https:\/\/www.eldiario.net\/portal\/#\/schema\/logo\/image\/"},"sameAs":["https:\/\/www.facebook.com\/eldiario.bolivia\/","https:\/\/x.com\/eldiario_net"]},{"@type":"Person","@id":"https:\/\/www.eldiario.net\/portal\/#\/schema\/person\/2c57cf2b7a7ae032e449e4c9b1019eac","name":"Jeanette","image":{"@type":"ImageObject","inLanguage":"es","@id":"https:\/\/secure.gravatar.com\/avatar\/3ea2118a5f7dad2b7138b1187a6b7ee55f160b9968b66013c3a3ef39dd7e5798?s=96&d=mm&r=g","url":"https:\/\/secure.gravatar.com\/avatar\/3ea2118a5f7dad2b7138b1187a6b7ee55f160b9968b66013c3a3ef39dd7e5798?s=96&d=mm&r=g","contentUrl":"https:\/\/secure.gravatar.com\/avatar\/3ea2118a5f7dad2b7138b1187a6b7ee55f160b9968b66013c3a3ef39dd7e5798?s=96&d=mm&r=g","caption":"Jeanette"},"sameAs":["https:\/\/www.eldiario.net\/portal"],"url":"https:\/\/www.eldiario.net\/portal\/author\/jeanette\/"}]}},"_links":{"self":[{"href":"https:\/\/www.eldiario.net\/portal\/wp-json\/wp\/v2\/posts\/207735","targetHints":{"allow":["GET"]}}],"collection":[{"href":"https:\/\/www.eldiario.net\/portal\/wp-json\/wp\/v2\/posts"}],"about":[{"href":"https:\/\/www.eldiario.net\/portal\/wp-json\/wp\/v2\/types\/post"}],"author":[{"embeddable":true,"href":"https:\/\/www.eldiario.net\/portal\/wp-json\/wp\/v2\/users\/1"}],"replies":[{"embeddable":true,"href":"https:\/\/www.eldiario.net\/portal\/wp-json\/wp\/v2\/comments?post=207735"}],"version-history":[{"count":1,"href":"https:\/\/www.eldiario.net\/portal\/wp-json\/wp\/v2\/posts\/207735\/revisions"}],"predecessor-version":[{"id":207736,"href":"https:\/\/www.eldiario.net\/portal\/wp-json\/wp\/v2\/posts\/207735\/revisions\/207736"}],"wp:featuredmedia":[{"embeddable":true,"href":"https:\/\/www.eldiario.net\/portal\/wp-json\/wp\/v2\/media\/167347"}],"wp:attachment":[{"href":"https:\/\/www.eldiario.net\/portal\/wp-json\/wp\/v2\/media?parent=207735"}],"wp:term":[{"taxonomy":"category","embeddable":true,"href":"https:\/\/www.eldiario.net\/portal\/wp-json\/wp\/v2\/categories?post=207735"},{"taxonomy":"post_tag","embeddable":true,"href":"https:\/\/www.eldiario.net\/portal\/wp-json\/wp\/v2\/tags?post=207735"}],"curies":[{"name":"wp","href":"https:\/\/api.w.org\/{rel}","templated":true}]}}