{"id":207733,"date":"2024-03-12T04:52:25","date_gmt":"2024-03-12T08:52:25","guid":{"rendered":"https:\/\/www.eldiario.net\/portal\/?p=207733"},"modified":"2024-03-12T04:52:25","modified_gmt":"2024-03-12T08:52:25","slug":"necesidad-de-modernizar-la-legislacion-laboral","status":"publish","type":"post","link":"https:\/\/www.eldiario.net\/portal\/2024\/03\/12\/necesidad-de-modernizar-la-legislacion-laboral\/","title":{"rendered":"Necesidad de modernizar la legislaci\u00f3n laboral"},"content":{"rendered":"<p>El derecho del trabajo y su procedimiento tienen por objeto la protecci\u00f3n a trabajadoras y trabajadores, como lo establecen la Constituci\u00f3n Pol\u00edtica del Estado (CPE), la doctrina y la legislaci\u00f3n laboral. Sin embargo, esta protecci\u00f3n en el presente se hace muy dif\u00edcil sino inalcanzable, debido a diversos factores, que son profundamente sentidos y motivo de reclamos por los trabajadores.<\/p>\n<p>Este 24 de mayo de 2024 se cumplir\u00e1n 85 a\u00f1os desde que se dict\u00f3 el C\u00f3digo del Trabajo, (por Germ\u00e1n Busch), que el 8 de diciembre de 1942 fue elevado a rango de ley y que hoy se conoce como Ley General del Trabajo (LGT).<\/p>\n<p>Al presente existen m\u00e1s de 2.500 normas jur\u00eddicas abrogatorias, derogatorias y modificatorias de dicha LGT, a raz\u00f3n de 25 por a\u00f1o. Este problema se agudiza si se tiene en cuenta que el Tribunal Constitucional Plurinacional cotidianamente est\u00e1 modulando y estableciendo nuevos par\u00e1metros para interpretar y aplicar la LGT.<\/p>\n<p>El inconveniente debe ser entendido en toda su extensi\u00f3n. Hoy estamos hablando de Legislaci\u00f3n Laboral Boliviana (LLB), que comprende no s\u00f3lo a la LGT, sino tambi\u00e9n a su decreto supremo reglamentario, al C\u00f3digo Procesal del Trabajo y la mencionada infinidad de normas jur\u00eddicas laborales vigentes.<\/p>\n<p>Por lo que tenemos una LGT anacr\u00f3nica, no importa si en \u00faltima instancia estemos refiri\u00e9ndonos a la LLB que es lo actual y vigente, puesto que adem\u00e1s vivimos hoy en un mundo tan distinto, en el cual tecnolog\u00edas de informaci\u00f3n y comunicaci\u00f3n, as\u00ed como su aplicaci\u00f3n a los distintos sectores de la producci\u00f3n y servicios, como la rob\u00f3tica y automatizaci\u00f3n de unidades productivas enteras, hacen que el universo del trabajo sea muy diferente al de algunos a\u00f1os atr\u00e1s. Lo propio respecto a nuevas modalidades de gesti\u00f3n empresarial, cuya propiedad o responsabilidad legal se complejiza por la reorganizaci\u00f3n y los velos comerciales, sin contar los entramados de empresas mixtas en las cuales el Estado en sus diferentes niveles, central y subnacionales, participa con inclusi\u00f3n de normativa administrativa fiscal que implica una especial interpretaci\u00f3n y aplicaci\u00f3n de la normativa laboral. Sin contar la enorme cantidad de relaciones laborales sumergidas en la econom\u00eda informal, que es imperioso superar.<\/p>\n<p>No sirve de mucho seguir dictando leyes, decretos supremos y resoluciones ministeriales, esta pr\u00e1ctica lo \u00fanico que hace es incrementar el n\u00famero de normas que deben convivir e interconectarse con inmenso resto existente. Pero, adem\u00e1s, para materializarse deben ser tramitadas en la v\u00eda administrativa del Ministerio del Trabajo, Empleo y Previsi\u00f3n Social o en la v\u00eda jurisdiccional de los juzgados de Trabajo y Seguridad Social. Esta materializaci\u00f3n, que es el proceso laboral, no obtiene los resultados esperados de protecci\u00f3n, porque la parte empleadora tiene a su alcance un inmenso arsenal jur\u00eddico procesal, mediante el cual puede neutralizar los efectos de una legislaci\u00f3n de orientaci\u00f3n ben\u00e9fica a las trabajadoras y trabajadores. Peor a\u00fan, a pesar de todos los esfuerzos para dignificar la administraci\u00f3n de justicia, los trabajadores y usuarios de los servicios judiciales perciben que todav\u00eda existen juezas y jueces que incurren en retardaci\u00f3n judicial o corrupci\u00f3n, que les estar\u00edan ocasionando graves perjuicios, lo cual es motivo de recurrentes quejas y denuncias.<\/p>\n<p>Por otra parte, el derecho en general tiene que garantizar la seguridad jur\u00eddica de la poblaci\u00f3n y de las partes, as\u00ed como la armon\u00eda y paz social, demostrando elevados niveles de justicia y equidad. Estos valores, no se est\u00e1n cumpliendo. Los empleadores resienten una legislaci\u00f3n, seg\u00fan ellos, sobreprotectora a los trabajadores y se defienden arduamente en los tribunales, pero en fin de cuentas s\u00f3lo consiguen neutralizar las denuncias o demandas laborales, quedando los procesos pendientes por largos a\u00f1os y sin finalizar. De tal manera que se \u201ceternizan\u201d los embargos y anotaciones preventivas u otras medidas precautorias y de seguridad (cautelares) aplicadas en los juzgados por solicitud de los trabajadores, existiendo siempre la posibilidad de que esos procesos se destraben y concluyan con altos costos para las empresas.<\/p>\n<p>T\u00e9ngase en cuenta que los costos procesales de un proceso laboral administrativo o judicial son alt\u00edsimos, por tanto, la onerosidad en esfuerzo, tiempo y dinero, agota a las partes. Tanto el empleador como el trabajador, necesitan reglas claras del juego para poder planificar sus actividades y, en caso de litigio, resolver r\u00e1pidamente los procesos. Ambos necesitan sentencias ejecutoriadas casi inmediatas, que les aclaren sus derechos y obligaciones.<\/p>\n<p>Por tanto, la soluci\u00f3n debe ser integral, para tal efecto existen dos opciones.<\/p>\n<p>La primera es inmediata y relativamente f\u00e1cil de implementar, mediante un Ordenamiento de la Legislaci\u00f3n Laboral Boliviana, bajo los principios del derecho del trabajo, eliminando las contradicciones entre normas y dejando sin efecto aquellas que no tienen sentido en una legislaci\u00f3n moderna, obteniendo como resultado un texto legal que incluya la normativa vigente debidamente jerarquizada, organizada y ordenada. Con lo cual se cierra la opci\u00f3n a la recurrente invocaci\u00f3n de normas totalmente desfasadas de la realidad, que se suelen utilizar para obstruir la aplicaci\u00f3n de la normativa.<\/p>\n<p>La segunda a mediano plazo, es la aprobaci\u00f3n de una nueva LGT y su procedimiento que, partiendo de las grandes adquisiciones hist\u00f3ricas en la materia, incorporadas en gran medida en la CPE, constituyan un nuevo C\u00f3digo del Trabajo y Procedimiento Laboral, teniendo en cuenta que en la actualidad existen todas las condiciones necesarias para avanzar en este trabajo.<\/p>\n<p>Debido a las caracter\u00edsticas estructurales y s\u00faper estructurales de nuestro pa\u00eds, contempladas en la CPE, es necesario incidir en lo plurinacional, para tal efecto la LGT fue pionera cuando incorpor\u00f3 en su art\u00edculo 6, la interpretaci\u00f3n de los contratos seg\u00fan de usos y costumbres de la localidad, lo que en el momento actual es fundamental conforme a la jurisprudencia que sobre el derecho ind\u00edgena originario campesino ha venido dictando el Tribunal Constitucional Plurinacional.<\/p>\n<p>La problem\u00e1tica de lo laboral es muy compleja y dif\u00edcil de abordar en un art\u00edculo, sin embargo, considero que las pautas planteadas ayudar\u00edan grandemente a su soluci\u00f3n.<\/p>\n<p>&nbsp;<\/p>\n<p><em>La autora es Abg. M.Sc.<\/em><\/p>\n","protected":false},"excerpt":{"rendered":"<p>El derecho del trabajo y su procedimiento tienen por objeto la protecci\u00f3n a trabajadoras y trabajadores, como lo establecen la Constituci\u00f3n Pol\u00edtica del Estado (CPE), la doctrina y la legislaci\u00f3n laboral. Sin embargo, esta protecci\u00f3n en el presente se hace muy dif\u00edcil sino inalcanzable, debido a diversos factores, que son profundamente sentidos y motivo de [&hellip;]<\/p>\n","protected":false},"author":1,"featured_media":194790,"comment_status":"open","ping_status":"open","sticky":false,"template":"","format":"standard","meta":{"_acf_changed":false,"footnotes":""},"categories":[9],"tags":[],"class_list":["post-207733","post","type-post","status-publish","format-standard","has-post-thumbnail","category-opinion"],"acf":{"antetitulo":""},"yoast_head":"<!-- This site is optimized with the Yoast SEO plugin v28.4 - https:\/\/yoast.com\/product\/yoast-seo-wordpress\/ -->\n<title>Necesidad de modernizar la legislaci\u00f3n laboral - El Diario - Bolivia<\/title>\n<meta name=\"robots\" content=\"index, follow, max-snippet:-1, max-image-preview:large, max-video-preview:-1\" \/>\n<link rel=\"canonical\" href=\"https:\/\/www.eldiario.net\/portal\/2024\/03\/12\/necesidad-de-modernizar-la-legislacion-laboral\/\" \/>\n<meta property=\"og:locale\" content=\"es_ES\" \/>\n<meta property=\"og:type\" content=\"article\" \/>\n<meta property=\"og:title\" content=\"Necesidad de modernizar la legislaci\u00f3n laboral - El Diario - Bolivia\" \/>\n<meta property=\"og:description\" content=\"El derecho del trabajo y su procedimiento tienen por objeto la protecci\u00f3n a trabajadoras y trabajadores, como lo establecen la Constituci\u00f3n Pol\u00edtica del Estado (CPE), la doctrina y la legislaci\u00f3n laboral. Sin embargo, esta protecci\u00f3n en el presente se hace muy dif\u00edcil sino inalcanzable, debido a diversos factores, que son profundamente sentidos y motivo de [&hellip;]\" \/>\n<meta property=\"og:url\" content=\"https:\/\/www.eldiario.net\/portal\/2024\/03\/12\/necesidad-de-modernizar-la-legislacion-laboral\/\" \/>\n<meta property=\"og:site_name\" content=\"El Diario - Bolivia\" \/>\n<meta property=\"article:publisher\" content=\"https:\/\/www.facebook.com\/eldiario.bolivia\/\" \/>\n<meta property=\"article:published_time\" content=\"2024-03-12T08:52:25+00:00\" \/>\n<meta property=\"og:image\" content=\"https:\/\/www.eldiario.net\/portal\/wp-content\/uploads\/2023\/12\/Opinion.jpg\" \/>\n\t<meta property=\"og:image:width\" content=\"800\" \/>\n\t<meta property=\"og:image:height\" content=\"500\" \/>\n\t<meta property=\"og:image:type\" content=\"image\/jpeg\" \/>\n<meta name=\"author\" content=\"Jeanette\" \/>\n<meta name=\"twitter:card\" content=\"summary_large_image\" \/>\n<meta name=\"twitter:creator\" content=\"@eldiario_net\" \/>\n<meta name=\"twitter:site\" content=\"@eldiario_net\" \/>\n<meta name=\"twitter:label1\" content=\"Escrito por\" \/>\n\t<meta name=\"twitter:data1\" content=\"Jeanette\" \/>\n\t<meta name=\"twitter:label2\" content=\"Tiempo de lectura\" \/>\n\t<meta name=\"twitter:data2\" content=\"5 minutos\" \/>\n<script type=\"application\/ld+json\" class=\"yoast-schema-graph\">{\"@context\":\"https:\\\/\\\/schema.org\",\"@graph\":[{\"@type\":\"Article\",\"@id\":\"https:\\\/\\\/www.eldiario.net\\\/portal\\\/2024\\\/03\\\/12\\\/necesidad-de-modernizar-la-legislacion-laboral\\\/#article\",\"isPartOf\":{\"@id\":\"https:\\\/\\\/www.eldiario.net\\\/portal\\\/2024\\\/03\\\/12\\\/necesidad-de-modernizar-la-legislacion-laboral\\\/\"},\"author\":{\"name\":\"Jeanette\",\"@id\":\"https:\\\/\\\/www.eldiario.net\\\/portal\\\/#\\\/schema\\\/person\\\/2c57cf2b7a7ae032e449e4c9b1019eac\"},\"headline\":\"Necesidad de modernizar la legislaci\u00f3n laboral\",\"datePublished\":\"2024-03-12T08:52:25+00:00\",\"mainEntityOfPage\":{\"@id\":\"https:\\\/\\\/www.eldiario.net\\\/portal\\\/2024\\\/03\\\/12\\\/necesidad-de-modernizar-la-legislacion-laboral\\\/\"},\"wordCount\":1061,\"commentCount\":0,\"publisher\":{\"@id\":\"https:\\\/\\\/www.eldiario.net\\\/portal\\\/#organization\"},\"image\":{\"@id\":\"https:\\\/\\\/www.eldiario.net\\\/portal\\\/2024\\\/03\\\/12\\\/necesidad-de-modernizar-la-legislacion-laboral\\\/#primaryimage\"},\"thumbnailUrl\":\"https:\\\/\\\/www.eldiario.net\\\/portal\\\/wp-content\\\/uploads\\\/2023\\\/12\\\/Opinion.jpg\",\"articleSection\":[\"Opini\u00f3n\"],\"inLanguage\":\"es\",\"potentialAction\":[{\"@type\":\"CommentAction\",\"name\":\"Comment\",\"target\":[\"https:\\\/\\\/www.eldiario.net\\\/portal\\\/2024\\\/03\\\/12\\\/necesidad-de-modernizar-la-legislacion-laboral\\\/#respond\"]}]},{\"@type\":\"WebPage\",\"@id\":\"https:\\\/\\\/www.eldiario.net\\\/portal\\\/2024\\\/03\\\/12\\\/necesidad-de-modernizar-la-legislacion-laboral\\\/\",\"url\":\"https:\\\/\\\/www.eldiario.net\\\/portal\\\/2024\\\/03\\\/12\\\/necesidad-de-modernizar-la-legislacion-laboral\\\/\",\"name\":\"Necesidad de modernizar la legislaci\u00f3n laboral - El Diario - Bolivia\",\"isPartOf\":{\"@id\":\"https:\\\/\\\/www.eldiario.net\\\/portal\\\/#website\"},\"primaryImageOfPage\":{\"@id\":\"https:\\\/\\\/www.eldiario.net\\\/portal\\\/2024\\\/03\\\/12\\\/necesidad-de-modernizar-la-legislacion-laboral\\\/#primaryimage\"},\"image\":{\"@id\":\"https:\\\/\\\/www.eldiario.net\\\/portal\\\/2024\\\/03\\\/12\\\/necesidad-de-modernizar-la-legislacion-laboral\\\/#primaryimage\"},\"thumbnailUrl\":\"https:\\\/\\\/www.eldiario.net\\\/portal\\\/wp-content\\\/uploads\\\/2023\\\/12\\\/Opinion.jpg\",\"datePublished\":\"2024-03-12T08:52:25+00:00\",\"breadcrumb\":{\"@id\":\"https:\\\/\\\/www.eldiario.net\\\/portal\\\/2024\\\/03\\\/12\\\/necesidad-de-modernizar-la-legislacion-laboral\\\/#breadcrumb\"},\"inLanguage\":\"es\",\"potentialAction\":[{\"@type\":\"ReadAction\",\"target\":[\"https:\\\/\\\/www.eldiario.net\\\/portal\\\/2024\\\/03\\\/12\\\/necesidad-de-modernizar-la-legislacion-laboral\\\/\"]}]},{\"@type\":\"ImageObject\",\"inLanguage\":\"es\",\"@id\":\"https:\\\/\\\/www.eldiario.net\\\/portal\\\/2024\\\/03\\\/12\\\/necesidad-de-modernizar-la-legislacion-laboral\\\/#primaryimage\",\"url\":\"https:\\\/\\\/www.eldiario.net\\\/portal\\\/wp-content\\\/uploads\\\/2023\\\/12\\\/Opinion.jpg\",\"contentUrl\":\"https:\\\/\\\/www.eldiario.net\\\/portal\\\/wp-content\\\/uploads\\\/2023\\\/12\\\/Opinion.jpg\",\"width\":800,\"height\":500},{\"@type\":\"BreadcrumbList\",\"@id\":\"https:\\\/\\\/www.eldiario.net\\\/portal\\\/2024\\\/03\\\/12\\\/necesidad-de-modernizar-la-legislacion-laboral\\\/#breadcrumb\",\"itemListElement\":[{\"@type\":\"ListItem\",\"position\":1,\"name\":\"Portada\",\"item\":\"https:\\\/\\\/www.eldiario.net\\\/portal\\\/\"},{\"@type\":\"ListItem\",\"position\":2,\"name\":\"Necesidad de modernizar la legislaci\u00f3n laboral\"}]},{\"@type\":\"WebSite\",\"@id\":\"https:\\\/\\\/www.eldiario.net\\\/portal\\\/#website\",\"url\":\"https:\\\/\\\/www.eldiario.net\\\/portal\\\/\",\"name\":\"El Diario - Decano de la prensa nacional\",\"description\":\"El Diario - Decano de la prensa nacional\",\"publisher\":{\"@id\":\"https:\\\/\\\/www.eldiario.net\\\/portal\\\/#organization\"},\"potentialAction\":[{\"@type\":\"SearchAction\",\"target\":{\"@type\":\"EntryPoint\",\"urlTemplate\":\"https:\\\/\\\/www.eldiario.net\\\/portal\\\/?s={search_term_string}\"},\"query-input\":{\"@type\":\"PropertyValueSpecification\",\"valueRequired\":true,\"valueName\":\"search_term_string\"}}],\"inLanguage\":\"es\"},{\"@type\":\"Organization\",\"@id\":\"https:\\\/\\\/www.eldiario.net\\\/portal\\\/#organization\",\"name\":\"El Diario - Decano de la prensa nacional\",\"url\":\"https:\\\/\\\/www.eldiario.net\\\/portal\\\/\",\"logo\":{\"@type\":\"ImageObject\",\"inLanguage\":\"es\",\"@id\":\"https:\\\/\\\/www.eldiario.net\\\/portal\\\/#\\\/schema\\\/logo\\\/image\\\/\",\"url\":\"https:\\\/\\\/www.eldiario.net\\\/portal\\\/wp-content\\\/uploads\\\/2023\\\/07\\\/logo_ED.jpg\",\"contentUrl\":\"https:\\\/\\\/www.eldiario.net\\\/portal\\\/wp-content\\\/uploads\\\/2023\\\/07\\\/logo_ED.jpg\",\"width\":272,\"height\":52,\"caption\":\"El Diario - Decano de la prensa nacional\"},\"image\":{\"@id\":\"https:\\\/\\\/www.eldiario.net\\\/portal\\\/#\\\/schema\\\/logo\\\/image\\\/\"},\"sameAs\":[\"https:\\\/\\\/www.facebook.com\\\/eldiario.bolivia\\\/\",\"https:\\\/\\\/x.com\\\/eldiario_net\"]},{\"@type\":\"Person\",\"@id\":\"https:\\\/\\\/www.eldiario.net\\\/portal\\\/#\\\/schema\\\/person\\\/2c57cf2b7a7ae032e449e4c9b1019eac\",\"name\":\"Jeanette\",\"image\":{\"@type\":\"ImageObject\",\"inLanguage\":\"es\",\"@id\":\"https:\\\/\\\/secure.gravatar.com\\\/avatar\\\/3ea2118a5f7dad2b7138b1187a6b7ee55f160b9968b66013c3a3ef39dd7e5798?s=96&d=mm&r=g\",\"url\":\"https:\\\/\\\/secure.gravatar.com\\\/avatar\\\/3ea2118a5f7dad2b7138b1187a6b7ee55f160b9968b66013c3a3ef39dd7e5798?s=96&d=mm&r=g\",\"contentUrl\":\"https:\\\/\\\/secure.gravatar.com\\\/avatar\\\/3ea2118a5f7dad2b7138b1187a6b7ee55f160b9968b66013c3a3ef39dd7e5798?s=96&d=mm&r=g\",\"caption\":\"Jeanette\"},\"sameAs\":[\"https:\\\/\\\/www.eldiario.net\\\/portal\"],\"url\":\"https:\\\/\\\/www.eldiario.net\\\/portal\\\/author\\\/jeanette\\\/\"}]}<\/script>\n<!-- \/ Yoast SEO plugin. -->","yoast_head_json":{"title":"Necesidad de modernizar la legislaci\u00f3n laboral - El Diario - Bolivia","robots":{"index":"index","follow":"follow","max-snippet":"max-snippet:-1","max-image-preview":"max-image-preview:large","max-video-preview":"max-video-preview:-1"},"canonical":"https:\/\/www.eldiario.net\/portal\/2024\/03\/12\/necesidad-de-modernizar-la-legislacion-laboral\/","og_locale":"es_ES","og_type":"article","og_title":"Necesidad de modernizar la legislaci\u00f3n laboral - El Diario - Bolivia","og_description":"El derecho del trabajo y su procedimiento tienen por objeto la protecci\u00f3n a trabajadoras y trabajadores, como lo establecen la Constituci\u00f3n Pol\u00edtica del Estado (CPE), la doctrina y la legislaci\u00f3n laboral. Sin embargo, esta protecci\u00f3n en el presente se hace muy dif\u00edcil sino inalcanzable, debido a diversos factores, que son profundamente sentidos y motivo de [&hellip;]","og_url":"https:\/\/www.eldiario.net\/portal\/2024\/03\/12\/necesidad-de-modernizar-la-legislacion-laboral\/","og_site_name":"El Diario - Bolivia","article_publisher":"https:\/\/www.facebook.com\/eldiario.bolivia\/","article_published_time":"2024-03-12T08:52:25+00:00","og_image":[{"width":800,"height":500,"url":"https:\/\/www.eldiario.net\/portal\/wp-content\/uploads\/2023\/12\/Opinion.jpg","type":"image\/jpeg"}],"author":"Jeanette","twitter_card":"summary_large_image","twitter_creator":"@eldiario_net","twitter_site":"@eldiario_net","twitter_misc":{"Escrito por":"Jeanette","Tiempo de lectura":"5 minutos"},"schema":{"@context":"https:\/\/schema.org","@graph":[{"@type":"Article","@id":"https:\/\/www.eldiario.net\/portal\/2024\/03\/12\/necesidad-de-modernizar-la-legislacion-laboral\/#article","isPartOf":{"@id":"https:\/\/www.eldiario.net\/portal\/2024\/03\/12\/necesidad-de-modernizar-la-legislacion-laboral\/"},"author":{"name":"Jeanette","@id":"https:\/\/www.eldiario.net\/portal\/#\/schema\/person\/2c57cf2b7a7ae032e449e4c9b1019eac"},"headline":"Necesidad de modernizar la legislaci\u00f3n laboral","datePublished":"2024-03-12T08:52:25+00:00","mainEntityOfPage":{"@id":"https:\/\/www.eldiario.net\/portal\/2024\/03\/12\/necesidad-de-modernizar-la-legislacion-laboral\/"},"wordCount":1061,"commentCount":0,"publisher":{"@id":"https:\/\/www.eldiario.net\/portal\/#organization"},"image":{"@id":"https:\/\/www.eldiario.net\/portal\/2024\/03\/12\/necesidad-de-modernizar-la-legislacion-laboral\/#primaryimage"},"thumbnailUrl":"https:\/\/www.eldiario.net\/portal\/wp-content\/uploads\/2023\/12\/Opinion.jpg","articleSection":["Opini\u00f3n"],"inLanguage":"es","potentialAction":[{"@type":"CommentAction","name":"Comment","target":["https:\/\/www.eldiario.net\/portal\/2024\/03\/12\/necesidad-de-modernizar-la-legislacion-laboral\/#respond"]}]},{"@type":"WebPage","@id":"https:\/\/www.eldiario.net\/portal\/2024\/03\/12\/necesidad-de-modernizar-la-legislacion-laboral\/","url":"https:\/\/www.eldiario.net\/portal\/2024\/03\/12\/necesidad-de-modernizar-la-legislacion-laboral\/","name":"Necesidad de modernizar la legislaci\u00f3n laboral - El Diario - Bolivia","isPartOf":{"@id":"https:\/\/www.eldiario.net\/portal\/#website"},"primaryImageOfPage":{"@id":"https:\/\/www.eldiario.net\/portal\/2024\/03\/12\/necesidad-de-modernizar-la-legislacion-laboral\/#primaryimage"},"image":{"@id":"https:\/\/www.eldiario.net\/portal\/2024\/03\/12\/necesidad-de-modernizar-la-legislacion-laboral\/#primaryimage"},"thumbnailUrl":"https:\/\/www.eldiario.net\/portal\/wp-content\/uploads\/2023\/12\/Opinion.jpg","datePublished":"2024-03-12T08:52:25+00:00","breadcrumb":{"@id":"https:\/\/www.eldiario.net\/portal\/2024\/03\/12\/necesidad-de-modernizar-la-legislacion-laboral\/#breadcrumb"},"inLanguage":"es","potentialAction":[{"@type":"ReadAction","target":["https:\/\/www.eldiario.net\/portal\/2024\/03\/12\/necesidad-de-modernizar-la-legislacion-laboral\/"]}]},{"@type":"ImageObject","inLanguage":"es","@id":"https:\/\/www.eldiario.net\/portal\/2024\/03\/12\/necesidad-de-modernizar-la-legislacion-laboral\/#primaryimage","url":"https:\/\/www.eldiario.net\/portal\/wp-content\/uploads\/2023\/12\/Opinion.jpg","contentUrl":"https:\/\/www.eldiario.net\/portal\/wp-content\/uploads\/2023\/12\/Opinion.jpg","width":800,"height":500},{"@type":"BreadcrumbList","@id":"https:\/\/www.eldiario.net\/portal\/2024\/03\/12\/necesidad-de-modernizar-la-legislacion-laboral\/#breadcrumb","itemListElement":[{"@type":"ListItem","position":1,"name":"Portada","item":"https:\/\/www.eldiario.net\/portal\/"},{"@type":"ListItem","position":2,"name":"Necesidad de modernizar la legislaci\u00f3n laboral"}]},{"@type":"WebSite","@id":"https:\/\/www.eldiario.net\/portal\/#website","url":"https:\/\/www.eldiario.net\/portal\/","name":"El Diario - Decano de la prensa nacional","description":"El Diario - Decano de la prensa nacional","publisher":{"@id":"https:\/\/www.eldiario.net\/portal\/#organization"},"potentialAction":[{"@type":"SearchAction","target":{"@type":"EntryPoint","urlTemplate":"https:\/\/www.eldiario.net\/portal\/?s={search_term_string}"},"query-input":{"@type":"PropertyValueSpecification","valueRequired":true,"valueName":"search_term_string"}}],"inLanguage":"es"},{"@type":"Organization","@id":"https:\/\/www.eldiario.net\/portal\/#organization","name":"El Diario - Decano de la prensa nacional","url":"https:\/\/www.eldiario.net\/portal\/","logo":{"@type":"ImageObject","inLanguage":"es","@id":"https:\/\/www.eldiario.net\/portal\/#\/schema\/logo\/image\/","url":"https:\/\/www.eldiario.net\/portal\/wp-content\/uploads\/2023\/07\/logo_ED.jpg","contentUrl":"https:\/\/www.eldiario.net\/portal\/wp-content\/uploads\/2023\/07\/logo_ED.jpg","width":272,"height":52,"caption":"El Diario - Decano de la prensa nacional"},"image":{"@id":"https:\/\/www.eldiario.net\/portal\/#\/schema\/logo\/image\/"},"sameAs":["https:\/\/www.facebook.com\/eldiario.bolivia\/","https:\/\/x.com\/eldiario_net"]},{"@type":"Person","@id":"https:\/\/www.eldiario.net\/portal\/#\/schema\/person\/2c57cf2b7a7ae032e449e4c9b1019eac","name":"Jeanette","image":{"@type":"ImageObject","inLanguage":"es","@id":"https:\/\/secure.gravatar.com\/avatar\/3ea2118a5f7dad2b7138b1187a6b7ee55f160b9968b66013c3a3ef39dd7e5798?s=96&d=mm&r=g","url":"https:\/\/secure.gravatar.com\/avatar\/3ea2118a5f7dad2b7138b1187a6b7ee55f160b9968b66013c3a3ef39dd7e5798?s=96&d=mm&r=g","contentUrl":"https:\/\/secure.gravatar.com\/avatar\/3ea2118a5f7dad2b7138b1187a6b7ee55f160b9968b66013c3a3ef39dd7e5798?s=96&d=mm&r=g","caption":"Jeanette"},"sameAs":["https:\/\/www.eldiario.net\/portal"],"url":"https:\/\/www.eldiario.net\/portal\/author\/jeanette\/"}]}},"_links":{"self":[{"href":"https:\/\/www.eldiario.net\/portal\/wp-json\/wp\/v2\/posts\/207733","targetHints":{"allow":["GET"]}}],"collection":[{"href":"https:\/\/www.eldiario.net\/portal\/wp-json\/wp\/v2\/posts"}],"about":[{"href":"https:\/\/www.eldiario.net\/portal\/wp-json\/wp\/v2\/types\/post"}],"author":[{"embeddable":true,"href":"https:\/\/www.eldiario.net\/portal\/wp-json\/wp\/v2\/users\/1"}],"replies":[{"embeddable":true,"href":"https:\/\/www.eldiario.net\/portal\/wp-json\/wp\/v2\/comments?post=207733"}],"version-history":[{"count":1,"href":"https:\/\/www.eldiario.net\/portal\/wp-json\/wp\/v2\/posts\/207733\/revisions"}],"predecessor-version":[{"id":207734,"href":"https:\/\/www.eldiario.net\/portal\/wp-json\/wp\/v2\/posts\/207733\/revisions\/207734"}],"wp:featuredmedia":[{"embeddable":true,"href":"https:\/\/www.eldiario.net\/portal\/wp-json\/wp\/v2\/media\/194790"}],"wp:attachment":[{"href":"https:\/\/www.eldiario.net\/portal\/wp-json\/wp\/v2\/media?parent=207733"}],"wp:term":[{"taxonomy":"category","embeddable":true,"href":"https:\/\/www.eldiario.net\/portal\/wp-json\/wp\/v2\/categories?post=207733"},{"taxonomy":"post_tag","embeddable":true,"href":"https:\/\/www.eldiario.net\/portal\/wp-json\/wp\/v2\/tags?post=207733"}],"curies":[{"name":"wp","href":"https:\/\/api.w.org\/{rel}","templated":true}]}}