{"id":207731,"date":"2024-03-12T04:51:45","date_gmt":"2024-03-12T08:51:45","guid":{"rendered":"https:\/\/www.eldiario.net\/portal\/?p=207731"},"modified":"2024-03-12T04:51:45","modified_gmt":"2024-03-12T08:51:45","slug":"los-aeropuertos-de-cuarta-generacion","status":"publish","type":"post","link":"https:\/\/www.eldiario.net\/portal\/2024\/03\/12\/los-aeropuertos-de-cuarta-generacion\/","title":{"rendered":"Los aeropuertos de cuarta generaci\u00f3n"},"content":{"rendered":"<p>En los \u00faltimos meses de la gesti\u00f3n pasada, Lima Airport Partners (LAP) como administrador aeroportuario, ha dado a conocer a la comunidad aeron\u00e1utica y a los usuarios en general, que vienen realizando distintas obras referidas al Proyecto de \u201cAmpliaci\u00f3n del Aeropuerto Internacional Jorge Ch\u00e1vez\u201d, ubicado en la ciudad de Lima, Per\u00fa.<\/p>\n<p>Quienes, junto a diferentes operadores aeroportuarios y los principales inversionistas del mercado, van desarrollando la primera \u201cCiudad Aeropuerto de Latinoam\u00e9rica\u201d, misma que integrar\u00e1 el puerto del Callao, el Aeropuerto Internacional Jorge Ch\u00e1vez (AIJC) y la ciudad Metropolitana de Lima.<\/p>\n<p>La \u201cCiudad Aeropuerto\u201d o Lima Airport City, de acuerdo con LAP, es una visi\u00f3n del futuro, un proyecto que inicia con la apertura del nuevo Jorge Ch\u00e1vez y se extender\u00e1 m\u00e1s all\u00e1 del a\u00f1o 2051.<\/p>\n<p>As\u00ed, el nuevo Jorge Ch\u00e1vez ser\u00e1 m\u00e1s que un aeropuerto: ser\u00e1 una ciudad moderna y vibrante con pistas de aterrizaje y despegue a su alrededor, convirti\u00e9ndose en un gran distribuidor aeroportuario internacional (HUB), contando con una amplia oferta de formas de transporte para personas y carga.<\/p>\n<p>Adem\u00e1s, comprender\u00e1 numerosas instalaciones destinadas a actividades aeron\u00e1uticas y no aeron\u00e1uticas, como \u00e1reas log\u00edsticas y de carga, hangares, oficinas, almacenes, estacionamientos, hoteles, tiendas, entre otros.<\/p>\n<p>Otro ejemplo, que contempla la nueva visi\u00f3n de la infraestructura aeroportuaria es la construcci\u00f3n de la nueva \u201cTerminal E del Aeropuerto Internacional Logan\u201d de Boston en Estados Unidos, la cual no es una terminal de pasajeros com\u00fan.<\/p>\n<p>Los trabajos de mejoramiento y ampliaciones realizadas en\u00a0 esta terminal internacional, que fue inaugurada en agosto del 2023, hacen que se destaque a diferencia de otras, porque\u00a0 no tiene las caracter\u00edsticas t\u00edpicas de una terminal aeroportuaria; por lo contrario, predominan las curvas continuas, techos elevados y paredes de cristal que proporcionan luz natural en el interior de la infraestructura, espacios amplios de circulaci\u00f3n de comercio y\u00a0 que, en general, proporcionan\u00a0 tranquilidad al pasajero, antes de abordar su aeronave.<\/p>\n<p>Desde arriba, la terminal luce como un bumerang gigante de color rojo, cuya forma y color contrastan con las estructuras convencionales que la rodean. Su disposici\u00f3n curvil\u00ednea no fue simplemente una decisi\u00f3n est\u00e9tica, sino que se bas\u00f3 en un dise\u00f1o estrat\u00e9gico.<\/p>\n<p>Si bien conserva la funcionalidad, el dise\u00f1o tambi\u00e9n se centra en brindar una experiencia mejorada para los pasajeros teniendo en cuenta todos los aspectos, desde los arquitect\u00f3nicos hasta los diferentes usos operativos propios de una terminal a\u00e9rea.<\/p>\n<p>La curvatura facilita el movimiento intuitivo de los pasajeros, mientras que los interiores amplios y abiertos, ofrecen lugares espaciosos para comida, compras y \u00e1reas de trabajo. Las paredes est\u00e1n cubiertas por metros de ventanas polarizadas que ba\u00f1an la terminal de luz natural y, al mismo tiempo, proporcionan espacios abiertos para reflejar las vistas emblem\u00e1ticas del paisaje urbano del puerto de Boston.<\/p>\n<p>El efecto global, es el de un edificio \u00fanico y excepcional, que no se compara a ninguna otra terminal aeroportuaria del mundo.<\/p>\n<p>En contraparte, las terminales de los aeropuertos tradicionales, priorizan la funcionalidad sobre todo lo dem\u00e1s y, por lo general, se caracterizan por formas rectangulares, amplias y funcionales, corredores rectos, cielorrasos y \u00e1reas claramente delimitadas.<\/p>\n<p>Los ejemplos mencionados, nos hacen visibilizar que tambi\u00e9n las terminales a\u00e9reas, tanto en su dise\u00f1o como en su construcci\u00f3n, van cambiando y evolucionando, pasando por etapas o generaciones para brindar mayor seguridad y comodidad a los usuarios.<\/p>\n<p>Actualmente, a nivel mundial, nos encontramos en una etapa denominada de \u201ccuarta generaci\u00f3n\u201d en el dise\u00f1o y construcci\u00f3n de infraestructuras aeron\u00e1uticas.<\/p>\n<p>Las instalaciones de \u201cprimera generaci\u00f3n\u201d, eran peque\u00f1as y estrictamente funcionales, proporcionaban accesos directos a los aviones y requer\u00edan que los pasajeros llevaran su propio equipaje.<\/p>\n<p>Las de \u201csegunda generaci\u00f3n\u201d, incorporaron el traslado de equipaje y medidas de seguridad b\u00e1sicas.<\/p>\n<p>Los aeropuertos de \u201ctercera generaci\u00f3n\u201d eran b\u00e1sicamente centros comerciales donde despegaban y aterrizaban aviones.<\/p>\n<p>Actualmente, las terminales de \u201ccuarta generaci\u00f3n\u201d son espacios centrados en los pasajeros que funcionan como centros urbanos din\u00e1micos y visualmente atractivos, donde los visitantes pueden cenar, comprar, trabajar o relajarse seg\u00fan sus deseos, siempre que no tengan que correr hacia una puerta de embarque alejada para hacer una conexi\u00f3n o iniciar su viaje.<\/p>\n<p>Aun as\u00ed, estas terminales a\u00e9reas no pueden estar separadas de su entorno, necesariamente deben contar con accesos desde los centros urbanos, mediante v\u00edas terrestres como carreteras, metros subterr\u00e1neos o de superficie que transporten a los pasajeros desde su vivienda u oficina hasta la terminal.<\/p>\n<p>Hay que recordar, que el aeropuerto siempre genera econom\u00eda a su entorno inmediato y mucho m\u00e1s, si el mismo se convierte en \u201cciudad aeropuerto\u201d o aeropuerto de \u201ccuarta generaci\u00f3n\u201d.<\/p>\n<p>Los aeropuertos bolivianos, van transcurriendo estas etapas de crecimiento o transformaci\u00f3n, pero es recomendable plantear nuevos dise\u00f1os con las caracter\u00edsticas descritas, pero, sobre todo, que se encuentren enmarcados en su entorno y la utilizaci\u00f3n de nuevas tecnolog\u00edas.<\/p>\n<p>&nbsp;<\/p>\n<p><em>El autor es Master en Dise\u00f1o y Gesti\u00f3n de aeropuertos. <\/em><\/p>\n<p>&nbsp;<\/p>\n<p>navajas.d@gmail.com<\/p>\n","protected":false},"excerpt":{"rendered":"<p>En los \u00faltimos meses de la gesti\u00f3n pasada, Lima Airport Partners (LAP) como administrador aeroportuario, ha dado a conocer a la comunidad aeron\u00e1utica y a los usuarios en general, que vienen realizando distintas obras referidas al Proyecto de \u201cAmpliaci\u00f3n del Aeropuerto Internacional Jorge Ch\u00e1vez\u201d, ubicado en la ciudad de Lima, Per\u00fa. Quienes, junto a diferentes [&hellip;]<\/p>\n","protected":false},"author":1,"featured_media":194790,"comment_status":"open","ping_status":"open","sticky":false,"template":"","format":"standard","meta":{"_acf_changed":false,"footnotes":""},"categories":[9],"tags":[],"class_list":["post-207731","post","type-post","status-publish","format-standard","has-post-thumbnail","category-opinion"],"acf":{"antetitulo":""},"yoast_head":"<!-- This site is optimized with the Yoast SEO plugin v28.4 - https:\/\/yoast.com\/product\/yoast-seo-wordpress\/ -->\n<title>Los aeropuertos de cuarta generaci\u00f3n - El Diario - Bolivia<\/title>\n<meta name=\"robots\" content=\"index, follow, max-snippet:-1, max-image-preview:large, max-video-preview:-1\" \/>\n<link rel=\"canonical\" href=\"https:\/\/www.eldiario.net\/portal\/2024\/03\/12\/los-aeropuertos-de-cuarta-generacion\/\" \/>\n<meta property=\"og:locale\" content=\"es_ES\" \/>\n<meta property=\"og:type\" content=\"article\" \/>\n<meta property=\"og:title\" content=\"Los aeropuertos de cuarta generaci\u00f3n - El Diario - Bolivia\" \/>\n<meta property=\"og:description\" content=\"En los \u00faltimos meses de la gesti\u00f3n pasada, Lima Airport Partners (LAP) como administrador aeroportuario, ha dado a conocer a la comunidad aeron\u00e1utica y a los usuarios en general, que vienen realizando distintas obras referidas al Proyecto de \u201cAmpliaci\u00f3n del Aeropuerto Internacional Jorge Ch\u00e1vez\u201d, ubicado en la ciudad de Lima, Per\u00fa. Quienes, junto a diferentes [&hellip;]\" \/>\n<meta property=\"og:url\" content=\"https:\/\/www.eldiario.net\/portal\/2024\/03\/12\/los-aeropuertos-de-cuarta-generacion\/\" \/>\n<meta property=\"og:site_name\" content=\"El Diario - Bolivia\" \/>\n<meta property=\"article:publisher\" content=\"https:\/\/www.facebook.com\/eldiario.bolivia\/\" \/>\n<meta property=\"article:published_time\" content=\"2024-03-12T08:51:45+00:00\" \/>\n<meta property=\"og:image\" content=\"https:\/\/www.eldiario.net\/portal\/wp-content\/uploads\/2023\/12\/Opinion.jpg\" \/>\n\t<meta property=\"og:image:width\" content=\"800\" \/>\n\t<meta property=\"og:image:height\" content=\"500\" \/>\n\t<meta property=\"og:image:type\" content=\"image\/jpeg\" \/>\n<meta name=\"author\" content=\"Jeanette\" \/>\n<meta name=\"twitter:card\" content=\"summary_large_image\" \/>\n<meta name=\"twitter:creator\" content=\"@eldiario_net\" \/>\n<meta name=\"twitter:site\" content=\"@eldiario_net\" \/>\n<meta name=\"twitter:label1\" content=\"Escrito por\" \/>\n\t<meta name=\"twitter:data1\" content=\"Jeanette\" \/>\n\t<meta name=\"twitter:label2\" content=\"Tiempo de lectura\" \/>\n\t<meta name=\"twitter:data2\" content=\"4 minutos\" \/>\n<script type=\"application\/ld+json\" class=\"yoast-schema-graph\">{\"@context\":\"https:\\\/\\\/schema.org\",\"@graph\":[{\"@type\":\"Article\",\"@id\":\"https:\\\/\\\/www.eldiario.net\\\/portal\\\/2024\\\/03\\\/12\\\/los-aeropuertos-de-cuarta-generacion\\\/#article\",\"isPartOf\":{\"@id\":\"https:\\\/\\\/www.eldiario.net\\\/portal\\\/2024\\\/03\\\/12\\\/los-aeropuertos-de-cuarta-generacion\\\/\"},\"author\":{\"name\":\"Jeanette\",\"@id\":\"https:\\\/\\\/www.eldiario.net\\\/portal\\\/#\\\/schema\\\/person\\\/2c57cf2b7a7ae032e449e4c9b1019eac\"},\"headline\":\"Los aeropuertos de cuarta generaci\u00f3n\",\"datePublished\":\"2024-03-12T08:51:45+00:00\",\"mainEntityOfPage\":{\"@id\":\"https:\\\/\\\/www.eldiario.net\\\/portal\\\/2024\\\/03\\\/12\\\/los-aeropuertos-de-cuarta-generacion\\\/\"},\"wordCount\":869,\"commentCount\":0,\"publisher\":{\"@id\":\"https:\\\/\\\/www.eldiario.net\\\/portal\\\/#organization\"},\"image\":{\"@id\":\"https:\\\/\\\/www.eldiario.net\\\/portal\\\/2024\\\/03\\\/12\\\/los-aeropuertos-de-cuarta-generacion\\\/#primaryimage\"},\"thumbnailUrl\":\"https:\\\/\\\/www.eldiario.net\\\/portal\\\/wp-content\\\/uploads\\\/2023\\\/12\\\/Opinion.jpg\",\"articleSection\":[\"Opini\u00f3n\"],\"inLanguage\":\"es\",\"potentialAction\":[{\"@type\":\"CommentAction\",\"name\":\"Comment\",\"target\":[\"https:\\\/\\\/www.eldiario.net\\\/portal\\\/2024\\\/03\\\/12\\\/los-aeropuertos-de-cuarta-generacion\\\/#respond\"]}]},{\"@type\":\"WebPage\",\"@id\":\"https:\\\/\\\/www.eldiario.net\\\/portal\\\/2024\\\/03\\\/12\\\/los-aeropuertos-de-cuarta-generacion\\\/\",\"url\":\"https:\\\/\\\/www.eldiario.net\\\/portal\\\/2024\\\/03\\\/12\\\/los-aeropuertos-de-cuarta-generacion\\\/\",\"name\":\"Los aeropuertos de cuarta generaci\u00f3n - El Diario - Bolivia\",\"isPartOf\":{\"@id\":\"https:\\\/\\\/www.eldiario.net\\\/portal\\\/#website\"},\"primaryImageOfPage\":{\"@id\":\"https:\\\/\\\/www.eldiario.net\\\/portal\\\/2024\\\/03\\\/12\\\/los-aeropuertos-de-cuarta-generacion\\\/#primaryimage\"},\"image\":{\"@id\":\"https:\\\/\\\/www.eldiario.net\\\/portal\\\/2024\\\/03\\\/12\\\/los-aeropuertos-de-cuarta-generacion\\\/#primaryimage\"},\"thumbnailUrl\":\"https:\\\/\\\/www.eldiario.net\\\/portal\\\/wp-content\\\/uploads\\\/2023\\\/12\\\/Opinion.jpg\",\"datePublished\":\"2024-03-12T08:51:45+00:00\",\"breadcrumb\":{\"@id\":\"https:\\\/\\\/www.eldiario.net\\\/portal\\\/2024\\\/03\\\/12\\\/los-aeropuertos-de-cuarta-generacion\\\/#breadcrumb\"},\"inLanguage\":\"es\",\"potentialAction\":[{\"@type\":\"ReadAction\",\"target\":[\"https:\\\/\\\/www.eldiario.net\\\/portal\\\/2024\\\/03\\\/12\\\/los-aeropuertos-de-cuarta-generacion\\\/\"]}]},{\"@type\":\"ImageObject\",\"inLanguage\":\"es\",\"@id\":\"https:\\\/\\\/www.eldiario.net\\\/portal\\\/2024\\\/03\\\/12\\\/los-aeropuertos-de-cuarta-generacion\\\/#primaryimage\",\"url\":\"https:\\\/\\\/www.eldiario.net\\\/portal\\\/wp-content\\\/uploads\\\/2023\\\/12\\\/Opinion.jpg\",\"contentUrl\":\"https:\\\/\\\/www.eldiario.net\\\/portal\\\/wp-content\\\/uploads\\\/2023\\\/12\\\/Opinion.jpg\",\"width\":800,\"height\":500},{\"@type\":\"BreadcrumbList\",\"@id\":\"https:\\\/\\\/www.eldiario.net\\\/portal\\\/2024\\\/03\\\/12\\\/los-aeropuertos-de-cuarta-generacion\\\/#breadcrumb\",\"itemListElement\":[{\"@type\":\"ListItem\",\"position\":1,\"name\":\"Portada\",\"item\":\"https:\\\/\\\/www.eldiario.net\\\/portal\\\/\"},{\"@type\":\"ListItem\",\"position\":2,\"name\":\"Los aeropuertos de cuarta generaci\u00f3n\"}]},{\"@type\":\"WebSite\",\"@id\":\"https:\\\/\\\/www.eldiario.net\\\/portal\\\/#website\",\"url\":\"https:\\\/\\\/www.eldiario.net\\\/portal\\\/\",\"name\":\"El Diario - Decano de la prensa nacional\",\"description\":\"El Diario - Decano de la prensa nacional\",\"publisher\":{\"@id\":\"https:\\\/\\\/www.eldiario.net\\\/portal\\\/#organization\"},\"potentialAction\":[{\"@type\":\"SearchAction\",\"target\":{\"@type\":\"EntryPoint\",\"urlTemplate\":\"https:\\\/\\\/www.eldiario.net\\\/portal\\\/?s={search_term_string}\"},\"query-input\":{\"@type\":\"PropertyValueSpecification\",\"valueRequired\":true,\"valueName\":\"search_term_string\"}}],\"inLanguage\":\"es\"},{\"@type\":\"Organization\",\"@id\":\"https:\\\/\\\/www.eldiario.net\\\/portal\\\/#organization\",\"name\":\"El Diario - Decano de la prensa nacional\",\"url\":\"https:\\\/\\\/www.eldiario.net\\\/portal\\\/\",\"logo\":{\"@type\":\"ImageObject\",\"inLanguage\":\"es\",\"@id\":\"https:\\\/\\\/www.eldiario.net\\\/portal\\\/#\\\/schema\\\/logo\\\/image\\\/\",\"url\":\"https:\\\/\\\/www.eldiario.net\\\/portal\\\/wp-content\\\/uploads\\\/2023\\\/07\\\/logo_ED.jpg\",\"contentUrl\":\"https:\\\/\\\/www.eldiario.net\\\/portal\\\/wp-content\\\/uploads\\\/2023\\\/07\\\/logo_ED.jpg\",\"width\":272,\"height\":52,\"caption\":\"El Diario - Decano de la prensa nacional\"},\"image\":{\"@id\":\"https:\\\/\\\/www.eldiario.net\\\/portal\\\/#\\\/schema\\\/logo\\\/image\\\/\"},\"sameAs\":[\"https:\\\/\\\/www.facebook.com\\\/eldiario.bolivia\\\/\",\"https:\\\/\\\/x.com\\\/eldiario_net\"]},{\"@type\":\"Person\",\"@id\":\"https:\\\/\\\/www.eldiario.net\\\/portal\\\/#\\\/schema\\\/person\\\/2c57cf2b7a7ae032e449e4c9b1019eac\",\"name\":\"Jeanette\",\"image\":{\"@type\":\"ImageObject\",\"inLanguage\":\"es\",\"@id\":\"https:\\\/\\\/secure.gravatar.com\\\/avatar\\\/3ea2118a5f7dad2b7138b1187a6b7ee55f160b9968b66013c3a3ef39dd7e5798?s=96&d=mm&r=g\",\"url\":\"https:\\\/\\\/secure.gravatar.com\\\/avatar\\\/3ea2118a5f7dad2b7138b1187a6b7ee55f160b9968b66013c3a3ef39dd7e5798?s=96&d=mm&r=g\",\"contentUrl\":\"https:\\\/\\\/secure.gravatar.com\\\/avatar\\\/3ea2118a5f7dad2b7138b1187a6b7ee55f160b9968b66013c3a3ef39dd7e5798?s=96&d=mm&r=g\",\"caption\":\"Jeanette\"},\"sameAs\":[\"https:\\\/\\\/www.eldiario.net\\\/portal\"],\"url\":\"https:\\\/\\\/www.eldiario.net\\\/portal\\\/author\\\/jeanette\\\/\"}]}<\/script>\n<!-- \/ Yoast SEO plugin. -->","yoast_head_json":{"title":"Los aeropuertos de cuarta generaci\u00f3n - El Diario - Bolivia","robots":{"index":"index","follow":"follow","max-snippet":"max-snippet:-1","max-image-preview":"max-image-preview:large","max-video-preview":"max-video-preview:-1"},"canonical":"https:\/\/www.eldiario.net\/portal\/2024\/03\/12\/los-aeropuertos-de-cuarta-generacion\/","og_locale":"es_ES","og_type":"article","og_title":"Los aeropuertos de cuarta generaci\u00f3n - El Diario - Bolivia","og_description":"En los \u00faltimos meses de la gesti\u00f3n pasada, Lima Airport Partners (LAP) como administrador aeroportuario, ha dado a conocer a la comunidad aeron\u00e1utica y a los usuarios en general, que vienen realizando distintas obras referidas al Proyecto de \u201cAmpliaci\u00f3n del Aeropuerto Internacional Jorge Ch\u00e1vez\u201d, ubicado en la ciudad de Lima, Per\u00fa. Quienes, junto a diferentes [&hellip;]","og_url":"https:\/\/www.eldiario.net\/portal\/2024\/03\/12\/los-aeropuertos-de-cuarta-generacion\/","og_site_name":"El Diario - Bolivia","article_publisher":"https:\/\/www.facebook.com\/eldiario.bolivia\/","article_published_time":"2024-03-12T08:51:45+00:00","og_image":[{"width":800,"height":500,"url":"https:\/\/www.eldiario.net\/portal\/wp-content\/uploads\/2023\/12\/Opinion.jpg","type":"image\/jpeg"}],"author":"Jeanette","twitter_card":"summary_large_image","twitter_creator":"@eldiario_net","twitter_site":"@eldiario_net","twitter_misc":{"Escrito por":"Jeanette","Tiempo de lectura":"4 minutos"},"schema":{"@context":"https:\/\/schema.org","@graph":[{"@type":"Article","@id":"https:\/\/www.eldiario.net\/portal\/2024\/03\/12\/los-aeropuertos-de-cuarta-generacion\/#article","isPartOf":{"@id":"https:\/\/www.eldiario.net\/portal\/2024\/03\/12\/los-aeropuertos-de-cuarta-generacion\/"},"author":{"name":"Jeanette","@id":"https:\/\/www.eldiario.net\/portal\/#\/schema\/person\/2c57cf2b7a7ae032e449e4c9b1019eac"},"headline":"Los aeropuertos de cuarta generaci\u00f3n","datePublished":"2024-03-12T08:51:45+00:00","mainEntityOfPage":{"@id":"https:\/\/www.eldiario.net\/portal\/2024\/03\/12\/los-aeropuertos-de-cuarta-generacion\/"},"wordCount":869,"commentCount":0,"publisher":{"@id":"https:\/\/www.eldiario.net\/portal\/#organization"},"image":{"@id":"https:\/\/www.eldiario.net\/portal\/2024\/03\/12\/los-aeropuertos-de-cuarta-generacion\/#primaryimage"},"thumbnailUrl":"https:\/\/www.eldiario.net\/portal\/wp-content\/uploads\/2023\/12\/Opinion.jpg","articleSection":["Opini\u00f3n"],"inLanguage":"es","potentialAction":[{"@type":"CommentAction","name":"Comment","target":["https:\/\/www.eldiario.net\/portal\/2024\/03\/12\/los-aeropuertos-de-cuarta-generacion\/#respond"]}]},{"@type":"WebPage","@id":"https:\/\/www.eldiario.net\/portal\/2024\/03\/12\/los-aeropuertos-de-cuarta-generacion\/","url":"https:\/\/www.eldiario.net\/portal\/2024\/03\/12\/los-aeropuertos-de-cuarta-generacion\/","name":"Los aeropuertos de cuarta generaci\u00f3n - El Diario - Bolivia","isPartOf":{"@id":"https:\/\/www.eldiario.net\/portal\/#website"},"primaryImageOfPage":{"@id":"https:\/\/www.eldiario.net\/portal\/2024\/03\/12\/los-aeropuertos-de-cuarta-generacion\/#primaryimage"},"image":{"@id":"https:\/\/www.eldiario.net\/portal\/2024\/03\/12\/los-aeropuertos-de-cuarta-generacion\/#primaryimage"},"thumbnailUrl":"https:\/\/www.eldiario.net\/portal\/wp-content\/uploads\/2023\/12\/Opinion.jpg","datePublished":"2024-03-12T08:51:45+00:00","breadcrumb":{"@id":"https:\/\/www.eldiario.net\/portal\/2024\/03\/12\/los-aeropuertos-de-cuarta-generacion\/#breadcrumb"},"inLanguage":"es","potentialAction":[{"@type":"ReadAction","target":["https:\/\/www.eldiario.net\/portal\/2024\/03\/12\/los-aeropuertos-de-cuarta-generacion\/"]}]},{"@type":"ImageObject","inLanguage":"es","@id":"https:\/\/www.eldiario.net\/portal\/2024\/03\/12\/los-aeropuertos-de-cuarta-generacion\/#primaryimage","url":"https:\/\/www.eldiario.net\/portal\/wp-content\/uploads\/2023\/12\/Opinion.jpg","contentUrl":"https:\/\/www.eldiario.net\/portal\/wp-content\/uploads\/2023\/12\/Opinion.jpg","width":800,"height":500},{"@type":"BreadcrumbList","@id":"https:\/\/www.eldiario.net\/portal\/2024\/03\/12\/los-aeropuertos-de-cuarta-generacion\/#breadcrumb","itemListElement":[{"@type":"ListItem","position":1,"name":"Portada","item":"https:\/\/www.eldiario.net\/portal\/"},{"@type":"ListItem","position":2,"name":"Los aeropuertos de cuarta generaci\u00f3n"}]},{"@type":"WebSite","@id":"https:\/\/www.eldiario.net\/portal\/#website","url":"https:\/\/www.eldiario.net\/portal\/","name":"El Diario - Decano de la prensa nacional","description":"El Diario - Decano de la prensa nacional","publisher":{"@id":"https:\/\/www.eldiario.net\/portal\/#organization"},"potentialAction":[{"@type":"SearchAction","target":{"@type":"EntryPoint","urlTemplate":"https:\/\/www.eldiario.net\/portal\/?s={search_term_string}"},"query-input":{"@type":"PropertyValueSpecification","valueRequired":true,"valueName":"search_term_string"}}],"inLanguage":"es"},{"@type":"Organization","@id":"https:\/\/www.eldiario.net\/portal\/#organization","name":"El Diario - Decano de la prensa nacional","url":"https:\/\/www.eldiario.net\/portal\/","logo":{"@type":"ImageObject","inLanguage":"es","@id":"https:\/\/www.eldiario.net\/portal\/#\/schema\/logo\/image\/","url":"https:\/\/www.eldiario.net\/portal\/wp-content\/uploads\/2023\/07\/logo_ED.jpg","contentUrl":"https:\/\/www.eldiario.net\/portal\/wp-content\/uploads\/2023\/07\/logo_ED.jpg","width":272,"height":52,"caption":"El Diario - Decano de la prensa nacional"},"image":{"@id":"https:\/\/www.eldiario.net\/portal\/#\/schema\/logo\/image\/"},"sameAs":["https:\/\/www.facebook.com\/eldiario.bolivia\/","https:\/\/x.com\/eldiario_net"]},{"@type":"Person","@id":"https:\/\/www.eldiario.net\/portal\/#\/schema\/person\/2c57cf2b7a7ae032e449e4c9b1019eac","name":"Jeanette","image":{"@type":"ImageObject","inLanguage":"es","@id":"https:\/\/secure.gravatar.com\/avatar\/3ea2118a5f7dad2b7138b1187a6b7ee55f160b9968b66013c3a3ef39dd7e5798?s=96&d=mm&r=g","url":"https:\/\/secure.gravatar.com\/avatar\/3ea2118a5f7dad2b7138b1187a6b7ee55f160b9968b66013c3a3ef39dd7e5798?s=96&d=mm&r=g","contentUrl":"https:\/\/secure.gravatar.com\/avatar\/3ea2118a5f7dad2b7138b1187a6b7ee55f160b9968b66013c3a3ef39dd7e5798?s=96&d=mm&r=g","caption":"Jeanette"},"sameAs":["https:\/\/www.eldiario.net\/portal"],"url":"https:\/\/www.eldiario.net\/portal\/author\/jeanette\/"}]}},"_links":{"self":[{"href":"https:\/\/www.eldiario.net\/portal\/wp-json\/wp\/v2\/posts\/207731","targetHints":{"allow":["GET"]}}],"collection":[{"href":"https:\/\/www.eldiario.net\/portal\/wp-json\/wp\/v2\/posts"}],"about":[{"href":"https:\/\/www.eldiario.net\/portal\/wp-json\/wp\/v2\/types\/post"}],"author":[{"embeddable":true,"href":"https:\/\/www.eldiario.net\/portal\/wp-json\/wp\/v2\/users\/1"}],"replies":[{"embeddable":true,"href":"https:\/\/www.eldiario.net\/portal\/wp-json\/wp\/v2\/comments?post=207731"}],"version-history":[{"count":1,"href":"https:\/\/www.eldiario.net\/portal\/wp-json\/wp\/v2\/posts\/207731\/revisions"}],"predecessor-version":[{"id":207732,"href":"https:\/\/www.eldiario.net\/portal\/wp-json\/wp\/v2\/posts\/207731\/revisions\/207732"}],"wp:featuredmedia":[{"embeddable":true,"href":"https:\/\/www.eldiario.net\/portal\/wp-json\/wp\/v2\/media\/194790"}],"wp:attachment":[{"href":"https:\/\/www.eldiario.net\/portal\/wp-json\/wp\/v2\/media?parent=207731"}],"wp:term":[{"taxonomy":"category","embeddable":true,"href":"https:\/\/www.eldiario.net\/portal\/wp-json\/wp\/v2\/categories?post=207731"},{"taxonomy":"post_tag","embeddable":true,"href":"https:\/\/www.eldiario.net\/portal\/wp-json\/wp\/v2\/tags?post=207731"}],"curies":[{"name":"wp","href":"https:\/\/api.w.org\/{rel}","templated":true}]}}