{"id":207729,"date":"2024-03-12T04:51:05","date_gmt":"2024-03-12T08:51:05","guid":{"rendered":"https:\/\/www.eldiario.net\/portal\/?p=207729"},"modified":"2024-03-12T04:51:05","modified_gmt":"2024-03-12T08:51:05","slug":"modificacion-de-calificaciones","status":"publish","type":"post","link":"https:\/\/www.eldiario.net\/portal\/2024\/03\/12\/modificacion-de-calificaciones\/","title":{"rendered":"Modificaci\u00f3n de calificaciones"},"content":{"rendered":"<p>En el marco del art\u00edculo 10, par\u00e1grafo II, inciso g), del Reglamento de Evaluaci\u00f3n de Desarrollo Curricular del Subsistema de Educaci\u00f3n Regular, aprobado mediante Resoluci\u00f3n Ministerial N\u00ba 0473\/2021 el 20 de agosto de 2021, los maestros tienen la responsabilidad de llenar las libretas escolares electr\u00f3nicas correspondientes a los tres trimestres.<\/p>\n<p>En el caso del nivel inicial y primaria, los maestros de aula son responsables del llenado de calificaciones. En secundaria tal cometido es responsabilidad de la o el maestro del \u00e1rea de saberes y conocimientos; sin embargo, tal obligaci\u00f3n recae en la o el asesor de un determinado a\u00f1o de escolaridad (curso).<\/p>\n<p>En tal antecedente, cada trimestre se presentan casos de omisiones (lapsus calami) en el proceso de evaluaci\u00f3n cualitativa y cuantitativa por parte de algunos maestros, lo que conlleva al reclamo razonable de estudiantes y principalmente de madres y padres de familia.<\/p>\n<p>Las omisiones se circunscriben al extremo subjetivismo en la valoraci\u00f3n de las cuatro dimensiones (ser, saber, hacer y decidir), errores en el llenado de calificaciones del Cuaderno Pedag\u00f3gico (registro) al Sistema de Informaci\u00f3n Educativa (SIE Acad\u00e9mico) plasmado en la libreta electr\u00f3nica, que una vez impreso se constituye en declaraci\u00f3n jurada.<\/p>\n<p>Por consiguiente, seg\u00fan el Manual de procedimientos para la regularizaci\u00f3n del historial acad\u00e9mico de estudiantes del Subsistema de Educaci\u00f3n Regular en el SIE, aprobado mediante Resoluci\u00f3n Ministerial N\u00ba 0635\/2022 el 5 de agosto de 2022, se entiende por modificaci\u00f3n de calificaciones; la actualizaci\u00f3n de las mismas que fueron registradas de manera err\u00f3nea.<\/p>\n<p>Por otra parte, el numeral 6, de referida normativa, establece que la modificaci\u00f3n de calificaciones se circunscribe por gesti\u00f3n vigente (hasta 20 d\u00edas h\u00e1biles de la conclusi\u00f3n del trimestre), inmediata anterior (conclusi\u00f3n del a\u00f1o escolar precedente) y gestiones pasadas (a partir de 2009 hasta 2020).<\/p>\n<p>Referente a la gesti\u00f3n vigente, la o el director de la Unidad Educativa deber\u00e1 realizar una solicitud de modificaci\u00f3n de calificaci\u00f3n a la o el director Distrital, adjuntando el informe, formulario modificatorio, fotocopia legalizada del registro pedag\u00f3gico de la o el maestro y memor\u00e1ndum de sanci\u00f3n. En el caso que proceda, se remitir\u00e1 a la Unidad de Asuntos Administrativos (UAA) de la Direcci\u00f3n Departamental de Educaci\u00f3n (DDE) para que el T\u00e9cnico SIE modifique lo solicitado.<\/p>\n<p>En lo que respecta a la gesti\u00f3n inmediata anterior, el padre, madre, tutor y\/o el mismo estudiante afectado, presentar\u00e1 una solicitud adjuntando la libreta electr\u00f3nica dentro los 30 primeros d\u00edas calendario de iniciado el a\u00f1o escolar vigente, resaltando la modificaci\u00f3n de calificaciones a la Direcci\u00f3n Distrital, referida instancia instruir\u00e1 a la o el director de la Unidad Educativa la presentaci\u00f3n del informe, formulario modificatorio, fotocopia legalizada del registro pedag\u00f3gico de la o el maestro y memor\u00e1ndum de sanci\u00f3n (descuento de haberes).<\/p>\n<p>En ese orden, la Subdirecci\u00f3n de Educaci\u00f3n Regular remitir\u00e1 el tr\u00e1mite a la Unidad de Asuntos Jur\u00eddicos (UAJ) para la emisi\u00f3n la Resoluci\u00f3n Administrativa Departamental, posteriormente se derivar\u00e1 a la UAA de la DDE, a fin que el t\u00e9cnico SIE consolide la modificaci\u00f3n de la calificaci\u00f3n que afectar\u00e1 obviamente en el registro de inscripci\u00f3n del estudiante al curso inmediato superior que le correspond\u00eda.<\/p>\n<p>En lo concerniente a gestiones pasadas, el procedimiento es similar a la gesti\u00f3n inmediata superior; empero, la modificaci\u00f3n de calificaciones no debe alterar la secuencia del historial acad\u00e9mico de la o el estudiante; vale decir, no determina en lo absoluto la promoci\u00f3n a un curso inmediato superior.<\/p>\n<p>&nbsp;<\/p>\n<p><em>El autor es Magister en Pol\u00edticas de Formaci\u00f3n Docente.<\/em><\/p>\n","protected":false},"excerpt":{"rendered":"<p>En el marco del art\u00edculo 10, par\u00e1grafo II, inciso g), del Reglamento de Evaluaci\u00f3n de Desarrollo Curricular del Subsistema de Educaci\u00f3n Regular, aprobado mediante Resoluci\u00f3n Ministerial N\u00ba 0473\/2021 el 20 de agosto de 2021, los maestros tienen la responsabilidad de llenar las libretas escolares electr\u00f3nicas correspondientes a los tres trimestres. En el caso del nivel [&hellip;]<\/p>\n","protected":false},"author":1,"featured_media":158615,"comment_status":"open","ping_status":"open","sticky":false,"template":"","format":"standard","meta":{"_acf_changed":false,"footnotes":""},"categories":[9],"tags":[],"class_list":["post-207729","post","type-post","status-publish","format-standard","has-post-thumbnail","category-opinion"],"acf":{"antetitulo":"Fisuras educativas"},"yoast_head":"<!-- This site is optimized with the Yoast SEO plugin v28.4 - https:\/\/yoast.com\/product\/yoast-seo-wordpress\/ -->\n<title>Modificaci\u00f3n de calificaciones - El Diario - Bolivia<\/title>\n<meta name=\"robots\" content=\"index, follow, max-snippet:-1, max-image-preview:large, max-video-preview:-1\" \/>\n<link rel=\"canonical\" href=\"https:\/\/www.eldiario.net\/portal\/2024\/03\/12\/modificacion-de-calificaciones\/\" \/>\n<meta property=\"og:locale\" content=\"es_ES\" \/>\n<meta property=\"og:type\" content=\"article\" \/>\n<meta property=\"og:title\" content=\"Modificaci\u00f3n de calificaciones - El Diario - Bolivia\" \/>\n<meta property=\"og:description\" content=\"En el marco del art\u00edculo 10, par\u00e1grafo II, inciso g), del Reglamento de Evaluaci\u00f3n de Desarrollo Curricular del Subsistema de Educaci\u00f3n Regular, aprobado mediante Resoluci\u00f3n Ministerial N\u00ba 0473\/2021 el 20 de agosto de 2021, los maestros tienen la responsabilidad de llenar las libretas escolares electr\u00f3nicas correspondientes a los tres trimestres. En el caso del nivel [&hellip;]\" \/>\n<meta property=\"og:url\" content=\"https:\/\/www.eldiario.net\/portal\/2024\/03\/12\/modificacion-de-calificaciones\/\" \/>\n<meta property=\"og:site_name\" content=\"El Diario - Bolivia\" \/>\n<meta property=\"article:publisher\" content=\"https:\/\/www.facebook.com\/eldiario.bolivia\/\" \/>\n<meta property=\"article:published_time\" content=\"2024-03-12T08:51:05+00:00\" \/>\n<meta property=\"og:image\" content=\"https:\/\/www.eldiario.net\/portal\/wp-content\/uploads\/2023\/06\/Luis-Alberto-Callapino-Lopez.jpg\" \/>\n\t<meta property=\"og:image:width\" content=\"1200\" \/>\n\t<meta property=\"og:image:height\" content=\"628\" \/>\n\t<meta property=\"og:image:type\" content=\"image\/jpeg\" \/>\n<meta name=\"author\" content=\"Jeanette\" \/>\n<meta name=\"twitter:card\" content=\"summary_large_image\" \/>\n<meta name=\"twitter:creator\" content=\"@eldiario_net\" \/>\n<meta name=\"twitter:site\" content=\"@eldiario_net\" \/>\n<meta name=\"twitter:label1\" content=\"Escrito por\" \/>\n\t<meta name=\"twitter:data1\" content=\"Jeanette\" \/>\n\t<meta name=\"twitter:label2\" content=\"Tiempo de lectura\" \/>\n\t<meta name=\"twitter:data2\" content=\"3 minutos\" \/>\n<script type=\"application\/ld+json\" class=\"yoast-schema-graph\">{\"@context\":\"https:\\\/\\\/schema.org\",\"@graph\":[{\"@type\":\"Article\",\"@id\":\"https:\\\/\\\/www.eldiario.net\\\/portal\\\/2024\\\/03\\\/12\\\/modificacion-de-calificaciones\\\/#article\",\"isPartOf\":{\"@id\":\"https:\\\/\\\/www.eldiario.net\\\/portal\\\/2024\\\/03\\\/12\\\/modificacion-de-calificaciones\\\/\"},\"author\":{\"name\":\"Jeanette\",\"@id\":\"https:\\\/\\\/www.eldiario.net\\\/portal\\\/#\\\/schema\\\/person\\\/2c57cf2b7a7ae032e449e4c9b1019eac\"},\"headline\":\"Modificaci\u00f3n de calificaciones\",\"datePublished\":\"2024-03-12T08:51:05+00:00\",\"mainEntityOfPage\":{\"@id\":\"https:\\\/\\\/www.eldiario.net\\\/portal\\\/2024\\\/03\\\/12\\\/modificacion-de-calificaciones\\\/\"},\"wordCount\":625,\"commentCount\":0,\"publisher\":{\"@id\":\"https:\\\/\\\/www.eldiario.net\\\/portal\\\/#organization\"},\"image\":{\"@id\":\"https:\\\/\\\/www.eldiario.net\\\/portal\\\/2024\\\/03\\\/12\\\/modificacion-de-calificaciones\\\/#primaryimage\"},\"thumbnailUrl\":\"https:\\\/\\\/www.eldiario.net\\\/portal\\\/wp-content\\\/uploads\\\/2023\\\/06\\\/Luis-Alberto-Callapino-Lopez.jpg\",\"articleSection\":[\"Opini\u00f3n\"],\"inLanguage\":\"es\",\"potentialAction\":[{\"@type\":\"CommentAction\",\"name\":\"Comment\",\"target\":[\"https:\\\/\\\/www.eldiario.net\\\/portal\\\/2024\\\/03\\\/12\\\/modificacion-de-calificaciones\\\/#respond\"]}]},{\"@type\":\"WebPage\",\"@id\":\"https:\\\/\\\/www.eldiario.net\\\/portal\\\/2024\\\/03\\\/12\\\/modificacion-de-calificaciones\\\/\",\"url\":\"https:\\\/\\\/www.eldiario.net\\\/portal\\\/2024\\\/03\\\/12\\\/modificacion-de-calificaciones\\\/\",\"name\":\"Modificaci\u00f3n de calificaciones - El Diario - Bolivia\",\"isPartOf\":{\"@id\":\"https:\\\/\\\/www.eldiario.net\\\/portal\\\/#website\"},\"primaryImageOfPage\":{\"@id\":\"https:\\\/\\\/www.eldiario.net\\\/portal\\\/2024\\\/03\\\/12\\\/modificacion-de-calificaciones\\\/#primaryimage\"},\"image\":{\"@id\":\"https:\\\/\\\/www.eldiario.net\\\/portal\\\/2024\\\/03\\\/12\\\/modificacion-de-calificaciones\\\/#primaryimage\"},\"thumbnailUrl\":\"https:\\\/\\\/www.eldiario.net\\\/portal\\\/wp-content\\\/uploads\\\/2023\\\/06\\\/Luis-Alberto-Callapino-Lopez.jpg\",\"datePublished\":\"2024-03-12T08:51:05+00:00\",\"breadcrumb\":{\"@id\":\"https:\\\/\\\/www.eldiario.net\\\/portal\\\/2024\\\/03\\\/12\\\/modificacion-de-calificaciones\\\/#breadcrumb\"},\"inLanguage\":\"es\",\"potentialAction\":[{\"@type\":\"ReadAction\",\"target\":[\"https:\\\/\\\/www.eldiario.net\\\/portal\\\/2024\\\/03\\\/12\\\/modificacion-de-calificaciones\\\/\"]}]},{\"@type\":\"ImageObject\",\"inLanguage\":\"es\",\"@id\":\"https:\\\/\\\/www.eldiario.net\\\/portal\\\/2024\\\/03\\\/12\\\/modificacion-de-calificaciones\\\/#primaryimage\",\"url\":\"https:\\\/\\\/www.eldiario.net\\\/portal\\\/wp-content\\\/uploads\\\/2023\\\/06\\\/Luis-Alberto-Callapino-Lopez.jpg\",\"contentUrl\":\"https:\\\/\\\/www.eldiario.net\\\/portal\\\/wp-content\\\/uploads\\\/2023\\\/06\\\/Luis-Alberto-Callapino-Lopez.jpg\",\"width\":1200,\"height\":628,\"caption\":\"Luis Alberto Callapino L\u00f3pez\"},{\"@type\":\"BreadcrumbList\",\"@id\":\"https:\\\/\\\/www.eldiario.net\\\/portal\\\/2024\\\/03\\\/12\\\/modificacion-de-calificaciones\\\/#breadcrumb\",\"itemListElement\":[{\"@type\":\"ListItem\",\"position\":1,\"name\":\"Portada\",\"item\":\"https:\\\/\\\/www.eldiario.net\\\/portal\\\/\"},{\"@type\":\"ListItem\",\"position\":2,\"name\":\"Modificaci\u00f3n de calificaciones\"}]},{\"@type\":\"WebSite\",\"@id\":\"https:\\\/\\\/www.eldiario.net\\\/portal\\\/#website\",\"url\":\"https:\\\/\\\/www.eldiario.net\\\/portal\\\/\",\"name\":\"El Diario - Decano de la prensa nacional\",\"description\":\"El Diario - Decano de la prensa nacional\",\"publisher\":{\"@id\":\"https:\\\/\\\/www.eldiario.net\\\/portal\\\/#organization\"},\"potentialAction\":[{\"@type\":\"SearchAction\",\"target\":{\"@type\":\"EntryPoint\",\"urlTemplate\":\"https:\\\/\\\/www.eldiario.net\\\/portal\\\/?s={search_term_string}\"},\"query-input\":{\"@type\":\"PropertyValueSpecification\",\"valueRequired\":true,\"valueName\":\"search_term_string\"}}],\"inLanguage\":\"es\"},{\"@type\":\"Organization\",\"@id\":\"https:\\\/\\\/www.eldiario.net\\\/portal\\\/#organization\",\"name\":\"El Diario - Decano de la prensa nacional\",\"url\":\"https:\\\/\\\/www.eldiario.net\\\/portal\\\/\",\"logo\":{\"@type\":\"ImageObject\",\"inLanguage\":\"es\",\"@id\":\"https:\\\/\\\/www.eldiario.net\\\/portal\\\/#\\\/schema\\\/logo\\\/image\\\/\",\"url\":\"https:\\\/\\\/www.eldiario.net\\\/portal\\\/wp-content\\\/uploads\\\/2023\\\/07\\\/logo_ED.jpg\",\"contentUrl\":\"https:\\\/\\\/www.eldiario.net\\\/portal\\\/wp-content\\\/uploads\\\/2023\\\/07\\\/logo_ED.jpg\",\"width\":272,\"height\":52,\"caption\":\"El Diario - Decano de la prensa nacional\"},\"image\":{\"@id\":\"https:\\\/\\\/www.eldiario.net\\\/portal\\\/#\\\/schema\\\/logo\\\/image\\\/\"},\"sameAs\":[\"https:\\\/\\\/www.facebook.com\\\/eldiario.bolivia\\\/\",\"https:\\\/\\\/x.com\\\/eldiario_net\"]},{\"@type\":\"Person\",\"@id\":\"https:\\\/\\\/www.eldiario.net\\\/portal\\\/#\\\/schema\\\/person\\\/2c57cf2b7a7ae032e449e4c9b1019eac\",\"name\":\"Jeanette\",\"image\":{\"@type\":\"ImageObject\",\"inLanguage\":\"es\",\"@id\":\"https:\\\/\\\/secure.gravatar.com\\\/avatar\\\/3ea2118a5f7dad2b7138b1187a6b7ee55f160b9968b66013c3a3ef39dd7e5798?s=96&d=mm&r=g\",\"url\":\"https:\\\/\\\/secure.gravatar.com\\\/avatar\\\/3ea2118a5f7dad2b7138b1187a6b7ee55f160b9968b66013c3a3ef39dd7e5798?s=96&d=mm&r=g\",\"contentUrl\":\"https:\\\/\\\/secure.gravatar.com\\\/avatar\\\/3ea2118a5f7dad2b7138b1187a6b7ee55f160b9968b66013c3a3ef39dd7e5798?s=96&d=mm&r=g\",\"caption\":\"Jeanette\"},\"sameAs\":[\"https:\\\/\\\/www.eldiario.net\\\/portal\"],\"url\":\"https:\\\/\\\/www.eldiario.net\\\/portal\\\/author\\\/jeanette\\\/\"}]}<\/script>\n<!-- \/ Yoast SEO plugin. -->","yoast_head_json":{"title":"Modificaci\u00f3n de calificaciones - El Diario - Bolivia","robots":{"index":"index","follow":"follow","max-snippet":"max-snippet:-1","max-image-preview":"max-image-preview:large","max-video-preview":"max-video-preview:-1"},"canonical":"https:\/\/www.eldiario.net\/portal\/2024\/03\/12\/modificacion-de-calificaciones\/","og_locale":"es_ES","og_type":"article","og_title":"Modificaci\u00f3n de calificaciones - El Diario - Bolivia","og_description":"En el marco del art\u00edculo 10, par\u00e1grafo II, inciso g), del Reglamento de Evaluaci\u00f3n de Desarrollo Curricular del Subsistema de Educaci\u00f3n Regular, aprobado mediante Resoluci\u00f3n Ministerial N\u00ba 0473\/2021 el 20 de agosto de 2021, los maestros tienen la responsabilidad de llenar las libretas escolares electr\u00f3nicas correspondientes a los tres trimestres. En el caso del nivel [&hellip;]","og_url":"https:\/\/www.eldiario.net\/portal\/2024\/03\/12\/modificacion-de-calificaciones\/","og_site_name":"El Diario - Bolivia","article_publisher":"https:\/\/www.facebook.com\/eldiario.bolivia\/","article_published_time":"2024-03-12T08:51:05+00:00","og_image":[{"width":1200,"height":628,"url":"https:\/\/www.eldiario.net\/portal\/wp-content\/uploads\/2023\/06\/Luis-Alberto-Callapino-Lopez.jpg","type":"image\/jpeg"}],"author":"Jeanette","twitter_card":"summary_large_image","twitter_creator":"@eldiario_net","twitter_site":"@eldiario_net","twitter_misc":{"Escrito por":"Jeanette","Tiempo de lectura":"3 minutos"},"schema":{"@context":"https:\/\/schema.org","@graph":[{"@type":"Article","@id":"https:\/\/www.eldiario.net\/portal\/2024\/03\/12\/modificacion-de-calificaciones\/#article","isPartOf":{"@id":"https:\/\/www.eldiario.net\/portal\/2024\/03\/12\/modificacion-de-calificaciones\/"},"author":{"name":"Jeanette","@id":"https:\/\/www.eldiario.net\/portal\/#\/schema\/person\/2c57cf2b7a7ae032e449e4c9b1019eac"},"headline":"Modificaci\u00f3n de calificaciones","datePublished":"2024-03-12T08:51:05+00:00","mainEntityOfPage":{"@id":"https:\/\/www.eldiario.net\/portal\/2024\/03\/12\/modificacion-de-calificaciones\/"},"wordCount":625,"commentCount":0,"publisher":{"@id":"https:\/\/www.eldiario.net\/portal\/#organization"},"image":{"@id":"https:\/\/www.eldiario.net\/portal\/2024\/03\/12\/modificacion-de-calificaciones\/#primaryimage"},"thumbnailUrl":"https:\/\/www.eldiario.net\/portal\/wp-content\/uploads\/2023\/06\/Luis-Alberto-Callapino-Lopez.jpg","articleSection":["Opini\u00f3n"],"inLanguage":"es","potentialAction":[{"@type":"CommentAction","name":"Comment","target":["https:\/\/www.eldiario.net\/portal\/2024\/03\/12\/modificacion-de-calificaciones\/#respond"]}]},{"@type":"WebPage","@id":"https:\/\/www.eldiario.net\/portal\/2024\/03\/12\/modificacion-de-calificaciones\/","url":"https:\/\/www.eldiario.net\/portal\/2024\/03\/12\/modificacion-de-calificaciones\/","name":"Modificaci\u00f3n de calificaciones - El Diario - Bolivia","isPartOf":{"@id":"https:\/\/www.eldiario.net\/portal\/#website"},"primaryImageOfPage":{"@id":"https:\/\/www.eldiario.net\/portal\/2024\/03\/12\/modificacion-de-calificaciones\/#primaryimage"},"image":{"@id":"https:\/\/www.eldiario.net\/portal\/2024\/03\/12\/modificacion-de-calificaciones\/#primaryimage"},"thumbnailUrl":"https:\/\/www.eldiario.net\/portal\/wp-content\/uploads\/2023\/06\/Luis-Alberto-Callapino-Lopez.jpg","datePublished":"2024-03-12T08:51:05+00:00","breadcrumb":{"@id":"https:\/\/www.eldiario.net\/portal\/2024\/03\/12\/modificacion-de-calificaciones\/#breadcrumb"},"inLanguage":"es","potentialAction":[{"@type":"ReadAction","target":["https:\/\/www.eldiario.net\/portal\/2024\/03\/12\/modificacion-de-calificaciones\/"]}]},{"@type":"ImageObject","inLanguage":"es","@id":"https:\/\/www.eldiario.net\/portal\/2024\/03\/12\/modificacion-de-calificaciones\/#primaryimage","url":"https:\/\/www.eldiario.net\/portal\/wp-content\/uploads\/2023\/06\/Luis-Alberto-Callapino-Lopez.jpg","contentUrl":"https:\/\/www.eldiario.net\/portal\/wp-content\/uploads\/2023\/06\/Luis-Alberto-Callapino-Lopez.jpg","width":1200,"height":628,"caption":"Luis Alberto Callapino L\u00f3pez"},{"@type":"BreadcrumbList","@id":"https:\/\/www.eldiario.net\/portal\/2024\/03\/12\/modificacion-de-calificaciones\/#breadcrumb","itemListElement":[{"@type":"ListItem","position":1,"name":"Portada","item":"https:\/\/www.eldiario.net\/portal\/"},{"@type":"ListItem","position":2,"name":"Modificaci\u00f3n de calificaciones"}]},{"@type":"WebSite","@id":"https:\/\/www.eldiario.net\/portal\/#website","url":"https:\/\/www.eldiario.net\/portal\/","name":"El Diario - Decano de la prensa nacional","description":"El Diario - Decano de la prensa nacional","publisher":{"@id":"https:\/\/www.eldiario.net\/portal\/#organization"},"potentialAction":[{"@type":"SearchAction","target":{"@type":"EntryPoint","urlTemplate":"https:\/\/www.eldiario.net\/portal\/?s={search_term_string}"},"query-input":{"@type":"PropertyValueSpecification","valueRequired":true,"valueName":"search_term_string"}}],"inLanguage":"es"},{"@type":"Organization","@id":"https:\/\/www.eldiario.net\/portal\/#organization","name":"El Diario - Decano de la prensa nacional","url":"https:\/\/www.eldiario.net\/portal\/","logo":{"@type":"ImageObject","inLanguage":"es","@id":"https:\/\/www.eldiario.net\/portal\/#\/schema\/logo\/image\/","url":"https:\/\/www.eldiario.net\/portal\/wp-content\/uploads\/2023\/07\/logo_ED.jpg","contentUrl":"https:\/\/www.eldiario.net\/portal\/wp-content\/uploads\/2023\/07\/logo_ED.jpg","width":272,"height":52,"caption":"El Diario - Decano de la prensa nacional"},"image":{"@id":"https:\/\/www.eldiario.net\/portal\/#\/schema\/logo\/image\/"},"sameAs":["https:\/\/www.facebook.com\/eldiario.bolivia\/","https:\/\/x.com\/eldiario_net"]},{"@type":"Person","@id":"https:\/\/www.eldiario.net\/portal\/#\/schema\/person\/2c57cf2b7a7ae032e449e4c9b1019eac","name":"Jeanette","image":{"@type":"ImageObject","inLanguage":"es","@id":"https:\/\/secure.gravatar.com\/avatar\/3ea2118a5f7dad2b7138b1187a6b7ee55f160b9968b66013c3a3ef39dd7e5798?s=96&d=mm&r=g","url":"https:\/\/secure.gravatar.com\/avatar\/3ea2118a5f7dad2b7138b1187a6b7ee55f160b9968b66013c3a3ef39dd7e5798?s=96&d=mm&r=g","contentUrl":"https:\/\/secure.gravatar.com\/avatar\/3ea2118a5f7dad2b7138b1187a6b7ee55f160b9968b66013c3a3ef39dd7e5798?s=96&d=mm&r=g","caption":"Jeanette"},"sameAs":["https:\/\/www.eldiario.net\/portal"],"url":"https:\/\/www.eldiario.net\/portal\/author\/jeanette\/"}]}},"_links":{"self":[{"href":"https:\/\/www.eldiario.net\/portal\/wp-json\/wp\/v2\/posts\/207729","targetHints":{"allow":["GET"]}}],"collection":[{"href":"https:\/\/www.eldiario.net\/portal\/wp-json\/wp\/v2\/posts"}],"about":[{"href":"https:\/\/www.eldiario.net\/portal\/wp-json\/wp\/v2\/types\/post"}],"author":[{"embeddable":true,"href":"https:\/\/www.eldiario.net\/portal\/wp-json\/wp\/v2\/users\/1"}],"replies":[{"embeddable":true,"href":"https:\/\/www.eldiario.net\/portal\/wp-json\/wp\/v2\/comments?post=207729"}],"version-history":[{"count":1,"href":"https:\/\/www.eldiario.net\/portal\/wp-json\/wp\/v2\/posts\/207729\/revisions"}],"predecessor-version":[{"id":207730,"href":"https:\/\/www.eldiario.net\/portal\/wp-json\/wp\/v2\/posts\/207729\/revisions\/207730"}],"wp:featuredmedia":[{"embeddable":true,"href":"https:\/\/www.eldiario.net\/portal\/wp-json\/wp\/v2\/media\/158615"}],"wp:attachment":[{"href":"https:\/\/www.eldiario.net\/portal\/wp-json\/wp\/v2\/media?parent=207729"}],"wp:term":[{"taxonomy":"category","embeddable":true,"href":"https:\/\/www.eldiario.net\/portal\/wp-json\/wp\/v2\/categories?post=207729"},{"taxonomy":"post_tag","embeddable":true,"href":"https:\/\/www.eldiario.net\/portal\/wp-json\/wp\/v2\/tags?post=207729"}],"curies":[{"name":"wp","href":"https:\/\/api.w.org\/{rel}","templated":true}]}}